{"id":29582,"date":"2024-09-06T07:30:48","date_gmt":"2024-09-06T05:30:48","guid":{"rendered":"https:\/\/www.organisator.ch\/?p=29582"},"modified":"2024-09-06T07:30:48","modified_gmt":"2024-09-06T05:30:48","slug":"agrotec-suisse-steigende-lehrlingszahlen-und-zufriedenheit","status":"publish","type":"post","link":"https:\/\/www.organisator.ch\/de\/weiterbildung\/2024-09-06\/agrotec-suisse-steigende-lehrlingszahlen-und-zufriedenheit\/","title":{"rendered":"Agrotec Suisse: Steigende Lehrlingszahlen und Zufriedenheit"},"content":{"rendered":"<figure id=\"attachment_29584\" aria-describedby=\"caption-attachment-29584\" style=\"width: 680px\" class=\"wp-caption alignnone\"><img loading=\"lazy\" decoding=\"async\" class=\"size-full wp-image-29584\" src=\"https:\/\/www.organisator.ch\/wp-content\/uploads\/2024\/09\/Agrotec-Suisse_Bild1_ps.jpg\" alt=\"\" width=\"680\" height=\"454\" srcset=\"https:\/\/www.organisator.ch\/wp-content\/uploads\/2024\/09\/Agrotec-Suisse_Bild1_ps.jpg 680w, https:\/\/www.organisator.ch\/wp-content\/uploads\/2024\/09\/Agrotec-Suisse_Bild1_ps-18x12.jpg 18w, https:\/\/www.organisator.ch\/wp-content\/uploads\/2024\/09\/Agrotec-Suisse_Bild1_ps-375x250.jpg 375w, https:\/\/www.organisator.ch\/wp-content\/uploads\/2024\/09\/Agrotec-Suisse_Bild1_ps-524x350.jpg 524w\" sizes=\"auto, (max-width: 680px) 100vw, 680px\" \/><figcaption id=\"caption-attachment-29584\" class=\"wp-caption-text\">Die Darstellung zeigt, welche Aspekte bewertet wurden und dass die Lernenden im Durchschnitt in allen Bereichen zufrieden sind. (Bild: www.agrotecsuisse.ch\/Mark Latzel)<\/figcaption><\/figure>\n<p>Agrotec Suisse hat k\u00fcrzlich die Ergebnisse der Lernendenumfrage 2024 ausgewertet. An der Umfrage haben 285 Auszubildende im vierten Lehrjahr teilgenommen. Zur Einordnung: Im sp\u00e4ter sattfindenden Qualifikationsverfahren absolvierten insgesamt 431 Lernende ihre Abschlusspr\u00fcfungen. Dies bedeutet, dass 66 % der Abschliessenden in den Berufen Landmaschinen-, Baumaschinen- und Motorger\u00e4temechaniker\/in an der Umfrage teilgenommen haben.<\/p>\n<p>Die Lernenden beantworteten Fragen dazu, wie sie sich f\u00fcr ihre Lehrstelle entschieden haben, ob die Lehre ihren Erwartungen entsprach und welche Pl\u00e4ne sie nach dem Abschluss haben. Die Ergebnisse sind sehr positiv f\u00fcr die Branche und bieten wertvolle Erkenntnisse f\u00fcr die weitere Optimierung der Ausbildung sowie f\u00fcr die Rekrutierung von neuen Lernenden.<\/p>\n<h3><strong>Die H\u00e4lfte bleibt im Betrieb <\/strong><\/h3>\n<p>Besonders erfreulich ist die Tatsache, dass rund die H\u00e4lfte der befragten Lernenden bereits vor dem Lehrabschluss wusste, dass sie im Lehrbetrieb weiterarbeiten werden. Dies unterstreicht das Vertrauen der Auszubildenden in die Branche und deren Ausbildungsbetriebe. Nur rund 17 % gaben an, das Arbeitsfeld wechseln zu wollen. Ein Grund, warum viele der jungen Berufsleute im Lehrbetrieb bleiben, k\u00f6nnte darin liegen, dass die Mehrheit mit dessen Leistungen weitgehend gl\u00fccklich ist.<\/p>\n<figure id=\"attachment_29583\" aria-describedby=\"caption-attachment-29583\" style=\"width: 680px\" class=\"wp-caption alignnone\"><img loading=\"lazy\" decoding=\"async\" class=\"size-full wp-image-29583\" src=\"https:\/\/www.organisator.ch\/wp-content\/uploads\/2024\/09\/Agrotec-Suisse_Bild2_ps.jpg\" alt=\"\" width=\"680\" height=\"328\" srcset=\"https:\/\/www.organisator.ch\/wp-content\/uploads\/2024\/09\/Agrotec-Suisse_Bild2_ps.jpg 680w, https:\/\/www.organisator.ch\/wp-content\/uploads\/2024\/09\/Agrotec-Suisse_Bild2_ps-18x9.jpg 18w, https:\/\/www.organisator.ch\/wp-content\/uploads\/2024\/09\/Agrotec-Suisse_Bild2_ps-375x181.jpg 375w\" sizes=\"auto, (max-width: 680px) 100vw, 680px\" \/><figcaption id=\"caption-attachment-29583\" class=\"wp-caption-text\">Die Darstellung zeigt, welche Aspekte bewertet wurden und dass die Lernenden im Durchschnitt in allen Bereichen zufrieden sind. (Bild: www.agrotecsuisse.ch)<\/figcaption><\/figure>\n<p>Diese Erkenntnisse stehen jedoch im Gegensatz zur Erfahrung vieler Betriebe, die Schwierigkeiten haben, qualifizierte Arbeitskr\u00e4fte zu finden. Daher l\u00e4sst sich vermuten, dass die Abwanderung in andere Branchen erst einige Zeit nach Abschluss der Berufslehre erfolgt.<\/p>\n<h3><strong>Berufsfachschule ist f\u00fcr Lernende \u00abanspruchsvoll\u00bb <\/strong><\/h3>\n<p>Im Rahmen der Grundbildungsrevision h\u00f6rt man oft, dass die Lernenden den Anforderungen nicht (mehr) entsprechen. Die Lernenden selbst beurteilen dies jedoch etwas anders: Lediglich 6 % beurteilen den Unterricht der Berufsfachschule als \u00abzu anspruchsvoll\u00bb. Die Mehrheit h\u00e4lt den Unterricht f\u00fcr \u00abanspruchsvoll\u00bb (61 %) oder \u00abgerade richtig\u00bb (23 %). Dies deutet darauf hin, dass das Niveau der Berufsfachschule zwar fordernd, aber angemessen ist. Die \u00fcberbetrieblichen Kurse wurden sogar noch positiver bewertet. Allerdings w\u00fcnscht sich die H\u00e4lfte der Befragten zus\u00e4tzliche Tage f\u00fcr diese Kurse.<\/p>\n<h3><strong>Messen weiterhin sehr wichtig f\u00fcr Berufswahl <\/strong><\/h3>\n<p>Zufriedene Lernende zu haben ist das eine, offene Lehrstellen zu besetzen das andere. Die letzten Jahre haben gezeigt, dass aufgrund geburtenschwacher Jahrg\u00e4nge das Angebot an Lehrstellen oft gr\u00f6sser ist als die Nachfrage \u2013 insbesondere in handwerklichen Berufen. Agrotec Suisse befindet sich in der vorteilhaften Lage, weiterhin steigende Lernendenzahlen zu verzeichnen. Doch angesichts aktueller demografischer und gesellschaftlicher Entwicklungen wird es auch in der Landtechnik zunehmend herausfordernder, gute Lernende zu finden. Daher ist es essenziell, schon jetzt die Weichen f\u00fcr eine starke Nachwuchsf\u00f6rderung zu stellen. So ist es eine wichtige Erkenntnis aus der Umfrage, dass sich die Lernenden bei der Berufsauswahl am meisten auf die Werbung in den sozialen Medien und gleich danach auf die Berufsmessen geachtet haben.<\/p>\n<h3><strong>Zwischenmenschliche Ebene ist entscheidend <\/strong><\/h3>\n<p>Sobald die Berufswahl konkreter wird, spielen die Schnupperlehre und Gespr\u00e4che mit Familienangeh\u00f6rigen eine entscheidende Rolle. Eine gute Erfahrung w\u00e4hrend der Schnupperlehre erweist sich als besonders wichtig. F\u00fcr die finale Wahl des Lehrbetriebs ist aus Sicht der Lernenden das Team am wichtigsten. Darauf folgen als Kriterien das Image des Betriebs und die N\u00e4he zum Wohnort.<\/p>\n<p>Die insgesamt sehr positive R\u00fcckmeldung zur Zufriedenheit der Lernenden best\u00e4tigt die hohe Qualit\u00e4t der Ausbildungsangebote. Agrotec Suisse wird die positiven Fakten in zuk\u00fcnftigen Kommunikationsmassnahmen hervorheben und die neuen Erkenntnisse daf\u00fcr nutzen, die Ausbildungsbedingungen und die Nachwuchskommunikation weiterhinzu optimieren.\u00a0<\/p>\n<p><em>Quelle: <a href=\"http:\/\/www.agrotecsuisse.ch\">www.agrotecsuisse.ch<\/a><\/em><\/p>\n","protected":false},"excerpt":{"rendered":"<p>Nachwuchsprobleme sind in vielen handwerklichen Branchen ein Thema. In diesem Zusammenhang bilden die Berufe Landmaschinen-, Baumaschinen- und Motorger\u00e4temechaniker\/in eine Ausnahme: Der Verband Agrotec Suisse befindet sich in der vorteilhaften Lage einen leichten Anstieg der Lernendenzahlen zu verzeichnen. Zudem zeigt die j\u00fcngste Umfrage unter den Lernenden eine bemerkenswerte Zufriedenheit mit der Ausbildung.<\/p>\n","protected":false},"author":58,"featured_media":29584,"comment_status":"closed","ping_status":"closed","sticky":false,"template":"","format":"standard","meta":{"_acf_changed":false,"_yoast_wpseo_focuskw":"Agrotec Suisse","_yoast_wpseo_metadesc":"Der Verband Agrotec Suisse befindet sich in der vorteilhaften Lage einen leichten Anstieg der Lernendenzahlen zu verzeichnen.","articlekey":"","footnotes":""},"categories":[30],"tags":[62,4461,487,492],"class_list":["post-29582","post","type-post","status-publish","format-standard","has-post-thumbnail","hentry","category-weiterbildung","tag-aus-weiterbildung","tag-lernende","tag-umfrage","tag-unternehmen"],"acf":[],"yoast_head":"<!-- This site is optimized with the Yoast SEO plugin v27.4 - https:\/\/yoast.com\/product\/yoast-seo-wordpress\/ -->\n<title>Agrotec Suisse: Steigende Lehrlingszahlen und Zufriedenheit - Organisator<\/title>\n<meta name=\"description\" content=\"Der Verband Agrotec Suisse befindet sich in der vorteilhaften Lage einen leichten Anstieg der Lernendenzahlen zu verzeichnen.\" \/>\n<meta name=\"robots\" content=\"index, follow, max-snippet:-1, max-image-preview:large, max-video-preview:-1\" \/>\n<link rel=\"canonical\" href=\"https:\/\/www.organisator.ch\/de\/weiterbildung\/2024-09-06\/agrotec-suisse-steigende-lehrlingszahlen-und-zufriedenheit\/\" \/>\n<meta property=\"og:locale\" content=\"de_DE\" \/>\n<meta property=\"og:type\" content=\"article\" \/>\n<meta property=\"og:title\" content=\"Agrotec Suisse: Steigende Lehrlingszahlen und Zufriedenheit\" \/>\n<meta property=\"og:description\" content=\"Der Verband Agrotec Suisse befindet sich in der vorteilhaften Lage einen leichten Anstieg der Lernendenzahlen zu verzeichnen.\" \/>\n<meta property=\"og:url\" content=\"https:\/\/www.organisator.ch\/de\/weiterbildung\/2024-09-06\/agrotec-suisse-steigende-lehrlingszahlen-und-zufriedenheit\/\" \/>\n<meta property=\"og:site_name\" content=\"Organisator\" \/>\n<meta property=\"article:publisher\" content=\"https:\/\/www.facebook.com\/OrganisatorFachmagazin\" \/>\n<meta property=\"article:published_time\" content=\"2024-09-06T05:30:48+00:00\" \/>\n<meta property=\"og:image\" content=\"https:\/\/www.organisator.ch\/wp-content\/uploads\/2024\/09\/Agrotec-Suisse_Bild1_ps.jpg\" \/>\n\t<meta property=\"og:image:width\" content=\"680\" \/>\n\t<meta property=\"og:image:height\" content=\"454\" \/>\n\t<meta property=\"og:image:type\" content=\"image\/jpeg\" \/>\n<meta name=\"author\" content=\"Adelisa Kalajdzini\" \/>\n<meta name=\"twitter:card\" content=\"summary_large_image\" \/>\n<meta name=\"twitter:title\" content=\"Agrotec Suisse: Steigende Lehrlingszahlen und Zufriedenheit\" \/>\n<meta name=\"twitter:description\" content=\"Der #Verband #Agrotec #Suisse befindet sich in der vorteilhaften Lage einen leichten #Anstieg der #Lernendenzahlen zu verzeichnen.\" \/>\n<meta name=\"twitter:image\" content=\"https:\/\/www.organisator.ch\/wp-content\/uploads\/2024\/09\/Agrotec-Suisse_Bild1_ps.jpg\" \/>\n<script type=\"application\/ld+json\" class=\"yoast-schema-graph\">{\"@context\":\"https:\\\/\\\/schema.org\",\"@graph\":[{\"@type\":\"Article\",\"@id\":\"https:\\\/\\\/www.organisator.ch\\\/weiterbildung\\\/2024-09-06\\\/agrotec-suisse-steigende-lehrlingszahlen-und-zufriedenheit\\\/#article\",\"isPartOf\":{\"@id\":\"https:\\\/\\\/www.organisator.ch\\\/weiterbildung\\\/2024-09-06\\\/agrotec-suisse-steigende-lehrlingszahlen-und-zufriedenheit\\\/\"},\"author\":{\"name\":\"Adelisa Kalajdzini\",\"@id\":\"https:\\\/\\\/www.organisator.ch\\\/#\\\/schema\\\/person\\\/2e1314a2172123f874db408d8911d3f3\"},\"headline\":\"Agrotec Suisse: Steigende Lehrlingszahlen und Zufriedenheit\",\"datePublished\":\"2024-09-06T05:30:48+00:00\",\"mainEntityOfPage\":{\"@id\":\"https:\\\/\\\/www.organisator.ch\\\/weiterbildung\\\/2024-09-06\\\/agrotec-suisse-steigende-lehrlingszahlen-und-zufriedenheit\\\/\"},\"wordCount\":611,\"publisher\":{\"@id\":\"https:\\\/\\\/www.organisator.ch\\\/#organization\"},\"image\":{\"@id\":\"https:\\\/\\\/www.organisator.ch\\\/weiterbildung\\\/2024-09-06\\\/agrotec-suisse-steigende-lehrlingszahlen-und-zufriedenheit\\\/#primaryimage\"},\"thumbnailUrl\":\"https:\\\/\\\/www.organisator.ch\\\/wp-content\\\/uploads\\\/2024\\\/09\\\/Agrotec-Suisse_Bild1_ps.jpg\",\"keywords\":[\"Aus-\\\/Weiterbildung\",\"Lernende\",\"Umfrage\",\"Unternehmen\"],\"articleSection\":[\"WEITERBILDUNG\"],\"inLanguage\":\"de\"},{\"@type\":\"WebPage\",\"@id\":\"https:\\\/\\\/www.organisator.ch\\\/weiterbildung\\\/2024-09-06\\\/agrotec-suisse-steigende-lehrlingszahlen-und-zufriedenheit\\\/\",\"url\":\"https:\\\/\\\/www.organisator.ch\\\/weiterbildung\\\/2024-09-06\\\/agrotec-suisse-steigende-lehrlingszahlen-und-zufriedenheit\\\/\",\"name\":\"Agrotec Suisse: Steigende Lehrlingszahlen und Zufriedenheit - Organisator\",\"isPartOf\":{\"@id\":\"https:\\\/\\\/www.organisator.ch\\\/#website\"},\"primaryImageOfPage\":{\"@id\":\"https:\\\/\\\/www.organisator.ch\\\/weiterbildung\\\/2024-09-06\\\/agrotec-suisse-steigende-lehrlingszahlen-und-zufriedenheit\\\/#primaryimage\"},\"image\":{\"@id\":\"https:\\\/\\\/www.organisator.ch\\\/weiterbildung\\\/2024-09-06\\\/agrotec-suisse-steigende-lehrlingszahlen-und-zufriedenheit\\\/#primaryimage\"},\"thumbnailUrl\":\"https:\\\/\\\/www.organisator.ch\\\/wp-content\\\/uploads\\\/2024\\\/09\\\/Agrotec-Suisse_Bild1_ps.jpg\",\"datePublished\":\"2024-09-06T05:30:48+00:00\",\"description\":\"Der Verband Agrotec Suisse befindet sich in der vorteilhaften Lage einen leichten Anstieg der Lernendenzahlen zu verzeichnen.\",\"breadcrumb\":{\"@id\":\"https:\\\/\\\/www.organisator.ch\\\/weiterbildung\\\/2024-09-06\\\/agrotec-suisse-steigende-lehrlingszahlen-und-zufriedenheit\\\/#breadcrumb\"},\"inLanguage\":\"de\",\"potentialAction\":[{\"@type\":\"ReadAction\",\"target\":[\"https:\\\/\\\/www.organisator.ch\\\/weiterbildung\\\/2024-09-06\\\/agrotec-suisse-steigende-lehrlingszahlen-und-zufriedenheit\\\/\"]}]},{\"@type\":\"ImageObject\",\"inLanguage\":\"de\",\"@id\":\"https:\\\/\\\/www.organisator.ch\\\/weiterbildung\\\/2024-09-06\\\/agrotec-suisse-steigende-lehrlingszahlen-und-zufriedenheit\\\/#primaryimage\",\"url\":\"https:\\\/\\\/www.organisator.ch\\\/wp-content\\\/uploads\\\/2024\\\/09\\\/Agrotec-Suisse_Bild1_ps.jpg\",\"contentUrl\":\"https:\\\/\\\/www.organisator.ch\\\/wp-content\\\/uploads\\\/2024\\\/09\\\/Agrotec-Suisse_Bild1_ps.jpg\",\"width\":680,\"height\":454,\"caption\":\"Die Darstellung zeigt, welche Aspekte bewertet wurden und dass die Lernenden im Durchschnitt in allen Bereichen zufrieden sind. (Bild: www.agrotecsuisse.ch\\\/Mark Latzel)\"},{\"@type\":\"BreadcrumbList\",\"@id\":\"https:\\\/\\\/www.organisator.ch\\\/weiterbildung\\\/2024-09-06\\\/agrotec-suisse-steigende-lehrlingszahlen-und-zufriedenheit\\\/#breadcrumb\",\"itemListElement\":[{\"@type\":\"ListItem\",\"position\":1,\"name\":\"Home\",\"item\":\"https:\\\/\\\/www.organisator.ch\\\/\"},{\"@type\":\"ListItem\",\"position\":2,\"name\":\"Agrotec Suisse: Steigende Lehrlingszahlen und Zufriedenheit\"}]},{\"@type\":\"WebSite\",\"@id\":\"https:\\\/\\\/www.organisator.ch\\\/#website\",\"url\":\"https:\\\/\\\/www.organisator.ch\\\/\",\"name\":\"Organisator\",\"description\":\"Kompetent. Praxisnah. Der ORGANISATOR bereitet in 10 Ausgaben pro Jahr die wesentlichen Themen f\u00fcr F\u00fchrungskr\u00e4fte von KMU auf.\",\"publisher\":{\"@id\":\"https:\\\/\\\/www.organisator.ch\\\/#organization\"},\"potentialAction\":[{\"@type\":\"SearchAction\",\"target\":{\"@type\":\"EntryPoint\",\"urlTemplate\":\"https:\\\/\\\/www.organisator.ch\\\/?s={search_term_string}\"},\"query-input\":{\"@type\":\"PropertyValueSpecification\",\"valueRequired\":true,\"valueName\":\"search_term_string\"}}],\"inLanguage\":\"de\"},{\"@type\":\"Organization\",\"@id\":\"https:\\\/\\\/www.organisator.ch\\\/#organization\",\"name\":\"Organisator\",\"url\":\"https:\\\/\\\/www.organisator.ch\\\/\",\"logo\":{\"@type\":\"ImageObject\",\"inLanguage\":\"de\",\"@id\":\"https:\\\/\\\/www.organisator.ch\\\/#\\\/schema\\\/logo\\\/image\\\/\",\"url\":\"https:\\\/\\\/www.organisator.ch\\\/wp-content\\\/uploads\\\/2022\\\/01\\\/Logo_Organisator_Website.png\",\"contentUrl\":\"https:\\\/\\\/www.organisator.ch\\\/wp-content\\\/uploads\\\/2022\\\/01\\\/Logo_Organisator_Website.png\",\"width\":800,\"height\":77,\"caption\":\"Organisator\"},\"image\":{\"@id\":\"https:\\\/\\\/www.organisator.ch\\\/#\\\/schema\\\/logo\\\/image\\\/\"},\"sameAs\":[\"https:\\\/\\\/www.facebook.com\\\/OrganisatorFachmagazin\",\"https:\\\/\\\/www.linkedin.com\\\/showcase\\\/organisator-das-magazin-fr-kmu\",\"https:\\\/\\\/www.xing.com\\\/news\\\/pages\\\/organisator-ch-695\",\"https:\\\/\\\/www.youtube.com\\\/channel\\\/UCGP2Sq0iWaZwT3BdIAQFYpw\"]},{\"@type\":\"Person\",\"@id\":\"https:\\\/\\\/www.organisator.ch\\\/#\\\/schema\\\/person\\\/2e1314a2172123f874db408d8911d3f3\",\"name\":\"Adelisa Kalajdzini\",\"image\":{\"@type\":\"ImageObject\",\"inLanguage\":\"de\",\"@id\":\"https:\\\/\\\/secure.gravatar.com\\\/avatar\\\/09a397c22ac58cad6f160ee8306348599df9df58a8ede73696226897b9fa4b24?s=96&d=mm&r=g\",\"url\":\"https:\\\/\\\/secure.gravatar.com\\\/avatar\\\/09a397c22ac58cad6f160ee8306348599df9df58a8ede73696226897b9fa4b24?s=96&d=mm&r=g\",\"contentUrl\":\"https:\\\/\\\/secure.gravatar.com\\\/avatar\\\/09a397c22ac58cad6f160ee8306348599df9df58a8ede73696226897b9fa4b24?s=96&d=mm&r=g\",\"caption\":\"Adelisa Kalajdzini\"},\"url\":\"https:\\\/\\\/www.organisator.ch\\\/de\\\/author\\\/adelisa-kalajdzini\\\/\"}]}<\/script>\n<!-- \/ Yoast SEO plugin. -->","yoast_head_json":{"title":"Agrotec Suisse: Steigende Lehrlingszahlen und Zufriedenheit - Organisator","description":"Der Verband Agrotec Suisse befindet sich in der vorteilhaften Lage einen leichten Anstieg der Lernendenzahlen zu verzeichnen.","robots":{"index":"index","follow":"follow","max-snippet":"max-snippet:-1","max-image-preview":"max-image-preview:large","max-video-preview":"max-video-preview:-1"},"canonical":"https:\/\/www.organisator.ch\/de\/weiterbildung\/2024-09-06\/agrotec-suisse-steigende-lehrlingszahlen-und-zufriedenheit\/","og_locale":"de_DE","og_type":"article","og_title":"Agrotec Suisse: Steigende Lehrlingszahlen und Zufriedenheit","og_description":"Der Verband Agrotec Suisse befindet sich in der vorteilhaften Lage einen leichten Anstieg der Lernendenzahlen zu verzeichnen.","og_url":"https:\/\/www.organisator.ch\/de\/weiterbildung\/2024-09-06\/agrotec-suisse-steigende-lehrlingszahlen-und-zufriedenheit\/","og_site_name":"Organisator","article_publisher":"https:\/\/www.facebook.com\/OrganisatorFachmagazin","article_published_time":"2024-09-06T05:30:48+00:00","og_image":[{"width":680,"height":454,"url":"https:\/\/www.organisator.ch\/wp-content\/uploads\/2024\/09\/Agrotec-Suisse_Bild1_ps.jpg","type":"image\/jpeg"}],"author":"Adelisa Kalajdzini","twitter_card":"summary_large_image","twitter_title":"Agrotec Suisse: Steigende Lehrlingszahlen und Zufriedenheit","twitter_description":"Der #Verband #Agrotec #Suisse befindet sich in der vorteilhaften Lage einen leichten #Anstieg der #Lernendenzahlen zu verzeichnen.","twitter_image":"https:\/\/www.organisator.ch\/wp-content\/uploads\/2024\/09\/Agrotec-Suisse_Bild1_ps.jpg","schema":{"@context":"https:\/\/schema.org","@graph":[{"@type":"Article","@id":"https:\/\/www.organisator.ch\/weiterbildung\/2024-09-06\/agrotec-suisse-steigende-lehrlingszahlen-und-zufriedenheit\/#article","isPartOf":{"@id":"https:\/\/www.organisator.ch\/weiterbildung\/2024-09-06\/agrotec-suisse-steigende-lehrlingszahlen-und-zufriedenheit\/"},"author":{"name":"Adelisa Kalajdzini","@id":"https:\/\/www.organisator.ch\/#\/schema\/person\/2e1314a2172123f874db408d8911d3f3"},"headline":"Agrotec Suisse: Steigende Lehrlingszahlen und Zufriedenheit","datePublished":"2024-09-06T05:30:48+00:00","mainEntityOfPage":{"@id":"https:\/\/www.organisator.ch\/weiterbildung\/2024-09-06\/agrotec-suisse-steigende-lehrlingszahlen-und-zufriedenheit\/"},"wordCount":611,"publisher":{"@id":"https:\/\/www.organisator.ch\/#organization"},"image":{"@id":"https:\/\/www.organisator.ch\/weiterbildung\/2024-09-06\/agrotec-suisse-steigende-lehrlingszahlen-und-zufriedenheit\/#primaryimage"},"thumbnailUrl":"https:\/\/www.organisator.ch\/wp-content\/uploads\/2024\/09\/Agrotec-Suisse_Bild1_ps.jpg","keywords":["Aus-\/Weiterbildung","Lernende","Umfrage","Unternehmen"],"articleSection":["WEITERBILDUNG"],"inLanguage":"de"},{"@type":"WebPage","@id":"https:\/\/www.organisator.ch\/weiterbildung\/2024-09-06\/agrotec-suisse-steigende-lehrlingszahlen-und-zufriedenheit\/","url":"https:\/\/www.organisator.ch\/weiterbildung\/2024-09-06\/agrotec-suisse-steigende-lehrlingszahlen-und-zufriedenheit\/","name":"Agrotec Suisse: Steigende Lehrlingszahlen und Zufriedenheit - Organisator","isPartOf":{"@id":"https:\/\/www.organisator.ch\/#website"},"primaryImageOfPage":{"@id":"https:\/\/www.organisator.ch\/weiterbildung\/2024-09-06\/agrotec-suisse-steigende-lehrlingszahlen-und-zufriedenheit\/#primaryimage"},"image":{"@id":"https:\/\/www.organisator.ch\/weiterbildung\/2024-09-06\/agrotec-suisse-steigende-lehrlingszahlen-und-zufriedenheit\/#primaryimage"},"thumbnailUrl":"https:\/\/www.organisator.ch\/wp-content\/uploads\/2024\/09\/Agrotec-Suisse_Bild1_ps.jpg","datePublished":"2024-09-06T05:30:48+00:00","description":"Der Verband Agrotec Suisse befindet sich in der vorteilhaften Lage einen leichten Anstieg der Lernendenzahlen zu verzeichnen.","breadcrumb":{"@id":"https:\/\/www.organisator.ch\/weiterbildung\/2024-09-06\/agrotec-suisse-steigende-lehrlingszahlen-und-zufriedenheit\/#breadcrumb"},"inLanguage":"de","potentialAction":[{"@type":"ReadAction","target":["https:\/\/www.organisator.ch\/weiterbildung\/2024-09-06\/agrotec-suisse-steigende-lehrlingszahlen-und-zufriedenheit\/"]}]},{"@type":"ImageObject","inLanguage":"de","@id":"https:\/\/www.organisator.ch\/weiterbildung\/2024-09-06\/agrotec-suisse-steigende-lehrlingszahlen-und-zufriedenheit\/#primaryimage","url":"https:\/\/www.organisator.ch\/wp-content\/uploads\/2024\/09\/Agrotec-Suisse_Bild1_ps.jpg","contentUrl":"https:\/\/www.organisator.ch\/wp-content\/uploads\/2024\/09\/Agrotec-Suisse_Bild1_ps.jpg","width":680,"height":454,"caption":"Die Darstellung zeigt, welche Aspekte bewertet wurden und dass die Lernenden im Durchschnitt in allen Bereichen zufrieden sind. (Bild: www.agrotecsuisse.ch\/Mark Latzel)"},{"@type":"BreadcrumbList","@id":"https:\/\/www.organisator.ch\/weiterbildung\/2024-09-06\/agrotec-suisse-steigende-lehrlingszahlen-und-zufriedenheit\/#breadcrumb","itemListElement":[{"@type":"ListItem","position":1,"name":"Home","item":"https:\/\/www.organisator.ch\/"},{"@type":"ListItem","position":2,"name":"Agrotec Suisse: Steigende Lehrlingszahlen und Zufriedenheit"}]},{"@type":"WebSite","@id":"https:\/\/www.organisator.ch\/#website","url":"https:\/\/www.organisator.ch\/","name":"Organisator","description":"Kompetent. Praxisnah. Der ORGANISATOR bereitet in 10 Ausgaben pro Jahr die wesentlichen Themen f\u00fcr F\u00fchrungskr\u00e4fte von KMU auf.","publisher":{"@id":"https:\/\/www.organisator.ch\/#organization"},"potentialAction":[{"@type":"SearchAction","target":{"@type":"EntryPoint","urlTemplate":"https:\/\/www.organisator.ch\/?s={search_term_string}"},"query-input":{"@type":"PropertyValueSpecification","valueRequired":true,"valueName":"search_term_string"}}],"inLanguage":"de"},{"@type":"Organization","@id":"https:\/\/www.organisator.ch\/#organization","name":"Organisator","url":"https:\/\/www.organisator.ch\/","logo":{"@type":"ImageObject","inLanguage":"de","@id":"https:\/\/www.organisator.ch\/#\/schema\/logo\/image\/","url":"https:\/\/www.organisator.ch\/wp-content\/uploads\/2022\/01\/Logo_Organisator_Website.png","contentUrl":"https:\/\/www.organisator.ch\/wp-content\/uploads\/2022\/01\/Logo_Organisator_Website.png","width":800,"height":77,"caption":"Organisator"},"image":{"@id":"https:\/\/www.organisator.ch\/#\/schema\/logo\/image\/"},"sameAs":["https:\/\/www.facebook.com\/OrganisatorFachmagazin","https:\/\/www.linkedin.com\/showcase\/organisator-das-magazin-fr-kmu","https:\/\/www.xing.com\/news\/pages\/organisator-ch-695","https:\/\/www.youtube.com\/channel\/UCGP2Sq0iWaZwT3BdIAQFYpw"]},{"@type":"Person","@id":"https:\/\/www.organisator.ch\/#\/schema\/person\/2e1314a2172123f874db408d8911d3f3","name":"Adelisa Kalajdzini","image":{"@type":"ImageObject","inLanguage":"de","@id":"https:\/\/secure.gravatar.com\/avatar\/09a397c22ac58cad6f160ee8306348599df9df58a8ede73696226897b9fa4b24?s=96&d=mm&r=g","url":"https:\/\/secure.gravatar.com\/avatar\/09a397c22ac58cad6f160ee8306348599df9df58a8ede73696226897b9fa4b24?s=96&d=mm&r=g","contentUrl":"https:\/\/secure.gravatar.com\/avatar\/09a397c22ac58cad6f160ee8306348599df9df58a8ede73696226897b9fa4b24?s=96&d=mm&r=g","caption":"Adelisa Kalajdzini"},"url":"https:\/\/www.organisator.ch\/de\/author\/adelisa-kalajdzini\/"}]}},"_links":{"self":[{"href":"https:\/\/www.organisator.ch\/de\/wp-json\/wp\/v2\/posts\/29582","targetHints":{"allow":["GET"]}}],"collection":[{"href":"https:\/\/www.organisator.ch\/de\/wp-json\/wp\/v2\/posts"}],"about":[{"href":"https:\/\/www.organisator.ch\/de\/wp-json\/wp\/v2\/types\/post"}],"author":[{"embeddable":true,"href":"https:\/\/www.organisator.ch\/de\/wp-json\/wp\/v2\/users\/58"}],"replies":[{"embeddable":true,"href":"https:\/\/www.organisator.ch\/de\/wp-json\/wp\/v2\/comments?post=29582"}],"version-history":[{"count":4,"href":"https:\/\/www.organisator.ch\/de\/wp-json\/wp\/v2\/posts\/29582\/revisions"}],"predecessor-version":[{"id":29631,"href":"https:\/\/www.organisator.ch\/de\/wp-json\/wp\/v2\/posts\/29582\/revisions\/29631"}],"wp:featuredmedia":[{"embeddable":true,"href":"https:\/\/www.organisator.ch\/de\/wp-json\/wp\/v2\/media\/29584"}],"wp:attachment":[{"href":"https:\/\/www.organisator.ch\/de\/wp-json\/wp\/v2\/media?parent=29582"}],"wp:term":[{"taxonomy":"category","embeddable":true,"href":"https:\/\/www.organisator.ch\/de\/wp-json\/wp\/v2\/categories?post=29582"},{"taxonomy":"post_tag","embeddable":true,"href":"https:\/\/www.organisator.ch\/de\/wp-json\/wp\/v2\/tags?post=29582"}],"curies":[{"name":"wp","href":"https:\/\/api.w.org\/{rel}","templated":true}]}}