{"id":29586,"date":"2024-09-06T04:40:48","date_gmt":"2024-09-06T02:40:48","guid":{"rendered":"https:\/\/www.markt-kom.com\/?p=222833"},"modified":"2024-11-08T11:48:59","modified_gmt":"2024-11-08T10:48:59","slug":"ein-guter-zeitpunkt-fuer-neue-themenfonds-jetzt","status":"publish","type":"post","link":"https:\/\/www.organisator.ch\/de\/marketing\/2024-09-06\/ein-guter-zeitpunkt-fuer-neue-themenfonds-jetzt\/","title":{"rendered":"\u00abEin guter Zeitpunkt f\u00fcr neue Themenfonds: Jetzt.\u00bb"},"content":{"rendered":"<p><img class=\"alignnone wp-image-222880 size-full\" src=\"https:\/\/www.markt-kom.com\/wp-content\/uploads\/2024\/09\/Swisscanto_Header.png\" alt=\"Themenfonds\" width=\"2016\" height=\"941\" \/><\/p>\r\n<p class=\"p1\">Swisscanto erweitert im September ihre Fonds-Palette um drei neue nachhaltige Themenfonds \u00abCircular Economy\u00bb, \u00abDigital Economy\u00bb und \u00abHealthy Longevity\u00bb \u2013 diese erg\u00e4nzen die langj\u00e4hrigen und bei Kund:innen beliebten Sustainable Fonds \u00abWater\u00bb und \u00abClimate\u00bb. Damit will Swisscanto gem\u00e4ss einer Medienmitteilung ihre Positionierung als Anbieterin von innovativen, performance-starken aktiv gemanagten Fonds und Vorsorgel\u00f6sungen mit \u00ab100% Swiss made Asset Management\u00bb st\u00e4rken. Die Themenfonds fokussieren jeweils auf Investitionen in Unternehmen mit \u00fcberdurchschnittlichen Wachstumschancen, die ein Nachhaltigkeitsproblem angehen und damit \u00abzu einem besseren Morgen beitragen k\u00f6nnen\u00bb.<\/p>\r\n<p class=\"p1\">Gemeinsam mit TBWA wurde f\u00fcr Swisscanto in Zusammenarbeit mit der Z\u00fcrcher Kantonalbank ein neues, kreatives und f\u00fcr mehrere L\u00e4nderm\u00e4rkte anwendbares Dachkonzept f\u00fcr die Kommunikation unterschiedlicher Produktsegmente erarbeitet. Im Anschluss an diese strategische Grundlagenarbeit wurde f\u00fcr die Lancierung neuer Themenfonds eine neue B2B\/C Kampagne entwickelt. Entstanden sind f\u00fcnf Sujets mit verschiedenen Pers\u00f6nlichkeiten, die jeweils in einem zum Fonds passenden Umfeld den symbolischen Schritt nach vorne machen und dabei die Frage stellen: \u00abWarum nicht jetzt?\u00bb. Diese Sujets sind seit September auf den unterschiedlichsten Mediakan\u00e4len sowie auch als Moving Stills f\u00fcr das Sponsoring der TV-Sendung \u00abSRF B\u00f6rse\u00bb zu sehen.<\/p>\r\n<p><img class=\"alignnone wp-image-222881 size-full\" src=\"https:\/\/www.markt-kom.com\/wp-content\/uploads\/2024\/09\/Swisscanto_Bild2.png\" alt=\"\" width=\"1408\" height=\"996\" \/><\/p>\r\n<h3 class=\"p1\"><b>\u00abLicht aus\u00bb zum Kampagnen-Auftakt der Swisscanto Themenfonds<\/b><\/h3>\r\n<p class=\"p1\">Webrepublic erarbeitete basierend auf einer gezielten Zielgruppenanalyse eine massgeschneiderte Mediastrategie. Diese erm\u00f6glicht eine optimale Platzierung der Botschaften von Swisscanto in den relevanten Zielm\u00e4rkten Schweiz, Deutschland und Italien entlang unterschiedlicher Stufen im Sales Funnel. Ein besonderer Fokus liegt dabei auf digitalen Kan\u00e4len wie LinkedIn und f\u00fchrenden News-Plattformen im Finanz- und Wirtschaftsbereich. Erg\u00e4nzt wird der Media Mix durch Publi-Reportagen, die in allen drei L\u00e4nderm\u00e4rkten publiziert werden, um die Reichweite zu maximieren. Bei der Bildbearbeitung, Gestaltung der Layouts und Erstellung der Werbemittel wurde die Z\u00fcrcher Kantonalbank von blish unterst\u00fctzt.<\/p>\r\n<p class=\"p1\">Ein Highlight der Kampagne ist der Media-Stunt zum Auftakt der Kampagne: Im Rahmen der \u00abEarth Night\u00bb werden am Freitag, 6. September, zugunsten der Umwelt die Lichter gel\u00f6scht. Swisscanto begleitete diese Aktion und dunkelt mittels Brand Days die f\u00fchrenden Wirtschafts-Plattformen in der Schweiz, Deutschland und Italien ein.<\/p>\r\n<p class=\"p1\">Parallel dazu sorgt Swisscanto mit einem kreativen Social Stunt f\u00fcr Aufsehen, der Mitte September in allen drei L\u00e4ndern auf LinkedIn ver\u00f6ffentlicht wird \u2013 mit dem Ziel, Swisscanto als innovative und nachhaltige Playerin im Fondsbereich zu positionieren. Dabei verwandelt sich das Hauptgeb\u00e4ude der Z\u00fcrcher Kantonalbank am Paradeplatz virtuell und dank CGI (Computer Generated Imagery) in eine bunte Blumenoase \u2013 eine eindrucksvolle Metapher unter dem Motto \u00abDas Portfolio und die Umwelt aufbl\u00fchen lassen\u00bb. Mit viel Kreativit\u00e4t r\u00fcckt Swisscanto das Thema Nachhaltigkeit auf spielerische Weise in den Vordergrund.<\/p>\r\n<hr \/>\r\n<p class=\"p1\"><b>Verantwortlich bei der Z\u00fcrcher Kantonalbank (Kampagne):<\/b> Jan-Hendrik V\u00f6lker-Albert, Melania Molinari, Bernhard Gschwandtner, Dominik Streich, Sandro Moccetti. <b>Verantwortlich bei TBWA\\Z\u00fcrich (Kreation):<\/b> Manuel Wenzel, Angelo Sciullo, Naomi Gulla, Selina Engeli, Claudia Sigg, Sina Gelin, Toni Rubera. <b>Verantwortlich bei TBWA VIDO (Production):<\/b> Stefanie Bereiter, Domenico Catena, Fabrice Studer, Maurice Haas. <b>Verantwortlich bei Webrepublic (Media):<\/b> Amanda Possa, Kevin Haab, Sandra Fischer, Andrea Giovanoli, Javier Sanchez, Chiara Naunheim, Beatrice Krischan. <b>Verantwortlich bei blish (Realisation):<\/b> Jlona Kopf, Jana Weber, Fabrizio Rutishauser, Rebecca Gerritsen, Jessica Kottmeyer, Roman Aebi, Martin Sautter, Jasmin Knecht.<\/p>","protected":false},"excerpt":{"rendered":"<p>Swisscanto positioniert sich mit einer ambitionierten Lancierungskampagne als Markt- und Themenf\u00fchrerin f\u00fcr nachhaltige Themenfonds. Die Produktmarke Swisscanto pr\u00e4sentiert sich dabei seit Anfang September in einem neuen Kleid.<\/p>\n","protected":false},"author":8,"featured_media":0,"comment_status":"closed","ping_status":"closed","sticky":false,"template":"","format":"standard","meta":{"_acf_changed":false,"_yoast_wpseo_focuskw":"Themenfonds","_yoast_wpseo_metadesc":"Swisscanto lanciert drei neue nachhaltige Themenfonds: Circular Economy, Digital Economy und Healthy Longevity.","articlekey":"","footnotes":""},"categories":[29],"tags":[4462,3197,4343,4463,3422,4464,2837,2605,4465],"class_list":["post-29586","post","type-post","status-publish","format-standard","hentry","category-marketing","tag-blish","tag-kampagnen","tag-markom","tag-swisscanto","tag-tbwa-vido","tag-tbwazuerich","tag-webrepublic","tag-zkb","tag-zuercher-kantonalbank"],"acf":[],"yoast_head":"<!-- This site is optimized with the Yoast SEO plugin v27.4 - https:\/\/yoast.com\/product\/yoast-seo-wordpress\/ -->\n<title>\u00abEin guter Zeitpunkt f\u00fcr neue Themenfonds: Jetzt.\u00bb - Organisator<\/title>\n<meta name=\"description\" content=\"Swisscanto lanciert drei neue nachhaltige Themenfonds: Circular Economy, Digital Economy und Healthy Longevity.\" \/>\n<meta name=\"robots\" content=\"index, follow, max-snippet:-1, max-image-preview:large, max-video-preview:-1\" \/>\n<link rel=\"canonical\" href=\"https:\/\/www.organisator.ch\/de\/marketing\/2024-09-06\/ein-guter-zeitpunkt-fuer-neue-themenfonds-jetzt\/\" \/>\n<meta property=\"og:locale\" content=\"de_DE\" \/>\n<meta property=\"og:type\" content=\"article\" \/>\n<meta property=\"og:title\" content=\"\u00abEin guter Zeitpunkt f\u00fcr neue Themenfonds: Jetzt.\u00bb - Organisator\" \/>\n<meta property=\"og:description\" content=\"Swisscanto lanciert drei neue nachhaltige Themenfonds: Circular Economy, Digital Economy und Healthy Longevity.\" \/>\n<meta property=\"og:url\" content=\"https:\/\/www.organisator.ch\/de\/marketing\/2024-09-06\/ein-guter-zeitpunkt-fuer-neue-themenfonds-jetzt\/\" \/>\n<meta property=\"og:site_name\" content=\"Organisator\" \/>\n<meta property=\"article:publisher\" content=\"https:\/\/www.facebook.com\/OrganisatorFachmagazin\" \/>\n<meta property=\"article:published_time\" content=\"2024-09-06T02:40:48+00:00\" \/>\n<meta property=\"article:modified_time\" content=\"2024-11-08T10:48:59+00:00\" \/>\n<meta property=\"og:image\" content=\"https:\/\/www.markt-kom.com\/wp-content\/uploads\/2024\/09\/Swisscanto_Header.png\" \/>\n<meta name=\"author\" content=\"galledia\" \/>\n<meta name=\"twitter:card\" content=\"summary_large_image\" \/>\n<meta name=\"twitter:creator\" content=\"@admin\" \/>\n<script type=\"application\/ld+json\" class=\"yoast-schema-graph\">{\"@context\":\"https:\\\/\\\/schema.org\",\"@graph\":[{\"@type\":\"Article\",\"@id\":\"https:\\\/\\\/www.organisator.ch\\\/marketing\\\/2024-09-06\\\/ein-guter-zeitpunkt-fuer-neue-themenfonds-jetzt\\\/#article\",\"isPartOf\":{\"@id\":\"https:\\\/\\\/www.organisator.ch\\\/marketing\\\/2024-09-06\\\/ein-guter-zeitpunkt-fuer-neue-themenfonds-jetzt\\\/\"},\"author\":{\"name\":\"galledia\",\"@id\":\"https:\\\/\\\/www.organisator.ch\\\/#\\\/schema\\\/person\\\/4e51799071cd2dd1232ac003643ef5f0\"},\"headline\":\"\u00abEin guter Zeitpunkt f\u00fcr neue Themenfonds: Jetzt.\u00bb\",\"datePublished\":\"2024-09-06T02:40:48+00:00\",\"dateModified\":\"2024-11-08T10:48:59+00:00\",\"mainEntityOfPage\":{\"@id\":\"https:\\\/\\\/www.organisator.ch\\\/marketing\\\/2024-09-06\\\/ein-guter-zeitpunkt-fuer-neue-themenfonds-jetzt\\\/\"},\"wordCount\":532,\"publisher\":{\"@id\":\"https:\\\/\\\/www.organisator.ch\\\/#organization\"},\"image\":{\"@id\":\"https:\\\/\\\/www.organisator.ch\\\/marketing\\\/2024-09-06\\\/ein-guter-zeitpunkt-fuer-neue-themenfonds-jetzt\\\/#primaryimage\"},\"thumbnailUrl\":\"https:\\\/\\\/www.markt-kom.com\\\/wp-content\\\/uploads\\\/2024\\\/09\\\/Swisscanto_Header.png\",\"keywords\":[\"Blish\",\"Kampagnen\",\"MarKom\",\"Swisscanto\",\"TBWA Vido\",\"TBWAZ\u00fcrich\",\"Webrepublic\",\"ZKB\",\"Z\u00fcrcher Kantonalbank\"],\"articleSection\":[\"MARKETING\"],\"inLanguage\":\"de\"},{\"@type\":\"WebPage\",\"@id\":\"https:\\\/\\\/www.organisator.ch\\\/marketing\\\/2024-09-06\\\/ein-guter-zeitpunkt-fuer-neue-themenfonds-jetzt\\\/\",\"url\":\"https:\\\/\\\/www.organisator.ch\\\/marketing\\\/2024-09-06\\\/ein-guter-zeitpunkt-fuer-neue-themenfonds-jetzt\\\/\",\"name\":\"\u00abEin guter Zeitpunkt f\u00fcr neue Themenfonds: Jetzt.\u00bb - Organisator\",\"isPartOf\":{\"@id\":\"https:\\\/\\\/www.organisator.ch\\\/#website\"},\"primaryImageOfPage\":{\"@id\":\"https:\\\/\\\/www.organisator.ch\\\/marketing\\\/2024-09-06\\\/ein-guter-zeitpunkt-fuer-neue-themenfonds-jetzt\\\/#primaryimage\"},\"image\":{\"@id\":\"https:\\\/\\\/www.organisator.ch\\\/marketing\\\/2024-09-06\\\/ein-guter-zeitpunkt-fuer-neue-themenfonds-jetzt\\\/#primaryimage\"},\"thumbnailUrl\":\"https:\\\/\\\/www.markt-kom.com\\\/wp-content\\\/uploads\\\/2024\\\/09\\\/Swisscanto_Header.png\",\"datePublished\":\"2024-09-06T02:40:48+00:00\",\"dateModified\":\"2024-11-08T10:48:59+00:00\",\"description\":\"Swisscanto lanciert drei neue nachhaltige Themenfonds: Circular Economy, Digital Economy und Healthy Longevity.\",\"breadcrumb\":{\"@id\":\"https:\\\/\\\/www.organisator.ch\\\/marketing\\\/2024-09-06\\\/ein-guter-zeitpunkt-fuer-neue-themenfonds-jetzt\\\/#breadcrumb\"},\"inLanguage\":\"de\",\"potentialAction\":[{\"@type\":\"ReadAction\",\"target\":[\"https:\\\/\\\/www.organisator.ch\\\/marketing\\\/2024-09-06\\\/ein-guter-zeitpunkt-fuer-neue-themenfonds-jetzt\\\/\"]}]},{\"@type\":\"ImageObject\",\"inLanguage\":\"de\",\"@id\":\"https:\\\/\\\/www.organisator.ch\\\/marketing\\\/2024-09-06\\\/ein-guter-zeitpunkt-fuer-neue-themenfonds-jetzt\\\/#primaryimage\",\"url\":\"https:\\\/\\\/www.markt-kom.com\\\/wp-content\\\/uploads\\\/2024\\\/09\\\/Swisscanto_Header.png\",\"contentUrl\":\"https:\\\/\\\/www.markt-kom.com\\\/wp-content\\\/uploads\\\/2024\\\/09\\\/Swisscanto_Header.png\"},{\"@type\":\"BreadcrumbList\",\"@id\":\"https:\\\/\\\/www.organisator.ch\\\/marketing\\\/2024-09-06\\\/ein-guter-zeitpunkt-fuer-neue-themenfonds-jetzt\\\/#breadcrumb\",\"itemListElement\":[{\"@type\":\"ListItem\",\"position\":1,\"name\":\"Home\",\"item\":\"https:\\\/\\\/www.organisator.ch\\\/\"},{\"@type\":\"ListItem\",\"position\":2,\"name\":\"\u00abEin guter Zeitpunkt f\u00fcr neue Themenfonds: Jetzt.\u00bb\"}]},{\"@type\":\"WebSite\",\"@id\":\"https:\\\/\\\/www.organisator.ch\\\/#website\",\"url\":\"https:\\\/\\\/www.organisator.ch\\\/\",\"name\":\"Organisator\",\"description\":\"Kompetent. Praxisnah. Der ORGANISATOR bereitet in 10 Ausgaben pro Jahr die wesentlichen Themen f\u00fcr F\u00fchrungskr\u00e4fte von KMU auf.\",\"publisher\":{\"@id\":\"https:\\\/\\\/www.organisator.ch\\\/#organization\"},\"potentialAction\":[{\"@type\":\"SearchAction\",\"target\":{\"@type\":\"EntryPoint\",\"urlTemplate\":\"https:\\\/\\\/www.organisator.ch\\\/?s={search_term_string}\"},\"query-input\":{\"@type\":\"PropertyValueSpecification\",\"valueRequired\":true,\"valueName\":\"search_term_string\"}}],\"inLanguage\":\"de\"},{\"@type\":\"Organization\",\"@id\":\"https:\\\/\\\/www.organisator.ch\\\/#organization\",\"name\":\"Organisator\",\"url\":\"https:\\\/\\\/www.organisator.ch\\\/\",\"logo\":{\"@type\":\"ImageObject\",\"inLanguage\":\"de\",\"@id\":\"https:\\\/\\\/www.organisator.ch\\\/#\\\/schema\\\/logo\\\/image\\\/\",\"url\":\"https:\\\/\\\/www.organisator.ch\\\/wp-content\\\/uploads\\\/2022\\\/01\\\/Logo_Organisator_Website.png\",\"contentUrl\":\"https:\\\/\\\/www.organisator.ch\\\/wp-content\\\/uploads\\\/2022\\\/01\\\/Logo_Organisator_Website.png\",\"width\":800,\"height\":77,\"caption\":\"Organisator\"},\"image\":{\"@id\":\"https:\\\/\\\/www.organisator.ch\\\/#\\\/schema\\\/logo\\\/image\\\/\"},\"sameAs\":[\"https:\\\/\\\/www.facebook.com\\\/OrganisatorFachmagazin\",\"https:\\\/\\\/www.linkedin.com\\\/showcase\\\/organisator-das-magazin-fr-kmu\",\"https:\\\/\\\/www.xing.com\\\/news\\\/pages\\\/organisator-ch-695\",\"https:\\\/\\\/www.youtube.com\\\/channel\\\/UCGP2Sq0iWaZwT3BdIAQFYpw\"]},{\"@type\":\"Person\",\"@id\":\"https:\\\/\\\/www.organisator.ch\\\/#\\\/schema\\\/person\\\/4e51799071cd2dd1232ac003643ef5f0\",\"name\":\"galledia\",\"image\":{\"@type\":\"ImageObject\",\"inLanguage\":\"de\",\"@id\":\"https:\\\/\\\/secure.gravatar.com\\\/avatar\\\/78a7f90c01fc2bfc875782a0d4922b37cde2cf184ce347b91316d23cd7f69a36?s=96&d=mm&r=g\",\"url\":\"https:\\\/\\\/secure.gravatar.com\\\/avatar\\\/78a7f90c01fc2bfc875782a0d4922b37cde2cf184ce347b91316d23cd7f69a36?s=96&d=mm&r=g\",\"contentUrl\":\"https:\\\/\\\/secure.gravatar.com\\\/avatar\\\/78a7f90c01fc2bfc875782a0d4922b37cde2cf184ce347b91316d23cd7f69a36?s=96&d=mm&r=g\",\"caption\":\"galledia\"},\"sameAs\":[\"https:\\\/\\\/x.com\\\/admin\"],\"url\":\"https:\\\/\\\/www.organisator.ch\\\/de\\\/author\\\/galledia\\\/\"}]}<\/script>\n<!-- \/ Yoast SEO plugin. -->","yoast_head_json":{"title":"\u00abEin guter Zeitpunkt f\u00fcr neue Themenfonds: Jetzt.\u00bb - Organisator","description":"Swisscanto lanciert drei neue nachhaltige Themenfonds: Circular Economy, Digital Economy und Healthy Longevity.","robots":{"index":"index","follow":"follow","max-snippet":"max-snippet:-1","max-image-preview":"max-image-preview:large","max-video-preview":"max-video-preview:-1"},"canonical":"https:\/\/www.organisator.ch\/de\/marketing\/2024-09-06\/ein-guter-zeitpunkt-fuer-neue-themenfonds-jetzt\/","og_locale":"de_DE","og_type":"article","og_title":"\u00abEin guter Zeitpunkt f\u00fcr neue Themenfonds: Jetzt.\u00bb - Organisator","og_description":"Swisscanto lanciert drei neue nachhaltige Themenfonds: Circular Economy, Digital Economy und Healthy Longevity.","og_url":"https:\/\/www.organisator.ch\/de\/marketing\/2024-09-06\/ein-guter-zeitpunkt-fuer-neue-themenfonds-jetzt\/","og_site_name":"Organisator","article_publisher":"https:\/\/www.facebook.com\/OrganisatorFachmagazin","article_published_time":"2024-09-06T02:40:48+00:00","article_modified_time":"2024-11-08T10:48:59+00:00","og_image":[{"url":"https:\/\/www.markt-kom.com\/wp-content\/uploads\/2024\/09\/Swisscanto_Header.png","type":"","width":"","height":""}],"author":"galledia","twitter_card":"summary_large_image","twitter_creator":"@admin","schema":{"@context":"https:\/\/schema.org","@graph":[{"@type":"Article","@id":"https:\/\/www.organisator.ch\/marketing\/2024-09-06\/ein-guter-zeitpunkt-fuer-neue-themenfonds-jetzt\/#article","isPartOf":{"@id":"https:\/\/www.organisator.ch\/marketing\/2024-09-06\/ein-guter-zeitpunkt-fuer-neue-themenfonds-jetzt\/"},"author":{"name":"galledia","@id":"https:\/\/www.organisator.ch\/#\/schema\/person\/4e51799071cd2dd1232ac003643ef5f0"},"headline":"\u00abEin guter Zeitpunkt f\u00fcr neue Themenfonds: Jetzt.\u00bb","datePublished":"2024-09-06T02:40:48+00:00","dateModified":"2024-11-08T10:48:59+00:00","mainEntityOfPage":{"@id":"https:\/\/www.organisator.ch\/marketing\/2024-09-06\/ein-guter-zeitpunkt-fuer-neue-themenfonds-jetzt\/"},"wordCount":532,"publisher":{"@id":"https:\/\/www.organisator.ch\/#organization"},"image":{"@id":"https:\/\/www.organisator.ch\/marketing\/2024-09-06\/ein-guter-zeitpunkt-fuer-neue-themenfonds-jetzt\/#primaryimage"},"thumbnailUrl":"https:\/\/www.markt-kom.com\/wp-content\/uploads\/2024\/09\/Swisscanto_Header.png","keywords":["Blish","Kampagnen","MarKom","Swisscanto","TBWA Vido","TBWAZ\u00fcrich","Webrepublic","ZKB","Z\u00fcrcher Kantonalbank"],"articleSection":["MARKETING"],"inLanguage":"de"},{"@type":"WebPage","@id":"https:\/\/www.organisator.ch\/marketing\/2024-09-06\/ein-guter-zeitpunkt-fuer-neue-themenfonds-jetzt\/","url":"https:\/\/www.organisator.ch\/marketing\/2024-09-06\/ein-guter-zeitpunkt-fuer-neue-themenfonds-jetzt\/","name":"\u00abEin guter Zeitpunkt f\u00fcr neue Themenfonds: Jetzt.\u00bb - Organisator","isPartOf":{"@id":"https:\/\/www.organisator.ch\/#website"},"primaryImageOfPage":{"@id":"https:\/\/www.organisator.ch\/marketing\/2024-09-06\/ein-guter-zeitpunkt-fuer-neue-themenfonds-jetzt\/#primaryimage"},"image":{"@id":"https:\/\/www.organisator.ch\/marketing\/2024-09-06\/ein-guter-zeitpunkt-fuer-neue-themenfonds-jetzt\/#primaryimage"},"thumbnailUrl":"https:\/\/www.markt-kom.com\/wp-content\/uploads\/2024\/09\/Swisscanto_Header.png","datePublished":"2024-09-06T02:40:48+00:00","dateModified":"2024-11-08T10:48:59+00:00","description":"Swisscanto lanciert drei neue nachhaltige Themenfonds: Circular Economy, Digital Economy und Healthy Longevity.","breadcrumb":{"@id":"https:\/\/www.organisator.ch\/marketing\/2024-09-06\/ein-guter-zeitpunkt-fuer-neue-themenfonds-jetzt\/#breadcrumb"},"inLanguage":"de","potentialAction":[{"@type":"ReadAction","target":["https:\/\/www.organisator.ch\/marketing\/2024-09-06\/ein-guter-zeitpunkt-fuer-neue-themenfonds-jetzt\/"]}]},{"@type":"ImageObject","inLanguage":"de","@id":"https:\/\/www.organisator.ch\/marketing\/2024-09-06\/ein-guter-zeitpunkt-fuer-neue-themenfonds-jetzt\/#primaryimage","url":"https:\/\/www.markt-kom.com\/wp-content\/uploads\/2024\/09\/Swisscanto_Header.png","contentUrl":"https:\/\/www.markt-kom.com\/wp-content\/uploads\/2024\/09\/Swisscanto_Header.png"},{"@type":"BreadcrumbList","@id":"https:\/\/www.organisator.ch\/marketing\/2024-09-06\/ein-guter-zeitpunkt-fuer-neue-themenfonds-jetzt\/#breadcrumb","itemListElement":[{"@type":"ListItem","position":1,"name":"Home","item":"https:\/\/www.organisator.ch\/"},{"@type":"ListItem","position":2,"name":"\u00abEin guter Zeitpunkt f\u00fcr neue Themenfonds: Jetzt.\u00bb"}]},{"@type":"WebSite","@id":"https:\/\/www.organisator.ch\/#website","url":"https:\/\/www.organisator.ch\/","name":"Organisator","description":"Kompetent. Praxisnah. Der ORGANISATOR bereitet in 10 Ausgaben pro Jahr die wesentlichen Themen f\u00fcr F\u00fchrungskr\u00e4fte von KMU auf.","publisher":{"@id":"https:\/\/www.organisator.ch\/#organization"},"potentialAction":[{"@type":"SearchAction","target":{"@type":"EntryPoint","urlTemplate":"https:\/\/www.organisator.ch\/?s={search_term_string}"},"query-input":{"@type":"PropertyValueSpecification","valueRequired":true,"valueName":"search_term_string"}}],"inLanguage":"de"},{"@type":"Organization","@id":"https:\/\/www.organisator.ch\/#organization","name":"Organisator","url":"https:\/\/www.organisator.ch\/","logo":{"@type":"ImageObject","inLanguage":"de","@id":"https:\/\/www.organisator.ch\/#\/schema\/logo\/image\/","url":"https:\/\/www.organisator.ch\/wp-content\/uploads\/2022\/01\/Logo_Organisator_Website.png","contentUrl":"https:\/\/www.organisator.ch\/wp-content\/uploads\/2022\/01\/Logo_Organisator_Website.png","width":800,"height":77,"caption":"Organisator"},"image":{"@id":"https:\/\/www.organisator.ch\/#\/schema\/logo\/image\/"},"sameAs":["https:\/\/www.facebook.com\/OrganisatorFachmagazin","https:\/\/www.linkedin.com\/showcase\/organisator-das-magazin-fr-kmu","https:\/\/www.xing.com\/news\/pages\/organisator-ch-695","https:\/\/www.youtube.com\/channel\/UCGP2Sq0iWaZwT3BdIAQFYpw"]},{"@type":"Person","@id":"https:\/\/www.organisator.ch\/#\/schema\/person\/4e51799071cd2dd1232ac003643ef5f0","name":"galledia","image":{"@type":"ImageObject","inLanguage":"de","@id":"https:\/\/secure.gravatar.com\/avatar\/78a7f90c01fc2bfc875782a0d4922b37cde2cf184ce347b91316d23cd7f69a36?s=96&d=mm&r=g","url":"https:\/\/secure.gravatar.com\/avatar\/78a7f90c01fc2bfc875782a0d4922b37cde2cf184ce347b91316d23cd7f69a36?s=96&d=mm&r=g","contentUrl":"https:\/\/secure.gravatar.com\/avatar\/78a7f90c01fc2bfc875782a0d4922b37cde2cf184ce347b91316d23cd7f69a36?s=96&d=mm&r=g","caption":"galledia"},"sameAs":["https:\/\/x.com\/admin"],"url":"https:\/\/www.organisator.ch\/de\/author\/galledia\/"}]}},"_links":{"self":[{"href":"https:\/\/www.organisator.ch\/de\/wp-json\/wp\/v2\/posts\/29586","targetHints":{"allow":["GET"]}}],"collection":[{"href":"https:\/\/www.organisator.ch\/de\/wp-json\/wp\/v2\/posts"}],"about":[{"href":"https:\/\/www.organisator.ch\/de\/wp-json\/wp\/v2\/types\/post"}],"author":[{"embeddable":true,"href":"https:\/\/www.organisator.ch\/de\/wp-json\/wp\/v2\/users\/8"}],"replies":[{"embeddable":true,"href":"https:\/\/www.organisator.ch\/de\/wp-json\/wp\/v2\/comments?post=29586"}],"version-history":[{"count":7,"href":"https:\/\/www.organisator.ch\/de\/wp-json\/wp\/v2\/posts\/29586\/revisions"}],"predecessor-version":[{"id":31976,"href":"https:\/\/www.organisator.ch\/de\/wp-json\/wp\/v2\/posts\/29586\/revisions\/31976"}],"wp:attachment":[{"href":"https:\/\/www.organisator.ch\/de\/wp-json\/wp\/v2\/media?parent=29586"}],"wp:term":[{"taxonomy":"category","embeddable":true,"href":"https:\/\/www.organisator.ch\/de\/wp-json\/wp\/v2\/categories?post=29586"},{"taxonomy":"post_tag","embeddable":true,"href":"https:\/\/www.organisator.ch\/de\/wp-json\/wp\/v2\/tags?post=29586"}],"curies":[{"name":"wp","href":"https:\/\/api.w.org\/{rel}","templated":true}]}}