{"id":29641,"date":"2024-09-09T12:08:45","date_gmt":"2024-09-09T10:08:45","guid":{"rendered":"https:\/\/www.organisator.ch\/?p=29641"},"modified":"2024-09-09T11:08:57","modified_gmt":"2024-09-09T09:08:57","slug":"schweizer-hr-managerinnen-und-die-herausforderungen-des-stellenabbaus","status":"publish","type":"post","link":"https:\/\/www.organisator.ch\/de\/human-resources\/2024-09-09\/schweizer-hr-managerinnen-und-die-herausforderungen-des-stellenabbaus\/","title":{"rendered":"Schweizer HR-Manager:innen und die Herausforderungen des Stellenabbaus"},"content":{"rendered":"<figure id=\"attachment_29642\" aria-describedby=\"caption-attachment-29642\" style=\"width: 680px\" class=\"wp-caption alignnone\"><img loading=\"lazy\" decoding=\"async\" class=\"size-full wp-image-29642\" src=\"https:\/\/www.organisator.ch\/wp-content\/uploads\/2024\/09\/Adecco_Bild1_ps.jpg\" alt=\"\" width=\"680\" height=\"478\" srcset=\"https:\/\/www.organisator.ch\/wp-content\/uploads\/2024\/09\/Adecco_Bild1_ps.jpg 680w, https:\/\/www.organisator.ch\/wp-content\/uploads\/2024\/09\/Adecco_Bild1_ps-18x12.jpg 18w, https:\/\/www.organisator.ch\/wp-content\/uploads\/2024\/09\/Adecco_Bild1_ps-375x264.jpg 375w, https:\/\/www.organisator.ch\/wp-content\/uploads\/2024\/09\/Adecco_Bild1_ps-498x350.jpg 498w\" sizes=\"auto, (max-width: 680px) 100vw, 680px\" \/><figcaption id=\"caption-attachment-29642\" class=\"wp-caption-text\">\u00dcber alle neun L\u00e4nder hinweg f\u00fchren durchschnittlich 73% der Personalleiter:innen in diesem Jahr Entlassungen durch oder ziehen diese in Betracht, gegen\u00fcber 77% im Jahr 2023. (Bild: www.depositphotos.com)<\/figcaption><\/figure>\n<p>Der Bericht zeigt, dass sich die Gr\u00fcnde f\u00fcr den Stellenabbau angesichts des technologischen Fortschritts und der anhaltenden wirtschaftlichen Herausforderungen deutlich ver\u00e4ndern. Immer weniger Personalverantwortliche geben eine \u00dcber-Besetzung als Hauptgrund f\u00fcr einen Stellenabbau an. Stattdessen verweisen sie auf mangelnde Arbeitsleistungen und Qualifikationen der Mitarbeitenden sowie auf einen gestiegenen wirtschaftlichen Druck.<\/p>\n<p>&#8222;Entlassungen allein sind keine nachhaltige L\u00f6sung f\u00fcr die Herausforderungen, mit denen Unternehmen heute konfrontiert sind. Auch wenn Entlassungen zuweilen notwendig sind, ist es vielmehr eine langfristige Strategie &#8211; Investitionen in Umschulung, interne Mobilit\u00e4t und eine humane Behandlung &#8211; die einen nachhaltigen Erfolg sowohl f\u00fcr die Unternehmen als auch f\u00fcr die Arbeitnehmerinnen und Arbeitnehmer sicherstellt&#8220;, so Svyatoslav Shalayoda, SVP Career Transition &amp; Mobility und Leadership Development LHH Deutschland, Schweiz, Belgien, Niederlande und Polen.<\/p>\n<p>LHH stellte fest, dass Personalleiter:innen angesichts des anhaltenden Stellenabbaus verst\u00e4rkt auf berufliche Neuorientierungsprogramme zur\u00fcckgreifen, um Qualifikationsl\u00fccken zu schliessen. Zudem investieren sie in Outplacement-Dienstleister, um ausscheidende Besch\u00e4ftigte zu unterst\u00fctzen und ihnen den \u00dcbergang zu neuen Karrierechancen zu erleichtern.<\/p>\n<p>&#8222;Der globale Arbeitsmarkt hat im vergangenen Jahr starke Umw\u00e4lzungen erlebt. Das ist vor allem auf die zunehmende Bedeutung und Integration von KI zur\u00fcckzuf\u00fchren&#8220;, erkl\u00e4rt John Morgan, Pr\u00e4sident der Gesch\u00e4ftsbereiche Career Transition &amp; Mobility und Leadership Development bei LHH. &#8222;Unsere Untersuchungen zeigen, dass sich einerseits die Belegschaft an diese neue Realit\u00e4t anpasst und dass andererseits F\u00fchrungskr\u00e4fte die Notwendigkeit erkennen, Talentstrategien zu entwickeln, um die Mitarbeitenden w\u00e4hrend ihrer gesamten Karriere zu unterst\u00fctzen. Umschulungen und Neuorientierungen sind f\u00fcr die Aufrechterhaltung einer agilen Organisation unerl\u00e4sslich. Die Technologie hat personelle Neuorientierungen erheblich verbessert und erm\u00f6glicht es uns, gefragte Kompetenzen f\u00fcr Mitarbeitende im Jobwechsel schnell zu identifizieren und zu entwickeln. Sobald die Notwendigkeit dieser Unterst\u00fctzung erkannt ist, werden sowohl Arbeitgeber als auch Besch\u00e4ftigte die Zukunft mit gr\u00f6sserer Zuversicht und St\u00e4rke meistern k\u00f6nnen.\u201c<\/p>\n<h3><strong>Die wichtigsten Ergebnisse: Stellenabbau verlagert den Fokus auf Qualifikation und Leistung \u2013 bei anhaltender Kostenreduzierung <\/strong><\/h3>\n<p>Entlassungen sind nach wie vor weit verbreitet und zeigen kaum Anzeichen einer Verlangsamung: In der Schweiz ist die H\u00e4lfte der Entlassungen auf Strategie\u00e4nderungen zur\u00fcckzuf\u00fchren (50%), gefolgt von einer mangelhaften Leistung (46%) und Kostensenkungen (37%). \u00dcber alle 9 L\u00e4nder hinweg sind nur 28% der Entlassungen auf Kostensenkungen aufgrund von Inflation und wirtschaftlichen Schwierigkeiten zur\u00fcckzuf\u00fchren. Zudem f\u00e4llt auf, dass in der Schweiz die Qualifizierung der Arbeitnehmer qualitativ deutlich besser ist als in den anderen L\u00e4ndern, denn nur 17 % der Arbeitnehmenden werden wegen mangelnder Qualifikationen entlassen. Hauptgr\u00fcnde in der Schweiz sind eindeutig die Strategie, eine geringe Arbeitsleistung und die Kosten.<\/p>\n<p>&#8222;Im Jahr 2024 planen 94% der befragten Schweizer Unternehmen neue Unterst\u00fctzungsprogramme f\u00fcr vom Stellenabbau betroffene Besch\u00e4ftigte \u2013 eines der h\u00f6chsten Engagements weltweit. Diese starke Unterst\u00fctzung unterstreicht das herausfordernde makro\u00f6konomische Umfeld in der Schweiz, wo neben dem erheblichen Mangel an qualifizierten Arbeitskr\u00e4ften auch eine Notwendigkeit der Umstrukturierung von Organisationen besteht \u2013 ein kurzfristiger Widerspruch, der eine langfristige L\u00f6sung erfordert&#8220;, erkl\u00e4rt Svyatoslav Shalayoda.<\/p>\n<p>\u00dcber alle neun L\u00e4nder hinweg f\u00fchren durchschnittlich 73% der Personalleiter:innen in diesem Jahr Entlassungen durch oder ziehen diese in Betracht, gegen\u00fcber 77% im Jahr 2023. Die Hauptgr\u00fcnde f\u00fcr Entlassungen sind nicht mehr zu viele Einstellungen (eine sogenannte \u00dcber-Besetzung), sondern schlechte Leistung (30,2%) und ein Mangel an geeigneten Kompetenzen (29,7%). Mit der zunehmenden Integration von KI in die Arbeitswelt steigt der Bedarf an Mitarbeitenden mit entsprechenden F\u00e4higkeiten in allen L\u00e4ndern.<\/p>\n<h3><strong>Neuorientierungsprogramme nehmen Fahrt auf <\/strong><\/h3>\n<p>In der Schweiz haben fast alle Personalleiter:innen (96%) erwogen, Entlassungen zu verschieben und stattdessen offene Stellen durch Umschulungen zu besetzen \u2013 was die grosse Angst vor einem zuk\u00fcnftigen Personalmangel widerspiegelt. Eine beachtliche Zahl von 82% der Schweizer Personalverantwortlichen gibt an, dass sie ein Programm zur Neuorientierung eingef\u00fchrt haben. Weitere 14% ziehen dies zwar in Betracht, verf\u00fcgen aber nicht \u00fcber die n\u00f6tigen Ressourcen f\u00fcr die Durchf\u00fchrung.<\/p>\n<p>Auch \u00fcber alle neun L\u00e4nder hinweg ist eine bemerkenswerte Verlagerung hin zu Neuorientierungsprogrammen zu beobachten: 82% der Personalleiter:innen erw\u00e4gen die Neuorientierung von Besch\u00e4ftigten als Alternative zum Stellenabbau. In \u00e4hnlicher Weise ist der Anteil der HR-F\u00fchrungskr\u00e4fte, die Neuorientierungsprogramme durchf\u00fchren, seit 2023 um 25 Prozentpunkte gestiegen und liegt nun bei 47%. Dies deutet auf einen wachsenden Trend zur Bindung und Umschulung von Besch\u00e4ftigten hin.<\/p>\n<h3><strong>Burnout ist ein weltweites Problem <\/strong><\/h3>\n<p>Angesichts des anhaltenden Personalabbaus erkennen Personalverantwortliche Burnout als weltweites Problem. In der Schweiz haben 80% der Arbeitnehmenden in den letzten 12 Monaten erlebt, dass ihr Team aufgrund von Unsicherheit und Arbeitsbelastung ausgebrannt war. Dies veranlasste 26%, \u00fcber eine K\u00fcndigung nachzudenken, und noch mehr (30%), sich auf Stellen ausserhalb des Unternehmens zu bewerben. Weitere 23% machten sich auf die Suche nach neuen Karrierechancen innerhalb des Unternehmens.<\/p>\n<p>Diese Zahl ist deutlich h\u00f6her als im weltweiten Vergleich, wo 69% der Arbeitnehmenden angeben, dass ihre Teams ausgebrannt sind. Burnout ist weltweit zur gr\u00f6ssten Sorge von HR-F\u00fchrungskr\u00e4ften geworden: 25% sind beunruhigt dar\u00fcber, dass eine erh\u00f6hte Arbeitsbelastung zu Burnout f\u00fchren k\u00f6nnte \u2013 gegen\u00fcber 6% im Jahr 2023. Arbeitgeber sollten die Auswirkungen von Burnout im Zusammenhang mit Entlassungen beachten, denn die h\u00e4ufigste Reaktion der verbleibenden Besch\u00e4ftigten ist, ihre Zukunft im Unternehmen in Frage zu stellen. Dies zeigt deutlich die Notwendigkeit, den Mitarbeitenden M\u00f6glichkeiten zur Umschulung in interne Rollen und zur Entwicklung von F\u00fchrungsqualit\u00e4ten zu bieten. Auf diese Weise wird ein reibungsloser \u00dcbergang erm\u00f6glicht und die Bindung der nach dem Stellenabbau verbleibenden Mitarbeitenden an das Unternehmen gest\u00e4rkt.<\/p>\n<h3><strong>Bedeutung von effektiver Mitarbeiterf\u00fchrung steigt <\/strong><\/h3>\n<p>98% der Befragten in der Schweiz gehen davon aus, dass ihre Strategie zur Mitarbeiterbindung effektiv ist. Teil dieser Strategie ist es, eine Kultur zu schaffen, in der die Mitarbeitenden ihre Karriere vorantreiben k\u00f6nnen und in den Weiterbildungen und Umschulungen gef\u00f6rdert werden. Fast 9 von 10 Personalleiter:innen halten ihre Programme zur F\u00fchrungskr\u00e4fteentwicklung \u2013 insbesondere zu den Themen effektive Karrieregespr\u00e4che und effektive F\u00fchrung \u2013 f\u00fcr wirksam.<\/p>\n<p><em>Quelle: <a href=\"http:\/\/www.adeccogroup.com\">www.adeccogroup.com<\/a> \/ <a href=\"http:\/\/www.lhh.com\">www.lhh.com<\/a><\/em><\/p>\n","protected":false},"excerpt":{"rendered":"<p>LHH, ein Anbieter von integrierten Talentl\u00f6sungen und ein globaler Gesch\u00e4ftsbereich der Adecco Gruppe, stellt die auf die Schweiz runter gebrochene Analyse des Trend Report Outplacement und Karrieremobilit\u00e4t 2024 vor. Der Bericht basiert auf einer Umfrage unter 3\u2018000 Personalverantwortlichen und 8\u2018100 Angestellten in der Schweiz und acht weiteren L\u00e4ndern (Deutschland, \u00d6sterreich, Grossbritannien, Frankreich, USA, Spanien, Australien und Brasilien).<\/p>\n","protected":false},"author":58,"featured_media":29642,"comment_status":"closed","ping_status":"closed","sticky":false,"template":"","format":"standard","meta":{"_acf_changed":false,"_yoast_wpseo_focuskw":"Stellenabbau","_yoast_wpseo_metadesc":"LHH, ein Anbieter von integrierten Talentl\u00f6sungen und ein globaler Gesch\u00e4ftsbereich der Adecco Gruppe, stellt die auf die Schweiz runter gebrochene Analyse des Trend Report Outplacement und Karrieremobilit\u00e4t 2024 vor.","articlekey":"","footnotes":""},"categories":[579],"tags":[4040,3506,4473,492],"class_list":["post-29641","post","type-post","status-publish","format-standard","has-post-thumbnail","hentry","category-human-resources","tag-bericht","tag-human-resources","tag-stellenabbau","tag-unternehmen"],"acf":[],"yoast_head":"<!-- This site is optimized with the Yoast SEO plugin v27.5 - https:\/\/yoast.com\/product\/yoast-seo-wordpress\/ -->\n<title>Schweizer HR-Manager:innen und die Herausforderungen des Stellenabbaus - Organisator<\/title>\n<meta name=\"description\" content=\"LHH, ein Anbieter von integrierten Talentl\u00f6sungen und ein globaler Gesch\u00e4ftsbereich der Adecco Gruppe, stellt die auf die Schweiz runter gebrochene Analyse des Trend Report Outplacement und Karrieremobilit\u00e4t 2024 vor.\" \/>\n<meta name=\"robots\" content=\"index, follow, max-snippet:-1, max-image-preview:large, max-video-preview:-1\" \/>\n<link rel=\"canonical\" href=\"https:\/\/www.organisator.ch\/de\/human-resources\/2024-09-09\/schweizer-hr-managerinnen-und-die-herausforderungen-des-stellenabbaus\/\" \/>\n<meta property=\"og:locale\" content=\"de_DE\" \/>\n<meta property=\"og:type\" content=\"article\" \/>\n<meta property=\"og:title\" content=\"Schweizer HR-Manager:innen und die Herausforderungen des Stellenabbaus\" \/>\n<meta property=\"og:description\" content=\"LHH, ein Anbieter von integrierten Talentl\u00f6sungen und ein globaler Gesch\u00e4ftsbereich der Adecco Gruppe, stellt die auf die Schweiz runter gebrochene Analyse des Trend Report Outplacement und Karrieremobilit\u00e4t 2024 vor.\" \/>\n<meta property=\"og:url\" content=\"https:\/\/www.organisator.ch\/de\/human-resources\/2024-09-09\/schweizer-hr-managerinnen-und-die-herausforderungen-des-stellenabbaus\/\" \/>\n<meta property=\"og:site_name\" content=\"Organisator\" \/>\n<meta property=\"article:publisher\" content=\"https:\/\/www.facebook.com\/OrganisatorFachmagazin\" \/>\n<meta property=\"article:published_time\" content=\"2024-09-09T10:08:45+00:00\" \/>\n<meta property=\"og:image\" content=\"https:\/\/www.organisator.ch\/wp-content\/uploads\/2024\/09\/Adecco_Bild1_ps.jpg\" \/>\n\t<meta property=\"og:image:width\" content=\"680\" \/>\n\t<meta property=\"og:image:height\" content=\"478\" \/>\n\t<meta property=\"og:image:type\" content=\"image\/jpeg\" \/>\n<meta name=\"author\" content=\"Adelisa Kalajdzini\" \/>\n<meta name=\"twitter:card\" content=\"summary_large_image\" \/>\n<meta name=\"twitter:title\" content=\"Schweizer HR-Manager:innen und die Herausforderungen des Stellenabbaus\" \/>\n<meta name=\"twitter:description\" content=\"#LHH, ein Anbieter von integrierten Talentl\u00f6sungen und ein globaler Gesch\u00e4ftsbereich der #Adecco Gruppe, stellt die auf die #Schweiz runter gebrochene #Analyse des Trend #Report #Outplacement und #Karrieremobilit\u00e4t 2024 vor.\" \/>\n<meta name=\"twitter:image\" content=\"https:\/\/www.organisator.ch\/wp-content\/uploads\/2024\/09\/Adecco_Bild1_ps.jpg\" \/>\n<script type=\"application\/ld+json\" class=\"yoast-schema-graph\">{\"@context\":\"https:\\\/\\\/schema.org\",\"@graph\":[{\"@type\":\"Article\",\"@id\":\"https:\\\/\\\/www.organisator.ch\\\/human-resources\\\/2024-09-09\\\/schweizer-hr-managerinnen-und-die-herausforderungen-des-stellenabbaus\\\/#article\",\"isPartOf\":{\"@id\":\"https:\\\/\\\/www.organisator.ch\\\/human-resources\\\/2024-09-09\\\/schweizer-hr-managerinnen-und-die-herausforderungen-des-stellenabbaus\\\/\"},\"author\":{\"name\":\"Adelisa Kalajdzini\",\"@id\":\"https:\\\/\\\/www.organisator.ch\\\/#\\\/schema\\\/person\\\/2e1314a2172123f874db408d8911d3f3\"},\"headline\":\"Schweizer HR-Manager:innen und die Herausforderungen des Stellenabbaus\",\"datePublished\":\"2024-09-09T10:08:45+00:00\",\"mainEntityOfPage\":{\"@id\":\"https:\\\/\\\/www.organisator.ch\\\/human-resources\\\/2024-09-09\\\/schweizer-hr-managerinnen-und-die-herausforderungen-des-stellenabbaus\\\/\"},\"wordCount\":1026,\"publisher\":{\"@id\":\"https:\\\/\\\/www.organisator.ch\\\/#organization\"},\"image\":{\"@id\":\"https:\\\/\\\/www.organisator.ch\\\/human-resources\\\/2024-09-09\\\/schweizer-hr-managerinnen-und-die-herausforderungen-des-stellenabbaus\\\/#primaryimage\"},\"thumbnailUrl\":\"https:\\\/\\\/www.organisator.ch\\\/wp-content\\\/uploads\\\/2024\\\/09\\\/Adecco_Bild1_ps.jpg\",\"keywords\":[\"Bericht\",\"Human Resources\",\"Stellenabbau\",\"Unternehmen\"],\"articleSection\":[\"HUMAN RESOURCES\"],\"inLanguage\":\"de\"},{\"@type\":\"WebPage\",\"@id\":\"https:\\\/\\\/www.organisator.ch\\\/human-resources\\\/2024-09-09\\\/schweizer-hr-managerinnen-und-die-herausforderungen-des-stellenabbaus\\\/\",\"url\":\"https:\\\/\\\/www.organisator.ch\\\/human-resources\\\/2024-09-09\\\/schweizer-hr-managerinnen-und-die-herausforderungen-des-stellenabbaus\\\/\",\"name\":\"Schweizer HR-Manager:innen und die Herausforderungen des Stellenabbaus - Organisator\",\"isPartOf\":{\"@id\":\"https:\\\/\\\/www.organisator.ch\\\/#website\"},\"primaryImageOfPage\":{\"@id\":\"https:\\\/\\\/www.organisator.ch\\\/human-resources\\\/2024-09-09\\\/schweizer-hr-managerinnen-und-die-herausforderungen-des-stellenabbaus\\\/#primaryimage\"},\"image\":{\"@id\":\"https:\\\/\\\/www.organisator.ch\\\/human-resources\\\/2024-09-09\\\/schweizer-hr-managerinnen-und-die-herausforderungen-des-stellenabbaus\\\/#primaryimage\"},\"thumbnailUrl\":\"https:\\\/\\\/www.organisator.ch\\\/wp-content\\\/uploads\\\/2024\\\/09\\\/Adecco_Bild1_ps.jpg\",\"datePublished\":\"2024-09-09T10:08:45+00:00\",\"description\":\"LHH, ein Anbieter von integrierten Talentl\u00f6sungen und ein globaler Gesch\u00e4ftsbereich der Adecco Gruppe, stellt die auf die Schweiz runter gebrochene Analyse des Trend Report Outplacement und Karrieremobilit\u00e4t 2024 vor.\",\"breadcrumb\":{\"@id\":\"https:\\\/\\\/www.organisator.ch\\\/human-resources\\\/2024-09-09\\\/schweizer-hr-managerinnen-und-die-herausforderungen-des-stellenabbaus\\\/#breadcrumb\"},\"inLanguage\":\"de\",\"potentialAction\":[{\"@type\":\"ReadAction\",\"target\":[\"https:\\\/\\\/www.organisator.ch\\\/human-resources\\\/2024-09-09\\\/schweizer-hr-managerinnen-und-die-herausforderungen-des-stellenabbaus\\\/\"]}]},{\"@type\":\"ImageObject\",\"inLanguage\":\"de\",\"@id\":\"https:\\\/\\\/www.organisator.ch\\\/human-resources\\\/2024-09-09\\\/schweizer-hr-managerinnen-und-die-herausforderungen-des-stellenabbaus\\\/#primaryimage\",\"url\":\"https:\\\/\\\/www.organisator.ch\\\/wp-content\\\/uploads\\\/2024\\\/09\\\/Adecco_Bild1_ps.jpg\",\"contentUrl\":\"https:\\\/\\\/www.organisator.ch\\\/wp-content\\\/uploads\\\/2024\\\/09\\\/Adecco_Bild1_ps.jpg\",\"width\":680,\"height\":478,\"caption\":\"\u00dcber alle neun L\u00e4nder hinweg f\u00fchren durchschnittlich 73% der Personalleiter:innen in diesem Jahr Entlassungen durch oder ziehen diese in Betracht, gegen\u00fcber 77% im Jahr 2023. (Bild: www.depositphotos.com)\"},{\"@type\":\"BreadcrumbList\",\"@id\":\"https:\\\/\\\/www.organisator.ch\\\/human-resources\\\/2024-09-09\\\/schweizer-hr-managerinnen-und-die-herausforderungen-des-stellenabbaus\\\/#breadcrumb\",\"itemListElement\":[{\"@type\":\"ListItem\",\"position\":1,\"name\":\"Home\",\"item\":\"https:\\\/\\\/www.organisator.ch\\\/\"},{\"@type\":\"ListItem\",\"position\":2,\"name\":\"Schweizer HR-Manager:innen und die Herausforderungen des Stellenabbaus\"}]},{\"@type\":\"WebSite\",\"@id\":\"https:\\\/\\\/www.organisator.ch\\\/#website\",\"url\":\"https:\\\/\\\/www.organisator.ch\\\/\",\"name\":\"Organisator\",\"description\":\"Kompetent. Praxisnah. Der ORGANISATOR bereitet in 10 Ausgaben pro Jahr die wesentlichen Themen f\u00fcr F\u00fchrungskr\u00e4fte von KMU auf.\",\"publisher\":{\"@id\":\"https:\\\/\\\/www.organisator.ch\\\/#organization\"},\"potentialAction\":[{\"@type\":\"SearchAction\",\"target\":{\"@type\":\"EntryPoint\",\"urlTemplate\":\"https:\\\/\\\/www.organisator.ch\\\/?s={search_term_string}\"},\"query-input\":{\"@type\":\"PropertyValueSpecification\",\"valueRequired\":true,\"valueName\":\"search_term_string\"}}],\"inLanguage\":\"de\"},{\"@type\":\"Organization\",\"@id\":\"https:\\\/\\\/www.organisator.ch\\\/#organization\",\"name\":\"Organisator\",\"url\":\"https:\\\/\\\/www.organisator.ch\\\/\",\"logo\":{\"@type\":\"ImageObject\",\"inLanguage\":\"de\",\"@id\":\"https:\\\/\\\/www.organisator.ch\\\/#\\\/schema\\\/logo\\\/image\\\/\",\"url\":\"https:\\\/\\\/www.organisator.ch\\\/wp-content\\\/uploads\\\/2022\\\/01\\\/Logo_Organisator_Website.png\",\"contentUrl\":\"https:\\\/\\\/www.organisator.ch\\\/wp-content\\\/uploads\\\/2022\\\/01\\\/Logo_Organisator_Website.png\",\"width\":800,\"height\":77,\"caption\":\"Organisator\"},\"image\":{\"@id\":\"https:\\\/\\\/www.organisator.ch\\\/#\\\/schema\\\/logo\\\/image\\\/\"},\"sameAs\":[\"https:\\\/\\\/www.facebook.com\\\/OrganisatorFachmagazin\",\"https:\\\/\\\/www.linkedin.com\\\/showcase\\\/organisator-das-magazin-fr-kmu\",\"https:\\\/\\\/www.xing.com\\\/news\\\/pages\\\/organisator-ch-695\",\"https:\\\/\\\/www.youtube.com\\\/channel\\\/UCGP2Sq0iWaZwT3BdIAQFYpw\"]},{\"@type\":\"Person\",\"@id\":\"https:\\\/\\\/www.organisator.ch\\\/#\\\/schema\\\/person\\\/2e1314a2172123f874db408d8911d3f3\",\"name\":\"Adelisa Kalajdzini\",\"image\":{\"@type\":\"ImageObject\",\"inLanguage\":\"de\",\"@id\":\"https:\\\/\\\/secure.gravatar.com\\\/avatar\\\/09a397c22ac58cad6f160ee8306348599df9df58a8ede73696226897b9fa4b24?s=96&d=mm&r=g\",\"url\":\"https:\\\/\\\/secure.gravatar.com\\\/avatar\\\/09a397c22ac58cad6f160ee8306348599df9df58a8ede73696226897b9fa4b24?s=96&d=mm&r=g\",\"contentUrl\":\"https:\\\/\\\/secure.gravatar.com\\\/avatar\\\/09a397c22ac58cad6f160ee8306348599df9df58a8ede73696226897b9fa4b24?s=96&d=mm&r=g\",\"caption\":\"Adelisa Kalajdzini\"},\"url\":\"https:\\\/\\\/www.organisator.ch\\\/de\\\/author\\\/adelisa-kalajdzini\\\/\"}]}<\/script>\n<!-- \/ Yoast SEO plugin. -->","yoast_head_json":{"title":"Schweizer HR-Manager:innen und die Herausforderungen des Stellenabbaus - Organisator","description":"LHH, ein Anbieter von integrierten Talentl\u00f6sungen und ein globaler Gesch\u00e4ftsbereich der Adecco Gruppe, stellt die auf die Schweiz runter gebrochene Analyse des Trend Report Outplacement und Karrieremobilit\u00e4t 2024 vor.","robots":{"index":"index","follow":"follow","max-snippet":"max-snippet:-1","max-image-preview":"max-image-preview:large","max-video-preview":"max-video-preview:-1"},"canonical":"https:\/\/www.organisator.ch\/de\/human-resources\/2024-09-09\/schweizer-hr-managerinnen-und-die-herausforderungen-des-stellenabbaus\/","og_locale":"de_DE","og_type":"article","og_title":"Schweizer HR-Manager:innen und die Herausforderungen des Stellenabbaus","og_description":"LHH, ein Anbieter von integrierten Talentl\u00f6sungen und ein globaler Gesch\u00e4ftsbereich der Adecco Gruppe, stellt die auf die Schweiz runter gebrochene Analyse des Trend Report Outplacement und Karrieremobilit\u00e4t 2024 vor.","og_url":"https:\/\/www.organisator.ch\/de\/human-resources\/2024-09-09\/schweizer-hr-managerinnen-und-die-herausforderungen-des-stellenabbaus\/","og_site_name":"Organisator","article_publisher":"https:\/\/www.facebook.com\/OrganisatorFachmagazin","article_published_time":"2024-09-09T10:08:45+00:00","og_image":[{"width":680,"height":478,"url":"https:\/\/www.organisator.ch\/wp-content\/uploads\/2024\/09\/Adecco_Bild1_ps.jpg","type":"image\/jpeg"}],"author":"Adelisa Kalajdzini","twitter_card":"summary_large_image","twitter_title":"Schweizer HR-Manager:innen und die Herausforderungen des Stellenabbaus","twitter_description":"#LHH, ein Anbieter von integrierten Talentl\u00f6sungen und ein globaler Gesch\u00e4ftsbereich der #Adecco Gruppe, stellt die auf die #Schweiz runter gebrochene #Analyse des Trend #Report #Outplacement und #Karrieremobilit\u00e4t 2024 vor.","twitter_image":"https:\/\/www.organisator.ch\/wp-content\/uploads\/2024\/09\/Adecco_Bild1_ps.jpg","schema":{"@context":"https:\/\/schema.org","@graph":[{"@type":"Article","@id":"https:\/\/www.organisator.ch\/human-resources\/2024-09-09\/schweizer-hr-managerinnen-und-die-herausforderungen-des-stellenabbaus\/#article","isPartOf":{"@id":"https:\/\/www.organisator.ch\/human-resources\/2024-09-09\/schweizer-hr-managerinnen-und-die-herausforderungen-des-stellenabbaus\/"},"author":{"name":"Adelisa Kalajdzini","@id":"https:\/\/www.organisator.ch\/#\/schema\/person\/2e1314a2172123f874db408d8911d3f3"},"headline":"Schweizer HR-Manager:innen und die Herausforderungen des Stellenabbaus","datePublished":"2024-09-09T10:08:45+00:00","mainEntityOfPage":{"@id":"https:\/\/www.organisator.ch\/human-resources\/2024-09-09\/schweizer-hr-managerinnen-und-die-herausforderungen-des-stellenabbaus\/"},"wordCount":1026,"publisher":{"@id":"https:\/\/www.organisator.ch\/#organization"},"image":{"@id":"https:\/\/www.organisator.ch\/human-resources\/2024-09-09\/schweizer-hr-managerinnen-und-die-herausforderungen-des-stellenabbaus\/#primaryimage"},"thumbnailUrl":"https:\/\/www.organisator.ch\/wp-content\/uploads\/2024\/09\/Adecco_Bild1_ps.jpg","keywords":["Bericht","Human Resources","Stellenabbau","Unternehmen"],"articleSection":["HUMAN RESOURCES"],"inLanguage":"de"},{"@type":"WebPage","@id":"https:\/\/www.organisator.ch\/human-resources\/2024-09-09\/schweizer-hr-managerinnen-und-die-herausforderungen-des-stellenabbaus\/","url":"https:\/\/www.organisator.ch\/human-resources\/2024-09-09\/schweizer-hr-managerinnen-und-die-herausforderungen-des-stellenabbaus\/","name":"Schweizer HR-Manager:innen und die Herausforderungen des Stellenabbaus - Organisator","isPartOf":{"@id":"https:\/\/www.organisator.ch\/#website"},"primaryImageOfPage":{"@id":"https:\/\/www.organisator.ch\/human-resources\/2024-09-09\/schweizer-hr-managerinnen-und-die-herausforderungen-des-stellenabbaus\/#primaryimage"},"image":{"@id":"https:\/\/www.organisator.ch\/human-resources\/2024-09-09\/schweizer-hr-managerinnen-und-die-herausforderungen-des-stellenabbaus\/#primaryimage"},"thumbnailUrl":"https:\/\/www.organisator.ch\/wp-content\/uploads\/2024\/09\/Adecco_Bild1_ps.jpg","datePublished":"2024-09-09T10:08:45+00:00","description":"LHH, ein Anbieter von integrierten Talentl\u00f6sungen und ein globaler Gesch\u00e4ftsbereich der Adecco Gruppe, stellt die auf die Schweiz runter gebrochene Analyse des Trend Report Outplacement und Karrieremobilit\u00e4t 2024 vor.","breadcrumb":{"@id":"https:\/\/www.organisator.ch\/human-resources\/2024-09-09\/schweizer-hr-managerinnen-und-die-herausforderungen-des-stellenabbaus\/#breadcrumb"},"inLanguage":"de","potentialAction":[{"@type":"ReadAction","target":["https:\/\/www.organisator.ch\/human-resources\/2024-09-09\/schweizer-hr-managerinnen-und-die-herausforderungen-des-stellenabbaus\/"]}]},{"@type":"ImageObject","inLanguage":"de","@id":"https:\/\/www.organisator.ch\/human-resources\/2024-09-09\/schweizer-hr-managerinnen-und-die-herausforderungen-des-stellenabbaus\/#primaryimage","url":"https:\/\/www.organisator.ch\/wp-content\/uploads\/2024\/09\/Adecco_Bild1_ps.jpg","contentUrl":"https:\/\/www.organisator.ch\/wp-content\/uploads\/2024\/09\/Adecco_Bild1_ps.jpg","width":680,"height":478,"caption":"\u00dcber alle neun L\u00e4nder hinweg f\u00fchren durchschnittlich 73% der Personalleiter:innen in diesem Jahr Entlassungen durch oder ziehen diese in Betracht, gegen\u00fcber 77% im Jahr 2023. (Bild: www.depositphotos.com)"},{"@type":"BreadcrumbList","@id":"https:\/\/www.organisator.ch\/human-resources\/2024-09-09\/schweizer-hr-managerinnen-und-die-herausforderungen-des-stellenabbaus\/#breadcrumb","itemListElement":[{"@type":"ListItem","position":1,"name":"Home","item":"https:\/\/www.organisator.ch\/"},{"@type":"ListItem","position":2,"name":"Schweizer HR-Manager:innen und die Herausforderungen des Stellenabbaus"}]},{"@type":"WebSite","@id":"https:\/\/www.organisator.ch\/#website","url":"https:\/\/www.organisator.ch\/","name":"Organisator","description":"Kompetent. Praxisnah. Der ORGANISATOR bereitet in 10 Ausgaben pro Jahr die wesentlichen Themen f\u00fcr F\u00fchrungskr\u00e4fte von KMU auf.","publisher":{"@id":"https:\/\/www.organisator.ch\/#organization"},"potentialAction":[{"@type":"SearchAction","target":{"@type":"EntryPoint","urlTemplate":"https:\/\/www.organisator.ch\/?s={search_term_string}"},"query-input":{"@type":"PropertyValueSpecification","valueRequired":true,"valueName":"search_term_string"}}],"inLanguage":"de"},{"@type":"Organization","@id":"https:\/\/www.organisator.ch\/#organization","name":"Organisator","url":"https:\/\/www.organisator.ch\/","logo":{"@type":"ImageObject","inLanguage":"de","@id":"https:\/\/www.organisator.ch\/#\/schema\/logo\/image\/","url":"https:\/\/www.organisator.ch\/wp-content\/uploads\/2022\/01\/Logo_Organisator_Website.png","contentUrl":"https:\/\/www.organisator.ch\/wp-content\/uploads\/2022\/01\/Logo_Organisator_Website.png","width":800,"height":77,"caption":"Organisator"},"image":{"@id":"https:\/\/www.organisator.ch\/#\/schema\/logo\/image\/"},"sameAs":["https:\/\/www.facebook.com\/OrganisatorFachmagazin","https:\/\/www.linkedin.com\/showcase\/organisator-das-magazin-fr-kmu","https:\/\/www.xing.com\/news\/pages\/organisator-ch-695","https:\/\/www.youtube.com\/channel\/UCGP2Sq0iWaZwT3BdIAQFYpw"]},{"@type":"Person","@id":"https:\/\/www.organisator.ch\/#\/schema\/person\/2e1314a2172123f874db408d8911d3f3","name":"Adelisa Kalajdzini","image":{"@type":"ImageObject","inLanguage":"de","@id":"https:\/\/secure.gravatar.com\/avatar\/09a397c22ac58cad6f160ee8306348599df9df58a8ede73696226897b9fa4b24?s=96&d=mm&r=g","url":"https:\/\/secure.gravatar.com\/avatar\/09a397c22ac58cad6f160ee8306348599df9df58a8ede73696226897b9fa4b24?s=96&d=mm&r=g","contentUrl":"https:\/\/secure.gravatar.com\/avatar\/09a397c22ac58cad6f160ee8306348599df9df58a8ede73696226897b9fa4b24?s=96&d=mm&r=g","caption":"Adelisa Kalajdzini"},"url":"https:\/\/www.organisator.ch\/de\/author\/adelisa-kalajdzini\/"}]}},"_links":{"self":[{"href":"https:\/\/www.organisator.ch\/de\/wp-json\/wp\/v2\/posts\/29641","targetHints":{"allow":["GET"]}}],"collection":[{"href":"https:\/\/www.organisator.ch\/de\/wp-json\/wp\/v2\/posts"}],"about":[{"href":"https:\/\/www.organisator.ch\/de\/wp-json\/wp\/v2\/types\/post"}],"author":[{"embeddable":true,"href":"https:\/\/www.organisator.ch\/de\/wp-json\/wp\/v2\/users\/58"}],"replies":[{"embeddable":true,"href":"https:\/\/www.organisator.ch\/de\/wp-json\/wp\/v2\/comments?post=29641"}],"version-history":[{"count":3,"href":"https:\/\/www.organisator.ch\/de\/wp-json\/wp\/v2\/posts\/29641\/revisions"}],"predecessor-version":[{"id":29711,"href":"https:\/\/www.organisator.ch\/de\/wp-json\/wp\/v2\/posts\/29641\/revisions\/29711"}],"wp:featuredmedia":[{"embeddable":true,"href":"https:\/\/www.organisator.ch\/de\/wp-json\/wp\/v2\/media\/29642"}],"wp:attachment":[{"href":"https:\/\/www.organisator.ch\/de\/wp-json\/wp\/v2\/media?parent=29641"}],"wp:term":[{"taxonomy":"category","embeddable":true,"href":"https:\/\/www.organisator.ch\/de\/wp-json\/wp\/v2\/categories?post=29641"},{"taxonomy":"post_tag","embeddable":true,"href":"https:\/\/www.organisator.ch\/de\/wp-json\/wp\/v2\/tags?post=29641"}],"curies":[{"name":"wp","href":"https:\/\/api.w.org\/{rel}","templated":true}]}}