{"id":29648,"date":"2024-09-10T06:46:16","date_gmt":"2024-09-10T04:46:16","guid":{"rendered":"https:\/\/www.organisator.ch\/?p=29648"},"modified":"2024-09-09T14:46:37","modified_gmt":"2024-09-09T12:46:37","slug":"von-kmu-fuer-kmu-parato-ch-unterstuetzt-kmu-bei-der-digitalisierung","status":"publish","type":"post","link":"https:\/\/www.organisator.ch\/de\/operational-excellence\/2024-09-10\/von-kmu-fuer-kmu-parato-ch-unterstuetzt-kmu-bei-der-digitalisierung\/","title":{"rendered":"Von KMU f\u00fcr KMU: Parato.ch unterst\u00fctzt KMU bei der Digitalisierung"},"content":{"rendered":"<figure id=\"attachment_29653\" aria-describedby=\"caption-attachment-29653\" style=\"width: 680px\" class=\"wp-caption alignnone\"><img loading=\"lazy\" decoding=\"async\" class=\"size-full wp-image-29653\" src=\"https:\/\/www.organisator.ch\/wp-content\/uploads\/2024\/09\/Swisscom_Bild1_ps.jpg\" alt=\"\" width=\"680\" height=\"409\" srcset=\"https:\/\/www.organisator.ch\/wp-content\/uploads\/2024\/09\/Swisscom_Bild1_ps.jpg 680w, https:\/\/www.organisator.ch\/wp-content\/uploads\/2024\/09\/Swisscom_Bild1_ps-18x12.jpg 18w, https:\/\/www.organisator.ch\/wp-content\/uploads\/2024\/09\/Swisscom_Bild1_ps-375x226.jpg 375w, https:\/\/www.organisator.ch\/wp-content\/uploads\/2024\/09\/Swisscom_Bild1_ps-582x350.jpg 582w\" sizes=\"auto, (max-width: 680px) 100vw, 680px\" \/><figcaption id=\"caption-attachment-29653\" class=\"wp-caption-text\">Mit Parato.ch erhalten KMU die notwendige Unterst\u00fctzung, um die Digitalisierung voranzutreiben. (Bild: www.depositphotos.com)<\/figcaption><\/figure>\n<p>Die Digitalisierung stellt KMU bekannterweise vor Herausforderungen. Gleichzeitig geben \u00fcber die H\u00e4lfte der KMUs an, zu wenig IT-Wissen zu haben, insbesondere zum relevanten Thema der IT-Sicherheit. Mit Parato.ch erhalten KMU die notwendige Unterst\u00fctzung, um die Digitalisierung im Unternehmen basierend auf einem standardisierten Vorgehen und bew\u00e4hrten L\u00f6sungen gesamthaft voranzutreiben. Die Digitalisierung wird so schneller, g\u00fcnstiger und f\u00fcr jedes KMU realisierbar.<\/p>\n<h3><strong>Digitalisieren auf Augenh\u00f6he <\/strong><\/h3>\n<p>Parato.ch ist ein digitaler Marktplatz, der KMU mit ausgewiesenen Digitalisierungsexperten in der Region vernetzt. Dabei handelt es sich um IT-Betriebe, die \u00fcber die entsprechende Expertise und Erfahrung verf\u00fcgen sowie die Herausforderungen in einem KMU nur zu gut selbst kennen. Als Partner des Vertrauens begleiten sie KMU bei der Digitalisierung vom Netzzugang \u00fcber moderne Arbeitsplatzl\u00f6sungen bis hin zu Marketing- und Vertriebsinstrumenten f\u00fcr nachhaltiges Wachstum. Sie verantworten die Beratung, Planung und Umsetzung von Digitalisierungsmassnahmen. So ist sichergestellt, dass die einzelnen Dienstleistungen und L\u00f6sungen aufeinander abgestimmt sind. Dies ist zentral, um Sicherheitsl\u00fccken zu minimieren und einen reibungslosen Betrieb sicherzustellen.<\/p>\n<p>Parato.ch ist ein offenes \u00d6kosystem und z\u00e4hlt zum Start acht Plattform-Partner. Der Fokus der Gesch\u00e4ftsaktivit\u00e4ten liegt zum Start in der Deutschschweiz. Ziel ist es, das Netzwerk weiter auszubauen.\u00a0<\/p>\n<h3><strong>SwissDigiNet und Swisscom als starkes R\u00fcckgrat<\/strong><\/h3>\n<p>Hinter Parato.ch steht die Parato AG, ein Joint Venture von SwissDigiNet und Swisscom mit Markus M\u00fchlemann als CEO. Beide Unternehmen gestalten die Digitalisierung der Schweizer Wirtschaft bereits heute aktiv mit. Mit dem digitalen Marktplatz soll nun eine Marktl\u00fccke geschlossen werden, um die Bed\u00fcrfnisse von Schweizer KMU noch besser zu adressieren.\u00a0 \u00abUnsere Erfahrung zeigt, dass es in der Schweiz einen hohen Bedarf an abgestimmten L\u00f6sungen im Bereich der Digitalisierung f\u00fcr KMU gibt. Viele Unternehmen haben einen Nachholbedarf und ben\u00f6tigen Unterst\u00fctzung in diesem Bereich. Parato AG schliesst diese L\u00fccke und bietet den KMU eine zuverl\u00e4ssige Plattform an\u00bb, sagt Markus M\u00fchlemann, CEO der Parato AG. Urs Lehner, Leiter Swisscom Business Customers und Mitglied der Swisscom Konzernleitung sagt: \u00abWir wollen gemeinsam die digitale Zukunft gestalten. Daher treiben wir die Digitalisierung der Schweiz aktiv voran und st\u00e4rken mit Parato.ch gleichzeitig die IT-Betriebe in den Regionen.\u00bb<\/p>\n<p>Die Parato AG geh\u00f6rt zu 51% Swisscom und wird als eigenst\u00e4ndiges Tochterunternehmen am Markt agieren. Die Zusammenarbeit mit ihren bestehenden KMU IT-Partnern f\u00fchrt Swisscom wie gewohnt fort.\u00a0<\/p>\n<p><em>Quelle: <a href=\"http:\/\/www.swisscom.ch\">www.swisscom.ch<\/a> \/ <a href=\"http:\/\/www.parato.ch\">www.parato.ch<\/a><\/em><\/p>\n","protected":false},"excerpt":{"rendered":"<p>Die Plattform Parato.ch vernetzt KMU mit Experten und unterst\u00fctzt sie bei der Digitalisierung &#8211; dank bew\u00e4hrten Standardangeboten schneller und letztlich g\u00fcnstiger. Die Experten stehen dem KMU zur Seite von der Beratung bis hin zur Umsetzung von ganzheitlichen Digitalisierungsmassnahmen. Parato AG ist ein Joint Venture von SwissDigiNet und Swisscom. CEO ist Markus M\u00fchlemann.  <\/p>\n","protected":false},"author":58,"featured_media":29653,"comment_status":"closed","ping_status":"closed","sticky":false,"template":"","format":"standard","meta":{"_acf_changed":false,"_yoast_wpseo_focuskw":"Parato.ch","_yoast_wpseo_metadesc":"Die Plattform Parato.ch vernetzt KMU mit Experten und unterst\u00fctzt sie bei der Digitalisierung - dank bew\u00e4hrten Standardangeboten schneller und letztlich g\u00fcnstiger.","articlekey":"","footnotes":""},"categories":[582],"tags":[156,301,2755,2962,492],"class_list":["post-29648","post","type-post","status-publish","format-standard","has-post-thumbnail","hentry","category-operational-excellence","tag-digitalisierung","tag-kmu","tag-operational-excellence","tag-swisscom","tag-unternehmen"],"acf":[],"yoast_head":"<!-- This site is optimized with the Yoast SEO plugin v27.5 - https:\/\/yoast.com\/product\/yoast-seo-wordpress\/ -->\n<title>Von KMU f\u00fcr KMU: Parato.ch unterst\u00fctzt KMU bei der Digitalisierung - Organisator<\/title>\n<meta name=\"description\" content=\"Die Plattform Parato.ch vernetzt KMU mit Experten und unterst\u00fctzt sie bei der Digitalisierung - dank bew\u00e4hrten Standardangeboten schneller und letztlich g\u00fcnstiger.\" \/>\n<meta name=\"robots\" content=\"index, follow, max-snippet:-1, max-image-preview:large, max-video-preview:-1\" \/>\n<link rel=\"canonical\" href=\"https:\/\/www.organisator.ch\/de\/operational-excellence\/2024-09-10\/von-kmu-fuer-kmu-parato-ch-unterstuetzt-kmu-bei-der-digitalisierung\/\" \/>\n<meta property=\"og:locale\" content=\"de_DE\" \/>\n<meta property=\"og:type\" content=\"article\" \/>\n<meta property=\"og:title\" content=\"Von KMU f\u00fcr KMU: Parato.ch unterst\u00fctzt KMU bei der Digitalisierung\" \/>\n<meta property=\"og:description\" content=\"Die Plattform Parato.ch vernetzt KMU mit Experten und unterst\u00fctzt sie bei der Digitalisierung - dank bew\u00e4hrten Standardangeboten schneller und letztlich g\u00fcnstiger.\" \/>\n<meta property=\"og:url\" content=\"https:\/\/www.organisator.ch\/de\/operational-excellence\/2024-09-10\/von-kmu-fuer-kmu-parato-ch-unterstuetzt-kmu-bei-der-digitalisierung\/\" \/>\n<meta property=\"og:site_name\" content=\"Organisator\" \/>\n<meta property=\"article:publisher\" content=\"https:\/\/www.facebook.com\/OrganisatorFachmagazin\" \/>\n<meta property=\"article:published_time\" content=\"2024-09-10T04:46:16+00:00\" \/>\n<meta property=\"og:image\" content=\"https:\/\/www.organisator.ch\/wp-content\/uploads\/2024\/09\/Swisscom_Bild1_ps.jpg\" \/>\n\t<meta property=\"og:image:width\" content=\"680\" \/>\n\t<meta property=\"og:image:height\" content=\"409\" \/>\n\t<meta property=\"og:image:type\" content=\"image\/jpeg\" \/>\n<meta name=\"author\" content=\"Adelisa Kalajdzini\" \/>\n<meta name=\"twitter:card\" content=\"summary_large_image\" \/>\n<meta name=\"twitter:title\" content=\"Von KMU f\u00fcr KMU: Parato.ch unterst\u00fctzt KMU bei der Digitalisierung\" \/>\n<meta name=\"twitter:description\" content=\"Die Plattform #Parato.ch vernetzt #KMU mit #Experten und unterst\u00fctzt sie bei der #Digitalisierung - dank bew\u00e4hrten #Standardangeboten schneller und letztlich g\u00fcnstiger.\" \/>\n<meta name=\"twitter:image\" content=\"https:\/\/www.organisator.ch\/wp-content\/uploads\/2024\/09\/Swisscom_Bild1_ps.jpg\" \/>\n<script type=\"application\/ld+json\" class=\"yoast-schema-graph\">{\"@context\":\"https:\\\/\\\/schema.org\",\"@graph\":[{\"@type\":\"Article\",\"@id\":\"https:\\\/\\\/www.organisator.ch\\\/operational-excellence\\\/2024-09-10\\\/von-kmu-fuer-kmu-parato-ch-unterstuetzt-kmu-bei-der-digitalisierung\\\/#article\",\"isPartOf\":{\"@id\":\"https:\\\/\\\/www.organisator.ch\\\/operational-excellence\\\/2024-09-10\\\/von-kmu-fuer-kmu-parato-ch-unterstuetzt-kmu-bei-der-digitalisierung\\\/\"},\"author\":{\"name\":\"Adelisa Kalajdzini\",\"@id\":\"https:\\\/\\\/www.organisator.ch\\\/#\\\/schema\\\/person\\\/2e1314a2172123f874db408d8911d3f3\"},\"headline\":\"Von KMU f\u00fcr KMU: Parato.ch unterst\u00fctzt KMU bei der Digitalisierung\",\"datePublished\":\"2024-09-10T04:46:16+00:00\",\"mainEntityOfPage\":{\"@id\":\"https:\\\/\\\/www.organisator.ch\\\/operational-excellence\\\/2024-09-10\\\/von-kmu-fuer-kmu-parato-ch-unterstuetzt-kmu-bei-der-digitalisierung\\\/\"},\"wordCount\":437,\"publisher\":{\"@id\":\"https:\\\/\\\/www.organisator.ch\\\/#organization\"},\"image\":{\"@id\":\"https:\\\/\\\/www.organisator.ch\\\/operational-excellence\\\/2024-09-10\\\/von-kmu-fuer-kmu-parato-ch-unterstuetzt-kmu-bei-der-digitalisierung\\\/#primaryimage\"},\"thumbnailUrl\":\"https:\\\/\\\/www.organisator.ch\\\/wp-content\\\/uploads\\\/2024\\\/09\\\/Swisscom_Bild1_ps.jpg\",\"keywords\":[\"Digitalisierung\",\"KMU\",\"OPERATIONAL EXCELLENCE\",\"Swisscom\",\"Unternehmen\"],\"articleSection\":[\"OPERATIONAL EXCELLENCE\"],\"inLanguage\":\"de\"},{\"@type\":\"WebPage\",\"@id\":\"https:\\\/\\\/www.organisator.ch\\\/operational-excellence\\\/2024-09-10\\\/von-kmu-fuer-kmu-parato-ch-unterstuetzt-kmu-bei-der-digitalisierung\\\/\",\"url\":\"https:\\\/\\\/www.organisator.ch\\\/operational-excellence\\\/2024-09-10\\\/von-kmu-fuer-kmu-parato-ch-unterstuetzt-kmu-bei-der-digitalisierung\\\/\",\"name\":\"Von KMU f\u00fcr KMU: Parato.ch unterst\u00fctzt KMU bei der Digitalisierung - Organisator\",\"isPartOf\":{\"@id\":\"https:\\\/\\\/www.organisator.ch\\\/#website\"},\"primaryImageOfPage\":{\"@id\":\"https:\\\/\\\/www.organisator.ch\\\/operational-excellence\\\/2024-09-10\\\/von-kmu-fuer-kmu-parato-ch-unterstuetzt-kmu-bei-der-digitalisierung\\\/#primaryimage\"},\"image\":{\"@id\":\"https:\\\/\\\/www.organisator.ch\\\/operational-excellence\\\/2024-09-10\\\/von-kmu-fuer-kmu-parato-ch-unterstuetzt-kmu-bei-der-digitalisierung\\\/#primaryimage\"},\"thumbnailUrl\":\"https:\\\/\\\/www.organisator.ch\\\/wp-content\\\/uploads\\\/2024\\\/09\\\/Swisscom_Bild1_ps.jpg\",\"datePublished\":\"2024-09-10T04:46:16+00:00\",\"description\":\"Die Plattform Parato.ch vernetzt KMU mit Experten und unterst\u00fctzt sie bei der Digitalisierung - dank bew\u00e4hrten Standardangeboten schneller und letztlich g\u00fcnstiger.\",\"breadcrumb\":{\"@id\":\"https:\\\/\\\/www.organisator.ch\\\/operational-excellence\\\/2024-09-10\\\/von-kmu-fuer-kmu-parato-ch-unterstuetzt-kmu-bei-der-digitalisierung\\\/#breadcrumb\"},\"inLanguage\":\"de\",\"potentialAction\":[{\"@type\":\"ReadAction\",\"target\":[\"https:\\\/\\\/www.organisator.ch\\\/operational-excellence\\\/2024-09-10\\\/von-kmu-fuer-kmu-parato-ch-unterstuetzt-kmu-bei-der-digitalisierung\\\/\"]}]},{\"@type\":\"ImageObject\",\"inLanguage\":\"de\",\"@id\":\"https:\\\/\\\/www.organisator.ch\\\/operational-excellence\\\/2024-09-10\\\/von-kmu-fuer-kmu-parato-ch-unterstuetzt-kmu-bei-der-digitalisierung\\\/#primaryimage\",\"url\":\"https:\\\/\\\/www.organisator.ch\\\/wp-content\\\/uploads\\\/2024\\\/09\\\/Swisscom_Bild1_ps.jpg\",\"contentUrl\":\"https:\\\/\\\/www.organisator.ch\\\/wp-content\\\/uploads\\\/2024\\\/09\\\/Swisscom_Bild1_ps.jpg\",\"width\":680,\"height\":409,\"caption\":\"Mit Parato.ch erhalten KMU die notwendige Unterst\u00fctzung, um die Digitalisierung voranzutreiben. (Bild: www.depositphotos.com)\"},{\"@type\":\"BreadcrumbList\",\"@id\":\"https:\\\/\\\/www.organisator.ch\\\/operational-excellence\\\/2024-09-10\\\/von-kmu-fuer-kmu-parato-ch-unterstuetzt-kmu-bei-der-digitalisierung\\\/#breadcrumb\",\"itemListElement\":[{\"@type\":\"ListItem\",\"position\":1,\"name\":\"Home\",\"item\":\"https:\\\/\\\/www.organisator.ch\\\/\"},{\"@type\":\"ListItem\",\"position\":2,\"name\":\"Von KMU f\u00fcr KMU: Parato.ch unterst\u00fctzt KMU bei der Digitalisierung\"}]},{\"@type\":\"WebSite\",\"@id\":\"https:\\\/\\\/www.organisator.ch\\\/#website\",\"url\":\"https:\\\/\\\/www.organisator.ch\\\/\",\"name\":\"Organisator\",\"description\":\"Kompetent. Praxisnah. Der ORGANISATOR bereitet in 10 Ausgaben pro Jahr die wesentlichen Themen f\u00fcr F\u00fchrungskr\u00e4fte von KMU auf.\",\"publisher\":{\"@id\":\"https:\\\/\\\/www.organisator.ch\\\/#organization\"},\"potentialAction\":[{\"@type\":\"SearchAction\",\"target\":{\"@type\":\"EntryPoint\",\"urlTemplate\":\"https:\\\/\\\/www.organisator.ch\\\/?s={search_term_string}\"},\"query-input\":{\"@type\":\"PropertyValueSpecification\",\"valueRequired\":true,\"valueName\":\"search_term_string\"}}],\"inLanguage\":\"de\"},{\"@type\":\"Organization\",\"@id\":\"https:\\\/\\\/www.organisator.ch\\\/#organization\",\"name\":\"Organisator\",\"url\":\"https:\\\/\\\/www.organisator.ch\\\/\",\"logo\":{\"@type\":\"ImageObject\",\"inLanguage\":\"de\",\"@id\":\"https:\\\/\\\/www.organisator.ch\\\/#\\\/schema\\\/logo\\\/image\\\/\",\"url\":\"https:\\\/\\\/www.organisator.ch\\\/wp-content\\\/uploads\\\/2022\\\/01\\\/Logo_Organisator_Website.png\",\"contentUrl\":\"https:\\\/\\\/www.organisator.ch\\\/wp-content\\\/uploads\\\/2022\\\/01\\\/Logo_Organisator_Website.png\",\"width\":800,\"height\":77,\"caption\":\"Organisator\"},\"image\":{\"@id\":\"https:\\\/\\\/www.organisator.ch\\\/#\\\/schema\\\/logo\\\/image\\\/\"},\"sameAs\":[\"https:\\\/\\\/www.facebook.com\\\/OrganisatorFachmagazin\",\"https:\\\/\\\/www.linkedin.com\\\/showcase\\\/organisator-das-magazin-fr-kmu\",\"https:\\\/\\\/www.xing.com\\\/news\\\/pages\\\/organisator-ch-695\",\"https:\\\/\\\/www.youtube.com\\\/channel\\\/UCGP2Sq0iWaZwT3BdIAQFYpw\"]},{\"@type\":\"Person\",\"@id\":\"https:\\\/\\\/www.organisator.ch\\\/#\\\/schema\\\/person\\\/2e1314a2172123f874db408d8911d3f3\",\"name\":\"Adelisa Kalajdzini\",\"image\":{\"@type\":\"ImageObject\",\"inLanguage\":\"de\",\"@id\":\"https:\\\/\\\/secure.gravatar.com\\\/avatar\\\/09a397c22ac58cad6f160ee8306348599df9df58a8ede73696226897b9fa4b24?s=96&d=mm&r=g\",\"url\":\"https:\\\/\\\/secure.gravatar.com\\\/avatar\\\/09a397c22ac58cad6f160ee8306348599df9df58a8ede73696226897b9fa4b24?s=96&d=mm&r=g\",\"contentUrl\":\"https:\\\/\\\/secure.gravatar.com\\\/avatar\\\/09a397c22ac58cad6f160ee8306348599df9df58a8ede73696226897b9fa4b24?s=96&d=mm&r=g\",\"caption\":\"Adelisa Kalajdzini\"},\"url\":\"https:\\\/\\\/www.organisator.ch\\\/de\\\/author\\\/adelisa-kalajdzini\\\/\"}]}<\/script>\n<!-- \/ Yoast SEO plugin. -->","yoast_head_json":{"title":"Von KMU f\u00fcr KMU: Parato.ch unterst\u00fctzt KMU bei der Digitalisierung - Organisator","description":"Die Plattform Parato.ch vernetzt KMU mit Experten und unterst\u00fctzt sie bei der Digitalisierung - dank bew\u00e4hrten Standardangeboten schneller und letztlich g\u00fcnstiger.","robots":{"index":"index","follow":"follow","max-snippet":"max-snippet:-1","max-image-preview":"max-image-preview:large","max-video-preview":"max-video-preview:-1"},"canonical":"https:\/\/www.organisator.ch\/de\/operational-excellence\/2024-09-10\/von-kmu-fuer-kmu-parato-ch-unterstuetzt-kmu-bei-der-digitalisierung\/","og_locale":"de_DE","og_type":"article","og_title":"Von KMU f\u00fcr KMU: Parato.ch unterst\u00fctzt KMU bei der Digitalisierung","og_description":"Die Plattform Parato.ch vernetzt KMU mit Experten und unterst\u00fctzt sie bei der Digitalisierung - dank bew\u00e4hrten Standardangeboten schneller und letztlich g\u00fcnstiger.","og_url":"https:\/\/www.organisator.ch\/de\/operational-excellence\/2024-09-10\/von-kmu-fuer-kmu-parato-ch-unterstuetzt-kmu-bei-der-digitalisierung\/","og_site_name":"Organisator","article_publisher":"https:\/\/www.facebook.com\/OrganisatorFachmagazin","article_published_time":"2024-09-10T04:46:16+00:00","og_image":[{"width":680,"height":409,"url":"https:\/\/www.organisator.ch\/wp-content\/uploads\/2024\/09\/Swisscom_Bild1_ps.jpg","type":"image\/jpeg"}],"author":"Adelisa Kalajdzini","twitter_card":"summary_large_image","twitter_title":"Von KMU f\u00fcr KMU: Parato.ch unterst\u00fctzt KMU bei der Digitalisierung","twitter_description":"Die Plattform #Parato.ch vernetzt #KMU mit #Experten und unterst\u00fctzt sie bei der #Digitalisierung - dank bew\u00e4hrten #Standardangeboten schneller und letztlich g\u00fcnstiger.","twitter_image":"https:\/\/www.organisator.ch\/wp-content\/uploads\/2024\/09\/Swisscom_Bild1_ps.jpg","schema":{"@context":"https:\/\/schema.org","@graph":[{"@type":"Article","@id":"https:\/\/www.organisator.ch\/operational-excellence\/2024-09-10\/von-kmu-fuer-kmu-parato-ch-unterstuetzt-kmu-bei-der-digitalisierung\/#article","isPartOf":{"@id":"https:\/\/www.organisator.ch\/operational-excellence\/2024-09-10\/von-kmu-fuer-kmu-parato-ch-unterstuetzt-kmu-bei-der-digitalisierung\/"},"author":{"name":"Adelisa Kalajdzini","@id":"https:\/\/www.organisator.ch\/#\/schema\/person\/2e1314a2172123f874db408d8911d3f3"},"headline":"Von KMU f\u00fcr KMU: Parato.ch unterst\u00fctzt KMU bei der Digitalisierung","datePublished":"2024-09-10T04:46:16+00:00","mainEntityOfPage":{"@id":"https:\/\/www.organisator.ch\/operational-excellence\/2024-09-10\/von-kmu-fuer-kmu-parato-ch-unterstuetzt-kmu-bei-der-digitalisierung\/"},"wordCount":437,"publisher":{"@id":"https:\/\/www.organisator.ch\/#organization"},"image":{"@id":"https:\/\/www.organisator.ch\/operational-excellence\/2024-09-10\/von-kmu-fuer-kmu-parato-ch-unterstuetzt-kmu-bei-der-digitalisierung\/#primaryimage"},"thumbnailUrl":"https:\/\/www.organisator.ch\/wp-content\/uploads\/2024\/09\/Swisscom_Bild1_ps.jpg","keywords":["Digitalisierung","KMU","OPERATIONAL EXCELLENCE","Swisscom","Unternehmen"],"articleSection":["OPERATIONAL EXCELLENCE"],"inLanguage":"de"},{"@type":"WebPage","@id":"https:\/\/www.organisator.ch\/operational-excellence\/2024-09-10\/von-kmu-fuer-kmu-parato-ch-unterstuetzt-kmu-bei-der-digitalisierung\/","url":"https:\/\/www.organisator.ch\/operational-excellence\/2024-09-10\/von-kmu-fuer-kmu-parato-ch-unterstuetzt-kmu-bei-der-digitalisierung\/","name":"Von KMU f\u00fcr KMU: Parato.ch unterst\u00fctzt KMU bei der Digitalisierung - Organisator","isPartOf":{"@id":"https:\/\/www.organisator.ch\/#website"},"primaryImageOfPage":{"@id":"https:\/\/www.organisator.ch\/operational-excellence\/2024-09-10\/von-kmu-fuer-kmu-parato-ch-unterstuetzt-kmu-bei-der-digitalisierung\/#primaryimage"},"image":{"@id":"https:\/\/www.organisator.ch\/operational-excellence\/2024-09-10\/von-kmu-fuer-kmu-parato-ch-unterstuetzt-kmu-bei-der-digitalisierung\/#primaryimage"},"thumbnailUrl":"https:\/\/www.organisator.ch\/wp-content\/uploads\/2024\/09\/Swisscom_Bild1_ps.jpg","datePublished":"2024-09-10T04:46:16+00:00","description":"Die Plattform Parato.ch vernetzt KMU mit Experten und unterst\u00fctzt sie bei der Digitalisierung - dank bew\u00e4hrten Standardangeboten schneller und letztlich g\u00fcnstiger.","breadcrumb":{"@id":"https:\/\/www.organisator.ch\/operational-excellence\/2024-09-10\/von-kmu-fuer-kmu-parato-ch-unterstuetzt-kmu-bei-der-digitalisierung\/#breadcrumb"},"inLanguage":"de","potentialAction":[{"@type":"ReadAction","target":["https:\/\/www.organisator.ch\/operational-excellence\/2024-09-10\/von-kmu-fuer-kmu-parato-ch-unterstuetzt-kmu-bei-der-digitalisierung\/"]}]},{"@type":"ImageObject","inLanguage":"de","@id":"https:\/\/www.organisator.ch\/operational-excellence\/2024-09-10\/von-kmu-fuer-kmu-parato-ch-unterstuetzt-kmu-bei-der-digitalisierung\/#primaryimage","url":"https:\/\/www.organisator.ch\/wp-content\/uploads\/2024\/09\/Swisscom_Bild1_ps.jpg","contentUrl":"https:\/\/www.organisator.ch\/wp-content\/uploads\/2024\/09\/Swisscom_Bild1_ps.jpg","width":680,"height":409,"caption":"Mit Parato.ch erhalten KMU die notwendige Unterst\u00fctzung, um die Digitalisierung voranzutreiben. (Bild: www.depositphotos.com)"},{"@type":"BreadcrumbList","@id":"https:\/\/www.organisator.ch\/operational-excellence\/2024-09-10\/von-kmu-fuer-kmu-parato-ch-unterstuetzt-kmu-bei-der-digitalisierung\/#breadcrumb","itemListElement":[{"@type":"ListItem","position":1,"name":"Home","item":"https:\/\/www.organisator.ch\/"},{"@type":"ListItem","position":2,"name":"Von KMU f\u00fcr KMU: Parato.ch unterst\u00fctzt KMU bei der Digitalisierung"}]},{"@type":"WebSite","@id":"https:\/\/www.organisator.ch\/#website","url":"https:\/\/www.organisator.ch\/","name":"Organisator","description":"Kompetent. Praxisnah. Der ORGANISATOR bereitet in 10 Ausgaben pro Jahr die wesentlichen Themen f\u00fcr F\u00fchrungskr\u00e4fte von KMU auf.","publisher":{"@id":"https:\/\/www.organisator.ch\/#organization"},"potentialAction":[{"@type":"SearchAction","target":{"@type":"EntryPoint","urlTemplate":"https:\/\/www.organisator.ch\/?s={search_term_string}"},"query-input":{"@type":"PropertyValueSpecification","valueRequired":true,"valueName":"search_term_string"}}],"inLanguage":"de"},{"@type":"Organization","@id":"https:\/\/www.organisator.ch\/#organization","name":"Organisator","url":"https:\/\/www.organisator.ch\/","logo":{"@type":"ImageObject","inLanguage":"de","@id":"https:\/\/www.organisator.ch\/#\/schema\/logo\/image\/","url":"https:\/\/www.organisator.ch\/wp-content\/uploads\/2022\/01\/Logo_Organisator_Website.png","contentUrl":"https:\/\/www.organisator.ch\/wp-content\/uploads\/2022\/01\/Logo_Organisator_Website.png","width":800,"height":77,"caption":"Organisator"},"image":{"@id":"https:\/\/www.organisator.ch\/#\/schema\/logo\/image\/"},"sameAs":["https:\/\/www.facebook.com\/OrganisatorFachmagazin","https:\/\/www.linkedin.com\/showcase\/organisator-das-magazin-fr-kmu","https:\/\/www.xing.com\/news\/pages\/organisator-ch-695","https:\/\/www.youtube.com\/channel\/UCGP2Sq0iWaZwT3BdIAQFYpw"]},{"@type":"Person","@id":"https:\/\/www.organisator.ch\/#\/schema\/person\/2e1314a2172123f874db408d8911d3f3","name":"Adelisa Kalajdzini","image":{"@type":"ImageObject","inLanguage":"de","@id":"https:\/\/secure.gravatar.com\/avatar\/09a397c22ac58cad6f160ee8306348599df9df58a8ede73696226897b9fa4b24?s=96&d=mm&r=g","url":"https:\/\/secure.gravatar.com\/avatar\/09a397c22ac58cad6f160ee8306348599df9df58a8ede73696226897b9fa4b24?s=96&d=mm&r=g","contentUrl":"https:\/\/secure.gravatar.com\/avatar\/09a397c22ac58cad6f160ee8306348599df9df58a8ede73696226897b9fa4b24?s=96&d=mm&r=g","caption":"Adelisa Kalajdzini"},"url":"https:\/\/www.organisator.ch\/de\/author\/adelisa-kalajdzini\/"}]}},"_links":{"self":[{"href":"https:\/\/www.organisator.ch\/de\/wp-json\/wp\/v2\/posts\/29648","targetHints":{"allow":["GET"]}}],"collection":[{"href":"https:\/\/www.organisator.ch\/de\/wp-json\/wp\/v2\/posts"}],"about":[{"href":"https:\/\/www.organisator.ch\/de\/wp-json\/wp\/v2\/types\/post"}],"author":[{"embeddable":true,"href":"https:\/\/www.organisator.ch\/de\/wp-json\/wp\/v2\/users\/58"}],"replies":[{"embeddable":true,"href":"https:\/\/www.organisator.ch\/de\/wp-json\/wp\/v2\/comments?post=29648"}],"version-history":[{"count":3,"href":"https:\/\/www.organisator.ch\/de\/wp-json\/wp\/v2\/posts\/29648\/revisions"}],"predecessor-version":[{"id":29708,"href":"https:\/\/www.organisator.ch\/de\/wp-json\/wp\/v2\/posts\/29648\/revisions\/29708"}],"wp:featuredmedia":[{"embeddable":true,"href":"https:\/\/www.organisator.ch\/de\/wp-json\/wp\/v2\/media\/29653"}],"wp:attachment":[{"href":"https:\/\/www.organisator.ch\/de\/wp-json\/wp\/v2\/media?parent=29648"}],"wp:term":[{"taxonomy":"category","embeddable":true,"href":"https:\/\/www.organisator.ch\/de\/wp-json\/wp\/v2\/categories?post=29648"},{"taxonomy":"post_tag","embeddable":true,"href":"https:\/\/www.organisator.ch\/de\/wp-json\/wp\/v2\/tags?post=29648"}],"curies":[{"name":"wp","href":"https:\/\/api.w.org\/{rel}","templated":true}]}}