{"id":29649,"date":"2024-09-09T14:28:29","date_gmt":"2024-09-09T12:28:29","guid":{"rendered":"https:\/\/www.markt-kom.com\/?p=222995"},"modified":"2024-11-08T10:19:29","modified_gmt":"2024-11-08T09:19:29","slug":"blasto-mit-neuer-webseite","status":"publish","type":"post","link":"https:\/\/www.organisator.ch\/de\/marketing\/2024-09-09\/blasto-mit-neuer-webseite\/","title":{"rendered":"Blasto mit neuer Webseite"},"content":{"rendered":"<p><img class=\"alignnone wp-image-222996 size-full\" src=\"https:\/\/www.markt-kom.com\/wp-content\/uploads\/2024\/09\/image004-scaled.jpg\" alt=\"Blasto Event-Organisation Online-Tool\" width=\"1400\" height=\"934\" \/>Im Zeitalter von KI gewinnen reale Erlebnisse nach wie vor an Bedeutung. Pers\u00f6nliche Events, die im Ged\u00e4chtnis bleiben, erfordern nicht nur kreative Ideen, sondern auch perfekte Planung. Genau hier setzt die Blasto an: Mit der Kombination aus Tradition, Stilbewusstsein und moderner Online-Technologie erleichtert sie die Organisation von Veranstaltungen \u2013 von kleinen Familienfeiern bis hin zu gro\u00dfen Firmenevents.<\/p>\r\n<h3>Neues Online-Anfrage-Tool: Einfach, schnell und individuell<\/h3>\r\n<p>Ein Highlight des neuen Webauftritts ist das benutzerfreundliche Online-Anfrage-Tool, das eine intuitive Planung erm\u00f6glicht. Nutzer:innen k\u00f6nnen gezielt nach Mietmobiliar filtern, passende Kombinationsvorschl\u00e4ge einsehen und ihre Wunschliste mit wenigen Klicks zusammenstellen. Ein besonderes Feature ist der pers\u00f6nliche Login-Bereich, in dem Event-Projekte verwaltet und angepasst werden k\u00f6nnen.<\/p>\r\n<p>Mit der neuen Plattform bietet Blasto nicht nur moderne Technologie, sondern auch massgeschneiderte L\u00f6sungen f\u00fcr jeden Event. Ob St\u00fchle, Tische, Beleuchtung oder Zelte \u2013 alles l\u00e4sst sich online nach Farbe und Funktionalit\u00e4t ausw\u00e4hlen und kombinieren.<\/p>\r\n<p>\u00abUnsere neue Website spiegelt unser Engagement f\u00fcr Innovation und Kundenzufriedenheit wider\u00bb, sagt Rosanna Lopomo, Gesch\u00e4ftsf\u00fchrerin der Blasto AG. \u00abWir m\u00f6chten unseren Kund:innen nicht nur die besten Produkte anbieten, sondern auch eine Plattform, die es ihnen erm\u00f6glicht, ihre Veranstaltungen effizient und stressfrei zu planen.\u00bb<\/p>\r\n<hr \/>\r\n<p>&nbsp;<\/p>\r\n<p><em>Die Blasto AG mit Sitz in Rapperswil-Jona (SG) und einer weiteren Niederlassung in Pratteln (BL) ist seit <\/em><em>\u00fcber 40 Jahren der f\u00fchrende Anbieter von Mietzelten und Mietmobiliar in der Schweiz. Das Unternehmen steht <\/em><em>f\u00fcr Qualit\u00e4t, Flexibilit\u00e4t und au\u00dfergew\u00f6hnlichen Kundenservice.\u00a0<\/em><\/p>","protected":false},"excerpt":{"rendered":"<p>Blasto, f\u00fchrende Schweizer Anbieterin von Mietzelten und Mietmobiliar pr\u00e4sentiert ihren neu gestalteten Auftritt. Damit setzt die Firma einen Schritt in Richtung Zukunft.<\/p>\n","protected":false},"author":8,"featured_media":0,"comment_status":"closed","ping_status":"closed","sticky":false,"template":"","format":"standard","meta":{"_acf_changed":false,"_yoast_wpseo_focuskw":"Blasto Event-Organisation Online-Tool","_yoast_wpseo_metadesc":"Blasto erleichtert Event-Planung mit neuem Online-Tool. Intuitive Funktionen f\u00fcr stressfreie Veranstaltungsorganisation.","articlekey":"","footnotes":""},"categories":[29],"tags":[4476,2717,4345,4477,3357],"class_list":["post-29649","post","type-post","status-publish","format-standard","hentry","category-marketing","tag-blasto","tag-branding","tag-business","tag-eventbauten","tag-live-kommunikation"],"acf":[],"yoast_head":"<!-- This site is optimized with the Yoast SEO plugin v27.4 - https:\/\/yoast.com\/product\/yoast-seo-wordpress\/ -->\n<title>Blasto mit neuer Webseite - Organisator<\/title>\n<meta name=\"description\" content=\"Blasto erleichtert Event-Planung mit neuem Online-Tool. Intuitive Funktionen f\u00fcr stressfreie Veranstaltungsorganisation.\" \/>\n<meta name=\"robots\" content=\"index, follow, max-snippet:-1, max-image-preview:large, max-video-preview:-1\" \/>\n<link rel=\"canonical\" href=\"https:\/\/www.organisator.ch\/de\/marketing\/2024-09-09\/blasto-mit-neuer-webseite\/\" \/>\n<meta property=\"og:locale\" content=\"de_DE\" \/>\n<meta property=\"og:type\" content=\"article\" \/>\n<meta property=\"og:title\" content=\"Blasto mit neuer Webseite - Organisator\" \/>\n<meta property=\"og:description\" content=\"Blasto erleichtert Event-Planung mit neuem Online-Tool. Intuitive Funktionen f\u00fcr stressfreie Veranstaltungsorganisation.\" \/>\n<meta property=\"og:url\" content=\"https:\/\/www.organisator.ch\/de\/marketing\/2024-09-09\/blasto-mit-neuer-webseite\/\" \/>\n<meta property=\"og:site_name\" content=\"Organisator\" \/>\n<meta property=\"article:publisher\" content=\"https:\/\/www.facebook.com\/OrganisatorFachmagazin\" \/>\n<meta property=\"article:published_time\" content=\"2024-09-09T12:28:29+00:00\" \/>\n<meta property=\"article:modified_time\" content=\"2024-11-08T09:19:29+00:00\" \/>\n<meta property=\"og:image\" content=\"https:\/\/www.markt-kom.com\/wp-content\/uploads\/2024\/09\/image004-scaled.jpg\" \/>\n<meta name=\"author\" content=\"galledia\" \/>\n<meta name=\"twitter:card\" content=\"summary_large_image\" \/>\n<meta name=\"twitter:creator\" content=\"@admin\" \/>\n<script type=\"application\/ld+json\" class=\"yoast-schema-graph\">{\"@context\":\"https:\\\/\\\/schema.org\",\"@graph\":[{\"@type\":\"Article\",\"@id\":\"https:\\\/\\\/www.organisator.ch\\\/marketing\\\/2024-09-09\\\/blasto-mit-neuer-webseite\\\/#article\",\"isPartOf\":{\"@id\":\"https:\\\/\\\/www.organisator.ch\\\/marketing\\\/2024-09-09\\\/blasto-mit-neuer-webseite\\\/\"},\"author\":{\"name\":\"galledia\",\"@id\":\"https:\\\/\\\/www.organisator.ch\\\/#\\\/schema\\\/person\\\/4e51799071cd2dd1232ac003643ef5f0\"},\"headline\":\"Blasto mit neuer Webseite\",\"datePublished\":\"2024-09-09T12:28:29+00:00\",\"dateModified\":\"2024-11-08T09:19:29+00:00\",\"mainEntityOfPage\":{\"@id\":\"https:\\\/\\\/www.organisator.ch\\\/marketing\\\/2024-09-09\\\/blasto-mit-neuer-webseite\\\/\"},\"wordCount\":254,\"publisher\":{\"@id\":\"https:\\\/\\\/www.organisator.ch\\\/#organization\"},\"image\":{\"@id\":\"https:\\\/\\\/www.organisator.ch\\\/marketing\\\/2024-09-09\\\/blasto-mit-neuer-webseite\\\/#primaryimage\"},\"thumbnailUrl\":\"https:\\\/\\\/www.markt-kom.com\\\/wp-content\\\/uploads\\\/2024\\\/09\\\/image004-scaled.jpg\",\"keywords\":[\"Blasto\",\"Branding\",\"Business\",\"Eventbauten\",\"Live-Kommunikation\"],\"articleSection\":[\"MARKETING\"],\"inLanguage\":\"de\"},{\"@type\":\"WebPage\",\"@id\":\"https:\\\/\\\/www.organisator.ch\\\/marketing\\\/2024-09-09\\\/blasto-mit-neuer-webseite\\\/\",\"url\":\"https:\\\/\\\/www.organisator.ch\\\/marketing\\\/2024-09-09\\\/blasto-mit-neuer-webseite\\\/\",\"name\":\"Blasto mit neuer Webseite - Organisator\",\"isPartOf\":{\"@id\":\"https:\\\/\\\/www.organisator.ch\\\/#website\"},\"primaryImageOfPage\":{\"@id\":\"https:\\\/\\\/www.organisator.ch\\\/marketing\\\/2024-09-09\\\/blasto-mit-neuer-webseite\\\/#primaryimage\"},\"image\":{\"@id\":\"https:\\\/\\\/www.organisator.ch\\\/marketing\\\/2024-09-09\\\/blasto-mit-neuer-webseite\\\/#primaryimage\"},\"thumbnailUrl\":\"https:\\\/\\\/www.markt-kom.com\\\/wp-content\\\/uploads\\\/2024\\\/09\\\/image004-scaled.jpg\",\"datePublished\":\"2024-09-09T12:28:29+00:00\",\"dateModified\":\"2024-11-08T09:19:29+00:00\",\"description\":\"Blasto erleichtert Event-Planung mit neuem Online-Tool. Intuitive Funktionen f\u00fcr stressfreie Veranstaltungsorganisation.\",\"breadcrumb\":{\"@id\":\"https:\\\/\\\/www.organisator.ch\\\/marketing\\\/2024-09-09\\\/blasto-mit-neuer-webseite\\\/#breadcrumb\"},\"inLanguage\":\"de\",\"potentialAction\":[{\"@type\":\"ReadAction\",\"target\":[\"https:\\\/\\\/www.organisator.ch\\\/marketing\\\/2024-09-09\\\/blasto-mit-neuer-webseite\\\/\"]}]},{\"@type\":\"ImageObject\",\"inLanguage\":\"de\",\"@id\":\"https:\\\/\\\/www.organisator.ch\\\/marketing\\\/2024-09-09\\\/blasto-mit-neuer-webseite\\\/#primaryimage\",\"url\":\"https:\\\/\\\/www.markt-kom.com\\\/wp-content\\\/uploads\\\/2024\\\/09\\\/image004-scaled.jpg\",\"contentUrl\":\"https:\\\/\\\/www.markt-kom.com\\\/wp-content\\\/uploads\\\/2024\\\/09\\\/image004-scaled.jpg\"},{\"@type\":\"BreadcrumbList\",\"@id\":\"https:\\\/\\\/www.organisator.ch\\\/marketing\\\/2024-09-09\\\/blasto-mit-neuer-webseite\\\/#breadcrumb\",\"itemListElement\":[{\"@type\":\"ListItem\",\"position\":1,\"name\":\"Home\",\"item\":\"https:\\\/\\\/www.organisator.ch\\\/\"},{\"@type\":\"ListItem\",\"position\":2,\"name\":\"Blasto mit neuer Webseite\"}]},{\"@type\":\"WebSite\",\"@id\":\"https:\\\/\\\/www.organisator.ch\\\/#website\",\"url\":\"https:\\\/\\\/www.organisator.ch\\\/\",\"name\":\"Organisator\",\"description\":\"Kompetent. Praxisnah. Der ORGANISATOR bereitet in 10 Ausgaben pro Jahr die wesentlichen Themen f\u00fcr F\u00fchrungskr\u00e4fte von KMU auf.\",\"publisher\":{\"@id\":\"https:\\\/\\\/www.organisator.ch\\\/#organization\"},\"potentialAction\":[{\"@type\":\"SearchAction\",\"target\":{\"@type\":\"EntryPoint\",\"urlTemplate\":\"https:\\\/\\\/www.organisator.ch\\\/?s={search_term_string}\"},\"query-input\":{\"@type\":\"PropertyValueSpecification\",\"valueRequired\":true,\"valueName\":\"search_term_string\"}}],\"inLanguage\":\"de\"},{\"@type\":\"Organization\",\"@id\":\"https:\\\/\\\/www.organisator.ch\\\/#organization\",\"name\":\"Organisator\",\"url\":\"https:\\\/\\\/www.organisator.ch\\\/\",\"logo\":{\"@type\":\"ImageObject\",\"inLanguage\":\"de\",\"@id\":\"https:\\\/\\\/www.organisator.ch\\\/#\\\/schema\\\/logo\\\/image\\\/\",\"url\":\"https:\\\/\\\/www.organisator.ch\\\/wp-content\\\/uploads\\\/2022\\\/01\\\/Logo_Organisator_Website.png\",\"contentUrl\":\"https:\\\/\\\/www.organisator.ch\\\/wp-content\\\/uploads\\\/2022\\\/01\\\/Logo_Organisator_Website.png\",\"width\":800,\"height\":77,\"caption\":\"Organisator\"},\"image\":{\"@id\":\"https:\\\/\\\/www.organisator.ch\\\/#\\\/schema\\\/logo\\\/image\\\/\"},\"sameAs\":[\"https:\\\/\\\/www.facebook.com\\\/OrganisatorFachmagazin\",\"https:\\\/\\\/www.linkedin.com\\\/showcase\\\/organisator-das-magazin-fr-kmu\",\"https:\\\/\\\/www.xing.com\\\/news\\\/pages\\\/organisator-ch-695\",\"https:\\\/\\\/www.youtube.com\\\/channel\\\/UCGP2Sq0iWaZwT3BdIAQFYpw\"]},{\"@type\":\"Person\",\"@id\":\"https:\\\/\\\/www.organisator.ch\\\/#\\\/schema\\\/person\\\/4e51799071cd2dd1232ac003643ef5f0\",\"name\":\"galledia\",\"image\":{\"@type\":\"ImageObject\",\"inLanguage\":\"de\",\"@id\":\"https:\\\/\\\/secure.gravatar.com\\\/avatar\\\/78a7f90c01fc2bfc875782a0d4922b37cde2cf184ce347b91316d23cd7f69a36?s=96&d=mm&r=g\",\"url\":\"https:\\\/\\\/secure.gravatar.com\\\/avatar\\\/78a7f90c01fc2bfc875782a0d4922b37cde2cf184ce347b91316d23cd7f69a36?s=96&d=mm&r=g\",\"contentUrl\":\"https:\\\/\\\/secure.gravatar.com\\\/avatar\\\/78a7f90c01fc2bfc875782a0d4922b37cde2cf184ce347b91316d23cd7f69a36?s=96&d=mm&r=g\",\"caption\":\"galledia\"},\"sameAs\":[\"https:\\\/\\\/x.com\\\/admin\"],\"url\":\"https:\\\/\\\/www.organisator.ch\\\/de\\\/author\\\/galledia\\\/\"}]}<\/script>\n<!-- \/ Yoast SEO plugin. -->","yoast_head_json":{"title":"Blasto mit neuer Webseite - Organisator","description":"Blasto erleichtert Event-Planung mit neuem Online-Tool. Intuitive Funktionen f\u00fcr stressfreie Veranstaltungsorganisation.","robots":{"index":"index","follow":"follow","max-snippet":"max-snippet:-1","max-image-preview":"max-image-preview:large","max-video-preview":"max-video-preview:-1"},"canonical":"https:\/\/www.organisator.ch\/de\/marketing\/2024-09-09\/blasto-mit-neuer-webseite\/","og_locale":"de_DE","og_type":"article","og_title":"Blasto mit neuer Webseite - Organisator","og_description":"Blasto erleichtert Event-Planung mit neuem Online-Tool. Intuitive Funktionen f\u00fcr stressfreie Veranstaltungsorganisation.","og_url":"https:\/\/www.organisator.ch\/de\/marketing\/2024-09-09\/blasto-mit-neuer-webseite\/","og_site_name":"Organisator","article_publisher":"https:\/\/www.facebook.com\/OrganisatorFachmagazin","article_published_time":"2024-09-09T12:28:29+00:00","article_modified_time":"2024-11-08T09:19:29+00:00","og_image":[{"url":"https:\/\/www.markt-kom.com\/wp-content\/uploads\/2024\/09\/image004-scaled.jpg","type":"","width":"","height":""}],"author":"galledia","twitter_card":"summary_large_image","twitter_creator":"@admin","schema":{"@context":"https:\/\/schema.org","@graph":[{"@type":"Article","@id":"https:\/\/www.organisator.ch\/marketing\/2024-09-09\/blasto-mit-neuer-webseite\/#article","isPartOf":{"@id":"https:\/\/www.organisator.ch\/marketing\/2024-09-09\/blasto-mit-neuer-webseite\/"},"author":{"name":"galledia","@id":"https:\/\/www.organisator.ch\/#\/schema\/person\/4e51799071cd2dd1232ac003643ef5f0"},"headline":"Blasto mit neuer Webseite","datePublished":"2024-09-09T12:28:29+00:00","dateModified":"2024-11-08T09:19:29+00:00","mainEntityOfPage":{"@id":"https:\/\/www.organisator.ch\/marketing\/2024-09-09\/blasto-mit-neuer-webseite\/"},"wordCount":254,"publisher":{"@id":"https:\/\/www.organisator.ch\/#organization"},"image":{"@id":"https:\/\/www.organisator.ch\/marketing\/2024-09-09\/blasto-mit-neuer-webseite\/#primaryimage"},"thumbnailUrl":"https:\/\/www.markt-kom.com\/wp-content\/uploads\/2024\/09\/image004-scaled.jpg","keywords":["Blasto","Branding","Business","Eventbauten","Live-Kommunikation"],"articleSection":["MARKETING"],"inLanguage":"de"},{"@type":"WebPage","@id":"https:\/\/www.organisator.ch\/marketing\/2024-09-09\/blasto-mit-neuer-webseite\/","url":"https:\/\/www.organisator.ch\/marketing\/2024-09-09\/blasto-mit-neuer-webseite\/","name":"Blasto mit neuer Webseite - Organisator","isPartOf":{"@id":"https:\/\/www.organisator.ch\/#website"},"primaryImageOfPage":{"@id":"https:\/\/www.organisator.ch\/marketing\/2024-09-09\/blasto-mit-neuer-webseite\/#primaryimage"},"image":{"@id":"https:\/\/www.organisator.ch\/marketing\/2024-09-09\/blasto-mit-neuer-webseite\/#primaryimage"},"thumbnailUrl":"https:\/\/www.markt-kom.com\/wp-content\/uploads\/2024\/09\/image004-scaled.jpg","datePublished":"2024-09-09T12:28:29+00:00","dateModified":"2024-11-08T09:19:29+00:00","description":"Blasto erleichtert Event-Planung mit neuem Online-Tool. Intuitive Funktionen f\u00fcr stressfreie Veranstaltungsorganisation.","breadcrumb":{"@id":"https:\/\/www.organisator.ch\/marketing\/2024-09-09\/blasto-mit-neuer-webseite\/#breadcrumb"},"inLanguage":"de","potentialAction":[{"@type":"ReadAction","target":["https:\/\/www.organisator.ch\/marketing\/2024-09-09\/blasto-mit-neuer-webseite\/"]}]},{"@type":"ImageObject","inLanguage":"de","@id":"https:\/\/www.organisator.ch\/marketing\/2024-09-09\/blasto-mit-neuer-webseite\/#primaryimage","url":"https:\/\/www.markt-kom.com\/wp-content\/uploads\/2024\/09\/image004-scaled.jpg","contentUrl":"https:\/\/www.markt-kom.com\/wp-content\/uploads\/2024\/09\/image004-scaled.jpg"},{"@type":"BreadcrumbList","@id":"https:\/\/www.organisator.ch\/marketing\/2024-09-09\/blasto-mit-neuer-webseite\/#breadcrumb","itemListElement":[{"@type":"ListItem","position":1,"name":"Home","item":"https:\/\/www.organisator.ch\/"},{"@type":"ListItem","position":2,"name":"Blasto mit neuer Webseite"}]},{"@type":"WebSite","@id":"https:\/\/www.organisator.ch\/#website","url":"https:\/\/www.organisator.ch\/","name":"Organisator","description":"Kompetent. Praxisnah. Der ORGANISATOR bereitet in 10 Ausgaben pro Jahr die wesentlichen Themen f\u00fcr F\u00fchrungskr\u00e4fte von KMU auf.","publisher":{"@id":"https:\/\/www.organisator.ch\/#organization"},"potentialAction":[{"@type":"SearchAction","target":{"@type":"EntryPoint","urlTemplate":"https:\/\/www.organisator.ch\/?s={search_term_string}"},"query-input":{"@type":"PropertyValueSpecification","valueRequired":true,"valueName":"search_term_string"}}],"inLanguage":"de"},{"@type":"Organization","@id":"https:\/\/www.organisator.ch\/#organization","name":"Organisator","url":"https:\/\/www.organisator.ch\/","logo":{"@type":"ImageObject","inLanguage":"de","@id":"https:\/\/www.organisator.ch\/#\/schema\/logo\/image\/","url":"https:\/\/www.organisator.ch\/wp-content\/uploads\/2022\/01\/Logo_Organisator_Website.png","contentUrl":"https:\/\/www.organisator.ch\/wp-content\/uploads\/2022\/01\/Logo_Organisator_Website.png","width":800,"height":77,"caption":"Organisator"},"image":{"@id":"https:\/\/www.organisator.ch\/#\/schema\/logo\/image\/"},"sameAs":["https:\/\/www.facebook.com\/OrganisatorFachmagazin","https:\/\/www.linkedin.com\/showcase\/organisator-das-magazin-fr-kmu","https:\/\/www.xing.com\/news\/pages\/organisator-ch-695","https:\/\/www.youtube.com\/channel\/UCGP2Sq0iWaZwT3BdIAQFYpw"]},{"@type":"Person","@id":"https:\/\/www.organisator.ch\/#\/schema\/person\/4e51799071cd2dd1232ac003643ef5f0","name":"galledia","image":{"@type":"ImageObject","inLanguage":"de","@id":"https:\/\/secure.gravatar.com\/avatar\/78a7f90c01fc2bfc875782a0d4922b37cde2cf184ce347b91316d23cd7f69a36?s=96&d=mm&r=g","url":"https:\/\/secure.gravatar.com\/avatar\/78a7f90c01fc2bfc875782a0d4922b37cde2cf184ce347b91316d23cd7f69a36?s=96&d=mm&r=g","contentUrl":"https:\/\/secure.gravatar.com\/avatar\/78a7f90c01fc2bfc875782a0d4922b37cde2cf184ce347b91316d23cd7f69a36?s=96&d=mm&r=g","caption":"galledia"},"sameAs":["https:\/\/x.com\/admin"],"url":"https:\/\/www.organisator.ch\/de\/author\/galledia\/"}]}},"_links":{"self":[{"href":"https:\/\/www.organisator.ch\/de\/wp-json\/wp\/v2\/posts\/29649","targetHints":{"allow":["GET"]}}],"collection":[{"href":"https:\/\/www.organisator.ch\/de\/wp-json\/wp\/v2\/posts"}],"about":[{"href":"https:\/\/www.organisator.ch\/de\/wp-json\/wp\/v2\/types\/post"}],"author":[{"embeddable":true,"href":"https:\/\/www.organisator.ch\/de\/wp-json\/wp\/v2\/users\/8"}],"replies":[{"embeddable":true,"href":"https:\/\/www.organisator.ch\/de\/wp-json\/wp\/v2\/comments?post=29649"}],"version-history":[{"count":4,"href":"https:\/\/www.organisator.ch\/de\/wp-json\/wp\/v2\/posts\/29649\/revisions"}],"predecessor-version":[{"id":31966,"href":"https:\/\/www.organisator.ch\/de\/wp-json\/wp\/v2\/posts\/29649\/revisions\/31966"}],"wp:attachment":[{"href":"https:\/\/www.organisator.ch\/de\/wp-json\/wp\/v2\/media?parent=29649"}],"wp:term":[{"taxonomy":"category","embeddable":true,"href":"https:\/\/www.organisator.ch\/de\/wp-json\/wp\/v2\/categories?post=29649"},{"taxonomy":"post_tag","embeddable":true,"href":"https:\/\/www.organisator.ch\/de\/wp-json\/wp\/v2\/tags?post=29649"}],"curies":[{"name":"wp","href":"https:\/\/api.w.org\/{rel}","templated":true}]}}