{"id":29655,"date":"2024-09-10T09:00:26","date_gmt":"2024-09-10T07:00:26","guid":{"rendered":"https:\/\/www.organisator.ch\/?p=29655"},"modified":"2024-09-09T15:18:03","modified_gmt":"2024-09-09T13:18:03","slug":"die-obt-ag-ernennt-zwei-neue-geschaeftsleitungsmitglieder","status":"publish","type":"post","link":"https:\/\/www.organisator.ch\/de\/management\/2024-09-10\/die-obt-ag-ernennt-zwei-neue-geschaeftsleitungsmitglieder\/","title":{"rendered":"Die OBT AG ernennt zwei neue Gesch\u00e4ftsleitungsmitglieder"},"content":{"rendered":"<figure id=\"attachment_29656\" aria-describedby=\"caption-attachment-29656\" style=\"width: 680px\" class=\"wp-caption alignnone\"><img loading=\"lazy\" decoding=\"async\" class=\"size-full wp-image-29656\" src=\"https:\/\/www.organisator.ch\/wp-content\/uploads\/2024\/09\/OBT-AG_Bild1_ps.jpg\" alt=\"\" width=\"680\" height=\"474\" srcset=\"https:\/\/www.organisator.ch\/wp-content\/uploads\/2024\/09\/OBT-AG_Bild1_ps.jpg 680w, https:\/\/www.organisator.ch\/wp-content\/uploads\/2024\/09\/OBT-AG_Bild1_ps-18x12.jpg 18w, https:\/\/www.organisator.ch\/wp-content\/uploads\/2024\/09\/OBT-AG_Bild1_ps-375x261.jpg 375w, https:\/\/www.organisator.ch\/wp-content\/uploads\/2024\/09\/OBT-AG_Bild1_ps-502x350.jpg 502w\" sizes=\"auto, (max-width: 680px) 100vw, 680px\" \/><figcaption id=\"caption-attachment-29656\" class=\"wp-caption-text\">v.l.n.r.: Thomas Z\u00fcger, CEO, Daniel Diethelm, Samuel Kistler, Reto Schaffner, VRP. (Bild: www.obt.ch)<\/figcaption><\/figure>\n<p>Die Partnerversammlung der OBT AG nimmt mit Daniel Diethelm und Samuel Kistler per 1. Oktober 2024 zwei neue Mitglieder in die Gesch\u00e4ftsleitung auf. Daniel Diethelm hat die Rolle als CFO der OBT Gruppe sowie als COO des Fachbereich Informatik inne, Samuel Kistler nimmt als Leiter Treuhand Region Nord Einsitz in die Gesch\u00e4ftsleitung.<\/p>\n<p>Mit der Ernennung der beiden erfahrenen Experten werden einerseits die Fachbereiche Treuhand und Informatik gest\u00e4rkt, andererseits tr\u00e4gt die langj\u00e4hrige externe und interne Fach- und F\u00fchrungserfahrung von Daniel Diethelm und Samuel Kistler massgeblich zur erfolgreichen Zukunft der OBT Gruppe bei.<\/p>\n<h3><strong>Kombination von interner und externer Expertise<\/strong><\/h3>\n<p>Daniel Diethelm startete im Juli 2018 als Leiter des Service Centers bei der OBT AG. W\u00e4hrend der letzten Jahre hat er das stetige Wachstum der Gruppe sowie diverse Projekte erheblich mitgestaltet. Nun ist er in der Rolle als CFO der OBT Gruppe sowie als COO des Fachbereich Informatik t\u00e4tig. Vor seiner T\u00e4tigkeit bei OBT war Daniel Diethelm in diversen Funktionen bei der Credit Suisse und im Bereich Finance &amp; Controlling in der Gesch\u00e4ftsleitung eines internationalen KMU t\u00e4tig. Er hat Betriebswirtschaftslehre an der Universit\u00e4t Z\u00fcrich studiert und ist CFA Charterholder sowie diplomierter Experte in Rechnungslegung und Controlling.<\/p>\n<p>Samuel Kistler ist im Oktober 2023 zur OBT AG gestossen. Seither leitet er die Treuhand Region Nord und treibt im Fachbereich Treuhand die digitale Transformation im voran. Seine Karriere startete er bei E&amp;Y im Bereich Wirtschaftspr\u00fcfung, bevor er eine leitende Funktion im Group Reporting und Controlling bei der Holcim Gruppe \u00fcbernahm. Zuletzt war er Partner bei der Avanta Gruppe. Neben seiner T\u00e4tigkeit bei OBT bringt Samuel Kistler seine Expertise als Handelsrichter am Handelsgericht Z\u00fcrich in der Kammer f\u00fcr Revisions- und Treuhandwesen ein. Er hat in Luzern Wirtschaftsinformatik studiert und ist diplomierter Wirtschaftspr\u00fcfer sowie diplomierter Steuerexperte.<\/p>\n<p>Die Gesch\u00e4ftsleitung ist \u00fcberzeugt, dass Daniel Diethelm und Samuel Kistler mit ihrem fundierten Wissen sowie ihrer F\u00fchrungserfahrung zusammen mit ihren Teams die Zukunft der OBT Gruppe weiterhin entscheidend und erfolgreich pr\u00e4gen werden. Sie w\u00fcnscht beiden viel Freude und Erfolg in ihrer neuen Funktion und freut sich auf die zuk\u00fcnftige Zusammenarbeit.<\/p>\n<p><em>Quelle: <a href=\"http:\/\/www.obt.ch\">www.obt.ch<\/a><\/em><\/p>\n","protected":false},"excerpt":{"rendered":"<p>Die Partnerversammlung der OBT AG nimmt mit Daniel Diethelm und Samuel Kistler per 1. Oktober 2024 zwei neue Mitglieder in die Gesch\u00e4ftsleitung auf.<\/p>\n","protected":false},"author":58,"featured_media":29656,"comment_status":"closed","ping_status":"closed","sticky":false,"template":"","format":"standard","meta":{"_acf_changed":false,"_yoast_wpseo_focuskw":"OBT AG","_yoast_wpseo_metadesc":"Die Partnerversammlung der OBT AG nimmt mit Daniel Diethelm und Samuel Kistler per 1. Oktober 2024 zwei neue Mitglieder in die Gesch\u00e4ftsleitung auf.","articlekey":"","footnotes":""},"categories":[28],"tags":[4285,4144,334,492],"class_list":["post-29655","post","type-post","status-publish","format-standard","has-post-thumbnail","hentry","category-management","tag-expertise","tag-geschaeftsleitungsmitglied","tag-management","tag-unternehmen"],"acf":[],"yoast_head":"<!-- This site is optimized with the Yoast SEO plugin v27.5 - https:\/\/yoast.com\/product\/yoast-seo-wordpress\/ -->\n<title>Die OBT AG ernennt zwei neue Gesch\u00e4ftsleitungsmitglieder - Organisator<\/title>\n<meta name=\"description\" content=\"Die Partnerversammlung der OBT AG nimmt mit Daniel Diethelm und Samuel Kistler per 1. Oktober 2024 zwei neue Mitglieder in die Gesch\u00e4ftsleitung auf.\" \/>\n<meta name=\"robots\" content=\"index, follow, max-snippet:-1, max-image-preview:large, max-video-preview:-1\" \/>\n<link rel=\"canonical\" href=\"https:\/\/www.organisator.ch\/de\/management\/2024-09-10\/die-obt-ag-ernennt-zwei-neue-geschaeftsleitungsmitglieder\/\" \/>\n<meta property=\"og:locale\" content=\"de_DE\" \/>\n<meta property=\"og:type\" content=\"article\" \/>\n<meta property=\"og:title\" content=\"Die OBT AG ernennt zwei neue Gesch\u00e4ftsleitungsmitglieder\" \/>\n<meta property=\"og:description\" content=\"Die Partnerversammlung der OBT AG nimmt mit Daniel Diethelm und Samuel Kistler per 1. Oktober 2024 zwei neue Mitglieder in die Gesch\u00e4ftsleitung auf.\" \/>\n<meta property=\"og:url\" content=\"https:\/\/www.organisator.ch\/de\/management\/2024-09-10\/die-obt-ag-ernennt-zwei-neue-geschaeftsleitungsmitglieder\/\" \/>\n<meta property=\"og:site_name\" content=\"Organisator\" \/>\n<meta property=\"article:publisher\" content=\"https:\/\/www.facebook.com\/OrganisatorFachmagazin\" \/>\n<meta property=\"article:published_time\" content=\"2024-09-10T07:00:26+00:00\" \/>\n<meta property=\"og:image\" content=\"https:\/\/www.organisator.ch\/wp-content\/uploads\/2024\/09\/OBT-AG_Bild1_ps.jpg\" \/>\n\t<meta property=\"og:image:width\" content=\"680\" \/>\n\t<meta property=\"og:image:height\" content=\"474\" \/>\n\t<meta property=\"og:image:type\" content=\"image\/jpeg\" \/>\n<meta name=\"author\" content=\"Adelisa Kalajdzini\" \/>\n<meta name=\"twitter:card\" content=\"summary_large_image\" \/>\n<meta name=\"twitter:title\" content=\"Die OBT AG ernennt zwei neue Gesch\u00e4ftsleitungsmitglieder\" \/>\n<meta name=\"twitter:description\" content=\"Die #Partnerversammlung der #OBT AG nimmt mit #Daniel #Diethelm und #Samuel #Kistler per 1. Oktober 2024 zwei neue Mitglieder in die #Gesch\u00e4ftsleitung auf.\" \/>\n<meta name=\"twitter:image\" content=\"https:\/\/www.organisator.ch\/wp-content\/uploads\/2024\/09\/OBT-AG_Bild1_ps.jpg\" \/>\n<script type=\"application\/ld+json\" class=\"yoast-schema-graph\">{\"@context\":\"https:\\\/\\\/schema.org\",\"@graph\":[{\"@type\":\"Article\",\"@id\":\"https:\\\/\\\/www.organisator.ch\\\/management\\\/2024-09-10\\\/die-obt-ag-ernennt-zwei-neue-geschaeftsleitungsmitglieder\\\/#article\",\"isPartOf\":{\"@id\":\"https:\\\/\\\/www.organisator.ch\\\/management\\\/2024-09-10\\\/die-obt-ag-ernennt-zwei-neue-geschaeftsleitungsmitglieder\\\/\"},\"author\":{\"name\":\"Adelisa Kalajdzini\",\"@id\":\"https:\\\/\\\/www.organisator.ch\\\/#\\\/schema\\\/person\\\/2e1314a2172123f874db408d8911d3f3\"},\"headline\":\"Die OBT AG ernennt zwei neue Gesch\u00e4ftsleitungsmitglieder\",\"datePublished\":\"2024-09-10T07:00:26+00:00\",\"mainEntityOfPage\":{\"@id\":\"https:\\\/\\\/www.organisator.ch\\\/management\\\/2024-09-10\\\/die-obt-ag-ernennt-zwei-neue-geschaeftsleitungsmitglieder\\\/\"},\"wordCount\":397,\"publisher\":{\"@id\":\"https:\\\/\\\/www.organisator.ch\\\/#organization\"},\"image\":{\"@id\":\"https:\\\/\\\/www.organisator.ch\\\/management\\\/2024-09-10\\\/die-obt-ag-ernennt-zwei-neue-geschaeftsleitungsmitglieder\\\/#primaryimage\"},\"thumbnailUrl\":\"https:\\\/\\\/www.organisator.ch\\\/wp-content\\\/uploads\\\/2024\\\/09\\\/OBT-AG_Bild1_ps.jpg\",\"keywords\":[\"Expertise\",\"Gesch\u00e4ftsleitungsmitglied\",\"Management\",\"Unternehmen\"],\"articleSection\":[\"MANAGEMENT\"],\"inLanguage\":\"de\"},{\"@type\":\"WebPage\",\"@id\":\"https:\\\/\\\/www.organisator.ch\\\/management\\\/2024-09-10\\\/die-obt-ag-ernennt-zwei-neue-geschaeftsleitungsmitglieder\\\/\",\"url\":\"https:\\\/\\\/www.organisator.ch\\\/management\\\/2024-09-10\\\/die-obt-ag-ernennt-zwei-neue-geschaeftsleitungsmitglieder\\\/\",\"name\":\"Die OBT AG ernennt zwei neue Gesch\u00e4ftsleitungsmitglieder - Organisator\",\"isPartOf\":{\"@id\":\"https:\\\/\\\/www.organisator.ch\\\/#website\"},\"primaryImageOfPage\":{\"@id\":\"https:\\\/\\\/www.organisator.ch\\\/management\\\/2024-09-10\\\/die-obt-ag-ernennt-zwei-neue-geschaeftsleitungsmitglieder\\\/#primaryimage\"},\"image\":{\"@id\":\"https:\\\/\\\/www.organisator.ch\\\/management\\\/2024-09-10\\\/die-obt-ag-ernennt-zwei-neue-geschaeftsleitungsmitglieder\\\/#primaryimage\"},\"thumbnailUrl\":\"https:\\\/\\\/www.organisator.ch\\\/wp-content\\\/uploads\\\/2024\\\/09\\\/OBT-AG_Bild1_ps.jpg\",\"datePublished\":\"2024-09-10T07:00:26+00:00\",\"description\":\"Die Partnerversammlung der OBT AG nimmt mit Daniel Diethelm und Samuel Kistler per 1. Oktober 2024 zwei neue Mitglieder in die Gesch\u00e4ftsleitung auf.\",\"breadcrumb\":{\"@id\":\"https:\\\/\\\/www.organisator.ch\\\/management\\\/2024-09-10\\\/die-obt-ag-ernennt-zwei-neue-geschaeftsleitungsmitglieder\\\/#breadcrumb\"},\"inLanguage\":\"de\",\"potentialAction\":[{\"@type\":\"ReadAction\",\"target\":[\"https:\\\/\\\/www.organisator.ch\\\/management\\\/2024-09-10\\\/die-obt-ag-ernennt-zwei-neue-geschaeftsleitungsmitglieder\\\/\"]}]},{\"@type\":\"ImageObject\",\"inLanguage\":\"de\",\"@id\":\"https:\\\/\\\/www.organisator.ch\\\/management\\\/2024-09-10\\\/die-obt-ag-ernennt-zwei-neue-geschaeftsleitungsmitglieder\\\/#primaryimage\",\"url\":\"https:\\\/\\\/www.organisator.ch\\\/wp-content\\\/uploads\\\/2024\\\/09\\\/OBT-AG_Bild1_ps.jpg\",\"contentUrl\":\"https:\\\/\\\/www.organisator.ch\\\/wp-content\\\/uploads\\\/2024\\\/09\\\/OBT-AG_Bild1_ps.jpg\",\"width\":680,\"height\":474,\"caption\":\"v.l.n.r.: Thomas Z\u00fcger, CEO, Daniel Diethelm, Samuel Kistler, Reto Schaffner, VRP. (Bild: www.obt.ch)\"},{\"@type\":\"BreadcrumbList\",\"@id\":\"https:\\\/\\\/www.organisator.ch\\\/management\\\/2024-09-10\\\/die-obt-ag-ernennt-zwei-neue-geschaeftsleitungsmitglieder\\\/#breadcrumb\",\"itemListElement\":[{\"@type\":\"ListItem\",\"position\":1,\"name\":\"Home\",\"item\":\"https:\\\/\\\/www.organisator.ch\\\/\"},{\"@type\":\"ListItem\",\"position\":2,\"name\":\"Die OBT AG ernennt zwei neue Gesch\u00e4ftsleitungsmitglieder\"}]},{\"@type\":\"WebSite\",\"@id\":\"https:\\\/\\\/www.organisator.ch\\\/#website\",\"url\":\"https:\\\/\\\/www.organisator.ch\\\/\",\"name\":\"Organisator\",\"description\":\"Kompetent. Praxisnah. Der ORGANISATOR bereitet in 10 Ausgaben pro Jahr die wesentlichen Themen f\u00fcr F\u00fchrungskr\u00e4fte von KMU auf.\",\"publisher\":{\"@id\":\"https:\\\/\\\/www.organisator.ch\\\/#organization\"},\"potentialAction\":[{\"@type\":\"SearchAction\",\"target\":{\"@type\":\"EntryPoint\",\"urlTemplate\":\"https:\\\/\\\/www.organisator.ch\\\/?s={search_term_string}\"},\"query-input\":{\"@type\":\"PropertyValueSpecification\",\"valueRequired\":true,\"valueName\":\"search_term_string\"}}],\"inLanguage\":\"de\"},{\"@type\":\"Organization\",\"@id\":\"https:\\\/\\\/www.organisator.ch\\\/#organization\",\"name\":\"Organisator\",\"url\":\"https:\\\/\\\/www.organisator.ch\\\/\",\"logo\":{\"@type\":\"ImageObject\",\"inLanguage\":\"de\",\"@id\":\"https:\\\/\\\/www.organisator.ch\\\/#\\\/schema\\\/logo\\\/image\\\/\",\"url\":\"https:\\\/\\\/www.organisator.ch\\\/wp-content\\\/uploads\\\/2022\\\/01\\\/Logo_Organisator_Website.png\",\"contentUrl\":\"https:\\\/\\\/www.organisator.ch\\\/wp-content\\\/uploads\\\/2022\\\/01\\\/Logo_Organisator_Website.png\",\"width\":800,\"height\":77,\"caption\":\"Organisator\"},\"image\":{\"@id\":\"https:\\\/\\\/www.organisator.ch\\\/#\\\/schema\\\/logo\\\/image\\\/\"},\"sameAs\":[\"https:\\\/\\\/www.facebook.com\\\/OrganisatorFachmagazin\",\"https:\\\/\\\/www.linkedin.com\\\/showcase\\\/organisator-das-magazin-fr-kmu\",\"https:\\\/\\\/www.xing.com\\\/news\\\/pages\\\/organisator-ch-695\",\"https:\\\/\\\/www.youtube.com\\\/channel\\\/UCGP2Sq0iWaZwT3BdIAQFYpw\"]},{\"@type\":\"Person\",\"@id\":\"https:\\\/\\\/www.organisator.ch\\\/#\\\/schema\\\/person\\\/2e1314a2172123f874db408d8911d3f3\",\"name\":\"Adelisa Kalajdzini\",\"image\":{\"@type\":\"ImageObject\",\"inLanguage\":\"de\",\"@id\":\"https:\\\/\\\/secure.gravatar.com\\\/avatar\\\/09a397c22ac58cad6f160ee8306348599df9df58a8ede73696226897b9fa4b24?s=96&d=mm&r=g\",\"url\":\"https:\\\/\\\/secure.gravatar.com\\\/avatar\\\/09a397c22ac58cad6f160ee8306348599df9df58a8ede73696226897b9fa4b24?s=96&d=mm&r=g\",\"contentUrl\":\"https:\\\/\\\/secure.gravatar.com\\\/avatar\\\/09a397c22ac58cad6f160ee8306348599df9df58a8ede73696226897b9fa4b24?s=96&d=mm&r=g\",\"caption\":\"Adelisa Kalajdzini\"},\"url\":\"https:\\\/\\\/www.organisator.ch\\\/de\\\/author\\\/adelisa-kalajdzini\\\/\"}]}<\/script>\n<!-- \/ Yoast SEO plugin. -->","yoast_head_json":{"title":"Die OBT AG ernennt zwei neue Gesch\u00e4ftsleitungsmitglieder - Organisator","description":"Die Partnerversammlung der OBT AG nimmt mit Daniel Diethelm und Samuel Kistler per 1. Oktober 2024 zwei neue Mitglieder in die Gesch\u00e4ftsleitung auf.","robots":{"index":"index","follow":"follow","max-snippet":"max-snippet:-1","max-image-preview":"max-image-preview:large","max-video-preview":"max-video-preview:-1"},"canonical":"https:\/\/www.organisator.ch\/de\/management\/2024-09-10\/die-obt-ag-ernennt-zwei-neue-geschaeftsleitungsmitglieder\/","og_locale":"de_DE","og_type":"article","og_title":"Die OBT AG ernennt zwei neue Gesch\u00e4ftsleitungsmitglieder","og_description":"Die Partnerversammlung der OBT AG nimmt mit Daniel Diethelm und Samuel Kistler per 1. Oktober 2024 zwei neue Mitglieder in die Gesch\u00e4ftsleitung auf.","og_url":"https:\/\/www.organisator.ch\/de\/management\/2024-09-10\/die-obt-ag-ernennt-zwei-neue-geschaeftsleitungsmitglieder\/","og_site_name":"Organisator","article_publisher":"https:\/\/www.facebook.com\/OrganisatorFachmagazin","article_published_time":"2024-09-10T07:00:26+00:00","og_image":[{"width":680,"height":474,"url":"https:\/\/www.organisator.ch\/wp-content\/uploads\/2024\/09\/OBT-AG_Bild1_ps.jpg","type":"image\/jpeg"}],"author":"Adelisa Kalajdzini","twitter_card":"summary_large_image","twitter_title":"Die OBT AG ernennt zwei neue Gesch\u00e4ftsleitungsmitglieder","twitter_description":"Die #Partnerversammlung der #OBT AG nimmt mit #Daniel #Diethelm und #Samuel #Kistler per 1. Oktober 2024 zwei neue Mitglieder in die #Gesch\u00e4ftsleitung auf.","twitter_image":"https:\/\/www.organisator.ch\/wp-content\/uploads\/2024\/09\/OBT-AG_Bild1_ps.jpg","schema":{"@context":"https:\/\/schema.org","@graph":[{"@type":"Article","@id":"https:\/\/www.organisator.ch\/management\/2024-09-10\/die-obt-ag-ernennt-zwei-neue-geschaeftsleitungsmitglieder\/#article","isPartOf":{"@id":"https:\/\/www.organisator.ch\/management\/2024-09-10\/die-obt-ag-ernennt-zwei-neue-geschaeftsleitungsmitglieder\/"},"author":{"name":"Adelisa Kalajdzini","@id":"https:\/\/www.organisator.ch\/#\/schema\/person\/2e1314a2172123f874db408d8911d3f3"},"headline":"Die OBT AG ernennt zwei neue Gesch\u00e4ftsleitungsmitglieder","datePublished":"2024-09-10T07:00:26+00:00","mainEntityOfPage":{"@id":"https:\/\/www.organisator.ch\/management\/2024-09-10\/die-obt-ag-ernennt-zwei-neue-geschaeftsleitungsmitglieder\/"},"wordCount":397,"publisher":{"@id":"https:\/\/www.organisator.ch\/#organization"},"image":{"@id":"https:\/\/www.organisator.ch\/management\/2024-09-10\/die-obt-ag-ernennt-zwei-neue-geschaeftsleitungsmitglieder\/#primaryimage"},"thumbnailUrl":"https:\/\/www.organisator.ch\/wp-content\/uploads\/2024\/09\/OBT-AG_Bild1_ps.jpg","keywords":["Expertise","Gesch\u00e4ftsleitungsmitglied","Management","Unternehmen"],"articleSection":["MANAGEMENT"],"inLanguage":"de"},{"@type":"WebPage","@id":"https:\/\/www.organisator.ch\/management\/2024-09-10\/die-obt-ag-ernennt-zwei-neue-geschaeftsleitungsmitglieder\/","url":"https:\/\/www.organisator.ch\/management\/2024-09-10\/die-obt-ag-ernennt-zwei-neue-geschaeftsleitungsmitglieder\/","name":"Die OBT AG ernennt zwei neue Gesch\u00e4ftsleitungsmitglieder - Organisator","isPartOf":{"@id":"https:\/\/www.organisator.ch\/#website"},"primaryImageOfPage":{"@id":"https:\/\/www.organisator.ch\/management\/2024-09-10\/die-obt-ag-ernennt-zwei-neue-geschaeftsleitungsmitglieder\/#primaryimage"},"image":{"@id":"https:\/\/www.organisator.ch\/management\/2024-09-10\/die-obt-ag-ernennt-zwei-neue-geschaeftsleitungsmitglieder\/#primaryimage"},"thumbnailUrl":"https:\/\/www.organisator.ch\/wp-content\/uploads\/2024\/09\/OBT-AG_Bild1_ps.jpg","datePublished":"2024-09-10T07:00:26+00:00","description":"Die Partnerversammlung der OBT AG nimmt mit Daniel Diethelm und Samuel Kistler per 1. Oktober 2024 zwei neue Mitglieder in die Gesch\u00e4ftsleitung auf.","breadcrumb":{"@id":"https:\/\/www.organisator.ch\/management\/2024-09-10\/die-obt-ag-ernennt-zwei-neue-geschaeftsleitungsmitglieder\/#breadcrumb"},"inLanguage":"de","potentialAction":[{"@type":"ReadAction","target":["https:\/\/www.organisator.ch\/management\/2024-09-10\/die-obt-ag-ernennt-zwei-neue-geschaeftsleitungsmitglieder\/"]}]},{"@type":"ImageObject","inLanguage":"de","@id":"https:\/\/www.organisator.ch\/management\/2024-09-10\/die-obt-ag-ernennt-zwei-neue-geschaeftsleitungsmitglieder\/#primaryimage","url":"https:\/\/www.organisator.ch\/wp-content\/uploads\/2024\/09\/OBT-AG_Bild1_ps.jpg","contentUrl":"https:\/\/www.organisator.ch\/wp-content\/uploads\/2024\/09\/OBT-AG_Bild1_ps.jpg","width":680,"height":474,"caption":"v.l.n.r.: Thomas Z\u00fcger, CEO, Daniel Diethelm, Samuel Kistler, Reto Schaffner, VRP. (Bild: www.obt.ch)"},{"@type":"BreadcrumbList","@id":"https:\/\/www.organisator.ch\/management\/2024-09-10\/die-obt-ag-ernennt-zwei-neue-geschaeftsleitungsmitglieder\/#breadcrumb","itemListElement":[{"@type":"ListItem","position":1,"name":"Home","item":"https:\/\/www.organisator.ch\/"},{"@type":"ListItem","position":2,"name":"Die OBT AG ernennt zwei neue Gesch\u00e4ftsleitungsmitglieder"}]},{"@type":"WebSite","@id":"https:\/\/www.organisator.ch\/#website","url":"https:\/\/www.organisator.ch\/","name":"Organisator","description":"Kompetent. Praxisnah. Der ORGANISATOR bereitet in 10 Ausgaben pro Jahr die wesentlichen Themen f\u00fcr F\u00fchrungskr\u00e4fte von KMU auf.","publisher":{"@id":"https:\/\/www.organisator.ch\/#organization"},"potentialAction":[{"@type":"SearchAction","target":{"@type":"EntryPoint","urlTemplate":"https:\/\/www.organisator.ch\/?s={search_term_string}"},"query-input":{"@type":"PropertyValueSpecification","valueRequired":true,"valueName":"search_term_string"}}],"inLanguage":"de"},{"@type":"Organization","@id":"https:\/\/www.organisator.ch\/#organization","name":"Organisator","url":"https:\/\/www.organisator.ch\/","logo":{"@type":"ImageObject","inLanguage":"de","@id":"https:\/\/www.organisator.ch\/#\/schema\/logo\/image\/","url":"https:\/\/www.organisator.ch\/wp-content\/uploads\/2022\/01\/Logo_Organisator_Website.png","contentUrl":"https:\/\/www.organisator.ch\/wp-content\/uploads\/2022\/01\/Logo_Organisator_Website.png","width":800,"height":77,"caption":"Organisator"},"image":{"@id":"https:\/\/www.organisator.ch\/#\/schema\/logo\/image\/"},"sameAs":["https:\/\/www.facebook.com\/OrganisatorFachmagazin","https:\/\/www.linkedin.com\/showcase\/organisator-das-magazin-fr-kmu","https:\/\/www.xing.com\/news\/pages\/organisator-ch-695","https:\/\/www.youtube.com\/channel\/UCGP2Sq0iWaZwT3BdIAQFYpw"]},{"@type":"Person","@id":"https:\/\/www.organisator.ch\/#\/schema\/person\/2e1314a2172123f874db408d8911d3f3","name":"Adelisa Kalajdzini","image":{"@type":"ImageObject","inLanguage":"de","@id":"https:\/\/secure.gravatar.com\/avatar\/09a397c22ac58cad6f160ee8306348599df9df58a8ede73696226897b9fa4b24?s=96&d=mm&r=g","url":"https:\/\/secure.gravatar.com\/avatar\/09a397c22ac58cad6f160ee8306348599df9df58a8ede73696226897b9fa4b24?s=96&d=mm&r=g","contentUrl":"https:\/\/secure.gravatar.com\/avatar\/09a397c22ac58cad6f160ee8306348599df9df58a8ede73696226897b9fa4b24?s=96&d=mm&r=g","caption":"Adelisa Kalajdzini"},"url":"https:\/\/www.organisator.ch\/de\/author\/adelisa-kalajdzini\/"}]}},"_links":{"self":[{"href":"https:\/\/www.organisator.ch\/de\/wp-json\/wp\/v2\/posts\/29655","targetHints":{"allow":["GET"]}}],"collection":[{"href":"https:\/\/www.organisator.ch\/de\/wp-json\/wp\/v2\/posts"}],"about":[{"href":"https:\/\/www.organisator.ch\/de\/wp-json\/wp\/v2\/types\/post"}],"author":[{"embeddable":true,"href":"https:\/\/www.organisator.ch\/de\/wp-json\/wp\/v2\/users\/58"}],"replies":[{"embeddable":true,"href":"https:\/\/www.organisator.ch\/de\/wp-json\/wp\/v2\/comments?post=29655"}],"version-history":[{"count":3,"href":"https:\/\/www.organisator.ch\/de\/wp-json\/wp\/v2\/posts\/29655\/revisions"}],"predecessor-version":[{"id":29707,"href":"https:\/\/www.organisator.ch\/de\/wp-json\/wp\/v2\/posts\/29655\/revisions\/29707"}],"wp:featuredmedia":[{"embeddable":true,"href":"https:\/\/www.organisator.ch\/de\/wp-json\/wp\/v2\/media\/29656"}],"wp:attachment":[{"href":"https:\/\/www.organisator.ch\/de\/wp-json\/wp\/v2\/media?parent=29655"}],"wp:term":[{"taxonomy":"category","embeddable":true,"href":"https:\/\/www.organisator.ch\/de\/wp-json\/wp\/v2\/categories?post=29655"},{"taxonomy":"post_tag","embeddable":true,"href":"https:\/\/www.organisator.ch\/de\/wp-json\/wp\/v2\/tags?post=29655"}],"curies":[{"name":"wp","href":"https:\/\/api.w.org\/{rel}","templated":true}]}}