{"id":29673,"date":"2024-09-10T11:48:32","date_gmt":"2024-09-10T09:48:32","guid":{"rendered":"https:\/\/www.organisator.ch\/?p=29673"},"modified":"2024-09-10T11:48:32","modified_gmt":"2024-09-10T09:48:32","slug":"siz-care-forum-2024-aktuelle-trends-in-arbeitsrecht-praevention-und-fuehrung","status":"publish","type":"post","link":"https:\/\/www.organisator.ch\/de\/human-resources\/2024-09-10\/siz-care-forum-2024-aktuelle-trends-in-arbeitsrecht-praevention-und-fuehrung\/","title":{"rendered":"SIZ Care Forum 2024: Aktuelle Trends in Arbeitsrecht, Pr\u00e4vention und F\u00fchrung"},"content":{"rendered":"<figure id=\"attachment_29679\" aria-describedby=\"caption-attachment-29679\" style=\"width: 680px\" class=\"wp-caption alignnone\"><img loading=\"lazy\" decoding=\"async\" class=\"wp-image-29679 size-full\" src=\"https:\/\/www.organisator.ch\/wp-content\/uploads\/2024\/09\/SIZ-Care-Forum-2024-Aktuelle-Trends-in-Arbeitsrecht-Praevention-und-Fuehrung-1_Organisator.jpg\" alt=\"\" width=\"680\" height=\"493\" srcset=\"https:\/\/www.organisator.ch\/wp-content\/uploads\/2024\/09\/SIZ-Care-Forum-2024-Aktuelle-Trends-in-Arbeitsrecht-Praevention-und-Fuehrung-1_Organisator.jpg 680w, https:\/\/www.organisator.ch\/wp-content\/uploads\/2024\/09\/SIZ-Care-Forum-2024-Aktuelle-Trends-in-Arbeitsrecht-Praevention-und-Fuehrung-1_Organisator-18x12.jpg 18w, https:\/\/www.organisator.ch\/wp-content\/uploads\/2024\/09\/SIZ-Care-Forum-2024-Aktuelle-Trends-in-Arbeitsrecht-Praevention-und-Fuehrung-1_Organisator-375x272.jpg 375w, https:\/\/www.organisator.ch\/wp-content\/uploads\/2024\/09\/SIZ-Care-Forum-2024-Aktuelle-Trends-in-Arbeitsrecht-Praevention-und-Fuehrung-1_Organisator-483x350.jpg 483w\" sizes=\"auto, (max-width: 680px) 100vw, 680px\" \/><figcaption id=\"caption-attachment-29679\" class=\"wp-caption-text\">Ihre musikalische Einlage sorgte am SIZ Care Forum 2024 f\u00fcr eine \u00dcberraschung: Moderator (und Musiker) Michael Sokoll und Dr. Barbara Studer. (Bild: Thomas Berner)<\/figcaption><\/figure>\n<p>Seit 20 Jahren f\u00fchren Kurt Mettler, CEO des auf Gesundheits-, Absenzen- und Case Management spezialisierten Unternehmens SIZ Care AG, und sein Team eine Tagung durch, wo in verschiedenen Referaten auf aktuelle Fragen rund um das betriebliche Gesundheitsmanagement eingegangen wird. Das Unternehmen mit Sitz in Z\u00fcrich unterst\u00fctzt und ber\u00e4t seit 25 Jahren Betriebe und Versicherer mit massgeschneiderten Dienstleistungen. So betreut SIZ Care inzwischen in der ganzen Schweiz arbeitsunf\u00e4hige Personen auf dem Weg zur\u00fcck in die Arbeitswelt.<\/p>\n<h3>&#8222;Gehirntraining&#8220; am SIZ Care Forum 2024<\/h3>\n<p>In den vergangenen beiden Jahrzehnten hat sich bekanntlich viel ver\u00e4ndert in der Arbeitswelt. Gesundheit, F\u00fchrung und Pr\u00e4vention haben an Stellenwert gewonnen, wie man feststellen darf. Denn gesunde Mitarbeitende sind ein wertvolles Gut in allen Unternehmen. Doch f\u00fcr k\u00f6rperliche und geistige Fitness ist letztlich jeder von uns auch selbst verantwortlich. Ein \u00abSt\u00e4rkungsprogramm f\u00fcr Gehirn, K\u00f6rper und Seele\u00bb vermittelte in diesem Sinne Barbara Studer, Neurowissenschaftlerin und Hirncoach. Sie legte dem Publikum nahe, Emotionen auch am Arbeitsplatz nicht auszuklammern, sondern sie zuzulassen. \u00abEmotionen bringen Energie, und \u00fcber Emotionen muss man reden\u00bb, so Barbara Studer. Wenn man gegen\u00fcber den eigenen Emotionen neugieriger werde, k\u00f6nne man dies positiv nutzen. Und auch in der Neugier gegen\u00fcber anderen Menschen liegt viel Nutzen: Denn erst in verschiedenartigem Denken, der sog. Neurodiversit\u00e4t, liegt die eigentliche Innovationskraft. Aber bei so viel Gehirnaktivit\u00e4t darf auch die Erholung nicht zu kurz kommen. Multitasking bedeutet Stress f\u00fcrs Gehirn, deshalb bringt es mehr, sich auf bestimmte Aufgaben zu fokussieren. Und anhand ein paar praktischer \u00dcbungen zeigte Barbara Studer, wie man mit durch Achtsamkeit, Bewegung oder auch durch Musik, die Hirnaktivit\u00e4ten in die richtigen Bahnen zu lenken vermag.<\/p>\n<h3>Dauerthema: Psychische Belastungen am Arbeitsplatz<\/h3>\n<p>Dennoch: Psychische Belastungen am Arbeitsplatz nehmen zu. \u00dcber den konstruktiven Umgang mit psychischen Risiken und Ressourcen im Unternehmen sprach Prof. Dr. Andreas Krause von der FHNW Olten. Er zeigte anhand einer Studien\u00fcbersicht auf, dass sich psychosoziale Risiken auch k\u00f6rperlich auswirken, z.B. das Risiko f\u00fcr Herz-\/Kreislaufkrankheiten signifikant ansteigen lassen. Gem\u00e4ss Gesundheitsf\u00f6rderung Schweiz berichten 25 Prozent der Arbeitnehmenden \u00fcber eine kritische Arbeitssituation. Das bedeutet, dass hier Unternehmen immer noch viel zu tun haben, um diese zu verbessern. Andreas Krause stellte drei Punkte in den Raum, wie dies geschehen k\u00f6nnte: Durch das Einrichten eines Fr\u00fchwarnsystems (z.B. durch das Einholen eines Stimmungsbildes mittels Befragungen), die konkrete Benennung von Gef\u00e4hrdungen und die St\u00e4rkung des sozialen Miteinanders.<\/p>\n<p>Diese F\u00e4den spann anschliessend Prof. Dr. med. Matthias J\u00e4ger von der Psychiatrie Baselland weiter, und zwar aus medizinischer Sicht. Der Referent betonte, dass Arbeit sich grunds\u00e4tzlich gesundheitserhaltend auswirkt. Sie sorgt f\u00fcr den Lebensunterhalt und eine Sinngebung, gibt eine Tagesstruktur und kann auch f\u00fcr Status sorgen. Krankheitsf\u00f6rdernd wirkt Arbeit dann, wenn die Ergebnisorientierung \u00fcberhand nimmt, sich Aufgaben verdichten und entsprechend f\u00fcr Zeitdruck und Stress sorgen. Krankheitssymptome sind dann z.B. Schlafst\u00f6rungen, Tinnitus, Magen-Darm-Probleme oder Kopfschmerzen bis hin zu affektiven St\u00f6rungen oder Angstzust\u00e4nden. Burnout hingegen sei keine psychische Krankheit per se, sondern ein chronischer Stresszustand. Das stellt \u00c4rzte bei der Bescheinigung einer Arbeitsunf\u00e4higkeit vor grosse Herausforderungen. Denn nicht immer bedeute eine solche die Erm\u00f6glichung einer Genesung, sondern k\u00f6nne auch zu einer Chronifizierung des Krankheitsbildes f\u00fchren.<\/p>\n<figure id=\"attachment_29680\" aria-describedby=\"caption-attachment-29680\" style=\"width: 680px\" class=\"wp-caption alignnone\"><img loading=\"lazy\" decoding=\"async\" class=\"size-full wp-image-29680\" src=\"https:\/\/www.organisator.ch\/wp-content\/uploads\/2024\/09\/SIZ-Care-Forum-2024-Aktuelle-Trends-in-Arbeitsrecht-Praevention-und-Fuehrung-2_Organisator.jpg\" alt=\"\" width=\"680\" height=\"453\" srcset=\"https:\/\/www.organisator.ch\/wp-content\/uploads\/2024\/09\/SIZ-Care-Forum-2024-Aktuelle-Trends-in-Arbeitsrecht-Praevention-und-Fuehrung-2_Organisator.jpg 680w, https:\/\/www.organisator.ch\/wp-content\/uploads\/2024\/09\/SIZ-Care-Forum-2024-Aktuelle-Trends-in-Arbeitsrecht-Praevention-und-Fuehrung-2_Organisator-18x12.jpg 18w, https:\/\/www.organisator.ch\/wp-content\/uploads\/2024\/09\/SIZ-Care-Forum-2024-Aktuelle-Trends-in-Arbeitsrecht-Praevention-und-Fuehrung-2_Organisator-375x250.jpg 375w, https:\/\/www.organisator.ch\/wp-content\/uploads\/2024\/09\/SIZ-Care-Forum-2024-Aktuelle-Trends-in-Arbeitsrecht-Praevention-und-Fuehrung-2_Organisator-525x350.jpg 525w\" sizes=\"auto, (max-width: 680px) 100vw, 680px\" \/><figcaption id=\"caption-attachment-29680\" class=\"wp-caption-text\">Kurt Mettler, Referent und Veranstalter des SIZ Care Forums. (Bild: Thomas Berner)<\/figcaption><\/figure>\n<h3>Diskussionspunkte im Arbeitsrecht<\/h3>\n<p>Den letzten Referateblock des SIZ Care Forum 2024 f\u00fchrte Kurt Mettler an. Er beleuchtete einige F\u00e4lle aus der arbeitsrechtlichen Praxis, die in letzter Zeit f\u00fcr Aufsehen sorgten. Darunter etwa der \u00abNestl\u00e9-Fall\u00bb: Nach einem mehr als zehn Jahre dauernden Rechtsstreit zwischen einer ehemaligen ranghohen Mitarbeiterin und dem Nahrungsmittelkonzern wegen systematischen Mobbings hat letztlich ein Berufungsgericht die ehemalige Arbeitgeberin zu einer Entsch\u00e4digung in der H\u00f6he von 2 Millionen Franken verdonnert. Das Gericht sah es als erwiesen an, dass die Mitarbeiterin durch ihren direkten Vorgesetzten systematisch gemobbt worden sei und deshalb gesundheitliche Sch\u00e4den davontrug. Die Arbeitgeberin habe dabei die F\u00fcrsorgepflicht verletzt. Eine solche F\u00fcrsorgepflichtsverletzung lag hingegen in einem anderen Gerichtsfall, den Kurt Mettler darlegte, nicht vor. Das Gericht hielt dabei fest, dass der klagende Mitarbeiter es unterlassen hatte, auf Verbesserungsvorschl\u00e4ge seines Arbeitgebers \u00fcberhaupt einzutreten. Ein weiteres Thema des Referats bildete die arbeitsplatzbezogene Arbeitsunf\u00e4higkeit. Ein k\u00fcrzlich ver\u00f6ffentlichter Bundesgerichtsentscheid h\u00e4lt nun fest, dass bei einer arbeitsplatzbezogenen Arbeitsunf\u00e4higkeit keine Sperrfrist besteht und Mitarbeitende demnach sofort gek\u00fcndigt werden kann. F\u00fcr Verwirrung in der Berichterstattung gesorgt haben aber einige Missverst\u00e4ndnisse. Denn \u00abarbeitsplatzbezogen\u00bb ist nicht dasselbe wie \u00abarbeitsplatzbedingt\u00bb oder \u00abberufsbezogen\u00bb. Auch Kurt Mettler findet diese Begrifflichkeiten nicht unbedingt hilfreich. Er w\u00fcrde lieber von \u00abArbeitsplatzbezogener Arbeitsverhinderung\u00bb sprechen. Denn nach seiner Auffassung stelle sich die Frage der Anwendbarkeit der Sperrfrist gar nicht, da weder eine Krankheit noch ein Unfall (Tatbest\u00e4nde gem\u00e4ss Art. 336c OR) vorliege. Zudem wird in Art. 324a OR betreffend Lohnfortzahlung der Begriff der Arbeitsverhinderung verwendet, und nicht jener der Arbeitsunf\u00e4higkeit. Und bezogen auf die Krankentaggeldversicherung w\u00e4re bei einer arbeitsplatzbezogenen Arbeitsverhinderung nicht von einer Krankheit die Rede, und somit falle die Grundvoraussetzung f\u00fcr eine Leistungspflicht weg.<\/p>\n<figure id=\"attachment_29681\" aria-describedby=\"caption-attachment-29681\" style=\"width: 680px\" class=\"wp-caption alignnone\"><img loading=\"lazy\" decoding=\"async\" class=\"size-full wp-image-29681\" src=\"https:\/\/www.organisator.ch\/wp-content\/uploads\/2024\/09\/SIZ-Care-Forum-2024-Aktuelle-Trends-in-Arbeitsrecht-Praevention-und-Fuehrung-4_Organisator.jpg\" alt=\"\" width=\"680\" height=\"452\" srcset=\"https:\/\/www.organisator.ch\/wp-content\/uploads\/2024\/09\/SIZ-Care-Forum-2024-Aktuelle-Trends-in-Arbeitsrecht-Praevention-und-Fuehrung-4_Organisator.jpg 680w, https:\/\/www.organisator.ch\/wp-content\/uploads\/2024\/09\/SIZ-Care-Forum-2024-Aktuelle-Trends-in-Arbeitsrecht-Praevention-und-Fuehrung-4_Organisator-18x12.jpg 18w, https:\/\/www.organisator.ch\/wp-content\/uploads\/2024\/09\/SIZ-Care-Forum-2024-Aktuelle-Trends-in-Arbeitsrecht-Praevention-und-Fuehrung-4_Organisator-375x249.jpg 375w, https:\/\/www.organisator.ch\/wp-content\/uploads\/2024\/09\/SIZ-Care-Forum-2024-Aktuelle-Trends-in-Arbeitsrecht-Praevention-und-Fuehrung-4_Organisator-527x350.jpg 527w\" sizes=\"auto, (max-width: 680px) 100vw, 680px\" \/><figcaption id=\"caption-attachment-29681\" class=\"wp-caption-text\">Lukas Christen vermittelte dem Publikum Inputs f\u00fcr einen besseren Umgang mit (ungewollten) Ver\u00e4nderungen. (Bild: Thomas Berner)<\/figcaption><\/figure>\n<h3>Mit 4i zu pers\u00f6nlichem und gesch\u00e4ftlichem Erfolg<\/h3>\n<p>Den Abschluss der Tagung bildete der Vortrag des ehemaligen Behindertensportlers Lukas Christen. Er verlor durch einen schweren Motorrad-Unfall sein linkes Bein, was ihn aber nicht hinderte, mehrere Siege im Weitsprung an den Paralympics in den Jahren 1992, 1996 und 2000 einzuheimsen. Mit seiner lebensbejahenden Einstellung \u2013 trotz vieler erlebter R\u00fcckschl\u00e4ge, die er als \u00abBootcamp f\u00fcr die Seele\u00bb bezeichnete \u2013 begeisterte er die Zuh\u00f6rerinnen und Zuh\u00f6rer. Wir alle seien \u00abVerwaltungsratspr\u00e4sidenten der Unternehmung Mensch\u00bb, so sein Vortrags-Motto. Mit ungewohnten Ver\u00e4nderungen umzugehen sei ein \u00abVRP-Dauerauftrag\u00bb. Lukas Christen verl\u00e4sst sich dabei auf das \u00ab4i-Konzept\u00bb: Instinkt (das Urwissen), Intuition (das Bauchwissen, Gesp\u00fcr), die Inspiration (das Herzwissen, Gef\u00fchl) und den Intellekt (Kopfwissen, Vernunft). Diese menschliche Kompetenz, sich selbst zu f\u00fchren, bildet den Anfang einer Wirkungskette, mit der sich letztlich auch ein Team und ein Unternehmen f\u00fchren l\u00e4sst. Wichtig sei aber immer der Grundsatz: \u00abKeine Wertsch\u00f6pfung ohne Wertsch\u00e4tzung\u00bb. Und darin d\u00fcrfte auch die Keimzelle einer jeden Kultur liegen, die pr\u00e4ventiv gegen jede Art von arbeitsplatzbedingter Krankheit wirken kann.<\/p>\n<p><em>Weitere Informationen: <a href=\"https:\/\/www.sizcare.ch\/\">SIZ Care<\/a><\/em><\/p>\n","protected":false},"excerpt":{"rendered":"<p>Am 6. September 2024 fand in Brugg die nunmehr 20. Ausgabe des SIZ Care Forums statt. Die Tagung befasste sich mit Themen rund um Gesundheit, F\u00fchrung und Pr\u00e4vention. Aber auch aktuelle F\u00e4lle aus dem Arbeitsrecht wurden er\u00f6rtert.<\/p>\n","protected":false},"author":4,"featured_media":29679,"comment_status":"closed","ping_status":"closed","sticky":false,"template":"","format":"standard","meta":{"_acf_changed":false,"_yoast_wpseo_focuskw":"SIZ Care Forum 2024","_yoast_wpseo_metadesc":"Das SIZ Care Forum 2024 thematisierte Gesundheit, F\u00fchrung und Pr\u00e4vention in der modernen Arbeitswelt sowie arbeitsrechtliche Fragen.","articlekey":"","footnotes":""},"categories":[579],"tags":[193,208,254,334],"class_list":["post-29673","post","type-post","status-publish","format-standard","has-post-thumbnail","hentry","category-human-resources","tag-fachkongressfachmesse","tag-fit-im-job","tag-hrm","tag-management"],"acf":[],"yoast_head":"<!-- This site is optimized with the Yoast SEO plugin v27.5 - https:\/\/yoast.com\/product\/yoast-seo-wordpress\/ -->\n<title>SIZ Care Forum 2024: Aktuelle Trends in Arbeitsrecht, Pr\u00e4vention und F\u00fchrung - Organisator<\/title>\n<meta name=\"description\" content=\"Das SIZ Care Forum 2024 thematisierte Gesundheit, F\u00fchrung und Pr\u00e4vention in der modernen Arbeitswelt sowie arbeitsrechtliche Fragen.\" \/>\n<meta name=\"robots\" content=\"index, follow, max-snippet:-1, max-image-preview:large, max-video-preview:-1\" \/>\n<link rel=\"canonical\" href=\"https:\/\/www.organisator.ch\/de\/human-resources\/2024-09-10\/siz-care-forum-2024-aktuelle-trends-in-arbeitsrecht-praevention-und-fuehrung\/\" \/>\n<meta property=\"og:locale\" content=\"de_DE\" \/>\n<meta property=\"og:type\" content=\"article\" \/>\n<meta property=\"og:title\" content=\"SIZ Care Forum 2024: Aktuelle Trends in Arbeitsrecht, Pr\u00e4vention und F\u00fchrung\" \/>\n<meta property=\"og:description\" content=\"Gesunde Arbeitswelten im Fokus: Beim 20. SIZ Care Forum ging es um F\u00fchrung, Pr\u00e4vention und das richtige Management von Emotionen. #Gesundheit #Arbeitsrecht\" \/>\n<meta property=\"og:url\" content=\"https:\/\/www.organisator.ch\/de\/human-resources\/2024-09-10\/siz-care-forum-2024-aktuelle-trends-in-arbeitsrecht-praevention-und-fuehrung\/\" \/>\n<meta property=\"og:site_name\" content=\"Organisator\" \/>\n<meta property=\"article:publisher\" content=\"https:\/\/www.facebook.com\/OrganisatorFachmagazin\" \/>\n<meta property=\"article:published_time\" content=\"2024-09-10T09:48:32+00:00\" \/>\n<meta property=\"og:image\" content=\"https:\/\/www.organisator.ch\/wp-content\/uploads\/2024\/09\/SIZ-Care-Forum-2024-Aktuelle-Trends-in-Arbeitsrecht-Praevention-und-Fuehrung-1_Organisator.jpg\" \/>\n\t<meta property=\"og:image:width\" content=\"680\" \/>\n\t<meta property=\"og:image:height\" content=\"493\" \/>\n\t<meta property=\"og:image:type\" content=\"image\/jpeg\" \/>\n<meta name=\"author\" content=\"thomas.berner\" \/>\n<meta name=\"twitter:card\" content=\"summary_large_image\" \/>\n<meta name=\"twitter:title\" content=\"SIZ Care Forum 2024: Aktuelle Trends in #Arbeitsrecht, #Pr\u00e4vention und #F\u00fchrung\" \/>\n<meta name=\"twitter:description\" content=\"Gesunde Arbeitswelten im Fokus: Beim 20. SIZ Care Forum ging es um F\u00fchrung, Pr\u00e4vention und das richtige Management von Emotionen. #Gesundheit #Arbeitsrecht\" \/>\n<meta name=\"twitter:image\" content=\"https:\/\/www.organisator.ch\/wp-content\/uploads\/2024\/09\/SIZ-Care-Forum-2024-Aktuelle-Trends-in-Arbeitsrecht-Praevention-und-Fuehrung-1_Organisator.jpg\" \/>\n<script type=\"application\/ld+json\" class=\"yoast-schema-graph\">{\"@context\":\"https:\\\/\\\/schema.org\",\"@graph\":[{\"@type\":\"Article\",\"@id\":\"https:\\\/\\\/www.organisator.ch\\\/human-resources\\\/2024-09-10\\\/siz-care-forum-2024-aktuelle-trends-in-arbeitsrecht-praevention-und-fuehrung\\\/#article\",\"isPartOf\":{\"@id\":\"https:\\\/\\\/www.organisator.ch\\\/human-resources\\\/2024-09-10\\\/siz-care-forum-2024-aktuelle-trends-in-arbeitsrecht-praevention-und-fuehrung\\\/\"},\"author\":{\"name\":\"thomas.berner\",\"@id\":\"https:\\\/\\\/www.organisator.ch\\\/#\\\/schema\\\/person\\\/6f650f90b2842cd4c0cc334b4e36f67e\"},\"headline\":\"SIZ Care Forum 2024: Aktuelle Trends in Arbeitsrecht, Pr\u00e4vention und F\u00fchrung\",\"datePublished\":\"2024-09-10T09:48:32+00:00\",\"mainEntityOfPage\":{\"@id\":\"https:\\\/\\\/www.organisator.ch\\\/human-resources\\\/2024-09-10\\\/siz-care-forum-2024-aktuelle-trends-in-arbeitsrecht-praevention-und-fuehrung\\\/\"},\"wordCount\":1111,\"publisher\":{\"@id\":\"https:\\\/\\\/www.organisator.ch\\\/#organization\"},\"image\":{\"@id\":\"https:\\\/\\\/www.organisator.ch\\\/human-resources\\\/2024-09-10\\\/siz-care-forum-2024-aktuelle-trends-in-arbeitsrecht-praevention-und-fuehrung\\\/#primaryimage\"},\"thumbnailUrl\":\"https:\\\/\\\/www.organisator.ch\\\/wp-content\\\/uploads\\\/2024\\\/09\\\/SIZ-Care-Forum-2024-Aktuelle-Trends-in-Arbeitsrecht-Praevention-und-Fuehrung-1_Organisator.jpg\",\"keywords\":[\"Fachkongress\\\/Fachmesse\",\"Fit im Job\",\"HRM\",\"Management\"],\"articleSection\":[\"HUMAN RESOURCES\"],\"inLanguage\":\"de\"},{\"@type\":\"WebPage\",\"@id\":\"https:\\\/\\\/www.organisator.ch\\\/human-resources\\\/2024-09-10\\\/siz-care-forum-2024-aktuelle-trends-in-arbeitsrecht-praevention-und-fuehrung\\\/\",\"url\":\"https:\\\/\\\/www.organisator.ch\\\/human-resources\\\/2024-09-10\\\/siz-care-forum-2024-aktuelle-trends-in-arbeitsrecht-praevention-und-fuehrung\\\/\",\"name\":\"SIZ Care Forum 2024: Aktuelle Trends in Arbeitsrecht, Pr\u00e4vention und F\u00fchrung - Organisator\",\"isPartOf\":{\"@id\":\"https:\\\/\\\/www.organisator.ch\\\/#website\"},\"primaryImageOfPage\":{\"@id\":\"https:\\\/\\\/www.organisator.ch\\\/human-resources\\\/2024-09-10\\\/siz-care-forum-2024-aktuelle-trends-in-arbeitsrecht-praevention-und-fuehrung\\\/#primaryimage\"},\"image\":{\"@id\":\"https:\\\/\\\/www.organisator.ch\\\/human-resources\\\/2024-09-10\\\/siz-care-forum-2024-aktuelle-trends-in-arbeitsrecht-praevention-und-fuehrung\\\/#primaryimage\"},\"thumbnailUrl\":\"https:\\\/\\\/www.organisator.ch\\\/wp-content\\\/uploads\\\/2024\\\/09\\\/SIZ-Care-Forum-2024-Aktuelle-Trends-in-Arbeitsrecht-Praevention-und-Fuehrung-1_Organisator.jpg\",\"datePublished\":\"2024-09-10T09:48:32+00:00\",\"description\":\"Das SIZ Care Forum 2024 thematisierte Gesundheit, F\u00fchrung und Pr\u00e4vention in der modernen Arbeitswelt sowie arbeitsrechtliche Fragen.\",\"breadcrumb\":{\"@id\":\"https:\\\/\\\/www.organisator.ch\\\/human-resources\\\/2024-09-10\\\/siz-care-forum-2024-aktuelle-trends-in-arbeitsrecht-praevention-und-fuehrung\\\/#breadcrumb\"},\"inLanguage\":\"de\",\"potentialAction\":[{\"@type\":\"ReadAction\",\"target\":[\"https:\\\/\\\/www.organisator.ch\\\/human-resources\\\/2024-09-10\\\/siz-care-forum-2024-aktuelle-trends-in-arbeitsrecht-praevention-und-fuehrung\\\/\"]}]},{\"@type\":\"ImageObject\",\"inLanguage\":\"de\",\"@id\":\"https:\\\/\\\/www.organisator.ch\\\/human-resources\\\/2024-09-10\\\/siz-care-forum-2024-aktuelle-trends-in-arbeitsrecht-praevention-und-fuehrung\\\/#primaryimage\",\"url\":\"https:\\\/\\\/www.organisator.ch\\\/wp-content\\\/uploads\\\/2024\\\/09\\\/SIZ-Care-Forum-2024-Aktuelle-Trends-in-Arbeitsrecht-Praevention-und-Fuehrung-1_Organisator.jpg\",\"contentUrl\":\"https:\\\/\\\/www.organisator.ch\\\/wp-content\\\/uploads\\\/2024\\\/09\\\/SIZ-Care-Forum-2024-Aktuelle-Trends-in-Arbeitsrecht-Praevention-und-Fuehrung-1_Organisator.jpg\",\"width\":680,\"height\":493,\"caption\":\"Ihre musikalische Einlage sorgte am SIZ Care Forum 2024 f\u00fcr eine \u00dcberraschung: Moderator (und Musiker) Michael Sokoll und Dr. Barbara Studer.\"},{\"@type\":\"BreadcrumbList\",\"@id\":\"https:\\\/\\\/www.organisator.ch\\\/human-resources\\\/2024-09-10\\\/siz-care-forum-2024-aktuelle-trends-in-arbeitsrecht-praevention-und-fuehrung\\\/#breadcrumb\",\"itemListElement\":[{\"@type\":\"ListItem\",\"position\":1,\"name\":\"Home\",\"item\":\"https:\\\/\\\/www.organisator.ch\\\/\"},{\"@type\":\"ListItem\",\"position\":2,\"name\":\"SIZ Care Forum 2024: Aktuelle Trends in Arbeitsrecht, Pr\u00e4vention und F\u00fchrung\"}]},{\"@type\":\"WebSite\",\"@id\":\"https:\\\/\\\/www.organisator.ch\\\/#website\",\"url\":\"https:\\\/\\\/www.organisator.ch\\\/\",\"name\":\"Organisator\",\"description\":\"Kompetent. Praxisnah. Der ORGANISATOR bereitet in 10 Ausgaben pro Jahr die wesentlichen Themen f\u00fcr F\u00fchrungskr\u00e4fte von KMU auf.\",\"publisher\":{\"@id\":\"https:\\\/\\\/www.organisator.ch\\\/#organization\"},\"potentialAction\":[{\"@type\":\"SearchAction\",\"target\":{\"@type\":\"EntryPoint\",\"urlTemplate\":\"https:\\\/\\\/www.organisator.ch\\\/?s={search_term_string}\"},\"query-input\":{\"@type\":\"PropertyValueSpecification\",\"valueRequired\":true,\"valueName\":\"search_term_string\"}}],\"inLanguage\":\"de\"},{\"@type\":\"Organization\",\"@id\":\"https:\\\/\\\/www.organisator.ch\\\/#organization\",\"name\":\"Organisator\",\"url\":\"https:\\\/\\\/www.organisator.ch\\\/\",\"logo\":{\"@type\":\"ImageObject\",\"inLanguage\":\"de\",\"@id\":\"https:\\\/\\\/www.organisator.ch\\\/#\\\/schema\\\/logo\\\/image\\\/\",\"url\":\"https:\\\/\\\/www.organisator.ch\\\/wp-content\\\/uploads\\\/2022\\\/01\\\/Logo_Organisator_Website.png\",\"contentUrl\":\"https:\\\/\\\/www.organisator.ch\\\/wp-content\\\/uploads\\\/2022\\\/01\\\/Logo_Organisator_Website.png\",\"width\":800,\"height\":77,\"caption\":\"Organisator\"},\"image\":{\"@id\":\"https:\\\/\\\/www.organisator.ch\\\/#\\\/schema\\\/logo\\\/image\\\/\"},\"sameAs\":[\"https:\\\/\\\/www.facebook.com\\\/OrganisatorFachmagazin\",\"https:\\\/\\\/www.linkedin.com\\\/showcase\\\/organisator-das-magazin-fr-kmu\",\"https:\\\/\\\/www.xing.com\\\/news\\\/pages\\\/organisator-ch-695\",\"https:\\\/\\\/www.youtube.com\\\/channel\\\/UCGP2Sq0iWaZwT3BdIAQFYpw\"]},{\"@type\":\"Person\",\"@id\":\"https:\\\/\\\/www.organisator.ch\\\/#\\\/schema\\\/person\\\/6f650f90b2842cd4c0cc334b4e36f67e\",\"name\":\"thomas.berner\",\"image\":{\"@type\":\"ImageObject\",\"inLanguage\":\"de\",\"@id\":\"https:\\\/\\\/secure.gravatar.com\\\/avatar\\\/ac5001d2a36cb6c6cd3e50789007ffca834b477b74a2144564522e944eabff61?s=96&d=mm&r=g\",\"url\":\"https:\\\/\\\/secure.gravatar.com\\\/avatar\\\/ac5001d2a36cb6c6cd3e50789007ffca834b477b74a2144564522e944eabff61?s=96&d=mm&r=g\",\"contentUrl\":\"https:\\\/\\\/secure.gravatar.com\\\/avatar\\\/ac5001d2a36cb6c6cd3e50789007ffca834b477b74a2144564522e944eabff61?s=96&d=mm&r=g\",\"caption\":\"thomas.berner\"},\"url\":\"https:\\\/\\\/www.organisator.ch\\\/de\\\/author\\\/thomas-berner\\\/\"}]}<\/script>\n<!-- \/ Yoast SEO plugin. -->","yoast_head_json":{"title":"SIZ Care Forum 2024: Aktuelle Trends in Arbeitsrecht, Pr\u00e4vention und F\u00fchrung - Organisator","description":"Das SIZ Care Forum 2024 thematisierte Gesundheit, F\u00fchrung und Pr\u00e4vention in der modernen Arbeitswelt sowie arbeitsrechtliche Fragen.","robots":{"index":"index","follow":"follow","max-snippet":"max-snippet:-1","max-image-preview":"max-image-preview:large","max-video-preview":"max-video-preview:-1"},"canonical":"https:\/\/www.organisator.ch\/de\/human-resources\/2024-09-10\/siz-care-forum-2024-aktuelle-trends-in-arbeitsrecht-praevention-und-fuehrung\/","og_locale":"de_DE","og_type":"article","og_title":"SIZ Care Forum 2024: Aktuelle Trends in Arbeitsrecht, Pr\u00e4vention und F\u00fchrung","og_description":"Gesunde Arbeitswelten im Fokus: Beim 20. SIZ Care Forum ging es um F\u00fchrung, Pr\u00e4vention und das richtige Management von Emotionen. #Gesundheit #Arbeitsrecht","og_url":"https:\/\/www.organisator.ch\/de\/human-resources\/2024-09-10\/siz-care-forum-2024-aktuelle-trends-in-arbeitsrecht-praevention-und-fuehrung\/","og_site_name":"Organisator","article_publisher":"https:\/\/www.facebook.com\/OrganisatorFachmagazin","article_published_time":"2024-09-10T09:48:32+00:00","og_image":[{"width":680,"height":493,"url":"https:\/\/www.organisator.ch\/wp-content\/uploads\/2024\/09\/SIZ-Care-Forum-2024-Aktuelle-Trends-in-Arbeitsrecht-Praevention-und-Fuehrung-1_Organisator.jpg","type":"image\/jpeg"}],"author":"thomas.berner","twitter_card":"summary_large_image","twitter_title":"SIZ Care Forum 2024: Aktuelle Trends in #Arbeitsrecht, #Pr\u00e4vention und #F\u00fchrung","twitter_description":"Gesunde Arbeitswelten im Fokus: Beim 20. SIZ Care Forum ging es um F\u00fchrung, Pr\u00e4vention und das richtige Management von Emotionen. #Gesundheit #Arbeitsrecht","twitter_image":"https:\/\/www.organisator.ch\/wp-content\/uploads\/2024\/09\/SIZ-Care-Forum-2024-Aktuelle-Trends-in-Arbeitsrecht-Praevention-und-Fuehrung-1_Organisator.jpg","schema":{"@context":"https:\/\/schema.org","@graph":[{"@type":"Article","@id":"https:\/\/www.organisator.ch\/human-resources\/2024-09-10\/siz-care-forum-2024-aktuelle-trends-in-arbeitsrecht-praevention-und-fuehrung\/#article","isPartOf":{"@id":"https:\/\/www.organisator.ch\/human-resources\/2024-09-10\/siz-care-forum-2024-aktuelle-trends-in-arbeitsrecht-praevention-und-fuehrung\/"},"author":{"name":"thomas.berner","@id":"https:\/\/www.organisator.ch\/#\/schema\/person\/6f650f90b2842cd4c0cc334b4e36f67e"},"headline":"SIZ Care Forum 2024: Aktuelle Trends in Arbeitsrecht, Pr\u00e4vention und F\u00fchrung","datePublished":"2024-09-10T09:48:32+00:00","mainEntityOfPage":{"@id":"https:\/\/www.organisator.ch\/human-resources\/2024-09-10\/siz-care-forum-2024-aktuelle-trends-in-arbeitsrecht-praevention-und-fuehrung\/"},"wordCount":1111,"publisher":{"@id":"https:\/\/www.organisator.ch\/#organization"},"image":{"@id":"https:\/\/www.organisator.ch\/human-resources\/2024-09-10\/siz-care-forum-2024-aktuelle-trends-in-arbeitsrecht-praevention-und-fuehrung\/#primaryimage"},"thumbnailUrl":"https:\/\/www.organisator.ch\/wp-content\/uploads\/2024\/09\/SIZ-Care-Forum-2024-Aktuelle-Trends-in-Arbeitsrecht-Praevention-und-Fuehrung-1_Organisator.jpg","keywords":["Fachkongress\/Fachmesse","Fit im Job","HRM","Management"],"articleSection":["HUMAN RESOURCES"],"inLanguage":"de"},{"@type":"WebPage","@id":"https:\/\/www.organisator.ch\/human-resources\/2024-09-10\/siz-care-forum-2024-aktuelle-trends-in-arbeitsrecht-praevention-und-fuehrung\/","url":"https:\/\/www.organisator.ch\/human-resources\/2024-09-10\/siz-care-forum-2024-aktuelle-trends-in-arbeitsrecht-praevention-und-fuehrung\/","name":"SIZ Care Forum 2024: Aktuelle Trends in Arbeitsrecht, Pr\u00e4vention und F\u00fchrung - Organisator","isPartOf":{"@id":"https:\/\/www.organisator.ch\/#website"},"primaryImageOfPage":{"@id":"https:\/\/www.organisator.ch\/human-resources\/2024-09-10\/siz-care-forum-2024-aktuelle-trends-in-arbeitsrecht-praevention-und-fuehrung\/#primaryimage"},"image":{"@id":"https:\/\/www.organisator.ch\/human-resources\/2024-09-10\/siz-care-forum-2024-aktuelle-trends-in-arbeitsrecht-praevention-und-fuehrung\/#primaryimage"},"thumbnailUrl":"https:\/\/www.organisator.ch\/wp-content\/uploads\/2024\/09\/SIZ-Care-Forum-2024-Aktuelle-Trends-in-Arbeitsrecht-Praevention-und-Fuehrung-1_Organisator.jpg","datePublished":"2024-09-10T09:48:32+00:00","description":"Das SIZ Care Forum 2024 thematisierte Gesundheit, F\u00fchrung und Pr\u00e4vention in der modernen Arbeitswelt sowie arbeitsrechtliche Fragen.","breadcrumb":{"@id":"https:\/\/www.organisator.ch\/human-resources\/2024-09-10\/siz-care-forum-2024-aktuelle-trends-in-arbeitsrecht-praevention-und-fuehrung\/#breadcrumb"},"inLanguage":"de","potentialAction":[{"@type":"ReadAction","target":["https:\/\/www.organisator.ch\/human-resources\/2024-09-10\/siz-care-forum-2024-aktuelle-trends-in-arbeitsrecht-praevention-und-fuehrung\/"]}]},{"@type":"ImageObject","inLanguage":"de","@id":"https:\/\/www.organisator.ch\/human-resources\/2024-09-10\/siz-care-forum-2024-aktuelle-trends-in-arbeitsrecht-praevention-und-fuehrung\/#primaryimage","url":"https:\/\/www.organisator.ch\/wp-content\/uploads\/2024\/09\/SIZ-Care-Forum-2024-Aktuelle-Trends-in-Arbeitsrecht-Praevention-und-Fuehrung-1_Organisator.jpg","contentUrl":"https:\/\/www.organisator.ch\/wp-content\/uploads\/2024\/09\/SIZ-Care-Forum-2024-Aktuelle-Trends-in-Arbeitsrecht-Praevention-und-Fuehrung-1_Organisator.jpg","width":680,"height":493,"caption":"Ihre musikalische Einlage sorgte am SIZ Care Forum 2024 f\u00fcr eine \u00dcberraschung: Moderator (und Musiker) Michael Sokoll und Dr. Barbara Studer."},{"@type":"BreadcrumbList","@id":"https:\/\/www.organisator.ch\/human-resources\/2024-09-10\/siz-care-forum-2024-aktuelle-trends-in-arbeitsrecht-praevention-und-fuehrung\/#breadcrumb","itemListElement":[{"@type":"ListItem","position":1,"name":"Home","item":"https:\/\/www.organisator.ch\/"},{"@type":"ListItem","position":2,"name":"SIZ Care Forum 2024: Aktuelle Trends in Arbeitsrecht, Pr\u00e4vention und F\u00fchrung"}]},{"@type":"WebSite","@id":"https:\/\/www.organisator.ch\/#website","url":"https:\/\/www.organisator.ch\/","name":"Organisator","description":"Kompetent. Praxisnah. Der ORGANISATOR bereitet in 10 Ausgaben pro Jahr die wesentlichen Themen f\u00fcr F\u00fchrungskr\u00e4fte von KMU auf.","publisher":{"@id":"https:\/\/www.organisator.ch\/#organization"},"potentialAction":[{"@type":"SearchAction","target":{"@type":"EntryPoint","urlTemplate":"https:\/\/www.organisator.ch\/?s={search_term_string}"},"query-input":{"@type":"PropertyValueSpecification","valueRequired":true,"valueName":"search_term_string"}}],"inLanguage":"de"},{"@type":"Organization","@id":"https:\/\/www.organisator.ch\/#organization","name":"Organisator","url":"https:\/\/www.organisator.ch\/","logo":{"@type":"ImageObject","inLanguage":"de","@id":"https:\/\/www.organisator.ch\/#\/schema\/logo\/image\/","url":"https:\/\/www.organisator.ch\/wp-content\/uploads\/2022\/01\/Logo_Organisator_Website.png","contentUrl":"https:\/\/www.organisator.ch\/wp-content\/uploads\/2022\/01\/Logo_Organisator_Website.png","width":800,"height":77,"caption":"Organisator"},"image":{"@id":"https:\/\/www.organisator.ch\/#\/schema\/logo\/image\/"},"sameAs":["https:\/\/www.facebook.com\/OrganisatorFachmagazin","https:\/\/www.linkedin.com\/showcase\/organisator-das-magazin-fr-kmu","https:\/\/www.xing.com\/news\/pages\/organisator-ch-695","https:\/\/www.youtube.com\/channel\/UCGP2Sq0iWaZwT3BdIAQFYpw"]},{"@type":"Person","@id":"https:\/\/www.organisator.ch\/#\/schema\/person\/6f650f90b2842cd4c0cc334b4e36f67e","name":"thomas.berner","image":{"@type":"ImageObject","inLanguage":"de","@id":"https:\/\/secure.gravatar.com\/avatar\/ac5001d2a36cb6c6cd3e50789007ffca834b477b74a2144564522e944eabff61?s=96&d=mm&r=g","url":"https:\/\/secure.gravatar.com\/avatar\/ac5001d2a36cb6c6cd3e50789007ffca834b477b74a2144564522e944eabff61?s=96&d=mm&r=g","contentUrl":"https:\/\/secure.gravatar.com\/avatar\/ac5001d2a36cb6c6cd3e50789007ffca834b477b74a2144564522e944eabff61?s=96&d=mm&r=g","caption":"thomas.berner"},"url":"https:\/\/www.organisator.ch\/de\/author\/thomas-berner\/"}]}},"_links":{"self":[{"href":"https:\/\/www.organisator.ch\/de\/wp-json\/wp\/v2\/posts\/29673","targetHints":{"allow":["GET"]}}],"collection":[{"href":"https:\/\/www.organisator.ch\/de\/wp-json\/wp\/v2\/posts"}],"about":[{"href":"https:\/\/www.organisator.ch\/de\/wp-json\/wp\/v2\/types\/post"}],"author":[{"embeddable":true,"href":"https:\/\/www.organisator.ch\/de\/wp-json\/wp\/v2\/users\/4"}],"replies":[{"embeddable":true,"href":"https:\/\/www.organisator.ch\/de\/wp-json\/wp\/v2\/comments?post=29673"}],"version-history":[{"count":3,"href":"https:\/\/www.organisator.ch\/de\/wp-json\/wp\/v2\/posts\/29673\/revisions"}],"predecessor-version":[{"id":29739,"href":"https:\/\/www.organisator.ch\/de\/wp-json\/wp\/v2\/posts\/29673\/revisions\/29739"}],"wp:featuredmedia":[{"embeddable":true,"href":"https:\/\/www.organisator.ch\/de\/wp-json\/wp\/v2\/media\/29679"}],"wp:attachment":[{"href":"https:\/\/www.organisator.ch\/de\/wp-json\/wp\/v2\/media?parent=29673"}],"wp:term":[{"taxonomy":"category","embeddable":true,"href":"https:\/\/www.organisator.ch\/de\/wp-json\/wp\/v2\/categories?post=29673"},{"taxonomy":"post_tag","embeddable":true,"href":"https:\/\/www.organisator.ch\/de\/wp-json\/wp\/v2\/tags?post=29673"}],"curies":[{"name":"wp","href":"https:\/\/api.w.org\/{rel}","templated":true}]}}