{"id":29698,"date":"2024-09-12T08:37:36","date_gmt":"2024-09-12T06:37:36","guid":{"rendered":"https:\/\/www.organisator.ch\/?p=29698"},"modified":"2024-09-11T15:00:00","modified_gmt":"2024-09-11T13:00:00","slug":"rostocker-start-up-sawayo-wird-teil-der-infoniqa-gruppe","status":"publish","type":"post","link":"https:\/\/www.organisator.ch\/de\/management\/2024-09-12\/rostocker-start-up-sawayo-wird-teil-der-infoniqa-gruppe\/","title":{"rendered":"Rostocker Start-up Sawayo wird Teil der Infoniqa Gruppe"},"content":{"rendered":"<figure id=\"attachment_29700\" aria-describedby=\"caption-attachment-29700\" style=\"width: 680px\" class=\"wp-caption alignnone\"><img loading=\"lazy\" decoding=\"async\" class=\"size-full wp-image-29700\" src=\"https:\/\/www.organisator.ch\/wp-content\/uploads\/2024\/09\/Sawayo-Infoniqa_Bild1_ps.jpg\" alt=\"\" width=\"680\" height=\"510\" srcset=\"https:\/\/www.organisator.ch\/wp-content\/uploads\/2024\/09\/Sawayo-Infoniqa_Bild1_ps.jpg 680w, https:\/\/www.organisator.ch\/wp-content\/uploads\/2024\/09\/Sawayo-Infoniqa_Bild1_ps-16x12.jpg 16w, https:\/\/www.organisator.ch\/wp-content\/uploads\/2024\/09\/Sawayo-Infoniqa_Bild1_ps-375x281.jpg 375w, https:\/\/www.organisator.ch\/wp-content\/uploads\/2024\/09\/Sawayo-Infoniqa_Bild1_ps-467x350.jpg 467w\" sizes=\"auto, (max-width: 680px) 100vw, 680px\" \/><figcaption id=\"caption-attachment-29700\" class=\"wp-caption-text\">Expansion und neue Chancen im DACH-Raum f\u00fcr Sawayo. (Bild: www.sawayo.de)<\/figcaption><\/figure>\n<p>Die Akquisition durch Infoniqa \u00f6ffnet f\u00fcr Sawayo die T\u00fcren zu neuen M\u00e4rkten und erm\u00f6glicht es, die eigenen Technologien und Ideen in gr\u00f6sserem Massstab in der DACH-Region umzusetzen. Der Zusammenschluss erlaubt es Sawayo daneben, sein Produktportfolio um L\u00f6sungen f\u00fcr Enterprise Resource Planning (ERP), Lohn- und Finanzbuchhaltung, Auftragswesen sowie Business Process Outsourcing (BPO) zu erweitern. Zus\u00e4tzlich profitiert Sawayo von einer breiteren Kundenbasis und den Ressourcen eines Marktf\u00fchrers in DACH. Infoniqa m\u00f6chte durch die \u00dcbernahme neue Impulse und Innovation in den Markt bringen.<\/p>\n<p>\u201eGemeinsam mit Infoniqa k\u00f6nnen wir uns nun noch st\u00e4rker auf die Optimierung eines durchg\u00e4ngigen Prozess-Flows der bisher so l\u00e4stigen Verwaltungs- und B\u00fcrokratie-Aufgaben fokussieren\u201d, freut sich Andreas Wieczorke, einer der Gesch\u00e4ftsf\u00fchrer von Sawayo. \u201eDamit setzen wir in den Unternehmen wichtige personelle und finanzielle Ressourcen f\u00fcr das Kerngesch\u00e4ft frei. Eine Win-win-Situation f\u00fcr unsere Kunden.\u201d<\/p>\n<p>Sawayo wurde bisher von zwei Gesch\u00e4ftsf\u00fchrern geleitet, die Innovationskompetenz und Erfahrung verbinden: Der Serial-Entrepreneur Andreas Wieczorke und der 25-j\u00e4hrige Bjarne Wilhelm treiben mit Kreativit\u00e4t und Energie die Innovationsprozesse voran. Gleichzeitig sorgen sie mit einem realistischen Blick f\u00fcr das Machbare daf\u00fcr, dass der Nutzen f\u00fcr die Kunden stets im Mittelpunkt steht.<\/p>\n<p>\u201eUnsere Vision und unsere Werte passen perfekt zu Infoniqa\u201d, betont Bjarne Wilhelm, Gesch\u00e4ftsf\u00fchrer von Sawayo. \u201eMit der Unterst\u00fctzung eines etablierten Marktf\u00fchrers werden wir Bewegung und frischen Wind in den Markt bringen und neue Standards setzen.\u201c<\/p>\n<p>Im Rahmen der Transaktion integriert Infoniqa das Team von Sawayo und erweitert seine Produktpalette durch zeitgem\u00e4sse Technologien. Bestehende Kunden beider Unternehmen k\u00f6nnen damit k\u00fcnftig noch benutzerfreundlichere und modernere L\u00f6sungen erwarten.<\/p>\n<p><em>Quelle: <a href=\"http:\/\/www.sawayo.de\">www.sawayo.de<\/a> \/ <a href=\"http:\/\/www.infoniqa.com\">www.infoniqa.com<\/a><\/em><\/p>\n","protected":false},"excerpt":{"rendered":"<p>Die Sawayo GmbH, ein 2020 gegr\u00fcndetes SaaS-Start-up mit digitalen L\u00f6sungen zur Erf\u00fcllung von Arbeitgeberpflichten, gibt seine \u00dcbernahme durch die Infoniqa Gruppe bekannt \u2013 einen Anbieter von HR- und Finance-L\u00f6sungen in Deutschland, \u00d6sterreich und der Schweiz.<\/p>\n","protected":false},"author":58,"featured_media":29700,"comment_status":"closed","ping_status":"closed","sticky":false,"template":"","format":"standard","meta":{"_acf_changed":false,"_yoast_wpseo_focuskw":"Sawayo","_yoast_wpseo_metadesc":"Die Sawayo GmbH, ein 2020 gegr\u00fcndetes SaaS-Start-up gibt seine \u00dcbernahme durch die Infoniqa Gruppe bekannt.","articlekey":"","footnotes":""},"categories":[28],"tags":[3992,334,2343,492],"class_list":["post-29698","post","type-post","status-publish","format-standard","has-post-thumbnail","hentry","category-management","tag-dach","tag-management","tag-uebernahme","tag-unternehmen"],"acf":[],"yoast_head":"<!-- This site is optimized with the Yoast SEO plugin v27.4 - https:\/\/yoast.com\/product\/yoast-seo-wordpress\/ -->\n<title>Rostocker Start-up Sawayo wird Teil der Infoniqa Gruppe - Organisator<\/title>\n<meta name=\"description\" content=\"Die Sawayo GmbH, ein 2020 gegr\u00fcndetes SaaS-Start-up gibt seine \u00dcbernahme durch die Infoniqa Gruppe bekannt.\" \/>\n<meta name=\"robots\" content=\"index, follow, max-snippet:-1, max-image-preview:large, max-video-preview:-1\" \/>\n<link rel=\"canonical\" href=\"https:\/\/www.organisator.ch\/de\/management\/2024-09-12\/rostocker-start-up-sawayo-wird-teil-der-infoniqa-gruppe\/\" \/>\n<meta property=\"og:locale\" content=\"de_DE\" \/>\n<meta property=\"og:type\" content=\"article\" \/>\n<meta property=\"og:title\" content=\"Rostocker Start-up Sawayo wird Teil der Infoniqa Gruppe\" \/>\n<meta property=\"og:description\" content=\"Die Sawayo GmbH, ein 2020 gegr\u00fcndetes SaaS-Start-up gibt seine \u00dcbernahme durch die Infoniqa Gruppe bekannt.\" \/>\n<meta property=\"og:url\" content=\"https:\/\/www.organisator.ch\/de\/management\/2024-09-12\/rostocker-start-up-sawayo-wird-teil-der-infoniqa-gruppe\/\" \/>\n<meta property=\"og:site_name\" content=\"Organisator\" \/>\n<meta property=\"article:publisher\" content=\"https:\/\/www.facebook.com\/OrganisatorFachmagazin\" \/>\n<meta property=\"article:published_time\" content=\"2024-09-12T06:37:36+00:00\" \/>\n<meta property=\"og:image\" content=\"https:\/\/www.organisator.ch\/wp-content\/uploads\/2024\/09\/Sawayo-Infoniqa_Bild1_ps.jpg\" \/>\n\t<meta property=\"og:image:width\" content=\"680\" \/>\n\t<meta property=\"og:image:height\" content=\"510\" \/>\n\t<meta property=\"og:image:type\" content=\"image\/jpeg\" \/>\n<meta name=\"author\" content=\"Adelisa Kalajdzini\" \/>\n<meta name=\"twitter:card\" content=\"summary_large_image\" \/>\n<meta name=\"twitter:title\" content=\"Rostocker Start-up Sawayo wird Teil der Infoniqa Gruppe\" \/>\n<meta name=\"twitter:description\" content=\"Die #Sawayo GmbH, ein 2020 gegr\u00fcndetes #SaaS-Start-up gibt seine #\u00dcbernahme durch die #Infoniqa #Gruppe bekannt.\" \/>\n<meta name=\"twitter:image\" content=\"https:\/\/www.organisator.ch\/wp-content\/uploads\/2024\/09\/Sawayo-Infoniqa_Bild1_ps.jpg\" \/>\n<script type=\"application\/ld+json\" class=\"yoast-schema-graph\">{\"@context\":\"https:\\\/\\\/schema.org\",\"@graph\":[{\"@type\":\"Article\",\"@id\":\"https:\\\/\\\/www.organisator.ch\\\/management\\\/2024-09-12\\\/rostocker-start-up-sawayo-wird-teil-der-infoniqa-gruppe\\\/#article\",\"isPartOf\":{\"@id\":\"https:\\\/\\\/www.organisator.ch\\\/management\\\/2024-09-12\\\/rostocker-start-up-sawayo-wird-teil-der-infoniqa-gruppe\\\/\"},\"author\":{\"name\":\"Adelisa Kalajdzini\",\"@id\":\"https:\\\/\\\/www.organisator.ch\\\/#\\\/schema\\\/person\\\/2e1314a2172123f874db408d8911d3f3\"},\"headline\":\"Rostocker Start-up Sawayo wird Teil der Infoniqa Gruppe\",\"datePublished\":\"2024-09-12T06:37:36+00:00\",\"mainEntityOfPage\":{\"@id\":\"https:\\\/\\\/www.organisator.ch\\\/management\\\/2024-09-12\\\/rostocker-start-up-sawayo-wird-teil-der-infoniqa-gruppe\\\/\"},\"wordCount\":317,\"publisher\":{\"@id\":\"https:\\\/\\\/www.organisator.ch\\\/#organization\"},\"image\":{\"@id\":\"https:\\\/\\\/www.organisator.ch\\\/management\\\/2024-09-12\\\/rostocker-start-up-sawayo-wird-teil-der-infoniqa-gruppe\\\/#primaryimage\"},\"thumbnailUrl\":\"https:\\\/\\\/www.organisator.ch\\\/wp-content\\\/uploads\\\/2024\\\/09\\\/Sawayo-Infoniqa_Bild1_ps.jpg\",\"keywords\":[\"DACH\",\"Management\",\"\u00dcbernahme\",\"Unternehmen\"],\"articleSection\":[\"MANAGEMENT\"],\"inLanguage\":\"de\"},{\"@type\":\"WebPage\",\"@id\":\"https:\\\/\\\/www.organisator.ch\\\/management\\\/2024-09-12\\\/rostocker-start-up-sawayo-wird-teil-der-infoniqa-gruppe\\\/\",\"url\":\"https:\\\/\\\/www.organisator.ch\\\/management\\\/2024-09-12\\\/rostocker-start-up-sawayo-wird-teil-der-infoniqa-gruppe\\\/\",\"name\":\"Rostocker Start-up Sawayo wird Teil der Infoniqa Gruppe - Organisator\",\"isPartOf\":{\"@id\":\"https:\\\/\\\/www.organisator.ch\\\/#website\"},\"primaryImageOfPage\":{\"@id\":\"https:\\\/\\\/www.organisator.ch\\\/management\\\/2024-09-12\\\/rostocker-start-up-sawayo-wird-teil-der-infoniqa-gruppe\\\/#primaryimage\"},\"image\":{\"@id\":\"https:\\\/\\\/www.organisator.ch\\\/management\\\/2024-09-12\\\/rostocker-start-up-sawayo-wird-teil-der-infoniqa-gruppe\\\/#primaryimage\"},\"thumbnailUrl\":\"https:\\\/\\\/www.organisator.ch\\\/wp-content\\\/uploads\\\/2024\\\/09\\\/Sawayo-Infoniqa_Bild1_ps.jpg\",\"datePublished\":\"2024-09-12T06:37:36+00:00\",\"description\":\"Die Sawayo GmbH, ein 2020 gegr\u00fcndetes SaaS-Start-up gibt seine \u00dcbernahme durch die Infoniqa Gruppe bekannt.\",\"breadcrumb\":{\"@id\":\"https:\\\/\\\/www.organisator.ch\\\/management\\\/2024-09-12\\\/rostocker-start-up-sawayo-wird-teil-der-infoniqa-gruppe\\\/#breadcrumb\"},\"inLanguage\":\"de\",\"potentialAction\":[{\"@type\":\"ReadAction\",\"target\":[\"https:\\\/\\\/www.organisator.ch\\\/management\\\/2024-09-12\\\/rostocker-start-up-sawayo-wird-teil-der-infoniqa-gruppe\\\/\"]}]},{\"@type\":\"ImageObject\",\"inLanguage\":\"de\",\"@id\":\"https:\\\/\\\/www.organisator.ch\\\/management\\\/2024-09-12\\\/rostocker-start-up-sawayo-wird-teil-der-infoniqa-gruppe\\\/#primaryimage\",\"url\":\"https:\\\/\\\/www.organisator.ch\\\/wp-content\\\/uploads\\\/2024\\\/09\\\/Sawayo-Infoniqa_Bild1_ps.jpg\",\"contentUrl\":\"https:\\\/\\\/www.organisator.ch\\\/wp-content\\\/uploads\\\/2024\\\/09\\\/Sawayo-Infoniqa_Bild1_ps.jpg\",\"width\":680,\"height\":510,\"caption\":\"Expansion und neue Chancen im DACH-Raum f\u00fcr Sawayo. (Bild: www.sawayo.de)\"},{\"@type\":\"BreadcrumbList\",\"@id\":\"https:\\\/\\\/www.organisator.ch\\\/management\\\/2024-09-12\\\/rostocker-start-up-sawayo-wird-teil-der-infoniqa-gruppe\\\/#breadcrumb\",\"itemListElement\":[{\"@type\":\"ListItem\",\"position\":1,\"name\":\"Home\",\"item\":\"https:\\\/\\\/www.organisator.ch\\\/\"},{\"@type\":\"ListItem\",\"position\":2,\"name\":\"Rostocker Start-up Sawayo wird Teil der Infoniqa Gruppe\"}]},{\"@type\":\"WebSite\",\"@id\":\"https:\\\/\\\/www.organisator.ch\\\/#website\",\"url\":\"https:\\\/\\\/www.organisator.ch\\\/\",\"name\":\"Organisator\",\"description\":\"Kompetent. Praxisnah. Der ORGANISATOR bereitet in 10 Ausgaben pro Jahr die wesentlichen Themen f\u00fcr F\u00fchrungskr\u00e4fte von KMU auf.\",\"publisher\":{\"@id\":\"https:\\\/\\\/www.organisator.ch\\\/#organization\"},\"potentialAction\":[{\"@type\":\"SearchAction\",\"target\":{\"@type\":\"EntryPoint\",\"urlTemplate\":\"https:\\\/\\\/www.organisator.ch\\\/?s={search_term_string}\"},\"query-input\":{\"@type\":\"PropertyValueSpecification\",\"valueRequired\":true,\"valueName\":\"search_term_string\"}}],\"inLanguage\":\"de\"},{\"@type\":\"Organization\",\"@id\":\"https:\\\/\\\/www.organisator.ch\\\/#organization\",\"name\":\"Organisator\",\"url\":\"https:\\\/\\\/www.organisator.ch\\\/\",\"logo\":{\"@type\":\"ImageObject\",\"inLanguage\":\"de\",\"@id\":\"https:\\\/\\\/www.organisator.ch\\\/#\\\/schema\\\/logo\\\/image\\\/\",\"url\":\"https:\\\/\\\/www.organisator.ch\\\/wp-content\\\/uploads\\\/2022\\\/01\\\/Logo_Organisator_Website.png\",\"contentUrl\":\"https:\\\/\\\/www.organisator.ch\\\/wp-content\\\/uploads\\\/2022\\\/01\\\/Logo_Organisator_Website.png\",\"width\":800,\"height\":77,\"caption\":\"Organisator\"},\"image\":{\"@id\":\"https:\\\/\\\/www.organisator.ch\\\/#\\\/schema\\\/logo\\\/image\\\/\"},\"sameAs\":[\"https:\\\/\\\/www.facebook.com\\\/OrganisatorFachmagazin\",\"https:\\\/\\\/www.linkedin.com\\\/showcase\\\/organisator-das-magazin-fr-kmu\",\"https:\\\/\\\/www.xing.com\\\/news\\\/pages\\\/organisator-ch-695\",\"https:\\\/\\\/www.youtube.com\\\/channel\\\/UCGP2Sq0iWaZwT3BdIAQFYpw\"]},{\"@type\":\"Person\",\"@id\":\"https:\\\/\\\/www.organisator.ch\\\/#\\\/schema\\\/person\\\/2e1314a2172123f874db408d8911d3f3\",\"name\":\"Adelisa Kalajdzini\",\"image\":{\"@type\":\"ImageObject\",\"inLanguage\":\"de\",\"@id\":\"https:\\\/\\\/secure.gravatar.com\\\/avatar\\\/09a397c22ac58cad6f160ee8306348599df9df58a8ede73696226897b9fa4b24?s=96&d=mm&r=g\",\"url\":\"https:\\\/\\\/secure.gravatar.com\\\/avatar\\\/09a397c22ac58cad6f160ee8306348599df9df58a8ede73696226897b9fa4b24?s=96&d=mm&r=g\",\"contentUrl\":\"https:\\\/\\\/secure.gravatar.com\\\/avatar\\\/09a397c22ac58cad6f160ee8306348599df9df58a8ede73696226897b9fa4b24?s=96&d=mm&r=g\",\"caption\":\"Adelisa Kalajdzini\"},\"url\":\"https:\\\/\\\/www.organisator.ch\\\/de\\\/author\\\/adelisa-kalajdzini\\\/\"}]}<\/script>\n<!-- \/ Yoast SEO plugin. -->","yoast_head_json":{"title":"Rostocker Start-up Sawayo wird Teil der Infoniqa Gruppe - Organisator","description":"Die Sawayo GmbH, ein 2020 gegr\u00fcndetes SaaS-Start-up gibt seine \u00dcbernahme durch die Infoniqa Gruppe bekannt.","robots":{"index":"index","follow":"follow","max-snippet":"max-snippet:-1","max-image-preview":"max-image-preview:large","max-video-preview":"max-video-preview:-1"},"canonical":"https:\/\/www.organisator.ch\/de\/management\/2024-09-12\/rostocker-start-up-sawayo-wird-teil-der-infoniqa-gruppe\/","og_locale":"de_DE","og_type":"article","og_title":"Rostocker Start-up Sawayo wird Teil der Infoniqa Gruppe","og_description":"Die Sawayo GmbH, ein 2020 gegr\u00fcndetes SaaS-Start-up gibt seine \u00dcbernahme durch die Infoniqa Gruppe bekannt.","og_url":"https:\/\/www.organisator.ch\/de\/management\/2024-09-12\/rostocker-start-up-sawayo-wird-teil-der-infoniqa-gruppe\/","og_site_name":"Organisator","article_publisher":"https:\/\/www.facebook.com\/OrganisatorFachmagazin","article_published_time":"2024-09-12T06:37:36+00:00","og_image":[{"width":680,"height":510,"url":"https:\/\/www.organisator.ch\/wp-content\/uploads\/2024\/09\/Sawayo-Infoniqa_Bild1_ps.jpg","type":"image\/jpeg"}],"author":"Adelisa Kalajdzini","twitter_card":"summary_large_image","twitter_title":"Rostocker Start-up Sawayo wird Teil der Infoniqa Gruppe","twitter_description":"Die #Sawayo GmbH, ein 2020 gegr\u00fcndetes #SaaS-Start-up gibt seine #\u00dcbernahme durch die #Infoniqa #Gruppe bekannt.","twitter_image":"https:\/\/www.organisator.ch\/wp-content\/uploads\/2024\/09\/Sawayo-Infoniqa_Bild1_ps.jpg","schema":{"@context":"https:\/\/schema.org","@graph":[{"@type":"Article","@id":"https:\/\/www.organisator.ch\/management\/2024-09-12\/rostocker-start-up-sawayo-wird-teil-der-infoniqa-gruppe\/#article","isPartOf":{"@id":"https:\/\/www.organisator.ch\/management\/2024-09-12\/rostocker-start-up-sawayo-wird-teil-der-infoniqa-gruppe\/"},"author":{"name":"Adelisa Kalajdzini","@id":"https:\/\/www.organisator.ch\/#\/schema\/person\/2e1314a2172123f874db408d8911d3f3"},"headline":"Rostocker Start-up Sawayo wird Teil der Infoniqa Gruppe","datePublished":"2024-09-12T06:37:36+00:00","mainEntityOfPage":{"@id":"https:\/\/www.organisator.ch\/management\/2024-09-12\/rostocker-start-up-sawayo-wird-teil-der-infoniqa-gruppe\/"},"wordCount":317,"publisher":{"@id":"https:\/\/www.organisator.ch\/#organization"},"image":{"@id":"https:\/\/www.organisator.ch\/management\/2024-09-12\/rostocker-start-up-sawayo-wird-teil-der-infoniqa-gruppe\/#primaryimage"},"thumbnailUrl":"https:\/\/www.organisator.ch\/wp-content\/uploads\/2024\/09\/Sawayo-Infoniqa_Bild1_ps.jpg","keywords":["DACH","Management","\u00dcbernahme","Unternehmen"],"articleSection":["MANAGEMENT"],"inLanguage":"de"},{"@type":"WebPage","@id":"https:\/\/www.organisator.ch\/management\/2024-09-12\/rostocker-start-up-sawayo-wird-teil-der-infoniqa-gruppe\/","url":"https:\/\/www.organisator.ch\/management\/2024-09-12\/rostocker-start-up-sawayo-wird-teil-der-infoniqa-gruppe\/","name":"Rostocker Start-up Sawayo wird Teil der Infoniqa Gruppe - Organisator","isPartOf":{"@id":"https:\/\/www.organisator.ch\/#website"},"primaryImageOfPage":{"@id":"https:\/\/www.organisator.ch\/management\/2024-09-12\/rostocker-start-up-sawayo-wird-teil-der-infoniqa-gruppe\/#primaryimage"},"image":{"@id":"https:\/\/www.organisator.ch\/management\/2024-09-12\/rostocker-start-up-sawayo-wird-teil-der-infoniqa-gruppe\/#primaryimage"},"thumbnailUrl":"https:\/\/www.organisator.ch\/wp-content\/uploads\/2024\/09\/Sawayo-Infoniqa_Bild1_ps.jpg","datePublished":"2024-09-12T06:37:36+00:00","description":"Die Sawayo GmbH, ein 2020 gegr\u00fcndetes SaaS-Start-up gibt seine \u00dcbernahme durch die Infoniqa Gruppe bekannt.","breadcrumb":{"@id":"https:\/\/www.organisator.ch\/management\/2024-09-12\/rostocker-start-up-sawayo-wird-teil-der-infoniqa-gruppe\/#breadcrumb"},"inLanguage":"de","potentialAction":[{"@type":"ReadAction","target":["https:\/\/www.organisator.ch\/management\/2024-09-12\/rostocker-start-up-sawayo-wird-teil-der-infoniqa-gruppe\/"]}]},{"@type":"ImageObject","inLanguage":"de","@id":"https:\/\/www.organisator.ch\/management\/2024-09-12\/rostocker-start-up-sawayo-wird-teil-der-infoniqa-gruppe\/#primaryimage","url":"https:\/\/www.organisator.ch\/wp-content\/uploads\/2024\/09\/Sawayo-Infoniqa_Bild1_ps.jpg","contentUrl":"https:\/\/www.organisator.ch\/wp-content\/uploads\/2024\/09\/Sawayo-Infoniqa_Bild1_ps.jpg","width":680,"height":510,"caption":"Expansion und neue Chancen im DACH-Raum f\u00fcr Sawayo. (Bild: www.sawayo.de)"},{"@type":"BreadcrumbList","@id":"https:\/\/www.organisator.ch\/management\/2024-09-12\/rostocker-start-up-sawayo-wird-teil-der-infoniqa-gruppe\/#breadcrumb","itemListElement":[{"@type":"ListItem","position":1,"name":"Home","item":"https:\/\/www.organisator.ch\/"},{"@type":"ListItem","position":2,"name":"Rostocker Start-up Sawayo wird Teil der Infoniqa Gruppe"}]},{"@type":"WebSite","@id":"https:\/\/www.organisator.ch\/#website","url":"https:\/\/www.organisator.ch\/","name":"Organisator","description":"Kompetent. Praxisnah. Der ORGANISATOR bereitet in 10 Ausgaben pro Jahr die wesentlichen Themen f\u00fcr F\u00fchrungskr\u00e4fte von KMU auf.","publisher":{"@id":"https:\/\/www.organisator.ch\/#organization"},"potentialAction":[{"@type":"SearchAction","target":{"@type":"EntryPoint","urlTemplate":"https:\/\/www.organisator.ch\/?s={search_term_string}"},"query-input":{"@type":"PropertyValueSpecification","valueRequired":true,"valueName":"search_term_string"}}],"inLanguage":"de"},{"@type":"Organization","@id":"https:\/\/www.organisator.ch\/#organization","name":"Organisator","url":"https:\/\/www.organisator.ch\/","logo":{"@type":"ImageObject","inLanguage":"de","@id":"https:\/\/www.organisator.ch\/#\/schema\/logo\/image\/","url":"https:\/\/www.organisator.ch\/wp-content\/uploads\/2022\/01\/Logo_Organisator_Website.png","contentUrl":"https:\/\/www.organisator.ch\/wp-content\/uploads\/2022\/01\/Logo_Organisator_Website.png","width":800,"height":77,"caption":"Organisator"},"image":{"@id":"https:\/\/www.organisator.ch\/#\/schema\/logo\/image\/"},"sameAs":["https:\/\/www.facebook.com\/OrganisatorFachmagazin","https:\/\/www.linkedin.com\/showcase\/organisator-das-magazin-fr-kmu","https:\/\/www.xing.com\/news\/pages\/organisator-ch-695","https:\/\/www.youtube.com\/channel\/UCGP2Sq0iWaZwT3BdIAQFYpw"]},{"@type":"Person","@id":"https:\/\/www.organisator.ch\/#\/schema\/person\/2e1314a2172123f874db408d8911d3f3","name":"Adelisa Kalajdzini","image":{"@type":"ImageObject","inLanguage":"de","@id":"https:\/\/secure.gravatar.com\/avatar\/09a397c22ac58cad6f160ee8306348599df9df58a8ede73696226897b9fa4b24?s=96&d=mm&r=g","url":"https:\/\/secure.gravatar.com\/avatar\/09a397c22ac58cad6f160ee8306348599df9df58a8ede73696226897b9fa4b24?s=96&d=mm&r=g","contentUrl":"https:\/\/secure.gravatar.com\/avatar\/09a397c22ac58cad6f160ee8306348599df9df58a8ede73696226897b9fa4b24?s=96&d=mm&r=g","caption":"Adelisa Kalajdzini"},"url":"https:\/\/www.organisator.ch\/de\/author\/adelisa-kalajdzini\/"}]}},"_links":{"self":[{"href":"https:\/\/www.organisator.ch\/de\/wp-json\/wp\/v2\/posts\/29698","targetHints":{"allow":["GET"]}}],"collection":[{"href":"https:\/\/www.organisator.ch\/de\/wp-json\/wp\/v2\/posts"}],"about":[{"href":"https:\/\/www.organisator.ch\/de\/wp-json\/wp\/v2\/types\/post"}],"author":[{"embeddable":true,"href":"https:\/\/www.organisator.ch\/de\/wp-json\/wp\/v2\/users\/58"}],"replies":[{"embeddable":true,"href":"https:\/\/www.organisator.ch\/de\/wp-json\/wp\/v2\/comments?post=29698"}],"version-history":[{"count":5,"href":"https:\/\/www.organisator.ch\/de\/wp-json\/wp\/v2\/posts\/29698\/revisions"}],"predecessor-version":[{"id":29795,"href":"https:\/\/www.organisator.ch\/de\/wp-json\/wp\/v2\/posts\/29698\/revisions\/29795"}],"wp:featuredmedia":[{"embeddable":true,"href":"https:\/\/www.organisator.ch\/de\/wp-json\/wp\/v2\/media\/29700"}],"wp:attachment":[{"href":"https:\/\/www.organisator.ch\/de\/wp-json\/wp\/v2\/media?parent=29698"}],"wp:term":[{"taxonomy":"category","embeddable":true,"href":"https:\/\/www.organisator.ch\/de\/wp-json\/wp\/v2\/categories?post=29698"},{"taxonomy":"post_tag","embeddable":true,"href":"https:\/\/www.organisator.ch\/de\/wp-json\/wp\/v2\/tags?post=29698"}],"curies":[{"name":"wp","href":"https:\/\/api.w.org\/{rel}","templated":true}]}}