{"id":29772,"date":"2024-09-13T09:31:17","date_gmt":"2024-09-13T07:31:17","guid":{"rendered":"https:\/\/www.organisator.ch\/?p=29772"},"modified":"2024-09-12T11:01:33","modified_gmt":"2024-09-12T09:01:33","slug":"studienstart-an-der-hes-so-mit-fast-21-000-studierenden","status":"publish","type":"post","link":"https:\/\/www.organisator.ch\/de\/weiterbildung\/2024-09-13\/studienstart-an-der-hes-so-mit-fast-21-000-studierenden\/","title":{"rendered":"Studienstart an der HES-SO mit fast 21.000 Studierenden"},"content":{"rendered":"<figure id=\"attachment_29774\" aria-describedby=\"caption-attachment-29774\" style=\"width: 680px\" class=\"wp-caption alignnone\"><img loading=\"lazy\" decoding=\"async\" class=\"size-full wp-image-29774\" src=\"https:\/\/www.organisator.ch\/wp-content\/uploads\/2024\/09\/HES-SO_Bild1_ps.jpg\" alt=\"\" width=\"680\" height=\"431\" srcset=\"https:\/\/www.organisator.ch\/wp-content\/uploads\/2024\/09\/HES-SO_Bild1_ps.jpg 680w, https:\/\/www.organisator.ch\/wp-content\/uploads\/2024\/09\/HES-SO_Bild1_ps-18x12.jpg 18w, https:\/\/www.organisator.ch\/wp-content\/uploads\/2024\/09\/HES-SO_Bild1_ps-375x238.jpg 375w, https:\/\/www.organisator.ch\/wp-content\/uploads\/2024\/09\/HES-SO_Bild1_ps-552x350.jpg 552w\" sizes=\"auto, (max-width: 680px) 100vw, 680px\" \/><figcaption id=\"caption-attachment-29774\" class=\"wp-caption-text\">Rund 21&#8217;000 Studierende starten ab dem 16. September 2024 an den 28 Hochschulen der HES-SO in der Westschweiz ins neue Studienjahr. (Bild: www.depositphotos.com)<\/figcaption><\/figure>\n<p>Der Masterstudiengang Integrated Innovation for Product and Business Development (Innokick) steht sinnbildhaft f\u00fcr diesen Neubeginn: Das Programm dieses Studiengangs, der sich auf die Innovation konzentriert, wurde f\u00fcr das bevorstehende Studienjahr komplett \u00fcberarbeitet. Fr\u00fcher war er den Bachelor-Absolventinnen und -Absolventen in den Fachbereichen Ingenieurwesen und Architektur, Wirtschaft &amp; Dienstleistung oder Design und Bildende Kunst vorbehalten. Ab dem kommenden Studienjahr steht er auch den Studierenden der drei anderen Fachbereiche der HES-SO (Musik und Darstellende K\u00fcnste, Gesundheit, Soziale Arbeit) offen und profitiert damit von einem noch vielf\u00e4ltigeren Input in den kreativen Prozess. Zudem kann der Innokick-Master in Zukunft nicht nur als Vollzeitstudium, sondern auch als Teilzeitstudium absolviert werden.<\/p>\n<p>Auch im Studiengang Pflege wurde das Angebot erweitert: Neu ist ein Teilzeitstudium nicht mehr nur an der Hochschule f\u00fcr Gesundheit Freiburg (HEdS-FR) m\u00f6glich, wo diese Option seit einem Jahr angeboten wird, sondern auch an der Hochschule f\u00fcr Gesundheit Genf (HEdS-Gen\u00e8ve) und der Hochschule f\u00fcr Gesundheit Valais-Wallis (HEdS). Zudem wird auch der Studiengang Hebamme an der Hochschule f\u00fcr Gesundheit Waadt (HESAV) als Teilzeitstudium angeboten. Die Flexibilisierung des Studiums richtet sich vor allem an Personen, die aus pers\u00f6nlichen oder beruflichen Gr\u00fcnden nicht ohne Weiteres ein Vollzeitstudium absolvieren k\u00f6nnen.<\/p>\n<p>Die Hochschulen im Gesundheitsbereich setzen auch verbreitet auf das E-Portfolio: ein Online-Dossier, das von den Studierenden zur Dokumentation ihrer Arbeiten, ihrer Reflexionen und ihrer pers\u00f6nlichen und beruflichen Entwicklung genutzt wird. Das E-Portfolio entspricht der Entwicklung von zunehmend modular aufgebauten Ausbildungen, die immer freier gestaltet werden k\u00f6nnen, und ist ein p\u00e4dagogisches Instrument f\u00fcr Dozierende und Lehrkr\u00e4fte, dank dem sie die Fortschritte der Studierenden online verfolgen und bewerten k\u00f6nnen. Das E-Portfolio soll zudem zu einem zentralen Bestandteil der Bewerbungsunterlagen bei der Arbeitssuche werden.<\/p>\n<h3><strong>Ausbildungen, die sich an den Bed\u00fcrfnissen der Berufswelt orientieren<\/strong><\/h3>\n<p>Die N\u00e4he zur Berufswelt wird insbesondere durch eine vermehrte Zusammenarbeit mit Partnerunternehmen verst\u00e4rkt. Dies gilt etwa an der Hochschule f\u00fcr Technik und Architektur Freiburg (HEIA-FR), die einen neuen Kurs f\u00fcr Absolventinnen und Absolventen der Studieng\u00e4nge Maschinenbau, Elektrotechnik sowie Informatik und Kommunikationssysteme im 2. Studienjahr anbietet, der in Zusammenarbeit mit dem Energieproduzenten und -verteiler Groupe E entwickelt wurde. Dieser Kurs, der Themen an der Schnittstelle zwischen der Optimierung von W\u00e4rmefl\u00fcssen, Elektrizit\u00e4t und neuen Computertechnologien gewidmet ist, erm\u00f6glicht es den Studierenden, interdisziplin\u00e4r an konkreten Projekten zu arbeiten. Er soll sie zudem dazu motivieren, w\u00e4hrend des ganzen neuen Studienjahres Projekte in interdisziplin\u00e4ren Teams und in Zusammenarbeit mit den Partnergemeinden und -unternehmen zu verfolgen.<\/p>\n<p>Auch der Master of Science in Business Administration (MSc BA) wurde den ver\u00e4nderten Bed\u00fcrfnissen der Wirtschaft und Gesellschaft angepasst und tr\u00e4gt insbesondere den Herausforderungen im Zusammenhang mit Nachhaltigkeit und Digitalisierung Rechnung. Das Kompetenzprofil ebenso wie der Rahmenstudienplan des Masterstudiengangs wurden vollst\u00e4ndig \u00fcberarbeitet.<\/p>\n<h3><strong>Studierendenzahlen zu Beginn des Studienjahres 2024\/2025\u00a0<\/strong><\/h3>\n<p>Die Bachelor-Einschreibungen verzeichnen ausser in den k\u00fcnstlerischen Studieng\u00e4ngen einen leichten R\u00fcckgang, der zur H\u00e4lfte durch die seit drei Jahren kontinuierlich steigende Zahl der Einschreibungen f\u00fcr den Master kompensiert wird. Insgesamt werden \u00fcber 17&#8217;800 Studierende ein Bachelorstudium und \u00fcber 2600 ein Masterstudium in einem der sechs Fachbereiche der HES-SO aufnehmen. Die gr\u00f6sste Fachhochschule der Schweiz wird somit zu Beginn des Studienjahres 2024\/2025 fast 21&#8217;000 Studierende z\u00e4hlen.<\/p>\n<p><em>Quelle: <a href=\"http:\/\/www.hes-so.ch\">www.hes-so.ch<\/a><\/em><\/p>\n","protected":false},"excerpt":{"rendered":"<p>Fast 21&#8217;000 Studentinnen und Studenten werden in der Woche vom 16. September 2024 an einer der 28 Hochschulen der HES-SO in der gesamten Westschweiz das neue Studienjahr in Angriff nehmen. In einigen Studieng\u00e4nge wurden Neuerungen vorgenommen: mehr M\u00f6glichkeiten zur Flexibilisierung des Studiums, eine \u00d6ffnung f\u00fcr neue Zielgruppen oder auch eine verst\u00e4rkte N\u00e4he zur Berufswelt.<\/p>\n","protected":false},"author":58,"featured_media":29774,"comment_status":"closed","ping_status":"closed","sticky":false,"template":"","format":"standard","meta":{"_acf_changed":false,"_yoast_wpseo_focuskw":"HES-SO","_yoast_wpseo_metadesc":"Fast 21'000 Studentinnen und Studenten werden in der Woche vom 16. September 2024 in der gesamten Westschweiz das neue Studienjahr in Angriff nehmen.","articlekey":"","footnotes":""},"categories":[30],"tags":[62,4500,460],"class_list":["post-29772","post","type-post","status-publish","format-standard","has-post-thumbnail","hentry","category-weiterbildung","tag-aus-weiterbildung","tag-hes-so","tag-studien"],"acf":[],"yoast_head":"<!-- This site is optimized with the Yoast SEO plugin v27.5 - https:\/\/yoast.com\/product\/yoast-seo-wordpress\/ -->\n<title>Studienstart an der HES-SO mit fast 21.000 Studierenden - Organisator<\/title>\n<meta name=\"description\" content=\"Fast 21&#039;000 Studentinnen und Studenten werden in der Woche vom 16. September 2024 in der gesamten Westschweiz das neue Studienjahr in Angriff nehmen.\" \/>\n<meta name=\"robots\" content=\"index, follow, max-snippet:-1, max-image-preview:large, max-video-preview:-1\" \/>\n<link rel=\"canonical\" href=\"https:\/\/www.organisator.ch\/de\/weiterbildung\/2024-09-13\/studienstart-an-der-hes-so-mit-fast-21-000-studierenden\/\" \/>\n<meta property=\"og:locale\" content=\"de_DE\" \/>\n<meta property=\"og:type\" content=\"article\" \/>\n<meta property=\"og:title\" content=\"Studienstart an der HES-SO mit fast 21.000 Studierenden\" \/>\n<meta property=\"og:description\" content=\"Fast 21&#039;000 Studentinnen und Studenten werden in der Woche vom 16. September 2024 in der gesamten Westschweiz das neue Studienjahr in Angriff nehmen.\" \/>\n<meta property=\"og:url\" content=\"https:\/\/www.organisator.ch\/de\/weiterbildung\/2024-09-13\/studienstart-an-der-hes-so-mit-fast-21-000-studierenden\/\" \/>\n<meta property=\"og:site_name\" content=\"Organisator\" \/>\n<meta property=\"article:publisher\" content=\"https:\/\/www.facebook.com\/OrganisatorFachmagazin\" \/>\n<meta property=\"article:published_time\" content=\"2024-09-13T07:31:17+00:00\" \/>\n<meta property=\"og:image\" content=\"https:\/\/www.organisator.ch\/wp-content\/uploads\/2024\/09\/HES-SO_Bild1_ps.jpg\" \/>\n\t<meta property=\"og:image:width\" content=\"680\" \/>\n\t<meta property=\"og:image:height\" content=\"431\" \/>\n\t<meta property=\"og:image:type\" content=\"image\/jpeg\" \/>\n<meta name=\"author\" content=\"Adelisa Kalajdzini\" \/>\n<meta name=\"twitter:card\" content=\"summary_large_image\" \/>\n<meta name=\"twitter:title\" content=\"Studienstart an der HES-SO mit fast 21.000 Studierenden\" \/>\n<meta name=\"twitter:description\" content=\"Fast 21&#039;000 #Studentinnen und #Studenten werden in der Woche vom 16. September 2024 in der gesamten #Westschweiz das neue #Studienjahr in Angriff nehmen.\" \/>\n<meta name=\"twitter:image\" content=\"https:\/\/www.organisator.ch\/wp-content\/uploads\/2024\/09\/HES-SO_Bild1_ps.jpg\" \/>\n<script type=\"application\/ld+json\" class=\"yoast-schema-graph\">{\"@context\":\"https:\\\/\\\/schema.org\",\"@graph\":[{\"@type\":\"Article\",\"@id\":\"https:\\\/\\\/www.organisator.ch\\\/weiterbildung\\\/2024-09-13\\\/studienstart-an-der-hes-so-mit-fast-21-000-studierenden\\\/#article\",\"isPartOf\":{\"@id\":\"https:\\\/\\\/www.organisator.ch\\\/weiterbildung\\\/2024-09-13\\\/studienstart-an-der-hes-so-mit-fast-21-000-studierenden\\\/\"},\"author\":{\"name\":\"Adelisa Kalajdzini\",\"@id\":\"https:\\\/\\\/www.organisator.ch\\\/#\\\/schema\\\/person\\\/2e1314a2172123f874db408d8911d3f3\"},\"headline\":\"Studienstart an der HES-SO mit fast 21.000 Studierenden\",\"datePublished\":\"2024-09-13T07:31:17+00:00\",\"mainEntityOfPage\":{\"@id\":\"https:\\\/\\\/www.organisator.ch\\\/weiterbildung\\\/2024-09-13\\\/studienstart-an-der-hes-so-mit-fast-21-000-studierenden\\\/\"},\"wordCount\":581,\"publisher\":{\"@id\":\"https:\\\/\\\/www.organisator.ch\\\/#organization\"},\"image\":{\"@id\":\"https:\\\/\\\/www.organisator.ch\\\/weiterbildung\\\/2024-09-13\\\/studienstart-an-der-hes-so-mit-fast-21-000-studierenden\\\/#primaryimage\"},\"thumbnailUrl\":\"https:\\\/\\\/www.organisator.ch\\\/wp-content\\\/uploads\\\/2024\\\/09\\\/HES-SO_Bild1_ps.jpg\",\"keywords\":[\"Aus-\\\/Weiterbildung\",\"HES-SO\",\"Studien\"],\"articleSection\":[\"WEITERBILDUNG\"],\"inLanguage\":\"de\"},{\"@type\":\"WebPage\",\"@id\":\"https:\\\/\\\/www.organisator.ch\\\/weiterbildung\\\/2024-09-13\\\/studienstart-an-der-hes-so-mit-fast-21-000-studierenden\\\/\",\"url\":\"https:\\\/\\\/www.organisator.ch\\\/weiterbildung\\\/2024-09-13\\\/studienstart-an-der-hes-so-mit-fast-21-000-studierenden\\\/\",\"name\":\"Studienstart an der HES-SO mit fast 21.000 Studierenden - Organisator\",\"isPartOf\":{\"@id\":\"https:\\\/\\\/www.organisator.ch\\\/#website\"},\"primaryImageOfPage\":{\"@id\":\"https:\\\/\\\/www.organisator.ch\\\/weiterbildung\\\/2024-09-13\\\/studienstart-an-der-hes-so-mit-fast-21-000-studierenden\\\/#primaryimage\"},\"image\":{\"@id\":\"https:\\\/\\\/www.organisator.ch\\\/weiterbildung\\\/2024-09-13\\\/studienstart-an-der-hes-so-mit-fast-21-000-studierenden\\\/#primaryimage\"},\"thumbnailUrl\":\"https:\\\/\\\/www.organisator.ch\\\/wp-content\\\/uploads\\\/2024\\\/09\\\/HES-SO_Bild1_ps.jpg\",\"datePublished\":\"2024-09-13T07:31:17+00:00\",\"description\":\"Fast 21'000 Studentinnen und Studenten werden in der Woche vom 16. September 2024 in der gesamten Westschweiz das neue Studienjahr in Angriff nehmen.\",\"breadcrumb\":{\"@id\":\"https:\\\/\\\/www.organisator.ch\\\/weiterbildung\\\/2024-09-13\\\/studienstart-an-der-hes-so-mit-fast-21-000-studierenden\\\/#breadcrumb\"},\"inLanguage\":\"de\",\"potentialAction\":[{\"@type\":\"ReadAction\",\"target\":[\"https:\\\/\\\/www.organisator.ch\\\/weiterbildung\\\/2024-09-13\\\/studienstart-an-der-hes-so-mit-fast-21-000-studierenden\\\/\"]}]},{\"@type\":\"ImageObject\",\"inLanguage\":\"de\",\"@id\":\"https:\\\/\\\/www.organisator.ch\\\/weiterbildung\\\/2024-09-13\\\/studienstart-an-der-hes-so-mit-fast-21-000-studierenden\\\/#primaryimage\",\"url\":\"https:\\\/\\\/www.organisator.ch\\\/wp-content\\\/uploads\\\/2024\\\/09\\\/HES-SO_Bild1_ps.jpg\",\"contentUrl\":\"https:\\\/\\\/www.organisator.ch\\\/wp-content\\\/uploads\\\/2024\\\/09\\\/HES-SO_Bild1_ps.jpg\",\"width\":680,\"height\":431,\"caption\":\"Rund 21'000 Studierende starten ab dem 16. September 2024 an den 28 Hochschulen der HES-SO in der Westschweiz ins neue Studienjahr. (Bild: www.depositphotos.com)\"},{\"@type\":\"BreadcrumbList\",\"@id\":\"https:\\\/\\\/www.organisator.ch\\\/weiterbildung\\\/2024-09-13\\\/studienstart-an-der-hes-so-mit-fast-21-000-studierenden\\\/#breadcrumb\",\"itemListElement\":[{\"@type\":\"ListItem\",\"position\":1,\"name\":\"Home\",\"item\":\"https:\\\/\\\/www.organisator.ch\\\/\"},{\"@type\":\"ListItem\",\"position\":2,\"name\":\"Studienstart an der HES-SO mit fast 21.000 Studierenden\"}]},{\"@type\":\"WebSite\",\"@id\":\"https:\\\/\\\/www.organisator.ch\\\/#website\",\"url\":\"https:\\\/\\\/www.organisator.ch\\\/\",\"name\":\"Organisator\",\"description\":\"Kompetent. Praxisnah. Der ORGANISATOR bereitet in 10 Ausgaben pro Jahr die wesentlichen Themen f\u00fcr F\u00fchrungskr\u00e4fte von KMU auf.\",\"publisher\":{\"@id\":\"https:\\\/\\\/www.organisator.ch\\\/#organization\"},\"potentialAction\":[{\"@type\":\"SearchAction\",\"target\":{\"@type\":\"EntryPoint\",\"urlTemplate\":\"https:\\\/\\\/www.organisator.ch\\\/?s={search_term_string}\"},\"query-input\":{\"@type\":\"PropertyValueSpecification\",\"valueRequired\":true,\"valueName\":\"search_term_string\"}}],\"inLanguage\":\"de\"},{\"@type\":\"Organization\",\"@id\":\"https:\\\/\\\/www.organisator.ch\\\/#organization\",\"name\":\"Organisator\",\"url\":\"https:\\\/\\\/www.organisator.ch\\\/\",\"logo\":{\"@type\":\"ImageObject\",\"inLanguage\":\"de\",\"@id\":\"https:\\\/\\\/www.organisator.ch\\\/#\\\/schema\\\/logo\\\/image\\\/\",\"url\":\"https:\\\/\\\/www.organisator.ch\\\/wp-content\\\/uploads\\\/2022\\\/01\\\/Logo_Organisator_Website.png\",\"contentUrl\":\"https:\\\/\\\/www.organisator.ch\\\/wp-content\\\/uploads\\\/2022\\\/01\\\/Logo_Organisator_Website.png\",\"width\":800,\"height\":77,\"caption\":\"Organisator\"},\"image\":{\"@id\":\"https:\\\/\\\/www.organisator.ch\\\/#\\\/schema\\\/logo\\\/image\\\/\"},\"sameAs\":[\"https:\\\/\\\/www.facebook.com\\\/OrganisatorFachmagazin\",\"https:\\\/\\\/www.linkedin.com\\\/showcase\\\/organisator-das-magazin-fr-kmu\",\"https:\\\/\\\/www.xing.com\\\/news\\\/pages\\\/organisator-ch-695\",\"https:\\\/\\\/www.youtube.com\\\/channel\\\/UCGP2Sq0iWaZwT3BdIAQFYpw\"]},{\"@type\":\"Person\",\"@id\":\"https:\\\/\\\/www.organisator.ch\\\/#\\\/schema\\\/person\\\/2e1314a2172123f874db408d8911d3f3\",\"name\":\"Adelisa Kalajdzini\",\"image\":{\"@type\":\"ImageObject\",\"inLanguage\":\"de\",\"@id\":\"https:\\\/\\\/secure.gravatar.com\\\/avatar\\\/09a397c22ac58cad6f160ee8306348599df9df58a8ede73696226897b9fa4b24?s=96&d=mm&r=g\",\"url\":\"https:\\\/\\\/secure.gravatar.com\\\/avatar\\\/09a397c22ac58cad6f160ee8306348599df9df58a8ede73696226897b9fa4b24?s=96&d=mm&r=g\",\"contentUrl\":\"https:\\\/\\\/secure.gravatar.com\\\/avatar\\\/09a397c22ac58cad6f160ee8306348599df9df58a8ede73696226897b9fa4b24?s=96&d=mm&r=g\",\"caption\":\"Adelisa Kalajdzini\"},\"url\":\"https:\\\/\\\/www.organisator.ch\\\/de\\\/author\\\/adelisa-kalajdzini\\\/\"}]}<\/script>\n<!-- \/ Yoast SEO plugin. -->","yoast_head_json":{"title":"Studienstart an der HES-SO mit fast 21.000 Studierenden - Organisator","description":"Fast 21'000 Studentinnen und Studenten werden in der Woche vom 16. September 2024 in der gesamten Westschweiz das neue Studienjahr in Angriff nehmen.","robots":{"index":"index","follow":"follow","max-snippet":"max-snippet:-1","max-image-preview":"max-image-preview:large","max-video-preview":"max-video-preview:-1"},"canonical":"https:\/\/www.organisator.ch\/de\/weiterbildung\/2024-09-13\/studienstart-an-der-hes-so-mit-fast-21-000-studierenden\/","og_locale":"de_DE","og_type":"article","og_title":"Studienstart an der HES-SO mit fast 21.000 Studierenden","og_description":"Fast 21'000 Studentinnen und Studenten werden in der Woche vom 16. September 2024 in der gesamten Westschweiz das neue Studienjahr in Angriff nehmen.","og_url":"https:\/\/www.organisator.ch\/de\/weiterbildung\/2024-09-13\/studienstart-an-der-hes-so-mit-fast-21-000-studierenden\/","og_site_name":"Organisator","article_publisher":"https:\/\/www.facebook.com\/OrganisatorFachmagazin","article_published_time":"2024-09-13T07:31:17+00:00","og_image":[{"width":680,"height":431,"url":"https:\/\/www.organisator.ch\/wp-content\/uploads\/2024\/09\/HES-SO_Bild1_ps.jpg","type":"image\/jpeg"}],"author":"Adelisa Kalajdzini","twitter_card":"summary_large_image","twitter_title":"Studienstart an der HES-SO mit fast 21.000 Studierenden","twitter_description":"Fast 21'000 #Studentinnen und #Studenten werden in der Woche vom 16. September 2024 in der gesamten #Westschweiz das neue #Studienjahr in Angriff nehmen.","twitter_image":"https:\/\/www.organisator.ch\/wp-content\/uploads\/2024\/09\/HES-SO_Bild1_ps.jpg","schema":{"@context":"https:\/\/schema.org","@graph":[{"@type":"Article","@id":"https:\/\/www.organisator.ch\/weiterbildung\/2024-09-13\/studienstart-an-der-hes-so-mit-fast-21-000-studierenden\/#article","isPartOf":{"@id":"https:\/\/www.organisator.ch\/weiterbildung\/2024-09-13\/studienstart-an-der-hes-so-mit-fast-21-000-studierenden\/"},"author":{"name":"Adelisa Kalajdzini","@id":"https:\/\/www.organisator.ch\/#\/schema\/person\/2e1314a2172123f874db408d8911d3f3"},"headline":"Studienstart an der HES-SO mit fast 21.000 Studierenden","datePublished":"2024-09-13T07:31:17+00:00","mainEntityOfPage":{"@id":"https:\/\/www.organisator.ch\/weiterbildung\/2024-09-13\/studienstart-an-der-hes-so-mit-fast-21-000-studierenden\/"},"wordCount":581,"publisher":{"@id":"https:\/\/www.organisator.ch\/#organization"},"image":{"@id":"https:\/\/www.organisator.ch\/weiterbildung\/2024-09-13\/studienstart-an-der-hes-so-mit-fast-21-000-studierenden\/#primaryimage"},"thumbnailUrl":"https:\/\/www.organisator.ch\/wp-content\/uploads\/2024\/09\/HES-SO_Bild1_ps.jpg","keywords":["Aus-\/Weiterbildung","HES-SO","Studien"],"articleSection":["WEITERBILDUNG"],"inLanguage":"de"},{"@type":"WebPage","@id":"https:\/\/www.organisator.ch\/weiterbildung\/2024-09-13\/studienstart-an-der-hes-so-mit-fast-21-000-studierenden\/","url":"https:\/\/www.organisator.ch\/weiterbildung\/2024-09-13\/studienstart-an-der-hes-so-mit-fast-21-000-studierenden\/","name":"Studienstart an der HES-SO mit fast 21.000 Studierenden - Organisator","isPartOf":{"@id":"https:\/\/www.organisator.ch\/#website"},"primaryImageOfPage":{"@id":"https:\/\/www.organisator.ch\/weiterbildung\/2024-09-13\/studienstart-an-der-hes-so-mit-fast-21-000-studierenden\/#primaryimage"},"image":{"@id":"https:\/\/www.organisator.ch\/weiterbildung\/2024-09-13\/studienstart-an-der-hes-so-mit-fast-21-000-studierenden\/#primaryimage"},"thumbnailUrl":"https:\/\/www.organisator.ch\/wp-content\/uploads\/2024\/09\/HES-SO_Bild1_ps.jpg","datePublished":"2024-09-13T07:31:17+00:00","description":"Fast 21'000 Studentinnen und Studenten werden in der Woche vom 16. September 2024 in der gesamten Westschweiz das neue Studienjahr in Angriff nehmen.","breadcrumb":{"@id":"https:\/\/www.organisator.ch\/weiterbildung\/2024-09-13\/studienstart-an-der-hes-so-mit-fast-21-000-studierenden\/#breadcrumb"},"inLanguage":"de","potentialAction":[{"@type":"ReadAction","target":["https:\/\/www.organisator.ch\/weiterbildung\/2024-09-13\/studienstart-an-der-hes-so-mit-fast-21-000-studierenden\/"]}]},{"@type":"ImageObject","inLanguage":"de","@id":"https:\/\/www.organisator.ch\/weiterbildung\/2024-09-13\/studienstart-an-der-hes-so-mit-fast-21-000-studierenden\/#primaryimage","url":"https:\/\/www.organisator.ch\/wp-content\/uploads\/2024\/09\/HES-SO_Bild1_ps.jpg","contentUrl":"https:\/\/www.organisator.ch\/wp-content\/uploads\/2024\/09\/HES-SO_Bild1_ps.jpg","width":680,"height":431,"caption":"Rund 21'000 Studierende starten ab dem 16. September 2024 an den 28 Hochschulen der HES-SO in der Westschweiz ins neue Studienjahr. (Bild: www.depositphotos.com)"},{"@type":"BreadcrumbList","@id":"https:\/\/www.organisator.ch\/weiterbildung\/2024-09-13\/studienstart-an-der-hes-so-mit-fast-21-000-studierenden\/#breadcrumb","itemListElement":[{"@type":"ListItem","position":1,"name":"Home","item":"https:\/\/www.organisator.ch\/"},{"@type":"ListItem","position":2,"name":"Studienstart an der HES-SO mit fast 21.000 Studierenden"}]},{"@type":"WebSite","@id":"https:\/\/www.organisator.ch\/#website","url":"https:\/\/www.organisator.ch\/","name":"Organisator","description":"Kompetent. Praxisnah. Der ORGANISATOR bereitet in 10 Ausgaben pro Jahr die wesentlichen Themen f\u00fcr F\u00fchrungskr\u00e4fte von KMU auf.","publisher":{"@id":"https:\/\/www.organisator.ch\/#organization"},"potentialAction":[{"@type":"SearchAction","target":{"@type":"EntryPoint","urlTemplate":"https:\/\/www.organisator.ch\/?s={search_term_string}"},"query-input":{"@type":"PropertyValueSpecification","valueRequired":true,"valueName":"search_term_string"}}],"inLanguage":"de"},{"@type":"Organization","@id":"https:\/\/www.organisator.ch\/#organization","name":"Organisator","url":"https:\/\/www.organisator.ch\/","logo":{"@type":"ImageObject","inLanguage":"de","@id":"https:\/\/www.organisator.ch\/#\/schema\/logo\/image\/","url":"https:\/\/www.organisator.ch\/wp-content\/uploads\/2022\/01\/Logo_Organisator_Website.png","contentUrl":"https:\/\/www.organisator.ch\/wp-content\/uploads\/2022\/01\/Logo_Organisator_Website.png","width":800,"height":77,"caption":"Organisator"},"image":{"@id":"https:\/\/www.organisator.ch\/#\/schema\/logo\/image\/"},"sameAs":["https:\/\/www.facebook.com\/OrganisatorFachmagazin","https:\/\/www.linkedin.com\/showcase\/organisator-das-magazin-fr-kmu","https:\/\/www.xing.com\/news\/pages\/organisator-ch-695","https:\/\/www.youtube.com\/channel\/UCGP2Sq0iWaZwT3BdIAQFYpw"]},{"@type":"Person","@id":"https:\/\/www.organisator.ch\/#\/schema\/person\/2e1314a2172123f874db408d8911d3f3","name":"Adelisa Kalajdzini","image":{"@type":"ImageObject","inLanguage":"de","@id":"https:\/\/secure.gravatar.com\/avatar\/09a397c22ac58cad6f160ee8306348599df9df58a8ede73696226897b9fa4b24?s=96&d=mm&r=g","url":"https:\/\/secure.gravatar.com\/avatar\/09a397c22ac58cad6f160ee8306348599df9df58a8ede73696226897b9fa4b24?s=96&d=mm&r=g","contentUrl":"https:\/\/secure.gravatar.com\/avatar\/09a397c22ac58cad6f160ee8306348599df9df58a8ede73696226897b9fa4b24?s=96&d=mm&r=g","caption":"Adelisa Kalajdzini"},"url":"https:\/\/www.organisator.ch\/de\/author\/adelisa-kalajdzini\/"}]}},"_links":{"self":[{"href":"https:\/\/www.organisator.ch\/de\/wp-json\/wp\/v2\/posts\/29772","targetHints":{"allow":["GET"]}}],"collection":[{"href":"https:\/\/www.organisator.ch\/de\/wp-json\/wp\/v2\/posts"}],"about":[{"href":"https:\/\/www.organisator.ch\/de\/wp-json\/wp\/v2\/types\/post"}],"author":[{"embeddable":true,"href":"https:\/\/www.organisator.ch\/de\/wp-json\/wp\/v2\/users\/58"}],"replies":[{"embeddable":true,"href":"https:\/\/www.organisator.ch\/de\/wp-json\/wp\/v2\/comments?post=29772"}],"version-history":[{"count":3,"href":"https:\/\/www.organisator.ch\/de\/wp-json\/wp\/v2\/posts\/29772\/revisions"}],"predecessor-version":[{"id":29816,"href":"https:\/\/www.organisator.ch\/de\/wp-json\/wp\/v2\/posts\/29772\/revisions\/29816"}],"wp:featuredmedia":[{"embeddable":true,"href":"https:\/\/www.organisator.ch\/de\/wp-json\/wp\/v2\/media\/29774"}],"wp:attachment":[{"href":"https:\/\/www.organisator.ch\/de\/wp-json\/wp\/v2\/media?parent=29772"}],"wp:term":[{"taxonomy":"category","embeddable":true,"href":"https:\/\/www.organisator.ch\/de\/wp-json\/wp\/v2\/categories?post=29772"},{"taxonomy":"post_tag","embeddable":true,"href":"https:\/\/www.organisator.ch\/de\/wp-json\/wp\/v2\/tags?post=29772"}],"curies":[{"name":"wp","href":"https:\/\/api.w.org\/{rel}","templated":true}]}}