{"id":29809,"date":"2024-09-13T10:53:52","date_gmt":"2024-09-13T08:53:52","guid":{"rendered":"https:\/\/www.markt-kom.com\/?p=223265"},"modified":"2024-11-08T09:48:27","modified_gmt":"2024-11-08T08:48:27","slug":"giselle-vaugne-verlaesst-ingo-zuerich","status":"publish","type":"post","link":"https:\/\/www.organisator.ch\/de\/marketing\/2024-09-13\/giselle-vaugne-verlaesst-ingo-zuerich\/","title":{"rendered":"Giselle Vaugne verl\u00e4sst Ingo Z\u00fcrich"},"content":{"rendered":"<figure id=\"attachment_223266\" class=\"wp-caption aligncenter\" style=\"width: 1200px\" aria-describedby=\"caption-attachment-223266\"><img class=\"aligncenter wp-image-223266 size-full\" src=\"https:\/\/www.markt-kom.com\/wp-content\/uploads\/2024\/09\/Giselle_Vaugne_Portrait.jpg\" alt=\"Giselle Vaugne \" width=\"1200\" height=\"900\" \/>\r\n<figcaption id=\"caption-attachment-223266\" class=\"wp-caption-text\">(Bild: zVg.)<\/figcaption>\r\n<\/figure>\r\n<p>Vaugne stiess im M\u00e4rz 2019 als Client Service Director zur Agentur und \u00fcbernahm im Laufe ihrer Karriere stetig mehr Verantwortung. Sie leitete das gesamte Beratungsteam f\u00fcr Campaigning und Technology, wurde im November 2019 zum COO ernannt und f\u00fchrte die Agentur seit 2021 gemeinsam mit Swen Morath als Co-CEO.<\/p>\r\n<p>\u00abEs war eine wohl\u00fcberlegte Entscheidung, Ingo Z\u00fcrich zu verlassen, auch wenn mir diese sehr schwergefallen ist\u00bb, so Giselle Vaugne in einer Mitteilung. \u00abDie vergangenen f\u00fcnfeinhalb Jahre waren eine \u00e4usserst bereichernde Zeit. Gemeinsam haben wir die Agentur nach dem Rebranding zu Wunderman Thompson in die Top 5 der Kreativagenturen gef\u00fchrt, tolle neue Kunden gewonnen und wurden f\u00fcr unsere Arbeiten mit Geberit und HEKS mit Gold-Effies ausgezeichnet.\u00bb<\/p>\r\n<p>Auch der Namenswechsel zu Ingo Z\u00fcrich im Fr\u00fchjahr 2024 sei gelungen, so Vaugne weiter, die mit Stolz auf das Erreichte zur\u00fcckblickt. Nun sei es aber Zeit f\u00fcr ein neues Abenteuer: \u00abNach diesen sechs intensiven Jahren m\u00f6chte ich mich zun\u00e4chst auf mein Privatleben konzentrieren, um mich dann ab 2025 beruflichen neu orientieren.\u00bb<\/p>\r\n<p>Co-CEO und CCO Swen Morath bedauert Vaugnes Weggang: \u00abWahrscheinlich werde ich sie einfach weiterhin jeden Morgen auf der Fahrt in die Agentur anrufen, so wie wir es \u00fcber die vergangenen Jahre t\u00e4glich getan haben <em>(lacht)<\/em>. Ich bin sehr dankbar f\u00fcr die vertrauensvolle, konstruktive und vor allem erfolgreiche Zusammenarbeit. Ich w\u00fcnsche Giselle alles alles Gute f\u00fcr die Zukunft. Gleichzeitig freue ich mich auf die n\u00e4chsten Monate. Es stehen f\u00fcr Ingo Z\u00fcrich einige spannende Projekte mit aufregenden Kunden an. Das Team ist hoch motiviert und ich pers\u00f6nlich freue mich auch auf die enge Zusammenarbeit mit unserem neuen Global Chief Creative Officer Dan Fisher.\u00bb<\/p>\r\n<p>Giselle Vaugne wird die Agentur bis Ende September 2024 weiter aktiv begleiten und zwischenzeitlich ihre Verantwortlichkeiten \u00fcbergeben.<\/p>\r\n<p>Ihre kundenbezogenen Aufgaben \u00fcbernimmt aktuell Sandro Tschuor als Chief Client Officer. Tschuor ist im Jahr 2015 zur Agentur gestossen, nachdem er seine Profi-Eishockeykarriere beendet hatte. In dieser Zeit hat er nationale und internationale Kunden wie PostFinance oder Microsoft gef\u00fchrt und war als WPP Lead f\u00fcr die Migros Fachm\u00e4rkte verantwortlich.<\/p>","protected":false},"excerpt":{"rendered":"<p>Nach fast sechs Jahren bei Ingo Z\u00fcrich \u2013 ehemals Wunderman Thompson \u2013 hat sich Giselle Vaugne entschieden, als Co-CEO und COO zur\u00fcckzutreten.<\/p>\n","protected":false},"author":8,"featured_media":0,"comment_status":"closed","ping_status":"closed","sticky":false,"template":"","format":"standard","meta":{"_acf_changed":false,"_yoast_wpseo_focuskw":"Giselle Vaugne","_yoast_wpseo_metadesc":"Giselle Vaugne verl\u00e4sst Ingo Z\u00fcrich nach erfolgreichen Jahren und Gold-Effies. Sandro Tschuor \u00fcbernimmt als Chief Client Officer.","articlekey":"","footnotes":""},"categories":[29],"tags":[4345,4506,2853],"class_list":["post-29809","post","type-post","status-publish","format-standard","hentry","category-marketing","tag-business","tag-ingo","tag-jobchange"],"acf":[],"yoast_head":"<!-- This site is optimized with the Yoast SEO plugin v27.5 - https:\/\/yoast.com\/product\/yoast-seo-wordpress\/ -->\n<title>Giselle Vaugne verl\u00e4sst Ingo Z\u00fcrich - Organisator<\/title>\n<meta name=\"description\" content=\"Giselle Vaugne verl\u00e4sst Ingo Z\u00fcrich nach erfolgreichen Jahren und Gold-Effies. Sandro Tschuor \u00fcbernimmt als Chief Client Officer.\" \/>\n<meta name=\"robots\" content=\"index, follow, max-snippet:-1, max-image-preview:large, max-video-preview:-1\" \/>\n<link rel=\"canonical\" href=\"https:\/\/www.organisator.ch\/de\/marketing\/2024-09-13\/giselle-vaugne-verlaesst-ingo-zuerich\/\" \/>\n<meta property=\"og:locale\" content=\"de_DE\" \/>\n<meta property=\"og:type\" content=\"article\" \/>\n<meta property=\"og:title\" content=\"Giselle Vaugne verl\u00e4sst Ingo Z\u00fcrich - Organisator\" \/>\n<meta property=\"og:description\" content=\"Giselle Vaugne verl\u00e4sst Ingo Z\u00fcrich nach erfolgreichen Jahren und Gold-Effies. Sandro Tschuor \u00fcbernimmt als Chief Client Officer.\" \/>\n<meta property=\"og:url\" content=\"https:\/\/www.organisator.ch\/de\/marketing\/2024-09-13\/giselle-vaugne-verlaesst-ingo-zuerich\/\" \/>\n<meta property=\"og:site_name\" content=\"Organisator\" \/>\n<meta property=\"article:publisher\" content=\"https:\/\/www.facebook.com\/OrganisatorFachmagazin\" \/>\n<meta property=\"article:published_time\" content=\"2024-09-13T08:53:52+00:00\" \/>\n<meta property=\"article:modified_time\" content=\"2024-11-08T08:48:27+00:00\" \/>\n<meta property=\"og:image\" content=\"https:\/\/www.markt-kom.com\/wp-content\/uploads\/2024\/09\/Giselle_Vaugne_Portrait.jpg\" \/>\n<meta name=\"author\" content=\"galledia\" \/>\n<meta name=\"twitter:card\" content=\"summary_large_image\" \/>\n<meta name=\"twitter:creator\" content=\"@admin\" \/>\n<script type=\"application\/ld+json\" class=\"yoast-schema-graph\">{\"@context\":\"https:\\\/\\\/schema.org\",\"@graph\":[{\"@type\":\"Article\",\"@id\":\"https:\\\/\\\/www.organisator.ch\\\/marketing\\\/2024-09-13\\\/giselle-vaugne-verlaesst-ingo-zuerich\\\/#article\",\"isPartOf\":{\"@id\":\"https:\\\/\\\/www.organisator.ch\\\/marketing\\\/2024-09-13\\\/giselle-vaugne-verlaesst-ingo-zuerich\\\/\"},\"author\":{\"name\":\"galledia\",\"@id\":\"https:\\\/\\\/www.organisator.ch\\\/#\\\/schema\\\/person\\\/4e51799071cd2dd1232ac003643ef5f0\"},\"headline\":\"Giselle Vaugne verl\u00e4sst Ingo Z\u00fcrich\",\"datePublished\":\"2024-09-13T08:53:52+00:00\",\"dateModified\":\"2024-11-08T08:48:27+00:00\",\"mainEntityOfPage\":{\"@id\":\"https:\\\/\\\/www.organisator.ch\\\/marketing\\\/2024-09-13\\\/giselle-vaugne-verlaesst-ingo-zuerich\\\/\"},\"wordCount\":357,\"publisher\":{\"@id\":\"https:\\\/\\\/www.organisator.ch\\\/#organization\"},\"image\":{\"@id\":\"https:\\\/\\\/www.organisator.ch\\\/marketing\\\/2024-09-13\\\/giselle-vaugne-verlaesst-ingo-zuerich\\\/#primaryimage\"},\"thumbnailUrl\":\"https:\\\/\\\/www.markt-kom.com\\\/wp-content\\\/uploads\\\/2024\\\/09\\\/Giselle_Vaugne_Portrait.jpg\",\"keywords\":[\"Business\",\"Ingo\",\"Jobchange\"],\"articleSection\":[\"MARKETING\"],\"inLanguage\":\"de\"},{\"@type\":\"WebPage\",\"@id\":\"https:\\\/\\\/www.organisator.ch\\\/marketing\\\/2024-09-13\\\/giselle-vaugne-verlaesst-ingo-zuerich\\\/\",\"url\":\"https:\\\/\\\/www.organisator.ch\\\/marketing\\\/2024-09-13\\\/giselle-vaugne-verlaesst-ingo-zuerich\\\/\",\"name\":\"Giselle Vaugne verl\u00e4sst Ingo Z\u00fcrich - Organisator\",\"isPartOf\":{\"@id\":\"https:\\\/\\\/www.organisator.ch\\\/#website\"},\"primaryImageOfPage\":{\"@id\":\"https:\\\/\\\/www.organisator.ch\\\/marketing\\\/2024-09-13\\\/giselle-vaugne-verlaesst-ingo-zuerich\\\/#primaryimage\"},\"image\":{\"@id\":\"https:\\\/\\\/www.organisator.ch\\\/marketing\\\/2024-09-13\\\/giselle-vaugne-verlaesst-ingo-zuerich\\\/#primaryimage\"},\"thumbnailUrl\":\"https:\\\/\\\/www.markt-kom.com\\\/wp-content\\\/uploads\\\/2024\\\/09\\\/Giselle_Vaugne_Portrait.jpg\",\"datePublished\":\"2024-09-13T08:53:52+00:00\",\"dateModified\":\"2024-11-08T08:48:27+00:00\",\"description\":\"Giselle Vaugne verl\u00e4sst Ingo Z\u00fcrich nach erfolgreichen Jahren und Gold-Effies. Sandro Tschuor \u00fcbernimmt als Chief Client Officer.\",\"breadcrumb\":{\"@id\":\"https:\\\/\\\/www.organisator.ch\\\/marketing\\\/2024-09-13\\\/giselle-vaugne-verlaesst-ingo-zuerich\\\/#breadcrumb\"},\"inLanguage\":\"de\",\"potentialAction\":[{\"@type\":\"ReadAction\",\"target\":[\"https:\\\/\\\/www.organisator.ch\\\/marketing\\\/2024-09-13\\\/giselle-vaugne-verlaesst-ingo-zuerich\\\/\"]}]},{\"@type\":\"ImageObject\",\"inLanguage\":\"de\",\"@id\":\"https:\\\/\\\/www.organisator.ch\\\/marketing\\\/2024-09-13\\\/giselle-vaugne-verlaesst-ingo-zuerich\\\/#primaryimage\",\"url\":\"https:\\\/\\\/www.markt-kom.com\\\/wp-content\\\/uploads\\\/2024\\\/09\\\/Giselle_Vaugne_Portrait.jpg\",\"contentUrl\":\"https:\\\/\\\/www.markt-kom.com\\\/wp-content\\\/uploads\\\/2024\\\/09\\\/Giselle_Vaugne_Portrait.jpg\"},{\"@type\":\"BreadcrumbList\",\"@id\":\"https:\\\/\\\/www.organisator.ch\\\/marketing\\\/2024-09-13\\\/giselle-vaugne-verlaesst-ingo-zuerich\\\/#breadcrumb\",\"itemListElement\":[{\"@type\":\"ListItem\",\"position\":1,\"name\":\"Home\",\"item\":\"https:\\\/\\\/www.organisator.ch\\\/\"},{\"@type\":\"ListItem\",\"position\":2,\"name\":\"Giselle Vaugne verl\u00e4sst Ingo Z\u00fcrich\"}]},{\"@type\":\"WebSite\",\"@id\":\"https:\\\/\\\/www.organisator.ch\\\/#website\",\"url\":\"https:\\\/\\\/www.organisator.ch\\\/\",\"name\":\"Organisator\",\"description\":\"Kompetent. Praxisnah. Der ORGANISATOR bereitet in 10 Ausgaben pro Jahr die wesentlichen Themen f\u00fcr F\u00fchrungskr\u00e4fte von KMU auf.\",\"publisher\":{\"@id\":\"https:\\\/\\\/www.organisator.ch\\\/#organization\"},\"potentialAction\":[{\"@type\":\"SearchAction\",\"target\":{\"@type\":\"EntryPoint\",\"urlTemplate\":\"https:\\\/\\\/www.organisator.ch\\\/?s={search_term_string}\"},\"query-input\":{\"@type\":\"PropertyValueSpecification\",\"valueRequired\":true,\"valueName\":\"search_term_string\"}}],\"inLanguage\":\"de\"},{\"@type\":\"Organization\",\"@id\":\"https:\\\/\\\/www.organisator.ch\\\/#organization\",\"name\":\"Organisator\",\"url\":\"https:\\\/\\\/www.organisator.ch\\\/\",\"logo\":{\"@type\":\"ImageObject\",\"inLanguage\":\"de\",\"@id\":\"https:\\\/\\\/www.organisator.ch\\\/#\\\/schema\\\/logo\\\/image\\\/\",\"url\":\"https:\\\/\\\/www.organisator.ch\\\/wp-content\\\/uploads\\\/2022\\\/01\\\/Logo_Organisator_Website.png\",\"contentUrl\":\"https:\\\/\\\/www.organisator.ch\\\/wp-content\\\/uploads\\\/2022\\\/01\\\/Logo_Organisator_Website.png\",\"width\":800,\"height\":77,\"caption\":\"Organisator\"},\"image\":{\"@id\":\"https:\\\/\\\/www.organisator.ch\\\/#\\\/schema\\\/logo\\\/image\\\/\"},\"sameAs\":[\"https:\\\/\\\/www.facebook.com\\\/OrganisatorFachmagazin\",\"https:\\\/\\\/www.linkedin.com\\\/showcase\\\/organisator-das-magazin-fr-kmu\",\"https:\\\/\\\/www.xing.com\\\/news\\\/pages\\\/organisator-ch-695\",\"https:\\\/\\\/www.youtube.com\\\/channel\\\/UCGP2Sq0iWaZwT3BdIAQFYpw\"]},{\"@type\":\"Person\",\"@id\":\"https:\\\/\\\/www.organisator.ch\\\/#\\\/schema\\\/person\\\/4e51799071cd2dd1232ac003643ef5f0\",\"name\":\"galledia\",\"image\":{\"@type\":\"ImageObject\",\"inLanguage\":\"de\",\"@id\":\"https:\\\/\\\/secure.gravatar.com\\\/avatar\\\/78a7f90c01fc2bfc875782a0d4922b37cde2cf184ce347b91316d23cd7f69a36?s=96&d=mm&r=g\",\"url\":\"https:\\\/\\\/secure.gravatar.com\\\/avatar\\\/78a7f90c01fc2bfc875782a0d4922b37cde2cf184ce347b91316d23cd7f69a36?s=96&d=mm&r=g\",\"contentUrl\":\"https:\\\/\\\/secure.gravatar.com\\\/avatar\\\/78a7f90c01fc2bfc875782a0d4922b37cde2cf184ce347b91316d23cd7f69a36?s=96&d=mm&r=g\",\"caption\":\"galledia\"},\"sameAs\":[\"https:\\\/\\\/x.com\\\/admin\"],\"url\":\"https:\\\/\\\/www.organisator.ch\\\/de\\\/author\\\/galledia\\\/\"}]}<\/script>\n<!-- \/ Yoast SEO plugin. -->","yoast_head_json":{"title":"Giselle Vaugne verl\u00e4sst Ingo Z\u00fcrich - Organisator","description":"Giselle Vaugne verl\u00e4sst Ingo Z\u00fcrich nach erfolgreichen Jahren und Gold-Effies. Sandro Tschuor \u00fcbernimmt als Chief Client Officer.","robots":{"index":"index","follow":"follow","max-snippet":"max-snippet:-1","max-image-preview":"max-image-preview:large","max-video-preview":"max-video-preview:-1"},"canonical":"https:\/\/www.organisator.ch\/de\/marketing\/2024-09-13\/giselle-vaugne-verlaesst-ingo-zuerich\/","og_locale":"de_DE","og_type":"article","og_title":"Giselle Vaugne verl\u00e4sst Ingo Z\u00fcrich - Organisator","og_description":"Giselle Vaugne verl\u00e4sst Ingo Z\u00fcrich nach erfolgreichen Jahren und Gold-Effies. Sandro Tschuor \u00fcbernimmt als Chief Client Officer.","og_url":"https:\/\/www.organisator.ch\/de\/marketing\/2024-09-13\/giselle-vaugne-verlaesst-ingo-zuerich\/","og_site_name":"Organisator","article_publisher":"https:\/\/www.facebook.com\/OrganisatorFachmagazin","article_published_time":"2024-09-13T08:53:52+00:00","article_modified_time":"2024-11-08T08:48:27+00:00","og_image":[{"url":"https:\/\/www.markt-kom.com\/wp-content\/uploads\/2024\/09\/Giselle_Vaugne_Portrait.jpg","type":"","width":"","height":""}],"author":"galledia","twitter_card":"summary_large_image","twitter_creator":"@admin","schema":{"@context":"https:\/\/schema.org","@graph":[{"@type":"Article","@id":"https:\/\/www.organisator.ch\/marketing\/2024-09-13\/giselle-vaugne-verlaesst-ingo-zuerich\/#article","isPartOf":{"@id":"https:\/\/www.organisator.ch\/marketing\/2024-09-13\/giselle-vaugne-verlaesst-ingo-zuerich\/"},"author":{"name":"galledia","@id":"https:\/\/www.organisator.ch\/#\/schema\/person\/4e51799071cd2dd1232ac003643ef5f0"},"headline":"Giselle Vaugne verl\u00e4sst Ingo Z\u00fcrich","datePublished":"2024-09-13T08:53:52+00:00","dateModified":"2024-11-08T08:48:27+00:00","mainEntityOfPage":{"@id":"https:\/\/www.organisator.ch\/marketing\/2024-09-13\/giselle-vaugne-verlaesst-ingo-zuerich\/"},"wordCount":357,"publisher":{"@id":"https:\/\/www.organisator.ch\/#organization"},"image":{"@id":"https:\/\/www.organisator.ch\/marketing\/2024-09-13\/giselle-vaugne-verlaesst-ingo-zuerich\/#primaryimage"},"thumbnailUrl":"https:\/\/www.markt-kom.com\/wp-content\/uploads\/2024\/09\/Giselle_Vaugne_Portrait.jpg","keywords":["Business","Ingo","Jobchange"],"articleSection":["MARKETING"],"inLanguage":"de"},{"@type":"WebPage","@id":"https:\/\/www.organisator.ch\/marketing\/2024-09-13\/giselle-vaugne-verlaesst-ingo-zuerich\/","url":"https:\/\/www.organisator.ch\/marketing\/2024-09-13\/giselle-vaugne-verlaesst-ingo-zuerich\/","name":"Giselle Vaugne verl\u00e4sst Ingo Z\u00fcrich - Organisator","isPartOf":{"@id":"https:\/\/www.organisator.ch\/#website"},"primaryImageOfPage":{"@id":"https:\/\/www.organisator.ch\/marketing\/2024-09-13\/giselle-vaugne-verlaesst-ingo-zuerich\/#primaryimage"},"image":{"@id":"https:\/\/www.organisator.ch\/marketing\/2024-09-13\/giselle-vaugne-verlaesst-ingo-zuerich\/#primaryimage"},"thumbnailUrl":"https:\/\/www.markt-kom.com\/wp-content\/uploads\/2024\/09\/Giselle_Vaugne_Portrait.jpg","datePublished":"2024-09-13T08:53:52+00:00","dateModified":"2024-11-08T08:48:27+00:00","description":"Giselle Vaugne verl\u00e4sst Ingo Z\u00fcrich nach erfolgreichen Jahren und Gold-Effies. Sandro Tschuor \u00fcbernimmt als Chief Client Officer.","breadcrumb":{"@id":"https:\/\/www.organisator.ch\/marketing\/2024-09-13\/giselle-vaugne-verlaesst-ingo-zuerich\/#breadcrumb"},"inLanguage":"de","potentialAction":[{"@type":"ReadAction","target":["https:\/\/www.organisator.ch\/marketing\/2024-09-13\/giselle-vaugne-verlaesst-ingo-zuerich\/"]}]},{"@type":"ImageObject","inLanguage":"de","@id":"https:\/\/www.organisator.ch\/marketing\/2024-09-13\/giselle-vaugne-verlaesst-ingo-zuerich\/#primaryimage","url":"https:\/\/www.markt-kom.com\/wp-content\/uploads\/2024\/09\/Giselle_Vaugne_Portrait.jpg","contentUrl":"https:\/\/www.markt-kom.com\/wp-content\/uploads\/2024\/09\/Giselle_Vaugne_Portrait.jpg"},{"@type":"BreadcrumbList","@id":"https:\/\/www.organisator.ch\/marketing\/2024-09-13\/giselle-vaugne-verlaesst-ingo-zuerich\/#breadcrumb","itemListElement":[{"@type":"ListItem","position":1,"name":"Home","item":"https:\/\/www.organisator.ch\/"},{"@type":"ListItem","position":2,"name":"Giselle Vaugne verl\u00e4sst Ingo Z\u00fcrich"}]},{"@type":"WebSite","@id":"https:\/\/www.organisator.ch\/#website","url":"https:\/\/www.organisator.ch\/","name":"Organisator","description":"Kompetent. Praxisnah. Der ORGANISATOR bereitet in 10 Ausgaben pro Jahr die wesentlichen Themen f\u00fcr F\u00fchrungskr\u00e4fte von KMU auf.","publisher":{"@id":"https:\/\/www.organisator.ch\/#organization"},"potentialAction":[{"@type":"SearchAction","target":{"@type":"EntryPoint","urlTemplate":"https:\/\/www.organisator.ch\/?s={search_term_string}"},"query-input":{"@type":"PropertyValueSpecification","valueRequired":true,"valueName":"search_term_string"}}],"inLanguage":"de"},{"@type":"Organization","@id":"https:\/\/www.organisator.ch\/#organization","name":"Organisator","url":"https:\/\/www.organisator.ch\/","logo":{"@type":"ImageObject","inLanguage":"de","@id":"https:\/\/www.organisator.ch\/#\/schema\/logo\/image\/","url":"https:\/\/www.organisator.ch\/wp-content\/uploads\/2022\/01\/Logo_Organisator_Website.png","contentUrl":"https:\/\/www.organisator.ch\/wp-content\/uploads\/2022\/01\/Logo_Organisator_Website.png","width":800,"height":77,"caption":"Organisator"},"image":{"@id":"https:\/\/www.organisator.ch\/#\/schema\/logo\/image\/"},"sameAs":["https:\/\/www.facebook.com\/OrganisatorFachmagazin","https:\/\/www.linkedin.com\/showcase\/organisator-das-magazin-fr-kmu","https:\/\/www.xing.com\/news\/pages\/organisator-ch-695","https:\/\/www.youtube.com\/channel\/UCGP2Sq0iWaZwT3BdIAQFYpw"]},{"@type":"Person","@id":"https:\/\/www.organisator.ch\/#\/schema\/person\/4e51799071cd2dd1232ac003643ef5f0","name":"galledia","image":{"@type":"ImageObject","inLanguage":"de","@id":"https:\/\/secure.gravatar.com\/avatar\/78a7f90c01fc2bfc875782a0d4922b37cde2cf184ce347b91316d23cd7f69a36?s=96&d=mm&r=g","url":"https:\/\/secure.gravatar.com\/avatar\/78a7f90c01fc2bfc875782a0d4922b37cde2cf184ce347b91316d23cd7f69a36?s=96&d=mm&r=g","contentUrl":"https:\/\/secure.gravatar.com\/avatar\/78a7f90c01fc2bfc875782a0d4922b37cde2cf184ce347b91316d23cd7f69a36?s=96&d=mm&r=g","caption":"galledia"},"sameAs":["https:\/\/x.com\/admin"],"url":"https:\/\/www.organisator.ch\/de\/author\/galledia\/"}]}},"_links":{"self":[{"href":"https:\/\/www.organisator.ch\/de\/wp-json\/wp\/v2\/posts\/29809","targetHints":{"allow":["GET"]}}],"collection":[{"href":"https:\/\/www.organisator.ch\/de\/wp-json\/wp\/v2\/posts"}],"about":[{"href":"https:\/\/www.organisator.ch\/de\/wp-json\/wp\/v2\/types\/post"}],"author":[{"embeddable":true,"href":"https:\/\/www.organisator.ch\/de\/wp-json\/wp\/v2\/users\/8"}],"replies":[{"embeddable":true,"href":"https:\/\/www.organisator.ch\/de\/wp-json\/wp\/v2\/comments?post=29809"}],"version-history":[{"count":3,"href":"https:\/\/www.organisator.ch\/de\/wp-json\/wp\/v2\/posts\/29809\/revisions"}],"predecessor-version":[{"id":31939,"href":"https:\/\/www.organisator.ch\/de\/wp-json\/wp\/v2\/posts\/29809\/revisions\/31939"}],"wp:attachment":[{"href":"https:\/\/www.organisator.ch\/de\/wp-json\/wp\/v2\/media?parent=29809"}],"wp:term":[{"taxonomy":"category","embeddable":true,"href":"https:\/\/www.organisator.ch\/de\/wp-json\/wp\/v2\/categories?post=29809"},{"taxonomy":"post_tag","embeddable":true,"href":"https:\/\/www.organisator.ch\/de\/wp-json\/wp\/v2\/tags?post=29809"}],"curies":[{"name":"wp","href":"https:\/\/api.w.org\/{rel}","templated":true}]}}