{"id":2984,"date":"2018-01-15T14:37:39","date_gmt":"2018-01-15T13:37:39","guid":{"rendered":"https:\/\/www.organisator.ch\/?p=2984"},"modified":"2018-01-15T14:37:39","modified_gmt":"2018-01-15T13:37:39","slug":"neuer-vertriebsleiter-bei-proffix-software-ag","status":"publish","type":"post","link":"https:\/\/www.organisator.ch\/de\/management\/it\/2018-01-15\/neuer-vertriebsleiter-bei-proffix-software-ag\/","title":{"rendered":"Neuer Vertriebsleiter bei Proffix Software AG"},"content":{"rendered":"<figure id=\"attachment_2986\" aria-describedby=\"caption-attachment-2986\" style=\"width: 640px\" class=\"wp-caption alignnone\"><img loading=\"lazy\" decoding=\"async\" class=\"size-full wp-image-2986\" src=\"https:\/\/www.organisator.ch\/wp-content\/uploads\/2018\/01\/Neuer-Vertriebsleiter-bei-Proffix-Software-AG_Organisator.jpg\" alt=\"\" width=\"640\" height=\"434\" srcset=\"https:\/\/www.organisator.ch\/wp-content\/uploads\/2018\/01\/Neuer-Vertriebsleiter-bei-Proffix-Software-AG_Organisator.jpg 640w, https:\/\/www.organisator.ch\/wp-content\/uploads\/2018\/01\/Neuer-Vertriebsleiter-bei-Proffix-Software-AG_Organisator-16x12.jpg 16w, https:\/\/www.organisator.ch\/wp-content\/uploads\/2018\/01\/Neuer-Vertriebsleiter-bei-Proffix-Software-AG_Organisator-258x175.jpg 258w, https:\/\/www.organisator.ch\/wp-content\/uploads\/2018\/01\/Neuer-Vertriebsleiter-bei-Proffix-Software-AG_Organisator-516x350.jpg 516w, https:\/\/www.organisator.ch\/wp-content\/uploads\/2018\/01\/Neuer-Vertriebsleiter-bei-Proffix-Software-AG_Organisator-300x203.jpg 300w\" sizes=\"auto, (max-width: 640px) 100vw, 640px\" \/><figcaption id=\"caption-attachment-2986\" class=\"wp-caption-text\">Maurizio di Pizzo ist neuer Vertriebsleiter bei Proffix Software AG. (Bild: zVg).<\/figcaption><\/figure>\n<p>Die Schweizer Software-Firma Proffix AG setzt sich zum Ziel, die Gesch\u00e4ftsadministration von KMU zu vereinfachen. Zum Produktportfolio\u00a0des Unternehmens in Wangs (Kanton St.Gallen) geh\u00f6rt eine branchenunabh\u00e4ngig einsetzbare KMU-Software.\u00a0Genutzt wird diese von mehr als 2500 Kunden mit \u00fcber 10000 Nutzern.<\/p>\n<p>Nun hat\u00a0das Unternehmen\u00a0sein Team in Vertrieb und Marketing neu formiert. \u00abUnser Vertriebsnetzwerk w\u00e4chst stetig weiter. Um den Vertriebspartnern die entsprechende fachliche Unterst\u00fctzung zu bieten, haben wir uns auf die Suche nach einem neuen Leiter Vertrieb gemacht\u00bb, erkl\u00e4rt CEO\u00a0Peter Herger. \u00abMit Maurizio Di Pizzo haben wir einen ausgewiesenen ERP-Vertriebsmann gewinnen k\u00f6nnen, mit dem wir in dieser wichtigen Phase der Digitalisierung der Gesch\u00e4ftswelt die Kompetenzen unserer Vertriebspartner st\u00e4rken wollen.\u00bb Der neue Vertriebsleiter Maurizio Di Pizzo bringt fast 20 Jahre Erfahrung im ERP-Bereich als Projektleiter und im Verkauf mit. Als ehemaliger Senior Sales Consultant bei proALPHA und Projektleiter und Berater bei Sage Schweiz (B\u00e4urer) kennt er die Herausforderungen im Markt.\u00a0Remo Kalberer, fr\u00fcherer Partner Manager bei Proffix, ist neu f\u00fcr das Produktmanagement verantwortlich.<\/p>\n<p><a href=\"http:\/\/www.proffix.net\">www.proffix.net<\/a><\/p>\n<p>&nbsp;<\/p>\n","protected":false},"excerpt":{"rendered":"<p>Die Schweizer Software-Firma Proffix AG setzt sich zum Ziel, die Gesch\u00e4ftsadministration von KMU zu vereinfachen. Zum Produktportfolio\u00a0des Unternehmens in Wangs (Kanton St.Gallen) geh\u00f6rt eine branchenunabh\u00e4ngig einsetzbare KMU-Software.\u00a0Genutzt wird diese von mehr als 2500 Kunden mit \u00fcber 10000 Nutzern. Nun hat\u00a0das Unternehmen\u00a0sein Team in Vertrieb und Marketing neu formiert. \u00abUnser Vertriebsnetzwerk w\u00e4chst stetig weiter. Um den [&hellip;]<\/p>\n","protected":false},"author":4,"featured_media":2986,"comment_status":"open","ping_status":"open","sticky":false,"template":"","format":"standard","meta":{"_acf_changed":false,"_yoast_wpseo_focuskw":"Vertriebsleiter","_yoast_wpseo_metadesc":"Maurizio Di Pizzo ist neuer Leiter Vertrieb bei Proffix Software AG. Mit ihm will der Schweizer KMU-Softwarehersteller die Betreuung seines Schweizer Vetriebspartnernetzes weiter verst\u00e4rken.","articlekey":"","footnotes":""},"categories":[27],"tags":[288,381,393,492],"class_list":["post-2984","post","type-post","status-publish","format-standard","has-post-thumbnail","hentry","category-it","tag-it-business-software","tag-personalia","tag-produkte","tag-unternehmen"],"acf":[],"yoast_head":"<!-- This site is optimized with the Yoast SEO plugin v27.4 - https:\/\/yoast.com\/product\/yoast-seo-wordpress\/ -->\n<title>Neuer Vertriebsleiter bei Proffix Software AG - Organisator<\/title>\n<meta name=\"description\" content=\"Maurizio Di Pizzo ist neuer Leiter Vertrieb bei Proffix Software AG. Mit ihm will der Schweizer KMU-Softwarehersteller die Betreuung seines Schweizer Vetriebspartnernetzes weiter verst\u00e4rken.\" \/>\n<meta name=\"robots\" content=\"index, follow, max-snippet:-1, max-image-preview:large, max-video-preview:-1\" \/>\n<link rel=\"canonical\" href=\"https:\/\/www.organisator.ch\/de\/management\/it\/2018-01-15\/neuer-vertriebsleiter-bei-proffix-software-ag\/\" \/>\n<meta property=\"og:locale\" content=\"de_DE\" \/>\n<meta property=\"og:type\" content=\"article\" \/>\n<meta property=\"og:title\" content=\"Neuer Vertriebsleiter bei Proffix Software AG - Organisator\" \/>\n<meta property=\"og:description\" content=\"Maurizio Di Pizzo ist neuer Leiter Vertrieb bei Proffix Software AG. Mit ihm will der Schweizer KMU-Softwarehersteller die Betreuung seines Schweizer Vetriebspartnernetzes weiter verst\u00e4rken.\" \/>\n<meta property=\"og:url\" content=\"https:\/\/www.organisator.ch\/de\/management\/it\/2018-01-15\/neuer-vertriebsleiter-bei-proffix-software-ag\/\" \/>\n<meta property=\"og:site_name\" content=\"Organisator\" \/>\n<meta property=\"article:publisher\" content=\"https:\/\/www.facebook.com\/OrganisatorFachmagazin\" \/>\n<meta property=\"article:published_time\" content=\"2018-01-15T13:37:39+00:00\" \/>\n<meta property=\"og:image\" content=\"https:\/\/www.organisator.ch\/wp-content\/uploads\/2018\/01\/Neuer-Vertriebsleiter-bei-Proffix-Software-AG_Organisator.jpg\" \/>\n\t<meta property=\"og:image:width\" content=\"640\" \/>\n\t<meta property=\"og:image:height\" content=\"434\" \/>\n\t<meta property=\"og:image:type\" content=\"image\/jpeg\" \/>\n<meta name=\"author\" content=\"thomas.berner\" \/>\n<meta name=\"twitter:card\" content=\"summary_large_image\" \/>\n<script type=\"application\/ld+json\" class=\"yoast-schema-graph\">{\"@context\":\"https:\\\/\\\/schema.org\",\"@graph\":[{\"@type\":\"Article\",\"@id\":\"https:\\\/\\\/www.organisator.ch\\\/management\\\/it\\\/2018-01-15\\\/neuer-vertriebsleiter-bei-proffix-software-ag\\\/#article\",\"isPartOf\":{\"@id\":\"https:\\\/\\\/www.organisator.ch\\\/management\\\/it\\\/2018-01-15\\\/neuer-vertriebsleiter-bei-proffix-software-ag\\\/\"},\"author\":{\"name\":\"thomas.berner\",\"@id\":\"https:\\\/\\\/www.organisator.ch\\\/#\\\/schema\\\/person\\\/6f650f90b2842cd4c0cc334b4e36f67e\"},\"headline\":\"Neuer Vertriebsleiter bei Proffix Software AG\",\"datePublished\":\"2018-01-15T13:37:39+00:00\",\"mainEntityOfPage\":{\"@id\":\"https:\\\/\\\/www.organisator.ch\\\/management\\\/it\\\/2018-01-15\\\/neuer-vertriebsleiter-bei-proffix-software-ag\\\/\"},\"wordCount\":202,\"commentCount\":0,\"publisher\":{\"@id\":\"https:\\\/\\\/www.organisator.ch\\\/#organization\"},\"image\":{\"@id\":\"https:\\\/\\\/www.organisator.ch\\\/management\\\/it\\\/2018-01-15\\\/neuer-vertriebsleiter-bei-proffix-software-ag\\\/#primaryimage\"},\"thumbnailUrl\":\"https:\\\/\\\/www.organisator.ch\\\/wp-content\\\/uploads\\\/2018\\\/01\\\/Neuer-Vertriebsleiter-bei-Proffix-Software-AG_Organisator.jpg\",\"keywords\":[\"IT &amp; Business Software\",\"Personalia\",\"Produkte\",\"Unternehmen\"],\"articleSection\":[\"IT\"],\"inLanguage\":\"de\"},{\"@type\":\"WebPage\",\"@id\":\"https:\\\/\\\/www.organisator.ch\\\/management\\\/it\\\/2018-01-15\\\/neuer-vertriebsleiter-bei-proffix-software-ag\\\/\",\"url\":\"https:\\\/\\\/www.organisator.ch\\\/management\\\/it\\\/2018-01-15\\\/neuer-vertriebsleiter-bei-proffix-software-ag\\\/\",\"name\":\"Neuer Vertriebsleiter bei Proffix Software AG - Organisator\",\"isPartOf\":{\"@id\":\"https:\\\/\\\/www.organisator.ch\\\/#website\"},\"primaryImageOfPage\":{\"@id\":\"https:\\\/\\\/www.organisator.ch\\\/management\\\/it\\\/2018-01-15\\\/neuer-vertriebsleiter-bei-proffix-software-ag\\\/#primaryimage\"},\"image\":{\"@id\":\"https:\\\/\\\/www.organisator.ch\\\/management\\\/it\\\/2018-01-15\\\/neuer-vertriebsleiter-bei-proffix-software-ag\\\/#primaryimage\"},\"thumbnailUrl\":\"https:\\\/\\\/www.organisator.ch\\\/wp-content\\\/uploads\\\/2018\\\/01\\\/Neuer-Vertriebsleiter-bei-Proffix-Software-AG_Organisator.jpg\",\"datePublished\":\"2018-01-15T13:37:39+00:00\",\"description\":\"Maurizio Di Pizzo ist neuer Leiter Vertrieb bei Proffix Software AG. Mit ihm will der Schweizer KMU-Softwarehersteller die Betreuung seines Schweizer Vetriebspartnernetzes weiter verst\u00e4rken.\",\"breadcrumb\":{\"@id\":\"https:\\\/\\\/www.organisator.ch\\\/management\\\/it\\\/2018-01-15\\\/neuer-vertriebsleiter-bei-proffix-software-ag\\\/#breadcrumb\"},\"inLanguage\":\"de\",\"potentialAction\":[{\"@type\":\"ReadAction\",\"target\":[\"https:\\\/\\\/www.organisator.ch\\\/management\\\/it\\\/2018-01-15\\\/neuer-vertriebsleiter-bei-proffix-software-ag\\\/\"]}]},{\"@type\":\"ImageObject\",\"inLanguage\":\"de\",\"@id\":\"https:\\\/\\\/www.organisator.ch\\\/management\\\/it\\\/2018-01-15\\\/neuer-vertriebsleiter-bei-proffix-software-ag\\\/#primaryimage\",\"url\":\"https:\\\/\\\/www.organisator.ch\\\/wp-content\\\/uploads\\\/2018\\\/01\\\/Neuer-Vertriebsleiter-bei-Proffix-Software-AG_Organisator.jpg\",\"contentUrl\":\"https:\\\/\\\/www.organisator.ch\\\/wp-content\\\/uploads\\\/2018\\\/01\\\/Neuer-Vertriebsleiter-bei-Proffix-Software-AG_Organisator.jpg\",\"width\":640,\"height\":434,\"caption\":\"Maurizio di Pizzo ist neuer Vertriebsleiter bei Proffix Software AG. (Bild: zVg).\"},{\"@type\":\"BreadcrumbList\",\"@id\":\"https:\\\/\\\/www.organisator.ch\\\/management\\\/it\\\/2018-01-15\\\/neuer-vertriebsleiter-bei-proffix-software-ag\\\/#breadcrumb\",\"itemListElement\":[{\"@type\":\"ListItem\",\"position\":1,\"name\":\"Home\",\"item\":\"https:\\\/\\\/www.organisator.ch\\\/\"},{\"@type\":\"ListItem\",\"position\":2,\"name\":\"Neuer Vertriebsleiter bei Proffix Software AG\"}]},{\"@type\":\"WebSite\",\"@id\":\"https:\\\/\\\/www.organisator.ch\\\/#website\",\"url\":\"https:\\\/\\\/www.organisator.ch\\\/\",\"name\":\"Organisator\",\"description\":\"Kompetent. Praxisnah. Der ORGANISATOR bereitet in 10 Ausgaben pro Jahr die wesentlichen Themen f\u00fcr F\u00fchrungskr\u00e4fte von KMU auf.\",\"publisher\":{\"@id\":\"https:\\\/\\\/www.organisator.ch\\\/#organization\"},\"potentialAction\":[{\"@type\":\"SearchAction\",\"target\":{\"@type\":\"EntryPoint\",\"urlTemplate\":\"https:\\\/\\\/www.organisator.ch\\\/?s={search_term_string}\"},\"query-input\":{\"@type\":\"PropertyValueSpecification\",\"valueRequired\":true,\"valueName\":\"search_term_string\"}}],\"inLanguage\":\"de\"},{\"@type\":\"Organization\",\"@id\":\"https:\\\/\\\/www.organisator.ch\\\/#organization\",\"name\":\"Organisator\",\"url\":\"https:\\\/\\\/www.organisator.ch\\\/\",\"logo\":{\"@type\":\"ImageObject\",\"inLanguage\":\"de\",\"@id\":\"https:\\\/\\\/www.organisator.ch\\\/#\\\/schema\\\/logo\\\/image\\\/\",\"url\":\"https:\\\/\\\/www.organisator.ch\\\/wp-content\\\/uploads\\\/2022\\\/01\\\/Logo_Organisator_Website.png\",\"contentUrl\":\"https:\\\/\\\/www.organisator.ch\\\/wp-content\\\/uploads\\\/2022\\\/01\\\/Logo_Organisator_Website.png\",\"width\":800,\"height\":77,\"caption\":\"Organisator\"},\"image\":{\"@id\":\"https:\\\/\\\/www.organisator.ch\\\/#\\\/schema\\\/logo\\\/image\\\/\"},\"sameAs\":[\"https:\\\/\\\/www.facebook.com\\\/OrganisatorFachmagazin\",\"https:\\\/\\\/www.linkedin.com\\\/showcase\\\/organisator-das-magazin-fr-kmu\",\"https:\\\/\\\/www.xing.com\\\/news\\\/pages\\\/organisator-ch-695\",\"https:\\\/\\\/www.youtube.com\\\/channel\\\/UCGP2Sq0iWaZwT3BdIAQFYpw\"]},{\"@type\":\"Person\",\"@id\":\"https:\\\/\\\/www.organisator.ch\\\/#\\\/schema\\\/person\\\/6f650f90b2842cd4c0cc334b4e36f67e\",\"name\":\"thomas.berner\",\"image\":{\"@type\":\"ImageObject\",\"inLanguage\":\"de\",\"@id\":\"https:\\\/\\\/secure.gravatar.com\\\/avatar\\\/ac5001d2a36cb6c6cd3e50789007ffca834b477b74a2144564522e944eabff61?s=96&d=mm&r=g\",\"url\":\"https:\\\/\\\/secure.gravatar.com\\\/avatar\\\/ac5001d2a36cb6c6cd3e50789007ffca834b477b74a2144564522e944eabff61?s=96&d=mm&r=g\",\"contentUrl\":\"https:\\\/\\\/secure.gravatar.com\\\/avatar\\\/ac5001d2a36cb6c6cd3e50789007ffca834b477b74a2144564522e944eabff61?s=96&d=mm&r=g\",\"caption\":\"thomas.berner\"},\"url\":\"https:\\\/\\\/www.organisator.ch\\\/de\\\/author\\\/thomas-berner\\\/\"}]}<\/script>\n<!-- \/ Yoast SEO plugin. -->","yoast_head_json":{"title":"Neuer Vertriebsleiter bei Proffix Software AG - Organisator","description":"Maurizio Di Pizzo ist neuer Leiter Vertrieb bei Proffix Software AG. Mit ihm will der Schweizer KMU-Softwarehersteller die Betreuung seines Schweizer Vetriebspartnernetzes weiter verst\u00e4rken.","robots":{"index":"index","follow":"follow","max-snippet":"max-snippet:-1","max-image-preview":"max-image-preview:large","max-video-preview":"max-video-preview:-1"},"canonical":"https:\/\/www.organisator.ch\/de\/management\/it\/2018-01-15\/neuer-vertriebsleiter-bei-proffix-software-ag\/","og_locale":"de_DE","og_type":"article","og_title":"Neuer Vertriebsleiter bei Proffix Software AG - Organisator","og_description":"Maurizio Di Pizzo ist neuer Leiter Vertrieb bei Proffix Software AG. Mit ihm will der Schweizer KMU-Softwarehersteller die Betreuung seines Schweizer Vetriebspartnernetzes weiter verst\u00e4rken.","og_url":"https:\/\/www.organisator.ch\/de\/management\/it\/2018-01-15\/neuer-vertriebsleiter-bei-proffix-software-ag\/","og_site_name":"Organisator","article_publisher":"https:\/\/www.facebook.com\/OrganisatorFachmagazin","article_published_time":"2018-01-15T13:37:39+00:00","og_image":[{"width":640,"height":434,"url":"https:\/\/www.organisator.ch\/wp-content\/uploads\/2018\/01\/Neuer-Vertriebsleiter-bei-Proffix-Software-AG_Organisator.jpg","type":"image\/jpeg"}],"author":"thomas.berner","twitter_card":"summary_large_image","schema":{"@context":"https:\/\/schema.org","@graph":[{"@type":"Article","@id":"https:\/\/www.organisator.ch\/management\/it\/2018-01-15\/neuer-vertriebsleiter-bei-proffix-software-ag\/#article","isPartOf":{"@id":"https:\/\/www.organisator.ch\/management\/it\/2018-01-15\/neuer-vertriebsleiter-bei-proffix-software-ag\/"},"author":{"name":"thomas.berner","@id":"https:\/\/www.organisator.ch\/#\/schema\/person\/6f650f90b2842cd4c0cc334b4e36f67e"},"headline":"Neuer Vertriebsleiter bei Proffix Software AG","datePublished":"2018-01-15T13:37:39+00:00","mainEntityOfPage":{"@id":"https:\/\/www.organisator.ch\/management\/it\/2018-01-15\/neuer-vertriebsleiter-bei-proffix-software-ag\/"},"wordCount":202,"commentCount":0,"publisher":{"@id":"https:\/\/www.organisator.ch\/#organization"},"image":{"@id":"https:\/\/www.organisator.ch\/management\/it\/2018-01-15\/neuer-vertriebsleiter-bei-proffix-software-ag\/#primaryimage"},"thumbnailUrl":"https:\/\/www.organisator.ch\/wp-content\/uploads\/2018\/01\/Neuer-Vertriebsleiter-bei-Proffix-Software-AG_Organisator.jpg","keywords":["IT &amp; Business Software","Personalia","Produkte","Unternehmen"],"articleSection":["IT"],"inLanguage":"de"},{"@type":"WebPage","@id":"https:\/\/www.organisator.ch\/management\/it\/2018-01-15\/neuer-vertriebsleiter-bei-proffix-software-ag\/","url":"https:\/\/www.organisator.ch\/management\/it\/2018-01-15\/neuer-vertriebsleiter-bei-proffix-software-ag\/","name":"Neuer Vertriebsleiter bei Proffix Software AG - Organisator","isPartOf":{"@id":"https:\/\/www.organisator.ch\/#website"},"primaryImageOfPage":{"@id":"https:\/\/www.organisator.ch\/management\/it\/2018-01-15\/neuer-vertriebsleiter-bei-proffix-software-ag\/#primaryimage"},"image":{"@id":"https:\/\/www.organisator.ch\/management\/it\/2018-01-15\/neuer-vertriebsleiter-bei-proffix-software-ag\/#primaryimage"},"thumbnailUrl":"https:\/\/www.organisator.ch\/wp-content\/uploads\/2018\/01\/Neuer-Vertriebsleiter-bei-Proffix-Software-AG_Organisator.jpg","datePublished":"2018-01-15T13:37:39+00:00","description":"Maurizio Di Pizzo ist neuer Leiter Vertrieb bei Proffix Software AG. Mit ihm will der Schweizer KMU-Softwarehersteller die Betreuung seines Schweizer Vetriebspartnernetzes weiter verst\u00e4rken.","breadcrumb":{"@id":"https:\/\/www.organisator.ch\/management\/it\/2018-01-15\/neuer-vertriebsleiter-bei-proffix-software-ag\/#breadcrumb"},"inLanguage":"de","potentialAction":[{"@type":"ReadAction","target":["https:\/\/www.organisator.ch\/management\/it\/2018-01-15\/neuer-vertriebsleiter-bei-proffix-software-ag\/"]}]},{"@type":"ImageObject","inLanguage":"de","@id":"https:\/\/www.organisator.ch\/management\/it\/2018-01-15\/neuer-vertriebsleiter-bei-proffix-software-ag\/#primaryimage","url":"https:\/\/www.organisator.ch\/wp-content\/uploads\/2018\/01\/Neuer-Vertriebsleiter-bei-Proffix-Software-AG_Organisator.jpg","contentUrl":"https:\/\/www.organisator.ch\/wp-content\/uploads\/2018\/01\/Neuer-Vertriebsleiter-bei-Proffix-Software-AG_Organisator.jpg","width":640,"height":434,"caption":"Maurizio di Pizzo ist neuer Vertriebsleiter bei Proffix Software AG. (Bild: zVg)."},{"@type":"BreadcrumbList","@id":"https:\/\/www.organisator.ch\/management\/it\/2018-01-15\/neuer-vertriebsleiter-bei-proffix-software-ag\/#breadcrumb","itemListElement":[{"@type":"ListItem","position":1,"name":"Home","item":"https:\/\/www.organisator.ch\/"},{"@type":"ListItem","position":2,"name":"Neuer Vertriebsleiter bei Proffix Software AG"}]},{"@type":"WebSite","@id":"https:\/\/www.organisator.ch\/#website","url":"https:\/\/www.organisator.ch\/","name":"Organisator","description":"Kompetent. Praxisnah. Der ORGANISATOR bereitet in 10 Ausgaben pro Jahr die wesentlichen Themen f\u00fcr F\u00fchrungskr\u00e4fte von KMU auf.","publisher":{"@id":"https:\/\/www.organisator.ch\/#organization"},"potentialAction":[{"@type":"SearchAction","target":{"@type":"EntryPoint","urlTemplate":"https:\/\/www.organisator.ch\/?s={search_term_string}"},"query-input":{"@type":"PropertyValueSpecification","valueRequired":true,"valueName":"search_term_string"}}],"inLanguage":"de"},{"@type":"Organization","@id":"https:\/\/www.organisator.ch\/#organization","name":"Organisator","url":"https:\/\/www.organisator.ch\/","logo":{"@type":"ImageObject","inLanguage":"de","@id":"https:\/\/www.organisator.ch\/#\/schema\/logo\/image\/","url":"https:\/\/www.organisator.ch\/wp-content\/uploads\/2022\/01\/Logo_Organisator_Website.png","contentUrl":"https:\/\/www.organisator.ch\/wp-content\/uploads\/2022\/01\/Logo_Organisator_Website.png","width":800,"height":77,"caption":"Organisator"},"image":{"@id":"https:\/\/www.organisator.ch\/#\/schema\/logo\/image\/"},"sameAs":["https:\/\/www.facebook.com\/OrganisatorFachmagazin","https:\/\/www.linkedin.com\/showcase\/organisator-das-magazin-fr-kmu","https:\/\/www.xing.com\/news\/pages\/organisator-ch-695","https:\/\/www.youtube.com\/channel\/UCGP2Sq0iWaZwT3BdIAQFYpw"]},{"@type":"Person","@id":"https:\/\/www.organisator.ch\/#\/schema\/person\/6f650f90b2842cd4c0cc334b4e36f67e","name":"thomas.berner","image":{"@type":"ImageObject","inLanguage":"de","@id":"https:\/\/secure.gravatar.com\/avatar\/ac5001d2a36cb6c6cd3e50789007ffca834b477b74a2144564522e944eabff61?s=96&d=mm&r=g","url":"https:\/\/secure.gravatar.com\/avatar\/ac5001d2a36cb6c6cd3e50789007ffca834b477b74a2144564522e944eabff61?s=96&d=mm&r=g","contentUrl":"https:\/\/secure.gravatar.com\/avatar\/ac5001d2a36cb6c6cd3e50789007ffca834b477b74a2144564522e944eabff61?s=96&d=mm&r=g","caption":"thomas.berner"},"url":"https:\/\/www.organisator.ch\/de\/author\/thomas-berner\/"}]}},"_links":{"self":[{"href":"https:\/\/www.organisator.ch\/de\/wp-json\/wp\/v2\/posts\/2984","targetHints":{"allow":["GET"]}}],"collection":[{"href":"https:\/\/www.organisator.ch\/de\/wp-json\/wp\/v2\/posts"}],"about":[{"href":"https:\/\/www.organisator.ch\/de\/wp-json\/wp\/v2\/types\/post"}],"author":[{"embeddable":true,"href":"https:\/\/www.organisator.ch\/de\/wp-json\/wp\/v2\/users\/4"}],"replies":[{"embeddable":true,"href":"https:\/\/www.organisator.ch\/de\/wp-json\/wp\/v2\/comments?post=2984"}],"version-history":[{"count":0,"href":"https:\/\/www.organisator.ch\/de\/wp-json\/wp\/v2\/posts\/2984\/revisions"}],"wp:featuredmedia":[{"embeddable":true,"href":"https:\/\/www.organisator.ch\/de\/wp-json\/wp\/v2\/media\/2986"}],"wp:attachment":[{"href":"https:\/\/www.organisator.ch\/de\/wp-json\/wp\/v2\/media?parent=2984"}],"wp:term":[{"taxonomy":"category","embeddable":true,"href":"https:\/\/www.organisator.ch\/de\/wp-json\/wp\/v2\/categories?post=2984"},{"taxonomy":"post_tag","embeddable":true,"href":"https:\/\/www.organisator.ch\/de\/wp-json\/wp\/v2\/tags?post=2984"}],"curies":[{"name":"wp","href":"https:\/\/api.w.org\/{rel}","templated":true}]}}