{"id":29843,"date":"2024-09-16T11:30:32","date_gmt":"2024-09-16T09:30:32","guid":{"rendered":"https:\/\/www.organisator.ch\/?p=29843"},"modified":"2024-09-16T11:30:32","modified_gmt":"2024-09-16T09:30:32","slug":"sorge-um-klimawandel-steigt-in-schweizer-unternehmen","status":"publish","type":"post","link":"https:\/\/www.organisator.ch\/de\/sustainability\/2024-09-16\/sorge-um-klimawandel-steigt-in-schweizer-unternehmen\/","title":{"rendered":"Sorge um Klimawandel steigt in Schweizer Unternehmen"},"content":{"rendered":"<figure id=\"attachment_29844\" aria-describedby=\"caption-attachment-29844\" style=\"width: 680px\" class=\"wp-caption alignnone\"><img loading=\"lazy\" decoding=\"async\" class=\"size-full wp-image-29844\" src=\"https:\/\/www.organisator.ch\/wp-content\/uploads\/2024\/09\/Deloitte_Bild1_ps.jpg\" alt=\"\" width=\"680\" height=\"460\" srcset=\"https:\/\/www.organisator.ch\/wp-content\/uploads\/2024\/09\/Deloitte_Bild1_ps.jpg 680w, https:\/\/www.organisator.ch\/wp-content\/uploads\/2024\/09\/Deloitte_Bild1_ps-18x12.jpg 18w, https:\/\/www.organisator.ch\/wp-content\/uploads\/2024\/09\/Deloitte_Bild1_ps-375x254.jpg 375w, https:\/\/www.organisator.ch\/wp-content\/uploads\/2024\/09\/Deloitte_Bild1_ps-517x350.jpg 517w\" sizes=\"auto, (max-width: 680px) 100vw, 680px\" \/><figcaption id=\"caption-attachment-29844\" class=\"wp-caption-text\">Eine grosse Mehrheit (82%) der Schweizer Firmenlenker erwartet, dass sich der Klimawandel in den kommenden drei Jahren auf die Strategie und das operative Gesch\u00e4fte ihres Unternehmens auswirken wird. (Bild: www.depositphotos.com)<\/figcaption><\/figure>\n<p>Die Bew\u00e4ltigung der Folgen des Klimawandels stellt f\u00fcr F\u00fchrungskr\u00e4fte weltweit eine der gr\u00f6ssten Herausforderungen dar. In der Schweiz wird der Klimawandel von nahezu der H\u00e4lfte der befragten F\u00fchrungskr\u00e4fte sogar als das dr\u00e4ngendste Problem eingestuft \u2013 noch vor dem Thema Innovation und den wirtschaftlichen Aussichten. Dies geht aus dem j\u00fcngsten CxO Nachhaltigkeitsbericht hervor \u2013 einer Umfrage, die von Deloitte unter mehr als 2\u2019100 Gesch\u00e4ftsleitungsmitgliedern (CxOs) aus 27 L\u00e4ndern (einschliesslich der Schweiz) im Jahr 2024 durchgef\u00fchrt wurde. Bereits zum dritten Mal wurden diese zu ihren Einsch\u00e4tzungen in Bezug auf den Klimawandel und den diesbez\u00fcglichen Massnahmen ihrer Unternehmen befragt.<\/p>\n<p>Demnach erwartet eine grosse Mehrheit (82%) der Schweizer Firmenlenker, dass sich der Klimawandel in den kommenden drei Jahren auf die Strategie und das operative Gesch\u00e4fte ihres Unternehmens auswirken wird. Im Vergleich zum CxO Nachhaltigkeitsbericht von 2023 ist dies ein deutlicher Anstieg. Wie sich dies konkret bereits heute auf die Unternehmen auswirkt, zeigen die Ergebnisse der Umfrage: Genannt wurden insbesondere die Offenlegungs- und Berichterstattungspflichten in puncto Nachhaltigkeit in ihren Betrieben sowie das st\u00e4rkere Bewusstsein der Mitarbeitenden f\u00fcr Klimafragen und die damit verbundene Forderung nach umfassenderen Informationen.<\/p>\n<h3><strong>Mehr Investitionen in Nachhaltigkeit <\/strong><\/h3>\n<p>Die Dringlichkeit des Themas Nachhaltigkeit ist den Gesch\u00e4ftsleitungen also bewusst und sie reagieren entsprechend. So haben die befragten Schweizer Unternehmen im vergangenen Jahr ihre Investitionen im Bereich Nachhaltigkeit erh\u00f6ht, und zwar nicht nur gegen\u00fcber 2023, sondern auch deutlich mehr als im weltweiten Durchschnitt. Dabei haben die meisten Unternehmen (83%) ihre Investitionen leicht erh\u00f6ht \u2013 nur ein kleiner prozentualer Anteil (6%) hat einen starken Anstieg vollzogen. Um dem Klimawandel zu begegnen, wird aber nicht nur investiert: Rund die H\u00e4lfte der Schweizer CxOs (53%) gibt an, das Gesch\u00e4ftsmodell ihres Unternehmens anzupassen. Dabei sei Nachhaltigkeit ein zentraler Bestandteil der Unternehmensstrategie. Dies ist einer der h\u00f6chsten Werte unter allen an der Umfrage teilnehmenden L\u00e4nder.<\/p>\n<p>\u00abEs ist erfreulich, dass die Unternehmen Nachhaltigkeit ernst nehmen und mehr investieren\u00bb, sagt Reto Savoia, CEO von Deloitte Schweiz. \u00abWir beobachten, dass immer mehr Firmen ihr Gesch\u00e4ftsmodell anpassen\u00bb. Dabei geht es um mehr als nur die Einhaltung von Vorschriften: \u00abF\u00fchrungskr\u00e4fte erkennen das erhebliche Gesch\u00e4ftspotenzial nachhaltigen Wirtschaftens, wie zum Beispiel Technologien als Katalysator zur F\u00f6rderung von Klimal\u00f6sungen einzusetzen. So k\u00f6nnen sie Innovation und Wachstum vorantreiben, neue Werte f\u00fcr ihre Kunden und Stakeholder schaffen und sich von der Konkurrenz abheben.\u00bb<\/p>\n<p>Hervorzuheben ist ferner, dass Schweizer Unternehmen heute st\u00e4rker unter Druck stehen, ihre Klimaschutzmassnahmen auszuweiten. Dieser Druck geht vor allem vom Verwaltungsrat und vom Management (70%), von den Banken (68%) sowie von der Zivilgesellschaft (66%) aus. Im Vergleich zur letztj\u00e4hrigen Umfrage ist hier eine deutliche Zunahme zu erkennen.<\/p>\n<h3><strong>Kurzfristige Herausforderungen bremsen Nachhaltigkeitsbem\u00fchungen <\/strong><\/h3>\n<p>Obwohl der Druck hoch ist, gibt es gleichzeitig einige H\u00fcrden bei der Umsetzung von Klimaschutzmassnahmen \u2013 und diese scheinen in der Schweiz anders gelagert zu sein als im weltweiten Durchschnitt. Als gr\u00f6sstes Hindernis nennen die befragten CxOs die Bew\u00e4ltigung kurzfristiger gesch\u00e4ftlicher Herausforderungen und die Erf\u00fcllung der Erwartungen ihrer Investoren, Aktion\u00e4rinnen und Aktion\u00e4re. Mit etwas Abstand werden auch das Fehlen von konkreten Nachhaltigkeitsl\u00f6sungen sowie das Fehlen eines f\u00fcr das Thema Nachhaltigkeit verantwortlichen Gesch\u00e4ftsleitungsmitglieds genannt.<\/p>\n<p>\u00abDie Ergebnisse unserer aktuellen CxO-Umfrage zeigen, dass die Integration von Nachhaltigkeit in die Gesch\u00e4ftsstrategie und -abl\u00e4ufe in der Schweiz voranschreitet, wenn auch nicht so schnell wie gew\u00fcnscht. Dies kann unter anderem an kurzfristig ver\u00e4nderten Priorit\u00e4ten angesichts der aktuellen Weltlage liegen oder an der komplexen regulatorischen Landschaft. Viele Unternehmen halten Nachhaltigkeit f\u00fcr sehr wichtig, doch sie k\u00e4mpfen noch mit den daf\u00fcr erforderlichen strukturellen Ver\u00e4nderungen\u00bb, sagt Liza Engel, Chief Sustainability Officer und Mitglied der Gesch\u00e4ftsleitung von Deloitte Schweiz.<\/p>\n<p><em>Quelle: <a href=\"http:\/\/www.deloitte.com\">www.deloitte.com<\/a><\/em><\/p>\n","protected":false},"excerpt":{"rendered":"<p>Die F\u00fchrungskr\u00e4fte von Schweizer Unternehmen blicken besorgt auf den Klimawandel. Der aktuelle 2024 Deloitte CxO Nachhaltigkeitsbericht zeigt, dass das Thema an Bedeutung gewinnt \u2013 sowohl im Bewusstsein als auch im Handeln der h\u00f6chsten Firmengremien. So investieren Schweizer Firmen jetzt st\u00e4rker in Nachhaltigkeit als noch vor einem Jahr. Zudem ist die H\u00e4lfte der befragten Firmen dabei, ihr Gesch\u00e4ftsmodell in Richtung Nachhaltigkeit anzupassen. Doch die gr\u00f6sste H\u00fcrde f\u00fcr Schweizer Unternehmen bei der Umsetzung ihrer Nachhaltigkeitsstrategie ist die Priorisierung der aktuellen gesch\u00e4ftlichen Erfordernisse.<\/p>\n","protected":false},"author":58,"featured_media":29844,"comment_status":"closed","ping_status":"closed","sticky":false,"template":"","format":"standard","meta":{"_acf_changed":false,"_yoast_wpseo_focuskw":"Klimawandel","_yoast_wpseo_metadesc":"Die F\u00fchrungskr\u00e4fte von Schweizer Unternehmen blicken besorgt auf den Klimawandel.","articlekey":"","footnotes":""},"categories":[580],"tags":[1532,1787,487,492],"class_list":["post-29843","post","type-post","status-publish","format-standard","has-post-thumbnail","hentry","category-sustainability","tag-klimawandel","tag-nachhaltigkeit","tag-umfrage","tag-unternehmen"],"acf":[],"yoast_head":"<!-- This site is optimized with the Yoast SEO plugin v27.5 - https:\/\/yoast.com\/product\/yoast-seo-wordpress\/ -->\n<title>Sorge um Klimawandel steigt in Schweizer Unternehmen - Organisator<\/title>\n<meta name=\"description\" content=\"Die F\u00fchrungskr\u00e4fte von Schweizer Unternehmen blicken besorgt auf den Klimawandel.\" \/>\n<meta name=\"robots\" content=\"index, follow, max-snippet:-1, max-image-preview:large, max-video-preview:-1\" \/>\n<link rel=\"canonical\" href=\"https:\/\/www.organisator.ch\/de\/sustainability\/2024-09-16\/sorge-um-klimawandel-steigt-in-schweizer-unternehmen\/\" \/>\n<meta property=\"og:locale\" content=\"de_DE\" \/>\n<meta property=\"og:type\" content=\"article\" \/>\n<meta property=\"og:title\" content=\"Sorge um Klimawandel steigt in Schweizer Unternehmen\" \/>\n<meta property=\"og:description\" content=\"Die F\u00fchrungskr\u00e4fte von Schweizer Unternehmen blicken besorgt auf den Klimawandel.\" \/>\n<meta property=\"og:url\" content=\"https:\/\/www.organisator.ch\/de\/sustainability\/2024-09-16\/sorge-um-klimawandel-steigt-in-schweizer-unternehmen\/\" \/>\n<meta property=\"og:site_name\" content=\"Organisator\" \/>\n<meta property=\"article:publisher\" content=\"https:\/\/www.facebook.com\/OrganisatorFachmagazin\" \/>\n<meta property=\"article:published_time\" content=\"2024-09-16T09:30:32+00:00\" \/>\n<meta property=\"og:image\" content=\"https:\/\/www.organisator.ch\/wp-content\/uploads\/2024\/09\/Deloitte_Bild1_ps.jpg\" \/>\n\t<meta property=\"og:image:width\" content=\"680\" \/>\n\t<meta property=\"og:image:height\" content=\"460\" \/>\n\t<meta property=\"og:image:type\" content=\"image\/jpeg\" \/>\n<meta name=\"author\" content=\"Adelisa Kalajdzini\" \/>\n<meta name=\"twitter:card\" content=\"summary_large_image\" \/>\n<meta name=\"twitter:title\" content=\"Sorge um Klimawandel steigt in Schweizer Unternehmen\" \/>\n<meta name=\"twitter:description\" content=\"Die #F\u00fchrungskr\u00e4fte von #Schweizer #Unternehmen blicken besorgt auf den #Klimawandel.\" \/>\n<meta name=\"twitter:image\" content=\"https:\/\/www.organisator.ch\/wp-content\/uploads\/2024\/09\/Deloitte_Bild1_ps.jpg\" \/>\n<script type=\"application\/ld+json\" class=\"yoast-schema-graph\">{\"@context\":\"https:\\\/\\\/schema.org\",\"@graph\":[{\"@type\":\"Article\",\"@id\":\"https:\\\/\\\/www.organisator.ch\\\/sustainability\\\/2024-09-16\\\/sorge-um-klimawandel-steigt-in-schweizer-unternehmen\\\/#article\",\"isPartOf\":{\"@id\":\"https:\\\/\\\/www.organisator.ch\\\/sustainability\\\/2024-09-16\\\/sorge-um-klimawandel-steigt-in-schweizer-unternehmen\\\/\"},\"author\":{\"name\":\"Adelisa Kalajdzini\",\"@id\":\"https:\\\/\\\/www.organisator.ch\\\/#\\\/schema\\\/person\\\/2e1314a2172123f874db408d8911d3f3\"},\"headline\":\"Sorge um Klimawandel steigt in Schweizer Unternehmen\",\"datePublished\":\"2024-09-16T09:30:32+00:00\",\"mainEntityOfPage\":{\"@id\":\"https:\\\/\\\/www.organisator.ch\\\/sustainability\\\/2024-09-16\\\/sorge-um-klimawandel-steigt-in-schweizer-unternehmen\\\/\"},\"wordCount\":664,\"publisher\":{\"@id\":\"https:\\\/\\\/www.organisator.ch\\\/#organization\"},\"image\":{\"@id\":\"https:\\\/\\\/www.organisator.ch\\\/sustainability\\\/2024-09-16\\\/sorge-um-klimawandel-steigt-in-schweizer-unternehmen\\\/#primaryimage\"},\"thumbnailUrl\":\"https:\\\/\\\/www.organisator.ch\\\/wp-content\\\/uploads\\\/2024\\\/09\\\/Deloitte_Bild1_ps.jpg\",\"keywords\":[\"Klimawandel\",\"Nachhaltigkeit\",\"Umfrage\",\"Unternehmen\"],\"articleSection\":[\"SUSTAINABILITY\"],\"inLanguage\":\"de\"},{\"@type\":\"WebPage\",\"@id\":\"https:\\\/\\\/www.organisator.ch\\\/sustainability\\\/2024-09-16\\\/sorge-um-klimawandel-steigt-in-schweizer-unternehmen\\\/\",\"url\":\"https:\\\/\\\/www.organisator.ch\\\/sustainability\\\/2024-09-16\\\/sorge-um-klimawandel-steigt-in-schweizer-unternehmen\\\/\",\"name\":\"Sorge um Klimawandel steigt in Schweizer Unternehmen - Organisator\",\"isPartOf\":{\"@id\":\"https:\\\/\\\/www.organisator.ch\\\/#website\"},\"primaryImageOfPage\":{\"@id\":\"https:\\\/\\\/www.organisator.ch\\\/sustainability\\\/2024-09-16\\\/sorge-um-klimawandel-steigt-in-schweizer-unternehmen\\\/#primaryimage\"},\"image\":{\"@id\":\"https:\\\/\\\/www.organisator.ch\\\/sustainability\\\/2024-09-16\\\/sorge-um-klimawandel-steigt-in-schweizer-unternehmen\\\/#primaryimage\"},\"thumbnailUrl\":\"https:\\\/\\\/www.organisator.ch\\\/wp-content\\\/uploads\\\/2024\\\/09\\\/Deloitte_Bild1_ps.jpg\",\"datePublished\":\"2024-09-16T09:30:32+00:00\",\"description\":\"Die F\u00fchrungskr\u00e4fte von Schweizer Unternehmen blicken besorgt auf den Klimawandel.\",\"breadcrumb\":{\"@id\":\"https:\\\/\\\/www.organisator.ch\\\/sustainability\\\/2024-09-16\\\/sorge-um-klimawandel-steigt-in-schweizer-unternehmen\\\/#breadcrumb\"},\"inLanguage\":\"de\",\"potentialAction\":[{\"@type\":\"ReadAction\",\"target\":[\"https:\\\/\\\/www.organisator.ch\\\/sustainability\\\/2024-09-16\\\/sorge-um-klimawandel-steigt-in-schweizer-unternehmen\\\/\"]}]},{\"@type\":\"ImageObject\",\"inLanguage\":\"de\",\"@id\":\"https:\\\/\\\/www.organisator.ch\\\/sustainability\\\/2024-09-16\\\/sorge-um-klimawandel-steigt-in-schweizer-unternehmen\\\/#primaryimage\",\"url\":\"https:\\\/\\\/www.organisator.ch\\\/wp-content\\\/uploads\\\/2024\\\/09\\\/Deloitte_Bild1_ps.jpg\",\"contentUrl\":\"https:\\\/\\\/www.organisator.ch\\\/wp-content\\\/uploads\\\/2024\\\/09\\\/Deloitte_Bild1_ps.jpg\",\"width\":680,\"height\":460,\"caption\":\"Eine grosse Mehrheit (82%) der Schweizer Firmenlenker erwartet, dass sich der Klimawandel in den kommenden drei Jahren auf die Strategie und das operative Gesch\u00e4fte ihres Unternehmens auswirken wird. (Bild: www.depositphotos.com)\"},{\"@type\":\"BreadcrumbList\",\"@id\":\"https:\\\/\\\/www.organisator.ch\\\/sustainability\\\/2024-09-16\\\/sorge-um-klimawandel-steigt-in-schweizer-unternehmen\\\/#breadcrumb\",\"itemListElement\":[{\"@type\":\"ListItem\",\"position\":1,\"name\":\"Home\",\"item\":\"https:\\\/\\\/www.organisator.ch\\\/\"},{\"@type\":\"ListItem\",\"position\":2,\"name\":\"Sorge um Klimawandel steigt in Schweizer Unternehmen\"}]},{\"@type\":\"WebSite\",\"@id\":\"https:\\\/\\\/www.organisator.ch\\\/#website\",\"url\":\"https:\\\/\\\/www.organisator.ch\\\/\",\"name\":\"Organisator\",\"description\":\"Kompetent. Praxisnah. Der ORGANISATOR bereitet in 10 Ausgaben pro Jahr die wesentlichen Themen f\u00fcr F\u00fchrungskr\u00e4fte von KMU auf.\",\"publisher\":{\"@id\":\"https:\\\/\\\/www.organisator.ch\\\/#organization\"},\"potentialAction\":[{\"@type\":\"SearchAction\",\"target\":{\"@type\":\"EntryPoint\",\"urlTemplate\":\"https:\\\/\\\/www.organisator.ch\\\/?s={search_term_string}\"},\"query-input\":{\"@type\":\"PropertyValueSpecification\",\"valueRequired\":true,\"valueName\":\"search_term_string\"}}],\"inLanguage\":\"de\"},{\"@type\":\"Organization\",\"@id\":\"https:\\\/\\\/www.organisator.ch\\\/#organization\",\"name\":\"Organisator\",\"url\":\"https:\\\/\\\/www.organisator.ch\\\/\",\"logo\":{\"@type\":\"ImageObject\",\"inLanguage\":\"de\",\"@id\":\"https:\\\/\\\/www.organisator.ch\\\/#\\\/schema\\\/logo\\\/image\\\/\",\"url\":\"https:\\\/\\\/www.organisator.ch\\\/wp-content\\\/uploads\\\/2022\\\/01\\\/Logo_Organisator_Website.png\",\"contentUrl\":\"https:\\\/\\\/www.organisator.ch\\\/wp-content\\\/uploads\\\/2022\\\/01\\\/Logo_Organisator_Website.png\",\"width\":800,\"height\":77,\"caption\":\"Organisator\"},\"image\":{\"@id\":\"https:\\\/\\\/www.organisator.ch\\\/#\\\/schema\\\/logo\\\/image\\\/\"},\"sameAs\":[\"https:\\\/\\\/www.facebook.com\\\/OrganisatorFachmagazin\",\"https:\\\/\\\/www.linkedin.com\\\/showcase\\\/organisator-das-magazin-fr-kmu\",\"https:\\\/\\\/www.xing.com\\\/news\\\/pages\\\/organisator-ch-695\",\"https:\\\/\\\/www.youtube.com\\\/channel\\\/UCGP2Sq0iWaZwT3BdIAQFYpw\"]},{\"@type\":\"Person\",\"@id\":\"https:\\\/\\\/www.organisator.ch\\\/#\\\/schema\\\/person\\\/2e1314a2172123f874db408d8911d3f3\",\"name\":\"Adelisa Kalajdzini\",\"image\":{\"@type\":\"ImageObject\",\"inLanguage\":\"de\",\"@id\":\"https:\\\/\\\/secure.gravatar.com\\\/avatar\\\/09a397c22ac58cad6f160ee8306348599df9df58a8ede73696226897b9fa4b24?s=96&d=mm&r=g\",\"url\":\"https:\\\/\\\/secure.gravatar.com\\\/avatar\\\/09a397c22ac58cad6f160ee8306348599df9df58a8ede73696226897b9fa4b24?s=96&d=mm&r=g\",\"contentUrl\":\"https:\\\/\\\/secure.gravatar.com\\\/avatar\\\/09a397c22ac58cad6f160ee8306348599df9df58a8ede73696226897b9fa4b24?s=96&d=mm&r=g\",\"caption\":\"Adelisa Kalajdzini\"},\"url\":\"https:\\\/\\\/www.organisator.ch\\\/de\\\/author\\\/adelisa-kalajdzini\\\/\"}]}<\/script>\n<!-- \/ Yoast SEO plugin. -->","yoast_head_json":{"title":"Sorge um Klimawandel steigt in Schweizer Unternehmen - Organisator","description":"Die F\u00fchrungskr\u00e4fte von Schweizer Unternehmen blicken besorgt auf den Klimawandel.","robots":{"index":"index","follow":"follow","max-snippet":"max-snippet:-1","max-image-preview":"max-image-preview:large","max-video-preview":"max-video-preview:-1"},"canonical":"https:\/\/www.organisator.ch\/de\/sustainability\/2024-09-16\/sorge-um-klimawandel-steigt-in-schweizer-unternehmen\/","og_locale":"de_DE","og_type":"article","og_title":"Sorge um Klimawandel steigt in Schweizer Unternehmen","og_description":"Die F\u00fchrungskr\u00e4fte von Schweizer Unternehmen blicken besorgt auf den Klimawandel.","og_url":"https:\/\/www.organisator.ch\/de\/sustainability\/2024-09-16\/sorge-um-klimawandel-steigt-in-schweizer-unternehmen\/","og_site_name":"Organisator","article_publisher":"https:\/\/www.facebook.com\/OrganisatorFachmagazin","article_published_time":"2024-09-16T09:30:32+00:00","og_image":[{"width":680,"height":460,"url":"https:\/\/www.organisator.ch\/wp-content\/uploads\/2024\/09\/Deloitte_Bild1_ps.jpg","type":"image\/jpeg"}],"author":"Adelisa Kalajdzini","twitter_card":"summary_large_image","twitter_title":"Sorge um Klimawandel steigt in Schweizer Unternehmen","twitter_description":"Die #F\u00fchrungskr\u00e4fte von #Schweizer #Unternehmen blicken besorgt auf den #Klimawandel.","twitter_image":"https:\/\/www.organisator.ch\/wp-content\/uploads\/2024\/09\/Deloitte_Bild1_ps.jpg","schema":{"@context":"https:\/\/schema.org","@graph":[{"@type":"Article","@id":"https:\/\/www.organisator.ch\/sustainability\/2024-09-16\/sorge-um-klimawandel-steigt-in-schweizer-unternehmen\/#article","isPartOf":{"@id":"https:\/\/www.organisator.ch\/sustainability\/2024-09-16\/sorge-um-klimawandel-steigt-in-schweizer-unternehmen\/"},"author":{"name":"Adelisa Kalajdzini","@id":"https:\/\/www.organisator.ch\/#\/schema\/person\/2e1314a2172123f874db408d8911d3f3"},"headline":"Sorge um Klimawandel steigt in Schweizer Unternehmen","datePublished":"2024-09-16T09:30:32+00:00","mainEntityOfPage":{"@id":"https:\/\/www.organisator.ch\/sustainability\/2024-09-16\/sorge-um-klimawandel-steigt-in-schweizer-unternehmen\/"},"wordCount":664,"publisher":{"@id":"https:\/\/www.organisator.ch\/#organization"},"image":{"@id":"https:\/\/www.organisator.ch\/sustainability\/2024-09-16\/sorge-um-klimawandel-steigt-in-schweizer-unternehmen\/#primaryimage"},"thumbnailUrl":"https:\/\/www.organisator.ch\/wp-content\/uploads\/2024\/09\/Deloitte_Bild1_ps.jpg","keywords":["Klimawandel","Nachhaltigkeit","Umfrage","Unternehmen"],"articleSection":["SUSTAINABILITY"],"inLanguage":"de"},{"@type":"WebPage","@id":"https:\/\/www.organisator.ch\/sustainability\/2024-09-16\/sorge-um-klimawandel-steigt-in-schweizer-unternehmen\/","url":"https:\/\/www.organisator.ch\/sustainability\/2024-09-16\/sorge-um-klimawandel-steigt-in-schweizer-unternehmen\/","name":"Sorge um Klimawandel steigt in Schweizer Unternehmen - Organisator","isPartOf":{"@id":"https:\/\/www.organisator.ch\/#website"},"primaryImageOfPage":{"@id":"https:\/\/www.organisator.ch\/sustainability\/2024-09-16\/sorge-um-klimawandel-steigt-in-schweizer-unternehmen\/#primaryimage"},"image":{"@id":"https:\/\/www.organisator.ch\/sustainability\/2024-09-16\/sorge-um-klimawandel-steigt-in-schweizer-unternehmen\/#primaryimage"},"thumbnailUrl":"https:\/\/www.organisator.ch\/wp-content\/uploads\/2024\/09\/Deloitte_Bild1_ps.jpg","datePublished":"2024-09-16T09:30:32+00:00","description":"Die F\u00fchrungskr\u00e4fte von Schweizer Unternehmen blicken besorgt auf den Klimawandel.","breadcrumb":{"@id":"https:\/\/www.organisator.ch\/sustainability\/2024-09-16\/sorge-um-klimawandel-steigt-in-schweizer-unternehmen\/#breadcrumb"},"inLanguage":"de","potentialAction":[{"@type":"ReadAction","target":["https:\/\/www.organisator.ch\/sustainability\/2024-09-16\/sorge-um-klimawandel-steigt-in-schweizer-unternehmen\/"]}]},{"@type":"ImageObject","inLanguage":"de","@id":"https:\/\/www.organisator.ch\/sustainability\/2024-09-16\/sorge-um-klimawandel-steigt-in-schweizer-unternehmen\/#primaryimage","url":"https:\/\/www.organisator.ch\/wp-content\/uploads\/2024\/09\/Deloitte_Bild1_ps.jpg","contentUrl":"https:\/\/www.organisator.ch\/wp-content\/uploads\/2024\/09\/Deloitte_Bild1_ps.jpg","width":680,"height":460,"caption":"Eine grosse Mehrheit (82%) der Schweizer Firmenlenker erwartet, dass sich der Klimawandel in den kommenden drei Jahren auf die Strategie und das operative Gesch\u00e4fte ihres Unternehmens auswirken wird. (Bild: www.depositphotos.com)"},{"@type":"BreadcrumbList","@id":"https:\/\/www.organisator.ch\/sustainability\/2024-09-16\/sorge-um-klimawandel-steigt-in-schweizer-unternehmen\/#breadcrumb","itemListElement":[{"@type":"ListItem","position":1,"name":"Home","item":"https:\/\/www.organisator.ch\/"},{"@type":"ListItem","position":2,"name":"Sorge um Klimawandel steigt in Schweizer Unternehmen"}]},{"@type":"WebSite","@id":"https:\/\/www.organisator.ch\/#website","url":"https:\/\/www.organisator.ch\/","name":"Organisator","description":"Kompetent. Praxisnah. Der ORGANISATOR bereitet in 10 Ausgaben pro Jahr die wesentlichen Themen f\u00fcr F\u00fchrungskr\u00e4fte von KMU auf.","publisher":{"@id":"https:\/\/www.organisator.ch\/#organization"},"potentialAction":[{"@type":"SearchAction","target":{"@type":"EntryPoint","urlTemplate":"https:\/\/www.organisator.ch\/?s={search_term_string}"},"query-input":{"@type":"PropertyValueSpecification","valueRequired":true,"valueName":"search_term_string"}}],"inLanguage":"de"},{"@type":"Organization","@id":"https:\/\/www.organisator.ch\/#organization","name":"Organisator","url":"https:\/\/www.organisator.ch\/","logo":{"@type":"ImageObject","inLanguage":"de","@id":"https:\/\/www.organisator.ch\/#\/schema\/logo\/image\/","url":"https:\/\/www.organisator.ch\/wp-content\/uploads\/2022\/01\/Logo_Organisator_Website.png","contentUrl":"https:\/\/www.organisator.ch\/wp-content\/uploads\/2022\/01\/Logo_Organisator_Website.png","width":800,"height":77,"caption":"Organisator"},"image":{"@id":"https:\/\/www.organisator.ch\/#\/schema\/logo\/image\/"},"sameAs":["https:\/\/www.facebook.com\/OrganisatorFachmagazin","https:\/\/www.linkedin.com\/showcase\/organisator-das-magazin-fr-kmu","https:\/\/www.xing.com\/news\/pages\/organisator-ch-695","https:\/\/www.youtube.com\/channel\/UCGP2Sq0iWaZwT3BdIAQFYpw"]},{"@type":"Person","@id":"https:\/\/www.organisator.ch\/#\/schema\/person\/2e1314a2172123f874db408d8911d3f3","name":"Adelisa Kalajdzini","image":{"@type":"ImageObject","inLanguage":"de","@id":"https:\/\/secure.gravatar.com\/avatar\/09a397c22ac58cad6f160ee8306348599df9df58a8ede73696226897b9fa4b24?s=96&d=mm&r=g","url":"https:\/\/secure.gravatar.com\/avatar\/09a397c22ac58cad6f160ee8306348599df9df58a8ede73696226897b9fa4b24?s=96&d=mm&r=g","contentUrl":"https:\/\/secure.gravatar.com\/avatar\/09a397c22ac58cad6f160ee8306348599df9df58a8ede73696226897b9fa4b24?s=96&d=mm&r=g","caption":"Adelisa Kalajdzini"},"url":"https:\/\/www.organisator.ch\/de\/author\/adelisa-kalajdzini\/"}]}},"_links":{"self":[{"href":"https:\/\/www.organisator.ch\/de\/wp-json\/wp\/v2\/posts\/29843","targetHints":{"allow":["GET"]}}],"collection":[{"href":"https:\/\/www.organisator.ch\/de\/wp-json\/wp\/v2\/posts"}],"about":[{"href":"https:\/\/www.organisator.ch\/de\/wp-json\/wp\/v2\/types\/post"}],"author":[{"embeddable":true,"href":"https:\/\/www.organisator.ch\/de\/wp-json\/wp\/v2\/users\/58"}],"replies":[{"embeddable":true,"href":"https:\/\/www.organisator.ch\/de\/wp-json\/wp\/v2\/comments?post=29843"}],"version-history":[{"count":2,"href":"https:\/\/www.organisator.ch\/de\/wp-json\/wp\/v2\/posts\/29843\/revisions"}],"predecessor-version":[{"id":29859,"href":"https:\/\/www.organisator.ch\/de\/wp-json\/wp\/v2\/posts\/29843\/revisions\/29859"}],"wp:featuredmedia":[{"embeddable":true,"href":"https:\/\/www.organisator.ch\/de\/wp-json\/wp\/v2\/media\/29844"}],"wp:attachment":[{"href":"https:\/\/www.organisator.ch\/de\/wp-json\/wp\/v2\/media?parent=29843"}],"wp:term":[{"taxonomy":"category","embeddable":true,"href":"https:\/\/www.organisator.ch\/de\/wp-json\/wp\/v2\/categories?post=29843"},{"taxonomy":"post_tag","embeddable":true,"href":"https:\/\/www.organisator.ch\/de\/wp-json\/wp\/v2\/tags?post=29843"}],"curies":[{"name":"wp","href":"https:\/\/api.w.org\/{rel}","templated":true}]}}