{"id":2989,"date":"2018-01-16T14:18:05","date_gmt":"2018-01-16T13:18:05","guid":{"rendered":"https:\/\/www.organisator.ch\/?p=2989"},"modified":"2018-01-16T14:18:05","modified_gmt":"2018-01-16T13:18:05","slug":"neue-publikation-von-suissedigital-zum-internet-der-dinge","status":"publish","type":"post","link":"https:\/\/www.organisator.ch\/de\/management\/it\/2018-01-16\/neue-publikation-von-suissedigital-zum-internet-der-dinge\/","title":{"rendered":"Neue Publikation von Suissedigital zum &#8222;Internet der Dinge&#8220;"},"content":{"rendered":"<p><img loading=\"lazy\" decoding=\"async\" class=\"size-full wp-image-2992\" src=\"https:\/\/www.organisator.ch\/wp-content\/uploads\/2018\/01\/Neue-Publikation-von-Suissedigital-zum-Internet-der-Dinge_Organisator.jpg\" alt=\"\" width=\"316\" height=\"448\" srcset=\"https:\/\/www.organisator.ch\/wp-content\/uploads\/2018\/01\/Neue-Publikation-von-Suissedigital-zum-Internet-der-Dinge_Organisator.jpg 316w, https:\/\/www.organisator.ch\/wp-content\/uploads\/2018\/01\/Neue-Publikation-von-Suissedigital-zum-Internet-der-Dinge_Organisator-8x12.jpg 8w, https:\/\/www.organisator.ch\/wp-content\/uploads\/2018\/01\/Neue-Publikation-von-Suissedigital-zum-Internet-der-Dinge_Organisator-123x175.jpg 123w, https:\/\/www.organisator.ch\/wp-content\/uploads\/2018\/01\/Neue-Publikation-von-Suissedigital-zum-Internet-der-Dinge_Organisator-247x350.jpg 247w, https:\/\/www.organisator.ch\/wp-content\/uploads\/2018\/01\/Neue-Publikation-von-Suissedigital-zum-Internet-der-Dinge_Organisator-300x425.jpg 300w\" sizes=\"auto, (max-width: 316px) 100vw, 316px\" \/><\/p>\n<p>Als Schlagwort ist &#8222;Das Internet der Dinge&#8220; l\u00e4ngst etabliert. Doch was genau steht hinter dem Begriff? Was kommt auf uns zu? Und welche Chancen und Herausforderungen bietet sich damit? Diese und weitere Fragen beantwortet die neue, knapp 70-seitige Publikation, die vom Verlag buch &amp; netz im Auftrag von Suissedigital, dem Wirtschaftsverband der Schweizer Kommunikationsnetze,\u00a0und der HWZ Hochschule f\u00fcr Wirtschaft Z\u00fcrich erstellt worden ist.<span style=\"font-size: small;\"><br \/>\n<\/span><\/p>\n<h2>Gefragt sind neue Gesch\u00e4ftsfelder<\/h2>\n<p>Die bei Suissedigital zusammengeschlossenen Unternehmen verf\u00fcgen nach eigene Angaben\u00a0\u00fcber eine hervorragende Kommunikationsinfrastruktur. Diese erm\u00f6glicht es\u00a0 ihnen, im Schweizer Telekommunikationsmarkt zu bestehen. Jedoch sind die angestammten M\u00e4rkte Fernsehen, Internet und Telefonie weitgehend ges\u00e4ttigt; gefragt sind deshalb neue Gesch\u00e4ftsfelder.<\/p>\n<h2>Internet der Dinge: Zukunftstr\u00e4chtiges Thema<\/h2>\n<p>Vor diesem Hintergrund befasst sich Suissedigital verst\u00e4rkt mit verschiedenen Themen der Digitalisierung. Das Internet der Dinge, das<br \/>\nAnwendungen mit Gegenst\u00e4nden oder Ger\u00e4ten im Fokus hat, die untereinander Informationen austauschen k\u00f6nnen, scheint dabei ein<br \/>\nbesonders interessantes und zukunftstr\u00e4chtiges Thema zu sein. Die Publikation &#8222;Das Internet der Dinge&#8220; kann auf der Startseite von<br \/>\n<a href=\"https:\/\/webmail.galledia.ch\/owa\/redir.aspx?C=bTJx4usWa5ePYlZG4u0XtWOfz_wS1FVfkNEHJ3nS4bs1VdCT2lzVCA..&amp;URL=http%3a%2f%2fwww.suissedigital.ch\" target=\"_blank\" rel=\"noopener\">www.suissedigital.ch<\/a> kostenlos als PDF heruntergeladen werden.<\/p>\n","protected":false},"excerpt":{"rendered":"<p>Als Schlagwort ist &#8222;Das Internet der Dinge&#8220; l\u00e4ngst etabliert. Doch was genau steht hinter dem Begriff? Was kommt auf uns zu? Und welche Chancen und Herausforderungen bietet sich damit? Diese und weitere Fragen beantwortet die neue, knapp 70-seitige Publikation, die vom Verlag buch &amp; netz im Auftrag von Suissedigital, dem Wirtschaftsverband der Schweizer Kommunikationsnetze,\u00a0und der [&hellip;]<\/p>\n","protected":false},"author":4,"featured_media":2992,"comment_status":"open","ping_status":"open","sticky":false,"template":"","format":"standard","meta":{"_acf_changed":false,"_yoast_wpseo_focuskw":"Internet der Dinge","_yoast_wpseo_metadesc":"Der Wirtschaftsverband SUISSEDIGITAL hat in Zusammenarbeit mit der HWZ Hochschule f\u00fcr Wirtschaft Z\u00fcrich eine Einf\u00fchrung zum Thema \"Das Internet der Dinge\" erstellt.","articlekey":"","footnotes":""},"categories":[27],"tags":[95,156,286],"class_list":["post-2989","post","type-post","status-publish","format-standard","has-post-thumbnail","hentry","category-it","tag-buchtipps","tag-digitalisierung","tag-it"],"acf":[],"yoast_head":"<!-- This site is optimized with the Yoast SEO plugin v27.5 - https:\/\/yoast.com\/product\/yoast-seo-wordpress\/ -->\n<title>Neue Publikation von Suissedigital zum &quot;Internet der Dinge&quot; - Organisator<\/title>\n<meta name=\"description\" content=\"Der Wirtschaftsverband SUISSEDIGITAL hat in Zusammenarbeit mit der HWZ Hochschule f\u00fcr Wirtschaft Z\u00fcrich eine Einf\u00fchrung zum Thema &quot;Das Internet der Dinge&quot; erstellt.\" \/>\n<meta name=\"robots\" content=\"index, follow, max-snippet:-1, max-image-preview:large, max-video-preview:-1\" \/>\n<link rel=\"canonical\" href=\"https:\/\/www.organisator.ch\/de\/management\/it\/2018-01-16\/neue-publikation-von-suissedigital-zum-internet-der-dinge\/\" \/>\n<meta property=\"og:locale\" content=\"de_DE\" \/>\n<meta property=\"og:type\" content=\"article\" \/>\n<meta property=\"og:title\" content=\"Neue Publikation von Suissedigital zum &quot;Internet der Dinge&quot; - Organisator\" \/>\n<meta property=\"og:description\" content=\"Der Wirtschaftsverband SUISSEDIGITAL hat in Zusammenarbeit mit der HWZ Hochschule f\u00fcr Wirtschaft Z\u00fcrich eine Einf\u00fchrung zum Thema &quot;Das Internet der Dinge&quot; erstellt.\" \/>\n<meta property=\"og:url\" content=\"https:\/\/www.organisator.ch\/de\/management\/it\/2018-01-16\/neue-publikation-von-suissedigital-zum-internet-der-dinge\/\" \/>\n<meta property=\"og:site_name\" content=\"Organisator\" \/>\n<meta property=\"article:publisher\" content=\"https:\/\/www.facebook.com\/OrganisatorFachmagazin\" \/>\n<meta property=\"article:published_time\" content=\"2018-01-16T13:18:05+00:00\" \/>\n<meta property=\"og:image\" content=\"https:\/\/www.organisator.ch\/wp-content\/uploads\/2018\/01\/Neue-Publikation-von-Suissedigital-zum-Internet-der-Dinge_Organisator.jpg\" \/>\n\t<meta property=\"og:image:width\" content=\"316\" \/>\n\t<meta property=\"og:image:height\" content=\"448\" \/>\n\t<meta property=\"og:image:type\" content=\"image\/jpeg\" \/>\n<meta name=\"author\" content=\"thomas.berner\" \/>\n<meta name=\"twitter:card\" content=\"summary_large_image\" \/>\n<script type=\"application\/ld+json\" class=\"yoast-schema-graph\">{\"@context\":\"https:\\\/\\\/schema.org\",\"@graph\":[{\"@type\":\"Article\",\"@id\":\"https:\\\/\\\/www.organisator.ch\\\/management\\\/it\\\/2018-01-16\\\/neue-publikation-von-suissedigital-zum-internet-der-dinge\\\/#article\",\"isPartOf\":{\"@id\":\"https:\\\/\\\/www.organisator.ch\\\/management\\\/it\\\/2018-01-16\\\/neue-publikation-von-suissedigital-zum-internet-der-dinge\\\/\"},\"author\":{\"name\":\"thomas.berner\",\"@id\":\"https:\\\/\\\/www.organisator.ch\\\/#\\\/schema\\\/person\\\/6f650f90b2842cd4c0cc334b4e36f67e\"},\"headline\":\"Neue Publikation von Suissedigital zum &#8222;Internet der Dinge&#8220;\",\"datePublished\":\"2018-01-16T13:18:05+00:00\",\"mainEntityOfPage\":{\"@id\":\"https:\\\/\\\/www.organisator.ch\\\/management\\\/it\\\/2018-01-16\\\/neue-publikation-von-suissedigital-zum-internet-der-dinge\\\/\"},\"wordCount\":193,\"commentCount\":0,\"publisher\":{\"@id\":\"https:\\\/\\\/www.organisator.ch\\\/#organization\"},\"image\":{\"@id\":\"https:\\\/\\\/www.organisator.ch\\\/management\\\/it\\\/2018-01-16\\\/neue-publikation-von-suissedigital-zum-internet-der-dinge\\\/#primaryimage\"},\"thumbnailUrl\":\"https:\\\/\\\/www.organisator.ch\\\/wp-content\\\/uploads\\\/2018\\\/01\\\/Neue-Publikation-von-Suissedigital-zum-Internet-der-Dinge_Organisator.jpg\",\"keywords\":[\"Buchtipps\",\"Digitalisierung\",\"IT\"],\"articleSection\":[\"IT\"],\"inLanguage\":\"de\"},{\"@type\":\"WebPage\",\"@id\":\"https:\\\/\\\/www.organisator.ch\\\/management\\\/it\\\/2018-01-16\\\/neue-publikation-von-suissedigital-zum-internet-der-dinge\\\/\",\"url\":\"https:\\\/\\\/www.organisator.ch\\\/management\\\/it\\\/2018-01-16\\\/neue-publikation-von-suissedigital-zum-internet-der-dinge\\\/\",\"name\":\"Neue Publikation von Suissedigital zum \\\"Internet der Dinge\\\" - Organisator\",\"isPartOf\":{\"@id\":\"https:\\\/\\\/www.organisator.ch\\\/#website\"},\"primaryImageOfPage\":{\"@id\":\"https:\\\/\\\/www.organisator.ch\\\/management\\\/it\\\/2018-01-16\\\/neue-publikation-von-suissedigital-zum-internet-der-dinge\\\/#primaryimage\"},\"image\":{\"@id\":\"https:\\\/\\\/www.organisator.ch\\\/management\\\/it\\\/2018-01-16\\\/neue-publikation-von-suissedigital-zum-internet-der-dinge\\\/#primaryimage\"},\"thumbnailUrl\":\"https:\\\/\\\/www.organisator.ch\\\/wp-content\\\/uploads\\\/2018\\\/01\\\/Neue-Publikation-von-Suissedigital-zum-Internet-der-Dinge_Organisator.jpg\",\"datePublished\":\"2018-01-16T13:18:05+00:00\",\"description\":\"Der Wirtschaftsverband SUISSEDIGITAL hat in Zusammenarbeit mit der HWZ Hochschule f\u00fcr Wirtschaft Z\u00fcrich eine Einf\u00fchrung zum Thema \\\"Das Internet der Dinge\\\" erstellt.\",\"breadcrumb\":{\"@id\":\"https:\\\/\\\/www.organisator.ch\\\/management\\\/it\\\/2018-01-16\\\/neue-publikation-von-suissedigital-zum-internet-der-dinge\\\/#breadcrumb\"},\"inLanguage\":\"de\",\"potentialAction\":[{\"@type\":\"ReadAction\",\"target\":[\"https:\\\/\\\/www.organisator.ch\\\/management\\\/it\\\/2018-01-16\\\/neue-publikation-von-suissedigital-zum-internet-der-dinge\\\/\"]}]},{\"@type\":\"ImageObject\",\"inLanguage\":\"de\",\"@id\":\"https:\\\/\\\/www.organisator.ch\\\/management\\\/it\\\/2018-01-16\\\/neue-publikation-von-suissedigital-zum-internet-der-dinge\\\/#primaryimage\",\"url\":\"https:\\\/\\\/www.organisator.ch\\\/wp-content\\\/uploads\\\/2018\\\/01\\\/Neue-Publikation-von-Suissedigital-zum-Internet-der-Dinge_Organisator.jpg\",\"contentUrl\":\"https:\\\/\\\/www.organisator.ch\\\/wp-content\\\/uploads\\\/2018\\\/01\\\/Neue-Publikation-von-Suissedigital-zum-Internet-der-Dinge_Organisator.jpg\",\"width\":316,\"height\":448,\"caption\":\"Das Internet der Dinge\"},{\"@type\":\"BreadcrumbList\",\"@id\":\"https:\\\/\\\/www.organisator.ch\\\/management\\\/it\\\/2018-01-16\\\/neue-publikation-von-suissedigital-zum-internet-der-dinge\\\/#breadcrumb\",\"itemListElement\":[{\"@type\":\"ListItem\",\"position\":1,\"name\":\"Home\",\"item\":\"https:\\\/\\\/www.organisator.ch\\\/\"},{\"@type\":\"ListItem\",\"position\":2,\"name\":\"Neue Publikation von Suissedigital zum &#8222;Internet der Dinge&#8220;\"}]},{\"@type\":\"WebSite\",\"@id\":\"https:\\\/\\\/www.organisator.ch\\\/#website\",\"url\":\"https:\\\/\\\/www.organisator.ch\\\/\",\"name\":\"Organisator\",\"description\":\"Kompetent. Praxisnah. Der ORGANISATOR bereitet in 10 Ausgaben pro Jahr die wesentlichen Themen f\u00fcr F\u00fchrungskr\u00e4fte von KMU auf.\",\"publisher\":{\"@id\":\"https:\\\/\\\/www.organisator.ch\\\/#organization\"},\"potentialAction\":[{\"@type\":\"SearchAction\",\"target\":{\"@type\":\"EntryPoint\",\"urlTemplate\":\"https:\\\/\\\/www.organisator.ch\\\/?s={search_term_string}\"},\"query-input\":{\"@type\":\"PropertyValueSpecification\",\"valueRequired\":true,\"valueName\":\"search_term_string\"}}],\"inLanguage\":\"de\"},{\"@type\":\"Organization\",\"@id\":\"https:\\\/\\\/www.organisator.ch\\\/#organization\",\"name\":\"Organisator\",\"url\":\"https:\\\/\\\/www.organisator.ch\\\/\",\"logo\":{\"@type\":\"ImageObject\",\"inLanguage\":\"de\",\"@id\":\"https:\\\/\\\/www.organisator.ch\\\/#\\\/schema\\\/logo\\\/image\\\/\",\"url\":\"https:\\\/\\\/www.organisator.ch\\\/wp-content\\\/uploads\\\/2022\\\/01\\\/Logo_Organisator_Website.png\",\"contentUrl\":\"https:\\\/\\\/www.organisator.ch\\\/wp-content\\\/uploads\\\/2022\\\/01\\\/Logo_Organisator_Website.png\",\"width\":800,\"height\":77,\"caption\":\"Organisator\"},\"image\":{\"@id\":\"https:\\\/\\\/www.organisator.ch\\\/#\\\/schema\\\/logo\\\/image\\\/\"},\"sameAs\":[\"https:\\\/\\\/www.facebook.com\\\/OrganisatorFachmagazin\",\"https:\\\/\\\/www.linkedin.com\\\/showcase\\\/organisator-das-magazin-fr-kmu\",\"https:\\\/\\\/www.xing.com\\\/news\\\/pages\\\/organisator-ch-695\",\"https:\\\/\\\/www.youtube.com\\\/channel\\\/UCGP2Sq0iWaZwT3BdIAQFYpw\"]},{\"@type\":\"Person\",\"@id\":\"https:\\\/\\\/www.organisator.ch\\\/#\\\/schema\\\/person\\\/6f650f90b2842cd4c0cc334b4e36f67e\",\"name\":\"thomas.berner\",\"image\":{\"@type\":\"ImageObject\",\"inLanguage\":\"de\",\"@id\":\"https:\\\/\\\/secure.gravatar.com\\\/avatar\\\/ac5001d2a36cb6c6cd3e50789007ffca834b477b74a2144564522e944eabff61?s=96&d=mm&r=g\",\"url\":\"https:\\\/\\\/secure.gravatar.com\\\/avatar\\\/ac5001d2a36cb6c6cd3e50789007ffca834b477b74a2144564522e944eabff61?s=96&d=mm&r=g\",\"contentUrl\":\"https:\\\/\\\/secure.gravatar.com\\\/avatar\\\/ac5001d2a36cb6c6cd3e50789007ffca834b477b74a2144564522e944eabff61?s=96&d=mm&r=g\",\"caption\":\"thomas.berner\"},\"url\":\"https:\\\/\\\/www.organisator.ch\\\/de\\\/author\\\/thomas-berner\\\/\"}]}<\/script>\n<!-- \/ Yoast SEO plugin. -->","yoast_head_json":{"title":"Neue Publikation von Suissedigital zum \"Internet der Dinge\" - Organisator","description":"Der Wirtschaftsverband SUISSEDIGITAL hat in Zusammenarbeit mit der HWZ Hochschule f\u00fcr Wirtschaft Z\u00fcrich eine Einf\u00fchrung zum Thema \"Das Internet der Dinge\" erstellt.","robots":{"index":"index","follow":"follow","max-snippet":"max-snippet:-1","max-image-preview":"max-image-preview:large","max-video-preview":"max-video-preview:-1"},"canonical":"https:\/\/www.organisator.ch\/de\/management\/it\/2018-01-16\/neue-publikation-von-suissedigital-zum-internet-der-dinge\/","og_locale":"de_DE","og_type":"article","og_title":"Neue Publikation von Suissedigital zum \"Internet der Dinge\" - Organisator","og_description":"Der Wirtschaftsverband SUISSEDIGITAL hat in Zusammenarbeit mit der HWZ Hochschule f\u00fcr Wirtschaft Z\u00fcrich eine Einf\u00fchrung zum Thema \"Das Internet der Dinge\" erstellt.","og_url":"https:\/\/www.organisator.ch\/de\/management\/it\/2018-01-16\/neue-publikation-von-suissedigital-zum-internet-der-dinge\/","og_site_name":"Organisator","article_publisher":"https:\/\/www.facebook.com\/OrganisatorFachmagazin","article_published_time":"2018-01-16T13:18:05+00:00","og_image":[{"width":316,"height":448,"url":"https:\/\/www.organisator.ch\/wp-content\/uploads\/2018\/01\/Neue-Publikation-von-Suissedigital-zum-Internet-der-Dinge_Organisator.jpg","type":"image\/jpeg"}],"author":"thomas.berner","twitter_card":"summary_large_image","schema":{"@context":"https:\/\/schema.org","@graph":[{"@type":"Article","@id":"https:\/\/www.organisator.ch\/management\/it\/2018-01-16\/neue-publikation-von-suissedigital-zum-internet-der-dinge\/#article","isPartOf":{"@id":"https:\/\/www.organisator.ch\/management\/it\/2018-01-16\/neue-publikation-von-suissedigital-zum-internet-der-dinge\/"},"author":{"name":"thomas.berner","@id":"https:\/\/www.organisator.ch\/#\/schema\/person\/6f650f90b2842cd4c0cc334b4e36f67e"},"headline":"Neue Publikation von Suissedigital zum &#8222;Internet der Dinge&#8220;","datePublished":"2018-01-16T13:18:05+00:00","mainEntityOfPage":{"@id":"https:\/\/www.organisator.ch\/management\/it\/2018-01-16\/neue-publikation-von-suissedigital-zum-internet-der-dinge\/"},"wordCount":193,"commentCount":0,"publisher":{"@id":"https:\/\/www.organisator.ch\/#organization"},"image":{"@id":"https:\/\/www.organisator.ch\/management\/it\/2018-01-16\/neue-publikation-von-suissedigital-zum-internet-der-dinge\/#primaryimage"},"thumbnailUrl":"https:\/\/www.organisator.ch\/wp-content\/uploads\/2018\/01\/Neue-Publikation-von-Suissedigital-zum-Internet-der-Dinge_Organisator.jpg","keywords":["Buchtipps","Digitalisierung","IT"],"articleSection":["IT"],"inLanguage":"de"},{"@type":"WebPage","@id":"https:\/\/www.organisator.ch\/management\/it\/2018-01-16\/neue-publikation-von-suissedigital-zum-internet-der-dinge\/","url":"https:\/\/www.organisator.ch\/management\/it\/2018-01-16\/neue-publikation-von-suissedigital-zum-internet-der-dinge\/","name":"Neue Publikation von Suissedigital zum \"Internet der Dinge\" - Organisator","isPartOf":{"@id":"https:\/\/www.organisator.ch\/#website"},"primaryImageOfPage":{"@id":"https:\/\/www.organisator.ch\/management\/it\/2018-01-16\/neue-publikation-von-suissedigital-zum-internet-der-dinge\/#primaryimage"},"image":{"@id":"https:\/\/www.organisator.ch\/management\/it\/2018-01-16\/neue-publikation-von-suissedigital-zum-internet-der-dinge\/#primaryimage"},"thumbnailUrl":"https:\/\/www.organisator.ch\/wp-content\/uploads\/2018\/01\/Neue-Publikation-von-Suissedigital-zum-Internet-der-Dinge_Organisator.jpg","datePublished":"2018-01-16T13:18:05+00:00","description":"Der Wirtschaftsverband SUISSEDIGITAL hat in Zusammenarbeit mit der HWZ Hochschule f\u00fcr Wirtschaft Z\u00fcrich eine Einf\u00fchrung zum Thema \"Das Internet der Dinge\" erstellt.","breadcrumb":{"@id":"https:\/\/www.organisator.ch\/management\/it\/2018-01-16\/neue-publikation-von-suissedigital-zum-internet-der-dinge\/#breadcrumb"},"inLanguage":"de","potentialAction":[{"@type":"ReadAction","target":["https:\/\/www.organisator.ch\/management\/it\/2018-01-16\/neue-publikation-von-suissedigital-zum-internet-der-dinge\/"]}]},{"@type":"ImageObject","inLanguage":"de","@id":"https:\/\/www.organisator.ch\/management\/it\/2018-01-16\/neue-publikation-von-suissedigital-zum-internet-der-dinge\/#primaryimage","url":"https:\/\/www.organisator.ch\/wp-content\/uploads\/2018\/01\/Neue-Publikation-von-Suissedigital-zum-Internet-der-Dinge_Organisator.jpg","contentUrl":"https:\/\/www.organisator.ch\/wp-content\/uploads\/2018\/01\/Neue-Publikation-von-Suissedigital-zum-Internet-der-Dinge_Organisator.jpg","width":316,"height":448,"caption":"Das Internet der Dinge"},{"@type":"BreadcrumbList","@id":"https:\/\/www.organisator.ch\/management\/it\/2018-01-16\/neue-publikation-von-suissedigital-zum-internet-der-dinge\/#breadcrumb","itemListElement":[{"@type":"ListItem","position":1,"name":"Home","item":"https:\/\/www.organisator.ch\/"},{"@type":"ListItem","position":2,"name":"Neue Publikation von Suissedigital zum &#8222;Internet der Dinge&#8220;"}]},{"@type":"WebSite","@id":"https:\/\/www.organisator.ch\/#website","url":"https:\/\/www.organisator.ch\/","name":"Organisator","description":"Kompetent. Praxisnah. Der ORGANISATOR bereitet in 10 Ausgaben pro Jahr die wesentlichen Themen f\u00fcr F\u00fchrungskr\u00e4fte von KMU auf.","publisher":{"@id":"https:\/\/www.organisator.ch\/#organization"},"potentialAction":[{"@type":"SearchAction","target":{"@type":"EntryPoint","urlTemplate":"https:\/\/www.organisator.ch\/?s={search_term_string}"},"query-input":{"@type":"PropertyValueSpecification","valueRequired":true,"valueName":"search_term_string"}}],"inLanguage":"de"},{"@type":"Organization","@id":"https:\/\/www.organisator.ch\/#organization","name":"Organisator","url":"https:\/\/www.organisator.ch\/","logo":{"@type":"ImageObject","inLanguage":"de","@id":"https:\/\/www.organisator.ch\/#\/schema\/logo\/image\/","url":"https:\/\/www.organisator.ch\/wp-content\/uploads\/2022\/01\/Logo_Organisator_Website.png","contentUrl":"https:\/\/www.organisator.ch\/wp-content\/uploads\/2022\/01\/Logo_Organisator_Website.png","width":800,"height":77,"caption":"Organisator"},"image":{"@id":"https:\/\/www.organisator.ch\/#\/schema\/logo\/image\/"},"sameAs":["https:\/\/www.facebook.com\/OrganisatorFachmagazin","https:\/\/www.linkedin.com\/showcase\/organisator-das-magazin-fr-kmu","https:\/\/www.xing.com\/news\/pages\/organisator-ch-695","https:\/\/www.youtube.com\/channel\/UCGP2Sq0iWaZwT3BdIAQFYpw"]},{"@type":"Person","@id":"https:\/\/www.organisator.ch\/#\/schema\/person\/6f650f90b2842cd4c0cc334b4e36f67e","name":"thomas.berner","image":{"@type":"ImageObject","inLanguage":"de","@id":"https:\/\/secure.gravatar.com\/avatar\/ac5001d2a36cb6c6cd3e50789007ffca834b477b74a2144564522e944eabff61?s=96&d=mm&r=g","url":"https:\/\/secure.gravatar.com\/avatar\/ac5001d2a36cb6c6cd3e50789007ffca834b477b74a2144564522e944eabff61?s=96&d=mm&r=g","contentUrl":"https:\/\/secure.gravatar.com\/avatar\/ac5001d2a36cb6c6cd3e50789007ffca834b477b74a2144564522e944eabff61?s=96&d=mm&r=g","caption":"thomas.berner"},"url":"https:\/\/www.organisator.ch\/de\/author\/thomas-berner\/"}]}},"_links":{"self":[{"href":"https:\/\/www.organisator.ch\/de\/wp-json\/wp\/v2\/posts\/2989","targetHints":{"allow":["GET"]}}],"collection":[{"href":"https:\/\/www.organisator.ch\/de\/wp-json\/wp\/v2\/posts"}],"about":[{"href":"https:\/\/www.organisator.ch\/de\/wp-json\/wp\/v2\/types\/post"}],"author":[{"embeddable":true,"href":"https:\/\/www.organisator.ch\/de\/wp-json\/wp\/v2\/users\/4"}],"replies":[{"embeddable":true,"href":"https:\/\/www.organisator.ch\/de\/wp-json\/wp\/v2\/comments?post=2989"}],"version-history":[{"count":0,"href":"https:\/\/www.organisator.ch\/de\/wp-json\/wp\/v2\/posts\/2989\/revisions"}],"wp:featuredmedia":[{"embeddable":true,"href":"https:\/\/www.organisator.ch\/de\/wp-json\/wp\/v2\/media\/2992"}],"wp:attachment":[{"href":"https:\/\/www.organisator.ch\/de\/wp-json\/wp\/v2\/media?parent=2989"}],"wp:term":[{"taxonomy":"category","embeddable":true,"href":"https:\/\/www.organisator.ch\/de\/wp-json\/wp\/v2\/categories?post=2989"},{"taxonomy":"post_tag","embeddable":true,"href":"https:\/\/www.organisator.ch\/de\/wp-json\/wp\/v2\/tags?post=2989"}],"curies":[{"name":"wp","href":"https:\/\/api.w.org\/{rel}","templated":true}]}}