{"id":2996,"date":"2018-01-17T08:25:59","date_gmt":"2018-01-17T07:25:59","guid":{"rendered":"https:\/\/www.organisator.ch\/?p=2996"},"modified":"2018-01-17T08:25:59","modified_gmt":"2018-01-17T07:25:59","slug":"ict-branche-umsatzstark-und-optimistisch-in-die-zukunft","status":"publish","type":"post","link":"https:\/\/www.organisator.ch\/de\/management\/it\/2018-01-17\/ict-branche-umsatzstark-und-optimistisch-in-die-zukunft\/","title":{"rendered":"ICT-Branche: umsatzstark und optimistisch in die Zukunft"},"content":{"rendered":"<figure id=\"attachment_2998\" aria-describedby=\"caption-attachment-2998\" style=\"width: 640px\" class=\"wp-caption alignnone\"><img loading=\"lazy\" decoding=\"async\" class=\"size-full wp-image-2998\" src=\"https:\/\/www.organisator.ch\/wp-content\/uploads\/2018\/01\/ICT-Branche-umsatzstark-und-optimistisch-in-die-Zukunft_Organisator.jpg\" alt=\"\" width=\"640\" height=\"428\" srcset=\"https:\/\/www.organisator.ch\/wp-content\/uploads\/2018\/01\/ICT-Branche-umsatzstark-und-optimistisch-in-die-Zukunft_Organisator.jpg 640w, https:\/\/www.organisator.ch\/wp-content\/uploads\/2018\/01\/ICT-Branche-umsatzstark-und-optimistisch-in-die-Zukunft_Organisator-16x12.jpg 16w, https:\/\/www.organisator.ch\/wp-content\/uploads\/2018\/01\/ICT-Branche-umsatzstark-und-optimistisch-in-die-Zukunft_Organisator-262x175.jpg 262w, https:\/\/www.organisator.ch\/wp-content\/uploads\/2018\/01\/ICT-Branche-umsatzstark-und-optimistisch-in-die-Zukunft_Organisator-523x350.jpg 523w, https:\/\/www.organisator.ch\/wp-content\/uploads\/2018\/01\/ICT-Branche-umsatzstark-und-optimistisch-in-die-Zukunft_Organisator-300x201.jpg 300w\" sizes=\"auto, (max-width: 640px) 100vw, 640px\" \/><figcaption id=\"caption-attachment-2998\" class=\"wp-caption-text\">Die ICT-Branche in der Schweiz ist so optimistisch wie schon lange nicht mehr. (Bild: Fotolia.com)<\/figcaption><\/figure>\n<p>Der Schweizer ICT-Markt ist 2017 um 2.3 Prozent gewachsen und erzielt einen Gesamtumsatz von 31.4 Milliarden Schweizer Franken. Das zeigen die aktuellen Daten des European Technology Observatory (EITO), die\u00a0am 16. Januar\u00a0an der Swico Jahresmedienkonferenz in Z\u00fcrich pr\u00e4sentiert wurden. F\u00fcr das Jahr 2018 prognostiziert EITO der Schweizer ICT-Branche erneut ein Umsatzplus von 2.2 Prozent. Auch dem Europ\u00e4ischen ICT-Markt geht es gut: Der Gesamtumsatz wuchs 2017 um 2.5 Prozent auf 688 Milliarden Euro.<\/p>\n<h2>Die Interessen der ICT-Branche erfolgreich vertreten<\/h2>\n<p>Das intensive Weibeln der Swico f\u00fcr die Interessen der ICT-Branche scheint sich auszuzahlen: Die Einsicht in die Notwendigkeit einer Revision des Arbeitsgesetzes nahm im Parlament deutlich zu. Bei den Kontingenten hat der Bundesrat die geforderten Anpassungen nach oben vorgenommen. Ferner zeichnet sich ab, dass das Referendum gegen die Netzsperren im Geldspielgesetz zustande kommen wird, f\u00fcr das sich Swico stark engagiert hat.<\/p>\n<p>Auch 2018 wird sich Swico als Wirtschaftsverband der Digitalen Schweiz f\u00fcr ein freies und sicheres Netz einsetzen, beispielsweise in der Vernehmlassung zur bundesweiten Cyberstrategie oder in der Abstimmung zum Geldspielgesetz. Ein weiteres Thema bleibt die schweizweite elektronische Identit\u00e4t (eID): \u201eEine praktikable eID ist die zentrale Voraussetzung f\u00fcr zahlreiche neue digitale Businessmodelle\u201c so Swico-Gesch\u00e4ftsf\u00fchrer Jean-Marc Hensch. Die Politik neige dazu, auf technische Innovationen reflexartig mit neuen Verboten und Einschr\u00e4nkungen zu antworten. Daher brauche es mehr denn je die starke Stimme der Anbieterseite, zeigt sich Jean-Marc Hensch \u00fcberzeugt. \u201eWir sind der Verband der Digitalisierer. Wenn unsere Mitgliedfirmen ihren Job nicht machen k\u00f6nnen, dann hat die Schweizer Volkswirtschaft insgesamt ein Problem\u201c.<\/p>\n<h2>In der Westschweiz angekommen<\/h2>\n<p>Die Swico-Community w\u00e4chst: 2017 durfte der Verband erneut zahlreiche Neumitglieder begr\u00fcssen und z\u00e4hlt zum ersten Mal \u00fcber 500 Mitglieder. Besonders erfreulich ist der Beitritt von \u00fcber zwei Dutzend Start-up-Firmen, f\u00fcr die der Verband 2017 ein spezielles Programm aufgesetzt hat. Auch in der Westschweiz konnte Swico die Pr\u00e4senz erfolgreich ausbauen.<\/p>\n<h2>Mangel an ICT-Spezialisten bremst Wachstumsaussichten<\/h2>\n<p>Ein Kernthema, welches die Branche weiterhin stark besch\u00e4ftigt, ist der Mangel an gut ausgebildeten ICT-Spezialisten. \u201eDie Nachfrage aus der Wirtschaft ist hoch und die Preise sind entsprechend stabil. Die Umsatzprognosen w\u00e4ren jedoch deutlich besser, wenn die Firmen gen\u00fcgend qualifizierte ICT-Spezialisten rekrutieren k\u00f6nnten\u201c betont Giancarlo Palmisani, Mitglied der Swico Gesch\u00e4ftsleitung. Swico richtet hier erneut einen dringenden Appell an die Politik.<\/p>\n<h2>R\u00fcckblick 2017: Der Schweizer ICT-Markt in Zahlen<strong><span style=\"color: #606060; font-family: Verdana; font-size: small;\"><br \/>\n<\/span><\/strong><\/h2>\n<p>Der Schweizer IT-Markt (ohne Telekom) generierte 2017 einen Umsatz von 19.8 Milliarden Franken und wuchs damit um 3.5 Prozent. Mit 6 Prozent legte erneut das Segment Software am st\u00e4rksten zu und erzielte 6.4 Milliarden Franken Umsatz. Der Marktanteil des Schweizer Software-Segments ist mit 20.4 Prozent deutlich h\u00f6her als im europ\u00e4ischen Vergleich (EU: 13.8 Prozent). IT Services, volumenm\u00e4ssig nach wie vor der gr\u00f6sste Bereich, wuchs um drei Prozent auf insgesamt 10.6 Milliarden Franken. Das Segment IT-Hardware verliert leicht (-0.5\u00a0 Prozent) und setzt 2.8 Milliarden Schweizer Franken um.<\/p>\n<p>Der Telekom-Markt verzeichnete 2017 ein leichtes Wachstum von 0.3 Prozent und generierte ein Total von 11.6 Milliarden Franken. Die Schweiz bleibt ein Smartphone-Land: Nachdem der Markt 2016 eingebrochen war (-21.6 Prozent), gab es 2017 ein moderates Wachstum (+4.5 Prozent) auf 1.7 Milliarden Franken. Insgesamt wurden 3.2 Millionen St\u00fcck verkauft, der Absatz hat sich damit auf dem Niveau von 2016 stabilisiert.<\/p>\n<p><a href=\"http:\/\/www.swico.ch\"><em>www.swico.ch<\/em><\/a><\/p>\n","protected":false},"excerpt":{"rendered":"<p>Der Schweizer ICT-Markt ist 2017 um 2.3 Prozent gewachsen und erzielt einen Gesamtumsatz von 31.4 Milliarden Schweizer Franken. Das zeigen die aktuellen Daten des European Technology Observatory (EITO), die\u00a0am 16. Januar\u00a0an der Swico Jahresmedienkonferenz in Z\u00fcrich pr\u00e4sentiert wurden. F\u00fcr das Jahr 2018 prognostiziert EITO der Schweizer ICT-Branche erneut ein Umsatzplus von 2.2 Prozent. Auch dem [&hellip;]<\/p>\n","protected":false},"author":4,"featured_media":2998,"comment_status":"open","ping_status":"open","sticky":false,"template":"","format":"standard","meta":{"_acf_changed":false,"_yoast_wpseo_focuskw":"ICT-Branche","_yoast_wpseo_metadesc":"Der Schweizer ICT-Markt w\u00e4chst weiterhin dank Investitionen im IT-Bereich und blickt f\u00fcr 2018 so optimistisch in die Zukunft, wie seit sieben Jahren nicht mehr.","articlekey":"","footnotes":""},"categories":[27],"tags":[156,286,288,531],"class_list":["post-2996","post","type-post","status-publish","format-standard","has-post-thumbnail","hentry","category-it","tag-digitalisierung","tag-it","tag-it-business-software","tag-wirtschaftspolitik"],"acf":[],"yoast_head":"<!-- This site is optimized with the Yoast SEO plugin v27.4 - https:\/\/yoast.com\/product\/yoast-seo-wordpress\/ -->\n<title>ICT-Branche: umsatzstark und optimistisch in die Zukunft - Organisator<\/title>\n<meta name=\"description\" content=\"Der Schweizer ICT-Markt w\u00e4chst weiterhin dank Investitionen im IT-Bereich und blickt f\u00fcr 2018 so optimistisch in die Zukunft, wie seit sieben Jahren nicht mehr.\" \/>\n<meta name=\"robots\" content=\"index, follow, max-snippet:-1, max-image-preview:large, max-video-preview:-1\" \/>\n<link rel=\"canonical\" href=\"https:\/\/www.organisator.ch\/de\/management\/it\/2018-01-17\/ict-branche-umsatzstark-und-optimistisch-in-die-zukunft\/\" \/>\n<meta property=\"og:locale\" content=\"de_DE\" \/>\n<meta property=\"og:type\" content=\"article\" \/>\n<meta property=\"og:title\" content=\"ICT-Branche: umsatzstark und optimistisch in die Zukunft\" \/>\n<meta property=\"og:description\" content=\"Der Schweizer #ICT-Markt w\u00e4chst weiterhin dank Investitionen im #IT-Bereich und blickt f\u00fcr 2018 so optimistisch in die Zukunft, wie seit sieben Jahren nicht mehr.\" \/>\n<meta property=\"og:url\" content=\"https:\/\/www.organisator.ch\/de\/management\/it\/2018-01-17\/ict-branche-umsatzstark-und-optimistisch-in-die-zukunft\/\" \/>\n<meta property=\"og:site_name\" content=\"Organisator\" \/>\n<meta property=\"article:publisher\" content=\"https:\/\/www.facebook.com\/OrganisatorFachmagazin\" \/>\n<meta property=\"article:published_time\" content=\"2018-01-17T07:25:59+00:00\" \/>\n<meta property=\"og:image\" content=\"https:\/\/www.organisator.ch\/wp-content\/uploads\/2018\/01\/ICT-Branche-umsatzstark-und-optimistisch-in-die-Zukunft_Organisator.jpg\" \/>\n\t<meta property=\"og:image:width\" content=\"640\" \/>\n\t<meta property=\"og:image:height\" content=\"428\" \/>\n\t<meta property=\"og:image:type\" content=\"image\/jpeg\" \/>\n<meta name=\"author\" content=\"thomas.berner\" \/>\n<meta name=\"twitter:card\" content=\"summary_large_image\" \/>\n<meta name=\"twitter:title\" content=\"#ICT-Branche: umsatzstark und optimistisch in die Zukunft\" \/>\n<meta name=\"twitter:description\" content=\"Der Schweizer #ICT-Markt w\u00e4chst weiterhin dank Investitionen im #IT-Bereich und blickt f\u00fcr 2018 so optimistisch in die Zukunft, wie seit sieben Jahren nicht mehr.\" \/>\n<meta name=\"twitter:image\" content=\"https:\/\/www.organisator.ch\/wp-content\/uploads\/2018\/01\/ICT-Branche-umsatzstark-und-optimistisch-in-die-Zukunft_Organisator.jpg\" \/>\n<script type=\"application\/ld+json\" class=\"yoast-schema-graph\">{\"@context\":\"https:\\\/\\\/schema.org\",\"@graph\":[{\"@type\":\"Article\",\"@id\":\"https:\\\/\\\/www.organisator.ch\\\/management\\\/it\\\/2018-01-17\\\/ict-branche-umsatzstark-und-optimistisch-in-die-zukunft\\\/#article\",\"isPartOf\":{\"@id\":\"https:\\\/\\\/www.organisator.ch\\\/management\\\/it\\\/2018-01-17\\\/ict-branche-umsatzstark-und-optimistisch-in-die-zukunft\\\/\"},\"author\":{\"name\":\"thomas.berner\",\"@id\":\"https:\\\/\\\/www.organisator.ch\\\/#\\\/schema\\\/person\\\/6f650f90b2842cd4c0cc334b4e36f67e\"},\"headline\":\"ICT-Branche: umsatzstark und optimistisch in die Zukunft\",\"datePublished\":\"2018-01-17T07:25:59+00:00\",\"mainEntityOfPage\":{\"@id\":\"https:\\\/\\\/www.organisator.ch\\\/management\\\/it\\\/2018-01-17\\\/ict-branche-umsatzstark-und-optimistisch-in-die-zukunft\\\/\"},\"wordCount\":549,\"commentCount\":0,\"publisher\":{\"@id\":\"https:\\\/\\\/www.organisator.ch\\\/#organization\"},\"image\":{\"@id\":\"https:\\\/\\\/www.organisator.ch\\\/management\\\/it\\\/2018-01-17\\\/ict-branche-umsatzstark-und-optimistisch-in-die-zukunft\\\/#primaryimage\"},\"thumbnailUrl\":\"https:\\\/\\\/www.organisator.ch\\\/wp-content\\\/uploads\\\/2018\\\/01\\\/ICT-Branche-umsatzstark-und-optimistisch-in-die-Zukunft_Organisator.jpg\",\"keywords\":[\"Digitalisierung\",\"IT\",\"IT &amp; Business Software\",\"Wirtschaftspolitik\"],\"articleSection\":[\"IT\"],\"inLanguage\":\"de\"},{\"@type\":\"WebPage\",\"@id\":\"https:\\\/\\\/www.organisator.ch\\\/management\\\/it\\\/2018-01-17\\\/ict-branche-umsatzstark-und-optimistisch-in-die-zukunft\\\/\",\"url\":\"https:\\\/\\\/www.organisator.ch\\\/management\\\/it\\\/2018-01-17\\\/ict-branche-umsatzstark-und-optimistisch-in-die-zukunft\\\/\",\"name\":\"ICT-Branche: umsatzstark und optimistisch in die Zukunft - Organisator\",\"isPartOf\":{\"@id\":\"https:\\\/\\\/www.organisator.ch\\\/#website\"},\"primaryImageOfPage\":{\"@id\":\"https:\\\/\\\/www.organisator.ch\\\/management\\\/it\\\/2018-01-17\\\/ict-branche-umsatzstark-und-optimistisch-in-die-zukunft\\\/#primaryimage\"},\"image\":{\"@id\":\"https:\\\/\\\/www.organisator.ch\\\/management\\\/it\\\/2018-01-17\\\/ict-branche-umsatzstark-und-optimistisch-in-die-zukunft\\\/#primaryimage\"},\"thumbnailUrl\":\"https:\\\/\\\/www.organisator.ch\\\/wp-content\\\/uploads\\\/2018\\\/01\\\/ICT-Branche-umsatzstark-und-optimistisch-in-die-Zukunft_Organisator.jpg\",\"datePublished\":\"2018-01-17T07:25:59+00:00\",\"description\":\"Der Schweizer ICT-Markt w\u00e4chst weiterhin dank Investitionen im IT-Bereich und blickt f\u00fcr 2018 so optimistisch in die Zukunft, wie seit sieben Jahren nicht mehr.\",\"breadcrumb\":{\"@id\":\"https:\\\/\\\/www.organisator.ch\\\/management\\\/it\\\/2018-01-17\\\/ict-branche-umsatzstark-und-optimistisch-in-die-zukunft\\\/#breadcrumb\"},\"inLanguage\":\"de\",\"potentialAction\":[{\"@type\":\"ReadAction\",\"target\":[\"https:\\\/\\\/www.organisator.ch\\\/management\\\/it\\\/2018-01-17\\\/ict-branche-umsatzstark-und-optimistisch-in-die-zukunft\\\/\"]}]},{\"@type\":\"ImageObject\",\"inLanguage\":\"de\",\"@id\":\"https:\\\/\\\/www.organisator.ch\\\/management\\\/it\\\/2018-01-17\\\/ict-branche-umsatzstark-und-optimistisch-in-die-zukunft\\\/#primaryimage\",\"url\":\"https:\\\/\\\/www.organisator.ch\\\/wp-content\\\/uploads\\\/2018\\\/01\\\/ICT-Branche-umsatzstark-und-optimistisch-in-die-Zukunft_Organisator.jpg\",\"contentUrl\":\"https:\\\/\\\/www.organisator.ch\\\/wp-content\\\/uploads\\\/2018\\\/01\\\/ICT-Branche-umsatzstark-und-optimistisch-in-die-Zukunft_Organisator.jpg\",\"width\":640,\"height\":428,\"caption\":\"Die ICT-Branche in der Schweiz ist so optimistisch wie schon lange nicht mehr. (Bild: Fotolia.com)\"},{\"@type\":\"BreadcrumbList\",\"@id\":\"https:\\\/\\\/www.organisator.ch\\\/management\\\/it\\\/2018-01-17\\\/ict-branche-umsatzstark-und-optimistisch-in-die-zukunft\\\/#breadcrumb\",\"itemListElement\":[{\"@type\":\"ListItem\",\"position\":1,\"name\":\"Home\",\"item\":\"https:\\\/\\\/www.organisator.ch\\\/\"},{\"@type\":\"ListItem\",\"position\":2,\"name\":\"ICT-Branche: umsatzstark und optimistisch in die Zukunft\"}]},{\"@type\":\"WebSite\",\"@id\":\"https:\\\/\\\/www.organisator.ch\\\/#website\",\"url\":\"https:\\\/\\\/www.organisator.ch\\\/\",\"name\":\"Organisator\",\"description\":\"Kompetent. Praxisnah. Der ORGANISATOR bereitet in 10 Ausgaben pro Jahr die wesentlichen Themen f\u00fcr F\u00fchrungskr\u00e4fte von KMU auf.\",\"publisher\":{\"@id\":\"https:\\\/\\\/www.organisator.ch\\\/#organization\"},\"potentialAction\":[{\"@type\":\"SearchAction\",\"target\":{\"@type\":\"EntryPoint\",\"urlTemplate\":\"https:\\\/\\\/www.organisator.ch\\\/?s={search_term_string}\"},\"query-input\":{\"@type\":\"PropertyValueSpecification\",\"valueRequired\":true,\"valueName\":\"search_term_string\"}}],\"inLanguage\":\"de\"},{\"@type\":\"Organization\",\"@id\":\"https:\\\/\\\/www.organisator.ch\\\/#organization\",\"name\":\"Organisator\",\"url\":\"https:\\\/\\\/www.organisator.ch\\\/\",\"logo\":{\"@type\":\"ImageObject\",\"inLanguage\":\"de\",\"@id\":\"https:\\\/\\\/www.organisator.ch\\\/#\\\/schema\\\/logo\\\/image\\\/\",\"url\":\"https:\\\/\\\/www.organisator.ch\\\/wp-content\\\/uploads\\\/2022\\\/01\\\/Logo_Organisator_Website.png\",\"contentUrl\":\"https:\\\/\\\/www.organisator.ch\\\/wp-content\\\/uploads\\\/2022\\\/01\\\/Logo_Organisator_Website.png\",\"width\":800,\"height\":77,\"caption\":\"Organisator\"},\"image\":{\"@id\":\"https:\\\/\\\/www.organisator.ch\\\/#\\\/schema\\\/logo\\\/image\\\/\"},\"sameAs\":[\"https:\\\/\\\/www.facebook.com\\\/OrganisatorFachmagazin\",\"https:\\\/\\\/www.linkedin.com\\\/showcase\\\/organisator-das-magazin-fr-kmu\",\"https:\\\/\\\/www.xing.com\\\/news\\\/pages\\\/organisator-ch-695\",\"https:\\\/\\\/www.youtube.com\\\/channel\\\/UCGP2Sq0iWaZwT3BdIAQFYpw\"]},{\"@type\":\"Person\",\"@id\":\"https:\\\/\\\/www.organisator.ch\\\/#\\\/schema\\\/person\\\/6f650f90b2842cd4c0cc334b4e36f67e\",\"name\":\"thomas.berner\",\"image\":{\"@type\":\"ImageObject\",\"inLanguage\":\"de\",\"@id\":\"https:\\\/\\\/secure.gravatar.com\\\/avatar\\\/ac5001d2a36cb6c6cd3e50789007ffca834b477b74a2144564522e944eabff61?s=96&d=mm&r=g\",\"url\":\"https:\\\/\\\/secure.gravatar.com\\\/avatar\\\/ac5001d2a36cb6c6cd3e50789007ffca834b477b74a2144564522e944eabff61?s=96&d=mm&r=g\",\"contentUrl\":\"https:\\\/\\\/secure.gravatar.com\\\/avatar\\\/ac5001d2a36cb6c6cd3e50789007ffca834b477b74a2144564522e944eabff61?s=96&d=mm&r=g\",\"caption\":\"thomas.berner\"},\"url\":\"https:\\\/\\\/www.organisator.ch\\\/de\\\/author\\\/thomas-berner\\\/\"}]}<\/script>\n<!-- \/ Yoast SEO plugin. -->","yoast_head_json":{"title":"ICT-Branche: umsatzstark und optimistisch in die Zukunft - Organisator","description":"Der Schweizer ICT-Markt w\u00e4chst weiterhin dank Investitionen im IT-Bereich und blickt f\u00fcr 2018 so optimistisch in die Zukunft, wie seit sieben Jahren nicht mehr.","robots":{"index":"index","follow":"follow","max-snippet":"max-snippet:-1","max-image-preview":"max-image-preview:large","max-video-preview":"max-video-preview:-1"},"canonical":"https:\/\/www.organisator.ch\/de\/management\/it\/2018-01-17\/ict-branche-umsatzstark-und-optimistisch-in-die-zukunft\/","og_locale":"de_DE","og_type":"article","og_title":"ICT-Branche: umsatzstark und optimistisch in die Zukunft","og_description":"Der Schweizer #ICT-Markt w\u00e4chst weiterhin dank Investitionen im #IT-Bereich und blickt f\u00fcr 2018 so optimistisch in die Zukunft, wie seit sieben Jahren nicht mehr.","og_url":"https:\/\/www.organisator.ch\/de\/management\/it\/2018-01-17\/ict-branche-umsatzstark-und-optimistisch-in-die-zukunft\/","og_site_name":"Organisator","article_publisher":"https:\/\/www.facebook.com\/OrganisatorFachmagazin","article_published_time":"2018-01-17T07:25:59+00:00","og_image":[{"width":640,"height":428,"url":"https:\/\/www.organisator.ch\/wp-content\/uploads\/2018\/01\/ICT-Branche-umsatzstark-und-optimistisch-in-die-Zukunft_Organisator.jpg","type":"image\/jpeg"}],"author":"thomas.berner","twitter_card":"summary_large_image","twitter_title":"#ICT-Branche: umsatzstark und optimistisch in die Zukunft","twitter_description":"Der Schweizer #ICT-Markt w\u00e4chst weiterhin dank Investitionen im #IT-Bereich und blickt f\u00fcr 2018 so optimistisch in die Zukunft, wie seit sieben Jahren nicht mehr.","twitter_image":"https:\/\/www.organisator.ch\/wp-content\/uploads\/2018\/01\/ICT-Branche-umsatzstark-und-optimistisch-in-die-Zukunft_Organisator.jpg","schema":{"@context":"https:\/\/schema.org","@graph":[{"@type":"Article","@id":"https:\/\/www.organisator.ch\/management\/it\/2018-01-17\/ict-branche-umsatzstark-und-optimistisch-in-die-zukunft\/#article","isPartOf":{"@id":"https:\/\/www.organisator.ch\/management\/it\/2018-01-17\/ict-branche-umsatzstark-und-optimistisch-in-die-zukunft\/"},"author":{"name":"thomas.berner","@id":"https:\/\/www.organisator.ch\/#\/schema\/person\/6f650f90b2842cd4c0cc334b4e36f67e"},"headline":"ICT-Branche: umsatzstark und optimistisch in die Zukunft","datePublished":"2018-01-17T07:25:59+00:00","mainEntityOfPage":{"@id":"https:\/\/www.organisator.ch\/management\/it\/2018-01-17\/ict-branche-umsatzstark-und-optimistisch-in-die-zukunft\/"},"wordCount":549,"commentCount":0,"publisher":{"@id":"https:\/\/www.organisator.ch\/#organization"},"image":{"@id":"https:\/\/www.organisator.ch\/management\/it\/2018-01-17\/ict-branche-umsatzstark-und-optimistisch-in-die-zukunft\/#primaryimage"},"thumbnailUrl":"https:\/\/www.organisator.ch\/wp-content\/uploads\/2018\/01\/ICT-Branche-umsatzstark-und-optimistisch-in-die-Zukunft_Organisator.jpg","keywords":["Digitalisierung","IT","IT &amp; Business Software","Wirtschaftspolitik"],"articleSection":["IT"],"inLanguage":"de"},{"@type":"WebPage","@id":"https:\/\/www.organisator.ch\/management\/it\/2018-01-17\/ict-branche-umsatzstark-und-optimistisch-in-die-zukunft\/","url":"https:\/\/www.organisator.ch\/management\/it\/2018-01-17\/ict-branche-umsatzstark-und-optimistisch-in-die-zukunft\/","name":"ICT-Branche: umsatzstark und optimistisch in die Zukunft - Organisator","isPartOf":{"@id":"https:\/\/www.organisator.ch\/#website"},"primaryImageOfPage":{"@id":"https:\/\/www.organisator.ch\/management\/it\/2018-01-17\/ict-branche-umsatzstark-und-optimistisch-in-die-zukunft\/#primaryimage"},"image":{"@id":"https:\/\/www.organisator.ch\/management\/it\/2018-01-17\/ict-branche-umsatzstark-und-optimistisch-in-die-zukunft\/#primaryimage"},"thumbnailUrl":"https:\/\/www.organisator.ch\/wp-content\/uploads\/2018\/01\/ICT-Branche-umsatzstark-und-optimistisch-in-die-Zukunft_Organisator.jpg","datePublished":"2018-01-17T07:25:59+00:00","description":"Der Schweizer ICT-Markt w\u00e4chst weiterhin dank Investitionen im IT-Bereich und blickt f\u00fcr 2018 so optimistisch in die Zukunft, wie seit sieben Jahren nicht mehr.","breadcrumb":{"@id":"https:\/\/www.organisator.ch\/management\/it\/2018-01-17\/ict-branche-umsatzstark-und-optimistisch-in-die-zukunft\/#breadcrumb"},"inLanguage":"de","potentialAction":[{"@type":"ReadAction","target":["https:\/\/www.organisator.ch\/management\/it\/2018-01-17\/ict-branche-umsatzstark-und-optimistisch-in-die-zukunft\/"]}]},{"@type":"ImageObject","inLanguage":"de","@id":"https:\/\/www.organisator.ch\/management\/it\/2018-01-17\/ict-branche-umsatzstark-und-optimistisch-in-die-zukunft\/#primaryimage","url":"https:\/\/www.organisator.ch\/wp-content\/uploads\/2018\/01\/ICT-Branche-umsatzstark-und-optimistisch-in-die-Zukunft_Organisator.jpg","contentUrl":"https:\/\/www.organisator.ch\/wp-content\/uploads\/2018\/01\/ICT-Branche-umsatzstark-und-optimistisch-in-die-Zukunft_Organisator.jpg","width":640,"height":428,"caption":"Die ICT-Branche in der Schweiz ist so optimistisch wie schon lange nicht mehr. (Bild: Fotolia.com)"},{"@type":"BreadcrumbList","@id":"https:\/\/www.organisator.ch\/management\/it\/2018-01-17\/ict-branche-umsatzstark-und-optimistisch-in-die-zukunft\/#breadcrumb","itemListElement":[{"@type":"ListItem","position":1,"name":"Home","item":"https:\/\/www.organisator.ch\/"},{"@type":"ListItem","position":2,"name":"ICT-Branche: umsatzstark und optimistisch in die Zukunft"}]},{"@type":"WebSite","@id":"https:\/\/www.organisator.ch\/#website","url":"https:\/\/www.organisator.ch\/","name":"Organisator","description":"Kompetent. Praxisnah. Der ORGANISATOR bereitet in 10 Ausgaben pro Jahr die wesentlichen Themen f\u00fcr F\u00fchrungskr\u00e4fte von KMU auf.","publisher":{"@id":"https:\/\/www.organisator.ch\/#organization"},"potentialAction":[{"@type":"SearchAction","target":{"@type":"EntryPoint","urlTemplate":"https:\/\/www.organisator.ch\/?s={search_term_string}"},"query-input":{"@type":"PropertyValueSpecification","valueRequired":true,"valueName":"search_term_string"}}],"inLanguage":"de"},{"@type":"Organization","@id":"https:\/\/www.organisator.ch\/#organization","name":"Organisator","url":"https:\/\/www.organisator.ch\/","logo":{"@type":"ImageObject","inLanguage":"de","@id":"https:\/\/www.organisator.ch\/#\/schema\/logo\/image\/","url":"https:\/\/www.organisator.ch\/wp-content\/uploads\/2022\/01\/Logo_Organisator_Website.png","contentUrl":"https:\/\/www.organisator.ch\/wp-content\/uploads\/2022\/01\/Logo_Organisator_Website.png","width":800,"height":77,"caption":"Organisator"},"image":{"@id":"https:\/\/www.organisator.ch\/#\/schema\/logo\/image\/"},"sameAs":["https:\/\/www.facebook.com\/OrganisatorFachmagazin","https:\/\/www.linkedin.com\/showcase\/organisator-das-magazin-fr-kmu","https:\/\/www.xing.com\/news\/pages\/organisator-ch-695","https:\/\/www.youtube.com\/channel\/UCGP2Sq0iWaZwT3BdIAQFYpw"]},{"@type":"Person","@id":"https:\/\/www.organisator.ch\/#\/schema\/person\/6f650f90b2842cd4c0cc334b4e36f67e","name":"thomas.berner","image":{"@type":"ImageObject","inLanguage":"de","@id":"https:\/\/secure.gravatar.com\/avatar\/ac5001d2a36cb6c6cd3e50789007ffca834b477b74a2144564522e944eabff61?s=96&d=mm&r=g","url":"https:\/\/secure.gravatar.com\/avatar\/ac5001d2a36cb6c6cd3e50789007ffca834b477b74a2144564522e944eabff61?s=96&d=mm&r=g","contentUrl":"https:\/\/secure.gravatar.com\/avatar\/ac5001d2a36cb6c6cd3e50789007ffca834b477b74a2144564522e944eabff61?s=96&d=mm&r=g","caption":"thomas.berner"},"url":"https:\/\/www.organisator.ch\/de\/author\/thomas-berner\/"}]}},"_links":{"self":[{"href":"https:\/\/www.organisator.ch\/de\/wp-json\/wp\/v2\/posts\/2996","targetHints":{"allow":["GET"]}}],"collection":[{"href":"https:\/\/www.organisator.ch\/de\/wp-json\/wp\/v2\/posts"}],"about":[{"href":"https:\/\/www.organisator.ch\/de\/wp-json\/wp\/v2\/types\/post"}],"author":[{"embeddable":true,"href":"https:\/\/www.organisator.ch\/de\/wp-json\/wp\/v2\/users\/4"}],"replies":[{"embeddable":true,"href":"https:\/\/www.organisator.ch\/de\/wp-json\/wp\/v2\/comments?post=2996"}],"version-history":[{"count":0,"href":"https:\/\/www.organisator.ch\/de\/wp-json\/wp\/v2\/posts\/2996\/revisions"}],"wp:featuredmedia":[{"embeddable":true,"href":"https:\/\/www.organisator.ch\/de\/wp-json\/wp\/v2\/media\/2998"}],"wp:attachment":[{"href":"https:\/\/www.organisator.ch\/de\/wp-json\/wp\/v2\/media?parent=2996"}],"wp:term":[{"taxonomy":"category","embeddable":true,"href":"https:\/\/www.organisator.ch\/de\/wp-json\/wp\/v2\/categories?post=2996"},{"taxonomy":"post_tag","embeddable":true,"href":"https:\/\/www.organisator.ch\/de\/wp-json\/wp\/v2\/tags?post=2996"}],"curies":[{"name":"wp","href":"https:\/\/api.w.org\/{rel}","templated":true}]}}