{"id":29970,"date":"2024-09-20T20:59:56","date_gmt":"2024-09-20T18:59:56","guid":{"rendered":"https:\/\/www.markt-kom.com\/?p=223728"},"modified":"2024-11-08T08:39:24","modified_gmt":"2024-11-08T07:39:24","slug":"andrea-arcidiacono-wird-neuer-bundesratssprecher","status":"publish","type":"post","link":"https:\/\/www.organisator.ch\/de\/marketing\/2024-09-20\/andrea-arcidiacono-wird-neuer-bundesratssprecher\/","title":{"rendered":"Andrea Arcidiacono wird neuer Bundesratssprecher"},"content":{"rendered":"<figure id=\"attachment_223729\" class=\"wp-caption aligncenter\" style=\"width: 1064px\" aria-describedby=\"caption-attachment-223729\"><img class=\"aligncenter wp-image-223729 size-full\" src=\"https:\/\/www.markt-kom.com\/wp-content\/uploads\/2024\/09\/Arcidiacono-SRF.jpg\" alt=\"Arcidiacono neuer Bundesratssprecher 2024\" width=\"1064\" height=\"798\" \/>\r\n<figcaption id=\"caption-attachment-223729\" class=\"wp-caption-text\">Der neue Bundesrattsprecher Arcidiacono wurde am Freitag vorgestellt. (Screenshot: Srf.ch)<\/figcaption>\r\n<\/figure>\r\n<p>Der 58-j\u00e4hrige parteilose Arcidiacono tritt seine Stelle am 1. Oktober an, wie die Bundeskanzlei am Freitag mitteilte. Noch bis Ende September ist er Direktor der Agentur Arcidiacono Consulting Partners, wird aber diesen Posten und seine Stammanteile am Unternehmen abgeben. Er wohnt in Bern.<\/p>\r\n<p>Zur Wahl vorgeschlagen wurde Arcidiacono von Bundeskanzler Viktor Rossi. Der designierte neue Vizekanzler kenne das Bundeshaus, die Bundespolitik und die Aufgaben der Bundeshausmedien, sagte Rossi in Bern vor den Medien. Arcidiacono ist italienischer Muttersprache und spricht Deutsch, Franz\u00f6sisch und Englisch.<\/p>\r\n<h3><strong>\u00abUnterschiedliche Rollen\u00bb<\/strong><\/h3>\r\n<p>Er sei \u00fcberzeugt, dass Arcidiacono f\u00fcr Kontinuit\u00e4t sorge. Am Anfang seiner Karriere sei Arcidiacono Journalist gewesen. Danach habe er f\u00fcr die Bundesverwaltung gearbeitet, f\u00fcr Pr\u00e4senz Schweiz, f\u00fcr Curafutura und f\u00fcr die Universit\u00e4t der italienischsprachigen Schweiz im Tessin sowie das Bundesverwaltungsgericht.<\/p>\r\n<p>Arcidiacono dankte in den vier Landessprachen f\u00fcr die Wahl. Es sei f\u00fcr ihn eine grosse Ehre und Verantwortung, diese wichtige Funktion zu \u00fcbernehmen. \u00abGegenseitiges Vertrauen ist der Ausgangspunkt, um meine spannende und schwierige Aufgabe bestm\u00f6glich auszuf\u00fchren.\u00bb<\/p>\r\n<p>Auf die Zusammenarbeit mit den Medienvertretern freue er sich, versicherte Arcidiacono den Journalist:innen, \u00abauch wenn wir unterschiedliche Rollen wahrnehmen werden\u00bb.<\/p>\r\n<p>In einer ersten Phase seiner T\u00e4tigkeit wolle er f\u00fcr Kontinuit\u00e4t sorgen, sagte er. In einer zweiten Phase wolle er analysieren, wo St\u00e4rken und Schw\u00e4chen l\u00e4gen, und pr\u00fcfen, wo und was wie weiterentwickelt werden k\u00f6nne.<\/p>\r\n<p><\/p>\r\n<h3><strong>\u00abGesamtbundesrat wird Partei sein\u00bb<\/strong><\/h3>\r\n<p>Auf die Frage nach seiner Parteizugeh\u00f6rigkeit sagte Arcidiacono: \u00abIch stehe zu Solidarit\u00e4t, Eigenverantwortung und Chancengleichheit. Meine Partei wird der Gesamtbundesrat sein. Ich geh\u00f6re zu keiner Partei.\u00bb Er habe bereits f\u00fcr Bundesratsmitglieder verschiedener Parteien gearbeitet.<\/p>\r\n<p>Seine Laufbahn begann Arcidiacono im Journalismus. Er arbeitete als Journalist und Bundeshaus-Korrespondent f\u00fcr die Zeitung <em>Corriere del Ticino<\/em> und das Fernsehen der italienischen Schweiz RSI. Von 2007 bis 2009 leitete er die italienischsprachige Redaktion von Swissinfo.<\/p>\r\n<p>Danach sammelte er Erfahrung in der Kommunikation innerhalb und ausserhalb der Bundesverwaltung. Er war stellvertretender Informationschef der Bundesr\u00e4te Ruth Dreifuss und Pascal Couchepin. 2017 und 2018 war er Mediensprecher im Bundesamt f\u00fcr Gesundheit BAG.<\/p>\r\n<p>Bei der Imageagentur Pr\u00e4senz Schweiz des Departements f\u00fcr ausw\u00e4rtige Angelegenheiten EDA leitete er die Programme \u00abGotthard 2016\u00bb, \u00abItalien\/Expo Milano 2015\u00bb und \u00abVerso Expo Milano 2015\u00bb. Zudem war er f\u00fcr die \u00d6ffentlichkeitsarbeit der Universit\u00e0 della Svizzera italiana und f\u00fcr den Krankenkassen-Verband Curafutura zust\u00e4ndig. 2009 bis 2011 war er Kommunikationsverantwortlicher des Bundesverwaltungsgerichts.<\/p>\r\n<h3><strong>Akkordeon, Joggen, Reisen<\/strong><\/h3>\r\n<p>Als Hobbys gibt Arcidiacono Akkordeon-Spielen, Joggen und Reisen an. Sein Vorg\u00e4nger Andr\u00e9 Simonazzi (SP) war im Mai bei einer Wanderung 55-j\u00e4hrig gestorben. Er hatte das Amt 15 Jahre lang ausge\u00fcbt. Bis zum Amtsantritt von Arcidiacono \u00fcbt Simonazzis engste Mitarbeiterin Ursula Eggenberger dessen Funktionen ad interim aus.<\/p>\r\n<p>Sie f\u00fchrt die Sektion Kommunikation in der Bundeskanzlei. Nach dem Amtsantritt des neuen Vizekanzlers wird sie in diese Funktion zur\u00fcckkehren. Die zweite Vizekanzlerstelle besetzt seit dem 1. Juli Rachel Salzmann (Mitte). <em>(SDA\/swi)<\/em><\/p>","protected":false},"excerpt":{"rendered":"<p>Der Tessiner Andrea Arcidiacono wird neuer Vizekanzler und Bundesratssprecher. Der HSG-Betriebswirtschafter, fr\u00fchere Journalist, Kommunikationsverantwortliche und Agenturchef wird Nachfolger des verstorbenen Vizekanzlers Andr\u00e9 Simonazzi.<\/p>\n","protected":false},"author":8,"featured_media":0,"comment_status":"closed","ping_status":"closed","sticky":false,"template":"","format":"standard","meta":{"_acf_changed":false,"_yoast_wpseo_focuskw":"Arcidiacono neuer Bundesratssprecher 2024","_yoast_wpseo_metadesc":"Arcidiacono wird neuer Bundesratssprecher ab 1. Oktober 2024. Er folgt auf den verstorbenen Andr\u00e9 Simonazzi.","articlekey":"","footnotes":""},"categories":[29],"tags":[100,2853,4343],"class_list":["post-29970","post","type-post","status-publish","format-standard","hentry","category-marketing","tag-bundesrat","tag-jobchange","tag-markom"],"acf":[],"yoast_head":"<!-- This site is optimized with the Yoast SEO plugin v27.4 - https:\/\/yoast.com\/product\/yoast-seo-wordpress\/ -->\n<title>Andrea Arcidiacono wird neuer Bundesratssprecher - Organisator<\/title>\n<meta name=\"description\" content=\"Arcidiacono wird neuer Bundesratssprecher ab 1. Oktober 2024. Er folgt auf den verstorbenen Andr\u00e9 Simonazzi.\" \/>\n<meta name=\"robots\" content=\"index, follow, max-snippet:-1, max-image-preview:large, max-video-preview:-1\" \/>\n<link rel=\"canonical\" href=\"https:\/\/www.organisator.ch\/de\/marketing\/2024-09-20\/andrea-arcidiacono-wird-neuer-bundesratssprecher\/\" \/>\n<meta property=\"og:locale\" content=\"de_DE\" \/>\n<meta property=\"og:type\" content=\"article\" \/>\n<meta property=\"og:title\" content=\"Andrea Arcidiacono wird neuer Bundesratssprecher - Organisator\" \/>\n<meta property=\"og:description\" content=\"Arcidiacono wird neuer Bundesratssprecher ab 1. Oktober 2024. Er folgt auf den verstorbenen Andr\u00e9 Simonazzi.\" \/>\n<meta property=\"og:url\" content=\"https:\/\/www.organisator.ch\/de\/marketing\/2024-09-20\/andrea-arcidiacono-wird-neuer-bundesratssprecher\/\" \/>\n<meta property=\"og:site_name\" content=\"Organisator\" \/>\n<meta property=\"article:publisher\" content=\"https:\/\/www.facebook.com\/OrganisatorFachmagazin\" \/>\n<meta property=\"article:published_time\" content=\"2024-09-20T18:59:56+00:00\" \/>\n<meta property=\"article:modified_time\" content=\"2024-11-08T07:39:24+00:00\" \/>\n<meta property=\"og:image\" content=\"https:\/\/www.markt-kom.com\/wp-content\/uploads\/2024\/09\/Arcidiacono-SRF.jpg\" \/>\n<meta name=\"author\" content=\"galledia\" \/>\n<meta name=\"twitter:card\" content=\"summary_large_image\" \/>\n<meta name=\"twitter:creator\" content=\"@admin\" \/>\n<script type=\"application\/ld+json\" class=\"yoast-schema-graph\">{\"@context\":\"https:\\\/\\\/schema.org\",\"@graph\":[{\"@type\":\"Article\",\"@id\":\"https:\\\/\\\/www.organisator.ch\\\/marketing\\\/2024-09-20\\\/andrea-arcidiacono-wird-neuer-bundesratssprecher\\\/#article\",\"isPartOf\":{\"@id\":\"https:\\\/\\\/www.organisator.ch\\\/marketing\\\/2024-09-20\\\/andrea-arcidiacono-wird-neuer-bundesratssprecher\\\/\"},\"author\":{\"name\":\"galledia\",\"@id\":\"https:\\\/\\\/www.organisator.ch\\\/#\\\/schema\\\/person\\\/4e51799071cd2dd1232ac003643ef5f0\"},\"headline\":\"Andrea Arcidiacono wird neuer Bundesratssprecher\",\"datePublished\":\"2024-09-20T18:59:56+00:00\",\"dateModified\":\"2024-11-08T07:39:24+00:00\",\"mainEntityOfPage\":{\"@id\":\"https:\\\/\\\/www.organisator.ch\\\/marketing\\\/2024-09-20\\\/andrea-arcidiacono-wird-neuer-bundesratssprecher\\\/\"},\"wordCount\":501,\"publisher\":{\"@id\":\"https:\\\/\\\/www.organisator.ch\\\/#organization\"},\"image\":{\"@id\":\"https:\\\/\\\/www.organisator.ch\\\/marketing\\\/2024-09-20\\\/andrea-arcidiacono-wird-neuer-bundesratssprecher\\\/#primaryimage\"},\"thumbnailUrl\":\"https:\\\/\\\/www.markt-kom.com\\\/wp-content\\\/uploads\\\/2024\\\/09\\\/Arcidiacono-SRF.jpg\",\"keywords\":[\"Bundesrat\",\"Jobchange\",\"MarKom\"],\"articleSection\":[\"MARKETING\"],\"inLanguage\":\"de\"},{\"@type\":\"WebPage\",\"@id\":\"https:\\\/\\\/www.organisator.ch\\\/marketing\\\/2024-09-20\\\/andrea-arcidiacono-wird-neuer-bundesratssprecher\\\/\",\"url\":\"https:\\\/\\\/www.organisator.ch\\\/marketing\\\/2024-09-20\\\/andrea-arcidiacono-wird-neuer-bundesratssprecher\\\/\",\"name\":\"Andrea Arcidiacono wird neuer Bundesratssprecher - Organisator\",\"isPartOf\":{\"@id\":\"https:\\\/\\\/www.organisator.ch\\\/#website\"},\"primaryImageOfPage\":{\"@id\":\"https:\\\/\\\/www.organisator.ch\\\/marketing\\\/2024-09-20\\\/andrea-arcidiacono-wird-neuer-bundesratssprecher\\\/#primaryimage\"},\"image\":{\"@id\":\"https:\\\/\\\/www.organisator.ch\\\/marketing\\\/2024-09-20\\\/andrea-arcidiacono-wird-neuer-bundesratssprecher\\\/#primaryimage\"},\"thumbnailUrl\":\"https:\\\/\\\/www.markt-kom.com\\\/wp-content\\\/uploads\\\/2024\\\/09\\\/Arcidiacono-SRF.jpg\",\"datePublished\":\"2024-09-20T18:59:56+00:00\",\"dateModified\":\"2024-11-08T07:39:24+00:00\",\"description\":\"Arcidiacono wird neuer Bundesratssprecher ab 1. Oktober 2024. Er folgt auf den verstorbenen Andr\u00e9 Simonazzi.\",\"breadcrumb\":{\"@id\":\"https:\\\/\\\/www.organisator.ch\\\/marketing\\\/2024-09-20\\\/andrea-arcidiacono-wird-neuer-bundesratssprecher\\\/#breadcrumb\"},\"inLanguage\":\"de\",\"potentialAction\":[{\"@type\":\"ReadAction\",\"target\":[\"https:\\\/\\\/www.organisator.ch\\\/marketing\\\/2024-09-20\\\/andrea-arcidiacono-wird-neuer-bundesratssprecher\\\/\"]}]},{\"@type\":\"ImageObject\",\"inLanguage\":\"de\",\"@id\":\"https:\\\/\\\/www.organisator.ch\\\/marketing\\\/2024-09-20\\\/andrea-arcidiacono-wird-neuer-bundesratssprecher\\\/#primaryimage\",\"url\":\"https:\\\/\\\/www.markt-kom.com\\\/wp-content\\\/uploads\\\/2024\\\/09\\\/Arcidiacono-SRF.jpg\",\"contentUrl\":\"https:\\\/\\\/www.markt-kom.com\\\/wp-content\\\/uploads\\\/2024\\\/09\\\/Arcidiacono-SRF.jpg\"},{\"@type\":\"BreadcrumbList\",\"@id\":\"https:\\\/\\\/www.organisator.ch\\\/marketing\\\/2024-09-20\\\/andrea-arcidiacono-wird-neuer-bundesratssprecher\\\/#breadcrumb\",\"itemListElement\":[{\"@type\":\"ListItem\",\"position\":1,\"name\":\"Home\",\"item\":\"https:\\\/\\\/www.organisator.ch\\\/\"},{\"@type\":\"ListItem\",\"position\":2,\"name\":\"Andrea Arcidiacono wird neuer Bundesratssprecher\"}]},{\"@type\":\"WebSite\",\"@id\":\"https:\\\/\\\/www.organisator.ch\\\/#website\",\"url\":\"https:\\\/\\\/www.organisator.ch\\\/\",\"name\":\"Organisator\",\"description\":\"Kompetent. Praxisnah. Der ORGANISATOR bereitet in 10 Ausgaben pro Jahr die wesentlichen Themen f\u00fcr F\u00fchrungskr\u00e4fte von KMU auf.\",\"publisher\":{\"@id\":\"https:\\\/\\\/www.organisator.ch\\\/#organization\"},\"potentialAction\":[{\"@type\":\"SearchAction\",\"target\":{\"@type\":\"EntryPoint\",\"urlTemplate\":\"https:\\\/\\\/www.organisator.ch\\\/?s={search_term_string}\"},\"query-input\":{\"@type\":\"PropertyValueSpecification\",\"valueRequired\":true,\"valueName\":\"search_term_string\"}}],\"inLanguage\":\"de\"},{\"@type\":\"Organization\",\"@id\":\"https:\\\/\\\/www.organisator.ch\\\/#organization\",\"name\":\"Organisator\",\"url\":\"https:\\\/\\\/www.organisator.ch\\\/\",\"logo\":{\"@type\":\"ImageObject\",\"inLanguage\":\"de\",\"@id\":\"https:\\\/\\\/www.organisator.ch\\\/#\\\/schema\\\/logo\\\/image\\\/\",\"url\":\"https:\\\/\\\/www.organisator.ch\\\/wp-content\\\/uploads\\\/2022\\\/01\\\/Logo_Organisator_Website.png\",\"contentUrl\":\"https:\\\/\\\/www.organisator.ch\\\/wp-content\\\/uploads\\\/2022\\\/01\\\/Logo_Organisator_Website.png\",\"width\":800,\"height\":77,\"caption\":\"Organisator\"},\"image\":{\"@id\":\"https:\\\/\\\/www.organisator.ch\\\/#\\\/schema\\\/logo\\\/image\\\/\"},\"sameAs\":[\"https:\\\/\\\/www.facebook.com\\\/OrganisatorFachmagazin\",\"https:\\\/\\\/www.linkedin.com\\\/showcase\\\/organisator-das-magazin-fr-kmu\",\"https:\\\/\\\/www.xing.com\\\/news\\\/pages\\\/organisator-ch-695\",\"https:\\\/\\\/www.youtube.com\\\/channel\\\/UCGP2Sq0iWaZwT3BdIAQFYpw\"]},{\"@type\":\"Person\",\"@id\":\"https:\\\/\\\/www.organisator.ch\\\/#\\\/schema\\\/person\\\/4e51799071cd2dd1232ac003643ef5f0\",\"name\":\"galledia\",\"image\":{\"@type\":\"ImageObject\",\"inLanguage\":\"de\",\"@id\":\"https:\\\/\\\/secure.gravatar.com\\\/avatar\\\/78a7f90c01fc2bfc875782a0d4922b37cde2cf184ce347b91316d23cd7f69a36?s=96&d=mm&r=g\",\"url\":\"https:\\\/\\\/secure.gravatar.com\\\/avatar\\\/78a7f90c01fc2bfc875782a0d4922b37cde2cf184ce347b91316d23cd7f69a36?s=96&d=mm&r=g\",\"contentUrl\":\"https:\\\/\\\/secure.gravatar.com\\\/avatar\\\/78a7f90c01fc2bfc875782a0d4922b37cde2cf184ce347b91316d23cd7f69a36?s=96&d=mm&r=g\",\"caption\":\"galledia\"},\"sameAs\":[\"https:\\\/\\\/x.com\\\/admin\"],\"url\":\"https:\\\/\\\/www.organisator.ch\\\/de\\\/author\\\/galledia\\\/\"}]}<\/script>\n<!-- \/ Yoast SEO plugin. -->","yoast_head_json":{"title":"Andrea Arcidiacono wird neuer Bundesratssprecher - Organisator","description":"Arcidiacono wird neuer Bundesratssprecher ab 1. Oktober 2024. Er folgt auf den verstorbenen Andr\u00e9 Simonazzi.","robots":{"index":"index","follow":"follow","max-snippet":"max-snippet:-1","max-image-preview":"max-image-preview:large","max-video-preview":"max-video-preview:-1"},"canonical":"https:\/\/www.organisator.ch\/de\/marketing\/2024-09-20\/andrea-arcidiacono-wird-neuer-bundesratssprecher\/","og_locale":"de_DE","og_type":"article","og_title":"Andrea Arcidiacono wird neuer Bundesratssprecher - Organisator","og_description":"Arcidiacono wird neuer Bundesratssprecher ab 1. Oktober 2024. Er folgt auf den verstorbenen Andr\u00e9 Simonazzi.","og_url":"https:\/\/www.organisator.ch\/de\/marketing\/2024-09-20\/andrea-arcidiacono-wird-neuer-bundesratssprecher\/","og_site_name":"Organisator","article_publisher":"https:\/\/www.facebook.com\/OrganisatorFachmagazin","article_published_time":"2024-09-20T18:59:56+00:00","article_modified_time":"2024-11-08T07:39:24+00:00","og_image":[{"url":"https:\/\/www.markt-kom.com\/wp-content\/uploads\/2024\/09\/Arcidiacono-SRF.jpg","type":"","width":"","height":""}],"author":"galledia","twitter_card":"summary_large_image","twitter_creator":"@admin","schema":{"@context":"https:\/\/schema.org","@graph":[{"@type":"Article","@id":"https:\/\/www.organisator.ch\/marketing\/2024-09-20\/andrea-arcidiacono-wird-neuer-bundesratssprecher\/#article","isPartOf":{"@id":"https:\/\/www.organisator.ch\/marketing\/2024-09-20\/andrea-arcidiacono-wird-neuer-bundesratssprecher\/"},"author":{"name":"galledia","@id":"https:\/\/www.organisator.ch\/#\/schema\/person\/4e51799071cd2dd1232ac003643ef5f0"},"headline":"Andrea Arcidiacono wird neuer Bundesratssprecher","datePublished":"2024-09-20T18:59:56+00:00","dateModified":"2024-11-08T07:39:24+00:00","mainEntityOfPage":{"@id":"https:\/\/www.organisator.ch\/marketing\/2024-09-20\/andrea-arcidiacono-wird-neuer-bundesratssprecher\/"},"wordCount":501,"publisher":{"@id":"https:\/\/www.organisator.ch\/#organization"},"image":{"@id":"https:\/\/www.organisator.ch\/marketing\/2024-09-20\/andrea-arcidiacono-wird-neuer-bundesratssprecher\/#primaryimage"},"thumbnailUrl":"https:\/\/www.markt-kom.com\/wp-content\/uploads\/2024\/09\/Arcidiacono-SRF.jpg","keywords":["Bundesrat","Jobchange","MarKom"],"articleSection":["MARKETING"],"inLanguage":"de"},{"@type":"WebPage","@id":"https:\/\/www.organisator.ch\/marketing\/2024-09-20\/andrea-arcidiacono-wird-neuer-bundesratssprecher\/","url":"https:\/\/www.organisator.ch\/marketing\/2024-09-20\/andrea-arcidiacono-wird-neuer-bundesratssprecher\/","name":"Andrea Arcidiacono wird neuer Bundesratssprecher - Organisator","isPartOf":{"@id":"https:\/\/www.organisator.ch\/#website"},"primaryImageOfPage":{"@id":"https:\/\/www.organisator.ch\/marketing\/2024-09-20\/andrea-arcidiacono-wird-neuer-bundesratssprecher\/#primaryimage"},"image":{"@id":"https:\/\/www.organisator.ch\/marketing\/2024-09-20\/andrea-arcidiacono-wird-neuer-bundesratssprecher\/#primaryimage"},"thumbnailUrl":"https:\/\/www.markt-kom.com\/wp-content\/uploads\/2024\/09\/Arcidiacono-SRF.jpg","datePublished":"2024-09-20T18:59:56+00:00","dateModified":"2024-11-08T07:39:24+00:00","description":"Arcidiacono wird neuer Bundesratssprecher ab 1. Oktober 2024. Er folgt auf den verstorbenen Andr\u00e9 Simonazzi.","breadcrumb":{"@id":"https:\/\/www.organisator.ch\/marketing\/2024-09-20\/andrea-arcidiacono-wird-neuer-bundesratssprecher\/#breadcrumb"},"inLanguage":"de","potentialAction":[{"@type":"ReadAction","target":["https:\/\/www.organisator.ch\/marketing\/2024-09-20\/andrea-arcidiacono-wird-neuer-bundesratssprecher\/"]}]},{"@type":"ImageObject","inLanguage":"de","@id":"https:\/\/www.organisator.ch\/marketing\/2024-09-20\/andrea-arcidiacono-wird-neuer-bundesratssprecher\/#primaryimage","url":"https:\/\/www.markt-kom.com\/wp-content\/uploads\/2024\/09\/Arcidiacono-SRF.jpg","contentUrl":"https:\/\/www.markt-kom.com\/wp-content\/uploads\/2024\/09\/Arcidiacono-SRF.jpg"},{"@type":"BreadcrumbList","@id":"https:\/\/www.organisator.ch\/marketing\/2024-09-20\/andrea-arcidiacono-wird-neuer-bundesratssprecher\/#breadcrumb","itemListElement":[{"@type":"ListItem","position":1,"name":"Home","item":"https:\/\/www.organisator.ch\/"},{"@type":"ListItem","position":2,"name":"Andrea Arcidiacono wird neuer Bundesratssprecher"}]},{"@type":"WebSite","@id":"https:\/\/www.organisator.ch\/#website","url":"https:\/\/www.organisator.ch\/","name":"Organisator","description":"Kompetent. Praxisnah. Der ORGANISATOR bereitet in 10 Ausgaben pro Jahr die wesentlichen Themen f\u00fcr F\u00fchrungskr\u00e4fte von KMU auf.","publisher":{"@id":"https:\/\/www.organisator.ch\/#organization"},"potentialAction":[{"@type":"SearchAction","target":{"@type":"EntryPoint","urlTemplate":"https:\/\/www.organisator.ch\/?s={search_term_string}"},"query-input":{"@type":"PropertyValueSpecification","valueRequired":true,"valueName":"search_term_string"}}],"inLanguage":"de"},{"@type":"Organization","@id":"https:\/\/www.organisator.ch\/#organization","name":"Organisator","url":"https:\/\/www.organisator.ch\/","logo":{"@type":"ImageObject","inLanguage":"de","@id":"https:\/\/www.organisator.ch\/#\/schema\/logo\/image\/","url":"https:\/\/www.organisator.ch\/wp-content\/uploads\/2022\/01\/Logo_Organisator_Website.png","contentUrl":"https:\/\/www.organisator.ch\/wp-content\/uploads\/2022\/01\/Logo_Organisator_Website.png","width":800,"height":77,"caption":"Organisator"},"image":{"@id":"https:\/\/www.organisator.ch\/#\/schema\/logo\/image\/"},"sameAs":["https:\/\/www.facebook.com\/OrganisatorFachmagazin","https:\/\/www.linkedin.com\/showcase\/organisator-das-magazin-fr-kmu","https:\/\/www.xing.com\/news\/pages\/organisator-ch-695","https:\/\/www.youtube.com\/channel\/UCGP2Sq0iWaZwT3BdIAQFYpw"]},{"@type":"Person","@id":"https:\/\/www.organisator.ch\/#\/schema\/person\/4e51799071cd2dd1232ac003643ef5f0","name":"galledia","image":{"@type":"ImageObject","inLanguage":"de","@id":"https:\/\/secure.gravatar.com\/avatar\/78a7f90c01fc2bfc875782a0d4922b37cde2cf184ce347b91316d23cd7f69a36?s=96&d=mm&r=g","url":"https:\/\/secure.gravatar.com\/avatar\/78a7f90c01fc2bfc875782a0d4922b37cde2cf184ce347b91316d23cd7f69a36?s=96&d=mm&r=g","contentUrl":"https:\/\/secure.gravatar.com\/avatar\/78a7f90c01fc2bfc875782a0d4922b37cde2cf184ce347b91316d23cd7f69a36?s=96&d=mm&r=g","caption":"galledia"},"sameAs":["https:\/\/x.com\/admin"],"url":"https:\/\/www.organisator.ch\/de\/author\/galledia\/"}]}},"_links":{"self":[{"href":"https:\/\/www.organisator.ch\/de\/wp-json\/wp\/v2\/posts\/29970","targetHints":{"allow":["GET"]}}],"collection":[{"href":"https:\/\/www.organisator.ch\/de\/wp-json\/wp\/v2\/posts"}],"about":[{"href":"https:\/\/www.organisator.ch\/de\/wp-json\/wp\/v2\/types\/post"}],"author":[{"embeddable":true,"href":"https:\/\/www.organisator.ch\/de\/wp-json\/wp\/v2\/users\/8"}],"replies":[{"embeddable":true,"href":"https:\/\/www.organisator.ch\/de\/wp-json\/wp\/v2\/comments?post=29970"}],"version-history":[{"count":7,"href":"https:\/\/www.organisator.ch\/de\/wp-json\/wp\/v2\/posts\/29970\/revisions"}],"predecessor-version":[{"id":31902,"href":"https:\/\/www.organisator.ch\/de\/wp-json\/wp\/v2\/posts\/29970\/revisions\/31902"}],"wp:attachment":[{"href":"https:\/\/www.organisator.ch\/de\/wp-json\/wp\/v2\/media?parent=29970"}],"wp:term":[{"taxonomy":"category","embeddable":true,"href":"https:\/\/www.organisator.ch\/de\/wp-json\/wp\/v2\/categories?post=29970"},{"taxonomy":"post_tag","embeddable":true,"href":"https:\/\/www.organisator.ch\/de\/wp-json\/wp\/v2\/tags?post=29970"}],"curies":[{"name":"wp","href":"https:\/\/api.w.org\/{rel}","templated":true}]}}