{"id":30069,"date":"2024-09-25T08:57:14","date_gmt":"2024-09-25T06:57:14","guid":{"rendered":"https:\/\/www.m-q.ch\/?p=20354"},"modified":"2024-11-08T07:56:21","modified_gmt":"2024-11-08T06:56:21","slug":"european-carton-excellence-award-2024-pawi-raeumt-doppelt-ab","status":"publish","type":"post","link":"https:\/\/www.organisator.ch\/de\/sustainability\/2024-09-25\/european-carton-excellence-award-2024-pawi-raeumt-doppelt-ab\/","title":{"rendered":"European Carton Excellence Award 2024: Pawi r\u00e4umt doppelt ab"},"content":{"rendered":"<figure id=\"attachment_20356\" class=\"wp-caption alignnone\" style=\"width: 680px\" aria-describedby=\"caption-attachment-20356\"><img class=\"alignnone wp-image-20356 size-full\" src=\"https:\/\/www.m-q.ch\/wp-content\/uploads\/2024\/09\/Pawi_Samarite_Bild1_ps.jpg\" alt=\"European Carton Excellence Award 2024\" width=\"680\" height=\"518\" \/>\r\n<figcaption id=\"caption-attachment-20356\" class=\"wp-caption-text\">Pawi gewinnt zwei Auszeichnungen beim European Carton Excellence Award 2024. (Bild: www.pawi.com)<\/figcaption>\r\n<\/figure>\r\n<p>Die pr\u00e4mierte Verpackung f\u00fcr Medela AG steht exemplarisch f\u00fcr die nachhaltige Ausrichtung der Verpackungsindustrie: Sie wurde speziell f\u00fcr Flaschen und Sauger entwickelt und verzichtet vollst\u00e4ndig auf Kunststoff. Neben ihren \u00f6kologischen Vorteilen \u00fcberzeugt die Verpackung durch ein durchdachtes Design: Der clevere Automatikboden erm\u00f6glicht ein schnelles Aufrichten, w\u00e4hrend die flache Anlieferung Transportkosten optimiert. Mit Funktionen wie einem Eurolochh\u00e4nger und einer einsetzbaren Einlage f\u00fcr unterschiedliche Flaschengr\u00f6ssen ist die Verpackung zudem besonders benutzerfreundlich.<\/p>\r\n<p>Die Verpackungen der Samarit\u00e9-Pflegelinie von Zeme Pharm, die in der Kategorie \u00abAllgemeine Verpackungen \u2013 Frischfasern\u00bb pr\u00e4miert wurden, bestechen durch ihre Kombination aus Eleganz und Funktionalit\u00e4t: Gefertigt aus hochweissem, auf beiden Seiten beschichtetem und bedrucktem Karton, bietet sie durch die Anwendung eines Soft-Touch-Lacks eine angenehme Haptik. Feine goldene Akzente, die im Heisspr\u00e4gedruckverfahren aufgebracht wurden, verleihen den Verpackungen eine exklusive und edle Anmutung.<\/p>\r\n<p>\u00abDie Auszeichnung in beiden Kategorien ist eine grosse Ehre f\u00fcr uns und best\u00e4tigt, dass unsere nachhaltigen und hochwertigen Verpackungsl\u00f6sungen den Nerv der Zeit treffen\u00bb, sagt Artur Szor, Gesch\u00e4ftsf\u00fchrer von Pawi Packaging Poland Sp. z o.o.<\/p>\r\n<p>Der European Carton Excellence Award, organisiert von Pro Carton und der European Carton Makers Association (ECMA), z\u00e4hlt zu den renommiertesten Auszeichnungen in der Verpackungsindustrie. Die Preisverleihung fand am 19. September 2024 im Rahmen einer feierlichen Gala in Berlin, Deutschland, statt.<\/p>\r\n<p><em>Quelle: <a href=\"http:\/\/www.pawi.com\/\">www.pawi.com<\/a> \u00a0\u00a0\u00a0\u00a0\u00a0\u00a0\u00a0\u00a0\u00a0<\/em>\u00a0\u00a0\u00a0\u00a0\u00a0\u00a0\u00a0\u00a0\u00a0\u00a0<\/p>\n<p class=\"syndicated-attribution\">Dieser Beitrag erschien urspr\u00fcnglich auf m-q.ch - <a href=\"https:\/\/www.m-q.ch\/de\/european-carton-excellence-award-2024-pawi-raeumt-doppelt-ab\/\" target=\"_blank\">https:\/\/www.m-q.ch\/de\/european-carton-excellence-award-2024-pawi-raeumt-doppelt-ab\/<\/a><\/p>","protected":false},"excerpt":{"rendered":"<p>Pawi Packaging Deutschland GmbH und Pawi Packaging Poland Sp. z o.o., beide Tochtergesellschaften der in der Schweiz ans\u00e4ssigen Pawi Group AG, wurden beim European Carton Excellence Award 2024 in gleich zwei Kategorien pr\u00e4miert: In der Kategorie \u00abNachhaltigkeit\u00bb \u00fcberzeugte die Verpackungsl\u00f6sung f\u00fcr Medela AG, w\u00e4hrend die Verpackungen der Samarit\u00e9-Pflegelinie in der Kategorie \u00abAllgemeine Verpackungen \u2013 Frischfasern\u00bb ausgezeichnet wurden.<\/p>\n","protected":false},"author":58,"featured_media":0,"comment_status":"closed","ping_status":"closed","sticky":false,"template":"","format":"standard","meta":{"_acf_changed":false,"_yoast_wpseo_focuskw":"European Carton Excellence Award 2024","_yoast_wpseo_metadesc":"Pawi gewinnt zwei Auszeichnungen beim European Carton Excellence Award 2024 f\u00fcr nachhaltige und innovative Verpackungen.","articlekey":"","footnotes":""},"categories":[580],"tags":[743,66,4534,605,492],"class_list":["post-30069","post","type-post","status-publish","format-standard","hentry","category-sustainability","tag-auszeichnung","tag-awards","tag-pawi","tag-qualitaetsmanagement","tag-unternehmen"],"acf":[],"yoast_head":"<!-- This site is optimized with the Yoast SEO plugin v27.4 - https:\/\/yoast.com\/product\/yoast-seo-wordpress\/ -->\n<title>European Carton Excellence Award 2024: Pawi r\u00e4umt doppelt ab - Organisator<\/title>\n<meta name=\"description\" content=\"Pawi gewinnt zwei Auszeichnungen beim European Carton Excellence Award 2024 f\u00fcr nachhaltige und innovative Verpackungen.\" \/>\n<meta name=\"robots\" content=\"index, follow, max-snippet:-1, max-image-preview:large, max-video-preview:-1\" \/>\n<link rel=\"canonical\" href=\"https:\/\/www.organisator.ch\/de\/sustainability\/2024-09-25\/european-carton-excellence-award-2024-pawi-raeumt-doppelt-ab\/\" \/>\n<meta property=\"og:locale\" content=\"de_DE\" \/>\n<meta property=\"og:type\" content=\"article\" \/>\n<meta property=\"og:title\" content=\"European Carton Excellence Award 2024: Pawi r\u00e4umt doppelt ab - Organisator\" \/>\n<meta property=\"og:description\" content=\"Pawi gewinnt zwei Auszeichnungen beim European Carton Excellence Award 2024 f\u00fcr nachhaltige und innovative Verpackungen.\" \/>\n<meta property=\"og:url\" content=\"https:\/\/www.organisator.ch\/de\/sustainability\/2024-09-25\/european-carton-excellence-award-2024-pawi-raeumt-doppelt-ab\/\" \/>\n<meta property=\"og:site_name\" content=\"Organisator\" \/>\n<meta property=\"article:publisher\" content=\"https:\/\/www.facebook.com\/OrganisatorFachmagazin\" \/>\n<meta property=\"article:published_time\" content=\"2024-09-25T06:57:14+00:00\" \/>\n<meta property=\"article:modified_time\" content=\"2024-11-08T06:56:21+00:00\" \/>\n<meta property=\"og:image\" content=\"https:\/\/www.m-q.ch\/wp-content\/uploads\/2024\/09\/Pawi_Samarite_Bild1_ps.jpg\" \/>\n<meta name=\"author\" content=\"Adelisa Kalajdzini\" \/>\n<meta name=\"twitter:card\" content=\"summary_large_image\" \/>\n<script type=\"application\/ld+json\" class=\"yoast-schema-graph\">{\"@context\":\"https:\\\/\\\/schema.org\",\"@graph\":[{\"@type\":\"Article\",\"@id\":\"https:\\\/\\\/www.organisator.ch\\\/sustainability\\\/2024-09-25\\\/european-carton-excellence-award-2024-pawi-raeumt-doppelt-ab\\\/#article\",\"isPartOf\":{\"@id\":\"https:\\\/\\\/www.organisator.ch\\\/sustainability\\\/2024-09-25\\\/european-carton-excellence-award-2024-pawi-raeumt-doppelt-ab\\\/\"},\"author\":{\"name\":\"Adelisa Kalajdzini\",\"@id\":\"https:\\\/\\\/www.organisator.ch\\\/#\\\/schema\\\/person\\\/2e1314a2172123f874db408d8911d3f3\"},\"headline\":\"European Carton Excellence Award 2024: Pawi r\u00e4umt doppelt ab\",\"datePublished\":\"2024-09-25T06:57:14+00:00\",\"dateModified\":\"2024-11-08T06:56:21+00:00\",\"mainEntityOfPage\":{\"@id\":\"https:\\\/\\\/www.organisator.ch\\\/sustainability\\\/2024-09-25\\\/european-carton-excellence-award-2024-pawi-raeumt-doppelt-ab\\\/\"},\"wordCount\":249,\"publisher\":{\"@id\":\"https:\\\/\\\/www.organisator.ch\\\/#organization\"},\"image\":{\"@id\":\"https:\\\/\\\/www.organisator.ch\\\/sustainability\\\/2024-09-25\\\/european-carton-excellence-award-2024-pawi-raeumt-doppelt-ab\\\/#primaryimage\"},\"thumbnailUrl\":\"https:\\\/\\\/www.m-q.ch\\\/wp-content\\\/uploads\\\/2024\\\/09\\\/Pawi_Samarite_Bild1_ps.jpg\",\"keywords\":[\"Auszeichnung\",\"Awards\",\"Pawi\",\"Qualit\u00e4tsmanagement\",\"Unternehmen\"],\"articleSection\":[\"SUSTAINABILITY\"],\"inLanguage\":\"de\"},{\"@type\":\"WebPage\",\"@id\":\"https:\\\/\\\/www.organisator.ch\\\/sustainability\\\/2024-09-25\\\/european-carton-excellence-award-2024-pawi-raeumt-doppelt-ab\\\/\",\"url\":\"https:\\\/\\\/www.organisator.ch\\\/sustainability\\\/2024-09-25\\\/european-carton-excellence-award-2024-pawi-raeumt-doppelt-ab\\\/\",\"name\":\"European Carton Excellence Award 2024: Pawi r\u00e4umt doppelt ab - Organisator\",\"isPartOf\":{\"@id\":\"https:\\\/\\\/www.organisator.ch\\\/#website\"},\"primaryImageOfPage\":{\"@id\":\"https:\\\/\\\/www.organisator.ch\\\/sustainability\\\/2024-09-25\\\/european-carton-excellence-award-2024-pawi-raeumt-doppelt-ab\\\/#primaryimage\"},\"image\":{\"@id\":\"https:\\\/\\\/www.organisator.ch\\\/sustainability\\\/2024-09-25\\\/european-carton-excellence-award-2024-pawi-raeumt-doppelt-ab\\\/#primaryimage\"},\"thumbnailUrl\":\"https:\\\/\\\/www.m-q.ch\\\/wp-content\\\/uploads\\\/2024\\\/09\\\/Pawi_Samarite_Bild1_ps.jpg\",\"datePublished\":\"2024-09-25T06:57:14+00:00\",\"dateModified\":\"2024-11-08T06:56:21+00:00\",\"description\":\"Pawi gewinnt zwei Auszeichnungen beim European Carton Excellence Award 2024 f\u00fcr nachhaltige und innovative Verpackungen.\",\"breadcrumb\":{\"@id\":\"https:\\\/\\\/www.organisator.ch\\\/sustainability\\\/2024-09-25\\\/european-carton-excellence-award-2024-pawi-raeumt-doppelt-ab\\\/#breadcrumb\"},\"inLanguage\":\"de\",\"potentialAction\":[{\"@type\":\"ReadAction\",\"target\":[\"https:\\\/\\\/www.organisator.ch\\\/sustainability\\\/2024-09-25\\\/european-carton-excellence-award-2024-pawi-raeumt-doppelt-ab\\\/\"]}]},{\"@type\":\"ImageObject\",\"inLanguage\":\"de\",\"@id\":\"https:\\\/\\\/www.organisator.ch\\\/sustainability\\\/2024-09-25\\\/european-carton-excellence-award-2024-pawi-raeumt-doppelt-ab\\\/#primaryimage\",\"url\":\"https:\\\/\\\/www.m-q.ch\\\/wp-content\\\/uploads\\\/2024\\\/09\\\/Pawi_Samarite_Bild1_ps.jpg\",\"contentUrl\":\"https:\\\/\\\/www.m-q.ch\\\/wp-content\\\/uploads\\\/2024\\\/09\\\/Pawi_Samarite_Bild1_ps.jpg\"},{\"@type\":\"BreadcrumbList\",\"@id\":\"https:\\\/\\\/www.organisator.ch\\\/sustainability\\\/2024-09-25\\\/european-carton-excellence-award-2024-pawi-raeumt-doppelt-ab\\\/#breadcrumb\",\"itemListElement\":[{\"@type\":\"ListItem\",\"position\":1,\"name\":\"Home\",\"item\":\"https:\\\/\\\/www.organisator.ch\\\/\"},{\"@type\":\"ListItem\",\"position\":2,\"name\":\"European Carton Excellence Award 2024: Pawi r\u00e4umt doppelt ab\"}]},{\"@type\":\"WebSite\",\"@id\":\"https:\\\/\\\/www.organisator.ch\\\/#website\",\"url\":\"https:\\\/\\\/www.organisator.ch\\\/\",\"name\":\"Organisator\",\"description\":\"Kompetent. Praxisnah. Der ORGANISATOR bereitet in 10 Ausgaben pro Jahr die wesentlichen Themen f\u00fcr F\u00fchrungskr\u00e4fte von KMU auf.\",\"publisher\":{\"@id\":\"https:\\\/\\\/www.organisator.ch\\\/#organization\"},\"potentialAction\":[{\"@type\":\"SearchAction\",\"target\":{\"@type\":\"EntryPoint\",\"urlTemplate\":\"https:\\\/\\\/www.organisator.ch\\\/?s={search_term_string}\"},\"query-input\":{\"@type\":\"PropertyValueSpecification\",\"valueRequired\":true,\"valueName\":\"search_term_string\"}}],\"inLanguage\":\"de\"},{\"@type\":\"Organization\",\"@id\":\"https:\\\/\\\/www.organisator.ch\\\/#organization\",\"name\":\"Organisator\",\"url\":\"https:\\\/\\\/www.organisator.ch\\\/\",\"logo\":{\"@type\":\"ImageObject\",\"inLanguage\":\"de\",\"@id\":\"https:\\\/\\\/www.organisator.ch\\\/#\\\/schema\\\/logo\\\/image\\\/\",\"url\":\"https:\\\/\\\/www.organisator.ch\\\/wp-content\\\/uploads\\\/2022\\\/01\\\/Logo_Organisator_Website.png\",\"contentUrl\":\"https:\\\/\\\/www.organisator.ch\\\/wp-content\\\/uploads\\\/2022\\\/01\\\/Logo_Organisator_Website.png\",\"width\":800,\"height\":77,\"caption\":\"Organisator\"},\"image\":{\"@id\":\"https:\\\/\\\/www.organisator.ch\\\/#\\\/schema\\\/logo\\\/image\\\/\"},\"sameAs\":[\"https:\\\/\\\/www.facebook.com\\\/OrganisatorFachmagazin\",\"https:\\\/\\\/www.linkedin.com\\\/showcase\\\/organisator-das-magazin-fr-kmu\",\"https:\\\/\\\/www.xing.com\\\/news\\\/pages\\\/organisator-ch-695\",\"https:\\\/\\\/www.youtube.com\\\/channel\\\/UCGP2Sq0iWaZwT3BdIAQFYpw\"]},{\"@type\":\"Person\",\"@id\":\"https:\\\/\\\/www.organisator.ch\\\/#\\\/schema\\\/person\\\/2e1314a2172123f874db408d8911d3f3\",\"name\":\"Adelisa Kalajdzini\",\"image\":{\"@type\":\"ImageObject\",\"inLanguage\":\"de\",\"@id\":\"https:\\\/\\\/secure.gravatar.com\\\/avatar\\\/09a397c22ac58cad6f160ee8306348599df9df58a8ede73696226897b9fa4b24?s=96&d=mm&r=g\",\"url\":\"https:\\\/\\\/secure.gravatar.com\\\/avatar\\\/09a397c22ac58cad6f160ee8306348599df9df58a8ede73696226897b9fa4b24?s=96&d=mm&r=g\",\"contentUrl\":\"https:\\\/\\\/secure.gravatar.com\\\/avatar\\\/09a397c22ac58cad6f160ee8306348599df9df58a8ede73696226897b9fa4b24?s=96&d=mm&r=g\",\"caption\":\"Adelisa Kalajdzini\"},\"url\":\"https:\\\/\\\/www.organisator.ch\\\/de\\\/author\\\/adelisa-kalajdzini\\\/\"}]}<\/script>\n<!-- \/ Yoast SEO plugin. -->","yoast_head_json":{"title":"European Carton Excellence Award 2024: Pawi r\u00e4umt doppelt ab - Organisator","description":"Pawi gewinnt zwei Auszeichnungen beim European Carton Excellence Award 2024 f\u00fcr nachhaltige und innovative Verpackungen.","robots":{"index":"index","follow":"follow","max-snippet":"max-snippet:-1","max-image-preview":"max-image-preview:large","max-video-preview":"max-video-preview:-1"},"canonical":"https:\/\/www.organisator.ch\/de\/sustainability\/2024-09-25\/european-carton-excellence-award-2024-pawi-raeumt-doppelt-ab\/","og_locale":"de_DE","og_type":"article","og_title":"European Carton Excellence Award 2024: Pawi r\u00e4umt doppelt ab - Organisator","og_description":"Pawi gewinnt zwei Auszeichnungen beim European Carton Excellence Award 2024 f\u00fcr nachhaltige und innovative Verpackungen.","og_url":"https:\/\/www.organisator.ch\/de\/sustainability\/2024-09-25\/european-carton-excellence-award-2024-pawi-raeumt-doppelt-ab\/","og_site_name":"Organisator","article_publisher":"https:\/\/www.facebook.com\/OrganisatorFachmagazin","article_published_time":"2024-09-25T06:57:14+00:00","article_modified_time":"2024-11-08T06:56:21+00:00","og_image":[{"url":"https:\/\/www.m-q.ch\/wp-content\/uploads\/2024\/09\/Pawi_Samarite_Bild1_ps.jpg","type":"","width":"","height":""}],"author":"Adelisa Kalajdzini","twitter_card":"summary_large_image","schema":{"@context":"https:\/\/schema.org","@graph":[{"@type":"Article","@id":"https:\/\/www.organisator.ch\/sustainability\/2024-09-25\/european-carton-excellence-award-2024-pawi-raeumt-doppelt-ab\/#article","isPartOf":{"@id":"https:\/\/www.organisator.ch\/sustainability\/2024-09-25\/european-carton-excellence-award-2024-pawi-raeumt-doppelt-ab\/"},"author":{"name":"Adelisa Kalajdzini","@id":"https:\/\/www.organisator.ch\/#\/schema\/person\/2e1314a2172123f874db408d8911d3f3"},"headline":"European Carton Excellence Award 2024: Pawi r\u00e4umt doppelt ab","datePublished":"2024-09-25T06:57:14+00:00","dateModified":"2024-11-08T06:56:21+00:00","mainEntityOfPage":{"@id":"https:\/\/www.organisator.ch\/sustainability\/2024-09-25\/european-carton-excellence-award-2024-pawi-raeumt-doppelt-ab\/"},"wordCount":249,"publisher":{"@id":"https:\/\/www.organisator.ch\/#organization"},"image":{"@id":"https:\/\/www.organisator.ch\/sustainability\/2024-09-25\/european-carton-excellence-award-2024-pawi-raeumt-doppelt-ab\/#primaryimage"},"thumbnailUrl":"https:\/\/www.m-q.ch\/wp-content\/uploads\/2024\/09\/Pawi_Samarite_Bild1_ps.jpg","keywords":["Auszeichnung","Awards","Pawi","Qualit\u00e4tsmanagement","Unternehmen"],"articleSection":["SUSTAINABILITY"],"inLanguage":"de"},{"@type":"WebPage","@id":"https:\/\/www.organisator.ch\/sustainability\/2024-09-25\/european-carton-excellence-award-2024-pawi-raeumt-doppelt-ab\/","url":"https:\/\/www.organisator.ch\/sustainability\/2024-09-25\/european-carton-excellence-award-2024-pawi-raeumt-doppelt-ab\/","name":"European Carton Excellence Award 2024: Pawi r\u00e4umt doppelt ab - Organisator","isPartOf":{"@id":"https:\/\/www.organisator.ch\/#website"},"primaryImageOfPage":{"@id":"https:\/\/www.organisator.ch\/sustainability\/2024-09-25\/european-carton-excellence-award-2024-pawi-raeumt-doppelt-ab\/#primaryimage"},"image":{"@id":"https:\/\/www.organisator.ch\/sustainability\/2024-09-25\/european-carton-excellence-award-2024-pawi-raeumt-doppelt-ab\/#primaryimage"},"thumbnailUrl":"https:\/\/www.m-q.ch\/wp-content\/uploads\/2024\/09\/Pawi_Samarite_Bild1_ps.jpg","datePublished":"2024-09-25T06:57:14+00:00","dateModified":"2024-11-08T06:56:21+00:00","description":"Pawi gewinnt zwei Auszeichnungen beim European Carton Excellence Award 2024 f\u00fcr nachhaltige und innovative Verpackungen.","breadcrumb":{"@id":"https:\/\/www.organisator.ch\/sustainability\/2024-09-25\/european-carton-excellence-award-2024-pawi-raeumt-doppelt-ab\/#breadcrumb"},"inLanguage":"de","potentialAction":[{"@type":"ReadAction","target":["https:\/\/www.organisator.ch\/sustainability\/2024-09-25\/european-carton-excellence-award-2024-pawi-raeumt-doppelt-ab\/"]}]},{"@type":"ImageObject","inLanguage":"de","@id":"https:\/\/www.organisator.ch\/sustainability\/2024-09-25\/european-carton-excellence-award-2024-pawi-raeumt-doppelt-ab\/#primaryimage","url":"https:\/\/www.m-q.ch\/wp-content\/uploads\/2024\/09\/Pawi_Samarite_Bild1_ps.jpg","contentUrl":"https:\/\/www.m-q.ch\/wp-content\/uploads\/2024\/09\/Pawi_Samarite_Bild1_ps.jpg"},{"@type":"BreadcrumbList","@id":"https:\/\/www.organisator.ch\/sustainability\/2024-09-25\/european-carton-excellence-award-2024-pawi-raeumt-doppelt-ab\/#breadcrumb","itemListElement":[{"@type":"ListItem","position":1,"name":"Home","item":"https:\/\/www.organisator.ch\/"},{"@type":"ListItem","position":2,"name":"European Carton Excellence Award 2024: Pawi r\u00e4umt doppelt ab"}]},{"@type":"WebSite","@id":"https:\/\/www.organisator.ch\/#website","url":"https:\/\/www.organisator.ch\/","name":"Organisator","description":"Kompetent. Praxisnah. Der ORGANISATOR bereitet in 10 Ausgaben pro Jahr die wesentlichen Themen f\u00fcr F\u00fchrungskr\u00e4fte von KMU auf.","publisher":{"@id":"https:\/\/www.organisator.ch\/#organization"},"potentialAction":[{"@type":"SearchAction","target":{"@type":"EntryPoint","urlTemplate":"https:\/\/www.organisator.ch\/?s={search_term_string}"},"query-input":{"@type":"PropertyValueSpecification","valueRequired":true,"valueName":"search_term_string"}}],"inLanguage":"de"},{"@type":"Organization","@id":"https:\/\/www.organisator.ch\/#organization","name":"Organisator","url":"https:\/\/www.organisator.ch\/","logo":{"@type":"ImageObject","inLanguage":"de","@id":"https:\/\/www.organisator.ch\/#\/schema\/logo\/image\/","url":"https:\/\/www.organisator.ch\/wp-content\/uploads\/2022\/01\/Logo_Organisator_Website.png","contentUrl":"https:\/\/www.organisator.ch\/wp-content\/uploads\/2022\/01\/Logo_Organisator_Website.png","width":800,"height":77,"caption":"Organisator"},"image":{"@id":"https:\/\/www.organisator.ch\/#\/schema\/logo\/image\/"},"sameAs":["https:\/\/www.facebook.com\/OrganisatorFachmagazin","https:\/\/www.linkedin.com\/showcase\/organisator-das-magazin-fr-kmu","https:\/\/www.xing.com\/news\/pages\/organisator-ch-695","https:\/\/www.youtube.com\/channel\/UCGP2Sq0iWaZwT3BdIAQFYpw"]},{"@type":"Person","@id":"https:\/\/www.organisator.ch\/#\/schema\/person\/2e1314a2172123f874db408d8911d3f3","name":"Adelisa Kalajdzini","image":{"@type":"ImageObject","inLanguage":"de","@id":"https:\/\/secure.gravatar.com\/avatar\/09a397c22ac58cad6f160ee8306348599df9df58a8ede73696226897b9fa4b24?s=96&d=mm&r=g","url":"https:\/\/secure.gravatar.com\/avatar\/09a397c22ac58cad6f160ee8306348599df9df58a8ede73696226897b9fa4b24?s=96&d=mm&r=g","contentUrl":"https:\/\/secure.gravatar.com\/avatar\/09a397c22ac58cad6f160ee8306348599df9df58a8ede73696226897b9fa4b24?s=96&d=mm&r=g","caption":"Adelisa Kalajdzini"},"url":"https:\/\/www.organisator.ch\/de\/author\/adelisa-kalajdzini\/"}]}},"_links":{"self":[{"href":"https:\/\/www.organisator.ch\/de\/wp-json\/wp\/v2\/posts\/30069","targetHints":{"allow":["GET"]}}],"collection":[{"href":"https:\/\/www.organisator.ch\/de\/wp-json\/wp\/v2\/posts"}],"about":[{"href":"https:\/\/www.organisator.ch\/de\/wp-json\/wp\/v2\/types\/post"}],"author":[{"embeddable":true,"href":"https:\/\/www.organisator.ch\/de\/wp-json\/wp\/v2\/users\/58"}],"replies":[{"embeddable":true,"href":"https:\/\/www.organisator.ch\/de\/wp-json\/wp\/v2\/comments?post=30069"}],"version-history":[{"count":7,"href":"https:\/\/www.organisator.ch\/de\/wp-json\/wp\/v2\/posts\/30069\/revisions"}],"predecessor-version":[{"id":31884,"href":"https:\/\/www.organisator.ch\/de\/wp-json\/wp\/v2\/posts\/30069\/revisions\/31884"}],"wp:attachment":[{"href":"https:\/\/www.organisator.ch\/de\/wp-json\/wp\/v2\/media?parent=30069"}],"wp:term":[{"taxonomy":"category","embeddable":true,"href":"https:\/\/www.organisator.ch\/de\/wp-json\/wp\/v2\/categories?post=30069"},{"taxonomy":"post_tag","embeddable":true,"href":"https:\/\/www.organisator.ch\/de\/wp-json\/wp\/v2\/tags?post=30069"}],"curies":[{"name":"wp","href":"https:\/\/api.w.org\/{rel}","templated":true}]}}