{"id":30100,"date":"2024-09-25T17:11:55","date_gmt":"2024-09-25T15:11:55","guid":{"rendered":"https:\/\/www.markt-kom.com\/?p=223962"},"modified":"2024-11-08T07:47:23","modified_gmt":"2024-11-08T06:47:23","slug":"havas-media-betreut-weiterhin-perfetti-van-melle","status":"publish","type":"post","link":"https:\/\/www.organisator.ch\/de\/marketing\/2024-09-25\/havas-media-betreut-weiterhin-perfetti-van-melle\/","title":{"rendered":"Havas Media betreut weiterhin Perfetti van Melle"},"content":{"rendered":"<p><img class=\"aligncenter wp-image-223963 size-full\" src=\"https:\/\/www.markt-kom.com\/wp-content\/uploads\/2024\/09\/Havas-Logo.jpg\" alt=\"Havas Media Perfetti\" width=\"1200\" height=\"900\" \/><\/p>\r\n<p>Die Agentur sieht den erneuten Etatgewinn als Best\u00e4tigung ihrer innovativen Ans\u00e4tze im Bereich des Total-Video-Planning: \u00abUnser agentureigenes Tool, der Meaningful-Reach-Calculator, der eine umfassende und zielgerichtete Video-Strategie erm\u00f6glicht, hat den Kunden \u00fcberzeugt. Wir sind stolz darauf, weiterhin mit Perfetti van Melle zusammenzuarbeiten und deren Markenauftritt in der digitalen und klassischen Medienlandschaft weiter zu st\u00e4rken\u00bb, wird Samia Montaque, Managing Director von Havas Media, in einer Mitteilung zitiert.<\/p>\r\n<p>Die Konzepte von Havas Play, die speziell zur Aktivierung von Fans entwickelt wurden, h\u00e4tten massgeblich dazu beigetragen, dass Perfetti van Melle sich erneut f\u00fcr die Zusammenarbeit mit der Agentur entschied. \u00abWir beziehen den Kunden stets in unsere \u00dcberlegungen ein und integrieren alle relevanten Aspekte in unsere strategische Planung. Es freut uns, dass wir Perfetti van Melle mit unseren \u00dcberlegungen, die \u00fcber den reinen Medienrahmen hinausgehen, \u00fcberzeugen konnten und freuen uns auf die weiterhin erfolgreiche Zusammenarbeit\u00bb, so Yvonne Hefti, Client Service Director bei Havas.<\/p>","protected":false},"excerpt":{"rendered":"<p>Die Mediaagentur Havas hat den Pitch um den Media-Etat von Perfetti van Melle f\u00fcr sich entschieden und konnte damit den seit 2022 betreuten Etat erfolgreich verteidigen.<\/p>\n","protected":false},"author":8,"featured_media":0,"comment_status":"closed","ping_status":"closed","sticky":false,"template":"","format":"standard","meta":{"_acf_changed":false,"_yoast_wpseo_focuskw":"Havas Media Perfetti","_yoast_wpseo_metadesc":"Havas Media und Perfetti van Melle setzen auf innovative Video-Strategien und verl\u00e4ngern ihre erfolgreiche Zusammenarbeit.","articlekey":"","footnotes":""},"categories":[29],"tags":[2855,3356],"class_list":["post-30100","post","type-post","status-publish","format-standard","hentry","category-marketing","tag-etats","tag-havas-media"],"acf":[],"yoast_head":"<!-- This site is optimized with the Yoast SEO plugin v27.4 - https:\/\/yoast.com\/product\/yoast-seo-wordpress\/ -->\n<title>Havas Media betreut weiterhin Perfetti van Melle - Organisator<\/title>\n<meta name=\"description\" content=\"Havas Media und Perfetti van Melle setzen auf innovative Video-Strategien und verl\u00e4ngern ihre erfolgreiche Zusammenarbeit.\" \/>\n<meta name=\"robots\" content=\"index, follow, max-snippet:-1, max-image-preview:large, max-video-preview:-1\" \/>\n<link rel=\"canonical\" href=\"https:\/\/www.organisator.ch\/de\/marketing\/2024-09-25\/havas-media-betreut-weiterhin-perfetti-van-melle\/\" \/>\n<meta property=\"og:locale\" content=\"de_DE\" \/>\n<meta property=\"og:type\" content=\"article\" \/>\n<meta property=\"og:title\" content=\"Havas Media betreut weiterhin Perfetti van Melle - Organisator\" \/>\n<meta property=\"og:description\" content=\"Havas Media und Perfetti van Melle setzen auf innovative Video-Strategien und verl\u00e4ngern ihre erfolgreiche Zusammenarbeit.\" \/>\n<meta property=\"og:url\" content=\"https:\/\/www.organisator.ch\/de\/marketing\/2024-09-25\/havas-media-betreut-weiterhin-perfetti-van-melle\/\" \/>\n<meta property=\"og:site_name\" content=\"Organisator\" \/>\n<meta property=\"article:publisher\" content=\"https:\/\/www.facebook.com\/OrganisatorFachmagazin\" \/>\n<meta property=\"article:published_time\" content=\"2024-09-25T15:11:55+00:00\" \/>\n<meta property=\"article:modified_time\" content=\"2024-11-08T06:47:23+00:00\" \/>\n<meta property=\"og:image\" content=\"https:\/\/www.markt-kom.com\/wp-content\/uploads\/2024\/09\/Havas-Logo.jpg\" \/>\n<meta name=\"author\" content=\"galledia\" \/>\n<meta name=\"twitter:card\" content=\"summary_large_image\" \/>\n<meta name=\"twitter:creator\" content=\"@admin\" \/>\n<script type=\"application\/ld+json\" class=\"yoast-schema-graph\">{\"@context\":\"https:\\\/\\\/schema.org\",\"@graph\":[{\"@type\":\"Article\",\"@id\":\"https:\\\/\\\/www.organisator.ch\\\/marketing\\\/2024-09-25\\\/havas-media-betreut-weiterhin-perfetti-van-melle\\\/#article\",\"isPartOf\":{\"@id\":\"https:\\\/\\\/www.organisator.ch\\\/marketing\\\/2024-09-25\\\/havas-media-betreut-weiterhin-perfetti-van-melle\\\/\"},\"author\":{\"name\":\"galledia\",\"@id\":\"https:\\\/\\\/www.organisator.ch\\\/#\\\/schema\\\/person\\\/4e51799071cd2dd1232ac003643ef5f0\"},\"headline\":\"Havas Media betreut weiterhin Perfetti van Melle\",\"datePublished\":\"2024-09-25T15:11:55+00:00\",\"dateModified\":\"2024-11-08T06:47:23+00:00\",\"mainEntityOfPage\":{\"@id\":\"https:\\\/\\\/www.organisator.ch\\\/marketing\\\/2024-09-25\\\/havas-media-betreut-weiterhin-perfetti-van-melle\\\/\"},\"wordCount\":161,\"publisher\":{\"@id\":\"https:\\\/\\\/www.organisator.ch\\\/#organization\"},\"image\":{\"@id\":\"https:\\\/\\\/www.organisator.ch\\\/marketing\\\/2024-09-25\\\/havas-media-betreut-weiterhin-perfetti-van-melle\\\/#primaryimage\"},\"thumbnailUrl\":\"https:\\\/\\\/www.markt-kom.com\\\/wp-content\\\/uploads\\\/2024\\\/09\\\/Havas-Logo.jpg\",\"keywords\":[\"Etats\",\"Havas Media\"],\"articleSection\":[\"MARKETING\"],\"inLanguage\":\"de\"},{\"@type\":\"WebPage\",\"@id\":\"https:\\\/\\\/www.organisator.ch\\\/marketing\\\/2024-09-25\\\/havas-media-betreut-weiterhin-perfetti-van-melle\\\/\",\"url\":\"https:\\\/\\\/www.organisator.ch\\\/marketing\\\/2024-09-25\\\/havas-media-betreut-weiterhin-perfetti-van-melle\\\/\",\"name\":\"Havas Media betreut weiterhin Perfetti van Melle - Organisator\",\"isPartOf\":{\"@id\":\"https:\\\/\\\/www.organisator.ch\\\/#website\"},\"primaryImageOfPage\":{\"@id\":\"https:\\\/\\\/www.organisator.ch\\\/marketing\\\/2024-09-25\\\/havas-media-betreut-weiterhin-perfetti-van-melle\\\/#primaryimage\"},\"image\":{\"@id\":\"https:\\\/\\\/www.organisator.ch\\\/marketing\\\/2024-09-25\\\/havas-media-betreut-weiterhin-perfetti-van-melle\\\/#primaryimage\"},\"thumbnailUrl\":\"https:\\\/\\\/www.markt-kom.com\\\/wp-content\\\/uploads\\\/2024\\\/09\\\/Havas-Logo.jpg\",\"datePublished\":\"2024-09-25T15:11:55+00:00\",\"dateModified\":\"2024-11-08T06:47:23+00:00\",\"description\":\"Havas Media und Perfetti van Melle setzen auf innovative Video-Strategien und verl\u00e4ngern ihre erfolgreiche Zusammenarbeit.\",\"breadcrumb\":{\"@id\":\"https:\\\/\\\/www.organisator.ch\\\/marketing\\\/2024-09-25\\\/havas-media-betreut-weiterhin-perfetti-van-melle\\\/#breadcrumb\"},\"inLanguage\":\"de\",\"potentialAction\":[{\"@type\":\"ReadAction\",\"target\":[\"https:\\\/\\\/www.organisator.ch\\\/marketing\\\/2024-09-25\\\/havas-media-betreut-weiterhin-perfetti-van-melle\\\/\"]}]},{\"@type\":\"ImageObject\",\"inLanguage\":\"de\",\"@id\":\"https:\\\/\\\/www.organisator.ch\\\/marketing\\\/2024-09-25\\\/havas-media-betreut-weiterhin-perfetti-van-melle\\\/#primaryimage\",\"url\":\"https:\\\/\\\/www.markt-kom.com\\\/wp-content\\\/uploads\\\/2024\\\/09\\\/Havas-Logo.jpg\",\"contentUrl\":\"https:\\\/\\\/www.markt-kom.com\\\/wp-content\\\/uploads\\\/2024\\\/09\\\/Havas-Logo.jpg\"},{\"@type\":\"BreadcrumbList\",\"@id\":\"https:\\\/\\\/www.organisator.ch\\\/marketing\\\/2024-09-25\\\/havas-media-betreut-weiterhin-perfetti-van-melle\\\/#breadcrumb\",\"itemListElement\":[{\"@type\":\"ListItem\",\"position\":1,\"name\":\"Home\",\"item\":\"https:\\\/\\\/www.organisator.ch\\\/\"},{\"@type\":\"ListItem\",\"position\":2,\"name\":\"Havas Media betreut weiterhin Perfetti van Melle\"}]},{\"@type\":\"WebSite\",\"@id\":\"https:\\\/\\\/www.organisator.ch\\\/#website\",\"url\":\"https:\\\/\\\/www.organisator.ch\\\/\",\"name\":\"Organisator\",\"description\":\"Kompetent. Praxisnah. Der ORGANISATOR bereitet in 10 Ausgaben pro Jahr die wesentlichen Themen f\u00fcr F\u00fchrungskr\u00e4fte von KMU auf.\",\"publisher\":{\"@id\":\"https:\\\/\\\/www.organisator.ch\\\/#organization\"},\"potentialAction\":[{\"@type\":\"SearchAction\",\"target\":{\"@type\":\"EntryPoint\",\"urlTemplate\":\"https:\\\/\\\/www.organisator.ch\\\/?s={search_term_string}\"},\"query-input\":{\"@type\":\"PropertyValueSpecification\",\"valueRequired\":true,\"valueName\":\"search_term_string\"}}],\"inLanguage\":\"de\"},{\"@type\":\"Organization\",\"@id\":\"https:\\\/\\\/www.organisator.ch\\\/#organization\",\"name\":\"Organisator\",\"url\":\"https:\\\/\\\/www.organisator.ch\\\/\",\"logo\":{\"@type\":\"ImageObject\",\"inLanguage\":\"de\",\"@id\":\"https:\\\/\\\/www.organisator.ch\\\/#\\\/schema\\\/logo\\\/image\\\/\",\"url\":\"https:\\\/\\\/www.organisator.ch\\\/wp-content\\\/uploads\\\/2022\\\/01\\\/Logo_Organisator_Website.png\",\"contentUrl\":\"https:\\\/\\\/www.organisator.ch\\\/wp-content\\\/uploads\\\/2022\\\/01\\\/Logo_Organisator_Website.png\",\"width\":800,\"height\":77,\"caption\":\"Organisator\"},\"image\":{\"@id\":\"https:\\\/\\\/www.organisator.ch\\\/#\\\/schema\\\/logo\\\/image\\\/\"},\"sameAs\":[\"https:\\\/\\\/www.facebook.com\\\/OrganisatorFachmagazin\",\"https:\\\/\\\/www.linkedin.com\\\/showcase\\\/organisator-das-magazin-fr-kmu\",\"https:\\\/\\\/www.xing.com\\\/news\\\/pages\\\/organisator-ch-695\",\"https:\\\/\\\/www.youtube.com\\\/channel\\\/UCGP2Sq0iWaZwT3BdIAQFYpw\"]},{\"@type\":\"Person\",\"@id\":\"https:\\\/\\\/www.organisator.ch\\\/#\\\/schema\\\/person\\\/4e51799071cd2dd1232ac003643ef5f0\",\"name\":\"galledia\",\"image\":{\"@type\":\"ImageObject\",\"inLanguage\":\"de\",\"@id\":\"https:\\\/\\\/secure.gravatar.com\\\/avatar\\\/78a7f90c01fc2bfc875782a0d4922b37cde2cf184ce347b91316d23cd7f69a36?s=96&d=mm&r=g\",\"url\":\"https:\\\/\\\/secure.gravatar.com\\\/avatar\\\/78a7f90c01fc2bfc875782a0d4922b37cde2cf184ce347b91316d23cd7f69a36?s=96&d=mm&r=g\",\"contentUrl\":\"https:\\\/\\\/secure.gravatar.com\\\/avatar\\\/78a7f90c01fc2bfc875782a0d4922b37cde2cf184ce347b91316d23cd7f69a36?s=96&d=mm&r=g\",\"caption\":\"galledia\"},\"sameAs\":[\"https:\\\/\\\/x.com\\\/admin\"],\"url\":\"https:\\\/\\\/www.organisator.ch\\\/de\\\/author\\\/galledia\\\/\"}]}<\/script>\n<!-- \/ Yoast SEO plugin. -->","yoast_head_json":{"title":"Havas Media betreut weiterhin Perfetti van Melle - Organisator","description":"Havas Media und Perfetti van Melle setzen auf innovative Video-Strategien und verl\u00e4ngern ihre erfolgreiche Zusammenarbeit.","robots":{"index":"index","follow":"follow","max-snippet":"max-snippet:-1","max-image-preview":"max-image-preview:large","max-video-preview":"max-video-preview:-1"},"canonical":"https:\/\/www.organisator.ch\/de\/marketing\/2024-09-25\/havas-media-betreut-weiterhin-perfetti-van-melle\/","og_locale":"de_DE","og_type":"article","og_title":"Havas Media betreut weiterhin Perfetti van Melle - Organisator","og_description":"Havas Media und Perfetti van Melle setzen auf innovative Video-Strategien und verl\u00e4ngern ihre erfolgreiche Zusammenarbeit.","og_url":"https:\/\/www.organisator.ch\/de\/marketing\/2024-09-25\/havas-media-betreut-weiterhin-perfetti-van-melle\/","og_site_name":"Organisator","article_publisher":"https:\/\/www.facebook.com\/OrganisatorFachmagazin","article_published_time":"2024-09-25T15:11:55+00:00","article_modified_time":"2024-11-08T06:47:23+00:00","og_image":[{"url":"https:\/\/www.markt-kom.com\/wp-content\/uploads\/2024\/09\/Havas-Logo.jpg","type":"","width":"","height":""}],"author":"galledia","twitter_card":"summary_large_image","twitter_creator":"@admin","schema":{"@context":"https:\/\/schema.org","@graph":[{"@type":"Article","@id":"https:\/\/www.organisator.ch\/marketing\/2024-09-25\/havas-media-betreut-weiterhin-perfetti-van-melle\/#article","isPartOf":{"@id":"https:\/\/www.organisator.ch\/marketing\/2024-09-25\/havas-media-betreut-weiterhin-perfetti-van-melle\/"},"author":{"name":"galledia","@id":"https:\/\/www.organisator.ch\/#\/schema\/person\/4e51799071cd2dd1232ac003643ef5f0"},"headline":"Havas Media betreut weiterhin Perfetti van Melle","datePublished":"2024-09-25T15:11:55+00:00","dateModified":"2024-11-08T06:47:23+00:00","mainEntityOfPage":{"@id":"https:\/\/www.organisator.ch\/marketing\/2024-09-25\/havas-media-betreut-weiterhin-perfetti-van-melle\/"},"wordCount":161,"publisher":{"@id":"https:\/\/www.organisator.ch\/#organization"},"image":{"@id":"https:\/\/www.organisator.ch\/marketing\/2024-09-25\/havas-media-betreut-weiterhin-perfetti-van-melle\/#primaryimage"},"thumbnailUrl":"https:\/\/www.markt-kom.com\/wp-content\/uploads\/2024\/09\/Havas-Logo.jpg","keywords":["Etats","Havas Media"],"articleSection":["MARKETING"],"inLanguage":"de"},{"@type":"WebPage","@id":"https:\/\/www.organisator.ch\/marketing\/2024-09-25\/havas-media-betreut-weiterhin-perfetti-van-melle\/","url":"https:\/\/www.organisator.ch\/marketing\/2024-09-25\/havas-media-betreut-weiterhin-perfetti-van-melle\/","name":"Havas Media betreut weiterhin Perfetti van Melle - Organisator","isPartOf":{"@id":"https:\/\/www.organisator.ch\/#website"},"primaryImageOfPage":{"@id":"https:\/\/www.organisator.ch\/marketing\/2024-09-25\/havas-media-betreut-weiterhin-perfetti-van-melle\/#primaryimage"},"image":{"@id":"https:\/\/www.organisator.ch\/marketing\/2024-09-25\/havas-media-betreut-weiterhin-perfetti-van-melle\/#primaryimage"},"thumbnailUrl":"https:\/\/www.markt-kom.com\/wp-content\/uploads\/2024\/09\/Havas-Logo.jpg","datePublished":"2024-09-25T15:11:55+00:00","dateModified":"2024-11-08T06:47:23+00:00","description":"Havas Media und Perfetti van Melle setzen auf innovative Video-Strategien und verl\u00e4ngern ihre erfolgreiche Zusammenarbeit.","breadcrumb":{"@id":"https:\/\/www.organisator.ch\/marketing\/2024-09-25\/havas-media-betreut-weiterhin-perfetti-van-melle\/#breadcrumb"},"inLanguage":"de","potentialAction":[{"@type":"ReadAction","target":["https:\/\/www.organisator.ch\/marketing\/2024-09-25\/havas-media-betreut-weiterhin-perfetti-van-melle\/"]}]},{"@type":"ImageObject","inLanguage":"de","@id":"https:\/\/www.organisator.ch\/marketing\/2024-09-25\/havas-media-betreut-weiterhin-perfetti-van-melle\/#primaryimage","url":"https:\/\/www.markt-kom.com\/wp-content\/uploads\/2024\/09\/Havas-Logo.jpg","contentUrl":"https:\/\/www.markt-kom.com\/wp-content\/uploads\/2024\/09\/Havas-Logo.jpg"},{"@type":"BreadcrumbList","@id":"https:\/\/www.organisator.ch\/marketing\/2024-09-25\/havas-media-betreut-weiterhin-perfetti-van-melle\/#breadcrumb","itemListElement":[{"@type":"ListItem","position":1,"name":"Home","item":"https:\/\/www.organisator.ch\/"},{"@type":"ListItem","position":2,"name":"Havas Media betreut weiterhin Perfetti van Melle"}]},{"@type":"WebSite","@id":"https:\/\/www.organisator.ch\/#website","url":"https:\/\/www.organisator.ch\/","name":"Organisator","description":"Kompetent. Praxisnah. Der ORGANISATOR bereitet in 10 Ausgaben pro Jahr die wesentlichen Themen f\u00fcr F\u00fchrungskr\u00e4fte von KMU auf.","publisher":{"@id":"https:\/\/www.organisator.ch\/#organization"},"potentialAction":[{"@type":"SearchAction","target":{"@type":"EntryPoint","urlTemplate":"https:\/\/www.organisator.ch\/?s={search_term_string}"},"query-input":{"@type":"PropertyValueSpecification","valueRequired":true,"valueName":"search_term_string"}}],"inLanguage":"de"},{"@type":"Organization","@id":"https:\/\/www.organisator.ch\/#organization","name":"Organisator","url":"https:\/\/www.organisator.ch\/","logo":{"@type":"ImageObject","inLanguage":"de","@id":"https:\/\/www.organisator.ch\/#\/schema\/logo\/image\/","url":"https:\/\/www.organisator.ch\/wp-content\/uploads\/2022\/01\/Logo_Organisator_Website.png","contentUrl":"https:\/\/www.organisator.ch\/wp-content\/uploads\/2022\/01\/Logo_Organisator_Website.png","width":800,"height":77,"caption":"Organisator"},"image":{"@id":"https:\/\/www.organisator.ch\/#\/schema\/logo\/image\/"},"sameAs":["https:\/\/www.facebook.com\/OrganisatorFachmagazin","https:\/\/www.linkedin.com\/showcase\/organisator-das-magazin-fr-kmu","https:\/\/www.xing.com\/news\/pages\/organisator-ch-695","https:\/\/www.youtube.com\/channel\/UCGP2Sq0iWaZwT3BdIAQFYpw"]},{"@type":"Person","@id":"https:\/\/www.organisator.ch\/#\/schema\/person\/4e51799071cd2dd1232ac003643ef5f0","name":"galledia","image":{"@type":"ImageObject","inLanguage":"de","@id":"https:\/\/secure.gravatar.com\/avatar\/78a7f90c01fc2bfc875782a0d4922b37cde2cf184ce347b91316d23cd7f69a36?s=96&d=mm&r=g","url":"https:\/\/secure.gravatar.com\/avatar\/78a7f90c01fc2bfc875782a0d4922b37cde2cf184ce347b91316d23cd7f69a36?s=96&d=mm&r=g","contentUrl":"https:\/\/secure.gravatar.com\/avatar\/78a7f90c01fc2bfc875782a0d4922b37cde2cf184ce347b91316d23cd7f69a36?s=96&d=mm&r=g","caption":"galledia"},"sameAs":["https:\/\/x.com\/admin"],"url":"https:\/\/www.organisator.ch\/de\/author\/galledia\/"}]}},"_links":{"self":[{"href":"https:\/\/www.organisator.ch\/de\/wp-json\/wp\/v2\/posts\/30100","targetHints":{"allow":["GET"]}}],"collection":[{"href":"https:\/\/www.organisator.ch\/de\/wp-json\/wp\/v2\/posts"}],"about":[{"href":"https:\/\/www.organisator.ch\/de\/wp-json\/wp\/v2\/types\/post"}],"author":[{"embeddable":true,"href":"https:\/\/www.organisator.ch\/de\/wp-json\/wp\/v2\/users\/8"}],"replies":[{"embeddable":true,"href":"https:\/\/www.organisator.ch\/de\/wp-json\/wp\/v2\/comments?post=30100"}],"version-history":[{"count":5,"href":"https:\/\/www.organisator.ch\/de\/wp-json\/wp\/v2\/posts\/30100\/revisions"}],"predecessor-version":[{"id":31882,"href":"https:\/\/www.organisator.ch\/de\/wp-json\/wp\/v2\/posts\/30100\/revisions\/31882"}],"wp:attachment":[{"href":"https:\/\/www.organisator.ch\/de\/wp-json\/wp\/v2\/media?parent=30100"}],"wp:term":[{"taxonomy":"category","embeddable":true,"href":"https:\/\/www.organisator.ch\/de\/wp-json\/wp\/v2\/categories?post=30100"},{"taxonomy":"post_tag","embeddable":true,"href":"https:\/\/www.organisator.ch\/de\/wp-json\/wp\/v2\/tags?post=30100"}],"curies":[{"name":"wp","href":"https:\/\/api.w.org\/{rel}","templated":true}]}}