{"id":30102,"date":"2024-09-25T16:32:06","date_gmt":"2024-09-25T14:32:06","guid":{"rendered":"https:\/\/www.markt-kom.com\/?p=223959"},"modified":"2024-11-08T07:48:27","modified_gmt":"2024-11-08T06:48:27","slug":"aroma-erweitert-expertise-in-verschiedenen-bereichen","status":"publish","type":"post","link":"https:\/\/www.organisator.ch\/de\/marketing\/2024-09-25\/aroma-erweitert-expertise-in-verschiedenen-bereichen\/","title":{"rendered":"Aroma erweitert Expertise in verschiedenen Bereichen"},"content":{"rendered":"<p><img class=\"aligncenter wp-image-118706 size-full\" src=\"https:\/\/www.markt-kom.com\/wp-content\/uploads\/2021\/02\/2019-08\/aroma-logo-sw-headerjpg.jpg\" alt=\"Aroma Creative\" width=\"800\" height=\"400\" \/><\/p>\r\n<p>Aroma Creative holt Marion Marxer, Senior Brand Consultant, ins Team, um den ganzheitlichen Ansatz der Agentur weiter zu st\u00e4rken. Sie bringt umfangreiche Erfahrung im Bereich Brand Strategy und Markenf\u00fchrung sowie vertieftes Wissen in der Zielgruppenanalyse, Trendforschung und Touchpoint-Architektur mit.<\/p>\r\n<p>Ondrej Kolacek, Leiter des Teams f\u00fcr Fotografie und Bewegtbild, verf\u00fcgt \u00fcber langj\u00e4hrige Erfahrung in den Bereichen Fotografie, Videoproduktion und Motion Design mit. Besonders in der Event- und Sportfotografie hat er sich umfangreiches Wissen und wertvolle Praxiserfahrung angeeignet.<\/p>\r\n<p>Christian Egger, Senior Photographer &amp; Video Producer, erg\u00e4nzt das Team mit seiner Expertise in Studio-, Portr\u00e4t-, Produkt- und Architekturfotografie.<\/p>\r\n<p>Und Alex Ryser, Head of Business Development, verst\u00e4rkt das Management-Team von Aroma. Er \u00a0bringt \u00fcber 20 Jahre Erfahrung in den Bereichen Projektleitung, Customer Experience, Verkauf, Business Development und Marketing mit. Zuletzt war er als Head of Sales &amp; Markets beim Live-Marketing-Unternehmen MCH Messe Schweiz in Basel und Z\u00fcrich t\u00e4tig. Mit seiner umfassenden Expertise und seinem weitreichenden Netzwerk soll Ryser neue Gesch\u00e4ftsfelder erschliessen und die Kundenbetreuung nachhaltig st\u00e4rken.<\/p>","protected":false},"excerpt":{"rendered":"<p>Die Agentur Aroma hat neu einen Verantwortlichen f\u00fcr Business Development, um strategische Entwicklungsm\u00f6glichkeiten gezielt zu nutzen. Gleichzeitig baut der Bereich Aroma Creative seine Expertise in Markenstrategie, Fotografie und Videoproduktion weiter aus.<\/p>\n","protected":false},"author":8,"featured_media":0,"comment_status":"closed","ping_status":"closed","sticky":false,"template":"","format":"standard","meta":{"_acf_changed":false,"_yoast_wpseo_focuskw":"Aroma Creative","_yoast_wpseo_metadesc":"Aroma Creative erweitert sein Team mit erfahrenen Experten wie Marion Marxer, Ondrej Kolacek und Alex Ryser.","articlekey":"","footnotes":""},"categories":[29],"tags":[2663,4345],"class_list":["post-30102","post","type-post","status-publish","format-standard","hentry","category-marketing","tag-aroma","tag-business"],"acf":[],"yoast_head":"<!-- This site is optimized with the Yoast SEO plugin v27.5 - https:\/\/yoast.com\/product\/yoast-seo-wordpress\/ -->\n<title>Aroma erweitert Expertise in verschiedenen Bereichen - Organisator<\/title>\n<meta name=\"description\" content=\"Aroma Creative erweitert sein Team mit erfahrenen Experten wie Marion Marxer, Ondrej Kolacek und Alex Ryser.\" \/>\n<meta name=\"robots\" content=\"index, follow, max-snippet:-1, max-image-preview:large, max-video-preview:-1\" \/>\n<link rel=\"canonical\" href=\"https:\/\/www.organisator.ch\/de\/marketing\/2024-09-25\/aroma-erweitert-expertise-in-verschiedenen-bereichen\/\" \/>\n<meta property=\"og:locale\" content=\"de_DE\" \/>\n<meta property=\"og:type\" content=\"article\" \/>\n<meta property=\"og:title\" content=\"Aroma erweitert Expertise in verschiedenen Bereichen - Organisator\" \/>\n<meta property=\"og:description\" content=\"Aroma Creative erweitert sein Team mit erfahrenen Experten wie Marion Marxer, Ondrej Kolacek und Alex Ryser.\" \/>\n<meta property=\"og:url\" content=\"https:\/\/www.organisator.ch\/de\/marketing\/2024-09-25\/aroma-erweitert-expertise-in-verschiedenen-bereichen\/\" \/>\n<meta property=\"og:site_name\" content=\"Organisator\" \/>\n<meta property=\"article:publisher\" content=\"https:\/\/www.facebook.com\/OrganisatorFachmagazin\" \/>\n<meta property=\"article:published_time\" content=\"2024-09-25T14:32:06+00:00\" \/>\n<meta property=\"article:modified_time\" content=\"2024-11-08T06:48:27+00:00\" \/>\n<meta property=\"og:image\" content=\"https:\/\/www.markt-kom.com\/wp-content\/uploads\/2021\/02\/2019-08\/aroma-logo-sw-headerjpg.jpg\" \/>\n<meta name=\"author\" content=\"galledia\" \/>\n<meta name=\"twitter:card\" content=\"summary_large_image\" \/>\n<meta name=\"twitter:creator\" content=\"@admin\" \/>\n<script type=\"application\/ld+json\" class=\"yoast-schema-graph\">{\"@context\":\"https:\\\/\\\/schema.org\",\"@graph\":[{\"@type\":\"Article\",\"@id\":\"https:\\\/\\\/www.organisator.ch\\\/marketing\\\/2024-09-25\\\/aroma-erweitert-expertise-in-verschiedenen-bereichen\\\/#article\",\"isPartOf\":{\"@id\":\"https:\\\/\\\/www.organisator.ch\\\/marketing\\\/2024-09-25\\\/aroma-erweitert-expertise-in-verschiedenen-bereichen\\\/\"},\"author\":{\"name\":\"galledia\",\"@id\":\"https:\\\/\\\/www.organisator.ch\\\/#\\\/schema\\\/person\\\/4e51799071cd2dd1232ac003643ef5f0\"},\"headline\":\"Aroma erweitert Expertise in verschiedenen Bereichen\",\"datePublished\":\"2024-09-25T14:32:06+00:00\",\"dateModified\":\"2024-11-08T06:48:27+00:00\",\"mainEntityOfPage\":{\"@id\":\"https:\\\/\\\/www.organisator.ch\\\/marketing\\\/2024-09-25\\\/aroma-erweitert-expertise-in-verschiedenen-bereichen\\\/\"},\"wordCount\":179,\"publisher\":{\"@id\":\"https:\\\/\\\/www.organisator.ch\\\/#organization\"},\"image\":{\"@id\":\"https:\\\/\\\/www.organisator.ch\\\/marketing\\\/2024-09-25\\\/aroma-erweitert-expertise-in-verschiedenen-bereichen\\\/#primaryimage\"},\"thumbnailUrl\":\"https:\\\/\\\/www.markt-kom.com\\\/wp-content\\\/uploads\\\/2021\\\/02\\\/2019-08\\\/aroma-logo-sw-headerjpg.jpg\",\"keywords\":[\"Aroma\",\"Business\"],\"articleSection\":[\"MARKETING\"],\"inLanguage\":\"de\"},{\"@type\":\"WebPage\",\"@id\":\"https:\\\/\\\/www.organisator.ch\\\/marketing\\\/2024-09-25\\\/aroma-erweitert-expertise-in-verschiedenen-bereichen\\\/\",\"url\":\"https:\\\/\\\/www.organisator.ch\\\/marketing\\\/2024-09-25\\\/aroma-erweitert-expertise-in-verschiedenen-bereichen\\\/\",\"name\":\"Aroma erweitert Expertise in verschiedenen Bereichen - Organisator\",\"isPartOf\":{\"@id\":\"https:\\\/\\\/www.organisator.ch\\\/#website\"},\"primaryImageOfPage\":{\"@id\":\"https:\\\/\\\/www.organisator.ch\\\/marketing\\\/2024-09-25\\\/aroma-erweitert-expertise-in-verschiedenen-bereichen\\\/#primaryimage\"},\"image\":{\"@id\":\"https:\\\/\\\/www.organisator.ch\\\/marketing\\\/2024-09-25\\\/aroma-erweitert-expertise-in-verschiedenen-bereichen\\\/#primaryimage\"},\"thumbnailUrl\":\"https:\\\/\\\/www.markt-kom.com\\\/wp-content\\\/uploads\\\/2021\\\/02\\\/2019-08\\\/aroma-logo-sw-headerjpg.jpg\",\"datePublished\":\"2024-09-25T14:32:06+00:00\",\"dateModified\":\"2024-11-08T06:48:27+00:00\",\"description\":\"Aroma Creative erweitert sein Team mit erfahrenen Experten wie Marion Marxer, Ondrej Kolacek und Alex Ryser.\",\"breadcrumb\":{\"@id\":\"https:\\\/\\\/www.organisator.ch\\\/marketing\\\/2024-09-25\\\/aroma-erweitert-expertise-in-verschiedenen-bereichen\\\/#breadcrumb\"},\"inLanguage\":\"de\",\"potentialAction\":[{\"@type\":\"ReadAction\",\"target\":[\"https:\\\/\\\/www.organisator.ch\\\/marketing\\\/2024-09-25\\\/aroma-erweitert-expertise-in-verschiedenen-bereichen\\\/\"]}]},{\"@type\":\"ImageObject\",\"inLanguage\":\"de\",\"@id\":\"https:\\\/\\\/www.organisator.ch\\\/marketing\\\/2024-09-25\\\/aroma-erweitert-expertise-in-verschiedenen-bereichen\\\/#primaryimage\",\"url\":\"https:\\\/\\\/www.markt-kom.com\\\/wp-content\\\/uploads\\\/2021\\\/02\\\/2019-08\\\/aroma-logo-sw-headerjpg.jpg\",\"contentUrl\":\"https:\\\/\\\/www.markt-kom.com\\\/wp-content\\\/uploads\\\/2021\\\/02\\\/2019-08\\\/aroma-logo-sw-headerjpg.jpg\"},{\"@type\":\"BreadcrumbList\",\"@id\":\"https:\\\/\\\/www.organisator.ch\\\/marketing\\\/2024-09-25\\\/aroma-erweitert-expertise-in-verschiedenen-bereichen\\\/#breadcrumb\",\"itemListElement\":[{\"@type\":\"ListItem\",\"position\":1,\"name\":\"Home\",\"item\":\"https:\\\/\\\/www.organisator.ch\\\/\"},{\"@type\":\"ListItem\",\"position\":2,\"name\":\"Aroma erweitert Expertise in verschiedenen Bereichen\"}]},{\"@type\":\"WebSite\",\"@id\":\"https:\\\/\\\/www.organisator.ch\\\/#website\",\"url\":\"https:\\\/\\\/www.organisator.ch\\\/\",\"name\":\"Organisator\",\"description\":\"Kompetent. Praxisnah. Der ORGANISATOR bereitet in 10 Ausgaben pro Jahr die wesentlichen Themen f\u00fcr F\u00fchrungskr\u00e4fte von KMU auf.\",\"publisher\":{\"@id\":\"https:\\\/\\\/www.organisator.ch\\\/#organization\"},\"potentialAction\":[{\"@type\":\"SearchAction\",\"target\":{\"@type\":\"EntryPoint\",\"urlTemplate\":\"https:\\\/\\\/www.organisator.ch\\\/?s={search_term_string}\"},\"query-input\":{\"@type\":\"PropertyValueSpecification\",\"valueRequired\":true,\"valueName\":\"search_term_string\"}}],\"inLanguage\":\"de\"},{\"@type\":\"Organization\",\"@id\":\"https:\\\/\\\/www.organisator.ch\\\/#organization\",\"name\":\"Organisator\",\"url\":\"https:\\\/\\\/www.organisator.ch\\\/\",\"logo\":{\"@type\":\"ImageObject\",\"inLanguage\":\"de\",\"@id\":\"https:\\\/\\\/www.organisator.ch\\\/#\\\/schema\\\/logo\\\/image\\\/\",\"url\":\"https:\\\/\\\/www.organisator.ch\\\/wp-content\\\/uploads\\\/2022\\\/01\\\/Logo_Organisator_Website.png\",\"contentUrl\":\"https:\\\/\\\/www.organisator.ch\\\/wp-content\\\/uploads\\\/2022\\\/01\\\/Logo_Organisator_Website.png\",\"width\":800,\"height\":77,\"caption\":\"Organisator\"},\"image\":{\"@id\":\"https:\\\/\\\/www.organisator.ch\\\/#\\\/schema\\\/logo\\\/image\\\/\"},\"sameAs\":[\"https:\\\/\\\/www.facebook.com\\\/OrganisatorFachmagazin\",\"https:\\\/\\\/www.linkedin.com\\\/showcase\\\/organisator-das-magazin-fr-kmu\",\"https:\\\/\\\/www.xing.com\\\/news\\\/pages\\\/organisator-ch-695\",\"https:\\\/\\\/www.youtube.com\\\/channel\\\/UCGP2Sq0iWaZwT3BdIAQFYpw\"]},{\"@type\":\"Person\",\"@id\":\"https:\\\/\\\/www.organisator.ch\\\/#\\\/schema\\\/person\\\/4e51799071cd2dd1232ac003643ef5f0\",\"name\":\"galledia\",\"image\":{\"@type\":\"ImageObject\",\"inLanguage\":\"de\",\"@id\":\"https:\\\/\\\/secure.gravatar.com\\\/avatar\\\/78a7f90c01fc2bfc875782a0d4922b37cde2cf184ce347b91316d23cd7f69a36?s=96&d=mm&r=g\",\"url\":\"https:\\\/\\\/secure.gravatar.com\\\/avatar\\\/78a7f90c01fc2bfc875782a0d4922b37cde2cf184ce347b91316d23cd7f69a36?s=96&d=mm&r=g\",\"contentUrl\":\"https:\\\/\\\/secure.gravatar.com\\\/avatar\\\/78a7f90c01fc2bfc875782a0d4922b37cde2cf184ce347b91316d23cd7f69a36?s=96&d=mm&r=g\",\"caption\":\"galledia\"},\"sameAs\":[\"https:\\\/\\\/x.com\\\/admin\"],\"url\":\"https:\\\/\\\/www.organisator.ch\\\/de\\\/author\\\/galledia\\\/\"}]}<\/script>\n<!-- \/ Yoast SEO plugin. -->","yoast_head_json":{"title":"Aroma erweitert Expertise in verschiedenen Bereichen - Organisator","description":"Aroma Creative erweitert sein Team mit erfahrenen Experten wie Marion Marxer, Ondrej Kolacek und Alex Ryser.","robots":{"index":"index","follow":"follow","max-snippet":"max-snippet:-1","max-image-preview":"max-image-preview:large","max-video-preview":"max-video-preview:-1"},"canonical":"https:\/\/www.organisator.ch\/de\/marketing\/2024-09-25\/aroma-erweitert-expertise-in-verschiedenen-bereichen\/","og_locale":"de_DE","og_type":"article","og_title":"Aroma erweitert Expertise in verschiedenen Bereichen - Organisator","og_description":"Aroma Creative erweitert sein Team mit erfahrenen Experten wie Marion Marxer, Ondrej Kolacek und Alex Ryser.","og_url":"https:\/\/www.organisator.ch\/de\/marketing\/2024-09-25\/aroma-erweitert-expertise-in-verschiedenen-bereichen\/","og_site_name":"Organisator","article_publisher":"https:\/\/www.facebook.com\/OrganisatorFachmagazin","article_published_time":"2024-09-25T14:32:06+00:00","article_modified_time":"2024-11-08T06:48:27+00:00","og_image":[{"url":"https:\/\/www.markt-kom.com\/wp-content\/uploads\/2021\/02\/2019-08\/aroma-logo-sw-headerjpg.jpg","type":"","width":"","height":""}],"author":"galledia","twitter_card":"summary_large_image","twitter_creator":"@admin","schema":{"@context":"https:\/\/schema.org","@graph":[{"@type":"Article","@id":"https:\/\/www.organisator.ch\/marketing\/2024-09-25\/aroma-erweitert-expertise-in-verschiedenen-bereichen\/#article","isPartOf":{"@id":"https:\/\/www.organisator.ch\/marketing\/2024-09-25\/aroma-erweitert-expertise-in-verschiedenen-bereichen\/"},"author":{"name":"galledia","@id":"https:\/\/www.organisator.ch\/#\/schema\/person\/4e51799071cd2dd1232ac003643ef5f0"},"headline":"Aroma erweitert Expertise in verschiedenen Bereichen","datePublished":"2024-09-25T14:32:06+00:00","dateModified":"2024-11-08T06:48:27+00:00","mainEntityOfPage":{"@id":"https:\/\/www.organisator.ch\/marketing\/2024-09-25\/aroma-erweitert-expertise-in-verschiedenen-bereichen\/"},"wordCount":179,"publisher":{"@id":"https:\/\/www.organisator.ch\/#organization"},"image":{"@id":"https:\/\/www.organisator.ch\/marketing\/2024-09-25\/aroma-erweitert-expertise-in-verschiedenen-bereichen\/#primaryimage"},"thumbnailUrl":"https:\/\/www.markt-kom.com\/wp-content\/uploads\/2021\/02\/2019-08\/aroma-logo-sw-headerjpg.jpg","keywords":["Aroma","Business"],"articleSection":["MARKETING"],"inLanguage":"de"},{"@type":"WebPage","@id":"https:\/\/www.organisator.ch\/marketing\/2024-09-25\/aroma-erweitert-expertise-in-verschiedenen-bereichen\/","url":"https:\/\/www.organisator.ch\/marketing\/2024-09-25\/aroma-erweitert-expertise-in-verschiedenen-bereichen\/","name":"Aroma erweitert Expertise in verschiedenen Bereichen - Organisator","isPartOf":{"@id":"https:\/\/www.organisator.ch\/#website"},"primaryImageOfPage":{"@id":"https:\/\/www.organisator.ch\/marketing\/2024-09-25\/aroma-erweitert-expertise-in-verschiedenen-bereichen\/#primaryimage"},"image":{"@id":"https:\/\/www.organisator.ch\/marketing\/2024-09-25\/aroma-erweitert-expertise-in-verschiedenen-bereichen\/#primaryimage"},"thumbnailUrl":"https:\/\/www.markt-kom.com\/wp-content\/uploads\/2021\/02\/2019-08\/aroma-logo-sw-headerjpg.jpg","datePublished":"2024-09-25T14:32:06+00:00","dateModified":"2024-11-08T06:48:27+00:00","description":"Aroma Creative erweitert sein Team mit erfahrenen Experten wie Marion Marxer, Ondrej Kolacek und Alex Ryser.","breadcrumb":{"@id":"https:\/\/www.organisator.ch\/marketing\/2024-09-25\/aroma-erweitert-expertise-in-verschiedenen-bereichen\/#breadcrumb"},"inLanguage":"de","potentialAction":[{"@type":"ReadAction","target":["https:\/\/www.organisator.ch\/marketing\/2024-09-25\/aroma-erweitert-expertise-in-verschiedenen-bereichen\/"]}]},{"@type":"ImageObject","inLanguage":"de","@id":"https:\/\/www.organisator.ch\/marketing\/2024-09-25\/aroma-erweitert-expertise-in-verschiedenen-bereichen\/#primaryimage","url":"https:\/\/www.markt-kom.com\/wp-content\/uploads\/2021\/02\/2019-08\/aroma-logo-sw-headerjpg.jpg","contentUrl":"https:\/\/www.markt-kom.com\/wp-content\/uploads\/2021\/02\/2019-08\/aroma-logo-sw-headerjpg.jpg"},{"@type":"BreadcrumbList","@id":"https:\/\/www.organisator.ch\/marketing\/2024-09-25\/aroma-erweitert-expertise-in-verschiedenen-bereichen\/#breadcrumb","itemListElement":[{"@type":"ListItem","position":1,"name":"Home","item":"https:\/\/www.organisator.ch\/"},{"@type":"ListItem","position":2,"name":"Aroma erweitert Expertise in verschiedenen Bereichen"}]},{"@type":"WebSite","@id":"https:\/\/www.organisator.ch\/#website","url":"https:\/\/www.organisator.ch\/","name":"Organisator","description":"Kompetent. Praxisnah. Der ORGANISATOR bereitet in 10 Ausgaben pro Jahr die wesentlichen Themen f\u00fcr F\u00fchrungskr\u00e4fte von KMU auf.","publisher":{"@id":"https:\/\/www.organisator.ch\/#organization"},"potentialAction":[{"@type":"SearchAction","target":{"@type":"EntryPoint","urlTemplate":"https:\/\/www.organisator.ch\/?s={search_term_string}"},"query-input":{"@type":"PropertyValueSpecification","valueRequired":true,"valueName":"search_term_string"}}],"inLanguage":"de"},{"@type":"Organization","@id":"https:\/\/www.organisator.ch\/#organization","name":"Organisator","url":"https:\/\/www.organisator.ch\/","logo":{"@type":"ImageObject","inLanguage":"de","@id":"https:\/\/www.organisator.ch\/#\/schema\/logo\/image\/","url":"https:\/\/www.organisator.ch\/wp-content\/uploads\/2022\/01\/Logo_Organisator_Website.png","contentUrl":"https:\/\/www.organisator.ch\/wp-content\/uploads\/2022\/01\/Logo_Organisator_Website.png","width":800,"height":77,"caption":"Organisator"},"image":{"@id":"https:\/\/www.organisator.ch\/#\/schema\/logo\/image\/"},"sameAs":["https:\/\/www.facebook.com\/OrganisatorFachmagazin","https:\/\/www.linkedin.com\/showcase\/organisator-das-magazin-fr-kmu","https:\/\/www.xing.com\/news\/pages\/organisator-ch-695","https:\/\/www.youtube.com\/channel\/UCGP2Sq0iWaZwT3BdIAQFYpw"]},{"@type":"Person","@id":"https:\/\/www.organisator.ch\/#\/schema\/person\/4e51799071cd2dd1232ac003643ef5f0","name":"galledia","image":{"@type":"ImageObject","inLanguage":"de","@id":"https:\/\/secure.gravatar.com\/avatar\/78a7f90c01fc2bfc875782a0d4922b37cde2cf184ce347b91316d23cd7f69a36?s=96&d=mm&r=g","url":"https:\/\/secure.gravatar.com\/avatar\/78a7f90c01fc2bfc875782a0d4922b37cde2cf184ce347b91316d23cd7f69a36?s=96&d=mm&r=g","contentUrl":"https:\/\/secure.gravatar.com\/avatar\/78a7f90c01fc2bfc875782a0d4922b37cde2cf184ce347b91316d23cd7f69a36?s=96&d=mm&r=g","caption":"galledia"},"sameAs":["https:\/\/x.com\/admin"],"url":"https:\/\/www.organisator.ch\/de\/author\/galledia\/"}]}},"_links":{"self":[{"href":"https:\/\/www.organisator.ch\/de\/wp-json\/wp\/v2\/posts\/30102","targetHints":{"allow":["GET"]}}],"collection":[{"href":"https:\/\/www.organisator.ch\/de\/wp-json\/wp\/v2\/posts"}],"about":[{"href":"https:\/\/www.organisator.ch\/de\/wp-json\/wp\/v2\/types\/post"}],"author":[{"embeddable":true,"href":"https:\/\/www.organisator.ch\/de\/wp-json\/wp\/v2\/users\/8"}],"replies":[{"embeddable":true,"href":"https:\/\/www.organisator.ch\/de\/wp-json\/wp\/v2\/comments?post=30102"}],"version-history":[{"count":3,"href":"https:\/\/www.organisator.ch\/de\/wp-json\/wp\/v2\/posts\/30102\/revisions"}],"predecessor-version":[{"id":31883,"href":"https:\/\/www.organisator.ch\/de\/wp-json\/wp\/v2\/posts\/30102\/revisions\/31883"}],"wp:attachment":[{"href":"https:\/\/www.organisator.ch\/de\/wp-json\/wp\/v2\/media?parent=30102"}],"wp:term":[{"taxonomy":"category","embeddable":true,"href":"https:\/\/www.organisator.ch\/de\/wp-json\/wp\/v2\/categories?post=30102"},{"taxonomy":"post_tag","embeddable":true,"href":"https:\/\/www.organisator.ch\/de\/wp-json\/wp\/v2\/tags?post=30102"}],"curies":[{"name":"wp","href":"https:\/\/api.w.org\/{rel}","templated":true}]}}