{"id":30130,"date":"2024-09-26T09:20:17","date_gmt":"2024-09-26T07:20:17","guid":{"rendered":"https:\/\/www.m-q.ch\/?p=20384"},"modified":"2024-11-08T07:40:32","modified_gmt":"2024-11-08T06:40:32","slug":"35-jahre-jubilaeums-meet-swiss-infosec","status":"publish","type":"post","link":"https:\/\/www.organisator.ch\/de\/operational-excellence\/2024-09-26\/35-jahre-jubilaeums-meet-swiss-infosec\/","title":{"rendered":"35 Jahre Jubil\u00e4ums-Meet-Swiss-Infosec"},"content":{"rendered":"<figure id=\"attachment_20392\" class=\"wp-caption alignnone\" style=\"width: 680px\" aria-describedby=\"caption-attachment-20392\"><img class=\"alignnone wp-image-20392 size-full\" src=\"https:\/\/www.m-q.ch\/wp-content\/uploads\/2024\/09\/Infosec_Bild1_ps.jpg\" alt=\"35 Jahre Jubil\u00e4um\" width=\"680\" height=\"452\" \/>\r\n<figcaption id=\"caption-attachment-20392\" class=\"wp-caption-text\">Mit einer Torte zum 35-Jahr-Jubil\u00e4um: Das Swiss Infosec-Team bedankt sich bei Reto Zbinden. (Bild: Swiss Infosec AG)<\/figcaption>\r\n<\/figure>\r\n<p>Reto Zbinden legte 1989 den Grundstein der Swiss Infosec. In den vergangenen Jahren hat sich das Unternehmen mit Sitz in Sursee (LU) zum Leader der Integralen Sicherheit in der Schweiz entwickelt. Dazu beigetragen hat dabei auch die einzigartige Kombination der Sicherheitsbereiche Technik, Recht, Organisation und Mensch, die die Swiss Infosec AG aus einer Hand anbietet.\u00a0<\/p>\r\n<h3><strong>35 Jahre Unternehmer und Berater<\/strong><\/h3>\r\n<p>Im Gespr\u00e4ch mit Moderatorin Nicole Frank blickte Reto Zbinden auf das Jahr 1989 und auf seine Gem\u00fctslage, als 24-J\u00e4hriger eine Firma zu gr\u00fcnden. \u00abFlexibilit\u00e4t, Mut, \u00dcberzeugung und Entschlossenheit\u00bb, sagte Reto Zbinden, \u00absind damals wie heute die Voraussetzungen, die Jungunternehmerinnen und -unternehmer mitbringen sollten.\u00bb In den Vordergrund stellte er auch die Bedeutung eines motivierten und engagierten Teams, welches f\u00fcr die Weiterentwicklung unerl\u00e4sslich sei. Dieses Team hat ihm zu Ehren einen Kurzfilm produziert. Er zeigt den Menschen Zbinden, der einer Idee Leben eingehaucht hat, nahbar bleibt und auch nach 35 Jahren immer noch sagt: \u00abTotal bereit f\u00fcr alles, was noch kommt.\u00bb\u00a0<\/p>\r\n<h3><strong>Die wilden Jungen<\/strong><\/h3>\r\n<p>Vieles erinnert an die Anf\u00e4nge der Swiss Infosec und die Qualit\u00e4ten ihres Gr\u00fcnders, wenn der Video- und Content Creator Peter Bolliger von seinem Weg in die Selbst\u00e4ndigkeit erz\u00e4hlt. Begeisterung und das Motto \u00abDas Leben ist zu kurz f\u00fcr sp\u00e4ter\u00bb sind die Leitlinien des erfolgreichen Influencers mit \u00fcber 45\u2019000 Followern auf Instagram. Sein erfrischender, unbek\u00fcmmerter Auftritt hat dem Jungunternehmer nicht nur viele Sympathien eingebracht, sondern auch gezeigt, dass sich die Herausforderungen und Voraussetzungen, um erfolgreich durchzustarten, kaum ge\u00e4ndert haben. Auch nicht f\u00fcr die Generationen Y und Z.<\/p>\r\n<h3><strong>Von der Steinzeit ins Internet und zu Cyberangriffen<\/strong><\/h3>\r\n<p>Was machen die mit der Digitalisierung einhergehende Informationsflut und die unendlichen M\u00f6glichkeiten der k\u00fcnstlichen Intelligenz (KI) mit dem Menschen und seinem Gehirn? Neurowissenschaftler Prof. Dr. Lutz J\u00e4ncke von der Universit\u00e4t Z\u00fcrich ging diesen Fragen in seinem Referat auf den Grund und meint: \u00abAuch wenn Digitalisierung und KI unbestreitbare Vorteile und Chancen haben und in vielen Bereichen ein Segen sind, ist das Gehirn des Menschen nicht f\u00fcr diese neue Welt evolviert.\u00bb Denn in der gesamten Menschheitsgeschichte hat sich bisher keine technologische Entwicklung in so kurzer Zeit verbreitet und alles tiefgreifend ver\u00e4ndert.<\/p>\r\n<p>Mit Ver\u00e4nderungen anderer Art befassen sich Felix Guggenheim (Arctic Wolf) und Lukas M\u00e4der (Redaktor Technologie NZZ). Ihre spannenden Ausf\u00fchrungen \u00fcber die Anatomie eines Cyberangriffs bzw. das Millionengesch\u00e4ft der Hacker machten deutlich, wie wichtig es ist, die Gefahr von Cyberattacken wie Ransomware nicht zu untersch\u00e4tzen und auf Pr\u00e4vention zu setzen. Solche Angriffe k\u00f6nnen damit zwar wohl nicht ausgerottet, aber deren Effekte zumindest stark einged\u00e4mmt werden.\u00a0<\/p>\r\n<p>KI kann dabei f\u00fcr die umfassende Sicherheit von Daten genutzt werden, wie Roger Halbheer (Microsoft (Schweiz) AG) in seinem Referat aufzeigte. Datenbasierte Sicherheit, also die bessere, dank KI auch automatisierte Nutzung sicherheitsspezifischer Daten, kann ein wichtiger Schritt zu wirkungsvollerer Sicherheit sein.\u00a0<\/p>\r\n<h3><strong>Nie wieder doof oder f\u00fcr immer bl\u00f6d<\/strong><\/h3>\r\n<p>Der Programmpunkt weckte Erwartungen. Und Anitra Eggler, Digitaltherapeutin, erf\u00fcllte sie spielend. In unnachahmlicher Weise hat die Frau, die von sich sagt, dass sie \u00abdigitale Innovation nebenwirkungsfrei liebe und lebe\u00bb (Zitat Website) verraten, was sie darunter versteht und wie man lernt, sich ohne Muskelkater digital fit zu halten. Diese digitale Fitness ist ein Muss, um den negativen Auswirkungen von Digitalisierung und KI Paroli zu bieten und nicht Gefahr zu laufen, tats\u00e4chlich f\u00fcr immer bl\u00f6d zu bleiben. Diese M\u00f6glichkeit besteht n\u00e4mlich durchaus. Ausser man kennt Digital Detox-Pionierin Anitra Eggler, die Menschen und Unternehmen in Screen-Life-Balance bringt.<\/p>\r\n<p>Das Team der Swiss Infosec AG setzte mit einem filmreifen Auftritt zu Ehren von Reto Zbinden einen w\u00fcrdigen Schlusspunkt der Veranstaltung, der gleichzeitig Auftakt f\u00fcr ein geselliges Get-together war.\u00a0 Am 20. Januar 2025 steht die n\u00e4chste Meet Swiss Infosec auf dem Programm. Ohne Torte, aber bestimmt wieder mit spannenden Inhalten aus der Welt der Sicherheit.<\/p>\r\n<p><em>Quelle: <a href=\"http:\/\/www.infosec.ch\/\">www.infosec.ch<\/a><\/em><\/p>\n<p class=\"syndicated-attribution\">Dieser Beitrag erschien urspr\u00fcnglich auf m-q.ch - <a href=\"https:\/\/www.m-q.ch\/de\/35-jahre-jubilaeums-meet-swiss-infosec\/\" target=\"_blank\">https:\/\/www.m-q.ch\/de\/35-jahre-jubilaeums-meet-swiss-infosec\/<\/a><\/p>","protected":false},"excerpt":{"rendered":"<p>Die Swiss Infosec AG ist seit 35 Jahren f\u00fcr das Thema Sicherheit bekannt. Die Spezialausgabe der Meet Swiss Infosec, fand am 23. September 2024 im Radisson Blu Hotel am Flughafen Z\u00fcrich statt. Ein begeisterndes Programm liess den Funken schnell auf die \u00fcber 300 G\u00e4ste \u00fcberspringen. Es punktete mit einem Mix aus Unterhaltung, Hintergrundinformationen und Fachreferaten zu Topthemen.<\/p>\n","protected":false},"author":58,"featured_media":0,"comment_status":"closed","ping_status":"closed","sticky":false,"template":"","format":"standard","meta":{"_acf_changed":false,"_yoast_wpseo_focuskw":"35 Jahre Jubil\u00e4um","_yoast_wpseo_metadesc":"Swiss Infosec feiert 35 Jahre Integrale Sicherheit mit Reto Zbinden. Team und G\u00e4ste reflektieren Erfolge und neue Herausforderungen.","articlekey":"","footnotes":""},"categories":[582],"tags":[4543,292,334,418,434,492],"class_list":["post-30130","post","type-post","status-publish","format-standard","hentry","category-operational-excellence","tag-infosec","tag-jubilaeum","tag-management","tag-risikomanagement","tag-sicherheit","tag-unternehmen"],"acf":[],"yoast_head":"<!-- This site is optimized with the Yoast SEO plugin v27.5 - https:\/\/yoast.com\/product\/yoast-seo-wordpress\/ -->\n<title>35 Jahre Jubil\u00e4ums-Meet-Swiss-Infosec - Organisator<\/title>\n<meta name=\"description\" content=\"Swiss Infosec feiert 35 Jahre Integrale Sicherheit mit Reto Zbinden. Team und G\u00e4ste reflektieren Erfolge und neue Herausforderungen.\" \/>\n<meta name=\"robots\" content=\"index, follow, max-snippet:-1, max-image-preview:large, max-video-preview:-1\" \/>\n<link rel=\"canonical\" href=\"https:\/\/www.organisator.ch\/de\/operational-excellence\/2024-09-26\/35-jahre-jubilaeums-meet-swiss-infosec\/\" \/>\n<meta property=\"og:locale\" content=\"de_DE\" \/>\n<meta property=\"og:type\" content=\"article\" \/>\n<meta property=\"og:title\" content=\"35 Jahre Jubil\u00e4ums-Meet-Swiss-Infosec - Organisator\" \/>\n<meta property=\"og:description\" content=\"Swiss Infosec feiert 35 Jahre Integrale Sicherheit mit Reto Zbinden. Team und G\u00e4ste reflektieren Erfolge und neue Herausforderungen.\" \/>\n<meta property=\"og:url\" content=\"https:\/\/www.organisator.ch\/de\/operational-excellence\/2024-09-26\/35-jahre-jubilaeums-meet-swiss-infosec\/\" \/>\n<meta property=\"og:site_name\" content=\"Organisator\" \/>\n<meta property=\"article:publisher\" content=\"https:\/\/www.facebook.com\/OrganisatorFachmagazin\" \/>\n<meta property=\"article:published_time\" content=\"2024-09-26T07:20:17+00:00\" \/>\n<meta property=\"article:modified_time\" content=\"2024-11-08T06:40:32+00:00\" \/>\n<meta property=\"og:image\" content=\"https:\/\/www.m-q.ch\/wp-content\/uploads\/2024\/09\/Infosec_Bild1_ps.jpg\" \/>\n<meta name=\"author\" content=\"Adelisa Kalajdzini\" \/>\n<meta name=\"twitter:card\" content=\"summary_large_image\" \/>\n<script type=\"application\/ld+json\" class=\"yoast-schema-graph\">{\"@context\":\"https:\\\/\\\/schema.org\",\"@graph\":[{\"@type\":\"Article\",\"@id\":\"https:\\\/\\\/www.organisator.ch\\\/operational-excellence\\\/2024-09-26\\\/35-jahre-jubilaeums-meet-swiss-infosec\\\/#article\",\"isPartOf\":{\"@id\":\"https:\\\/\\\/www.organisator.ch\\\/operational-excellence\\\/2024-09-26\\\/35-jahre-jubilaeums-meet-swiss-infosec\\\/\"},\"author\":{\"name\":\"Adelisa Kalajdzini\",\"@id\":\"https:\\\/\\\/www.organisator.ch\\\/#\\\/schema\\\/person\\\/2e1314a2172123f874db408d8911d3f3\"},\"headline\":\"35 Jahre Jubil\u00e4ums-Meet-Swiss-Infosec\",\"datePublished\":\"2024-09-26T07:20:17+00:00\",\"dateModified\":\"2024-11-08T06:40:32+00:00\",\"mainEntityOfPage\":{\"@id\":\"https:\\\/\\\/www.organisator.ch\\\/operational-excellence\\\/2024-09-26\\\/35-jahre-jubilaeums-meet-swiss-infosec\\\/\"},\"wordCount\":670,\"publisher\":{\"@id\":\"https:\\\/\\\/www.organisator.ch\\\/#organization\"},\"image\":{\"@id\":\"https:\\\/\\\/www.organisator.ch\\\/operational-excellence\\\/2024-09-26\\\/35-jahre-jubilaeums-meet-swiss-infosec\\\/#primaryimage\"},\"thumbnailUrl\":\"https:\\\/\\\/www.m-q.ch\\\/wp-content\\\/uploads\\\/2024\\\/09\\\/Infosec_Bild1_ps.jpg\",\"keywords\":[\"Infosec\",\"Jubil\u00e4um\",\"Management\",\"Risikomanagement\",\"Sicherheit\",\"Unternehmen\"],\"articleSection\":[\"OPERATIONAL EXCELLENCE\"],\"inLanguage\":\"de\"},{\"@type\":\"WebPage\",\"@id\":\"https:\\\/\\\/www.organisator.ch\\\/operational-excellence\\\/2024-09-26\\\/35-jahre-jubilaeums-meet-swiss-infosec\\\/\",\"url\":\"https:\\\/\\\/www.organisator.ch\\\/operational-excellence\\\/2024-09-26\\\/35-jahre-jubilaeums-meet-swiss-infosec\\\/\",\"name\":\"35 Jahre Jubil\u00e4ums-Meet-Swiss-Infosec - Organisator\",\"isPartOf\":{\"@id\":\"https:\\\/\\\/www.organisator.ch\\\/#website\"},\"primaryImageOfPage\":{\"@id\":\"https:\\\/\\\/www.organisator.ch\\\/operational-excellence\\\/2024-09-26\\\/35-jahre-jubilaeums-meet-swiss-infosec\\\/#primaryimage\"},\"image\":{\"@id\":\"https:\\\/\\\/www.organisator.ch\\\/operational-excellence\\\/2024-09-26\\\/35-jahre-jubilaeums-meet-swiss-infosec\\\/#primaryimage\"},\"thumbnailUrl\":\"https:\\\/\\\/www.m-q.ch\\\/wp-content\\\/uploads\\\/2024\\\/09\\\/Infosec_Bild1_ps.jpg\",\"datePublished\":\"2024-09-26T07:20:17+00:00\",\"dateModified\":\"2024-11-08T06:40:32+00:00\",\"description\":\"Swiss Infosec feiert 35 Jahre Integrale Sicherheit mit Reto Zbinden. Team und G\u00e4ste reflektieren Erfolge und neue Herausforderungen.\",\"breadcrumb\":{\"@id\":\"https:\\\/\\\/www.organisator.ch\\\/operational-excellence\\\/2024-09-26\\\/35-jahre-jubilaeums-meet-swiss-infosec\\\/#breadcrumb\"},\"inLanguage\":\"de\",\"potentialAction\":[{\"@type\":\"ReadAction\",\"target\":[\"https:\\\/\\\/www.organisator.ch\\\/operational-excellence\\\/2024-09-26\\\/35-jahre-jubilaeums-meet-swiss-infosec\\\/\"]}]},{\"@type\":\"ImageObject\",\"inLanguage\":\"de\",\"@id\":\"https:\\\/\\\/www.organisator.ch\\\/operational-excellence\\\/2024-09-26\\\/35-jahre-jubilaeums-meet-swiss-infosec\\\/#primaryimage\",\"url\":\"https:\\\/\\\/www.m-q.ch\\\/wp-content\\\/uploads\\\/2024\\\/09\\\/Infosec_Bild1_ps.jpg\",\"contentUrl\":\"https:\\\/\\\/www.m-q.ch\\\/wp-content\\\/uploads\\\/2024\\\/09\\\/Infosec_Bild1_ps.jpg\"},{\"@type\":\"BreadcrumbList\",\"@id\":\"https:\\\/\\\/www.organisator.ch\\\/operational-excellence\\\/2024-09-26\\\/35-jahre-jubilaeums-meet-swiss-infosec\\\/#breadcrumb\",\"itemListElement\":[{\"@type\":\"ListItem\",\"position\":1,\"name\":\"Home\",\"item\":\"https:\\\/\\\/www.organisator.ch\\\/\"},{\"@type\":\"ListItem\",\"position\":2,\"name\":\"35 Jahre Jubil\u00e4ums-Meet-Swiss-Infosec\"}]},{\"@type\":\"WebSite\",\"@id\":\"https:\\\/\\\/www.organisator.ch\\\/#website\",\"url\":\"https:\\\/\\\/www.organisator.ch\\\/\",\"name\":\"Organisator\",\"description\":\"Kompetent. Praxisnah. Der ORGANISATOR bereitet in 10 Ausgaben pro Jahr die wesentlichen Themen f\u00fcr F\u00fchrungskr\u00e4fte von KMU auf.\",\"publisher\":{\"@id\":\"https:\\\/\\\/www.organisator.ch\\\/#organization\"},\"potentialAction\":[{\"@type\":\"SearchAction\",\"target\":{\"@type\":\"EntryPoint\",\"urlTemplate\":\"https:\\\/\\\/www.organisator.ch\\\/?s={search_term_string}\"},\"query-input\":{\"@type\":\"PropertyValueSpecification\",\"valueRequired\":true,\"valueName\":\"search_term_string\"}}],\"inLanguage\":\"de\"},{\"@type\":\"Organization\",\"@id\":\"https:\\\/\\\/www.organisator.ch\\\/#organization\",\"name\":\"Organisator\",\"url\":\"https:\\\/\\\/www.organisator.ch\\\/\",\"logo\":{\"@type\":\"ImageObject\",\"inLanguage\":\"de\",\"@id\":\"https:\\\/\\\/www.organisator.ch\\\/#\\\/schema\\\/logo\\\/image\\\/\",\"url\":\"https:\\\/\\\/www.organisator.ch\\\/wp-content\\\/uploads\\\/2022\\\/01\\\/Logo_Organisator_Website.png\",\"contentUrl\":\"https:\\\/\\\/www.organisator.ch\\\/wp-content\\\/uploads\\\/2022\\\/01\\\/Logo_Organisator_Website.png\",\"width\":800,\"height\":77,\"caption\":\"Organisator\"},\"image\":{\"@id\":\"https:\\\/\\\/www.organisator.ch\\\/#\\\/schema\\\/logo\\\/image\\\/\"},\"sameAs\":[\"https:\\\/\\\/www.facebook.com\\\/OrganisatorFachmagazin\",\"https:\\\/\\\/www.linkedin.com\\\/showcase\\\/organisator-das-magazin-fr-kmu\",\"https:\\\/\\\/www.xing.com\\\/news\\\/pages\\\/organisator-ch-695\",\"https:\\\/\\\/www.youtube.com\\\/channel\\\/UCGP2Sq0iWaZwT3BdIAQFYpw\"]},{\"@type\":\"Person\",\"@id\":\"https:\\\/\\\/www.organisator.ch\\\/#\\\/schema\\\/person\\\/2e1314a2172123f874db408d8911d3f3\",\"name\":\"Adelisa Kalajdzini\",\"image\":{\"@type\":\"ImageObject\",\"inLanguage\":\"de\",\"@id\":\"https:\\\/\\\/secure.gravatar.com\\\/avatar\\\/09a397c22ac58cad6f160ee8306348599df9df58a8ede73696226897b9fa4b24?s=96&d=mm&r=g\",\"url\":\"https:\\\/\\\/secure.gravatar.com\\\/avatar\\\/09a397c22ac58cad6f160ee8306348599df9df58a8ede73696226897b9fa4b24?s=96&d=mm&r=g\",\"contentUrl\":\"https:\\\/\\\/secure.gravatar.com\\\/avatar\\\/09a397c22ac58cad6f160ee8306348599df9df58a8ede73696226897b9fa4b24?s=96&d=mm&r=g\",\"caption\":\"Adelisa Kalajdzini\"},\"url\":\"https:\\\/\\\/www.organisator.ch\\\/de\\\/author\\\/adelisa-kalajdzini\\\/\"}]}<\/script>\n<!-- \/ Yoast SEO plugin. -->","yoast_head_json":{"title":"35 Jahre Jubil\u00e4ums-Meet-Swiss-Infosec - Organisator","description":"Swiss Infosec feiert 35 Jahre Integrale Sicherheit mit Reto Zbinden. Team und G\u00e4ste reflektieren Erfolge und neue Herausforderungen.","robots":{"index":"index","follow":"follow","max-snippet":"max-snippet:-1","max-image-preview":"max-image-preview:large","max-video-preview":"max-video-preview:-1"},"canonical":"https:\/\/www.organisator.ch\/de\/operational-excellence\/2024-09-26\/35-jahre-jubilaeums-meet-swiss-infosec\/","og_locale":"de_DE","og_type":"article","og_title":"35 Jahre Jubil\u00e4ums-Meet-Swiss-Infosec - Organisator","og_description":"Swiss Infosec feiert 35 Jahre Integrale Sicherheit mit Reto Zbinden. Team und G\u00e4ste reflektieren Erfolge und neue Herausforderungen.","og_url":"https:\/\/www.organisator.ch\/de\/operational-excellence\/2024-09-26\/35-jahre-jubilaeums-meet-swiss-infosec\/","og_site_name":"Organisator","article_publisher":"https:\/\/www.facebook.com\/OrganisatorFachmagazin","article_published_time":"2024-09-26T07:20:17+00:00","article_modified_time":"2024-11-08T06:40:32+00:00","og_image":[{"url":"https:\/\/www.m-q.ch\/wp-content\/uploads\/2024\/09\/Infosec_Bild1_ps.jpg","type":"","width":"","height":""}],"author":"Adelisa Kalajdzini","twitter_card":"summary_large_image","schema":{"@context":"https:\/\/schema.org","@graph":[{"@type":"Article","@id":"https:\/\/www.organisator.ch\/operational-excellence\/2024-09-26\/35-jahre-jubilaeums-meet-swiss-infosec\/#article","isPartOf":{"@id":"https:\/\/www.organisator.ch\/operational-excellence\/2024-09-26\/35-jahre-jubilaeums-meet-swiss-infosec\/"},"author":{"name":"Adelisa Kalajdzini","@id":"https:\/\/www.organisator.ch\/#\/schema\/person\/2e1314a2172123f874db408d8911d3f3"},"headline":"35 Jahre Jubil\u00e4ums-Meet-Swiss-Infosec","datePublished":"2024-09-26T07:20:17+00:00","dateModified":"2024-11-08T06:40:32+00:00","mainEntityOfPage":{"@id":"https:\/\/www.organisator.ch\/operational-excellence\/2024-09-26\/35-jahre-jubilaeums-meet-swiss-infosec\/"},"wordCount":670,"publisher":{"@id":"https:\/\/www.organisator.ch\/#organization"},"image":{"@id":"https:\/\/www.organisator.ch\/operational-excellence\/2024-09-26\/35-jahre-jubilaeums-meet-swiss-infosec\/#primaryimage"},"thumbnailUrl":"https:\/\/www.m-q.ch\/wp-content\/uploads\/2024\/09\/Infosec_Bild1_ps.jpg","keywords":["Infosec","Jubil\u00e4um","Management","Risikomanagement","Sicherheit","Unternehmen"],"articleSection":["OPERATIONAL EXCELLENCE"],"inLanguage":"de"},{"@type":"WebPage","@id":"https:\/\/www.organisator.ch\/operational-excellence\/2024-09-26\/35-jahre-jubilaeums-meet-swiss-infosec\/","url":"https:\/\/www.organisator.ch\/operational-excellence\/2024-09-26\/35-jahre-jubilaeums-meet-swiss-infosec\/","name":"35 Jahre Jubil\u00e4ums-Meet-Swiss-Infosec - Organisator","isPartOf":{"@id":"https:\/\/www.organisator.ch\/#website"},"primaryImageOfPage":{"@id":"https:\/\/www.organisator.ch\/operational-excellence\/2024-09-26\/35-jahre-jubilaeums-meet-swiss-infosec\/#primaryimage"},"image":{"@id":"https:\/\/www.organisator.ch\/operational-excellence\/2024-09-26\/35-jahre-jubilaeums-meet-swiss-infosec\/#primaryimage"},"thumbnailUrl":"https:\/\/www.m-q.ch\/wp-content\/uploads\/2024\/09\/Infosec_Bild1_ps.jpg","datePublished":"2024-09-26T07:20:17+00:00","dateModified":"2024-11-08T06:40:32+00:00","description":"Swiss Infosec feiert 35 Jahre Integrale Sicherheit mit Reto Zbinden. Team und G\u00e4ste reflektieren Erfolge und neue Herausforderungen.","breadcrumb":{"@id":"https:\/\/www.organisator.ch\/operational-excellence\/2024-09-26\/35-jahre-jubilaeums-meet-swiss-infosec\/#breadcrumb"},"inLanguage":"de","potentialAction":[{"@type":"ReadAction","target":["https:\/\/www.organisator.ch\/operational-excellence\/2024-09-26\/35-jahre-jubilaeums-meet-swiss-infosec\/"]}]},{"@type":"ImageObject","inLanguage":"de","@id":"https:\/\/www.organisator.ch\/operational-excellence\/2024-09-26\/35-jahre-jubilaeums-meet-swiss-infosec\/#primaryimage","url":"https:\/\/www.m-q.ch\/wp-content\/uploads\/2024\/09\/Infosec_Bild1_ps.jpg","contentUrl":"https:\/\/www.m-q.ch\/wp-content\/uploads\/2024\/09\/Infosec_Bild1_ps.jpg"},{"@type":"BreadcrumbList","@id":"https:\/\/www.organisator.ch\/operational-excellence\/2024-09-26\/35-jahre-jubilaeums-meet-swiss-infosec\/#breadcrumb","itemListElement":[{"@type":"ListItem","position":1,"name":"Home","item":"https:\/\/www.organisator.ch\/"},{"@type":"ListItem","position":2,"name":"35 Jahre Jubil\u00e4ums-Meet-Swiss-Infosec"}]},{"@type":"WebSite","@id":"https:\/\/www.organisator.ch\/#website","url":"https:\/\/www.organisator.ch\/","name":"Organisator","description":"Kompetent. Praxisnah. Der ORGANISATOR bereitet in 10 Ausgaben pro Jahr die wesentlichen Themen f\u00fcr F\u00fchrungskr\u00e4fte von KMU auf.","publisher":{"@id":"https:\/\/www.organisator.ch\/#organization"},"potentialAction":[{"@type":"SearchAction","target":{"@type":"EntryPoint","urlTemplate":"https:\/\/www.organisator.ch\/?s={search_term_string}"},"query-input":{"@type":"PropertyValueSpecification","valueRequired":true,"valueName":"search_term_string"}}],"inLanguage":"de"},{"@type":"Organization","@id":"https:\/\/www.organisator.ch\/#organization","name":"Organisator","url":"https:\/\/www.organisator.ch\/","logo":{"@type":"ImageObject","inLanguage":"de","@id":"https:\/\/www.organisator.ch\/#\/schema\/logo\/image\/","url":"https:\/\/www.organisator.ch\/wp-content\/uploads\/2022\/01\/Logo_Organisator_Website.png","contentUrl":"https:\/\/www.organisator.ch\/wp-content\/uploads\/2022\/01\/Logo_Organisator_Website.png","width":800,"height":77,"caption":"Organisator"},"image":{"@id":"https:\/\/www.organisator.ch\/#\/schema\/logo\/image\/"},"sameAs":["https:\/\/www.facebook.com\/OrganisatorFachmagazin","https:\/\/www.linkedin.com\/showcase\/organisator-das-magazin-fr-kmu","https:\/\/www.xing.com\/news\/pages\/organisator-ch-695","https:\/\/www.youtube.com\/channel\/UCGP2Sq0iWaZwT3BdIAQFYpw"]},{"@type":"Person","@id":"https:\/\/www.organisator.ch\/#\/schema\/person\/2e1314a2172123f874db408d8911d3f3","name":"Adelisa Kalajdzini","image":{"@type":"ImageObject","inLanguage":"de","@id":"https:\/\/secure.gravatar.com\/avatar\/09a397c22ac58cad6f160ee8306348599df9df58a8ede73696226897b9fa4b24?s=96&d=mm&r=g","url":"https:\/\/secure.gravatar.com\/avatar\/09a397c22ac58cad6f160ee8306348599df9df58a8ede73696226897b9fa4b24?s=96&d=mm&r=g","contentUrl":"https:\/\/secure.gravatar.com\/avatar\/09a397c22ac58cad6f160ee8306348599df9df58a8ede73696226897b9fa4b24?s=96&d=mm&r=g","caption":"Adelisa Kalajdzini"},"url":"https:\/\/www.organisator.ch\/de\/author\/adelisa-kalajdzini\/"}]}},"_links":{"self":[{"href":"https:\/\/www.organisator.ch\/de\/wp-json\/wp\/v2\/posts\/30130","targetHints":{"allow":["GET"]}}],"collection":[{"href":"https:\/\/www.organisator.ch\/de\/wp-json\/wp\/v2\/posts"}],"about":[{"href":"https:\/\/www.organisator.ch\/de\/wp-json\/wp\/v2\/types\/post"}],"author":[{"embeddable":true,"href":"https:\/\/www.organisator.ch\/de\/wp-json\/wp\/v2\/users\/58"}],"replies":[{"embeddable":true,"href":"https:\/\/www.organisator.ch\/de\/wp-json\/wp\/v2\/comments?post=30130"}],"version-history":[{"count":5,"href":"https:\/\/www.organisator.ch\/de\/wp-json\/wp\/v2\/posts\/30130\/revisions"}],"predecessor-version":[{"id":31879,"href":"https:\/\/www.organisator.ch\/de\/wp-json\/wp\/v2\/posts\/30130\/revisions\/31879"}],"wp:attachment":[{"href":"https:\/\/www.organisator.ch\/de\/wp-json\/wp\/v2\/media?parent=30130"}],"wp:term":[{"taxonomy":"category","embeddable":true,"href":"https:\/\/www.organisator.ch\/de\/wp-json\/wp\/v2\/categories?post=30130"},{"taxonomy":"post_tag","embeddable":true,"href":"https:\/\/www.organisator.ch\/de\/wp-json\/wp\/v2\/tags?post=30130"}],"curies":[{"name":"wp","href":"https:\/\/api.w.org\/{rel}","templated":true}]}}