{"id":30193,"date":"2024-09-27T09:33:16","date_gmt":"2024-09-27T07:33:16","guid":{"rendered":"https:\/\/www.markt-kom.com\/?p=224024"},"modified":"2024-11-08T06:53:10","modified_gmt":"2024-11-08T05:53:10","slug":"staempfli-kommunikation-gewinnt-vssm-pitch","status":"publish","type":"post","link":"https:\/\/www.organisator.ch\/de\/marketing\/2024-09-27\/staempfli-kommunikation-gewinnt-vssm-pitch\/","title":{"rendered":"St\u00e4mpfli Kommunikation gewinnt VSSM-Pitch"},"content":{"rendered":"<figure id=\"attachment_224025\" class=\"wp-caption aligncenter\" style=\"width: 1200px\" aria-describedby=\"caption-attachment-224025\"><img class=\"aligncenter wp-image-224025 size-full\" src=\"https:\/\/www.markt-kom.com\/wp-content\/uploads\/2024\/09\/macher23_unikat_mit_schreiner_m_w.jpg\" alt=\"VSSM Dachkampagne 2024\" width=\"1200\" height=\"900\" \/>\r\n<figcaption id=\"caption-attachment-224025\" class=\"wp-caption-text\">(Bild: zVg.)<\/figcaption>\r\n<\/figure>\r\n<p>Die Herausforderungen der modernen Kommunikationswelt und der wachsende Wettbewerb machen eine Weiterentwicklung und St\u00e4rkung des Branchenimages des VSSM erforderlich. Die Mitgliedsbetriebe des VSSM treten dabei als innovative Macher auf, was die Attraktivit\u00e4t des Berufsstands nachhaltig steigern soll.<\/p>\r\n<p>St\u00e4mpfli Kommunikation wird f\u00fcr die neue Dachkampagne des VSSM verantwortlich zeichnen. Mit einem klaren Fokus auf Innovation, Authentizit\u00e4t und Handwerkskunst hat die Agentur eine Strategie entwickelt, die das Image des Verbands st\u00e4rken und gleichzeitig Nachwuchs und Quereinsteigende begeistern soll. Zentrales Ziel ist es, die Sichtbarkeit des Schreinerberufs in der \u00d6ffentlichkeit nachhaltig zu erh\u00f6hen und gezielt den Fachkr\u00e4fte- und Lehrlingsmangel zu bek\u00e4mpfen. Dabei wird nicht nur der Beruf der Schreinerin oder des Schreiners in den Mittelpunkt ger\u00fcckt, sondern ebenso die vielf\u00e4ltigen Dienstleistungen und Produkte, die die 2\u2019000 Mitgliedsbetriebe f\u00fcr die Bev\u00f6lkerung bereitstellen.<\/p>\r\n<p>Mit visuellen Highlights und emotionalen Botschaften soll die Vielfalt des Schreinerberufs \u2013 von pr\u00e4ziser Handwerkskunst und leidenschaftlichem Engagement bis hin zur Innovationskraft moderner Technologien \u2013 aufgezeigt werden. Der kreative Ansatz von St\u00e4mpfli Kommunikation pr\u00e4sentiert die Schreinerbranche als zukunftssicheren und spannenden Beruf, der Tradition mit moderner Technik verbindet.<strong><br \/>\r\n<\/strong>Die Kampagne wird sich auf verschiedene Kommunikationskan\u00e4le st\u00fctzen, darunter Out-of-Home, Print, Social Media und digitale Plattformen. Ein besonderes Augenmerk liegt auf der gezielten Ansprache junger Menschen, die f\u00fcr eine Ausbildung oder einen Quereinstieg in die Schreinerbranche begeistert werden sollen. Der Beruf des Schreiners oder der Schreinerin wird als kreative und zukunftssichere Option positioniert.<\/p>\r\n<hr \/>\r\n<p><strong>Verantwortlich beim Verband Schweizerischer Schreinermeister und M\u00f6belfabrikanten VSSM: <\/strong>Daniel Furrer (Direktor), Michael Poysden (Bereichsleiter Marketing &amp; Kommunikation), Claudio Valenti (Leiter Marketing) und Rolf K\u00fcmin (Bereichsleiter\u00a0Bildung). <strong>Verantwortlich bei St\u00e4mpfli Kommunikation: <\/strong>Benjamin Scheurer (Creative Director, Teamleiter Kreation), Monica Masciadri (Senior Beraterin Kommunikationsagentur, Andi Huggel (Leitung Verbandskommunikation) und Adriana Siragusano (Junior Beraterin \/ Projektleiterin).<\/p>","protected":false},"excerpt":{"rendered":"<p>St\u00e4mpfli Kommunikation hat den Pitch des Verbands Schweizerischer Schreinermeister und M\u00f6belfabrikanten VSSM gewonnen. Mit einer Dachkampagne und einem klaren Fokus auf die kreative Handwerkskunst wird St\u00e4mpfli das Image des Schreinerhandwerks in der Schweiz neu definieren und die Sichtbarkeit der Branche nachhaltig st\u00e4rken.<\/p>\n","protected":false},"author":8,"featured_media":0,"comment_status":"closed","ping_status":"closed","sticky":false,"template":"","format":"standard","meta":{"_acf_changed":false,"_yoast_wpseo_focuskw":"VSSM Dachkampagne 2024","_yoast_wpseo_metadesc":"eue VSSM-Kampagne von St\u00e4mpfli Kommunikation st\u00e4rkt das Image der Schreinerbranche und bek\u00e4mpft Fachkr\u00e4fte- und Lehrlingsmangel.","articlekey":"","footnotes":""},"categories":[29],"tags":[2855,4070,4554],"class_list":["post-30193","post","type-post","status-publish","format-standard","hentry","category-marketing","tag-etats","tag-staempfli-kommunikation","tag-vssm"],"acf":[],"yoast_head":"<!-- This site is optimized with the Yoast SEO plugin v27.4 - https:\/\/yoast.com\/product\/yoast-seo-wordpress\/ -->\n<title>St\u00e4mpfli Kommunikation gewinnt VSSM-Pitch - Organisator<\/title>\n<meta name=\"description\" content=\"eue VSSM-Kampagne von St\u00e4mpfli Kommunikation st\u00e4rkt das Image der Schreinerbranche und bek\u00e4mpft Fachkr\u00e4fte- und Lehrlingsmangel.\" \/>\n<meta name=\"robots\" content=\"index, follow, max-snippet:-1, max-image-preview:large, max-video-preview:-1\" \/>\n<link rel=\"canonical\" href=\"https:\/\/www.organisator.ch\/de\/marketing\/2024-09-27\/staempfli-kommunikation-gewinnt-vssm-pitch\/\" \/>\n<meta property=\"og:locale\" content=\"de_DE\" \/>\n<meta property=\"og:type\" content=\"article\" \/>\n<meta property=\"og:title\" content=\"St\u00e4mpfli Kommunikation gewinnt VSSM-Pitch - Organisator\" \/>\n<meta property=\"og:description\" content=\"eue VSSM-Kampagne von St\u00e4mpfli Kommunikation st\u00e4rkt das Image der Schreinerbranche und bek\u00e4mpft Fachkr\u00e4fte- und Lehrlingsmangel.\" \/>\n<meta property=\"og:url\" content=\"https:\/\/www.organisator.ch\/de\/marketing\/2024-09-27\/staempfli-kommunikation-gewinnt-vssm-pitch\/\" \/>\n<meta property=\"og:site_name\" content=\"Organisator\" \/>\n<meta property=\"article:publisher\" content=\"https:\/\/www.facebook.com\/OrganisatorFachmagazin\" \/>\n<meta property=\"article:published_time\" content=\"2024-09-27T07:33:16+00:00\" \/>\n<meta property=\"article:modified_time\" content=\"2024-11-08T05:53:10+00:00\" \/>\n<meta property=\"og:image\" content=\"https:\/\/www.markt-kom.com\/wp-content\/uploads\/2024\/09\/macher23_unikat_mit_schreiner_m_w.jpg\" \/>\n<meta name=\"author\" content=\"galledia\" \/>\n<meta name=\"twitter:card\" content=\"summary_large_image\" \/>\n<meta name=\"twitter:creator\" content=\"@admin\" \/>\n<script type=\"application\/ld+json\" class=\"yoast-schema-graph\">{\"@context\":\"https:\\\/\\\/schema.org\",\"@graph\":[{\"@type\":\"Article\",\"@id\":\"https:\\\/\\\/www.organisator.ch\\\/marketing\\\/2024-09-27\\\/staempfli-kommunikation-gewinnt-vssm-pitch\\\/#article\",\"isPartOf\":{\"@id\":\"https:\\\/\\\/www.organisator.ch\\\/marketing\\\/2024-09-27\\\/staempfli-kommunikation-gewinnt-vssm-pitch\\\/\"},\"author\":{\"name\":\"galledia\",\"@id\":\"https:\\\/\\\/www.organisator.ch\\\/#\\\/schema\\\/person\\\/4e51799071cd2dd1232ac003643ef5f0\"},\"headline\":\"St\u00e4mpfli Kommunikation gewinnt VSSM-Pitch\",\"datePublished\":\"2024-09-27T07:33:16+00:00\",\"dateModified\":\"2024-11-08T05:53:10+00:00\",\"mainEntityOfPage\":{\"@id\":\"https:\\\/\\\/www.organisator.ch\\\/marketing\\\/2024-09-27\\\/staempfli-kommunikation-gewinnt-vssm-pitch\\\/\"},\"wordCount\":305,\"publisher\":{\"@id\":\"https:\\\/\\\/www.organisator.ch\\\/#organization\"},\"image\":{\"@id\":\"https:\\\/\\\/www.organisator.ch\\\/marketing\\\/2024-09-27\\\/staempfli-kommunikation-gewinnt-vssm-pitch\\\/#primaryimage\"},\"thumbnailUrl\":\"https:\\\/\\\/www.markt-kom.com\\\/wp-content\\\/uploads\\\/2024\\\/09\\\/macher23_unikat_mit_schreiner_m_w.jpg\",\"keywords\":[\"Etats\",\"St\u00e4mpfli Kommunikation\",\"VSSM\"],\"articleSection\":[\"MARKETING\"],\"inLanguage\":\"de\"},{\"@type\":\"WebPage\",\"@id\":\"https:\\\/\\\/www.organisator.ch\\\/marketing\\\/2024-09-27\\\/staempfli-kommunikation-gewinnt-vssm-pitch\\\/\",\"url\":\"https:\\\/\\\/www.organisator.ch\\\/marketing\\\/2024-09-27\\\/staempfli-kommunikation-gewinnt-vssm-pitch\\\/\",\"name\":\"St\u00e4mpfli Kommunikation gewinnt VSSM-Pitch - Organisator\",\"isPartOf\":{\"@id\":\"https:\\\/\\\/www.organisator.ch\\\/#website\"},\"primaryImageOfPage\":{\"@id\":\"https:\\\/\\\/www.organisator.ch\\\/marketing\\\/2024-09-27\\\/staempfli-kommunikation-gewinnt-vssm-pitch\\\/#primaryimage\"},\"image\":{\"@id\":\"https:\\\/\\\/www.organisator.ch\\\/marketing\\\/2024-09-27\\\/staempfli-kommunikation-gewinnt-vssm-pitch\\\/#primaryimage\"},\"thumbnailUrl\":\"https:\\\/\\\/www.markt-kom.com\\\/wp-content\\\/uploads\\\/2024\\\/09\\\/macher23_unikat_mit_schreiner_m_w.jpg\",\"datePublished\":\"2024-09-27T07:33:16+00:00\",\"dateModified\":\"2024-11-08T05:53:10+00:00\",\"description\":\"eue VSSM-Kampagne von St\u00e4mpfli Kommunikation st\u00e4rkt das Image der Schreinerbranche und bek\u00e4mpft Fachkr\u00e4fte- und Lehrlingsmangel.\",\"breadcrumb\":{\"@id\":\"https:\\\/\\\/www.organisator.ch\\\/marketing\\\/2024-09-27\\\/staempfli-kommunikation-gewinnt-vssm-pitch\\\/#breadcrumb\"},\"inLanguage\":\"de\",\"potentialAction\":[{\"@type\":\"ReadAction\",\"target\":[\"https:\\\/\\\/www.organisator.ch\\\/marketing\\\/2024-09-27\\\/staempfli-kommunikation-gewinnt-vssm-pitch\\\/\"]}]},{\"@type\":\"ImageObject\",\"inLanguage\":\"de\",\"@id\":\"https:\\\/\\\/www.organisator.ch\\\/marketing\\\/2024-09-27\\\/staempfli-kommunikation-gewinnt-vssm-pitch\\\/#primaryimage\",\"url\":\"https:\\\/\\\/www.markt-kom.com\\\/wp-content\\\/uploads\\\/2024\\\/09\\\/macher23_unikat_mit_schreiner_m_w.jpg\",\"contentUrl\":\"https:\\\/\\\/www.markt-kom.com\\\/wp-content\\\/uploads\\\/2024\\\/09\\\/macher23_unikat_mit_schreiner_m_w.jpg\"},{\"@type\":\"BreadcrumbList\",\"@id\":\"https:\\\/\\\/www.organisator.ch\\\/marketing\\\/2024-09-27\\\/staempfli-kommunikation-gewinnt-vssm-pitch\\\/#breadcrumb\",\"itemListElement\":[{\"@type\":\"ListItem\",\"position\":1,\"name\":\"Home\",\"item\":\"https:\\\/\\\/www.organisator.ch\\\/\"},{\"@type\":\"ListItem\",\"position\":2,\"name\":\"St\u00e4mpfli Kommunikation gewinnt VSSM-Pitch\"}]},{\"@type\":\"WebSite\",\"@id\":\"https:\\\/\\\/www.organisator.ch\\\/#website\",\"url\":\"https:\\\/\\\/www.organisator.ch\\\/\",\"name\":\"Organisator\",\"description\":\"Kompetent. Praxisnah. Der ORGANISATOR bereitet in 10 Ausgaben pro Jahr die wesentlichen Themen f\u00fcr F\u00fchrungskr\u00e4fte von KMU auf.\",\"publisher\":{\"@id\":\"https:\\\/\\\/www.organisator.ch\\\/#organization\"},\"potentialAction\":[{\"@type\":\"SearchAction\",\"target\":{\"@type\":\"EntryPoint\",\"urlTemplate\":\"https:\\\/\\\/www.organisator.ch\\\/?s={search_term_string}\"},\"query-input\":{\"@type\":\"PropertyValueSpecification\",\"valueRequired\":true,\"valueName\":\"search_term_string\"}}],\"inLanguage\":\"de\"},{\"@type\":\"Organization\",\"@id\":\"https:\\\/\\\/www.organisator.ch\\\/#organization\",\"name\":\"Organisator\",\"url\":\"https:\\\/\\\/www.organisator.ch\\\/\",\"logo\":{\"@type\":\"ImageObject\",\"inLanguage\":\"de\",\"@id\":\"https:\\\/\\\/www.organisator.ch\\\/#\\\/schema\\\/logo\\\/image\\\/\",\"url\":\"https:\\\/\\\/www.organisator.ch\\\/wp-content\\\/uploads\\\/2022\\\/01\\\/Logo_Organisator_Website.png\",\"contentUrl\":\"https:\\\/\\\/www.organisator.ch\\\/wp-content\\\/uploads\\\/2022\\\/01\\\/Logo_Organisator_Website.png\",\"width\":800,\"height\":77,\"caption\":\"Organisator\"},\"image\":{\"@id\":\"https:\\\/\\\/www.organisator.ch\\\/#\\\/schema\\\/logo\\\/image\\\/\"},\"sameAs\":[\"https:\\\/\\\/www.facebook.com\\\/OrganisatorFachmagazin\",\"https:\\\/\\\/www.linkedin.com\\\/showcase\\\/organisator-das-magazin-fr-kmu\",\"https:\\\/\\\/www.xing.com\\\/news\\\/pages\\\/organisator-ch-695\",\"https:\\\/\\\/www.youtube.com\\\/channel\\\/UCGP2Sq0iWaZwT3BdIAQFYpw\"]},{\"@type\":\"Person\",\"@id\":\"https:\\\/\\\/www.organisator.ch\\\/#\\\/schema\\\/person\\\/4e51799071cd2dd1232ac003643ef5f0\",\"name\":\"galledia\",\"image\":{\"@type\":\"ImageObject\",\"inLanguage\":\"de\",\"@id\":\"https:\\\/\\\/secure.gravatar.com\\\/avatar\\\/78a7f90c01fc2bfc875782a0d4922b37cde2cf184ce347b91316d23cd7f69a36?s=96&d=mm&r=g\",\"url\":\"https:\\\/\\\/secure.gravatar.com\\\/avatar\\\/78a7f90c01fc2bfc875782a0d4922b37cde2cf184ce347b91316d23cd7f69a36?s=96&d=mm&r=g\",\"contentUrl\":\"https:\\\/\\\/secure.gravatar.com\\\/avatar\\\/78a7f90c01fc2bfc875782a0d4922b37cde2cf184ce347b91316d23cd7f69a36?s=96&d=mm&r=g\",\"caption\":\"galledia\"},\"sameAs\":[\"https:\\\/\\\/x.com\\\/admin\"],\"url\":\"https:\\\/\\\/www.organisator.ch\\\/de\\\/author\\\/galledia\\\/\"}]}<\/script>\n<!-- \/ Yoast SEO plugin. -->","yoast_head_json":{"title":"St\u00e4mpfli Kommunikation gewinnt VSSM-Pitch - Organisator","description":"eue VSSM-Kampagne von St\u00e4mpfli Kommunikation st\u00e4rkt das Image der Schreinerbranche und bek\u00e4mpft Fachkr\u00e4fte- und Lehrlingsmangel.","robots":{"index":"index","follow":"follow","max-snippet":"max-snippet:-1","max-image-preview":"max-image-preview:large","max-video-preview":"max-video-preview:-1"},"canonical":"https:\/\/www.organisator.ch\/de\/marketing\/2024-09-27\/staempfli-kommunikation-gewinnt-vssm-pitch\/","og_locale":"de_DE","og_type":"article","og_title":"St\u00e4mpfli Kommunikation gewinnt VSSM-Pitch - Organisator","og_description":"eue VSSM-Kampagne von St\u00e4mpfli Kommunikation st\u00e4rkt das Image der Schreinerbranche und bek\u00e4mpft Fachkr\u00e4fte- und Lehrlingsmangel.","og_url":"https:\/\/www.organisator.ch\/de\/marketing\/2024-09-27\/staempfli-kommunikation-gewinnt-vssm-pitch\/","og_site_name":"Organisator","article_publisher":"https:\/\/www.facebook.com\/OrganisatorFachmagazin","article_published_time":"2024-09-27T07:33:16+00:00","article_modified_time":"2024-11-08T05:53:10+00:00","og_image":[{"url":"https:\/\/www.markt-kom.com\/wp-content\/uploads\/2024\/09\/macher23_unikat_mit_schreiner_m_w.jpg","type":"","width":"","height":""}],"author":"galledia","twitter_card":"summary_large_image","twitter_creator":"@admin","schema":{"@context":"https:\/\/schema.org","@graph":[{"@type":"Article","@id":"https:\/\/www.organisator.ch\/marketing\/2024-09-27\/staempfli-kommunikation-gewinnt-vssm-pitch\/#article","isPartOf":{"@id":"https:\/\/www.organisator.ch\/marketing\/2024-09-27\/staempfli-kommunikation-gewinnt-vssm-pitch\/"},"author":{"name":"galledia","@id":"https:\/\/www.organisator.ch\/#\/schema\/person\/4e51799071cd2dd1232ac003643ef5f0"},"headline":"St\u00e4mpfli Kommunikation gewinnt VSSM-Pitch","datePublished":"2024-09-27T07:33:16+00:00","dateModified":"2024-11-08T05:53:10+00:00","mainEntityOfPage":{"@id":"https:\/\/www.organisator.ch\/marketing\/2024-09-27\/staempfli-kommunikation-gewinnt-vssm-pitch\/"},"wordCount":305,"publisher":{"@id":"https:\/\/www.organisator.ch\/#organization"},"image":{"@id":"https:\/\/www.organisator.ch\/marketing\/2024-09-27\/staempfli-kommunikation-gewinnt-vssm-pitch\/#primaryimage"},"thumbnailUrl":"https:\/\/www.markt-kom.com\/wp-content\/uploads\/2024\/09\/macher23_unikat_mit_schreiner_m_w.jpg","keywords":["Etats","St\u00e4mpfli Kommunikation","VSSM"],"articleSection":["MARKETING"],"inLanguage":"de"},{"@type":"WebPage","@id":"https:\/\/www.organisator.ch\/marketing\/2024-09-27\/staempfli-kommunikation-gewinnt-vssm-pitch\/","url":"https:\/\/www.organisator.ch\/marketing\/2024-09-27\/staempfli-kommunikation-gewinnt-vssm-pitch\/","name":"St\u00e4mpfli Kommunikation gewinnt VSSM-Pitch - Organisator","isPartOf":{"@id":"https:\/\/www.organisator.ch\/#website"},"primaryImageOfPage":{"@id":"https:\/\/www.organisator.ch\/marketing\/2024-09-27\/staempfli-kommunikation-gewinnt-vssm-pitch\/#primaryimage"},"image":{"@id":"https:\/\/www.organisator.ch\/marketing\/2024-09-27\/staempfli-kommunikation-gewinnt-vssm-pitch\/#primaryimage"},"thumbnailUrl":"https:\/\/www.markt-kom.com\/wp-content\/uploads\/2024\/09\/macher23_unikat_mit_schreiner_m_w.jpg","datePublished":"2024-09-27T07:33:16+00:00","dateModified":"2024-11-08T05:53:10+00:00","description":"eue VSSM-Kampagne von St\u00e4mpfli Kommunikation st\u00e4rkt das Image der Schreinerbranche und bek\u00e4mpft Fachkr\u00e4fte- und Lehrlingsmangel.","breadcrumb":{"@id":"https:\/\/www.organisator.ch\/marketing\/2024-09-27\/staempfli-kommunikation-gewinnt-vssm-pitch\/#breadcrumb"},"inLanguage":"de","potentialAction":[{"@type":"ReadAction","target":["https:\/\/www.organisator.ch\/marketing\/2024-09-27\/staempfli-kommunikation-gewinnt-vssm-pitch\/"]}]},{"@type":"ImageObject","inLanguage":"de","@id":"https:\/\/www.organisator.ch\/marketing\/2024-09-27\/staempfli-kommunikation-gewinnt-vssm-pitch\/#primaryimage","url":"https:\/\/www.markt-kom.com\/wp-content\/uploads\/2024\/09\/macher23_unikat_mit_schreiner_m_w.jpg","contentUrl":"https:\/\/www.markt-kom.com\/wp-content\/uploads\/2024\/09\/macher23_unikat_mit_schreiner_m_w.jpg"},{"@type":"BreadcrumbList","@id":"https:\/\/www.organisator.ch\/marketing\/2024-09-27\/staempfli-kommunikation-gewinnt-vssm-pitch\/#breadcrumb","itemListElement":[{"@type":"ListItem","position":1,"name":"Home","item":"https:\/\/www.organisator.ch\/"},{"@type":"ListItem","position":2,"name":"St\u00e4mpfli Kommunikation gewinnt VSSM-Pitch"}]},{"@type":"WebSite","@id":"https:\/\/www.organisator.ch\/#website","url":"https:\/\/www.organisator.ch\/","name":"Organisator","description":"Kompetent. Praxisnah. Der ORGANISATOR bereitet in 10 Ausgaben pro Jahr die wesentlichen Themen f\u00fcr F\u00fchrungskr\u00e4fte von KMU auf.","publisher":{"@id":"https:\/\/www.organisator.ch\/#organization"},"potentialAction":[{"@type":"SearchAction","target":{"@type":"EntryPoint","urlTemplate":"https:\/\/www.organisator.ch\/?s={search_term_string}"},"query-input":{"@type":"PropertyValueSpecification","valueRequired":true,"valueName":"search_term_string"}}],"inLanguage":"de"},{"@type":"Organization","@id":"https:\/\/www.organisator.ch\/#organization","name":"Organisator","url":"https:\/\/www.organisator.ch\/","logo":{"@type":"ImageObject","inLanguage":"de","@id":"https:\/\/www.organisator.ch\/#\/schema\/logo\/image\/","url":"https:\/\/www.organisator.ch\/wp-content\/uploads\/2022\/01\/Logo_Organisator_Website.png","contentUrl":"https:\/\/www.organisator.ch\/wp-content\/uploads\/2022\/01\/Logo_Organisator_Website.png","width":800,"height":77,"caption":"Organisator"},"image":{"@id":"https:\/\/www.organisator.ch\/#\/schema\/logo\/image\/"},"sameAs":["https:\/\/www.facebook.com\/OrganisatorFachmagazin","https:\/\/www.linkedin.com\/showcase\/organisator-das-magazin-fr-kmu","https:\/\/www.xing.com\/news\/pages\/organisator-ch-695","https:\/\/www.youtube.com\/channel\/UCGP2Sq0iWaZwT3BdIAQFYpw"]},{"@type":"Person","@id":"https:\/\/www.organisator.ch\/#\/schema\/person\/4e51799071cd2dd1232ac003643ef5f0","name":"galledia","image":{"@type":"ImageObject","inLanguage":"de","@id":"https:\/\/secure.gravatar.com\/avatar\/78a7f90c01fc2bfc875782a0d4922b37cde2cf184ce347b91316d23cd7f69a36?s=96&d=mm&r=g","url":"https:\/\/secure.gravatar.com\/avatar\/78a7f90c01fc2bfc875782a0d4922b37cde2cf184ce347b91316d23cd7f69a36?s=96&d=mm&r=g","contentUrl":"https:\/\/secure.gravatar.com\/avatar\/78a7f90c01fc2bfc875782a0d4922b37cde2cf184ce347b91316d23cd7f69a36?s=96&d=mm&r=g","caption":"galledia"},"sameAs":["https:\/\/x.com\/admin"],"url":"https:\/\/www.organisator.ch\/de\/author\/galledia\/"}]}},"_links":{"self":[{"href":"https:\/\/www.organisator.ch\/de\/wp-json\/wp\/v2\/posts\/30193","targetHints":{"allow":["GET"]}}],"collection":[{"href":"https:\/\/www.organisator.ch\/de\/wp-json\/wp\/v2\/posts"}],"about":[{"href":"https:\/\/www.organisator.ch\/de\/wp-json\/wp\/v2\/types\/post"}],"author":[{"embeddable":true,"href":"https:\/\/www.organisator.ch\/de\/wp-json\/wp\/v2\/users\/8"}],"replies":[{"embeddable":true,"href":"https:\/\/www.organisator.ch\/de\/wp-json\/wp\/v2\/comments?post=30193"}],"version-history":[{"count":4,"href":"https:\/\/www.organisator.ch\/de\/wp-json\/wp\/v2\/posts\/30193\/revisions"}],"predecessor-version":[{"id":31863,"href":"https:\/\/www.organisator.ch\/de\/wp-json\/wp\/v2\/posts\/30193\/revisions\/31863"}],"wp:attachment":[{"href":"https:\/\/www.organisator.ch\/de\/wp-json\/wp\/v2\/media?parent=30193"}],"wp:term":[{"taxonomy":"category","embeddable":true,"href":"https:\/\/www.organisator.ch\/de\/wp-json\/wp\/v2\/categories?post=30193"},{"taxonomy":"post_tag","embeddable":true,"href":"https:\/\/www.organisator.ch\/de\/wp-json\/wp\/v2\/tags?post=30193"}],"curies":[{"name":"wp","href":"https:\/\/api.w.org\/{rel}","templated":true}]}}