{"id":30198,"date":"2024-09-27T12:51:21","date_gmt":"2024-09-27T10:51:21","guid":{"rendered":"https:\/\/www.markt-kom.com\/?p=224041"},"modified":"2024-11-08T06:29:56","modified_gmt":"2024-11-08T05:29:56","slug":"stammkraft-erweitert-die-geschaeftsleitung","status":"publish","type":"post","link":"https:\/\/www.organisator.ch\/de\/marketing\/2024-09-27\/stammkraft-erweitert-die-geschaeftsleitung\/","title":{"rendered":"Stammkraft erweitert die Gesch\u00e4ftsleitung"},"content":{"rendered":"<figure id=\"attachment_224042\" class=\"wp-caption aligncenter\" style=\"width: 1138px\" aria-describedby=\"caption-attachment-224042\"><img class=\"aligncenter wp-image-224042 size-full\" src=\"https:\/\/www.markt-kom.com\/wp-content\/uploads\/2024\/09\/Agentur-stammkraft-GL.jpg\" alt=\"Stammkraft neue \" width=\"1138\" height=\"854\" \/>\r\n<figcaption id=\"caption-attachment-224042\" class=\"wp-caption-text\">(Bild: zVg.)<\/figcaption>\r\n<\/figure>\r\n<p>Nach zehn Jahren T\u00e4tigkeit gestaltet die Firma ihre Zukunft mit einer neuen Struktur und einem verst\u00e4rkten Team. Dies, um den Anforderungen der Kundschaft \u00abnoch besser gerecht zu werden\u00bb, wie es in einer Mitteilung heisst.<\/p>\r\n<p>Zudem hat Stammkraft einen neuen Webauftritt. Mit der benutzerfreundlichen Plattform k\u00f6nne noch direkter auf Dienstleistungen zugegriffen werden.<\/p>\r\n<p>Stammkraft ist tief im Handwerk verwurzelt und steht f\u00fcr die kunstvolle Verbindung von Naturmaterialien und modernster Technologie im Bereich der Event- und Objektbauten. Ihre Dienstleistungen umfassen bauliche Detailkonzeption, Projektplanung, Prototypenentwicklung und -produktion sowie die Umsetzung bis zur Zielerreichung.<\/p>\r\n<p>\u00abWir sind dankbar, dass Ruth und Philippe unsere Werte nach innen und aussen tragen und gemeinsam mit uns die Zukunft von Stammkraft gestalten. Mit der neuen Website und der erweiterten Gesch\u00e4ftsleitung sind wir optimal aufgestellt, um weiterhin inspirierende Markenerlebnisse zu schaffen. Ich w\u00fcnsche beiden viel Erfolg und danke f\u00fcr das Vertrauen\u00bb, sagt Marco Th\u00f6ni, Gesch\u00e4ftsf\u00fchrer von Stammkraft.<\/p>","protected":false},"excerpt":{"rendered":"<p>Die Firma Stammkraft startet mit einem verst\u00e4rkten Team in die Zukunft. Neben den Gr\u00fcndern Marco Th\u00f6ni und Stefanie Th\u00f6ni wird die Gesch\u00e4ftsleitung um Ruth Folghera, Produktionsleitung, und Philippe Attiger, Umsetzungsleitung, erweitert.<\/p>\n","protected":false},"author":8,"featured_media":0,"comment_status":"closed","ping_status":"closed","sticky":false,"template":"","format":"standard","meta":{"_acf_changed":false,"_yoast_wpseo_focuskw":"Stammkraft neue","_yoast_wpseo_metadesc":"Nach 10 Jahren erneuert Stammkraft seine Struktur und stellt eine benutzerfreundliche Website vor, um besser auf Kundenbed\u00fcrfnisse einzugehen.","articlekey":"","footnotes":""},"categories":[29],"tags":[4345,2799,4557],"class_list":["post-30198","post","type-post","status-publish","format-standard","hentry","category-marketing","tag-business","tag-messen-und-events","tag-stammkraft"],"acf":[],"yoast_head":"<!-- This site is optimized with the Yoast SEO plugin v27.5 - https:\/\/yoast.com\/product\/yoast-seo-wordpress\/ -->\n<title>Stammkraft erweitert die Gesch\u00e4ftsleitung - Organisator<\/title>\n<meta name=\"description\" content=\"Nach 10 Jahren erneuert Stammkraft seine Struktur und stellt eine benutzerfreundliche Website vor, um besser auf Kundenbed\u00fcrfnisse einzugehen.\" \/>\n<meta name=\"robots\" content=\"index, follow, max-snippet:-1, max-image-preview:large, max-video-preview:-1\" \/>\n<link rel=\"canonical\" href=\"https:\/\/www.organisator.ch\/de\/marketing\/2024-09-27\/stammkraft-erweitert-die-geschaeftsleitung\/\" \/>\n<meta property=\"og:locale\" content=\"de_DE\" \/>\n<meta property=\"og:type\" content=\"article\" \/>\n<meta property=\"og:title\" content=\"Stammkraft erweitert die Gesch\u00e4ftsleitung - Organisator\" \/>\n<meta property=\"og:description\" content=\"Nach 10 Jahren erneuert Stammkraft seine Struktur und stellt eine benutzerfreundliche Website vor, um besser auf Kundenbed\u00fcrfnisse einzugehen.\" \/>\n<meta property=\"og:url\" content=\"https:\/\/www.organisator.ch\/de\/marketing\/2024-09-27\/stammkraft-erweitert-die-geschaeftsleitung\/\" \/>\n<meta property=\"og:site_name\" content=\"Organisator\" \/>\n<meta property=\"article:publisher\" content=\"https:\/\/www.facebook.com\/OrganisatorFachmagazin\" \/>\n<meta property=\"article:published_time\" content=\"2024-09-27T10:51:21+00:00\" \/>\n<meta property=\"article:modified_time\" content=\"2024-11-08T05:29:56+00:00\" \/>\n<meta property=\"og:image\" content=\"https:\/\/www.markt-kom.com\/wp-content\/uploads\/2024\/09\/Agentur-stammkraft-GL.jpg\" \/>\n<meta name=\"author\" content=\"galledia\" \/>\n<meta name=\"twitter:card\" content=\"summary_large_image\" \/>\n<meta name=\"twitter:creator\" content=\"@admin\" \/>\n<script type=\"application\/ld+json\" class=\"yoast-schema-graph\">{\"@context\":\"https:\\\/\\\/schema.org\",\"@graph\":[{\"@type\":\"Article\",\"@id\":\"https:\\\/\\\/www.organisator.ch\\\/marketing\\\/2024-09-27\\\/stammkraft-erweitert-die-geschaeftsleitung\\\/#article\",\"isPartOf\":{\"@id\":\"https:\\\/\\\/www.organisator.ch\\\/marketing\\\/2024-09-27\\\/stammkraft-erweitert-die-geschaeftsleitung\\\/\"},\"author\":{\"name\":\"galledia\",\"@id\":\"https:\\\/\\\/www.organisator.ch\\\/#\\\/schema\\\/person\\\/4e51799071cd2dd1232ac003643ef5f0\"},\"headline\":\"Stammkraft erweitert die Gesch\u00e4ftsleitung\",\"datePublished\":\"2024-09-27T10:51:21+00:00\",\"dateModified\":\"2024-11-08T05:29:56+00:00\",\"mainEntityOfPage\":{\"@id\":\"https:\\\/\\\/www.organisator.ch\\\/marketing\\\/2024-09-27\\\/stammkraft-erweitert-die-geschaeftsleitung\\\/\"},\"wordCount\":163,\"publisher\":{\"@id\":\"https:\\\/\\\/www.organisator.ch\\\/#organization\"},\"image\":{\"@id\":\"https:\\\/\\\/www.organisator.ch\\\/marketing\\\/2024-09-27\\\/stammkraft-erweitert-die-geschaeftsleitung\\\/#primaryimage\"},\"thumbnailUrl\":\"https:\\\/\\\/www.markt-kom.com\\\/wp-content\\\/uploads\\\/2024\\\/09\\\/Agentur-stammkraft-GL.jpg\",\"keywords\":[\"Business\",\"Messen und Events\",\"Stammkraft\"],\"articleSection\":[\"MARKETING\"],\"inLanguage\":\"de\"},{\"@type\":\"WebPage\",\"@id\":\"https:\\\/\\\/www.organisator.ch\\\/marketing\\\/2024-09-27\\\/stammkraft-erweitert-die-geschaeftsleitung\\\/\",\"url\":\"https:\\\/\\\/www.organisator.ch\\\/marketing\\\/2024-09-27\\\/stammkraft-erweitert-die-geschaeftsleitung\\\/\",\"name\":\"Stammkraft erweitert die Gesch\u00e4ftsleitung - Organisator\",\"isPartOf\":{\"@id\":\"https:\\\/\\\/www.organisator.ch\\\/#website\"},\"primaryImageOfPage\":{\"@id\":\"https:\\\/\\\/www.organisator.ch\\\/marketing\\\/2024-09-27\\\/stammkraft-erweitert-die-geschaeftsleitung\\\/#primaryimage\"},\"image\":{\"@id\":\"https:\\\/\\\/www.organisator.ch\\\/marketing\\\/2024-09-27\\\/stammkraft-erweitert-die-geschaeftsleitung\\\/#primaryimage\"},\"thumbnailUrl\":\"https:\\\/\\\/www.markt-kom.com\\\/wp-content\\\/uploads\\\/2024\\\/09\\\/Agentur-stammkraft-GL.jpg\",\"datePublished\":\"2024-09-27T10:51:21+00:00\",\"dateModified\":\"2024-11-08T05:29:56+00:00\",\"description\":\"Nach 10 Jahren erneuert Stammkraft seine Struktur und stellt eine benutzerfreundliche Website vor, um besser auf Kundenbed\u00fcrfnisse einzugehen.\",\"breadcrumb\":{\"@id\":\"https:\\\/\\\/www.organisator.ch\\\/marketing\\\/2024-09-27\\\/stammkraft-erweitert-die-geschaeftsleitung\\\/#breadcrumb\"},\"inLanguage\":\"de\",\"potentialAction\":[{\"@type\":\"ReadAction\",\"target\":[\"https:\\\/\\\/www.organisator.ch\\\/marketing\\\/2024-09-27\\\/stammkraft-erweitert-die-geschaeftsleitung\\\/\"]}]},{\"@type\":\"ImageObject\",\"inLanguage\":\"de\",\"@id\":\"https:\\\/\\\/www.organisator.ch\\\/marketing\\\/2024-09-27\\\/stammkraft-erweitert-die-geschaeftsleitung\\\/#primaryimage\",\"url\":\"https:\\\/\\\/www.markt-kom.com\\\/wp-content\\\/uploads\\\/2024\\\/09\\\/Agentur-stammkraft-GL.jpg\",\"contentUrl\":\"https:\\\/\\\/www.markt-kom.com\\\/wp-content\\\/uploads\\\/2024\\\/09\\\/Agentur-stammkraft-GL.jpg\"},{\"@type\":\"BreadcrumbList\",\"@id\":\"https:\\\/\\\/www.organisator.ch\\\/marketing\\\/2024-09-27\\\/stammkraft-erweitert-die-geschaeftsleitung\\\/#breadcrumb\",\"itemListElement\":[{\"@type\":\"ListItem\",\"position\":1,\"name\":\"Home\",\"item\":\"https:\\\/\\\/www.organisator.ch\\\/\"},{\"@type\":\"ListItem\",\"position\":2,\"name\":\"Stammkraft erweitert die Gesch\u00e4ftsleitung\"}]},{\"@type\":\"WebSite\",\"@id\":\"https:\\\/\\\/www.organisator.ch\\\/#website\",\"url\":\"https:\\\/\\\/www.organisator.ch\\\/\",\"name\":\"Organisator\",\"description\":\"Kompetent. Praxisnah. Der ORGANISATOR bereitet in 10 Ausgaben pro Jahr die wesentlichen Themen f\u00fcr F\u00fchrungskr\u00e4fte von KMU auf.\",\"publisher\":{\"@id\":\"https:\\\/\\\/www.organisator.ch\\\/#organization\"},\"potentialAction\":[{\"@type\":\"SearchAction\",\"target\":{\"@type\":\"EntryPoint\",\"urlTemplate\":\"https:\\\/\\\/www.organisator.ch\\\/?s={search_term_string}\"},\"query-input\":{\"@type\":\"PropertyValueSpecification\",\"valueRequired\":true,\"valueName\":\"search_term_string\"}}],\"inLanguage\":\"de\"},{\"@type\":\"Organization\",\"@id\":\"https:\\\/\\\/www.organisator.ch\\\/#organization\",\"name\":\"Organisator\",\"url\":\"https:\\\/\\\/www.organisator.ch\\\/\",\"logo\":{\"@type\":\"ImageObject\",\"inLanguage\":\"de\",\"@id\":\"https:\\\/\\\/www.organisator.ch\\\/#\\\/schema\\\/logo\\\/image\\\/\",\"url\":\"https:\\\/\\\/www.organisator.ch\\\/wp-content\\\/uploads\\\/2022\\\/01\\\/Logo_Organisator_Website.png\",\"contentUrl\":\"https:\\\/\\\/www.organisator.ch\\\/wp-content\\\/uploads\\\/2022\\\/01\\\/Logo_Organisator_Website.png\",\"width\":800,\"height\":77,\"caption\":\"Organisator\"},\"image\":{\"@id\":\"https:\\\/\\\/www.organisator.ch\\\/#\\\/schema\\\/logo\\\/image\\\/\"},\"sameAs\":[\"https:\\\/\\\/www.facebook.com\\\/OrganisatorFachmagazin\",\"https:\\\/\\\/www.linkedin.com\\\/showcase\\\/organisator-das-magazin-fr-kmu\",\"https:\\\/\\\/www.xing.com\\\/news\\\/pages\\\/organisator-ch-695\",\"https:\\\/\\\/www.youtube.com\\\/channel\\\/UCGP2Sq0iWaZwT3BdIAQFYpw\"]},{\"@type\":\"Person\",\"@id\":\"https:\\\/\\\/www.organisator.ch\\\/#\\\/schema\\\/person\\\/4e51799071cd2dd1232ac003643ef5f0\",\"name\":\"galledia\",\"image\":{\"@type\":\"ImageObject\",\"inLanguage\":\"de\",\"@id\":\"https:\\\/\\\/secure.gravatar.com\\\/avatar\\\/78a7f90c01fc2bfc875782a0d4922b37cde2cf184ce347b91316d23cd7f69a36?s=96&d=mm&r=g\",\"url\":\"https:\\\/\\\/secure.gravatar.com\\\/avatar\\\/78a7f90c01fc2bfc875782a0d4922b37cde2cf184ce347b91316d23cd7f69a36?s=96&d=mm&r=g\",\"contentUrl\":\"https:\\\/\\\/secure.gravatar.com\\\/avatar\\\/78a7f90c01fc2bfc875782a0d4922b37cde2cf184ce347b91316d23cd7f69a36?s=96&d=mm&r=g\",\"caption\":\"galledia\"},\"sameAs\":[\"https:\\\/\\\/x.com\\\/admin\"],\"url\":\"https:\\\/\\\/www.organisator.ch\\\/de\\\/author\\\/galledia\\\/\"}]}<\/script>\n<!-- \/ Yoast SEO plugin. -->","yoast_head_json":{"title":"Stammkraft erweitert die Gesch\u00e4ftsleitung - Organisator","description":"Nach 10 Jahren erneuert Stammkraft seine Struktur und stellt eine benutzerfreundliche Website vor, um besser auf Kundenbed\u00fcrfnisse einzugehen.","robots":{"index":"index","follow":"follow","max-snippet":"max-snippet:-1","max-image-preview":"max-image-preview:large","max-video-preview":"max-video-preview:-1"},"canonical":"https:\/\/www.organisator.ch\/de\/marketing\/2024-09-27\/stammkraft-erweitert-die-geschaeftsleitung\/","og_locale":"de_DE","og_type":"article","og_title":"Stammkraft erweitert die Gesch\u00e4ftsleitung - Organisator","og_description":"Nach 10 Jahren erneuert Stammkraft seine Struktur und stellt eine benutzerfreundliche Website vor, um besser auf Kundenbed\u00fcrfnisse einzugehen.","og_url":"https:\/\/www.organisator.ch\/de\/marketing\/2024-09-27\/stammkraft-erweitert-die-geschaeftsleitung\/","og_site_name":"Organisator","article_publisher":"https:\/\/www.facebook.com\/OrganisatorFachmagazin","article_published_time":"2024-09-27T10:51:21+00:00","article_modified_time":"2024-11-08T05:29:56+00:00","og_image":[{"url":"https:\/\/www.markt-kom.com\/wp-content\/uploads\/2024\/09\/Agentur-stammkraft-GL.jpg","type":"","width":"","height":""}],"author":"galledia","twitter_card":"summary_large_image","twitter_creator":"@admin","schema":{"@context":"https:\/\/schema.org","@graph":[{"@type":"Article","@id":"https:\/\/www.organisator.ch\/marketing\/2024-09-27\/stammkraft-erweitert-die-geschaeftsleitung\/#article","isPartOf":{"@id":"https:\/\/www.organisator.ch\/marketing\/2024-09-27\/stammkraft-erweitert-die-geschaeftsleitung\/"},"author":{"name":"galledia","@id":"https:\/\/www.organisator.ch\/#\/schema\/person\/4e51799071cd2dd1232ac003643ef5f0"},"headline":"Stammkraft erweitert die Gesch\u00e4ftsleitung","datePublished":"2024-09-27T10:51:21+00:00","dateModified":"2024-11-08T05:29:56+00:00","mainEntityOfPage":{"@id":"https:\/\/www.organisator.ch\/marketing\/2024-09-27\/stammkraft-erweitert-die-geschaeftsleitung\/"},"wordCount":163,"publisher":{"@id":"https:\/\/www.organisator.ch\/#organization"},"image":{"@id":"https:\/\/www.organisator.ch\/marketing\/2024-09-27\/stammkraft-erweitert-die-geschaeftsleitung\/#primaryimage"},"thumbnailUrl":"https:\/\/www.markt-kom.com\/wp-content\/uploads\/2024\/09\/Agentur-stammkraft-GL.jpg","keywords":["Business","Messen und Events","Stammkraft"],"articleSection":["MARKETING"],"inLanguage":"de"},{"@type":"WebPage","@id":"https:\/\/www.organisator.ch\/marketing\/2024-09-27\/stammkraft-erweitert-die-geschaeftsleitung\/","url":"https:\/\/www.organisator.ch\/marketing\/2024-09-27\/stammkraft-erweitert-die-geschaeftsleitung\/","name":"Stammkraft erweitert die Gesch\u00e4ftsleitung - Organisator","isPartOf":{"@id":"https:\/\/www.organisator.ch\/#website"},"primaryImageOfPage":{"@id":"https:\/\/www.organisator.ch\/marketing\/2024-09-27\/stammkraft-erweitert-die-geschaeftsleitung\/#primaryimage"},"image":{"@id":"https:\/\/www.organisator.ch\/marketing\/2024-09-27\/stammkraft-erweitert-die-geschaeftsleitung\/#primaryimage"},"thumbnailUrl":"https:\/\/www.markt-kom.com\/wp-content\/uploads\/2024\/09\/Agentur-stammkraft-GL.jpg","datePublished":"2024-09-27T10:51:21+00:00","dateModified":"2024-11-08T05:29:56+00:00","description":"Nach 10 Jahren erneuert Stammkraft seine Struktur und stellt eine benutzerfreundliche Website vor, um besser auf Kundenbed\u00fcrfnisse einzugehen.","breadcrumb":{"@id":"https:\/\/www.organisator.ch\/marketing\/2024-09-27\/stammkraft-erweitert-die-geschaeftsleitung\/#breadcrumb"},"inLanguage":"de","potentialAction":[{"@type":"ReadAction","target":["https:\/\/www.organisator.ch\/marketing\/2024-09-27\/stammkraft-erweitert-die-geschaeftsleitung\/"]}]},{"@type":"ImageObject","inLanguage":"de","@id":"https:\/\/www.organisator.ch\/marketing\/2024-09-27\/stammkraft-erweitert-die-geschaeftsleitung\/#primaryimage","url":"https:\/\/www.markt-kom.com\/wp-content\/uploads\/2024\/09\/Agentur-stammkraft-GL.jpg","contentUrl":"https:\/\/www.markt-kom.com\/wp-content\/uploads\/2024\/09\/Agentur-stammkraft-GL.jpg"},{"@type":"BreadcrumbList","@id":"https:\/\/www.organisator.ch\/marketing\/2024-09-27\/stammkraft-erweitert-die-geschaeftsleitung\/#breadcrumb","itemListElement":[{"@type":"ListItem","position":1,"name":"Home","item":"https:\/\/www.organisator.ch\/"},{"@type":"ListItem","position":2,"name":"Stammkraft erweitert die Gesch\u00e4ftsleitung"}]},{"@type":"WebSite","@id":"https:\/\/www.organisator.ch\/#website","url":"https:\/\/www.organisator.ch\/","name":"Organisator","description":"Kompetent. Praxisnah. Der ORGANISATOR bereitet in 10 Ausgaben pro Jahr die wesentlichen Themen f\u00fcr F\u00fchrungskr\u00e4fte von KMU auf.","publisher":{"@id":"https:\/\/www.organisator.ch\/#organization"},"potentialAction":[{"@type":"SearchAction","target":{"@type":"EntryPoint","urlTemplate":"https:\/\/www.organisator.ch\/?s={search_term_string}"},"query-input":{"@type":"PropertyValueSpecification","valueRequired":true,"valueName":"search_term_string"}}],"inLanguage":"de"},{"@type":"Organization","@id":"https:\/\/www.organisator.ch\/#organization","name":"Organisator","url":"https:\/\/www.organisator.ch\/","logo":{"@type":"ImageObject","inLanguage":"de","@id":"https:\/\/www.organisator.ch\/#\/schema\/logo\/image\/","url":"https:\/\/www.organisator.ch\/wp-content\/uploads\/2022\/01\/Logo_Organisator_Website.png","contentUrl":"https:\/\/www.organisator.ch\/wp-content\/uploads\/2022\/01\/Logo_Organisator_Website.png","width":800,"height":77,"caption":"Organisator"},"image":{"@id":"https:\/\/www.organisator.ch\/#\/schema\/logo\/image\/"},"sameAs":["https:\/\/www.facebook.com\/OrganisatorFachmagazin","https:\/\/www.linkedin.com\/showcase\/organisator-das-magazin-fr-kmu","https:\/\/www.xing.com\/news\/pages\/organisator-ch-695","https:\/\/www.youtube.com\/channel\/UCGP2Sq0iWaZwT3BdIAQFYpw"]},{"@type":"Person","@id":"https:\/\/www.organisator.ch\/#\/schema\/person\/4e51799071cd2dd1232ac003643ef5f0","name":"galledia","image":{"@type":"ImageObject","inLanguage":"de","@id":"https:\/\/secure.gravatar.com\/avatar\/78a7f90c01fc2bfc875782a0d4922b37cde2cf184ce347b91316d23cd7f69a36?s=96&d=mm&r=g","url":"https:\/\/secure.gravatar.com\/avatar\/78a7f90c01fc2bfc875782a0d4922b37cde2cf184ce347b91316d23cd7f69a36?s=96&d=mm&r=g","contentUrl":"https:\/\/secure.gravatar.com\/avatar\/78a7f90c01fc2bfc875782a0d4922b37cde2cf184ce347b91316d23cd7f69a36?s=96&d=mm&r=g","caption":"galledia"},"sameAs":["https:\/\/x.com\/admin"],"url":"https:\/\/www.organisator.ch\/de\/author\/galledia\/"}]}},"_links":{"self":[{"href":"https:\/\/www.organisator.ch\/de\/wp-json\/wp\/v2\/posts\/30198","targetHints":{"allow":["GET"]}}],"collection":[{"href":"https:\/\/www.organisator.ch\/de\/wp-json\/wp\/v2\/posts"}],"about":[{"href":"https:\/\/www.organisator.ch\/de\/wp-json\/wp\/v2\/types\/post"}],"author":[{"embeddable":true,"href":"https:\/\/www.organisator.ch\/de\/wp-json\/wp\/v2\/users\/8"}],"replies":[{"embeddable":true,"href":"https:\/\/www.organisator.ch\/de\/wp-json\/wp\/v2\/comments?post=30198"}],"version-history":[{"count":5,"href":"https:\/\/www.organisator.ch\/de\/wp-json\/wp\/v2\/posts\/30198\/revisions"}],"predecessor-version":[{"id":31857,"href":"https:\/\/www.organisator.ch\/de\/wp-json\/wp\/v2\/posts\/30198\/revisions\/31857"}],"wp:attachment":[{"href":"https:\/\/www.organisator.ch\/de\/wp-json\/wp\/v2\/media?parent=30198"}],"wp:term":[{"taxonomy":"category","embeddable":true,"href":"https:\/\/www.organisator.ch\/de\/wp-json\/wp\/v2\/categories?post=30198"},{"taxonomy":"post_tag","embeddable":true,"href":"https:\/\/www.organisator.ch\/de\/wp-json\/wp\/v2\/tags?post=30198"}],"curies":[{"name":"wp","href":"https:\/\/api.w.org\/{rel}","templated":true}]}}