{"id":3024,"date":"2018-01-19T08:31:22","date_gmt":"2018-01-19T07:31:22","guid":{"rendered":"https:\/\/www.organisator.ch\/?p=3024"},"modified":"2018-01-19T08:31:22","modified_gmt":"2018-01-19T07:31:22","slug":"prix-svc-wirtschaftsraum-zuerich-2018-schibli-gruppe-ueberzeugt","status":"publish","type":"post","link":"https:\/\/www.organisator.ch\/de\/allgemein\/2018-01-19\/prix-svc-wirtschaftsraum-zuerich-2018-schibli-gruppe-ueberzeugt\/","title":{"rendered":"Prix SVC Wirtschaftsraum Z\u00fcrich 2018: Schibli-Gruppe \u00fcberzeugt"},"content":{"rendered":"<figure id=\"attachment_3025\" aria-describedby=\"caption-attachment-3025\" style=\"width: 680px\" class=\"wp-caption alignnone\"><img loading=\"lazy\" decoding=\"async\" class=\"size-medium wp-image-3025\" src=\"https:\/\/www.organisator.ch\/wp-content\/uploads\/2018\/01\/SVC18_Schibli_DerSieger.jpg\" alt=\"\" width=\"680\" height=\"474\" srcset=\"https:\/\/www.organisator.ch\/wp-content\/uploads\/2018\/01\/SVC18_Schibli_DerSieger.jpg 1799w, https:\/\/www.organisator.ch\/wp-content\/uploads\/2018\/01\/SVC18_Schibli_DerSieger-680x474.jpg 680w, https:\/\/www.organisator.ch\/wp-content\/uploads\/2018\/01\/SVC18_Schibli_DerSieger-1024x714.jpg 1024w, https:\/\/www.organisator.ch\/wp-content\/uploads\/2018\/01\/SVC18_Schibli_DerSieger-768x535.jpg 768w, https:\/\/www.organisator.ch\/wp-content\/uploads\/2018\/01\/SVC18_Schibli_DerSieger-1536x1071.jpg 1536w, https:\/\/www.organisator.ch\/wp-content\/uploads\/2018\/01\/SVC18_Schibli_DerSieger-16x12.jpg 16w, https:\/\/www.organisator.ch\/wp-content\/uploads\/2018\/01\/SVC18_Schibli_DerSieger-251x175.jpg 251w, https:\/\/www.organisator.ch\/wp-content\/uploads\/2018\/01\/SVC18_Schibli_DerSieger-502x350.jpg 502w, https:\/\/www.organisator.ch\/wp-content\/uploads\/2018\/01\/SVC18_Schibli_DerSieger-1148x800.jpg 1148w, https:\/\/www.organisator.ch\/wp-content\/uploads\/2018\/01\/SVC18_Schibli_DerSieger-920x641.jpg 920w, https:\/\/www.organisator.ch\/wp-content\/uploads\/2018\/01\/SVC18_Schibli_DerSieger-1400x976.jpg 1400w, https:\/\/www.organisator.ch\/wp-content\/uploads\/2018\/01\/SVC18_Schibli_DerSieger-300x209.jpg 300w\" sizes=\"auto, (max-width: 680px) 100vw, 680px\" \/><figcaption id=\"caption-attachment-3025\" class=\"wp-caption-text\">Das Unternehmernetzwerk Swiss Venture Club (SVC) vergibt im im Zweijahresrhythmus den Prix SVC. Den Prix SVC Wirtschaftsraum Z\u00fcrich 2018 heimste die Schibli Gruppe (500 Mitarbeitende, davon 90 Lernende), das Z\u00fcrcher Familienunternehmen f\u00fcr Elektro-, Sicherheits-, Geb\u00e4ude- und Kommunikationstechnik. Bild (vlnr.): der \u00fcberraschte Sieger Jan Schibli, Reichle De-Massari AG CEO Michael Riva (mitte), Jurypr\u00e4sident Michael Steinmann. (Bild: Michael Merz)<\/figcaption><\/figure>\n<p>Der Swiss Venture Club (SVC) zeichnet mit dem Prix SVC Wirtschaftsraum Z\u00fcrich bereits zum sechsten Mal vorbildliche kleine und mittlere Unternehmen (KMU) der Region aus. Der Anlass bot den \u00fcber 2\u2018200 geladenen G\u00e4sten aus Wirtschaft, Wissenschaft, Politik und Medien Einblicke in das beeindruckende und vielf\u00e4ltige Unternehmertum der Region. Durch die Preisverleihung im Hallenstadion Z\u00fcrich f\u00fchrte der Moderator Nik Hartmann.<\/p>\n<p>Tr\u00e4ger und Initiant des Prix SVC ist der Swiss Venture Club, ein unabh\u00e4ngiger, non-profit-orientierter Verein zur F\u00f6rderung und Unterst\u00fctzung von KMU in der Schweiz. Steven Himmelsbach, SVC Regionenleiter Wirtschaftsraum Z\u00fcrich, betont: \u201eWir zeichnen Unternehmen aus, die zur KMU-Elite der Schweiz geh\u00f6ren. Unser Blick richtet sich auf vorbildliche Unternehmen, die Arbeitspl\u00e4tze kreieren und die Schweizer Wirtschaft mitgestalten.\u201c<\/p>\n<p><strong>Erster Platz f\u00fcr die Schibli-Gruppe aus Z\u00fcrich<\/strong><\/p>\n<p>Gewinnerin des Prix SVC Wirtschaftsraum Z\u00fcrich 2018 ist die Schibli-Gruppe aus Z\u00fcrich. Die Schibli-Gruppe bietet umfassende Dienstleistungen in den Bereichen Elektrotechnik, Geb\u00e4udetechnik, Automatik, Kommunikation und Informatik. Diese sechs Preistr\u00e4ger konnten sich in einem mehrstufigen Selektionsprozess gegen hunderte Unternehmen der Region durchsetzen.<\/p>\n<p>Das in dritter Generation von CEO Jan Schibli gef\u00fchrte Familienunternehmen vereint erfolgreich umfassende Dienstleistungen aus den Bereichen Elektrotechnik, Geb\u00e4udetechnik, Informatik, Kommunikation und Automatik. Mit 15 Standorten in der Schweiz sowie einem in Dresden (D) und rund 500 Mitarbeitenden, davon 90 Lernende, bietet Schibli seinen Kunden von der Elektroinstallation \u00fcber intelligente Geb\u00e4udeautomations- oder Video\u00fcberwachungssysteme bis hin zur IT-Infrastruktur oder massgeschneiderten Cloud-L\u00f6sungen alles aus einer Hand.<\/p>\n<p>Mit der erfolgreichen Marktpositionierung einher geht der Gewinn des begehrten Prix SVC Wirtschaftsraum Z\u00fcrich. Michael Steinmann, Pr\u00e4sident der 16-k\u00f6pfigen Expertenjury, w\u00fcrdigt den frisch gek\u00fcrten Sieger in seiner Laudatio: \u201eDie Schibli-Gruppe ist eine unternehmerische Perle, die f\u00fcr weit mehr als Elektrifizierung von Z\u00fcrcher Wohnungen und H\u00e4usern steht.\u201c Und weiter: \u201eGesch\u00e4ftssinn, Familiensinn, F\u00f6rderung von Talenten und Respekt vor den individuellen Ambitionen der Mitarbeitenden, solche Punkte hat die Jury beeindruckt.\u201c<\/p>\n<p>Dar\u00fcber hinaus begeisterte das Familienunternehmen aus Wetzikon Unternehmer und Anwesende wie die Regierungsr\u00e4tin und Volkswirtschaftsdirektorin Carmen Walter Sp\u00e4h durch sein hohe Lehrlingsquote. &#8222;Nach dem Z\u00fcrcher KV&#8220;, so der Moderator, &#8222;weist die Schibli Gruppe mit 90 Lehrnenden bei 500 Angestellten die h\u00f6chste Quote in der Region auf.&#8220;<\/p>\n<p><strong>Reichle &amp; De-Massari und Transa Backpacking AG auf den Pl\u00e4tzen zwei und drei<\/strong><\/p>\n<p>Der zweite Platz geht an das Schweizer Familienunternehmen Reichle &amp; De-Massari (R&amp;M). \u201eR&amp;M ist eine erfolgreiche Transformations- und Wachstumsstory in einem hochkompetitiven Zukunftsmarkt\u201c, wie Jurypr\u00e4sident Michael Steinmann in seiner Laudatio betonte. Reichle &amp; De-Massari entwickelt komplette Verkabelungsl\u00f6sungen f\u00fcr hochwertige Datenkommunikationsnetze in B\u00fcrogeb\u00e4uden und Datenzentren, f\u00fcr die Industrie und in der Telekommunikation. F\u00fchrend im Schweizer Markt ist Reichle &amp; De-Massari mittlerweile in \u00fcber 40 L\u00e4ndern t\u00e4tig und verf\u00fcgt auf sechs Kontinenten \u00fcber eigene Marktorganisationen. Das Unternehmen besch\u00e4ftigt weltweit 920 Mitarbeitende, davon 250 in der Schweiz, und wird von CEO Michel Riva gef\u00fchrt.<\/p>\n<p>Bronze holt sich die Transa Backpacking AG, die f\u00fchrende Anbieterin von Travel- und Outdoorausr\u00fcstungen in der Schweiz. Das Unternehmen ist seit 40 Jahren am Markt und bietet heute in zehn Filialen und Outlets \u00fcber 33\u2018740 Produkte von 521 verschiedenen Marken an. Nebst qualifizierter Beratung setzt Transa bei seinen 320 Mitarbeitenden und 19 Lernenden auf das eigene Erleben und Einbringen der Outdoor-Erfahrung. Mit einem umfangreichen Serviceangebot, Anwenderkursen und Testanlagen bietet Transa unter der F\u00fchrung von CEO Daniel Humbel seinen Kunden ein umfassendes Leistungspaket rund um vielf\u00e4ltige Reise- und Outdooraktivit\u00e4ten.<\/p>\n<p><strong>Auszeichnungen f\u00fcr Meister Abrasives AG, Pumpstation Gastro GmbH und Qualipet AG<\/strong><\/p>\n<p>Ebenfalls ausgezeichnet wurden die Meister Abrasives AG aus Andelfingen, weltweit f\u00fchrend in Fertigungsprozessen durch hochproduktive Schleifwerkzeuge, das erfolgreiche und innovative Gastronomieunternehmen Pumpstation Gastro GmbH aus Z\u00fcrich sowie die Qualipet AG aus Dietlikon, f\u00fchrend im Schweizer Haustierbedarf und in der Produktion von naturgerechtem Tierfutter.<\/p>\n<p><a href=\"http:\/\/www.swiss-venture-club.ch\">http:\/\/www.swiss-venture-club.ch<\/a><\/p>\n","protected":false},"excerpt":{"rendered":"<p>Der Swiss Venture Club (SVC) zeichnet mit dem Prix SVC Wirtschaftsraum Z\u00fcrich bereits zum sechsten Mal vorbildliche kleine und mittlere Unternehmen (KMU) der Region aus. Der Anlass bot den \u00fcber 2\u2018200 geladenen G\u00e4sten aus Wirtschaft, Wissenschaft, Politik und Medien Einblicke in das beeindruckende und vielf\u00e4ltige Unternehmertum der Region. Durch die Preisverleihung im Hallenstadion Z\u00fcrich f\u00fchrte [&hellip;]<\/p>\n","protected":false},"author":5,"featured_media":3020,"comment_status":"open","ping_status":"open","sticky":false,"template":"","format":"standard","meta":{"_acf_changed":false,"_yoast_wpseo_focuskw":"Prix SVC Wirtschaftsraum Z\u00fcrich","_yoast_wpseo_metadesc":"Die Schibli-Gruppe gewinnt den Prix SVC Wirtschaftsraum Z\u00fcrich 2018. Der Swiss Venture Club beeindruckte einmal mehr \u00fcber 2'200 G\u00e4ste und KMU Verantwortliche.","articlekey":"","footnotes":""},"categories":[1],"tags":[199,301,392,466],"class_list":["post-3024","post","type-post","status-publish","format-standard","has-post-thumbnail","hentry","category-allgemein","tag-finalisten","tag-kmu","tag-prix-svc-wirtschaftsraum-zuerich","tag-swiss-venture-club"],"acf":[],"yoast_head":"<!-- This site is optimized with the Yoast SEO plugin v27.4 - https:\/\/yoast.com\/product\/yoast-seo-wordpress\/ -->\n<title>Prix SVC Wirtschaftsraum Z\u00fcrich 2018: Schibli-Gruppe \u00fcberzeugt - Organisator<\/title>\n<meta name=\"description\" content=\"Die Schibli-Gruppe gewinnt den Prix SVC Wirtschaftsraum Z\u00fcrich 2018. Der Swiss Venture Club beeindruckte einmal mehr \u00fcber 2&#039;200 G\u00e4ste und KMU Verantwortliche.\" \/>\n<meta name=\"robots\" content=\"index, follow, max-snippet:-1, max-image-preview:large, max-video-preview:-1\" \/>\n<link rel=\"canonical\" href=\"https:\/\/www.organisator.ch\/de\/allgemein\/2018-01-19\/prix-svc-wirtschaftsraum-zuerich-2018-schibli-gruppe-ueberzeugt\/\" \/>\n<meta property=\"og:locale\" content=\"de_DE\" \/>\n<meta property=\"og:type\" content=\"article\" \/>\n<meta property=\"og:title\" content=\"Prix SVC Wirtschaftsraum Z\u00fcrich 2018: Schibli-Gruppe \u00fcberzeugt - Organisator\" \/>\n<meta property=\"og:description\" content=\"Die Schibli-Gruppe gewinnt den Prix SVC Wirtschaftsraum Z\u00fcrich 2018. Der Swiss Venture Club beeindruckte einmal mehr \u00fcber 2&#039;200 G\u00e4ste und KMU Verantwortliche.\" \/>\n<meta property=\"og:url\" content=\"https:\/\/www.organisator.ch\/de\/allgemein\/2018-01-19\/prix-svc-wirtschaftsraum-zuerich-2018-schibli-gruppe-ueberzeugt\/\" \/>\n<meta property=\"og:site_name\" content=\"Organisator\" \/>\n<meta property=\"article:publisher\" content=\"https:\/\/www.facebook.com\/OrganisatorFachmagazin\" \/>\n<meta property=\"article:published_time\" content=\"2018-01-19T07:31:22+00:00\" \/>\n<meta property=\"og:image\" content=\"https:\/\/www.organisator.ch\/wp-content\/uploads\/2018\/01\/Schibli-Gruppe-ist-Gewinnerin-des-Prix-SVC-Wirtschaftsraum-Zuerich-2018_Organisator.jpg\" \/>\n\t<meta property=\"og:image:width\" content=\"640\" \/>\n\t<meta property=\"og:image:height\" content=\"427\" \/>\n\t<meta property=\"og:image:type\" content=\"image\/jpeg\" \/>\n<meta name=\"author\" content=\"michael.merz\" \/>\n<meta name=\"twitter:card\" content=\"summary_large_image\" \/>\n<script type=\"application\/ld+json\" class=\"yoast-schema-graph\">{\"@context\":\"https:\\\/\\\/schema.org\",\"@graph\":[{\"@type\":\"Article\",\"@id\":\"https:\\\/\\\/www.organisator.ch\\\/fr\\\/general\\\/2018-01-19\\\/prix-svc-wirtschaftsraum-zuerich-2018-schibli-gruppe-ueberzeugt\\\/#article\",\"isPartOf\":{\"@id\":\"https:\\\/\\\/www.organisator.ch\\\/fr\\\/general\\\/2018-01-19\\\/prix-svc-wirtschaftsraum-zuerich-2018-schibli-gruppe-ueberzeugt\\\/\"},\"author\":{\"name\":\"michael.merz\",\"@id\":\"https:\\\/\\\/www.organisator.ch\\\/#\\\/schema\\\/person\\\/134708ca9321c57b0362cceb7948ffbd\"},\"headline\":\"Prix SVC Wirtschaftsraum Z\u00fcrich 2018: Schibli-Gruppe \u00fcberzeugt\",\"datePublished\":\"2018-01-19T07:31:22+00:00\",\"mainEntityOfPage\":{\"@id\":\"https:\\\/\\\/www.organisator.ch\\\/fr\\\/general\\\/2018-01-19\\\/prix-svc-wirtschaftsraum-zuerich-2018-schibli-gruppe-ueberzeugt\\\/\"},\"wordCount\":712,\"commentCount\":0,\"publisher\":{\"@id\":\"https:\\\/\\\/www.organisator.ch\\\/#organization\"},\"image\":{\"@id\":\"https:\\\/\\\/www.organisator.ch\\\/fr\\\/general\\\/2018-01-19\\\/prix-svc-wirtschaftsraum-zuerich-2018-schibli-gruppe-ueberzeugt\\\/#primaryimage\"},\"thumbnailUrl\":\"https:\\\/\\\/www.organisator.ch\\\/wp-content\\\/uploads\\\/2018\\\/01\\\/Schibli-Gruppe-ist-Gewinnerin-des-Prix-SVC-Wirtschaftsraum-Zuerich-2018_Organisator.jpg\",\"keywords\":[\"Finalisten\",\"KMU\",\"Prix SVC Wirtschaftsraum Z\u00fcrich\",\"Swiss Venture Club\"],\"inLanguage\":\"de\"},{\"@type\":\"WebPage\",\"@id\":\"https:\\\/\\\/www.organisator.ch\\\/fr\\\/general\\\/2018-01-19\\\/prix-svc-wirtschaftsraum-zuerich-2018-schibli-gruppe-ueberzeugt\\\/\",\"url\":\"https:\\\/\\\/www.organisator.ch\\\/fr\\\/general\\\/2018-01-19\\\/prix-svc-wirtschaftsraum-zuerich-2018-schibli-gruppe-ueberzeugt\\\/\",\"name\":\"Prix SVC Wirtschaftsraum Z\u00fcrich 2018: Schibli-Gruppe \u00fcberzeugt - Organisator\",\"isPartOf\":{\"@id\":\"https:\\\/\\\/www.organisator.ch\\\/#website\"},\"primaryImageOfPage\":{\"@id\":\"https:\\\/\\\/www.organisator.ch\\\/fr\\\/general\\\/2018-01-19\\\/prix-svc-wirtschaftsraum-zuerich-2018-schibli-gruppe-ueberzeugt\\\/#primaryimage\"},\"image\":{\"@id\":\"https:\\\/\\\/www.organisator.ch\\\/fr\\\/general\\\/2018-01-19\\\/prix-svc-wirtschaftsraum-zuerich-2018-schibli-gruppe-ueberzeugt\\\/#primaryimage\"},\"thumbnailUrl\":\"https:\\\/\\\/www.organisator.ch\\\/wp-content\\\/uploads\\\/2018\\\/01\\\/Schibli-Gruppe-ist-Gewinnerin-des-Prix-SVC-Wirtschaftsraum-Zuerich-2018_Organisator.jpg\",\"datePublished\":\"2018-01-19T07:31:22+00:00\",\"description\":\"Die Schibli-Gruppe gewinnt den Prix SVC Wirtschaftsraum Z\u00fcrich 2018. Der Swiss Venture Club beeindruckte einmal mehr \u00fcber 2'200 G\u00e4ste und KMU Verantwortliche.\",\"breadcrumb\":{\"@id\":\"https:\\\/\\\/www.organisator.ch\\\/fr\\\/general\\\/2018-01-19\\\/prix-svc-wirtschaftsraum-zuerich-2018-schibli-gruppe-ueberzeugt\\\/#breadcrumb\"},\"inLanguage\":\"de\",\"potentialAction\":[{\"@type\":\"ReadAction\",\"target\":[\"https:\\\/\\\/www.organisator.ch\\\/fr\\\/general\\\/2018-01-19\\\/prix-svc-wirtschaftsraum-zuerich-2018-schibli-gruppe-ueberzeugt\\\/\"]}]},{\"@type\":\"ImageObject\",\"inLanguage\":\"de\",\"@id\":\"https:\\\/\\\/www.organisator.ch\\\/fr\\\/general\\\/2018-01-19\\\/prix-svc-wirtschaftsraum-zuerich-2018-schibli-gruppe-ueberzeugt\\\/#primaryimage\",\"url\":\"https:\\\/\\\/www.organisator.ch\\\/wp-content\\\/uploads\\\/2018\\\/01\\\/Schibli-Gruppe-ist-Gewinnerin-des-Prix-SVC-Wirtschaftsraum-Zuerich-2018_Organisator.jpg\",\"contentUrl\":\"https:\\\/\\\/www.organisator.ch\\\/wp-content\\\/uploads\\\/2018\\\/01\\\/Schibli-Gruppe-ist-Gewinnerin-des-Prix-SVC-Wirtschaftsraum-Zuerich-2018_Organisator.jpg\",\"width\":640,\"height\":427,\"caption\":\"Der Gewinner des Prix SVC Wirtschaftsraum Zuerich 2018, Jan Schibli, CEO Schibli Gruppe, links freut sich ueber den ersten Preis waehrend der Preisverleihung am Donnerstag 18. Januar 2017 im Hallenstadion Zuerich. Der Swiss Venture Club zeichnet mit dem Prix SVC innovative Unternehmen aus, die durch herausragende Leistungen einen wesentlichen und nachhaltigen wirtschaftlichen Erfolg.erzielen. (PPR\\\/Manuel Lopez)\"},{\"@type\":\"BreadcrumbList\",\"@id\":\"https:\\\/\\\/www.organisator.ch\\\/fr\\\/general\\\/2018-01-19\\\/prix-svc-wirtschaftsraum-zuerich-2018-schibli-gruppe-ueberzeugt\\\/#breadcrumb\",\"itemListElement\":[{\"@type\":\"ListItem\",\"position\":1,\"name\":\"Home\",\"item\":\"https:\\\/\\\/www.organisator.ch\\\/\"},{\"@type\":\"ListItem\",\"position\":2,\"name\":\"Prix SVC Wirtschaftsraum Z\u00fcrich 2018: Schibli-Gruppe \u00fcberzeugt\"}]},{\"@type\":\"WebSite\",\"@id\":\"https:\\\/\\\/www.organisator.ch\\\/#website\",\"url\":\"https:\\\/\\\/www.organisator.ch\\\/\",\"name\":\"Organisator\",\"description\":\"Kompetent. Praxisnah. Der ORGANISATOR bereitet in 10 Ausgaben pro Jahr die wesentlichen Themen f\u00fcr F\u00fchrungskr\u00e4fte von KMU auf.\",\"publisher\":{\"@id\":\"https:\\\/\\\/www.organisator.ch\\\/#organization\"},\"potentialAction\":[{\"@type\":\"SearchAction\",\"target\":{\"@type\":\"EntryPoint\",\"urlTemplate\":\"https:\\\/\\\/www.organisator.ch\\\/?s={search_term_string}\"},\"query-input\":{\"@type\":\"PropertyValueSpecification\",\"valueRequired\":true,\"valueName\":\"search_term_string\"}}],\"inLanguage\":\"de\"},{\"@type\":\"Organization\",\"@id\":\"https:\\\/\\\/www.organisator.ch\\\/#organization\",\"name\":\"Organisator\",\"url\":\"https:\\\/\\\/www.organisator.ch\\\/\",\"logo\":{\"@type\":\"ImageObject\",\"inLanguage\":\"de\",\"@id\":\"https:\\\/\\\/www.organisator.ch\\\/#\\\/schema\\\/logo\\\/image\\\/\",\"url\":\"https:\\\/\\\/www.organisator.ch\\\/wp-content\\\/uploads\\\/2022\\\/01\\\/Logo_Organisator_Website.png\",\"contentUrl\":\"https:\\\/\\\/www.organisator.ch\\\/wp-content\\\/uploads\\\/2022\\\/01\\\/Logo_Organisator_Website.png\",\"width\":800,\"height\":77,\"caption\":\"Organisator\"},\"image\":{\"@id\":\"https:\\\/\\\/www.organisator.ch\\\/#\\\/schema\\\/logo\\\/image\\\/\"},\"sameAs\":[\"https:\\\/\\\/www.facebook.com\\\/OrganisatorFachmagazin\",\"https:\\\/\\\/www.linkedin.com\\\/showcase\\\/organisator-das-magazin-fr-kmu\",\"https:\\\/\\\/www.xing.com\\\/news\\\/pages\\\/organisator-ch-695\",\"https:\\\/\\\/www.youtube.com\\\/channel\\\/UCGP2Sq0iWaZwT3BdIAQFYpw\"]},{\"@type\":\"Person\",\"@id\":\"https:\\\/\\\/www.organisator.ch\\\/#\\\/schema\\\/person\\\/134708ca9321c57b0362cceb7948ffbd\",\"name\":\"michael.merz\",\"image\":{\"@type\":\"ImageObject\",\"inLanguage\":\"de\",\"@id\":\"https:\\\/\\\/secure.gravatar.com\\\/avatar\\\/?s=96&d=mm&r=g\",\"url\":\"https:\\\/\\\/secure.gravatar.com\\\/avatar\\\/?s=96&d=mm&r=g\",\"contentUrl\":\"https:\\\/\\\/secure.gravatar.com\\\/avatar\\\/?s=96&d=mm&r=g\",\"caption\":\"michael.merz\"},\"url\":\"https:\\\/\\\/www.organisator.ch\\\/de\\\/author\\\/michael-merz\\\/\"}]}<\/script>\n<!-- \/ Yoast SEO plugin. -->","yoast_head_json":{"title":"Prix SVC Wirtschaftsraum Z\u00fcrich 2018: Schibli-Gruppe \u00fcberzeugt - Organisator","description":"Die Schibli-Gruppe gewinnt den Prix SVC Wirtschaftsraum Z\u00fcrich 2018. Der Swiss Venture Club beeindruckte einmal mehr \u00fcber 2'200 G\u00e4ste und KMU Verantwortliche.","robots":{"index":"index","follow":"follow","max-snippet":"max-snippet:-1","max-image-preview":"max-image-preview:large","max-video-preview":"max-video-preview:-1"},"canonical":"https:\/\/www.organisator.ch\/de\/allgemein\/2018-01-19\/prix-svc-wirtschaftsraum-zuerich-2018-schibli-gruppe-ueberzeugt\/","og_locale":"de_DE","og_type":"article","og_title":"Prix SVC Wirtschaftsraum Z\u00fcrich 2018: Schibli-Gruppe \u00fcberzeugt - Organisator","og_description":"Die Schibli-Gruppe gewinnt den Prix SVC Wirtschaftsraum Z\u00fcrich 2018. Der Swiss Venture Club beeindruckte einmal mehr \u00fcber 2'200 G\u00e4ste und KMU Verantwortliche.","og_url":"https:\/\/www.organisator.ch\/de\/allgemein\/2018-01-19\/prix-svc-wirtschaftsraum-zuerich-2018-schibli-gruppe-ueberzeugt\/","og_site_name":"Organisator","article_publisher":"https:\/\/www.facebook.com\/OrganisatorFachmagazin","article_published_time":"2018-01-19T07:31:22+00:00","og_image":[{"width":640,"height":427,"url":"https:\/\/www.organisator.ch\/wp-content\/uploads\/2018\/01\/Schibli-Gruppe-ist-Gewinnerin-des-Prix-SVC-Wirtschaftsraum-Zuerich-2018_Organisator.jpg","type":"image\/jpeg"}],"author":"michael.merz","twitter_card":"summary_large_image","schema":{"@context":"https:\/\/schema.org","@graph":[{"@type":"Article","@id":"https:\/\/www.organisator.ch\/fr\/general\/2018-01-19\/prix-svc-wirtschaftsraum-zuerich-2018-schibli-gruppe-ueberzeugt\/#article","isPartOf":{"@id":"https:\/\/www.organisator.ch\/fr\/general\/2018-01-19\/prix-svc-wirtschaftsraum-zuerich-2018-schibli-gruppe-ueberzeugt\/"},"author":{"name":"michael.merz","@id":"https:\/\/www.organisator.ch\/#\/schema\/person\/134708ca9321c57b0362cceb7948ffbd"},"headline":"Prix SVC Wirtschaftsraum Z\u00fcrich 2018: Schibli-Gruppe \u00fcberzeugt","datePublished":"2018-01-19T07:31:22+00:00","mainEntityOfPage":{"@id":"https:\/\/www.organisator.ch\/fr\/general\/2018-01-19\/prix-svc-wirtschaftsraum-zuerich-2018-schibli-gruppe-ueberzeugt\/"},"wordCount":712,"commentCount":0,"publisher":{"@id":"https:\/\/www.organisator.ch\/#organization"},"image":{"@id":"https:\/\/www.organisator.ch\/fr\/general\/2018-01-19\/prix-svc-wirtschaftsraum-zuerich-2018-schibli-gruppe-ueberzeugt\/#primaryimage"},"thumbnailUrl":"https:\/\/www.organisator.ch\/wp-content\/uploads\/2018\/01\/Schibli-Gruppe-ist-Gewinnerin-des-Prix-SVC-Wirtschaftsraum-Zuerich-2018_Organisator.jpg","keywords":["Finalisten","KMU","Prix SVC Wirtschaftsraum Z\u00fcrich","Swiss Venture Club"],"inLanguage":"de"},{"@type":"WebPage","@id":"https:\/\/www.organisator.ch\/fr\/general\/2018-01-19\/prix-svc-wirtschaftsraum-zuerich-2018-schibli-gruppe-ueberzeugt\/","url":"https:\/\/www.organisator.ch\/fr\/general\/2018-01-19\/prix-svc-wirtschaftsraum-zuerich-2018-schibli-gruppe-ueberzeugt\/","name":"Prix SVC Wirtschaftsraum Z\u00fcrich 2018: Schibli-Gruppe \u00fcberzeugt - Organisator","isPartOf":{"@id":"https:\/\/www.organisator.ch\/#website"},"primaryImageOfPage":{"@id":"https:\/\/www.organisator.ch\/fr\/general\/2018-01-19\/prix-svc-wirtschaftsraum-zuerich-2018-schibli-gruppe-ueberzeugt\/#primaryimage"},"image":{"@id":"https:\/\/www.organisator.ch\/fr\/general\/2018-01-19\/prix-svc-wirtschaftsraum-zuerich-2018-schibli-gruppe-ueberzeugt\/#primaryimage"},"thumbnailUrl":"https:\/\/www.organisator.ch\/wp-content\/uploads\/2018\/01\/Schibli-Gruppe-ist-Gewinnerin-des-Prix-SVC-Wirtschaftsraum-Zuerich-2018_Organisator.jpg","datePublished":"2018-01-19T07:31:22+00:00","description":"Die Schibli-Gruppe gewinnt den Prix SVC Wirtschaftsraum Z\u00fcrich 2018. Der Swiss Venture Club beeindruckte einmal mehr \u00fcber 2'200 G\u00e4ste und KMU Verantwortliche.","breadcrumb":{"@id":"https:\/\/www.organisator.ch\/fr\/general\/2018-01-19\/prix-svc-wirtschaftsraum-zuerich-2018-schibli-gruppe-ueberzeugt\/#breadcrumb"},"inLanguage":"de","potentialAction":[{"@type":"ReadAction","target":["https:\/\/www.organisator.ch\/fr\/general\/2018-01-19\/prix-svc-wirtschaftsraum-zuerich-2018-schibli-gruppe-ueberzeugt\/"]}]},{"@type":"ImageObject","inLanguage":"de","@id":"https:\/\/www.organisator.ch\/fr\/general\/2018-01-19\/prix-svc-wirtschaftsraum-zuerich-2018-schibli-gruppe-ueberzeugt\/#primaryimage","url":"https:\/\/www.organisator.ch\/wp-content\/uploads\/2018\/01\/Schibli-Gruppe-ist-Gewinnerin-des-Prix-SVC-Wirtschaftsraum-Zuerich-2018_Organisator.jpg","contentUrl":"https:\/\/www.organisator.ch\/wp-content\/uploads\/2018\/01\/Schibli-Gruppe-ist-Gewinnerin-des-Prix-SVC-Wirtschaftsraum-Zuerich-2018_Organisator.jpg","width":640,"height":427,"caption":"Der Gewinner des Prix SVC Wirtschaftsraum Zuerich 2018, Jan Schibli, CEO Schibli Gruppe, links freut sich ueber den ersten Preis waehrend der Preisverleihung am Donnerstag 18. Januar 2017 im Hallenstadion Zuerich. Der Swiss Venture Club zeichnet mit dem Prix SVC innovative Unternehmen aus, die durch herausragende Leistungen einen wesentlichen und nachhaltigen wirtschaftlichen Erfolg.erzielen. (PPR\/Manuel Lopez)"},{"@type":"BreadcrumbList","@id":"https:\/\/www.organisator.ch\/fr\/general\/2018-01-19\/prix-svc-wirtschaftsraum-zuerich-2018-schibli-gruppe-ueberzeugt\/#breadcrumb","itemListElement":[{"@type":"ListItem","position":1,"name":"Home","item":"https:\/\/www.organisator.ch\/"},{"@type":"ListItem","position":2,"name":"Prix SVC Wirtschaftsraum Z\u00fcrich 2018: Schibli-Gruppe \u00fcberzeugt"}]},{"@type":"WebSite","@id":"https:\/\/www.organisator.ch\/#website","url":"https:\/\/www.organisator.ch\/","name":"Organisator","description":"Kompetent. Praxisnah. Der ORGANISATOR bereitet in 10 Ausgaben pro Jahr die wesentlichen Themen f\u00fcr F\u00fchrungskr\u00e4fte von KMU auf.","publisher":{"@id":"https:\/\/www.organisator.ch\/#organization"},"potentialAction":[{"@type":"SearchAction","target":{"@type":"EntryPoint","urlTemplate":"https:\/\/www.organisator.ch\/?s={search_term_string}"},"query-input":{"@type":"PropertyValueSpecification","valueRequired":true,"valueName":"search_term_string"}}],"inLanguage":"de"},{"@type":"Organization","@id":"https:\/\/www.organisator.ch\/#organization","name":"Organisator","url":"https:\/\/www.organisator.ch\/","logo":{"@type":"ImageObject","inLanguage":"de","@id":"https:\/\/www.organisator.ch\/#\/schema\/logo\/image\/","url":"https:\/\/www.organisator.ch\/wp-content\/uploads\/2022\/01\/Logo_Organisator_Website.png","contentUrl":"https:\/\/www.organisator.ch\/wp-content\/uploads\/2022\/01\/Logo_Organisator_Website.png","width":800,"height":77,"caption":"Organisator"},"image":{"@id":"https:\/\/www.organisator.ch\/#\/schema\/logo\/image\/"},"sameAs":["https:\/\/www.facebook.com\/OrganisatorFachmagazin","https:\/\/www.linkedin.com\/showcase\/organisator-das-magazin-fr-kmu","https:\/\/www.xing.com\/news\/pages\/organisator-ch-695","https:\/\/www.youtube.com\/channel\/UCGP2Sq0iWaZwT3BdIAQFYpw"]},{"@type":"Person","@id":"https:\/\/www.organisator.ch\/#\/schema\/person\/134708ca9321c57b0362cceb7948ffbd","name":"michael.merz","image":{"@type":"ImageObject","inLanguage":"de","@id":"https:\/\/secure.gravatar.com\/avatar\/?s=96&d=mm&r=g","url":"https:\/\/secure.gravatar.com\/avatar\/?s=96&d=mm&r=g","contentUrl":"https:\/\/secure.gravatar.com\/avatar\/?s=96&d=mm&r=g","caption":"michael.merz"},"url":"https:\/\/www.organisator.ch\/de\/author\/michael-merz\/"}]}},"_links":{"self":[{"href":"https:\/\/www.organisator.ch\/de\/wp-json\/wp\/v2\/posts\/3024","targetHints":{"allow":["GET"]}}],"collection":[{"href":"https:\/\/www.organisator.ch\/de\/wp-json\/wp\/v2\/posts"}],"about":[{"href":"https:\/\/www.organisator.ch\/de\/wp-json\/wp\/v2\/types\/post"}],"author":[{"embeddable":true,"href":"https:\/\/www.organisator.ch\/de\/wp-json\/wp\/v2\/users\/5"}],"replies":[{"embeddable":true,"href":"https:\/\/www.organisator.ch\/de\/wp-json\/wp\/v2\/comments?post=3024"}],"version-history":[{"count":0,"href":"https:\/\/www.organisator.ch\/de\/wp-json\/wp\/v2\/posts\/3024\/revisions"}],"wp:featuredmedia":[{"embeddable":true,"href":"https:\/\/www.organisator.ch\/de\/wp-json\/wp\/v2\/media\/3020"}],"wp:attachment":[{"href":"https:\/\/www.organisator.ch\/de\/wp-json\/wp\/v2\/media?parent=3024"}],"wp:term":[{"taxonomy":"category","embeddable":true,"href":"https:\/\/www.organisator.ch\/de\/wp-json\/wp\/v2\/categories?post=3024"},{"taxonomy":"post_tag","embeddable":true,"href":"https:\/\/www.organisator.ch\/de\/wp-json\/wp\/v2\/tags?post=3024"}],"curies":[{"name":"wp","href":"https:\/\/api.w.org\/{rel}","templated":true}]}}