{"id":30270,"date":"2024-09-30T18:28:28","date_gmt":"2024-09-30T16:28:28","guid":{"rendered":"https:\/\/www.markt-kom.com\/?p=224136"},"modified":"2024-11-08T06:18:23","modified_gmt":"2024-11-08T05:18:23","slug":"studie-von-staempfli-beleuchtet-die-verbandskommunikation","status":"publish","type":"post","link":"https:\/\/www.organisator.ch\/de\/marketing\/2024-09-30\/studie-von-staempfli-beleuchtet-die-verbandskommunikation\/","title":{"rendered":"Studie von St\u00e4mpfli beleuchtet die Verbandskommunikation"},"content":{"rendered":"<figure id=\"attachment_224138\" class=\"wp-caption aligncenter\" style=\"width: 1200px\" aria-describedby=\"caption-attachment-224138\"><img class=\"aligncenter wp-image-224138 size-full\" src=\"https:\/\/www.markt-kom.com\/wp-content\/uploads\/2024\/09\/staempfli-vmi-studie-verbaende-grafik-1.jpg\" alt=\"Verbandskommunikation\" width=\"1200\" height=\"900\" \/>\r\n<figcaption id=\"caption-attachment-224138\" class=\"wp-caption-text\">(Grafik: St\u00e4mpfli\/VMI)<\/figcaption>\r\n<\/figure>\r\n<p>St\u00e4mpfli Kommunikation und das Verbandsmanagement Institut (VMI) der Universit\u00e4t Freiburg haben im Rahmen ihrer zweiten umfangreichen Untersuchung erneut Einblicke in die aktuellen Kommunikationspraktiken und Herausforderungen von Schweizer Verb\u00e4nden erhalten. An der Online-Befragung nahmen 379 Organisationen teil \u2013 laut St\u00e4mpfli eine Rekordbeteiligung, die den wachsenden Stellenwert der digitalen und strategischen Kommunikation unterstreichen.<\/p>\r\n<p>Die Studie zeigt klare Trends in der digitalen Transformation auf, beleuchtet Ressourcenengp\u00e4sse und liefert praxisnahe Impulse, wie Verb\u00e4nde ihre Kommunikation und ihr Marketing zukunftsf\u00e4hig gestalten k\u00f6nnen.<\/p>\r\n<h3>Wo stehen die Verb\u00e4nde heute?<\/h3>\r\n<p>Im Vergleich zur vorangehenden Studie aus dem Jahr 2017 zeigen sich deutliche Trends: Die Nutzung sozialer Medien ist weiter auf dem Vormarsch. Besonders LinkedIn und Instagram haben in der Verbandskommunikation massiv an Bedeutung gewonnen. W\u00e4hrend klassische Werbemittel an Relevanz verlieren, bleiben Veranstaltungen und pers\u00f6nliche Treffen als zentrale Kommunikationsplattformen bestehen. \u00abDie Ergebnisse sind ein Spiegel der zunehmenden Digitalisierung, aber auch der Best\u00e4ndigkeit bew\u00e4hrter Kommunikationskan\u00e4le\u00bb, so Nathalie Maring, Mitautorin der Studie.<\/p>\r\n<h3>Ressourcen und Zielgruppen als Herausforderungen<\/h3>\r\n<p>Neben den Trends beleuchtet die Studie auch die aktuellen Herausforderungen der Verb\u00e4nde. Viele k\u00e4mpfen mit begrenzten Ressourcen und dem wachsenden Druck, j\u00fcngere Zielgruppen anzusprechen. Fast drei von f\u00fcnf Verb\u00e4nden planen daher gezielte Massnahmen zur Verj\u00fcngung ihrer Verbandsmitglieder\u2013 ein Schl\u00fcsselthema, das in Zukunft \u00fcber die Relevanz vieler Organisationen entscheiden k\u00f6nnte.<\/p>\r\n<h3>Gezielte Unterst\u00fctzung bei modernen Kommunikationsstrategien<\/h3>\r\n<p>St\u00e4mpfli Kommunikation plant, die Ergebnisse der Studie gezielt zu nutzen, um die Kund:innen bei der Weiterentwicklung ihrer Kommunikationsstrategien zu unterst\u00fctzen. \u00abMit den neuen Erkenntnissen der Studie werden wir unsere Kundschaft durch die Herausforderungen der digitalen Kommunikation begleiten und ihnen gezielt Mehrwert bieten\u00bb, betont Monica Masciadri, Co-Leiterin Verbandskommunikation.<\/p>\r\n<p>Obwohl die detaillierte wissenschaftliche Publikation der Studie erst Ende Oktober 2024 ver\u00f6ffentlicht wird, k\u00f6nnen Verb\u00e4nde bereits jetzt auf Erkenntnisse zugreifen, mit denen sie ihre Kommunikationsstrategien optimieren k\u00f6nnen. \u00abDie Studie bietet nicht nur eine Bestandsaufnahme, sondern liefert auch praxisnahe Impulse, wie Verb\u00e4nde ihre Kommunikation zukunftssicher aufstellen k\u00f6nnen\u00bb, erkl\u00e4rt Prof. Dr. Markus Gm\u00fcr vom VMI.<\/p>","protected":false},"excerpt":{"rendered":"<p>Die aktuelle Verbandsstudie von St\u00e4mpfli Kommunikation und dem Verbandsmanagement Institut VMI der Universit\u00e4t Freiburg bietet Einblicke in die aktuellen Kommunikationsstrategien und Herausforderungen der Schweizer Verb\u00e4nde.<\/p>\n","protected":false},"author":8,"featured_media":0,"comment_status":"closed","ping_status":"closed","sticky":false,"template":"","format":"standard","meta":{"_acf_changed":false,"_yoast_wpseo_focuskw":"Verbandskommunikation","_yoast_wpseo_metadesc":"Neue Studie von St\u00e4mpfli und VMI zeigt digitale Trends und Herausforderungen der Schweizer Verb\u00e4nde auf.","articlekey":"","footnotes":""},"categories":[29],"tags":[4343,4070,459,503],"class_list":["post-30270","post","type-post","status-publish","format-standard","hentry","category-marketing","tag-markom","tag-staempfli-kommunikation","tag-studie","tag-verbaende"],"acf":[],"yoast_head":"<!-- This site is optimized with the Yoast SEO plugin v27.4 - https:\/\/yoast.com\/product\/yoast-seo-wordpress\/ -->\n<title>Studie von St\u00e4mpfli beleuchtet die Verbandskommunikation - Organisator<\/title>\n<meta name=\"description\" content=\"Neue Studie von St\u00e4mpfli und VMI zeigt digitale Trends und Herausforderungen der Schweizer Verb\u00e4nde auf.\" \/>\n<meta name=\"robots\" content=\"index, follow, max-snippet:-1, max-image-preview:large, max-video-preview:-1\" \/>\n<link rel=\"canonical\" href=\"https:\/\/www.organisator.ch\/de\/marketing\/2024-09-30\/studie-von-staempfli-beleuchtet-die-verbandskommunikation\/\" \/>\n<meta property=\"og:locale\" content=\"de_DE\" \/>\n<meta property=\"og:type\" content=\"article\" \/>\n<meta property=\"og:title\" content=\"Studie von St\u00e4mpfli beleuchtet die Verbandskommunikation - Organisator\" \/>\n<meta property=\"og:description\" content=\"Neue Studie von St\u00e4mpfli und VMI zeigt digitale Trends und Herausforderungen der Schweizer Verb\u00e4nde auf.\" \/>\n<meta property=\"og:url\" content=\"https:\/\/www.organisator.ch\/de\/marketing\/2024-09-30\/studie-von-staempfli-beleuchtet-die-verbandskommunikation\/\" \/>\n<meta property=\"og:site_name\" content=\"Organisator\" \/>\n<meta property=\"article:publisher\" content=\"https:\/\/www.facebook.com\/OrganisatorFachmagazin\" \/>\n<meta property=\"article:published_time\" content=\"2024-09-30T16:28:28+00:00\" \/>\n<meta property=\"article:modified_time\" content=\"2024-11-08T05:18:23+00:00\" \/>\n<meta property=\"og:image\" content=\"https:\/\/www.markt-kom.com\/wp-content\/uploads\/2024\/09\/staempfli-vmi-studie-verbaende-grafik-1.jpg\" \/>\n<meta name=\"author\" content=\"galledia\" \/>\n<meta name=\"twitter:card\" content=\"summary_large_image\" \/>\n<meta name=\"twitter:creator\" content=\"@admin\" \/>\n<script type=\"application\/ld+json\" class=\"yoast-schema-graph\">{\"@context\":\"https:\\\/\\\/schema.org\",\"@graph\":[{\"@type\":\"Article\",\"@id\":\"https:\\\/\\\/www.organisator.ch\\\/marketing\\\/2024-09-30\\\/studie-von-staempfli-beleuchtet-die-verbandskommunikation\\\/#article\",\"isPartOf\":{\"@id\":\"https:\\\/\\\/www.organisator.ch\\\/marketing\\\/2024-09-30\\\/studie-von-staempfli-beleuchtet-die-verbandskommunikation\\\/\"},\"author\":{\"name\":\"galledia\",\"@id\":\"https:\\\/\\\/www.organisator.ch\\\/#\\\/schema\\\/person\\\/4e51799071cd2dd1232ac003643ef5f0\"},\"headline\":\"Studie von St\u00e4mpfli beleuchtet die Verbandskommunikation\",\"datePublished\":\"2024-09-30T16:28:28+00:00\",\"dateModified\":\"2024-11-08T05:18:23+00:00\",\"mainEntityOfPage\":{\"@id\":\"https:\\\/\\\/www.organisator.ch\\\/marketing\\\/2024-09-30\\\/studie-von-staempfli-beleuchtet-die-verbandskommunikation\\\/\"},\"wordCount\":351,\"publisher\":{\"@id\":\"https:\\\/\\\/www.organisator.ch\\\/#organization\"},\"image\":{\"@id\":\"https:\\\/\\\/www.organisator.ch\\\/marketing\\\/2024-09-30\\\/studie-von-staempfli-beleuchtet-die-verbandskommunikation\\\/#primaryimage\"},\"thumbnailUrl\":\"https:\\\/\\\/www.markt-kom.com\\\/wp-content\\\/uploads\\\/2024\\\/09\\\/staempfli-vmi-studie-verbaende-grafik-1.jpg\",\"keywords\":[\"MarKom\",\"St\u00e4mpfli Kommunikation\",\"Studie\",\"Verb\u00e4nde\"],\"articleSection\":[\"MARKETING\"],\"inLanguage\":\"de\"},{\"@type\":\"WebPage\",\"@id\":\"https:\\\/\\\/www.organisator.ch\\\/marketing\\\/2024-09-30\\\/studie-von-staempfli-beleuchtet-die-verbandskommunikation\\\/\",\"url\":\"https:\\\/\\\/www.organisator.ch\\\/marketing\\\/2024-09-30\\\/studie-von-staempfli-beleuchtet-die-verbandskommunikation\\\/\",\"name\":\"Studie von St\u00e4mpfli beleuchtet die Verbandskommunikation - Organisator\",\"isPartOf\":{\"@id\":\"https:\\\/\\\/www.organisator.ch\\\/#website\"},\"primaryImageOfPage\":{\"@id\":\"https:\\\/\\\/www.organisator.ch\\\/marketing\\\/2024-09-30\\\/studie-von-staempfli-beleuchtet-die-verbandskommunikation\\\/#primaryimage\"},\"image\":{\"@id\":\"https:\\\/\\\/www.organisator.ch\\\/marketing\\\/2024-09-30\\\/studie-von-staempfli-beleuchtet-die-verbandskommunikation\\\/#primaryimage\"},\"thumbnailUrl\":\"https:\\\/\\\/www.markt-kom.com\\\/wp-content\\\/uploads\\\/2024\\\/09\\\/staempfli-vmi-studie-verbaende-grafik-1.jpg\",\"datePublished\":\"2024-09-30T16:28:28+00:00\",\"dateModified\":\"2024-11-08T05:18:23+00:00\",\"description\":\"Neue Studie von St\u00e4mpfli und VMI zeigt digitale Trends und Herausforderungen der Schweizer Verb\u00e4nde auf.\",\"breadcrumb\":{\"@id\":\"https:\\\/\\\/www.organisator.ch\\\/marketing\\\/2024-09-30\\\/studie-von-staempfli-beleuchtet-die-verbandskommunikation\\\/#breadcrumb\"},\"inLanguage\":\"de\",\"potentialAction\":[{\"@type\":\"ReadAction\",\"target\":[\"https:\\\/\\\/www.organisator.ch\\\/marketing\\\/2024-09-30\\\/studie-von-staempfli-beleuchtet-die-verbandskommunikation\\\/\"]}]},{\"@type\":\"ImageObject\",\"inLanguage\":\"de\",\"@id\":\"https:\\\/\\\/www.organisator.ch\\\/marketing\\\/2024-09-30\\\/studie-von-staempfli-beleuchtet-die-verbandskommunikation\\\/#primaryimage\",\"url\":\"https:\\\/\\\/www.markt-kom.com\\\/wp-content\\\/uploads\\\/2024\\\/09\\\/staempfli-vmi-studie-verbaende-grafik-1.jpg\",\"contentUrl\":\"https:\\\/\\\/www.markt-kom.com\\\/wp-content\\\/uploads\\\/2024\\\/09\\\/staempfli-vmi-studie-verbaende-grafik-1.jpg\"},{\"@type\":\"BreadcrumbList\",\"@id\":\"https:\\\/\\\/www.organisator.ch\\\/marketing\\\/2024-09-30\\\/studie-von-staempfli-beleuchtet-die-verbandskommunikation\\\/#breadcrumb\",\"itemListElement\":[{\"@type\":\"ListItem\",\"position\":1,\"name\":\"Home\",\"item\":\"https:\\\/\\\/www.organisator.ch\\\/\"},{\"@type\":\"ListItem\",\"position\":2,\"name\":\"Studie von St\u00e4mpfli beleuchtet die Verbandskommunikation\"}]},{\"@type\":\"WebSite\",\"@id\":\"https:\\\/\\\/www.organisator.ch\\\/#website\",\"url\":\"https:\\\/\\\/www.organisator.ch\\\/\",\"name\":\"Organisator\",\"description\":\"Kompetent. Praxisnah. Der ORGANISATOR bereitet in 10 Ausgaben pro Jahr die wesentlichen Themen f\u00fcr F\u00fchrungskr\u00e4fte von KMU auf.\",\"publisher\":{\"@id\":\"https:\\\/\\\/www.organisator.ch\\\/#organization\"},\"potentialAction\":[{\"@type\":\"SearchAction\",\"target\":{\"@type\":\"EntryPoint\",\"urlTemplate\":\"https:\\\/\\\/www.organisator.ch\\\/?s={search_term_string}\"},\"query-input\":{\"@type\":\"PropertyValueSpecification\",\"valueRequired\":true,\"valueName\":\"search_term_string\"}}],\"inLanguage\":\"de\"},{\"@type\":\"Organization\",\"@id\":\"https:\\\/\\\/www.organisator.ch\\\/#organization\",\"name\":\"Organisator\",\"url\":\"https:\\\/\\\/www.organisator.ch\\\/\",\"logo\":{\"@type\":\"ImageObject\",\"inLanguage\":\"de\",\"@id\":\"https:\\\/\\\/www.organisator.ch\\\/#\\\/schema\\\/logo\\\/image\\\/\",\"url\":\"https:\\\/\\\/www.organisator.ch\\\/wp-content\\\/uploads\\\/2022\\\/01\\\/Logo_Organisator_Website.png\",\"contentUrl\":\"https:\\\/\\\/www.organisator.ch\\\/wp-content\\\/uploads\\\/2022\\\/01\\\/Logo_Organisator_Website.png\",\"width\":800,\"height\":77,\"caption\":\"Organisator\"},\"image\":{\"@id\":\"https:\\\/\\\/www.organisator.ch\\\/#\\\/schema\\\/logo\\\/image\\\/\"},\"sameAs\":[\"https:\\\/\\\/www.facebook.com\\\/OrganisatorFachmagazin\",\"https:\\\/\\\/www.linkedin.com\\\/showcase\\\/organisator-das-magazin-fr-kmu\",\"https:\\\/\\\/www.xing.com\\\/news\\\/pages\\\/organisator-ch-695\",\"https:\\\/\\\/www.youtube.com\\\/channel\\\/UCGP2Sq0iWaZwT3BdIAQFYpw\"]},{\"@type\":\"Person\",\"@id\":\"https:\\\/\\\/www.organisator.ch\\\/#\\\/schema\\\/person\\\/4e51799071cd2dd1232ac003643ef5f0\",\"name\":\"galledia\",\"image\":{\"@type\":\"ImageObject\",\"inLanguage\":\"de\",\"@id\":\"https:\\\/\\\/secure.gravatar.com\\\/avatar\\\/78a7f90c01fc2bfc875782a0d4922b37cde2cf184ce347b91316d23cd7f69a36?s=96&d=mm&r=g\",\"url\":\"https:\\\/\\\/secure.gravatar.com\\\/avatar\\\/78a7f90c01fc2bfc875782a0d4922b37cde2cf184ce347b91316d23cd7f69a36?s=96&d=mm&r=g\",\"contentUrl\":\"https:\\\/\\\/secure.gravatar.com\\\/avatar\\\/78a7f90c01fc2bfc875782a0d4922b37cde2cf184ce347b91316d23cd7f69a36?s=96&d=mm&r=g\",\"caption\":\"galledia\"},\"sameAs\":[\"https:\\\/\\\/x.com\\\/admin\"],\"url\":\"https:\\\/\\\/www.organisator.ch\\\/de\\\/author\\\/galledia\\\/\"}]}<\/script>\n<!-- \/ Yoast SEO plugin. -->","yoast_head_json":{"title":"Studie von St\u00e4mpfli beleuchtet die Verbandskommunikation - Organisator","description":"Neue Studie von St\u00e4mpfli und VMI zeigt digitale Trends und Herausforderungen der Schweizer Verb\u00e4nde auf.","robots":{"index":"index","follow":"follow","max-snippet":"max-snippet:-1","max-image-preview":"max-image-preview:large","max-video-preview":"max-video-preview:-1"},"canonical":"https:\/\/www.organisator.ch\/de\/marketing\/2024-09-30\/studie-von-staempfli-beleuchtet-die-verbandskommunikation\/","og_locale":"de_DE","og_type":"article","og_title":"Studie von St\u00e4mpfli beleuchtet die Verbandskommunikation - Organisator","og_description":"Neue Studie von St\u00e4mpfli und VMI zeigt digitale Trends und Herausforderungen der Schweizer Verb\u00e4nde auf.","og_url":"https:\/\/www.organisator.ch\/de\/marketing\/2024-09-30\/studie-von-staempfli-beleuchtet-die-verbandskommunikation\/","og_site_name":"Organisator","article_publisher":"https:\/\/www.facebook.com\/OrganisatorFachmagazin","article_published_time":"2024-09-30T16:28:28+00:00","article_modified_time":"2024-11-08T05:18:23+00:00","og_image":[{"url":"https:\/\/www.markt-kom.com\/wp-content\/uploads\/2024\/09\/staempfli-vmi-studie-verbaende-grafik-1.jpg","type":"","width":"","height":""}],"author":"galledia","twitter_card":"summary_large_image","twitter_creator":"@admin","schema":{"@context":"https:\/\/schema.org","@graph":[{"@type":"Article","@id":"https:\/\/www.organisator.ch\/marketing\/2024-09-30\/studie-von-staempfli-beleuchtet-die-verbandskommunikation\/#article","isPartOf":{"@id":"https:\/\/www.organisator.ch\/marketing\/2024-09-30\/studie-von-staempfli-beleuchtet-die-verbandskommunikation\/"},"author":{"name":"galledia","@id":"https:\/\/www.organisator.ch\/#\/schema\/person\/4e51799071cd2dd1232ac003643ef5f0"},"headline":"Studie von St\u00e4mpfli beleuchtet die Verbandskommunikation","datePublished":"2024-09-30T16:28:28+00:00","dateModified":"2024-11-08T05:18:23+00:00","mainEntityOfPage":{"@id":"https:\/\/www.organisator.ch\/marketing\/2024-09-30\/studie-von-staempfli-beleuchtet-die-verbandskommunikation\/"},"wordCount":351,"publisher":{"@id":"https:\/\/www.organisator.ch\/#organization"},"image":{"@id":"https:\/\/www.organisator.ch\/marketing\/2024-09-30\/studie-von-staempfli-beleuchtet-die-verbandskommunikation\/#primaryimage"},"thumbnailUrl":"https:\/\/www.markt-kom.com\/wp-content\/uploads\/2024\/09\/staempfli-vmi-studie-verbaende-grafik-1.jpg","keywords":["MarKom","St\u00e4mpfli Kommunikation","Studie","Verb\u00e4nde"],"articleSection":["MARKETING"],"inLanguage":"de"},{"@type":"WebPage","@id":"https:\/\/www.organisator.ch\/marketing\/2024-09-30\/studie-von-staempfli-beleuchtet-die-verbandskommunikation\/","url":"https:\/\/www.organisator.ch\/marketing\/2024-09-30\/studie-von-staempfli-beleuchtet-die-verbandskommunikation\/","name":"Studie von St\u00e4mpfli beleuchtet die Verbandskommunikation - Organisator","isPartOf":{"@id":"https:\/\/www.organisator.ch\/#website"},"primaryImageOfPage":{"@id":"https:\/\/www.organisator.ch\/marketing\/2024-09-30\/studie-von-staempfli-beleuchtet-die-verbandskommunikation\/#primaryimage"},"image":{"@id":"https:\/\/www.organisator.ch\/marketing\/2024-09-30\/studie-von-staempfli-beleuchtet-die-verbandskommunikation\/#primaryimage"},"thumbnailUrl":"https:\/\/www.markt-kom.com\/wp-content\/uploads\/2024\/09\/staempfli-vmi-studie-verbaende-grafik-1.jpg","datePublished":"2024-09-30T16:28:28+00:00","dateModified":"2024-11-08T05:18:23+00:00","description":"Neue Studie von St\u00e4mpfli und VMI zeigt digitale Trends und Herausforderungen der Schweizer Verb\u00e4nde auf.","breadcrumb":{"@id":"https:\/\/www.organisator.ch\/marketing\/2024-09-30\/studie-von-staempfli-beleuchtet-die-verbandskommunikation\/#breadcrumb"},"inLanguage":"de","potentialAction":[{"@type":"ReadAction","target":["https:\/\/www.organisator.ch\/marketing\/2024-09-30\/studie-von-staempfli-beleuchtet-die-verbandskommunikation\/"]}]},{"@type":"ImageObject","inLanguage":"de","@id":"https:\/\/www.organisator.ch\/marketing\/2024-09-30\/studie-von-staempfli-beleuchtet-die-verbandskommunikation\/#primaryimage","url":"https:\/\/www.markt-kom.com\/wp-content\/uploads\/2024\/09\/staempfli-vmi-studie-verbaende-grafik-1.jpg","contentUrl":"https:\/\/www.markt-kom.com\/wp-content\/uploads\/2024\/09\/staempfli-vmi-studie-verbaende-grafik-1.jpg"},{"@type":"BreadcrumbList","@id":"https:\/\/www.organisator.ch\/marketing\/2024-09-30\/studie-von-staempfli-beleuchtet-die-verbandskommunikation\/#breadcrumb","itemListElement":[{"@type":"ListItem","position":1,"name":"Home","item":"https:\/\/www.organisator.ch\/"},{"@type":"ListItem","position":2,"name":"Studie von St\u00e4mpfli beleuchtet die Verbandskommunikation"}]},{"@type":"WebSite","@id":"https:\/\/www.organisator.ch\/#website","url":"https:\/\/www.organisator.ch\/","name":"Organisator","description":"Kompetent. Praxisnah. Der ORGANISATOR bereitet in 10 Ausgaben pro Jahr die wesentlichen Themen f\u00fcr F\u00fchrungskr\u00e4fte von KMU auf.","publisher":{"@id":"https:\/\/www.organisator.ch\/#organization"},"potentialAction":[{"@type":"SearchAction","target":{"@type":"EntryPoint","urlTemplate":"https:\/\/www.organisator.ch\/?s={search_term_string}"},"query-input":{"@type":"PropertyValueSpecification","valueRequired":true,"valueName":"search_term_string"}}],"inLanguage":"de"},{"@type":"Organization","@id":"https:\/\/www.organisator.ch\/#organization","name":"Organisator","url":"https:\/\/www.organisator.ch\/","logo":{"@type":"ImageObject","inLanguage":"de","@id":"https:\/\/www.organisator.ch\/#\/schema\/logo\/image\/","url":"https:\/\/www.organisator.ch\/wp-content\/uploads\/2022\/01\/Logo_Organisator_Website.png","contentUrl":"https:\/\/www.organisator.ch\/wp-content\/uploads\/2022\/01\/Logo_Organisator_Website.png","width":800,"height":77,"caption":"Organisator"},"image":{"@id":"https:\/\/www.organisator.ch\/#\/schema\/logo\/image\/"},"sameAs":["https:\/\/www.facebook.com\/OrganisatorFachmagazin","https:\/\/www.linkedin.com\/showcase\/organisator-das-magazin-fr-kmu","https:\/\/www.xing.com\/news\/pages\/organisator-ch-695","https:\/\/www.youtube.com\/channel\/UCGP2Sq0iWaZwT3BdIAQFYpw"]},{"@type":"Person","@id":"https:\/\/www.organisator.ch\/#\/schema\/person\/4e51799071cd2dd1232ac003643ef5f0","name":"galledia","image":{"@type":"ImageObject","inLanguage":"de","@id":"https:\/\/secure.gravatar.com\/avatar\/78a7f90c01fc2bfc875782a0d4922b37cde2cf184ce347b91316d23cd7f69a36?s=96&d=mm&r=g","url":"https:\/\/secure.gravatar.com\/avatar\/78a7f90c01fc2bfc875782a0d4922b37cde2cf184ce347b91316d23cd7f69a36?s=96&d=mm&r=g","contentUrl":"https:\/\/secure.gravatar.com\/avatar\/78a7f90c01fc2bfc875782a0d4922b37cde2cf184ce347b91316d23cd7f69a36?s=96&d=mm&r=g","caption":"galledia"},"sameAs":["https:\/\/x.com\/admin"],"url":"https:\/\/www.organisator.ch\/de\/author\/galledia\/"}]}},"_links":{"self":[{"href":"https:\/\/www.organisator.ch\/de\/wp-json\/wp\/v2\/posts\/30270","targetHints":{"allow":["GET"]}}],"collection":[{"href":"https:\/\/www.organisator.ch\/de\/wp-json\/wp\/v2\/posts"}],"about":[{"href":"https:\/\/www.organisator.ch\/de\/wp-json\/wp\/v2\/types\/post"}],"author":[{"embeddable":true,"href":"https:\/\/www.organisator.ch\/de\/wp-json\/wp\/v2\/users\/8"}],"replies":[{"embeddable":true,"href":"https:\/\/www.organisator.ch\/de\/wp-json\/wp\/v2\/comments?post=30270"}],"version-history":[{"count":5,"href":"https:\/\/www.organisator.ch\/de\/wp-json\/wp\/v2\/posts\/30270\/revisions"}],"predecessor-version":[{"id":31849,"href":"https:\/\/www.organisator.ch\/de\/wp-json\/wp\/v2\/posts\/30270\/revisions\/31849"}],"wp:attachment":[{"href":"https:\/\/www.organisator.ch\/de\/wp-json\/wp\/v2\/media?parent=30270"}],"wp:term":[{"taxonomy":"category","embeddable":true,"href":"https:\/\/www.organisator.ch\/de\/wp-json\/wp\/v2\/categories?post=30270"},{"taxonomy":"post_tag","embeddable":true,"href":"https:\/\/www.organisator.ch\/de\/wp-json\/wp\/v2\/tags?post=30270"}],"curies":[{"name":"wp","href":"https:\/\/api.w.org\/{rel}","templated":true}]}}