{"id":30308,"date":"2024-10-01T13:18:34","date_gmt":"2024-10-01T11:18:34","guid":{"rendered":"https:\/\/www.m-q.ch\/?p=20497"},"modified":"2024-11-08T06:06:00","modified_gmt":"2024-11-08T05:06:00","slug":"mpdv-anlass-zum-welttag-der-smart-factory","status":"publish","type":"post","link":"https:\/\/www.organisator.ch\/de\/operational-excellence\/2024-10-01\/mpdv-anlass-zum-welttag-der-smart-factory\/","title":{"rendered":"MPDV Anlass zum Welttag der Smart Factory"},"content":{"rendered":"<figure id=\"attachment_20498\" class=\"wp-caption alignnone\" style=\"width: 680px\" aria-describedby=\"caption-attachment-20498\"><img class=\"alignnone wp-image-20498 size-full\" src=\"https:\/\/www.m-q.ch\/wp-content\/uploads\/2024\/10\/MPDV_Bild1_ps.jpg\" alt=\"Digitalisierung\" width=\"680\" height=\"428\" \/>\r\n<figcaption id=\"caption-attachment-20498\" class=\"wp-caption-text\">V.l.n.r.: Nathalie Kletti, Gesch\u00e4ftsf\u00fchrerin MPDV Mikrolab GmbH, Prof. Dr. Max M\u00fchlh\u00e4user, DHBW Mosbach, Dr. Andreas Hildenbrand, IHK Rhein-Neckar, Nina Warken, MdB, J\u00fcrgen Rieger, Gesch\u00e4ftsf\u00fchrer PPG, Alexandra Gorsche, Moderatorin, Josef Stumpf, Bundeswirtschaftssenat der Region Baden-W\u00fcrttemberg, und Prof. Dr.-Ing. J\u00fcrgen Kletti, Gesch\u00e4ftsf\u00fchrer MPDV Mikrolab GmbH. (Bild: www.mpdv.com)<\/figcaption>\r\n<\/figure>\r\n<p>\u00a0\u201eDie Technik allein reicht nicht aus \u2013 wir m\u00fcssen bereit sein, sie anzunehmen und zu nutzen\u201c, betonte Nina Warken, MdB und parlamentarische Gesch\u00e4ftsf\u00fchrerin der CDU\/CSU-Bundestagsfraktion, in Ihrem Eingangsstatement der Podiumsdiskussion. \u201eDie Innovationskraft des Mittelstands wird entscheidend sein, um den Wettbewerbsdruck zu bew\u00e4ltigen\u201c, erg\u00e4nzte Josef Stumpf, Direktor des Bundeswirtschaftssenats der Region Baden-W\u00fcrttemberg. J\u00fcrgen Rieger, Gesch\u00e4ftsf\u00fchrer der Perfect Production GmbH, einem Unternehmen der MPDV Gruppe, verwies auf die enormen Vorteile vernetzter Daten in Unternehmen und die zunehmende Bedeutung von Berufen wie Data Analysts, die k\u00fcnstliche Intelligenz und Automatisierung in die betriebliche Praxis einbinden. Auch Dr. Andreas Hildenbrand, Gesch\u00e4ftsf\u00fchrer der IHK Rhein-Neckar, hob das Potenzial der Digitalisierung hervor, B\u00fcrokratie abzubauen und Prozesse effizienter zu gestalten.<\/p>\r\n<h3><strong>Vielf\u00e4ltige Perspektiven in hochkar\u00e4tiger Diskussionsrunde <\/strong><\/h3>\r\n<p>Unter dem Motto \u201eDigitalisierung geht jeden an\u201c bot die gut besuchte Veranstaltung im Audimax der DHBW eine Auseinandersetzung mit der Zukunft der Digitalisierung. Im Zentrum stand die Frage, wie Deutschland in der Industrie 4.0 international aufgestellt ist und welche Kompetenzen f\u00fcr eine erfolgreiche Transformation erforderlich sind. Zu den Teilnehmern z\u00e4hlten unter anderen Unternehmer, Studierende, Alumni und Lehrkr\u00e4fte, die sich intensiv \u00fcber das Internet of Things (IoT) und den Wandel der Industrie austauschten. Auf dem Podium versammelten sich die genannten Vertreter der verschiedenen gesellschaftlichen Bereiche sowie Prof. Dr. Max M\u00fchlh\u00e4user, Dekan der Fakult\u00e4t Technik an der DHBW Mosbach. Moderiert wurde die Podiumsdiskussion von Alexandra Gorsche, die durch gezielte Fragen f\u00fcr eine angeregte Debatte sorgte.<\/p>\r\n<figure id=\"attachment_20499\" class=\"wp-caption alignnone\" style=\"width: 680px\" aria-describedby=\"caption-attachment-20499\"><img class=\"size-full wp-image-20499\" src=\"https:\/\/www.m-q.ch\/wp-content\/uploads\/2024\/10\/MPDV_Bild2_ps.jpg\" alt=\"\" width=\"680\" height=\"453\" \/>\r\n<figcaption id=\"caption-attachment-20499\" class=\"wp-caption-text\">Die Diskussionsrunde beleuchtete vielf\u00e4ltige Aspekte der Digitalisierung aus Sicht der Experten. (Bild: www.mpdv.com)<\/figcaption>\r\n<\/figure>\r\n<p>Prof. Dr. Gabi Jeck-Schlottmann, Rektorin der DHBW Mosbach, er\u00f6ffnete die Veranstaltung mit einer inspirierenden Rede \u00fcber die Bedeutung praxisnaher Bildung f\u00fcr die Industrie 4.0. Sie dankte MPDV, die als langj\u00e4hriges Partnerunternehmen bereits 2015 das \u201eLiving Lab\u201c an der DHBW erm\u00f6glicht hatten \u2013 eine mit modernen IoT-Technologien ausgestattete Modellfabrik, die als einer von \u201e100 Orten f\u00fcr Industrie 4.0\u201c ausgezeichnet wurde.<\/p>\r\n<h3><strong>MPDV und der Welttag der Smart Factory <\/strong><\/h3>\r\n<p>Der von MPDV bereits 2021 ins Leben gerufene Aktionstag, der j\u00e4hrlich am 15. September veranstaltet wird, zielt darauf ab, m\u00f6glichst viele Menschen \u00fcber die Bedeutung und M\u00f6glichkeiten der Digitalisierung und insbesondere der Smart Factory zu informieren.<\/p>\r\n<p>Nathalie Kletti, Gesch\u00e4ftsf\u00fchrerin der MPDV Mikrolab GmbH, unterstrich die gesellschaftliche Verantwortung des Unternehmens: \u201eUnser Ziel ist es, nicht nur Unternehmen, sondern vor allem auch die n\u00e4chste Generation f\u00fcr die Chancen der intelligenten Fabrik zu begeistern. Digitalisierung und Nachhaltigkeit gehen Hand in Hand und bieten eine einmalige Gelegenheit, unsere Zukunft lebenswert zu gestalten.\u201c<\/p>\r\n<p><em>Quelle und weitere Informationen: <a href=\"http:\/\/www.mpdv.com\/\">www.mpdv.com<\/a><\/em><\/p>\n<p class=\"syndicated-attribution\">Dieser Beitrag erschien urspr\u00fcnglich auf m-q.ch - <a href=\"https:\/\/www.m-q.ch\/de\/mpdv-anlass-zum-welttag-der-smart-factory\/\" target=\"_blank\">https:\/\/www.m-q.ch\/de\/mpdv-anlass-zum-welttag-der-smart-factory\/<\/a><\/p>","protected":false},"excerpt":{"rendered":"<p>Die Experten waren sich einig \u2013 es braucht die digitale Transformation und zwar jetzt. Dies zeigte sich auch bei der Podiumsdiskussion \u201eDigitalisierung geht jeden an\u201c, zu der MPDV anl\u00e4sslich des Welttags der Smart Factory im September an die Duale Hochschule Baden-W\u00fcrttemberg (DHBW) Mosbach einlud.<\/p>\n","protected":false},"author":58,"featured_media":0,"comment_status":"closed","ping_status":"closed","sticky":false,"template":"","format":"standard","meta":{"_acf_changed":false,"_yoast_wpseo_focuskw":"Digitalisierung","_yoast_wpseo_metadesc":"Diskussion zur Digitalisierung und Industrie 4.0 im Audimax der DHBW mit hochkar\u00e4tigen Experten und praxisnaher Bildung.","articlekey":"","footnotes":""},"categories":[582],"tags":[712,156,605,2700],"class_list":["post-30308","post","type-post","status-publish","format-standard","hentry","category-operational-excellence","tag-anlass","tag-digitalisierung","tag-qualitaetsmanagement","tag-transformation"],"acf":[],"yoast_head":"<!-- This site is optimized with the Yoast SEO plugin v27.4 - https:\/\/yoast.com\/product\/yoast-seo-wordpress\/ -->\n<title>MPDV Anlass zum Welttag der Smart Factory - Organisator<\/title>\n<meta name=\"description\" content=\"Diskussion zur Digitalisierung und Industrie 4.0 im Audimax der DHBW mit hochkar\u00e4tigen Experten und praxisnaher Bildung.\" \/>\n<meta name=\"robots\" content=\"index, follow, max-snippet:-1, max-image-preview:large, max-video-preview:-1\" \/>\n<link rel=\"canonical\" href=\"https:\/\/www.organisator.ch\/de\/operational-excellence\/2024-10-01\/mpdv-anlass-zum-welttag-der-smart-factory\/\" \/>\n<meta property=\"og:locale\" content=\"de_DE\" \/>\n<meta property=\"og:type\" content=\"article\" \/>\n<meta property=\"og:title\" content=\"MPDV Anlass zum Welttag der Smart Factory - Organisator\" \/>\n<meta property=\"og:description\" content=\"Diskussion zur Digitalisierung und Industrie 4.0 im Audimax der DHBW mit hochkar\u00e4tigen Experten und praxisnaher Bildung.\" \/>\n<meta property=\"og:url\" content=\"https:\/\/www.organisator.ch\/de\/operational-excellence\/2024-10-01\/mpdv-anlass-zum-welttag-der-smart-factory\/\" \/>\n<meta property=\"og:site_name\" content=\"Organisator\" \/>\n<meta property=\"article:publisher\" content=\"https:\/\/www.facebook.com\/OrganisatorFachmagazin\" \/>\n<meta property=\"article:published_time\" content=\"2024-10-01T11:18:34+00:00\" \/>\n<meta property=\"article:modified_time\" content=\"2024-11-08T05:06:00+00:00\" \/>\n<meta property=\"og:image\" content=\"https:\/\/www.m-q.ch\/wp-content\/uploads\/2024\/10\/MPDV_Bild1_ps.jpg\" \/>\n<meta name=\"author\" content=\"Adelisa Kalajdzini\" \/>\n<meta name=\"twitter:card\" content=\"summary_large_image\" \/>\n<script type=\"application\/ld+json\" class=\"yoast-schema-graph\">{\"@context\":\"https:\\\/\\\/schema.org\",\"@graph\":[{\"@type\":\"Article\",\"@id\":\"https:\\\/\\\/www.organisator.ch\\\/operational-excellence\\\/2024-10-01\\\/mpdv-anlass-zum-welttag-der-smart-factory\\\/#article\",\"isPartOf\":{\"@id\":\"https:\\\/\\\/www.organisator.ch\\\/operational-excellence\\\/2024-10-01\\\/mpdv-anlass-zum-welttag-der-smart-factory\\\/\"},\"author\":{\"name\":\"Adelisa Kalajdzini\",\"@id\":\"https:\\\/\\\/www.organisator.ch\\\/#\\\/schema\\\/person\\\/2e1314a2172123f874db408d8911d3f3\"},\"headline\":\"MPDV Anlass zum Welttag der Smart Factory\",\"datePublished\":\"2024-10-01T11:18:34+00:00\",\"dateModified\":\"2024-11-08T05:06:00+00:00\",\"mainEntityOfPage\":{\"@id\":\"https:\\\/\\\/www.organisator.ch\\\/operational-excellence\\\/2024-10-01\\\/mpdv-anlass-zum-welttag-der-smart-factory\\\/\"},\"wordCount\":502,\"publisher\":{\"@id\":\"https:\\\/\\\/www.organisator.ch\\\/#organization\"},\"image\":{\"@id\":\"https:\\\/\\\/www.organisator.ch\\\/operational-excellence\\\/2024-10-01\\\/mpdv-anlass-zum-welttag-der-smart-factory\\\/#primaryimage\"},\"thumbnailUrl\":\"https:\\\/\\\/www.m-q.ch\\\/wp-content\\\/uploads\\\/2024\\\/10\\\/MPDV_Bild1_ps.jpg\",\"keywords\":[\"Anlass\",\"Digitalisierung\",\"Qualit\u00e4tsmanagement\",\"Transformation\"],\"articleSection\":[\"OPERATIONAL EXCELLENCE\"],\"inLanguage\":\"de\"},{\"@type\":\"WebPage\",\"@id\":\"https:\\\/\\\/www.organisator.ch\\\/operational-excellence\\\/2024-10-01\\\/mpdv-anlass-zum-welttag-der-smart-factory\\\/\",\"url\":\"https:\\\/\\\/www.organisator.ch\\\/operational-excellence\\\/2024-10-01\\\/mpdv-anlass-zum-welttag-der-smart-factory\\\/\",\"name\":\"MPDV Anlass zum Welttag der Smart Factory - Organisator\",\"isPartOf\":{\"@id\":\"https:\\\/\\\/www.organisator.ch\\\/#website\"},\"primaryImageOfPage\":{\"@id\":\"https:\\\/\\\/www.organisator.ch\\\/operational-excellence\\\/2024-10-01\\\/mpdv-anlass-zum-welttag-der-smart-factory\\\/#primaryimage\"},\"image\":{\"@id\":\"https:\\\/\\\/www.organisator.ch\\\/operational-excellence\\\/2024-10-01\\\/mpdv-anlass-zum-welttag-der-smart-factory\\\/#primaryimage\"},\"thumbnailUrl\":\"https:\\\/\\\/www.m-q.ch\\\/wp-content\\\/uploads\\\/2024\\\/10\\\/MPDV_Bild1_ps.jpg\",\"datePublished\":\"2024-10-01T11:18:34+00:00\",\"dateModified\":\"2024-11-08T05:06:00+00:00\",\"description\":\"Diskussion zur Digitalisierung und Industrie 4.0 im Audimax der DHBW mit hochkar\u00e4tigen Experten und praxisnaher Bildung.\",\"breadcrumb\":{\"@id\":\"https:\\\/\\\/www.organisator.ch\\\/operational-excellence\\\/2024-10-01\\\/mpdv-anlass-zum-welttag-der-smart-factory\\\/#breadcrumb\"},\"inLanguage\":\"de\",\"potentialAction\":[{\"@type\":\"ReadAction\",\"target\":[\"https:\\\/\\\/www.organisator.ch\\\/operational-excellence\\\/2024-10-01\\\/mpdv-anlass-zum-welttag-der-smart-factory\\\/\"]}]},{\"@type\":\"ImageObject\",\"inLanguage\":\"de\",\"@id\":\"https:\\\/\\\/www.organisator.ch\\\/operational-excellence\\\/2024-10-01\\\/mpdv-anlass-zum-welttag-der-smart-factory\\\/#primaryimage\",\"url\":\"https:\\\/\\\/www.m-q.ch\\\/wp-content\\\/uploads\\\/2024\\\/10\\\/MPDV_Bild1_ps.jpg\",\"contentUrl\":\"https:\\\/\\\/www.m-q.ch\\\/wp-content\\\/uploads\\\/2024\\\/10\\\/MPDV_Bild1_ps.jpg\"},{\"@type\":\"BreadcrumbList\",\"@id\":\"https:\\\/\\\/www.organisator.ch\\\/operational-excellence\\\/2024-10-01\\\/mpdv-anlass-zum-welttag-der-smart-factory\\\/#breadcrumb\",\"itemListElement\":[{\"@type\":\"ListItem\",\"position\":1,\"name\":\"Home\",\"item\":\"https:\\\/\\\/www.organisator.ch\\\/\"},{\"@type\":\"ListItem\",\"position\":2,\"name\":\"MPDV Anlass zum Welttag der Smart Factory\"}]},{\"@type\":\"WebSite\",\"@id\":\"https:\\\/\\\/www.organisator.ch\\\/#website\",\"url\":\"https:\\\/\\\/www.organisator.ch\\\/\",\"name\":\"Organisator\",\"description\":\"Kompetent. Praxisnah. Der ORGANISATOR bereitet in 10 Ausgaben pro Jahr die wesentlichen Themen f\u00fcr F\u00fchrungskr\u00e4fte von KMU auf.\",\"publisher\":{\"@id\":\"https:\\\/\\\/www.organisator.ch\\\/#organization\"},\"potentialAction\":[{\"@type\":\"SearchAction\",\"target\":{\"@type\":\"EntryPoint\",\"urlTemplate\":\"https:\\\/\\\/www.organisator.ch\\\/?s={search_term_string}\"},\"query-input\":{\"@type\":\"PropertyValueSpecification\",\"valueRequired\":true,\"valueName\":\"search_term_string\"}}],\"inLanguage\":\"de\"},{\"@type\":\"Organization\",\"@id\":\"https:\\\/\\\/www.organisator.ch\\\/#organization\",\"name\":\"Organisator\",\"url\":\"https:\\\/\\\/www.organisator.ch\\\/\",\"logo\":{\"@type\":\"ImageObject\",\"inLanguage\":\"de\",\"@id\":\"https:\\\/\\\/www.organisator.ch\\\/#\\\/schema\\\/logo\\\/image\\\/\",\"url\":\"https:\\\/\\\/www.organisator.ch\\\/wp-content\\\/uploads\\\/2022\\\/01\\\/Logo_Organisator_Website.png\",\"contentUrl\":\"https:\\\/\\\/www.organisator.ch\\\/wp-content\\\/uploads\\\/2022\\\/01\\\/Logo_Organisator_Website.png\",\"width\":800,\"height\":77,\"caption\":\"Organisator\"},\"image\":{\"@id\":\"https:\\\/\\\/www.organisator.ch\\\/#\\\/schema\\\/logo\\\/image\\\/\"},\"sameAs\":[\"https:\\\/\\\/www.facebook.com\\\/OrganisatorFachmagazin\",\"https:\\\/\\\/www.linkedin.com\\\/showcase\\\/organisator-das-magazin-fr-kmu\",\"https:\\\/\\\/www.xing.com\\\/news\\\/pages\\\/organisator-ch-695\",\"https:\\\/\\\/www.youtube.com\\\/channel\\\/UCGP2Sq0iWaZwT3BdIAQFYpw\"]},{\"@type\":\"Person\",\"@id\":\"https:\\\/\\\/www.organisator.ch\\\/#\\\/schema\\\/person\\\/2e1314a2172123f874db408d8911d3f3\",\"name\":\"Adelisa Kalajdzini\",\"image\":{\"@type\":\"ImageObject\",\"inLanguage\":\"de\",\"@id\":\"https:\\\/\\\/secure.gravatar.com\\\/avatar\\\/09a397c22ac58cad6f160ee8306348599df9df58a8ede73696226897b9fa4b24?s=96&d=mm&r=g\",\"url\":\"https:\\\/\\\/secure.gravatar.com\\\/avatar\\\/09a397c22ac58cad6f160ee8306348599df9df58a8ede73696226897b9fa4b24?s=96&d=mm&r=g\",\"contentUrl\":\"https:\\\/\\\/secure.gravatar.com\\\/avatar\\\/09a397c22ac58cad6f160ee8306348599df9df58a8ede73696226897b9fa4b24?s=96&d=mm&r=g\",\"caption\":\"Adelisa Kalajdzini\"},\"url\":\"https:\\\/\\\/www.organisator.ch\\\/de\\\/author\\\/adelisa-kalajdzini\\\/\"}]}<\/script>\n<!-- \/ Yoast SEO plugin. -->","yoast_head_json":{"title":"MPDV Anlass zum Welttag der Smart Factory - Organisator","description":"Diskussion zur Digitalisierung und Industrie 4.0 im Audimax der DHBW mit hochkar\u00e4tigen Experten und praxisnaher Bildung.","robots":{"index":"index","follow":"follow","max-snippet":"max-snippet:-1","max-image-preview":"max-image-preview:large","max-video-preview":"max-video-preview:-1"},"canonical":"https:\/\/www.organisator.ch\/de\/operational-excellence\/2024-10-01\/mpdv-anlass-zum-welttag-der-smart-factory\/","og_locale":"de_DE","og_type":"article","og_title":"MPDV Anlass zum Welttag der Smart Factory - Organisator","og_description":"Diskussion zur Digitalisierung und Industrie 4.0 im Audimax der DHBW mit hochkar\u00e4tigen Experten und praxisnaher Bildung.","og_url":"https:\/\/www.organisator.ch\/de\/operational-excellence\/2024-10-01\/mpdv-anlass-zum-welttag-der-smart-factory\/","og_site_name":"Organisator","article_publisher":"https:\/\/www.facebook.com\/OrganisatorFachmagazin","article_published_time":"2024-10-01T11:18:34+00:00","article_modified_time":"2024-11-08T05:06:00+00:00","og_image":[{"url":"https:\/\/www.m-q.ch\/wp-content\/uploads\/2024\/10\/MPDV_Bild1_ps.jpg","type":"","width":"","height":""}],"author":"Adelisa Kalajdzini","twitter_card":"summary_large_image","schema":{"@context":"https:\/\/schema.org","@graph":[{"@type":"Article","@id":"https:\/\/www.organisator.ch\/operational-excellence\/2024-10-01\/mpdv-anlass-zum-welttag-der-smart-factory\/#article","isPartOf":{"@id":"https:\/\/www.organisator.ch\/operational-excellence\/2024-10-01\/mpdv-anlass-zum-welttag-der-smart-factory\/"},"author":{"name":"Adelisa Kalajdzini","@id":"https:\/\/www.organisator.ch\/#\/schema\/person\/2e1314a2172123f874db408d8911d3f3"},"headline":"MPDV Anlass zum Welttag der Smart Factory","datePublished":"2024-10-01T11:18:34+00:00","dateModified":"2024-11-08T05:06:00+00:00","mainEntityOfPage":{"@id":"https:\/\/www.organisator.ch\/operational-excellence\/2024-10-01\/mpdv-anlass-zum-welttag-der-smart-factory\/"},"wordCount":502,"publisher":{"@id":"https:\/\/www.organisator.ch\/#organization"},"image":{"@id":"https:\/\/www.organisator.ch\/operational-excellence\/2024-10-01\/mpdv-anlass-zum-welttag-der-smart-factory\/#primaryimage"},"thumbnailUrl":"https:\/\/www.m-q.ch\/wp-content\/uploads\/2024\/10\/MPDV_Bild1_ps.jpg","keywords":["Anlass","Digitalisierung","Qualit\u00e4tsmanagement","Transformation"],"articleSection":["OPERATIONAL EXCELLENCE"],"inLanguage":"de"},{"@type":"WebPage","@id":"https:\/\/www.organisator.ch\/operational-excellence\/2024-10-01\/mpdv-anlass-zum-welttag-der-smart-factory\/","url":"https:\/\/www.organisator.ch\/operational-excellence\/2024-10-01\/mpdv-anlass-zum-welttag-der-smart-factory\/","name":"MPDV Anlass zum Welttag der Smart Factory - Organisator","isPartOf":{"@id":"https:\/\/www.organisator.ch\/#website"},"primaryImageOfPage":{"@id":"https:\/\/www.organisator.ch\/operational-excellence\/2024-10-01\/mpdv-anlass-zum-welttag-der-smart-factory\/#primaryimage"},"image":{"@id":"https:\/\/www.organisator.ch\/operational-excellence\/2024-10-01\/mpdv-anlass-zum-welttag-der-smart-factory\/#primaryimage"},"thumbnailUrl":"https:\/\/www.m-q.ch\/wp-content\/uploads\/2024\/10\/MPDV_Bild1_ps.jpg","datePublished":"2024-10-01T11:18:34+00:00","dateModified":"2024-11-08T05:06:00+00:00","description":"Diskussion zur Digitalisierung und Industrie 4.0 im Audimax der DHBW mit hochkar\u00e4tigen Experten und praxisnaher Bildung.","breadcrumb":{"@id":"https:\/\/www.organisator.ch\/operational-excellence\/2024-10-01\/mpdv-anlass-zum-welttag-der-smart-factory\/#breadcrumb"},"inLanguage":"de","potentialAction":[{"@type":"ReadAction","target":["https:\/\/www.organisator.ch\/operational-excellence\/2024-10-01\/mpdv-anlass-zum-welttag-der-smart-factory\/"]}]},{"@type":"ImageObject","inLanguage":"de","@id":"https:\/\/www.organisator.ch\/operational-excellence\/2024-10-01\/mpdv-anlass-zum-welttag-der-smart-factory\/#primaryimage","url":"https:\/\/www.m-q.ch\/wp-content\/uploads\/2024\/10\/MPDV_Bild1_ps.jpg","contentUrl":"https:\/\/www.m-q.ch\/wp-content\/uploads\/2024\/10\/MPDV_Bild1_ps.jpg"},{"@type":"BreadcrumbList","@id":"https:\/\/www.organisator.ch\/operational-excellence\/2024-10-01\/mpdv-anlass-zum-welttag-der-smart-factory\/#breadcrumb","itemListElement":[{"@type":"ListItem","position":1,"name":"Home","item":"https:\/\/www.organisator.ch\/"},{"@type":"ListItem","position":2,"name":"MPDV Anlass zum Welttag der Smart Factory"}]},{"@type":"WebSite","@id":"https:\/\/www.organisator.ch\/#website","url":"https:\/\/www.organisator.ch\/","name":"Organisator","description":"Kompetent. Praxisnah. Der ORGANISATOR bereitet in 10 Ausgaben pro Jahr die wesentlichen Themen f\u00fcr F\u00fchrungskr\u00e4fte von KMU auf.","publisher":{"@id":"https:\/\/www.organisator.ch\/#organization"},"potentialAction":[{"@type":"SearchAction","target":{"@type":"EntryPoint","urlTemplate":"https:\/\/www.organisator.ch\/?s={search_term_string}"},"query-input":{"@type":"PropertyValueSpecification","valueRequired":true,"valueName":"search_term_string"}}],"inLanguage":"de"},{"@type":"Organization","@id":"https:\/\/www.organisator.ch\/#organization","name":"Organisator","url":"https:\/\/www.organisator.ch\/","logo":{"@type":"ImageObject","inLanguage":"de","@id":"https:\/\/www.organisator.ch\/#\/schema\/logo\/image\/","url":"https:\/\/www.organisator.ch\/wp-content\/uploads\/2022\/01\/Logo_Organisator_Website.png","contentUrl":"https:\/\/www.organisator.ch\/wp-content\/uploads\/2022\/01\/Logo_Organisator_Website.png","width":800,"height":77,"caption":"Organisator"},"image":{"@id":"https:\/\/www.organisator.ch\/#\/schema\/logo\/image\/"},"sameAs":["https:\/\/www.facebook.com\/OrganisatorFachmagazin","https:\/\/www.linkedin.com\/showcase\/organisator-das-magazin-fr-kmu","https:\/\/www.xing.com\/news\/pages\/organisator-ch-695","https:\/\/www.youtube.com\/channel\/UCGP2Sq0iWaZwT3BdIAQFYpw"]},{"@type":"Person","@id":"https:\/\/www.organisator.ch\/#\/schema\/person\/2e1314a2172123f874db408d8911d3f3","name":"Adelisa Kalajdzini","image":{"@type":"ImageObject","inLanguage":"de","@id":"https:\/\/secure.gravatar.com\/avatar\/09a397c22ac58cad6f160ee8306348599df9df58a8ede73696226897b9fa4b24?s=96&d=mm&r=g","url":"https:\/\/secure.gravatar.com\/avatar\/09a397c22ac58cad6f160ee8306348599df9df58a8ede73696226897b9fa4b24?s=96&d=mm&r=g","contentUrl":"https:\/\/secure.gravatar.com\/avatar\/09a397c22ac58cad6f160ee8306348599df9df58a8ede73696226897b9fa4b24?s=96&d=mm&r=g","caption":"Adelisa Kalajdzini"},"url":"https:\/\/www.organisator.ch\/de\/author\/adelisa-kalajdzini\/"}]}},"_links":{"self":[{"href":"https:\/\/www.organisator.ch\/de\/wp-json\/wp\/v2\/posts\/30308","targetHints":{"allow":["GET"]}}],"collection":[{"href":"https:\/\/www.organisator.ch\/de\/wp-json\/wp\/v2\/posts"}],"about":[{"href":"https:\/\/www.organisator.ch\/de\/wp-json\/wp\/v2\/types\/post"}],"author":[{"embeddable":true,"href":"https:\/\/www.organisator.ch\/de\/wp-json\/wp\/v2\/users\/58"}],"replies":[{"embeddable":true,"href":"https:\/\/www.organisator.ch\/de\/wp-json\/wp\/v2\/comments?post=30308"}],"version-history":[{"count":12,"href":"https:\/\/www.organisator.ch\/de\/wp-json\/wp\/v2\/posts\/30308\/revisions"}],"predecessor-version":[{"id":31844,"href":"https:\/\/www.organisator.ch\/de\/wp-json\/wp\/v2\/posts\/30308\/revisions\/31844"}],"wp:attachment":[{"href":"https:\/\/www.organisator.ch\/de\/wp-json\/wp\/v2\/media?parent=30308"}],"wp:term":[{"taxonomy":"category","embeddable":true,"href":"https:\/\/www.organisator.ch\/de\/wp-json\/wp\/v2\/categories?post=30308"},{"taxonomy":"post_tag","embeddable":true,"href":"https:\/\/www.organisator.ch\/de\/wp-json\/wp\/v2\/tags?post=30308"}],"curies":[{"name":"wp","href":"https:\/\/api.w.org\/{rel}","templated":true}]}}