{"id":30313,"date":"2024-10-02T07:32:12","date_gmt":"2024-10-02T05:32:12","guid":{"rendered":"https:\/\/www.organisator.ch\/?p=30313"},"modified":"2024-10-01T15:32:47","modified_gmt":"2024-10-01T13:32:47","slug":"rekordhoch-arbeitsplaetzezuwachs-im-bereich-der-erneuerbaren-energien","status":"publish","type":"post","link":"https:\/\/www.organisator.ch\/de\/sustainability\/2024-10-02\/rekordhoch-arbeitsplaetzezuwachs-im-bereich-der-erneuerbaren-energien\/","title":{"rendered":"Rekordhoch: Arbeitspl\u00e4tzezuwachs im Bereich der erneuerbaren Energien"},"content":{"rendered":"<figure id=\"attachment_30315\" aria-describedby=\"caption-attachment-30315\" style=\"width: 680px\" class=\"wp-caption alignnone\"><img loading=\"lazy\" decoding=\"async\" class=\"size-full wp-image-30315\" src=\"https:\/\/www.organisator.ch\/wp-content\/uploads\/2024\/10\/ILO_IRENA_Bild1_ps.jpg\" alt=\"\" width=\"680\" height=\"395\" srcset=\"https:\/\/www.organisator.ch\/wp-content\/uploads\/2024\/10\/ILO_IRENA_Bild1_ps.jpg 680w, https:\/\/www.organisator.ch\/wp-content\/uploads\/2024\/10\/ILO_IRENA_Bild1_ps-18x10.jpg 18w, https:\/\/www.organisator.ch\/wp-content\/uploads\/2024\/10\/ILO_IRENA_Bild1_ps-375x218.jpg 375w, https:\/\/www.organisator.ch\/wp-content\/uploads\/2024\/10\/ILO_IRENA_Bild1_ps-603x350.jpg 603w\" sizes=\"auto, (max-width: 680px) 100vw, 680px\" \/><figcaption id=\"caption-attachment-30315\" class=\"wp-caption-text\">Der Zuwachs um 18 % im Vergleich zum Vorjahr spiegelt das starke Wachstum der Erzeugungskapazit\u00e4t erneuerbarer Energien gepaart mit einer konstanten Erweiterung des Anlagebaus wider. (Bild: www.irena.org \/ www.ilo.org)<\/figcaption><\/figure>\n<p>Ein genauerer Blick auf die Daten des Berichts zeigt jedoch ein uneinheitliches Gesamtbild. Allein in China wurden im vergangenen Jahr fast zwei Drittel der neuen Solar- und Windkraftkapazit\u00e4ten weltweit installiert.<\/p>\n<p>China belegt mit rund 7,4\u00a0Millionen Arbeitspl\u00e4tzen im Bereich erneuerbarer Energien, das heisst 46% der globalen Gesamtzahl, den ersten Platz. Es folgen die EU mit 1,8\u00a0Millionen, Brasilien mit 1,56\u00a0Millionen und die USA gleichauf mit Indien mit jeweils knapp 1\u00a0Million Arbeitspl\u00e4tzen.<\/p>\n<p>Wie in den Vorjahren gingen die st\u00e4rksten Impulse vom schnell wachsenden Photovoltaik (PV)-Sektor aus, der weltweit 7,2\u00a0Millionen Arbeitspl\u00e4tze schuf. Davon entfielen 4,6\u00a0Millionen auf China, den f\u00fchrenden Hersteller und Installateur von PV-Anlagen. Dank erheblicher Investitionen Chinas hat sich S\u00fcdostasien zu einer wichtigen Exportdrehscheibe f\u00fcr Photovoltaik entwickelt und schafft Arbeitspl\u00e4tze in der Region.<\/p>\n<p>Die zweitgr\u00f6sste Anzahl von Arbeitspl\u00e4tzen wurde bei fl\u00fcssigen Biokraftstoffen verzeichnet, gefolgt von Wasserkraft und Windkraft. An der Spitze bei Biokraftstoffen liegt Brasilien, auf das ein Drittel der weltweit 2,8\u00a0Millionen Arbeitspl\u00e4tze in diesem Sektor entf\u00e4llt. Ein Viertel der weltweiten Arbeitspl\u00e4tze im Bereich der Biokraftstoffe verbucht Indonesien mit seiner stark steigenden Produktion f\u00fcr sich und liegt damit auf dem zweiten Platz.<\/p>\n<p>Ein Ausreisser beim allgemeinen Wachstumstrend ist, bedingt durch den verlangsamten Ausbau, die Wasserkraft mit einem R\u00fcckgang der direkten Arbeitspl\u00e4tze von rund 2,5\u00a0Millionen im Jahr 2022 auf 2,3\u00a0Millionen. China, Indien, Brasilien, Vietnam und Pakistan waren die gr\u00f6ssten Arbeitgeber der Branche.<\/p>\n<p>Im Windkraftsektor halten China und Europa die F\u00fchrungsposition. Sie dominieren die Herstellung und Installation von Turbinen und trugen 52\u00a0% bzw. 21\u00a0% zu den insgesamt 1,5\u00a0Millionen Arbeitspl\u00e4tzen weltweit bei.<\/p>\n<p>Trotz seines enormen Ressourcenpotenzials entf\u00e4llt auf Afrika nach wie vor nur ein geringer Anteil der weltweiten Investitionen in erneuerbare Energien, was sich im Jahr 2023 in insgesamt 324.000 Arbeitspl\u00e4tzen im Bereich der erneuerbaren Energien niederschlug. In Regionen wie Afrika, die dringend einen sicheren und nachhaltigen Zugang zu Energie ben\u00f6tigen, insbesondere in abgelegenen Gebieten, k\u00f6nnte mit L\u00f6sungen f\u00fcr dezentrale erneuerbare Energietr\u00e4ger (DRE) \u2013 autarke Systeme, die nicht an die Versorgungsnetze angeschlossen sind \u2013 sowohl die Kluft beim Zugang geschlossen als auch Arbeitspl\u00e4tze geschaffen werden. Die Beseitigung von Barrieren f\u00fcr unternehmerische Initiativen von Frauen im Bereich der DRE kann dem Sektor Auftrieb geben und die lokale Wirtschaft und Energiegerechtigkeit verbessern.<\/p>\n<p>Francesco La Camera, Generaldirektor der IRENA, kommentierte die hohe geografische Konzentration folgendermassen: \u201eDie Energiewende und ihr sozio\u00f6konomischer Nutzen d\u00fcrfen sich nicht auf eine oder zwei Regionen beschr\u00e4nken. Wenn wir unser gemeinsames Versprechen, die Stromerzeugungskapazit\u00e4t aus erneuerbaren Energien bis 2030 zu verdreifachen, wirklich einhalten m\u00f6chten, muss die Welt ihre Anstrengungen intensivieren und marginalisierte Regionen bei der Beseitigung von Hindernissen auf ihrem Weg zur Energiewende unterst\u00fctzen. Durch eine verst\u00e4rkte internationale Zusammenarbeit k\u00f6nnen mehr Finanzmittel f\u00fcr politische F\u00f6rdermassnahmen und den Aufbau von Kapazit\u00e4ten in L\u00e4ndern mobilisiert werden, die noch nicht von der Schaffung neuer Arbeitspl\u00e4tze durch erneuerbare Energien profitieren.\u201c<\/p>\n<p>Um der wachsenden Nachfrage nach verschiedenen qualifizierten Fachkr\u00e4ften im Rahmen der Energiewende nachzukommen, muss die Politik Massnahmen zugunsten einer vielf\u00e4ltigeren Arbeitnehmerschaft und besseren Gleichstellung der Geschlechter unterst\u00fctzen. Mit einem Frauenanteil von 32\u00a0% an der Gesamtzahl der Besch\u00e4ftigten im Bereich der erneuerbaren Energien ist das Geschlechterverh\u00e4ltnis in diesem Sektor nach wie vor unausgeglichen, auch wenn die Zahl der Arbeitspl\u00e4tze stetig zunimmt. Es ist eine wesentliche Aufgabe von Bildung und Ausbildung, vielf\u00e4ltige Besch\u00e4ftigungsm\u00f6glichkeiten f\u00fcr Frauen, Jugendliche sowie Angeh\u00f6rigen von Minderheiten und benachteiligten Gruppen zu schaffen.<\/p>\n<p>\u201eMit Investitionen in Bildung, Qualifizierung und Ausbildung k\u00f6nnen alle Arbeitnehmer aus den Sektoren f\u00fcr fossile Brennstoffe umgeschult, geschlechtsspezifische und andere Ungleichheiten beseitigt und die Arbeitskr\u00e4fte auf neue Aufgaben im Bereich der sauberen Energie vorbereitet werden. Dies ist eine unerl\u00e4ssliche Voraussetzung, um Arbeitskr\u00e4ften das n\u00f6tige Wissen und die erforderlichen Kompetenzen f\u00fcr einen angemessenen Arbeitsplatz zu vermitteln und eine gerechte und nachhaltigen Energiewende sicherzustellen. Wir haben uns mit der Unterzeichnung des Pariser Abkommens zu einer nachhaltigen Energiewende verpflichtet, so Gilbert F. Houngbo, Generaldirektor der ILO.<\/p>\n<p>Die 11.\u00a0Ausgabe des Annual Review ist Teil der umfassenden Analysen der IRENA zu den sozio\u00f6konomischen Auswirkungen einer Energiewende auf der Basis erneuerbarer Energien. Diese Ausgabe \u2013 die nunmehr 4.\u00a0Ausgabe, die gemeinsam mit der ILO erstellt wurde \u2013 verweist auf die Bedeutung eines menschen- und umweltzentrierten Ansatzes, um eine gerechte und inklusive Energiewende zu erm\u00f6glichen. Sie fordert ganzheitliche politische Rahmenbedingungen, die \u00fcber das Streben nach technologischer Innovation hinausgehen, um das Ziel der Verdreifachung schnell und mit dem geringstm\u00f6glichen Kostenaufwand zu erreichen, sowie die lokale Wertsch\u00f6pfung in den Vordergrund stellen, die Schaffung angemessener Arbeitspl\u00e4tze gew\u00e4hrleisten und auf der aktiven Beteiligung von Arbeitskr\u00e4ften und Gemeinschaften an der Gestaltung der Energiewende aufbauen. Die ILO trug mit ihrer Expertise auf dem Gebiet der Besch\u00e4ftigung zu diesem Bericht bei und verfasste das Kapitel \u00fcber Qualifikationen.<\/p>\n<p><em>Quelle: <a href=\"http:\/\/www.irena.org\">www.irena.org<\/a> \/ <a href=\"http:\/\/www.ilo.org\">www.ilo.org<\/a><\/em><\/p>\n","protected":false},"excerpt":{"rendered":"<p>Im Jahr 2023 wurde ein Rekordhoch beim Arbeitspl\u00e4tzezuwachs im Bereich der erneuerbaren Energien, von 13,7 Millionen 2022 auf 16,2 Millionen verzeichnet, so der Bericht Renewable Energy and Jobs \u2013 Annual Review 2024, der k\u00fcrzlich von der Internationalen Agentur f\u00fcr erneuerbare Energien (IRENA) und der Internationalen Arbeitsorganisation (ILO) ver\u00f6ffentlicht wurde. Der Zuwachs um 18 % im Vergleich zum Vorjahr spiegelt das starke Wachstum der Erzeugungskapazit\u00e4t erneuerbarer Energien gepaart mit einer konstanten Erweiterung des Anlagebaus wider.<\/p>\n","protected":false},"author":58,"featured_media":30315,"comment_status":"closed","ping_status":"closed","sticky":false,"template":"","format":"standard","meta":{"_acf_changed":false,"_yoast_wpseo_focuskw":"Arbeitspl\u00e4tzezuwachs","_yoast_wpseo_metadesc":"Im Jahr 2023 wurde ein Rekordhoch beim Arbeitspl\u00e4tzezuwachs im Bereich der erneuerbaren Energien verzeichnet.","articlekey":"","footnotes":""},"categories":[580],"tags":[4568,1098,4303,4569,492],"class_list":["post-30313","post","type-post","status-publish","format-standard","has-post-thumbnail","hentry","category-sustainability","tag-arbeitsplaetzezuwachs","tag-enerneuerbare-energie","tag-fachkraefte","tag-rekordhoch","tag-unternehmen"],"acf":[],"yoast_head":"<!-- This site is optimized with the Yoast SEO plugin v27.4 - https:\/\/yoast.com\/product\/yoast-seo-wordpress\/ -->\n<title>Rekordhoch: Arbeitspl\u00e4tzezuwachs im Bereich der erneuerbaren Energien - Organisator<\/title>\n<meta name=\"description\" content=\"Im Jahr 2023 wurde ein Rekordhoch beim Arbeitspl\u00e4tzezuwachs im Bereich der erneuerbaren Energien verzeichnet.\" \/>\n<meta name=\"robots\" content=\"index, follow, max-snippet:-1, max-image-preview:large, max-video-preview:-1\" \/>\n<link rel=\"canonical\" href=\"https:\/\/www.organisator.ch\/de\/sustainability\/2024-10-02\/rekordhoch-arbeitsplaetzezuwachs-im-bereich-der-erneuerbaren-energien\/\" \/>\n<meta property=\"og:locale\" content=\"de_DE\" \/>\n<meta property=\"og:type\" content=\"article\" \/>\n<meta property=\"og:title\" content=\"Rekordhoch: Arbeitspl\u00e4tzezuwachs im Bereich der erneuerbaren Energien\" \/>\n<meta property=\"og:description\" content=\"Im Jahr 2023 wurde ein Rekordhoch beim Arbeitspl\u00e4tzezuwachs im Bereich der erneuerbaren Energien verzeichnet.\" \/>\n<meta property=\"og:url\" content=\"https:\/\/www.organisator.ch\/de\/sustainability\/2024-10-02\/rekordhoch-arbeitsplaetzezuwachs-im-bereich-der-erneuerbaren-energien\/\" \/>\n<meta property=\"og:site_name\" content=\"Organisator\" \/>\n<meta property=\"article:publisher\" content=\"https:\/\/www.facebook.com\/OrganisatorFachmagazin\" \/>\n<meta property=\"article:published_time\" content=\"2024-10-02T05:32:12+00:00\" \/>\n<meta property=\"og:image\" content=\"https:\/\/www.organisator.ch\/wp-content\/uploads\/2024\/10\/ILO_IRENA_Bild1_ps.jpg\" \/>\n\t<meta property=\"og:image:width\" content=\"680\" \/>\n\t<meta property=\"og:image:height\" content=\"395\" \/>\n\t<meta property=\"og:image:type\" content=\"image\/jpeg\" \/>\n<meta name=\"author\" content=\"Adelisa Kalajdzini\" \/>\n<meta name=\"twitter:card\" content=\"summary_large_image\" \/>\n<meta name=\"twitter:title\" content=\"Rekordhoch: Arbeitspl\u00e4tzezuwachs im Bereich der erneuerbaren Energien\" \/>\n<meta name=\"twitter:description\" content=\"Im Jahr 2023 wurde ein #Rekordhoch beim #Arbeitspl\u00e4tzezuwachs im #Bereich der #erneuerbaren #Energien verzeichnet.\" \/>\n<meta name=\"twitter:image\" content=\"https:\/\/www.organisator.ch\/wp-content\/uploads\/2024\/10\/ILO_IRENA_Bild1_ps.jpg\" \/>\n<script type=\"application\/ld+json\" class=\"yoast-schema-graph\">{\"@context\":\"https:\\\/\\\/schema.org\",\"@graph\":[{\"@type\":\"Article\",\"@id\":\"https:\\\/\\\/www.organisator.ch\\\/sustainability\\\/2024-10-02\\\/rekordhoch-arbeitsplaetzezuwachs-im-bereich-der-erneuerbaren-energien\\\/#article\",\"isPartOf\":{\"@id\":\"https:\\\/\\\/www.organisator.ch\\\/sustainability\\\/2024-10-02\\\/rekordhoch-arbeitsplaetzezuwachs-im-bereich-der-erneuerbaren-energien\\\/\"},\"author\":{\"name\":\"Adelisa Kalajdzini\",\"@id\":\"https:\\\/\\\/www.organisator.ch\\\/#\\\/schema\\\/person\\\/2e1314a2172123f874db408d8911d3f3\"},\"headline\":\"Rekordhoch: Arbeitspl\u00e4tzezuwachs im Bereich der erneuerbaren Energien\",\"datePublished\":\"2024-10-02T05:32:12+00:00\",\"mainEntityOfPage\":{\"@id\":\"https:\\\/\\\/www.organisator.ch\\\/sustainability\\\/2024-10-02\\\/rekordhoch-arbeitsplaetzezuwachs-im-bereich-der-erneuerbaren-energien\\\/\"},\"wordCount\":856,\"publisher\":{\"@id\":\"https:\\\/\\\/www.organisator.ch\\\/#organization\"},\"image\":{\"@id\":\"https:\\\/\\\/www.organisator.ch\\\/sustainability\\\/2024-10-02\\\/rekordhoch-arbeitsplaetzezuwachs-im-bereich-der-erneuerbaren-energien\\\/#primaryimage\"},\"thumbnailUrl\":\"https:\\\/\\\/www.organisator.ch\\\/wp-content\\\/uploads\\\/2024\\\/10\\\/ILO_IRENA_Bild1_ps.jpg\",\"keywords\":[\"Arbeitspl\u00e4tzezuwachs\",\"Enerneuerbare Energie\",\"Fachkr\u00e4fte\",\"Rekordhoch\",\"Unternehmen\"],\"articleSection\":[\"SUSTAINABILITY\"],\"inLanguage\":\"de\"},{\"@type\":\"WebPage\",\"@id\":\"https:\\\/\\\/www.organisator.ch\\\/sustainability\\\/2024-10-02\\\/rekordhoch-arbeitsplaetzezuwachs-im-bereich-der-erneuerbaren-energien\\\/\",\"url\":\"https:\\\/\\\/www.organisator.ch\\\/sustainability\\\/2024-10-02\\\/rekordhoch-arbeitsplaetzezuwachs-im-bereich-der-erneuerbaren-energien\\\/\",\"name\":\"Rekordhoch: Arbeitspl\u00e4tzezuwachs im Bereich der erneuerbaren Energien - Organisator\",\"isPartOf\":{\"@id\":\"https:\\\/\\\/www.organisator.ch\\\/#website\"},\"primaryImageOfPage\":{\"@id\":\"https:\\\/\\\/www.organisator.ch\\\/sustainability\\\/2024-10-02\\\/rekordhoch-arbeitsplaetzezuwachs-im-bereich-der-erneuerbaren-energien\\\/#primaryimage\"},\"image\":{\"@id\":\"https:\\\/\\\/www.organisator.ch\\\/sustainability\\\/2024-10-02\\\/rekordhoch-arbeitsplaetzezuwachs-im-bereich-der-erneuerbaren-energien\\\/#primaryimage\"},\"thumbnailUrl\":\"https:\\\/\\\/www.organisator.ch\\\/wp-content\\\/uploads\\\/2024\\\/10\\\/ILO_IRENA_Bild1_ps.jpg\",\"datePublished\":\"2024-10-02T05:32:12+00:00\",\"description\":\"Im Jahr 2023 wurde ein Rekordhoch beim Arbeitspl\u00e4tzezuwachs im Bereich der erneuerbaren Energien verzeichnet.\",\"breadcrumb\":{\"@id\":\"https:\\\/\\\/www.organisator.ch\\\/sustainability\\\/2024-10-02\\\/rekordhoch-arbeitsplaetzezuwachs-im-bereich-der-erneuerbaren-energien\\\/#breadcrumb\"},\"inLanguage\":\"de\",\"potentialAction\":[{\"@type\":\"ReadAction\",\"target\":[\"https:\\\/\\\/www.organisator.ch\\\/sustainability\\\/2024-10-02\\\/rekordhoch-arbeitsplaetzezuwachs-im-bereich-der-erneuerbaren-energien\\\/\"]}]},{\"@type\":\"ImageObject\",\"inLanguage\":\"de\",\"@id\":\"https:\\\/\\\/www.organisator.ch\\\/sustainability\\\/2024-10-02\\\/rekordhoch-arbeitsplaetzezuwachs-im-bereich-der-erneuerbaren-energien\\\/#primaryimage\",\"url\":\"https:\\\/\\\/www.organisator.ch\\\/wp-content\\\/uploads\\\/2024\\\/10\\\/ILO_IRENA_Bild1_ps.jpg\",\"contentUrl\":\"https:\\\/\\\/www.organisator.ch\\\/wp-content\\\/uploads\\\/2024\\\/10\\\/ILO_IRENA_Bild1_ps.jpg\",\"width\":680,\"height\":395,\"caption\":\"Der Zuwachs um 18 % im Vergleich zum Vorjahr spiegelt das starke Wachstum der Erzeugungskapazit\u00e4t erneuerbarer Energien gepaart mit einer konstanten Erweiterung des Anlagebaus wider. (Bild: www.irena.org \\\/ www.ilo.org)\"},{\"@type\":\"BreadcrumbList\",\"@id\":\"https:\\\/\\\/www.organisator.ch\\\/sustainability\\\/2024-10-02\\\/rekordhoch-arbeitsplaetzezuwachs-im-bereich-der-erneuerbaren-energien\\\/#breadcrumb\",\"itemListElement\":[{\"@type\":\"ListItem\",\"position\":1,\"name\":\"Home\",\"item\":\"https:\\\/\\\/www.organisator.ch\\\/\"},{\"@type\":\"ListItem\",\"position\":2,\"name\":\"Rekordhoch: Arbeitspl\u00e4tzezuwachs im Bereich der erneuerbaren Energien\"}]},{\"@type\":\"WebSite\",\"@id\":\"https:\\\/\\\/www.organisator.ch\\\/#website\",\"url\":\"https:\\\/\\\/www.organisator.ch\\\/\",\"name\":\"Organisator\",\"description\":\"Kompetent. Praxisnah. Der ORGANISATOR bereitet in 10 Ausgaben pro Jahr die wesentlichen Themen f\u00fcr F\u00fchrungskr\u00e4fte von KMU auf.\",\"publisher\":{\"@id\":\"https:\\\/\\\/www.organisator.ch\\\/#organization\"},\"potentialAction\":[{\"@type\":\"SearchAction\",\"target\":{\"@type\":\"EntryPoint\",\"urlTemplate\":\"https:\\\/\\\/www.organisator.ch\\\/?s={search_term_string}\"},\"query-input\":{\"@type\":\"PropertyValueSpecification\",\"valueRequired\":true,\"valueName\":\"search_term_string\"}}],\"inLanguage\":\"de\"},{\"@type\":\"Organization\",\"@id\":\"https:\\\/\\\/www.organisator.ch\\\/#organization\",\"name\":\"Organisator\",\"url\":\"https:\\\/\\\/www.organisator.ch\\\/\",\"logo\":{\"@type\":\"ImageObject\",\"inLanguage\":\"de\",\"@id\":\"https:\\\/\\\/www.organisator.ch\\\/#\\\/schema\\\/logo\\\/image\\\/\",\"url\":\"https:\\\/\\\/www.organisator.ch\\\/wp-content\\\/uploads\\\/2022\\\/01\\\/Logo_Organisator_Website.png\",\"contentUrl\":\"https:\\\/\\\/www.organisator.ch\\\/wp-content\\\/uploads\\\/2022\\\/01\\\/Logo_Organisator_Website.png\",\"width\":800,\"height\":77,\"caption\":\"Organisator\"},\"image\":{\"@id\":\"https:\\\/\\\/www.organisator.ch\\\/#\\\/schema\\\/logo\\\/image\\\/\"},\"sameAs\":[\"https:\\\/\\\/www.facebook.com\\\/OrganisatorFachmagazin\",\"https:\\\/\\\/www.linkedin.com\\\/showcase\\\/organisator-das-magazin-fr-kmu\",\"https:\\\/\\\/www.xing.com\\\/news\\\/pages\\\/organisator-ch-695\",\"https:\\\/\\\/www.youtube.com\\\/channel\\\/UCGP2Sq0iWaZwT3BdIAQFYpw\"]},{\"@type\":\"Person\",\"@id\":\"https:\\\/\\\/www.organisator.ch\\\/#\\\/schema\\\/person\\\/2e1314a2172123f874db408d8911d3f3\",\"name\":\"Adelisa Kalajdzini\",\"image\":{\"@type\":\"ImageObject\",\"inLanguage\":\"de\",\"@id\":\"https:\\\/\\\/secure.gravatar.com\\\/avatar\\\/09a397c22ac58cad6f160ee8306348599df9df58a8ede73696226897b9fa4b24?s=96&d=mm&r=g\",\"url\":\"https:\\\/\\\/secure.gravatar.com\\\/avatar\\\/09a397c22ac58cad6f160ee8306348599df9df58a8ede73696226897b9fa4b24?s=96&d=mm&r=g\",\"contentUrl\":\"https:\\\/\\\/secure.gravatar.com\\\/avatar\\\/09a397c22ac58cad6f160ee8306348599df9df58a8ede73696226897b9fa4b24?s=96&d=mm&r=g\",\"caption\":\"Adelisa Kalajdzini\"},\"url\":\"https:\\\/\\\/www.organisator.ch\\\/de\\\/author\\\/adelisa-kalajdzini\\\/\"}]}<\/script>\n<!-- \/ Yoast SEO plugin. -->","yoast_head_json":{"title":"Rekordhoch: Arbeitspl\u00e4tzezuwachs im Bereich der erneuerbaren Energien - Organisator","description":"Im Jahr 2023 wurde ein Rekordhoch beim Arbeitspl\u00e4tzezuwachs im Bereich der erneuerbaren Energien verzeichnet.","robots":{"index":"index","follow":"follow","max-snippet":"max-snippet:-1","max-image-preview":"max-image-preview:large","max-video-preview":"max-video-preview:-1"},"canonical":"https:\/\/www.organisator.ch\/de\/sustainability\/2024-10-02\/rekordhoch-arbeitsplaetzezuwachs-im-bereich-der-erneuerbaren-energien\/","og_locale":"de_DE","og_type":"article","og_title":"Rekordhoch: Arbeitspl\u00e4tzezuwachs im Bereich der erneuerbaren Energien","og_description":"Im Jahr 2023 wurde ein Rekordhoch beim Arbeitspl\u00e4tzezuwachs im Bereich der erneuerbaren Energien verzeichnet.","og_url":"https:\/\/www.organisator.ch\/de\/sustainability\/2024-10-02\/rekordhoch-arbeitsplaetzezuwachs-im-bereich-der-erneuerbaren-energien\/","og_site_name":"Organisator","article_publisher":"https:\/\/www.facebook.com\/OrganisatorFachmagazin","article_published_time":"2024-10-02T05:32:12+00:00","og_image":[{"width":680,"height":395,"url":"https:\/\/www.organisator.ch\/wp-content\/uploads\/2024\/10\/ILO_IRENA_Bild1_ps.jpg","type":"image\/jpeg"}],"author":"Adelisa Kalajdzini","twitter_card":"summary_large_image","twitter_title":"Rekordhoch: Arbeitspl\u00e4tzezuwachs im Bereich der erneuerbaren Energien","twitter_description":"Im Jahr 2023 wurde ein #Rekordhoch beim #Arbeitspl\u00e4tzezuwachs im #Bereich der #erneuerbaren #Energien verzeichnet.","twitter_image":"https:\/\/www.organisator.ch\/wp-content\/uploads\/2024\/10\/ILO_IRENA_Bild1_ps.jpg","schema":{"@context":"https:\/\/schema.org","@graph":[{"@type":"Article","@id":"https:\/\/www.organisator.ch\/sustainability\/2024-10-02\/rekordhoch-arbeitsplaetzezuwachs-im-bereich-der-erneuerbaren-energien\/#article","isPartOf":{"@id":"https:\/\/www.organisator.ch\/sustainability\/2024-10-02\/rekordhoch-arbeitsplaetzezuwachs-im-bereich-der-erneuerbaren-energien\/"},"author":{"name":"Adelisa Kalajdzini","@id":"https:\/\/www.organisator.ch\/#\/schema\/person\/2e1314a2172123f874db408d8911d3f3"},"headline":"Rekordhoch: Arbeitspl\u00e4tzezuwachs im Bereich der erneuerbaren Energien","datePublished":"2024-10-02T05:32:12+00:00","mainEntityOfPage":{"@id":"https:\/\/www.organisator.ch\/sustainability\/2024-10-02\/rekordhoch-arbeitsplaetzezuwachs-im-bereich-der-erneuerbaren-energien\/"},"wordCount":856,"publisher":{"@id":"https:\/\/www.organisator.ch\/#organization"},"image":{"@id":"https:\/\/www.organisator.ch\/sustainability\/2024-10-02\/rekordhoch-arbeitsplaetzezuwachs-im-bereich-der-erneuerbaren-energien\/#primaryimage"},"thumbnailUrl":"https:\/\/www.organisator.ch\/wp-content\/uploads\/2024\/10\/ILO_IRENA_Bild1_ps.jpg","keywords":["Arbeitspl\u00e4tzezuwachs","Enerneuerbare Energie","Fachkr\u00e4fte","Rekordhoch","Unternehmen"],"articleSection":["SUSTAINABILITY"],"inLanguage":"de"},{"@type":"WebPage","@id":"https:\/\/www.organisator.ch\/sustainability\/2024-10-02\/rekordhoch-arbeitsplaetzezuwachs-im-bereich-der-erneuerbaren-energien\/","url":"https:\/\/www.organisator.ch\/sustainability\/2024-10-02\/rekordhoch-arbeitsplaetzezuwachs-im-bereich-der-erneuerbaren-energien\/","name":"Rekordhoch: Arbeitspl\u00e4tzezuwachs im Bereich der erneuerbaren Energien - Organisator","isPartOf":{"@id":"https:\/\/www.organisator.ch\/#website"},"primaryImageOfPage":{"@id":"https:\/\/www.organisator.ch\/sustainability\/2024-10-02\/rekordhoch-arbeitsplaetzezuwachs-im-bereich-der-erneuerbaren-energien\/#primaryimage"},"image":{"@id":"https:\/\/www.organisator.ch\/sustainability\/2024-10-02\/rekordhoch-arbeitsplaetzezuwachs-im-bereich-der-erneuerbaren-energien\/#primaryimage"},"thumbnailUrl":"https:\/\/www.organisator.ch\/wp-content\/uploads\/2024\/10\/ILO_IRENA_Bild1_ps.jpg","datePublished":"2024-10-02T05:32:12+00:00","description":"Im Jahr 2023 wurde ein Rekordhoch beim Arbeitspl\u00e4tzezuwachs im Bereich der erneuerbaren Energien verzeichnet.","breadcrumb":{"@id":"https:\/\/www.organisator.ch\/sustainability\/2024-10-02\/rekordhoch-arbeitsplaetzezuwachs-im-bereich-der-erneuerbaren-energien\/#breadcrumb"},"inLanguage":"de","potentialAction":[{"@type":"ReadAction","target":["https:\/\/www.organisator.ch\/sustainability\/2024-10-02\/rekordhoch-arbeitsplaetzezuwachs-im-bereich-der-erneuerbaren-energien\/"]}]},{"@type":"ImageObject","inLanguage":"de","@id":"https:\/\/www.organisator.ch\/sustainability\/2024-10-02\/rekordhoch-arbeitsplaetzezuwachs-im-bereich-der-erneuerbaren-energien\/#primaryimage","url":"https:\/\/www.organisator.ch\/wp-content\/uploads\/2024\/10\/ILO_IRENA_Bild1_ps.jpg","contentUrl":"https:\/\/www.organisator.ch\/wp-content\/uploads\/2024\/10\/ILO_IRENA_Bild1_ps.jpg","width":680,"height":395,"caption":"Der Zuwachs um 18 % im Vergleich zum Vorjahr spiegelt das starke Wachstum der Erzeugungskapazit\u00e4t erneuerbarer Energien gepaart mit einer konstanten Erweiterung des Anlagebaus wider. (Bild: www.irena.org \/ www.ilo.org)"},{"@type":"BreadcrumbList","@id":"https:\/\/www.organisator.ch\/sustainability\/2024-10-02\/rekordhoch-arbeitsplaetzezuwachs-im-bereich-der-erneuerbaren-energien\/#breadcrumb","itemListElement":[{"@type":"ListItem","position":1,"name":"Home","item":"https:\/\/www.organisator.ch\/"},{"@type":"ListItem","position":2,"name":"Rekordhoch: Arbeitspl\u00e4tzezuwachs im Bereich der erneuerbaren Energien"}]},{"@type":"WebSite","@id":"https:\/\/www.organisator.ch\/#website","url":"https:\/\/www.organisator.ch\/","name":"Organisator","description":"Kompetent. Praxisnah. Der ORGANISATOR bereitet in 10 Ausgaben pro Jahr die wesentlichen Themen f\u00fcr F\u00fchrungskr\u00e4fte von KMU auf.","publisher":{"@id":"https:\/\/www.organisator.ch\/#organization"},"potentialAction":[{"@type":"SearchAction","target":{"@type":"EntryPoint","urlTemplate":"https:\/\/www.organisator.ch\/?s={search_term_string}"},"query-input":{"@type":"PropertyValueSpecification","valueRequired":true,"valueName":"search_term_string"}}],"inLanguage":"de"},{"@type":"Organization","@id":"https:\/\/www.organisator.ch\/#organization","name":"Organisator","url":"https:\/\/www.organisator.ch\/","logo":{"@type":"ImageObject","inLanguage":"de","@id":"https:\/\/www.organisator.ch\/#\/schema\/logo\/image\/","url":"https:\/\/www.organisator.ch\/wp-content\/uploads\/2022\/01\/Logo_Organisator_Website.png","contentUrl":"https:\/\/www.organisator.ch\/wp-content\/uploads\/2022\/01\/Logo_Organisator_Website.png","width":800,"height":77,"caption":"Organisator"},"image":{"@id":"https:\/\/www.organisator.ch\/#\/schema\/logo\/image\/"},"sameAs":["https:\/\/www.facebook.com\/OrganisatorFachmagazin","https:\/\/www.linkedin.com\/showcase\/organisator-das-magazin-fr-kmu","https:\/\/www.xing.com\/news\/pages\/organisator-ch-695","https:\/\/www.youtube.com\/channel\/UCGP2Sq0iWaZwT3BdIAQFYpw"]},{"@type":"Person","@id":"https:\/\/www.organisator.ch\/#\/schema\/person\/2e1314a2172123f874db408d8911d3f3","name":"Adelisa Kalajdzini","image":{"@type":"ImageObject","inLanguage":"de","@id":"https:\/\/secure.gravatar.com\/avatar\/09a397c22ac58cad6f160ee8306348599df9df58a8ede73696226897b9fa4b24?s=96&d=mm&r=g","url":"https:\/\/secure.gravatar.com\/avatar\/09a397c22ac58cad6f160ee8306348599df9df58a8ede73696226897b9fa4b24?s=96&d=mm&r=g","contentUrl":"https:\/\/secure.gravatar.com\/avatar\/09a397c22ac58cad6f160ee8306348599df9df58a8ede73696226897b9fa4b24?s=96&d=mm&r=g","caption":"Adelisa Kalajdzini"},"url":"https:\/\/www.organisator.ch\/de\/author\/adelisa-kalajdzini\/"}]}},"_links":{"self":[{"href":"https:\/\/www.organisator.ch\/de\/wp-json\/wp\/v2\/posts\/30313","targetHints":{"allow":["GET"]}}],"collection":[{"href":"https:\/\/www.organisator.ch\/de\/wp-json\/wp\/v2\/posts"}],"about":[{"href":"https:\/\/www.organisator.ch\/de\/wp-json\/wp\/v2\/types\/post"}],"author":[{"embeddable":true,"href":"https:\/\/www.organisator.ch\/de\/wp-json\/wp\/v2\/users\/58"}],"replies":[{"embeddable":true,"href":"https:\/\/www.organisator.ch\/de\/wp-json\/wp\/v2\/comments?post=30313"}],"version-history":[{"count":4,"href":"https:\/\/www.organisator.ch\/de\/wp-json\/wp\/v2\/posts\/30313\/revisions"}],"predecessor-version":[{"id":30391,"href":"https:\/\/www.organisator.ch\/de\/wp-json\/wp\/v2\/posts\/30313\/revisions\/30391"}],"wp:featuredmedia":[{"embeddable":true,"href":"https:\/\/www.organisator.ch\/de\/wp-json\/wp\/v2\/media\/30315"}],"wp:attachment":[{"href":"https:\/\/www.organisator.ch\/de\/wp-json\/wp\/v2\/media?parent=30313"}],"wp:term":[{"taxonomy":"category","embeddable":true,"href":"https:\/\/www.organisator.ch\/de\/wp-json\/wp\/v2\/categories?post=30313"},{"taxonomy":"post_tag","embeddable":true,"href":"https:\/\/www.organisator.ch\/de\/wp-json\/wp\/v2\/tags?post=30313"}],"curies":[{"name":"wp","href":"https:\/\/api.w.org\/{rel}","templated":true}]}}