{"id":30410,"date":"2024-10-02T13:00:36","date_gmt":"2024-10-02T11:00:36","guid":{"rendered":"https:\/\/www.markt-kom.com\/?p=224289"},"modified":"2024-11-08T05:51:51","modified_gmt":"2024-11-08T04:51:51","slug":"neue-pr-mandate-fuer-wearepepper","status":"publish","type":"post","link":"https:\/\/www.organisator.ch\/de\/marketing\/2024-10-02\/neue-pr-mandate-fuer-wearepepper\/","title":{"rendered":"Neue PR-Mandate f\u00fcr WeArePepper"},"content":{"rendered":"<p><img class=\"aligncenter wp-image-224290 size-full\" src=\"https:\/\/www.markt-kom.com\/wp-content\/uploads\/2024\/10\/Hyatt-Regency-Hyatt-Place-Wearepepper.jpg\" alt=\"Hyatt Regency\" width=\"1200\" height=\"900\" \/><\/p>\r\n<p>Das Hyatt Regency und das Hyatt Place Zurich Airport The Circle liegen in direkter N\u00e4he zum Z\u00fcrcher Flughafen und sind Teil des The-Circle-Komplexes. Die Hotels bieten Unterk\u00fcnfte, Restaurants und Bars sowie das Konferenzzentrum \u00abThe Circle Convention Center\u00bb.<\/p>\r\n<h3><strong>Umfassende Kommunikationsstrategie <\/strong><\/h3>\r\n<p>WeArePepper hat eine massgeschneiderte Kommunikationsstrategie entwickelt, um die Markenbekanntheit und Sichtbarkeit der Hotels und des Convention Centers zu steigern. Die<\/p>\r\n<p>Strategie umfasst regelm\u00e4ssige Medienmitteilungen, die Organisation von Medienreisen, den Aufbau und die Pflege von Medienkontakten sowie das Management der Multimedia-Datenbank.<\/p>\r\n<h3><strong>Steigerung der Bekanntheit <\/strong><\/h3>\r\n<p>Ziel der Zusammenarbeit ist es, die Hotels und das Convention Center durch kontinuierliche, zielgerichtete Kommunikation im Bewusstsein der deutschsprachigen Schweizer \u00d6ffentlichkeit zu verankern. Insbesondere sollen Gesch\u00e4ftsreisende, Gruppenkund:innen und Endverbraucher:innen aus dem lokalen Markt durch gezielte PR-Aktivit\u00e4ten auf die vielf\u00e4ltigen Angebote der Hotels, Restaurants und Bars sowie des The Circle Convention Centers aufmerksam gemacht werden.<\/p>","protected":false},"excerpt":{"rendered":"<p>Ab sofort \u00fcbernimmt die Agentur WeArePepper die PR-Arbeit f\u00fcr das Hyatt Regency und das Hyatt Place Zurich Airport The Circle sowie das The Circle Convention Center in der Deutschschweiz. Ziel ist es, die Sichtbarkeit und Bekanntheit beider Hotels sowie des Kongresszentrums am Z\u00fcrcher Flughafen sowohl bei Medienschaffenden als auch in der breiten \u00d6ffentlichkeit zu steigern.<\/p>\n","protected":false},"author":8,"featured_media":0,"comment_status":"closed","ping_status":"closed","sticky":false,"template":"","format":"standard","meta":{"_acf_changed":false,"_yoast_wpseo_focuskw":"Hyatt Regency","_yoast_wpseo_metadesc":"Hyatt Regency and Hyatt Place Zurich Airport, part of The Circle, offer accommodations, dining, and The Circle Convention Center.","articlekey":"","footnotes":""},"categories":[29],"tags":[2855,4576,2298,4577],"class_list":["post-30410","post","type-post","status-publish","format-standard","hentry","category-marketing","tag-etats","tag-hyatt","tag-the-circle","tag-wearepepper"],"acf":[],"yoast_head":"<!-- This site is optimized with the Yoast SEO plugin v27.5 - https:\/\/yoast.com\/product\/yoast-seo-wordpress\/ -->\n<title>Neue PR-Mandate f\u00fcr WeArePepper - Organisator<\/title>\n<meta name=\"description\" content=\"Hyatt Regency and Hyatt Place Zurich Airport, part of The Circle, offer accommodations, dining, and The Circle Convention Center.\" \/>\n<meta name=\"robots\" content=\"index, follow, max-snippet:-1, max-image-preview:large, max-video-preview:-1\" \/>\n<link rel=\"canonical\" href=\"https:\/\/www.organisator.ch\/de\/marketing\/2024-10-02\/neue-pr-mandate-fuer-wearepepper\/\" \/>\n<meta property=\"og:locale\" content=\"de_DE\" \/>\n<meta property=\"og:type\" content=\"article\" \/>\n<meta property=\"og:title\" content=\"Neue PR-Mandate f\u00fcr WeArePepper - Organisator\" \/>\n<meta property=\"og:description\" content=\"Hyatt Regency and Hyatt Place Zurich Airport, part of The Circle, offer accommodations, dining, and The Circle Convention Center.\" \/>\n<meta property=\"og:url\" content=\"https:\/\/www.organisator.ch\/de\/marketing\/2024-10-02\/neue-pr-mandate-fuer-wearepepper\/\" \/>\n<meta property=\"og:site_name\" content=\"Organisator\" \/>\n<meta property=\"article:publisher\" content=\"https:\/\/www.facebook.com\/OrganisatorFachmagazin\" \/>\n<meta property=\"article:published_time\" content=\"2024-10-02T11:00:36+00:00\" \/>\n<meta property=\"article:modified_time\" content=\"2024-11-08T04:51:51+00:00\" \/>\n<meta property=\"og:image\" content=\"https:\/\/www.markt-kom.com\/wp-content\/uploads\/2024\/10\/Hyatt-Regency-Hyatt-Place-Wearepepper.jpg\" \/>\n<meta name=\"author\" content=\"galledia\" \/>\n<meta name=\"twitter:card\" content=\"summary_large_image\" \/>\n<meta name=\"twitter:creator\" content=\"@admin\" \/>\n<script type=\"application\/ld+json\" class=\"yoast-schema-graph\">{\"@context\":\"https:\\\/\\\/schema.org\",\"@graph\":[{\"@type\":\"Article\",\"@id\":\"https:\\\/\\\/www.organisator.ch\\\/marketing\\\/2024-10-02\\\/neue-pr-mandate-fuer-wearepepper\\\/#article\",\"isPartOf\":{\"@id\":\"https:\\\/\\\/www.organisator.ch\\\/marketing\\\/2024-10-02\\\/neue-pr-mandate-fuer-wearepepper\\\/\"},\"author\":{\"name\":\"galledia\",\"@id\":\"https:\\\/\\\/www.organisator.ch\\\/#\\\/schema\\\/person\\\/4e51799071cd2dd1232ac003643ef5f0\"},\"headline\":\"Neue PR-Mandate f\u00fcr WeArePepper\",\"datePublished\":\"2024-10-02T11:00:36+00:00\",\"dateModified\":\"2024-11-08T04:51:51+00:00\",\"mainEntityOfPage\":{\"@id\":\"https:\\\/\\\/www.organisator.ch\\\/marketing\\\/2024-10-02\\\/neue-pr-mandate-fuer-wearepepper\\\/\"},\"wordCount\":150,\"publisher\":{\"@id\":\"https:\\\/\\\/www.organisator.ch\\\/#organization\"},\"image\":{\"@id\":\"https:\\\/\\\/www.organisator.ch\\\/marketing\\\/2024-10-02\\\/neue-pr-mandate-fuer-wearepepper\\\/#primaryimage\"},\"thumbnailUrl\":\"https:\\\/\\\/www.markt-kom.com\\\/wp-content\\\/uploads\\\/2024\\\/10\\\/Hyatt-Regency-Hyatt-Place-Wearepepper.jpg\",\"keywords\":[\"Etats\",\"Hyatt\",\"The Circle\",\"WeArePepper\"],\"articleSection\":[\"MARKETING\"],\"inLanguage\":\"de\"},{\"@type\":\"WebPage\",\"@id\":\"https:\\\/\\\/www.organisator.ch\\\/marketing\\\/2024-10-02\\\/neue-pr-mandate-fuer-wearepepper\\\/\",\"url\":\"https:\\\/\\\/www.organisator.ch\\\/marketing\\\/2024-10-02\\\/neue-pr-mandate-fuer-wearepepper\\\/\",\"name\":\"Neue PR-Mandate f\u00fcr WeArePepper - Organisator\",\"isPartOf\":{\"@id\":\"https:\\\/\\\/www.organisator.ch\\\/#website\"},\"primaryImageOfPage\":{\"@id\":\"https:\\\/\\\/www.organisator.ch\\\/marketing\\\/2024-10-02\\\/neue-pr-mandate-fuer-wearepepper\\\/#primaryimage\"},\"image\":{\"@id\":\"https:\\\/\\\/www.organisator.ch\\\/marketing\\\/2024-10-02\\\/neue-pr-mandate-fuer-wearepepper\\\/#primaryimage\"},\"thumbnailUrl\":\"https:\\\/\\\/www.markt-kom.com\\\/wp-content\\\/uploads\\\/2024\\\/10\\\/Hyatt-Regency-Hyatt-Place-Wearepepper.jpg\",\"datePublished\":\"2024-10-02T11:00:36+00:00\",\"dateModified\":\"2024-11-08T04:51:51+00:00\",\"description\":\"Hyatt Regency and Hyatt Place Zurich Airport, part of The Circle, offer accommodations, dining, and The Circle Convention Center.\",\"breadcrumb\":{\"@id\":\"https:\\\/\\\/www.organisator.ch\\\/marketing\\\/2024-10-02\\\/neue-pr-mandate-fuer-wearepepper\\\/#breadcrumb\"},\"inLanguage\":\"de\",\"potentialAction\":[{\"@type\":\"ReadAction\",\"target\":[\"https:\\\/\\\/www.organisator.ch\\\/marketing\\\/2024-10-02\\\/neue-pr-mandate-fuer-wearepepper\\\/\"]}]},{\"@type\":\"ImageObject\",\"inLanguage\":\"de\",\"@id\":\"https:\\\/\\\/www.organisator.ch\\\/marketing\\\/2024-10-02\\\/neue-pr-mandate-fuer-wearepepper\\\/#primaryimage\",\"url\":\"https:\\\/\\\/www.markt-kom.com\\\/wp-content\\\/uploads\\\/2024\\\/10\\\/Hyatt-Regency-Hyatt-Place-Wearepepper.jpg\",\"contentUrl\":\"https:\\\/\\\/www.markt-kom.com\\\/wp-content\\\/uploads\\\/2024\\\/10\\\/Hyatt-Regency-Hyatt-Place-Wearepepper.jpg\"},{\"@type\":\"BreadcrumbList\",\"@id\":\"https:\\\/\\\/www.organisator.ch\\\/marketing\\\/2024-10-02\\\/neue-pr-mandate-fuer-wearepepper\\\/#breadcrumb\",\"itemListElement\":[{\"@type\":\"ListItem\",\"position\":1,\"name\":\"Home\",\"item\":\"https:\\\/\\\/www.organisator.ch\\\/\"},{\"@type\":\"ListItem\",\"position\":2,\"name\":\"Neue PR-Mandate f\u00fcr WeArePepper\"}]},{\"@type\":\"WebSite\",\"@id\":\"https:\\\/\\\/www.organisator.ch\\\/#website\",\"url\":\"https:\\\/\\\/www.organisator.ch\\\/\",\"name\":\"Organisator\",\"description\":\"Kompetent. Praxisnah. Der ORGANISATOR bereitet in 10 Ausgaben pro Jahr die wesentlichen Themen f\u00fcr F\u00fchrungskr\u00e4fte von KMU auf.\",\"publisher\":{\"@id\":\"https:\\\/\\\/www.organisator.ch\\\/#organization\"},\"potentialAction\":[{\"@type\":\"SearchAction\",\"target\":{\"@type\":\"EntryPoint\",\"urlTemplate\":\"https:\\\/\\\/www.organisator.ch\\\/?s={search_term_string}\"},\"query-input\":{\"@type\":\"PropertyValueSpecification\",\"valueRequired\":true,\"valueName\":\"search_term_string\"}}],\"inLanguage\":\"de\"},{\"@type\":\"Organization\",\"@id\":\"https:\\\/\\\/www.organisator.ch\\\/#organization\",\"name\":\"Organisator\",\"url\":\"https:\\\/\\\/www.organisator.ch\\\/\",\"logo\":{\"@type\":\"ImageObject\",\"inLanguage\":\"de\",\"@id\":\"https:\\\/\\\/www.organisator.ch\\\/#\\\/schema\\\/logo\\\/image\\\/\",\"url\":\"https:\\\/\\\/www.organisator.ch\\\/wp-content\\\/uploads\\\/2022\\\/01\\\/Logo_Organisator_Website.png\",\"contentUrl\":\"https:\\\/\\\/www.organisator.ch\\\/wp-content\\\/uploads\\\/2022\\\/01\\\/Logo_Organisator_Website.png\",\"width\":800,\"height\":77,\"caption\":\"Organisator\"},\"image\":{\"@id\":\"https:\\\/\\\/www.organisator.ch\\\/#\\\/schema\\\/logo\\\/image\\\/\"},\"sameAs\":[\"https:\\\/\\\/www.facebook.com\\\/OrganisatorFachmagazin\",\"https:\\\/\\\/www.linkedin.com\\\/showcase\\\/organisator-das-magazin-fr-kmu\",\"https:\\\/\\\/www.xing.com\\\/news\\\/pages\\\/organisator-ch-695\",\"https:\\\/\\\/www.youtube.com\\\/channel\\\/UCGP2Sq0iWaZwT3BdIAQFYpw\"]},{\"@type\":\"Person\",\"@id\":\"https:\\\/\\\/www.organisator.ch\\\/#\\\/schema\\\/person\\\/4e51799071cd2dd1232ac003643ef5f0\",\"name\":\"galledia\",\"image\":{\"@type\":\"ImageObject\",\"inLanguage\":\"de\",\"@id\":\"https:\\\/\\\/secure.gravatar.com\\\/avatar\\\/78a7f90c01fc2bfc875782a0d4922b37cde2cf184ce347b91316d23cd7f69a36?s=96&d=mm&r=g\",\"url\":\"https:\\\/\\\/secure.gravatar.com\\\/avatar\\\/78a7f90c01fc2bfc875782a0d4922b37cde2cf184ce347b91316d23cd7f69a36?s=96&d=mm&r=g\",\"contentUrl\":\"https:\\\/\\\/secure.gravatar.com\\\/avatar\\\/78a7f90c01fc2bfc875782a0d4922b37cde2cf184ce347b91316d23cd7f69a36?s=96&d=mm&r=g\",\"caption\":\"galledia\"},\"sameAs\":[\"https:\\\/\\\/x.com\\\/admin\"],\"url\":\"https:\\\/\\\/www.organisator.ch\\\/de\\\/author\\\/galledia\\\/\"}]}<\/script>\n<!-- \/ Yoast SEO plugin. -->","yoast_head_json":{"title":"Neue PR-Mandate f\u00fcr WeArePepper - Organisator","description":"Hyatt Regency and Hyatt Place Zurich Airport, part of The Circle, offer accommodations, dining, and The Circle Convention Center.","robots":{"index":"index","follow":"follow","max-snippet":"max-snippet:-1","max-image-preview":"max-image-preview:large","max-video-preview":"max-video-preview:-1"},"canonical":"https:\/\/www.organisator.ch\/de\/marketing\/2024-10-02\/neue-pr-mandate-fuer-wearepepper\/","og_locale":"de_DE","og_type":"article","og_title":"Neue PR-Mandate f\u00fcr WeArePepper - Organisator","og_description":"Hyatt Regency and Hyatt Place Zurich Airport, part of The Circle, offer accommodations, dining, and The Circle Convention Center.","og_url":"https:\/\/www.organisator.ch\/de\/marketing\/2024-10-02\/neue-pr-mandate-fuer-wearepepper\/","og_site_name":"Organisator","article_publisher":"https:\/\/www.facebook.com\/OrganisatorFachmagazin","article_published_time":"2024-10-02T11:00:36+00:00","article_modified_time":"2024-11-08T04:51:51+00:00","og_image":[{"url":"https:\/\/www.markt-kom.com\/wp-content\/uploads\/2024\/10\/Hyatt-Regency-Hyatt-Place-Wearepepper.jpg","type":"","width":"","height":""}],"author":"galledia","twitter_card":"summary_large_image","twitter_creator":"@admin","schema":{"@context":"https:\/\/schema.org","@graph":[{"@type":"Article","@id":"https:\/\/www.organisator.ch\/marketing\/2024-10-02\/neue-pr-mandate-fuer-wearepepper\/#article","isPartOf":{"@id":"https:\/\/www.organisator.ch\/marketing\/2024-10-02\/neue-pr-mandate-fuer-wearepepper\/"},"author":{"name":"galledia","@id":"https:\/\/www.organisator.ch\/#\/schema\/person\/4e51799071cd2dd1232ac003643ef5f0"},"headline":"Neue PR-Mandate f\u00fcr WeArePepper","datePublished":"2024-10-02T11:00:36+00:00","dateModified":"2024-11-08T04:51:51+00:00","mainEntityOfPage":{"@id":"https:\/\/www.organisator.ch\/marketing\/2024-10-02\/neue-pr-mandate-fuer-wearepepper\/"},"wordCount":150,"publisher":{"@id":"https:\/\/www.organisator.ch\/#organization"},"image":{"@id":"https:\/\/www.organisator.ch\/marketing\/2024-10-02\/neue-pr-mandate-fuer-wearepepper\/#primaryimage"},"thumbnailUrl":"https:\/\/www.markt-kom.com\/wp-content\/uploads\/2024\/10\/Hyatt-Regency-Hyatt-Place-Wearepepper.jpg","keywords":["Etats","Hyatt","The Circle","WeArePepper"],"articleSection":["MARKETING"],"inLanguage":"de"},{"@type":"WebPage","@id":"https:\/\/www.organisator.ch\/marketing\/2024-10-02\/neue-pr-mandate-fuer-wearepepper\/","url":"https:\/\/www.organisator.ch\/marketing\/2024-10-02\/neue-pr-mandate-fuer-wearepepper\/","name":"Neue PR-Mandate f\u00fcr WeArePepper - Organisator","isPartOf":{"@id":"https:\/\/www.organisator.ch\/#website"},"primaryImageOfPage":{"@id":"https:\/\/www.organisator.ch\/marketing\/2024-10-02\/neue-pr-mandate-fuer-wearepepper\/#primaryimage"},"image":{"@id":"https:\/\/www.organisator.ch\/marketing\/2024-10-02\/neue-pr-mandate-fuer-wearepepper\/#primaryimage"},"thumbnailUrl":"https:\/\/www.markt-kom.com\/wp-content\/uploads\/2024\/10\/Hyatt-Regency-Hyatt-Place-Wearepepper.jpg","datePublished":"2024-10-02T11:00:36+00:00","dateModified":"2024-11-08T04:51:51+00:00","description":"Hyatt Regency and Hyatt Place Zurich Airport, part of The Circle, offer accommodations, dining, and The Circle Convention Center.","breadcrumb":{"@id":"https:\/\/www.organisator.ch\/marketing\/2024-10-02\/neue-pr-mandate-fuer-wearepepper\/#breadcrumb"},"inLanguage":"de","potentialAction":[{"@type":"ReadAction","target":["https:\/\/www.organisator.ch\/marketing\/2024-10-02\/neue-pr-mandate-fuer-wearepepper\/"]}]},{"@type":"ImageObject","inLanguage":"de","@id":"https:\/\/www.organisator.ch\/marketing\/2024-10-02\/neue-pr-mandate-fuer-wearepepper\/#primaryimage","url":"https:\/\/www.markt-kom.com\/wp-content\/uploads\/2024\/10\/Hyatt-Regency-Hyatt-Place-Wearepepper.jpg","contentUrl":"https:\/\/www.markt-kom.com\/wp-content\/uploads\/2024\/10\/Hyatt-Regency-Hyatt-Place-Wearepepper.jpg"},{"@type":"BreadcrumbList","@id":"https:\/\/www.organisator.ch\/marketing\/2024-10-02\/neue-pr-mandate-fuer-wearepepper\/#breadcrumb","itemListElement":[{"@type":"ListItem","position":1,"name":"Home","item":"https:\/\/www.organisator.ch\/"},{"@type":"ListItem","position":2,"name":"Neue PR-Mandate f\u00fcr WeArePepper"}]},{"@type":"WebSite","@id":"https:\/\/www.organisator.ch\/#website","url":"https:\/\/www.organisator.ch\/","name":"Organisator","description":"Kompetent. Praxisnah. Der ORGANISATOR bereitet in 10 Ausgaben pro Jahr die wesentlichen Themen f\u00fcr F\u00fchrungskr\u00e4fte von KMU auf.","publisher":{"@id":"https:\/\/www.organisator.ch\/#organization"},"potentialAction":[{"@type":"SearchAction","target":{"@type":"EntryPoint","urlTemplate":"https:\/\/www.organisator.ch\/?s={search_term_string}"},"query-input":{"@type":"PropertyValueSpecification","valueRequired":true,"valueName":"search_term_string"}}],"inLanguage":"de"},{"@type":"Organization","@id":"https:\/\/www.organisator.ch\/#organization","name":"Organisator","url":"https:\/\/www.organisator.ch\/","logo":{"@type":"ImageObject","inLanguage":"de","@id":"https:\/\/www.organisator.ch\/#\/schema\/logo\/image\/","url":"https:\/\/www.organisator.ch\/wp-content\/uploads\/2022\/01\/Logo_Organisator_Website.png","contentUrl":"https:\/\/www.organisator.ch\/wp-content\/uploads\/2022\/01\/Logo_Organisator_Website.png","width":800,"height":77,"caption":"Organisator"},"image":{"@id":"https:\/\/www.organisator.ch\/#\/schema\/logo\/image\/"},"sameAs":["https:\/\/www.facebook.com\/OrganisatorFachmagazin","https:\/\/www.linkedin.com\/showcase\/organisator-das-magazin-fr-kmu","https:\/\/www.xing.com\/news\/pages\/organisator-ch-695","https:\/\/www.youtube.com\/channel\/UCGP2Sq0iWaZwT3BdIAQFYpw"]},{"@type":"Person","@id":"https:\/\/www.organisator.ch\/#\/schema\/person\/4e51799071cd2dd1232ac003643ef5f0","name":"galledia","image":{"@type":"ImageObject","inLanguage":"de","@id":"https:\/\/secure.gravatar.com\/avatar\/78a7f90c01fc2bfc875782a0d4922b37cde2cf184ce347b91316d23cd7f69a36?s=96&d=mm&r=g","url":"https:\/\/secure.gravatar.com\/avatar\/78a7f90c01fc2bfc875782a0d4922b37cde2cf184ce347b91316d23cd7f69a36?s=96&d=mm&r=g","contentUrl":"https:\/\/secure.gravatar.com\/avatar\/78a7f90c01fc2bfc875782a0d4922b37cde2cf184ce347b91316d23cd7f69a36?s=96&d=mm&r=g","caption":"galledia"},"sameAs":["https:\/\/x.com\/admin"],"url":"https:\/\/www.organisator.ch\/de\/author\/galledia\/"}]}},"_links":{"self":[{"href":"https:\/\/www.organisator.ch\/de\/wp-json\/wp\/v2\/posts\/30410","targetHints":{"allow":["GET"]}}],"collection":[{"href":"https:\/\/www.organisator.ch\/de\/wp-json\/wp\/v2\/posts"}],"about":[{"href":"https:\/\/www.organisator.ch\/de\/wp-json\/wp\/v2\/types\/post"}],"author":[{"embeddable":true,"href":"https:\/\/www.organisator.ch\/de\/wp-json\/wp\/v2\/users\/8"}],"replies":[{"embeddable":true,"href":"https:\/\/www.organisator.ch\/de\/wp-json\/wp\/v2\/comments?post=30410"}],"version-history":[{"count":5,"href":"https:\/\/www.organisator.ch\/de\/wp-json\/wp\/v2\/posts\/30410\/revisions"}],"predecessor-version":[{"id":31838,"href":"https:\/\/www.organisator.ch\/de\/wp-json\/wp\/v2\/posts\/30410\/revisions\/31838"}],"wp:attachment":[{"href":"https:\/\/www.organisator.ch\/de\/wp-json\/wp\/v2\/media?parent=30410"}],"wp:term":[{"taxonomy":"category","embeddable":true,"href":"https:\/\/www.organisator.ch\/de\/wp-json\/wp\/v2\/categories?post=30410"},{"taxonomy":"post_tag","embeddable":true,"href":"https:\/\/www.organisator.ch\/de\/wp-json\/wp\/v2\/tags?post=30410"}],"curies":[{"name":"wp","href":"https:\/\/api.w.org\/{rel}","templated":true}]}}