{"id":30432,"date":"2024-10-03T15:24:24","date_gmt":"2024-10-03T13:24:24","guid":{"rendered":"https:\/\/www.organisator.ch\/?p=30432"},"modified":"2024-10-03T15:24:24","modified_gmt":"2024-10-03T13:24:24","slug":"spannende-voten-und-diskussionen-an-der-expertsuisse-jahrestagung","status":"publish","type":"post","link":"https:\/\/www.organisator.ch\/de\/management\/2024-10-03\/spannende-voten-und-diskussionen-an-der-expertsuisse-jahrestagung\/","title":{"rendered":"Spannende Voten und Diskussionen an der Expertsuisse Jahrestagung"},"content":{"rendered":"<figure id=\"attachment_30433\" aria-describedby=\"caption-attachment-30433\" style=\"width: 680px\" class=\"wp-caption alignnone\"><img loading=\"lazy\" decoding=\"async\" class=\"size-full wp-image-30433\" src=\"https:\/\/www.organisator.ch\/wp-content\/uploads\/2024\/10\/Expertsuisse_Bild1_ps.jpg\" alt=\"\" width=\"680\" height=\"454\" srcset=\"https:\/\/www.organisator.ch\/wp-content\/uploads\/2024\/10\/Expertsuisse_Bild1_ps.jpg 680w, https:\/\/www.organisator.ch\/wp-content\/uploads\/2024\/10\/Expertsuisse_Bild1_ps-18x12.jpg 18w, https:\/\/www.organisator.ch\/wp-content\/uploads\/2024\/10\/Expertsuisse_Bild1_ps-375x250.jpg 375w, https:\/\/www.organisator.ch\/wp-content\/uploads\/2024\/10\/Expertsuisse_Bild1_ps-524x350.jpg 524w\" sizes=\"auto, (max-width: 680px) 100vw, 680px\" \/><figcaption id=\"caption-attachment-30433\" class=\"wp-caption-text\">Bundesrat Beat Jans setzte mit seiner Rede einen H\u00f6hepunkt an der diesj\u00e4hrigen Jahrestagung von Expertsuisse. (Bild: zVg\/Expertsuisse)<\/figcaption><\/figure>\n<p>Rund 600 Teilnehmende folgten gespannt den Referaten und Paneldiskussionen an der diesj\u00e4hrigen Jahrestagung von Expertsuisse, die sich \u00abK\u00fcnstliche Intelligenz \u2013 Werden Wirtschaftspr\u00fcfung, Steuerwesen und Treuhand revolutioniert?\u00bb als Thema gesetzt hatte. Einen H\u00f6hepunkt setzte Bundesrat Beat Jans, der im Dezember in den Bundesrat gew\u00e4hlt wurde und Anfang Jahr die Verantwortung f\u00fcr das Justiz- und Polizeidepartement von Bundesr\u00e4tin Elisabeth Baume-Schneider \u00fcbernommen hatte. In seinem Gastwort betonte er die Unternehmensverantwortung und gab einen Ausblick auf die Herausforderungen, mit denen unser Staat und unsere Wirtschaft konfrontiert sein werden.<\/p>\n<p>Dass die k\u00fcnstliche Intelligenz wie Elektrizit\u00e4t sei, die \u00fcberall sein werde und die Welt ver\u00e4ndere \u2013 eine Aussage der Stanford-Professorin Fei-Fei Li \u2013, dar\u00fcber waren sich Referierende und Plenum einig. Wie aber gehen wir mit ihr um und wie wird sie unsere Welt und unsere Arbeit ver\u00e4ndern?<\/p>\n<h3>Der Einsatz k\u00fcnstlicher Intelligenz kann zu Nachl\u00e4ssigkeiten f\u00fchren<\/h3>\n<p>Sabine Bienefeld, Arbeits- und Organisationspsychologin und Dozentin an der ETH Z\u00fcrich, wies auf die Verantwortung hin, die Experten heute wie morgen tragen und die einer Kontrolle unterworfen sein muss. Eine effektive Kontrolle erfordert, dass in diesem System stets Personen mit umfassendem Prozessverst\u00e4ndnis eingebunden sind. Der Einsatz k\u00fcnstlicher Intelligenz kann in Verbindung mit kognitiver \u00dcberlastung zu Nachl\u00e4ssigkeiten f\u00fchren. Gefahren sieht sie sowohl im Verlust von Kontextwissen und Expertenintuition als auch in der Zerst\u00fcckelung der Arbeit, die zu Demotivation und Ersch\u00f6pfung f\u00fchren kann.<\/p>\n<p>Dass k\u00fcnstliche Intelligenz die Wirtschaftspr\u00fcfung revolutionieren wird, davon ist auch Frank Eilers, Experte f\u00fcr Digitalisierung und neue Arbeit, \u00fcberzeugt. Sie wird menschliche Fehler reduzieren und die Effizienz steigern k\u00f6nnen. Die gr\u00f6sste Herausforderung f\u00fcr Pr\u00fcfunternehmen wird jedoch nicht die Implementierung von KI sein, sondern die Anpassung der Unternehmenskultur an diese neue Realit\u00e4t. Wirtschaftspr\u00fcfer werden nicht \u00fcberfl\u00fcssig, jedoch wird sich ihre Rolle drastisch ver\u00e4ndern.<\/p>\n<h3>Die k\u00fcnstliche Intelligenz steht erst am Anfang<\/h3>\n<p>Im Podium zur Verwendung der k\u00fcnstlichen Intelligenz in der Wirtschaftspr\u00fcfung gab Florian H\u00e4ller als Director, Audit Corporates, einen Einblick in konkrete Anwendungsbeispiele bei KPMG und diskutierte im Anschluss mit Max Schmolke, Transformation Manager bei DataSnipper, und Alexander Grimm, Co-Founder und CEO von aspaara, was es braucht, damit es nicht bei der Idee bleibt, sondern diese in die erfolgreiche Umsetzung kommen.<\/p>\n<p>Neue Blickwinkel in die Diskussion um die Frage, ob Mensch oder Maschine die Kontrolle \u00fcbernehmen werde, brachte Kevin Schawinski, CEO von Modulos und Dozent an der ETH Z\u00fcrich ein, der bei der k\u00fcnstlichen Intelligenz eine gewisse Ern\u00fcchterung feststellt. Er betonte aber, dass sie erst am Anfang steht und mit ihr verbundene \u00c4ngste unbegr\u00fcndet seien. Zurzeit werde die Entwicklung stark von der Geopolitik beeinflusst. Bei der Frage um die Kontrolle der KI sieht er ein Wettrennen zwischen den USA und China. Dass die k\u00fcnstliche Intelligenz gewissen Regulierungen unterworfen sein m\u00fcsse, sei unbestritten. Dabei gehe es aber weniger um den Konsumentenschutz als um strategische Dimensionen.<\/p>\n<p>\u00abAls Kind musste ich in der Primarschule einen Aufsatz zum Thema \u00abWie sieht die Welt im Jahr 2000 aus?\u00bb schreiben. Vieles von dem, was mein Lehrer damals als Resultat meiner \u00fcberbordenden kindlichen Fantasie abgetan hat, ist heute \u2013 ein Vierteljahrhundert nach der Jahrtausendwende \u2013 Realit\u00e4t. An der diesj\u00e4hrigen Expertsuisse Jahrestagung haben uns die verschiedenen Referentinnen und Referenten aufgezeigt, wohin der weitere Weg f\u00fchren wird. Die Diskussionen haben aber klar gemacht: Expertenwissen und Expertenintuition werden auch in Zeiten der k\u00fcnstlichen Intelligenz unentbehrlich bleiben\u00bb, sagt Peter Ritter, Pr\u00e4sident von Expertsuisse.<\/p>\n<p><em>Quelle: <a href=\"http:\/\/www.expertsuisse.ch\">www.expertsuisse.ch<\/a><\/em><\/p>\n","protected":false},"excerpt":{"rendered":"<p>Die digitale Transformation, verbunden mit k\u00fcnstlicher Intelligenz, nimmt immer mehr Fahrt auf und muss auch in Wirtschaftspr\u00fcfung, Steuerwesen und Treuhand vorangetrieben werden. Dabei darf die Bedeutung der gesellschaftlichen Verantwortung jedoch nicht ausser Acht gelassen werden. Diese Fragen bildeten den Kern der Diskussionen und Referate an der diesj\u00e4hrigen Jahrestagung von Expertsuisse, dem Expertenverband f\u00fcr Wirtschaftspr\u00fcfung, Steuern und Treuhand.<\/p>\n","protected":false},"author":80,"featured_media":30433,"comment_status":"closed","ping_status":"closed","sticky":false,"template":"","format":"standard","meta":{"_acf_changed":false,"_yoast_wpseo_focuskw":"Expertsuisse","_yoast_wpseo_metadesc":"Die digitale Transformation nimmt immer mehr Fahrt auf und muss auch in Wirtschaftspr\u00fcfung, Steuerwesen und Treuhand vorangetrieben werden.","articlekey":"","footnotes":""},"categories":[28],"tags":[319,4579,486,532],"class_list":["post-30432","post","type-post","status-publish","format-standard","has-post-thumbnail","hentry","category-management","tag-kuenstliche-intelligenz","tag-steuerwesen","tag-treuhand","tag-wirtschaftspruefung"],"acf":[],"yoast_head":"<!-- This site is optimized with the Yoast SEO plugin v27.5 - https:\/\/yoast.com\/product\/yoast-seo-wordpress\/ -->\n<title>Spannende Voten und Diskussionen an der Expertsuisse Jahrestagung - Organisator<\/title>\n<meta name=\"description\" content=\"Die digitale Transformation nimmt immer mehr Fahrt auf und muss auch in Wirtschaftspr\u00fcfung, Steuerwesen und Treuhand vorangetrieben werden.\" \/>\n<meta name=\"robots\" content=\"index, follow, max-snippet:-1, max-image-preview:large, max-video-preview:-1\" \/>\n<link rel=\"canonical\" href=\"https:\/\/www.organisator.ch\/de\/management\/2024-10-03\/spannende-voten-und-diskussionen-an-der-expertsuisse-jahrestagung\/\" \/>\n<meta property=\"og:locale\" content=\"de_DE\" \/>\n<meta property=\"og:type\" content=\"article\" \/>\n<meta property=\"og:title\" content=\"Spannende Voten und Diskussionen an der Expertsuisse Jahrestagung\" \/>\n<meta property=\"og:description\" content=\"Die digitale Transformation, verbunden mit k\u00fcnstlicher Intelligenz, nimmt immer mehr Fahrt auf und muss auch in Wirtschaftspr\u00fcfung, Steuerwesen und Treuhand vorangetrieben werden.\" \/>\n<meta property=\"og:url\" content=\"https:\/\/www.organisator.ch\/de\/management\/2024-10-03\/spannende-voten-und-diskussionen-an-der-expertsuisse-jahrestagung\/\" \/>\n<meta property=\"og:site_name\" content=\"Organisator\" \/>\n<meta property=\"article:publisher\" content=\"https:\/\/www.facebook.com\/OrganisatorFachmagazin\" \/>\n<meta property=\"article:published_time\" content=\"2024-10-03T13:24:24+00:00\" \/>\n<meta property=\"og:image\" content=\"https:\/\/www.organisator.ch\/wp-content\/uploads\/2024\/10\/Expertsuisse_Bild1_ps.jpg\" \/>\n\t<meta property=\"og:image:width\" content=\"680\" \/>\n\t<meta property=\"og:image:height\" content=\"454\" \/>\n\t<meta property=\"og:image:type\" content=\"image\/jpeg\" \/>\n<meta name=\"author\" content=\"Dzana Muminovic\" \/>\n<meta name=\"twitter:card\" content=\"summary_large_image\" \/>\n<meta name=\"twitter:title\" content=\"Spannende Voten und Diskussionen an der Expertsuisse Jahrestagung\" \/>\n<meta name=\"twitter:description\" content=\"Die #digitale #Transformation, verbunden mit #k\u00fcnstlicher #Intelligenz, nimmt immer mehr Fahrt auf und muss auch in #Wirtschaftspr\u00fcfung, #Steuerwesen und #Treuhand vorangetrieben werden.\" \/>\n<meta name=\"twitter:image\" content=\"https:\/\/www.organisator.ch\/wp-content\/uploads\/2024\/10\/Expertsuisse_Bild1_ps.jpg\" \/>\n<script type=\"application\/ld+json\" class=\"yoast-schema-graph\">{\"@context\":\"https:\\\/\\\/schema.org\",\"@graph\":[{\"@type\":\"Article\",\"@id\":\"https:\\\/\\\/www.organisator.ch\\\/management\\\/2024-10-03\\\/spannende-voten-und-diskussionen-an-der-expertsuisse-jahrestagung\\\/#article\",\"isPartOf\":{\"@id\":\"https:\\\/\\\/www.organisator.ch\\\/management\\\/2024-10-03\\\/spannende-voten-und-diskussionen-an-der-expertsuisse-jahrestagung\\\/\"},\"author\":{\"name\":\"Dzana Muminovic\",\"@id\":\"https:\\\/\\\/www.organisator.ch\\\/#\\\/schema\\\/person\\\/afccda3a71c06d4be2ed9100dd163db7\"},\"headline\":\"Spannende Voten und Diskussionen an der Expertsuisse Jahrestagung\",\"datePublished\":\"2024-10-03T13:24:24+00:00\",\"mainEntityOfPage\":{\"@id\":\"https:\\\/\\\/www.organisator.ch\\\/management\\\/2024-10-03\\\/spannende-voten-und-diskussionen-an-der-expertsuisse-jahrestagung\\\/\"},\"wordCount\":621,\"publisher\":{\"@id\":\"https:\\\/\\\/www.organisator.ch\\\/#organization\"},\"image\":{\"@id\":\"https:\\\/\\\/www.organisator.ch\\\/management\\\/2024-10-03\\\/spannende-voten-und-diskussionen-an-der-expertsuisse-jahrestagung\\\/#primaryimage\"},\"thumbnailUrl\":\"https:\\\/\\\/www.organisator.ch\\\/wp-content\\\/uploads\\\/2024\\\/10\\\/Expertsuisse_Bild1_ps.jpg\",\"keywords\":[\"K\u00fcnstliche Intelligenz\",\"Steuerwesen\",\"Treuhand\",\"Wirtschaftspr\u00fcfung\"],\"articleSection\":[\"MANAGEMENT\"],\"inLanguage\":\"de\"},{\"@type\":\"WebPage\",\"@id\":\"https:\\\/\\\/www.organisator.ch\\\/management\\\/2024-10-03\\\/spannende-voten-und-diskussionen-an-der-expertsuisse-jahrestagung\\\/\",\"url\":\"https:\\\/\\\/www.organisator.ch\\\/management\\\/2024-10-03\\\/spannende-voten-und-diskussionen-an-der-expertsuisse-jahrestagung\\\/\",\"name\":\"Spannende Voten und Diskussionen an der Expertsuisse Jahrestagung - Organisator\",\"isPartOf\":{\"@id\":\"https:\\\/\\\/www.organisator.ch\\\/#website\"},\"primaryImageOfPage\":{\"@id\":\"https:\\\/\\\/www.organisator.ch\\\/management\\\/2024-10-03\\\/spannende-voten-und-diskussionen-an-der-expertsuisse-jahrestagung\\\/#primaryimage\"},\"image\":{\"@id\":\"https:\\\/\\\/www.organisator.ch\\\/management\\\/2024-10-03\\\/spannende-voten-und-diskussionen-an-der-expertsuisse-jahrestagung\\\/#primaryimage\"},\"thumbnailUrl\":\"https:\\\/\\\/www.organisator.ch\\\/wp-content\\\/uploads\\\/2024\\\/10\\\/Expertsuisse_Bild1_ps.jpg\",\"datePublished\":\"2024-10-03T13:24:24+00:00\",\"description\":\"Die digitale Transformation nimmt immer mehr Fahrt auf und muss auch in Wirtschaftspr\u00fcfung, Steuerwesen und Treuhand vorangetrieben werden.\",\"breadcrumb\":{\"@id\":\"https:\\\/\\\/www.organisator.ch\\\/management\\\/2024-10-03\\\/spannende-voten-und-diskussionen-an-der-expertsuisse-jahrestagung\\\/#breadcrumb\"},\"inLanguage\":\"de\",\"potentialAction\":[{\"@type\":\"ReadAction\",\"target\":[\"https:\\\/\\\/www.organisator.ch\\\/management\\\/2024-10-03\\\/spannende-voten-und-diskussionen-an-der-expertsuisse-jahrestagung\\\/\"]}]},{\"@type\":\"ImageObject\",\"inLanguage\":\"de\",\"@id\":\"https:\\\/\\\/www.organisator.ch\\\/management\\\/2024-10-03\\\/spannende-voten-und-diskussionen-an-der-expertsuisse-jahrestagung\\\/#primaryimage\",\"url\":\"https:\\\/\\\/www.organisator.ch\\\/wp-content\\\/uploads\\\/2024\\\/10\\\/Expertsuisse_Bild1_ps.jpg\",\"contentUrl\":\"https:\\\/\\\/www.organisator.ch\\\/wp-content\\\/uploads\\\/2024\\\/10\\\/Expertsuisse_Bild1_ps.jpg\",\"width\":680,\"height\":454,\"caption\":\"Bundesrat Beat Jans setzte mit seiner Rede einen H\u00f6hepunkt an der diesj\u00e4hrigen Jahrestagung von Expertsuisse. (Bild: zVg\\\/Expertsuisse)\"},{\"@type\":\"BreadcrumbList\",\"@id\":\"https:\\\/\\\/www.organisator.ch\\\/management\\\/2024-10-03\\\/spannende-voten-und-diskussionen-an-der-expertsuisse-jahrestagung\\\/#breadcrumb\",\"itemListElement\":[{\"@type\":\"ListItem\",\"position\":1,\"name\":\"Home\",\"item\":\"https:\\\/\\\/www.organisator.ch\\\/\"},{\"@type\":\"ListItem\",\"position\":2,\"name\":\"Spannende Voten und Diskussionen an der Expertsuisse Jahrestagung\"}]},{\"@type\":\"WebSite\",\"@id\":\"https:\\\/\\\/www.organisator.ch\\\/#website\",\"url\":\"https:\\\/\\\/www.organisator.ch\\\/\",\"name\":\"Organisator\",\"description\":\"Kompetent. Praxisnah. Der ORGANISATOR bereitet in 10 Ausgaben pro Jahr die wesentlichen Themen f\u00fcr F\u00fchrungskr\u00e4fte von KMU auf.\",\"publisher\":{\"@id\":\"https:\\\/\\\/www.organisator.ch\\\/#organization\"},\"potentialAction\":[{\"@type\":\"SearchAction\",\"target\":{\"@type\":\"EntryPoint\",\"urlTemplate\":\"https:\\\/\\\/www.organisator.ch\\\/?s={search_term_string}\"},\"query-input\":{\"@type\":\"PropertyValueSpecification\",\"valueRequired\":true,\"valueName\":\"search_term_string\"}}],\"inLanguage\":\"de\"},{\"@type\":\"Organization\",\"@id\":\"https:\\\/\\\/www.organisator.ch\\\/#organization\",\"name\":\"Organisator\",\"url\":\"https:\\\/\\\/www.organisator.ch\\\/\",\"logo\":{\"@type\":\"ImageObject\",\"inLanguage\":\"de\",\"@id\":\"https:\\\/\\\/www.organisator.ch\\\/#\\\/schema\\\/logo\\\/image\\\/\",\"url\":\"https:\\\/\\\/www.organisator.ch\\\/wp-content\\\/uploads\\\/2022\\\/01\\\/Logo_Organisator_Website.png\",\"contentUrl\":\"https:\\\/\\\/www.organisator.ch\\\/wp-content\\\/uploads\\\/2022\\\/01\\\/Logo_Organisator_Website.png\",\"width\":800,\"height\":77,\"caption\":\"Organisator\"},\"image\":{\"@id\":\"https:\\\/\\\/www.organisator.ch\\\/#\\\/schema\\\/logo\\\/image\\\/\"},\"sameAs\":[\"https:\\\/\\\/www.facebook.com\\\/OrganisatorFachmagazin\",\"https:\\\/\\\/www.linkedin.com\\\/showcase\\\/organisator-das-magazin-fr-kmu\",\"https:\\\/\\\/www.xing.com\\\/news\\\/pages\\\/organisator-ch-695\",\"https:\\\/\\\/www.youtube.com\\\/channel\\\/UCGP2Sq0iWaZwT3BdIAQFYpw\"]},{\"@type\":\"Person\",\"@id\":\"https:\\\/\\\/www.organisator.ch\\\/#\\\/schema\\\/person\\\/afccda3a71c06d4be2ed9100dd163db7\",\"name\":\"Dzana Muminovic\",\"image\":{\"@type\":\"ImageObject\",\"inLanguage\":\"de\",\"@id\":\"https:\\\/\\\/secure.gravatar.com\\\/avatar\\\/909c5c71aff4b38e88686f2ab2f1ba152571f394f41ed8bae431ea56ced93050?s=96&d=mm&r=g\",\"url\":\"https:\\\/\\\/secure.gravatar.com\\\/avatar\\\/909c5c71aff4b38e88686f2ab2f1ba152571f394f41ed8bae431ea56ced93050?s=96&d=mm&r=g\",\"contentUrl\":\"https:\\\/\\\/secure.gravatar.com\\\/avatar\\\/909c5c71aff4b38e88686f2ab2f1ba152571f394f41ed8bae431ea56ced93050?s=96&d=mm&r=g\",\"caption\":\"Dzana Muminovic\"},\"url\":\"https:\\\/\\\/www.organisator.ch\\\/de\\\/author\\\/dzana-muminovic\\\/\"}]}<\/script>\n<!-- \/ Yoast SEO plugin. -->","yoast_head_json":{"title":"Spannende Voten und Diskussionen an der Expertsuisse Jahrestagung - Organisator","description":"Die digitale Transformation nimmt immer mehr Fahrt auf und muss auch in Wirtschaftspr\u00fcfung, Steuerwesen und Treuhand vorangetrieben werden.","robots":{"index":"index","follow":"follow","max-snippet":"max-snippet:-1","max-image-preview":"max-image-preview:large","max-video-preview":"max-video-preview:-1"},"canonical":"https:\/\/www.organisator.ch\/de\/management\/2024-10-03\/spannende-voten-und-diskussionen-an-der-expertsuisse-jahrestagung\/","og_locale":"de_DE","og_type":"article","og_title":"Spannende Voten und Diskussionen an der Expertsuisse Jahrestagung","og_description":"Die digitale Transformation, verbunden mit k\u00fcnstlicher Intelligenz, nimmt immer mehr Fahrt auf und muss auch in Wirtschaftspr\u00fcfung, Steuerwesen und Treuhand vorangetrieben werden.","og_url":"https:\/\/www.organisator.ch\/de\/management\/2024-10-03\/spannende-voten-und-diskussionen-an-der-expertsuisse-jahrestagung\/","og_site_name":"Organisator","article_publisher":"https:\/\/www.facebook.com\/OrganisatorFachmagazin","article_published_time":"2024-10-03T13:24:24+00:00","og_image":[{"width":680,"height":454,"url":"https:\/\/www.organisator.ch\/wp-content\/uploads\/2024\/10\/Expertsuisse_Bild1_ps.jpg","type":"image\/jpeg"}],"author":"Dzana Muminovic","twitter_card":"summary_large_image","twitter_title":"Spannende Voten und Diskussionen an der Expertsuisse Jahrestagung","twitter_description":"Die #digitale #Transformation, verbunden mit #k\u00fcnstlicher #Intelligenz, nimmt immer mehr Fahrt auf und muss auch in #Wirtschaftspr\u00fcfung, #Steuerwesen und #Treuhand vorangetrieben werden.","twitter_image":"https:\/\/www.organisator.ch\/wp-content\/uploads\/2024\/10\/Expertsuisse_Bild1_ps.jpg","schema":{"@context":"https:\/\/schema.org","@graph":[{"@type":"Article","@id":"https:\/\/www.organisator.ch\/management\/2024-10-03\/spannende-voten-und-diskussionen-an-der-expertsuisse-jahrestagung\/#article","isPartOf":{"@id":"https:\/\/www.organisator.ch\/management\/2024-10-03\/spannende-voten-und-diskussionen-an-der-expertsuisse-jahrestagung\/"},"author":{"name":"Dzana Muminovic","@id":"https:\/\/www.organisator.ch\/#\/schema\/person\/afccda3a71c06d4be2ed9100dd163db7"},"headline":"Spannende Voten und Diskussionen an der Expertsuisse Jahrestagung","datePublished":"2024-10-03T13:24:24+00:00","mainEntityOfPage":{"@id":"https:\/\/www.organisator.ch\/management\/2024-10-03\/spannende-voten-und-diskussionen-an-der-expertsuisse-jahrestagung\/"},"wordCount":621,"publisher":{"@id":"https:\/\/www.organisator.ch\/#organization"},"image":{"@id":"https:\/\/www.organisator.ch\/management\/2024-10-03\/spannende-voten-und-diskussionen-an-der-expertsuisse-jahrestagung\/#primaryimage"},"thumbnailUrl":"https:\/\/www.organisator.ch\/wp-content\/uploads\/2024\/10\/Expertsuisse_Bild1_ps.jpg","keywords":["K\u00fcnstliche Intelligenz","Steuerwesen","Treuhand","Wirtschaftspr\u00fcfung"],"articleSection":["MANAGEMENT"],"inLanguage":"de"},{"@type":"WebPage","@id":"https:\/\/www.organisator.ch\/management\/2024-10-03\/spannende-voten-und-diskussionen-an-der-expertsuisse-jahrestagung\/","url":"https:\/\/www.organisator.ch\/management\/2024-10-03\/spannende-voten-und-diskussionen-an-der-expertsuisse-jahrestagung\/","name":"Spannende Voten und Diskussionen an der Expertsuisse Jahrestagung - Organisator","isPartOf":{"@id":"https:\/\/www.organisator.ch\/#website"},"primaryImageOfPage":{"@id":"https:\/\/www.organisator.ch\/management\/2024-10-03\/spannende-voten-und-diskussionen-an-der-expertsuisse-jahrestagung\/#primaryimage"},"image":{"@id":"https:\/\/www.organisator.ch\/management\/2024-10-03\/spannende-voten-und-diskussionen-an-der-expertsuisse-jahrestagung\/#primaryimage"},"thumbnailUrl":"https:\/\/www.organisator.ch\/wp-content\/uploads\/2024\/10\/Expertsuisse_Bild1_ps.jpg","datePublished":"2024-10-03T13:24:24+00:00","description":"Die digitale Transformation nimmt immer mehr Fahrt auf und muss auch in Wirtschaftspr\u00fcfung, Steuerwesen und Treuhand vorangetrieben werden.","breadcrumb":{"@id":"https:\/\/www.organisator.ch\/management\/2024-10-03\/spannende-voten-und-diskussionen-an-der-expertsuisse-jahrestagung\/#breadcrumb"},"inLanguage":"de","potentialAction":[{"@type":"ReadAction","target":["https:\/\/www.organisator.ch\/management\/2024-10-03\/spannende-voten-und-diskussionen-an-der-expertsuisse-jahrestagung\/"]}]},{"@type":"ImageObject","inLanguage":"de","@id":"https:\/\/www.organisator.ch\/management\/2024-10-03\/spannende-voten-und-diskussionen-an-der-expertsuisse-jahrestagung\/#primaryimage","url":"https:\/\/www.organisator.ch\/wp-content\/uploads\/2024\/10\/Expertsuisse_Bild1_ps.jpg","contentUrl":"https:\/\/www.organisator.ch\/wp-content\/uploads\/2024\/10\/Expertsuisse_Bild1_ps.jpg","width":680,"height":454,"caption":"Bundesrat Beat Jans setzte mit seiner Rede einen H\u00f6hepunkt an der diesj\u00e4hrigen Jahrestagung von Expertsuisse. (Bild: zVg\/Expertsuisse)"},{"@type":"BreadcrumbList","@id":"https:\/\/www.organisator.ch\/management\/2024-10-03\/spannende-voten-und-diskussionen-an-der-expertsuisse-jahrestagung\/#breadcrumb","itemListElement":[{"@type":"ListItem","position":1,"name":"Home","item":"https:\/\/www.organisator.ch\/"},{"@type":"ListItem","position":2,"name":"Spannende Voten und Diskussionen an der Expertsuisse Jahrestagung"}]},{"@type":"WebSite","@id":"https:\/\/www.organisator.ch\/#website","url":"https:\/\/www.organisator.ch\/","name":"Organisator","description":"Kompetent. Praxisnah. Der ORGANISATOR bereitet in 10 Ausgaben pro Jahr die wesentlichen Themen f\u00fcr F\u00fchrungskr\u00e4fte von KMU auf.","publisher":{"@id":"https:\/\/www.organisator.ch\/#organization"},"potentialAction":[{"@type":"SearchAction","target":{"@type":"EntryPoint","urlTemplate":"https:\/\/www.organisator.ch\/?s={search_term_string}"},"query-input":{"@type":"PropertyValueSpecification","valueRequired":true,"valueName":"search_term_string"}}],"inLanguage":"de"},{"@type":"Organization","@id":"https:\/\/www.organisator.ch\/#organization","name":"Organisator","url":"https:\/\/www.organisator.ch\/","logo":{"@type":"ImageObject","inLanguage":"de","@id":"https:\/\/www.organisator.ch\/#\/schema\/logo\/image\/","url":"https:\/\/www.organisator.ch\/wp-content\/uploads\/2022\/01\/Logo_Organisator_Website.png","contentUrl":"https:\/\/www.organisator.ch\/wp-content\/uploads\/2022\/01\/Logo_Organisator_Website.png","width":800,"height":77,"caption":"Organisator"},"image":{"@id":"https:\/\/www.organisator.ch\/#\/schema\/logo\/image\/"},"sameAs":["https:\/\/www.facebook.com\/OrganisatorFachmagazin","https:\/\/www.linkedin.com\/showcase\/organisator-das-magazin-fr-kmu","https:\/\/www.xing.com\/news\/pages\/organisator-ch-695","https:\/\/www.youtube.com\/channel\/UCGP2Sq0iWaZwT3BdIAQFYpw"]},{"@type":"Person","@id":"https:\/\/www.organisator.ch\/#\/schema\/person\/afccda3a71c06d4be2ed9100dd163db7","name":"Dzana Muminovic","image":{"@type":"ImageObject","inLanguage":"de","@id":"https:\/\/secure.gravatar.com\/avatar\/909c5c71aff4b38e88686f2ab2f1ba152571f394f41ed8bae431ea56ced93050?s=96&d=mm&r=g","url":"https:\/\/secure.gravatar.com\/avatar\/909c5c71aff4b38e88686f2ab2f1ba152571f394f41ed8bae431ea56ced93050?s=96&d=mm&r=g","contentUrl":"https:\/\/secure.gravatar.com\/avatar\/909c5c71aff4b38e88686f2ab2f1ba152571f394f41ed8bae431ea56ced93050?s=96&d=mm&r=g","caption":"Dzana Muminovic"},"url":"https:\/\/www.organisator.ch\/de\/author\/dzana-muminovic\/"}]}},"_links":{"self":[{"href":"https:\/\/www.organisator.ch\/de\/wp-json\/wp\/v2\/posts\/30432","targetHints":{"allow":["GET"]}}],"collection":[{"href":"https:\/\/www.organisator.ch\/de\/wp-json\/wp\/v2\/posts"}],"about":[{"href":"https:\/\/www.organisator.ch\/de\/wp-json\/wp\/v2\/types\/post"}],"author":[{"embeddable":true,"href":"https:\/\/www.organisator.ch\/de\/wp-json\/wp\/v2\/users\/80"}],"replies":[{"embeddable":true,"href":"https:\/\/www.organisator.ch\/de\/wp-json\/wp\/v2\/comments?post=30432"}],"version-history":[{"count":4,"href":"https:\/\/www.organisator.ch\/de\/wp-json\/wp\/v2\/posts\/30432\/revisions"}],"predecessor-version":[{"id":30458,"href":"https:\/\/www.organisator.ch\/de\/wp-json\/wp\/v2\/posts\/30432\/revisions\/30458"}],"wp:featuredmedia":[{"embeddable":true,"href":"https:\/\/www.organisator.ch\/de\/wp-json\/wp\/v2\/media\/30433"}],"wp:attachment":[{"href":"https:\/\/www.organisator.ch\/de\/wp-json\/wp\/v2\/media?parent=30432"}],"wp:term":[{"taxonomy":"category","embeddable":true,"href":"https:\/\/www.organisator.ch\/de\/wp-json\/wp\/v2\/categories?post=30432"},{"taxonomy":"post_tag","embeddable":true,"href":"https:\/\/www.organisator.ch\/de\/wp-json\/wp\/v2\/tags?post=30432"}],"curies":[{"name":"wp","href":"https:\/\/api.w.org\/{rel}","templated":true}]}}