{"id":30454,"date":"2024-10-03T16:59:59","date_gmt":"2024-10-03T14:59:59","guid":{"rendered":"https:\/\/www.markt-kom.com\/?p=224475"},"modified":"2024-11-08T05:29:02","modified_gmt":"2024-11-08T04:29:02","slug":"ki-und-nachhaltigkeit-im-fokus-des-graubuenden-tourismustag-2024","status":"publish","type":"post","link":"https:\/\/www.organisator.ch\/de\/marketing\/2024-10-03\/ki-und-nachhaltigkeit-im-fokus-des-graubuenden-tourismustag-2024\/","title":{"rendered":"KI und Nachhaltigkeit im Fokus des Graub\u00fcnden Tourismustag 2024"},"content":{"rendered":"<figure id=\"attachment_224486\" class=\"wp-caption aligncenter\" style=\"width: 1200px\" aria-describedby=\"caption-attachment-224486\"><img class=\"aligncenter wp-image-224486 size-full\" src=\"https:\/\/www.markt-kom.com\/wp-content\/uploads\/2024\/10\/Martin-Vincenz_Claudio-Zuccolini-1.jpg\" alt=\"Graub\u00fcnden Tourismustag 2024\" width=\"1200\" height=\"802\" \/>\r\n<figcaption id=\"caption-attachment-224486\" class=\"wp-caption-text\">Martin Vincenz (links) er\u00f6ffnet zusammen mit Co-Moderator Claudio Zuccolini den Tourismustag 2024 in Arosa. (Bilder: zVg. Graub\u00fcnden Ferien)<\/figcaption>\r\n<\/figure>\r\n<p>Bereits zum vierten Mal seit 2019 konnte Graub\u00fcnden-Ferien-CEO Martin Vincenz am 2. und 3. Oktober 2024 die Branche zu einem Graub\u00fcnden Tourismustag begr\u00fcssen. Im Sport- und Kongresszentrum Arosa verfolgten rund 160 Vertreter:innen und Dienstleistende aus dem B\u00fcndner Tourismus die Referate und Podiumsdiskussionen zu den Themen K\u00fcnstliche Intelligenz (KI) und Nachhaltigkeit im Tourismus. Regierungsrat Marcus Caduff betonte zur Er\u00f6ffnung, dass die vielf\u00e4ltigen Herausforderungen gemeinsam angegangen werden m\u00fcssen.<\/p>\r\n<figure id=\"attachment_224484\" class=\"wp-caption aligncenter\" style=\"width: 1200px\" aria-describedby=\"caption-attachment-224484\"><img class=\"wp-image-224484 size-full\" src=\"https:\/\/www.markt-kom.com\/wp-content\/uploads\/2024\/10\/Marcus-Caduff_Maria-Victoria-Haas.jpg\" alt=\"\" width=\"1200\" height=\"802\" \/>\r\n<figcaption id=\"caption-attachment-224484\" class=\"wp-caption-text\">Regierungsrat Marcus Caduff im Gespr\u00e4ch mit Co-Moderatorin Maria Victoria Haas.<\/figcaption>\r\n<\/figure>\r\n<p>Zwischen Faszination und Gefahr<br \/>\r\nEine Einstimmung zum Tagungsthema KI gab Keynote-Speaker Roger Basler de Roca. Eigentlich k\u00f6nne man auch von \u00abKreativer Inspiration\u00bb reden, so der Digitalunternehmer. Denn KI sei wie ein kreativer Funke, der neue Ideen entz\u00fcnde und zu innovativen L\u00f6sungen inspiriere. \u00abK\u00fcnstlich ist die Maschine, die Intelligenz kommt vom Menschen.\u00bb<\/p>\r\n<figure id=\"attachment_224483\" class=\"wp-caption aligncenter\" style=\"width: 1200px\" aria-describedby=\"caption-attachment-224483\"><img class=\"size-full wp-image-224483\" src=\"https:\/\/www.markt-kom.com\/wp-content\/uploads\/2024\/10\/Roger-Basler-de-Roca.jpg\" alt=\"\" width=\"1200\" height=\"802\" \/>\r\n<figcaption id=\"caption-attachment-224483\" class=\"wp-caption-text\">Roger Basler de Roca f\u00fchrt am Tourismustag in die Welt der KI ein.<\/figcaption>\r\n<\/figure>\r\n<p>Manuel Altermatt, Software Engineering Manager bei Google, hielt einen kritischeren Ausblick zu KI, auch wenn er grunds\u00e4tzlich ein grosser Bef\u00fcrworter der neuen Technologie sei. KI in den H\u00e4nden von Missbrauchenden k\u00f6nne verheerend sein. \u00abDies wird das menschliche Vertrauenssystem, wie wir es kennen, untergraben\u00bb, sagte Altermatt. Zudem: Kritischer als eine \u00abb\u00f6swillige\u00bb KI seien ungewollte Konsequenzen eingesetzter KI.<\/p>\r\n<figure id=\"attachment_224482\" class=\"wp-caption aligncenter\" style=\"width: 1200px\" aria-describedby=\"caption-attachment-224482\"><img class=\"size-full wp-image-224482\" src=\"https:\/\/www.markt-kom.com\/wp-content\/uploads\/2024\/10\/Manuel-Altermatt.jpg\" alt=\"\" width=\"1200\" height=\"802\" \/>\r\n<figcaption id=\"caption-attachment-224482\" class=\"wp-caption-text\">Manuel Altermatt erl\u00e4utert die Risiken, die mit KI einhergehen.<\/figcaption>\r\n<\/figure>\r\n<p>Philosoph und Publizist Ludwig Hasler ordnete das Thema aus gesellschaftlicher Sicht ein. Mit KI w\u00fcrde das Verh\u00e4ltnis zwischen Mensch und Maschine auf ein neues Niveau gehoben. \u00abDie entscheidende Frage ist, was wir mit KI wollen.\u00bb In Anlehnung an Immanuel Kant nannte er den Schlaf \u2013 oder die Regeneration und das Tr\u00e4umen \u2013, die Hoffnung und das Lachen als die drei Dinge, mit denen der Mensch der Maschine \u00fcberlegen ist.<\/p>\r\n<figure id=\"attachment_224480\" class=\"wp-caption aligncenter\" style=\"width: 1200px\" aria-describedby=\"caption-attachment-224480\"><img class=\"size-full wp-image-224480\" src=\"https:\/\/www.markt-kom.com\/wp-content\/uploads\/2024\/10\/Ludwig-Hasler.jpg\" alt=\"\" width=\"1200\" height=\"801\" \/>\r\n<figcaption id=\"caption-attachment-224480\" class=\"wp-caption-text\">Was unterscheidet den Menschen noch von der Maschine? Philosoph Ludwig Hasler res\u00fcmiert.<\/figcaption>\r\n<\/figure>\r\n<h3>KI verantwortungsvoll einsetzen<\/h3>\r\n<p>Eine Br\u00fccke von KI zur Nachhaltigkeit, dem zweiten grossen Tagungsthema am Graub\u00fcnden Tourismustag, schlug Rainer Karcher, CEO und Founder von Heartprint. Der Schl\u00fcssel sei, eine verantwortungsbewusste KI zu nutzen. Punkto Nachhaltigkeit k\u00f6nne KI zur Eind\u00e4mmung des Klimawandels eingesetzt werden, wie auch zur Optimierung der Ressourcennutzung. Als Problem nannte er den enormen Energiebedarf der neuen Technologien.<\/p>\r\n<p>Kurzpr\u00e4sentationen verschiedener Dienstleister gaben am Tourismustag Einblick in aktuelle Anwendungen und Projekte. Das Unternehmen Fair unterwegs hat sich auf umweltfreundliche Reiseerlebnisse in der Schweiz spezialisiert, Travelise bietet \u00dcberraschungsreisen an, um G\u00e4ste zu lenken, und Cirkel Supply f\u00f6rdert die Kreislaufwirtschaft durch Miet-Skikleider. Von Chiping kommt der erste \u00abintelligente\u00bb Golfball, der sich nicht \u00abverirrt\u00bb. Ebenso innovativ ist die erste Aktiv-Wanderhose von Skip mit eingebautem E-Motor.<\/p>\r\n<p>Eine umfassende Analyse der aktuellen und zuk\u00fcnftigen Auswirkungen von Daten und Technologie auf die Tourismusbranche bietet der Digital Tourism Trend Radar 2024 von Inside Labs. Eine konkrete Anleitung f\u00fcr effiziente Prompts gab am Tourismustag KI-Dozent Gion Sialm von der Fachhochschule Graub\u00fcnden. Stellvertretend f\u00fcr das NextGen Tourism Board der Tourismusallianz Graub\u00fcnden sagte Jamie Rizzi vom Hotel Schweizerhof Lenzerheide: \u00abWir m\u00f6chten die Zukunft des Tourismuskantons mitgestalten.\u00bb<\/p>\r\n<h3>Wie weit ist der Tourismus?<\/h3>\r\n<p>In der Tourismusbranche ist die Notwendigkeit einer nachhaltigeren Ausrichtung erkannt. In Arosa w\u00fcrde der Einfluss des Tourismus in allen Dimensionen \u2013 auf die Natur, die Gesellschaft und die Wirtschaft \u2013 betrachtet, so Claudio F\u00f6hn, Leiter Arosa 2030. Laut Philipp Niederberger, Direktor Schweizer Tourismus-Verband, sind die Voraussetzungen f\u00fcr eine nachhaltigere Entwicklung der Reisebranche in der Schweiz gut. Nachhaltigkeit m\u00fcsse zum Standard werden, forderte Martina Hollenstein Stadler, Projektstellenleiterin bei Graub\u00fcnden Ferien.<\/p>\r\n<p>Ob St\u00e4dte oder alpine Regionen die Nase vorn haben, dar\u00fcber diskutierten Pascale Berclaz, Direktorin Made in Bern, Janine Rupf, Head of Marketing Z\u00fcrich Tourismus, Karin Seiler, Gesch\u00e4ftsf\u00fchrerin Tirol Werbung, und Martin Vincenz, CEO Graub\u00fcnden Ferien. Eine eindeutige Antwort gibt es nicht, Aspekte wie die Mobilit\u00e4t, die Wertsch\u00f6pfung oder auch die Tourismusakzeptanz in der Bev\u00f6lkerung k\u00f6nnen in die Waagschale gelegt werden. \u00abWichtig ist, dass wir Stadt und Land als gesamten Erlebnisraum ansehen\u00bb, erkl\u00e4rte Pascale Berclaz.<\/p>\r\n<figure id=\"attachment_224479\" class=\"wp-caption aligncenter\" style=\"width: 1200px\" aria-describedby=\"caption-attachment-224479\"><img class=\"size-full wp-image-224479\" src=\"https:\/\/www.markt-kom.com\/wp-content\/uploads\/2024\/10\/Panel_Tourismusregionen.jpg\" alt=\"\" width=\"1200\" height=\"802\" \/>\r\n<figcaption id=\"caption-attachment-224479\" class=\"wp-caption-text\">Internationales Tourismus-Panel unter der Leitung von Maria Victoria Haas (rechts) mit Karin Seiler (Tirol), Janine Rupf (Z\u00fcrich), Pascale Berclaz (Bern) und Martin Vincenz (Graub\u00fcnden) (von links).<\/figcaption>\r\n<\/figure>\r\n<h3>F\u00fcr die Wirtschaft ein \u00abMuss-Plus\u00bb<\/h3>\r\n<p>Auch in anderen Wirtschaftszweigen bietet Nachhaltigkeit neue M\u00f6glichkeiten. Johanna Gollnhofer, Direktorin des Instituts f\u00fcr Marketing und Customer Insight an der Universit\u00e4t St. Gallen, nannte es das 60-Prozent-Potential \u2013 der Anteil jener Menschen, die zwar eine \u00abgr\u00fcne Einstellung\u00bb h\u00e4tten, aber nicht danach handeln w\u00fcrden. F\u00fcr die breite Masse m\u00fcsse bei nachhaltigeren Angeboten der klassische Kundennutzen im Vorteil sein.<\/p>\r\n<p>Dass die Priorisierung der \u00f6kologischen Nachhaltigkeit auch aus Firmensicht aufgeht und nicht auf Kosten der Rentabilit\u00e4t geht, unterstrich Vanessa Rueber am Beispiel von Patagonia Switzerland. \u00abBei allem, was wir tun, achten wir darauf, wie wir es tun\u00bb, sagte die Community Marketing und Impact Managerin des Outdoorsport-Bekleiders. Produkte w\u00fcrden streng nach Nachhaltigkeitskriterien bemessen und verbessert.<\/p>\r\n<p>Ebenso ganzheitlich ist Nachhaltigkeit in der Organisation der Graub\u00fcndner Kantonalbank verankert. \u00abNachhaltiges Denken und Handeln ist Teil der konsequenten Umsetzung unserer Vision und Strategie\u00bb, so Martina M\u00fcller-Kamp, Mitglied der Gesch\u00e4ftsleitung. In der Kommunikation gehe es darum, ganzheitlich, konsequent und glaubhaft aufzutreten sowie zus\u00e4tzlich f\u00fcr bleibende Erinnerungen zu sorgen.<\/p>\r\n<h3>Exklusiver Einblick in G\u00e4stebefragung<\/h3>\r\n<p>Zum allerersten Mal \u00fcberhaupt wurden am Graub\u00fcnden Tourismustag Ergebnisse aus der neuen nationalen G\u00e4stebefragung von Schweiz Tourismus pr\u00e4sentiert. F\u00fcr den Tourismus Monitor Schweiz 2023 wurden \u00fcber 22\u2019000 \u00dcbernachtungsg\u00e4ste aus dem In- und Ausland befragt. Die Resultate zeigen die G\u00e4stestruktur, Hauptreisemotive sowie touristische St\u00e4rken und Schw\u00e4chen einer Region. F\u00fcr Schweiz Tourismus stellte Stefan K\u00fcnzle, Leiter Digital Management, die B\u00fcndner Resultate vor.<\/p>\r\n<figure id=\"attachment_224481\" class=\"wp-caption aligncenter\" style=\"width: 1200px\" aria-describedby=\"caption-attachment-224481\"><img class=\"size-full wp-image-224481\" src=\"https:\/\/www.markt-kom.com\/wp-content\/uploads\/2024\/10\/Stefan-Kuenzle.jpg\" alt=\"\" width=\"1200\" height=\"802\" \/>\r\n<figcaption id=\"caption-attachment-224481\" class=\"wp-caption-text\">\u00abGraub\u00fcnden ist die Nummer 1 f\u00fcr Aktivferien in der Schweiz\u00bb: Stefan K\u00fcnzle zeigt die Graub\u00fcnden-Ergebnisse aus der neuen nationalen G\u00e4stebefragung von Schweiz Tourismus.<\/figcaption>\r\n<\/figure>\r\n<p>Gegen\u00fcber der inl\u00e4ndischen Konkurrenz hebt sich Graub\u00fcnden insbesondere durch den hohen Anteil an Sport treibenden Ferien- und Freizeitg\u00e4sten ab (71 %). Darunter sind \u00fcberdurchschnittlich viele Stammg\u00e4ste aus zwei klaren Hauptm\u00e4rkten: Schweiz (63 %) und Deutschland (18 %). Zu den besten Differenzierungsmerkmalen der Ferienregion z\u00e4hlen Sport, der \u00f6ffentliche Verkehr und die Kulinarik. Zusammengefasst ist Graub\u00fcnden die Nummer 1 f\u00fcr Aktivferien in der Schweiz. \u00dcber ein Viertel der Befragten nannte den Wintersport als Graub\u00fcndens gr\u00f6sste St\u00e4rke. Die gr\u00f6sste \u00abSchw\u00e4che\u00bb aus G\u00e4stesicht ist das Preisniveau.<\/p>\r\n<figure id=\"attachment_224485\" class=\"wp-caption aligncenter\" style=\"width: 1200px\" aria-describedby=\"caption-attachment-224485\"><img class=\"size-full wp-image-224485\" src=\"https:\/\/www.markt-kom.com\/wp-content\/uploads\/2024\/10\/GRF_Inspiration-Night.jpg\" alt=\"\" width=\"1200\" height=\"800\" \/>\r\n<figcaption id=\"caption-attachment-224485\" class=\"wp-caption-text\">An der Inspiration Night im G\u00fcterschuppen Arosa kn\u00fcpft die Tourismusbranche neue Kontakte.<\/figcaption>\r\n<\/figure>\r\n<figure id=\"attachment_224478\" class=\"wp-caption aligncenter\" style=\"width: 1200px\" aria-describedby=\"caption-attachment-224478\"><img class=\"size-full wp-image-224478\" src=\"https:\/\/www.markt-kom.com\/wp-content\/uploads\/2024\/10\/Sport_Kongresszentrum-Arosa.jpg\" alt=\"\" width=\"1200\" height=\"802\" \/>\r\n<figcaption id=\"caption-attachment-224478\" class=\"wp-caption-text\">Teilnehmende verfolgen den graub\u00fcnden Tourismustag im Sport- und Kongresszentrum Arosa.<\/figcaption>\r\n<\/figure>","protected":false},"excerpt":{"rendered":"<p>Der B\u00fcndner Tourismus nimmt sich Megatrends an: Am Tourismustag 2024 von Graub\u00fcnden Ferien in Arosa wurden die Chancen und Herausforderungen im Umgang mit K\u00fcnstlicher Intelligenz sowie eine nachhaltigere Entwicklung der Reisebranche diskutiert. Rund 160 Teilnehmende erhielten Strategietipps und Praxisbeispiele f\u00fcr ihren Berufsalltag.<\/p>\n","protected":false},"author":8,"featured_media":0,"comment_status":"closed","ping_status":"closed","sticky":false,"template":"","format":"standard","meta":{"_acf_changed":false,"_yoast_wpseo_focuskw":"Graub\u00fcnden Tourismustag 2024","_yoast_wpseo_metadesc":"Graub\u00fcnden Tourismustag 2024 in Arosa: 160 Experten diskutieren KI und Nachhaltigkeit im Tourismus.","articlekey":"","footnotes":""},"categories":[29],"tags":[3473,4343],"class_list":["post-30454","post","type-post","status-publish","format-standard","hentry","category-marketing","tag-graubuenden-ferien-grf","tag-markom"],"acf":[],"yoast_head":"<!-- This site is optimized with the Yoast SEO plugin v27.5 - https:\/\/yoast.com\/product\/yoast-seo-wordpress\/ -->\n<title>KI und Nachhaltigkeit im Fokus des Graub\u00fcnden Tourismustag 2024 - Organisator<\/title>\n<meta name=\"description\" content=\"Graub\u00fcnden Tourismustag 2024 in Arosa: 160 Experten diskutieren KI und Nachhaltigkeit im Tourismus.\" \/>\n<meta name=\"robots\" content=\"index, follow, max-snippet:-1, max-image-preview:large, max-video-preview:-1\" \/>\n<link rel=\"canonical\" href=\"https:\/\/www.organisator.ch\/de\/marketing\/2024-10-03\/ki-und-nachhaltigkeit-im-fokus-des-graubuenden-tourismustag-2024\/\" \/>\n<meta property=\"og:locale\" content=\"de_DE\" \/>\n<meta property=\"og:type\" content=\"article\" \/>\n<meta property=\"og:title\" content=\"KI und Nachhaltigkeit im Fokus des Graub\u00fcnden Tourismustag 2024 - Organisator\" \/>\n<meta property=\"og:description\" content=\"Graub\u00fcnden Tourismustag 2024 in Arosa: 160 Experten diskutieren KI und Nachhaltigkeit im Tourismus.\" \/>\n<meta property=\"og:url\" content=\"https:\/\/www.organisator.ch\/de\/marketing\/2024-10-03\/ki-und-nachhaltigkeit-im-fokus-des-graubuenden-tourismustag-2024\/\" \/>\n<meta property=\"og:site_name\" content=\"Organisator\" \/>\n<meta property=\"article:publisher\" content=\"https:\/\/www.facebook.com\/OrganisatorFachmagazin\" \/>\n<meta property=\"article:published_time\" content=\"2024-10-03T14:59:59+00:00\" \/>\n<meta property=\"article:modified_time\" content=\"2024-11-08T04:29:02+00:00\" \/>\n<meta property=\"og:image\" content=\"https:\/\/www.markt-kom.com\/wp-content\/uploads\/2024\/10\/Martin-Vincenz_Claudio-Zuccolini-1.jpg\" \/>\n<meta name=\"author\" content=\"galledia\" \/>\n<meta name=\"twitter:card\" content=\"summary_large_image\" \/>\n<meta name=\"twitter:creator\" content=\"@admin\" \/>\n<script type=\"application\/ld+json\" class=\"yoast-schema-graph\">{\"@context\":\"https:\\\/\\\/schema.org\",\"@graph\":[{\"@type\":\"Article\",\"@id\":\"https:\\\/\\\/www.organisator.ch\\\/marketing\\\/2024-10-03\\\/ki-und-nachhaltigkeit-im-fokus-des-graubuenden-tourismustag-2024\\\/#article\",\"isPartOf\":{\"@id\":\"https:\\\/\\\/www.organisator.ch\\\/marketing\\\/2024-10-03\\\/ki-und-nachhaltigkeit-im-fokus-des-graubuenden-tourismustag-2024\\\/\"},\"author\":{\"name\":\"galledia\",\"@id\":\"https:\\\/\\\/www.organisator.ch\\\/#\\\/schema\\\/person\\\/4e51799071cd2dd1232ac003643ef5f0\"},\"headline\":\"KI und Nachhaltigkeit im Fokus des Graub\u00fcnden Tourismustag 2024\",\"datePublished\":\"2024-10-03T14:59:59+00:00\",\"dateModified\":\"2024-11-08T04:29:02+00:00\",\"mainEntityOfPage\":{\"@id\":\"https:\\\/\\\/www.organisator.ch\\\/marketing\\\/2024-10-03\\\/ki-und-nachhaltigkeit-im-fokus-des-graubuenden-tourismustag-2024\\\/\"},\"wordCount\":1114,\"publisher\":{\"@id\":\"https:\\\/\\\/www.organisator.ch\\\/#organization\"},\"image\":{\"@id\":\"https:\\\/\\\/www.organisator.ch\\\/marketing\\\/2024-10-03\\\/ki-und-nachhaltigkeit-im-fokus-des-graubuenden-tourismustag-2024\\\/#primaryimage\"},\"thumbnailUrl\":\"https:\\\/\\\/www.markt-kom.com\\\/wp-content\\\/uploads\\\/2024\\\/10\\\/Martin-Vincenz_Claudio-Zuccolini-1.jpg\",\"keywords\":[\"Graub\u00fcnden Ferien GRF\",\"MarKom\"],\"articleSection\":[\"MARKETING\"],\"inLanguage\":\"de\"},{\"@type\":\"WebPage\",\"@id\":\"https:\\\/\\\/www.organisator.ch\\\/marketing\\\/2024-10-03\\\/ki-und-nachhaltigkeit-im-fokus-des-graubuenden-tourismustag-2024\\\/\",\"url\":\"https:\\\/\\\/www.organisator.ch\\\/marketing\\\/2024-10-03\\\/ki-und-nachhaltigkeit-im-fokus-des-graubuenden-tourismustag-2024\\\/\",\"name\":\"KI und Nachhaltigkeit im Fokus des Graub\u00fcnden Tourismustag 2024 - Organisator\",\"isPartOf\":{\"@id\":\"https:\\\/\\\/www.organisator.ch\\\/#website\"},\"primaryImageOfPage\":{\"@id\":\"https:\\\/\\\/www.organisator.ch\\\/marketing\\\/2024-10-03\\\/ki-und-nachhaltigkeit-im-fokus-des-graubuenden-tourismustag-2024\\\/#primaryimage\"},\"image\":{\"@id\":\"https:\\\/\\\/www.organisator.ch\\\/marketing\\\/2024-10-03\\\/ki-und-nachhaltigkeit-im-fokus-des-graubuenden-tourismustag-2024\\\/#primaryimage\"},\"thumbnailUrl\":\"https:\\\/\\\/www.markt-kom.com\\\/wp-content\\\/uploads\\\/2024\\\/10\\\/Martin-Vincenz_Claudio-Zuccolini-1.jpg\",\"datePublished\":\"2024-10-03T14:59:59+00:00\",\"dateModified\":\"2024-11-08T04:29:02+00:00\",\"description\":\"Graub\u00fcnden Tourismustag 2024 in Arosa: 160 Experten diskutieren KI und Nachhaltigkeit im Tourismus.\",\"breadcrumb\":{\"@id\":\"https:\\\/\\\/www.organisator.ch\\\/marketing\\\/2024-10-03\\\/ki-und-nachhaltigkeit-im-fokus-des-graubuenden-tourismustag-2024\\\/#breadcrumb\"},\"inLanguage\":\"de\",\"potentialAction\":[{\"@type\":\"ReadAction\",\"target\":[\"https:\\\/\\\/www.organisator.ch\\\/marketing\\\/2024-10-03\\\/ki-und-nachhaltigkeit-im-fokus-des-graubuenden-tourismustag-2024\\\/\"]}]},{\"@type\":\"ImageObject\",\"inLanguage\":\"de\",\"@id\":\"https:\\\/\\\/www.organisator.ch\\\/marketing\\\/2024-10-03\\\/ki-und-nachhaltigkeit-im-fokus-des-graubuenden-tourismustag-2024\\\/#primaryimage\",\"url\":\"https:\\\/\\\/www.markt-kom.com\\\/wp-content\\\/uploads\\\/2024\\\/10\\\/Martin-Vincenz_Claudio-Zuccolini-1.jpg\",\"contentUrl\":\"https:\\\/\\\/www.markt-kom.com\\\/wp-content\\\/uploads\\\/2024\\\/10\\\/Martin-Vincenz_Claudio-Zuccolini-1.jpg\"},{\"@type\":\"BreadcrumbList\",\"@id\":\"https:\\\/\\\/www.organisator.ch\\\/marketing\\\/2024-10-03\\\/ki-und-nachhaltigkeit-im-fokus-des-graubuenden-tourismustag-2024\\\/#breadcrumb\",\"itemListElement\":[{\"@type\":\"ListItem\",\"position\":1,\"name\":\"Home\",\"item\":\"https:\\\/\\\/www.organisator.ch\\\/\"},{\"@type\":\"ListItem\",\"position\":2,\"name\":\"KI und Nachhaltigkeit im Fokus des Graub\u00fcnden Tourismustag 2024\"}]},{\"@type\":\"WebSite\",\"@id\":\"https:\\\/\\\/www.organisator.ch\\\/#website\",\"url\":\"https:\\\/\\\/www.organisator.ch\\\/\",\"name\":\"Organisator\",\"description\":\"Kompetent. Praxisnah. Der ORGANISATOR bereitet in 10 Ausgaben pro Jahr die wesentlichen Themen f\u00fcr F\u00fchrungskr\u00e4fte von KMU auf.\",\"publisher\":{\"@id\":\"https:\\\/\\\/www.organisator.ch\\\/#organization\"},\"potentialAction\":[{\"@type\":\"SearchAction\",\"target\":{\"@type\":\"EntryPoint\",\"urlTemplate\":\"https:\\\/\\\/www.organisator.ch\\\/?s={search_term_string}\"},\"query-input\":{\"@type\":\"PropertyValueSpecification\",\"valueRequired\":true,\"valueName\":\"search_term_string\"}}],\"inLanguage\":\"de\"},{\"@type\":\"Organization\",\"@id\":\"https:\\\/\\\/www.organisator.ch\\\/#organization\",\"name\":\"Organisator\",\"url\":\"https:\\\/\\\/www.organisator.ch\\\/\",\"logo\":{\"@type\":\"ImageObject\",\"inLanguage\":\"de\",\"@id\":\"https:\\\/\\\/www.organisator.ch\\\/#\\\/schema\\\/logo\\\/image\\\/\",\"url\":\"https:\\\/\\\/www.organisator.ch\\\/wp-content\\\/uploads\\\/2022\\\/01\\\/Logo_Organisator_Website.png\",\"contentUrl\":\"https:\\\/\\\/www.organisator.ch\\\/wp-content\\\/uploads\\\/2022\\\/01\\\/Logo_Organisator_Website.png\",\"width\":800,\"height\":77,\"caption\":\"Organisator\"},\"image\":{\"@id\":\"https:\\\/\\\/www.organisator.ch\\\/#\\\/schema\\\/logo\\\/image\\\/\"},\"sameAs\":[\"https:\\\/\\\/www.facebook.com\\\/OrganisatorFachmagazin\",\"https:\\\/\\\/www.linkedin.com\\\/showcase\\\/organisator-das-magazin-fr-kmu\",\"https:\\\/\\\/www.xing.com\\\/news\\\/pages\\\/organisator-ch-695\",\"https:\\\/\\\/www.youtube.com\\\/channel\\\/UCGP2Sq0iWaZwT3BdIAQFYpw\"]},{\"@type\":\"Person\",\"@id\":\"https:\\\/\\\/www.organisator.ch\\\/#\\\/schema\\\/person\\\/4e51799071cd2dd1232ac003643ef5f0\",\"name\":\"galledia\",\"image\":{\"@type\":\"ImageObject\",\"inLanguage\":\"de\",\"@id\":\"https:\\\/\\\/secure.gravatar.com\\\/avatar\\\/78a7f90c01fc2bfc875782a0d4922b37cde2cf184ce347b91316d23cd7f69a36?s=96&d=mm&r=g\",\"url\":\"https:\\\/\\\/secure.gravatar.com\\\/avatar\\\/78a7f90c01fc2bfc875782a0d4922b37cde2cf184ce347b91316d23cd7f69a36?s=96&d=mm&r=g\",\"contentUrl\":\"https:\\\/\\\/secure.gravatar.com\\\/avatar\\\/78a7f90c01fc2bfc875782a0d4922b37cde2cf184ce347b91316d23cd7f69a36?s=96&d=mm&r=g\",\"caption\":\"galledia\"},\"sameAs\":[\"https:\\\/\\\/x.com\\\/admin\"],\"url\":\"https:\\\/\\\/www.organisator.ch\\\/de\\\/author\\\/galledia\\\/\"}]}<\/script>\n<!-- \/ Yoast SEO plugin. -->","yoast_head_json":{"title":"KI und Nachhaltigkeit im Fokus des Graub\u00fcnden Tourismustag 2024 - Organisator","description":"Graub\u00fcnden Tourismustag 2024 in Arosa: 160 Experten diskutieren KI und Nachhaltigkeit im Tourismus.","robots":{"index":"index","follow":"follow","max-snippet":"max-snippet:-1","max-image-preview":"max-image-preview:large","max-video-preview":"max-video-preview:-1"},"canonical":"https:\/\/www.organisator.ch\/de\/marketing\/2024-10-03\/ki-und-nachhaltigkeit-im-fokus-des-graubuenden-tourismustag-2024\/","og_locale":"de_DE","og_type":"article","og_title":"KI und Nachhaltigkeit im Fokus des Graub\u00fcnden Tourismustag 2024 - Organisator","og_description":"Graub\u00fcnden Tourismustag 2024 in Arosa: 160 Experten diskutieren KI und Nachhaltigkeit im Tourismus.","og_url":"https:\/\/www.organisator.ch\/de\/marketing\/2024-10-03\/ki-und-nachhaltigkeit-im-fokus-des-graubuenden-tourismustag-2024\/","og_site_name":"Organisator","article_publisher":"https:\/\/www.facebook.com\/OrganisatorFachmagazin","article_published_time":"2024-10-03T14:59:59+00:00","article_modified_time":"2024-11-08T04:29:02+00:00","og_image":[{"url":"https:\/\/www.markt-kom.com\/wp-content\/uploads\/2024\/10\/Martin-Vincenz_Claudio-Zuccolini-1.jpg","type":"","width":"","height":""}],"author":"galledia","twitter_card":"summary_large_image","twitter_creator":"@admin","schema":{"@context":"https:\/\/schema.org","@graph":[{"@type":"Article","@id":"https:\/\/www.organisator.ch\/marketing\/2024-10-03\/ki-und-nachhaltigkeit-im-fokus-des-graubuenden-tourismustag-2024\/#article","isPartOf":{"@id":"https:\/\/www.organisator.ch\/marketing\/2024-10-03\/ki-und-nachhaltigkeit-im-fokus-des-graubuenden-tourismustag-2024\/"},"author":{"name":"galledia","@id":"https:\/\/www.organisator.ch\/#\/schema\/person\/4e51799071cd2dd1232ac003643ef5f0"},"headline":"KI und Nachhaltigkeit im Fokus des Graub\u00fcnden Tourismustag 2024","datePublished":"2024-10-03T14:59:59+00:00","dateModified":"2024-11-08T04:29:02+00:00","mainEntityOfPage":{"@id":"https:\/\/www.organisator.ch\/marketing\/2024-10-03\/ki-und-nachhaltigkeit-im-fokus-des-graubuenden-tourismustag-2024\/"},"wordCount":1114,"publisher":{"@id":"https:\/\/www.organisator.ch\/#organization"},"image":{"@id":"https:\/\/www.organisator.ch\/marketing\/2024-10-03\/ki-und-nachhaltigkeit-im-fokus-des-graubuenden-tourismustag-2024\/#primaryimage"},"thumbnailUrl":"https:\/\/www.markt-kom.com\/wp-content\/uploads\/2024\/10\/Martin-Vincenz_Claudio-Zuccolini-1.jpg","keywords":["Graub\u00fcnden Ferien GRF","MarKom"],"articleSection":["MARKETING"],"inLanguage":"de"},{"@type":"WebPage","@id":"https:\/\/www.organisator.ch\/marketing\/2024-10-03\/ki-und-nachhaltigkeit-im-fokus-des-graubuenden-tourismustag-2024\/","url":"https:\/\/www.organisator.ch\/marketing\/2024-10-03\/ki-und-nachhaltigkeit-im-fokus-des-graubuenden-tourismustag-2024\/","name":"KI und Nachhaltigkeit im Fokus des Graub\u00fcnden Tourismustag 2024 - Organisator","isPartOf":{"@id":"https:\/\/www.organisator.ch\/#website"},"primaryImageOfPage":{"@id":"https:\/\/www.organisator.ch\/marketing\/2024-10-03\/ki-und-nachhaltigkeit-im-fokus-des-graubuenden-tourismustag-2024\/#primaryimage"},"image":{"@id":"https:\/\/www.organisator.ch\/marketing\/2024-10-03\/ki-und-nachhaltigkeit-im-fokus-des-graubuenden-tourismustag-2024\/#primaryimage"},"thumbnailUrl":"https:\/\/www.markt-kom.com\/wp-content\/uploads\/2024\/10\/Martin-Vincenz_Claudio-Zuccolini-1.jpg","datePublished":"2024-10-03T14:59:59+00:00","dateModified":"2024-11-08T04:29:02+00:00","description":"Graub\u00fcnden Tourismustag 2024 in Arosa: 160 Experten diskutieren KI und Nachhaltigkeit im Tourismus.","breadcrumb":{"@id":"https:\/\/www.organisator.ch\/marketing\/2024-10-03\/ki-und-nachhaltigkeit-im-fokus-des-graubuenden-tourismustag-2024\/#breadcrumb"},"inLanguage":"de","potentialAction":[{"@type":"ReadAction","target":["https:\/\/www.organisator.ch\/marketing\/2024-10-03\/ki-und-nachhaltigkeit-im-fokus-des-graubuenden-tourismustag-2024\/"]}]},{"@type":"ImageObject","inLanguage":"de","@id":"https:\/\/www.organisator.ch\/marketing\/2024-10-03\/ki-und-nachhaltigkeit-im-fokus-des-graubuenden-tourismustag-2024\/#primaryimage","url":"https:\/\/www.markt-kom.com\/wp-content\/uploads\/2024\/10\/Martin-Vincenz_Claudio-Zuccolini-1.jpg","contentUrl":"https:\/\/www.markt-kom.com\/wp-content\/uploads\/2024\/10\/Martin-Vincenz_Claudio-Zuccolini-1.jpg"},{"@type":"BreadcrumbList","@id":"https:\/\/www.organisator.ch\/marketing\/2024-10-03\/ki-und-nachhaltigkeit-im-fokus-des-graubuenden-tourismustag-2024\/#breadcrumb","itemListElement":[{"@type":"ListItem","position":1,"name":"Home","item":"https:\/\/www.organisator.ch\/"},{"@type":"ListItem","position":2,"name":"KI und Nachhaltigkeit im Fokus des Graub\u00fcnden Tourismustag 2024"}]},{"@type":"WebSite","@id":"https:\/\/www.organisator.ch\/#website","url":"https:\/\/www.organisator.ch\/","name":"Organisator","description":"Kompetent. Praxisnah. Der ORGANISATOR bereitet in 10 Ausgaben pro Jahr die wesentlichen Themen f\u00fcr F\u00fchrungskr\u00e4fte von KMU auf.","publisher":{"@id":"https:\/\/www.organisator.ch\/#organization"},"potentialAction":[{"@type":"SearchAction","target":{"@type":"EntryPoint","urlTemplate":"https:\/\/www.organisator.ch\/?s={search_term_string}"},"query-input":{"@type":"PropertyValueSpecification","valueRequired":true,"valueName":"search_term_string"}}],"inLanguage":"de"},{"@type":"Organization","@id":"https:\/\/www.organisator.ch\/#organization","name":"Organisator","url":"https:\/\/www.organisator.ch\/","logo":{"@type":"ImageObject","inLanguage":"de","@id":"https:\/\/www.organisator.ch\/#\/schema\/logo\/image\/","url":"https:\/\/www.organisator.ch\/wp-content\/uploads\/2022\/01\/Logo_Organisator_Website.png","contentUrl":"https:\/\/www.organisator.ch\/wp-content\/uploads\/2022\/01\/Logo_Organisator_Website.png","width":800,"height":77,"caption":"Organisator"},"image":{"@id":"https:\/\/www.organisator.ch\/#\/schema\/logo\/image\/"},"sameAs":["https:\/\/www.facebook.com\/OrganisatorFachmagazin","https:\/\/www.linkedin.com\/showcase\/organisator-das-magazin-fr-kmu","https:\/\/www.xing.com\/news\/pages\/organisator-ch-695","https:\/\/www.youtube.com\/channel\/UCGP2Sq0iWaZwT3BdIAQFYpw"]},{"@type":"Person","@id":"https:\/\/www.organisator.ch\/#\/schema\/person\/4e51799071cd2dd1232ac003643ef5f0","name":"galledia","image":{"@type":"ImageObject","inLanguage":"de","@id":"https:\/\/secure.gravatar.com\/avatar\/78a7f90c01fc2bfc875782a0d4922b37cde2cf184ce347b91316d23cd7f69a36?s=96&d=mm&r=g","url":"https:\/\/secure.gravatar.com\/avatar\/78a7f90c01fc2bfc875782a0d4922b37cde2cf184ce347b91316d23cd7f69a36?s=96&d=mm&r=g","contentUrl":"https:\/\/secure.gravatar.com\/avatar\/78a7f90c01fc2bfc875782a0d4922b37cde2cf184ce347b91316d23cd7f69a36?s=96&d=mm&r=g","caption":"galledia"},"sameAs":["https:\/\/x.com\/admin"],"url":"https:\/\/www.organisator.ch\/de\/author\/galledia\/"}]}},"_links":{"self":[{"href":"https:\/\/www.organisator.ch\/de\/wp-json\/wp\/v2\/posts\/30454","targetHints":{"allow":["GET"]}}],"collection":[{"href":"https:\/\/www.organisator.ch\/de\/wp-json\/wp\/v2\/posts"}],"about":[{"href":"https:\/\/www.organisator.ch\/de\/wp-json\/wp\/v2\/types\/post"}],"author":[{"embeddable":true,"href":"https:\/\/www.organisator.ch\/de\/wp-json\/wp\/v2\/users\/8"}],"replies":[{"embeddable":true,"href":"https:\/\/www.organisator.ch\/de\/wp-json\/wp\/v2\/comments?post=30454"}],"version-history":[{"count":4,"href":"https:\/\/www.organisator.ch\/de\/wp-json\/wp\/v2\/posts\/30454\/revisions"}],"predecessor-version":[{"id":31827,"href":"https:\/\/www.organisator.ch\/de\/wp-json\/wp\/v2\/posts\/30454\/revisions\/31827"}],"wp:attachment":[{"href":"https:\/\/www.organisator.ch\/de\/wp-json\/wp\/v2\/media?parent=30454"}],"wp:term":[{"taxonomy":"category","embeddable":true,"href":"https:\/\/www.organisator.ch\/de\/wp-json\/wp\/v2\/categories?post=30454"},{"taxonomy":"post_tag","embeddable":true,"href":"https:\/\/www.organisator.ch\/de\/wp-json\/wp\/v2\/tags?post=30454"}],"curies":[{"name":"wp","href":"https:\/\/api.w.org\/{rel}","templated":true}]}}