{"id":30460,"date":"2024-10-04T10:45:03","date_gmt":"2024-10-04T08:45:03","guid":{"rendered":"https:\/\/www.organisator.ch\/?p=30460"},"modified":"2024-10-18T08:05:58","modified_gmt":"2024-10-18T06:05:58","slug":"business-talk-2024-wie-netzwerken-und-speed-speeches-fuehrungskraefte-inspirieren","status":"publish","type":"post","link":"https:\/\/www.organisator.ch\/de\/management\/2024-10-04\/business-talk-2024-wie-netzwerken-und-speed-speeches-fuehrungskraefte-inspirieren\/","title":{"rendered":"Business-Talk 2024: Wie Netzwerken und Speed Speeches F\u00fchrungskr\u00e4fte inspirieren"},"content":{"rendered":"<figure id=\"attachment_30461\" aria-describedby=\"caption-attachment-30461\" style=\"width: 680px\" class=\"wp-caption alignnone\"><img loading=\"lazy\" decoding=\"async\" class=\"size-full wp-image-30461\" src=\"https:\/\/www.organisator.ch\/wp-content\/uploads\/2024\/10\/Business-Talk-2024-Wie-Netzwerken-und-Speed-Speeches-Fuehrungskraefte-inspirieren-1_Organisator.jpg\" alt=\"\" width=\"680\" height=\"430\" srcset=\"https:\/\/www.organisator.ch\/wp-content\/uploads\/2024\/10\/Business-Talk-2024-Wie-Netzwerken-und-Speed-Speeches-Fuehrungskraefte-inspirieren-1_Organisator.jpg 680w, https:\/\/www.organisator.ch\/wp-content\/uploads\/2024\/10\/Business-Talk-2024-Wie-Netzwerken-und-Speed-Speeches-Fuehrungskraefte-inspirieren-1_Organisator-18x12.jpg 18w, https:\/\/www.organisator.ch\/wp-content\/uploads\/2024\/10\/Business-Talk-2024-Wie-Netzwerken-und-Speed-Speeches-Fuehrungskraefte-inspirieren-1_Organisator-375x237.jpg 375w, https:\/\/www.organisator.ch\/wp-content\/uploads\/2024\/10\/Business-Talk-2024-Wie-Netzwerken-und-Speed-Speeches-Fuehrungskraefte-inspirieren-1_Organisator-553x350.jpg 553w\" sizes=\"auto, (max-width: 680px) 100vw, 680px\" \/><figcaption id=\"caption-attachment-30461\" class=\"wp-caption-text\">Speed Speeches sorgen am Business Talk f\u00fcr Inspiration mit Drive: Diane H\u00fcrlimann bei ihrem Vortrag. (Bild: Business Talk 2024 \/ Linda Pollari)<\/figcaption><\/figure>\n<p>Er ist schon fast etwas zur Tradition geworden: Der Business-Talk, durchgef\u00fchrt in den R\u00e4umlichkeiten von Felfel AG in Z\u00fcrich durch <a href=\"https:\/\/www.rbconsulting.info\/\">rb R\u00fcttimann consulting<\/a>, B\u00fcro f\u00fcr Kommunikation und Managementberatung. Dessen Inhaberin und Gesch\u00e4ftsf\u00fchrerin Barbara R\u00fcttimann hat diesen Anlass ins Leben gerufen, um einmal im Jahr nach Feierabend Inhaber\/-innen und\/oder Gesch\u00e4ftsleitende von KMU sowie Grossunternehmen in famili\u00e4rem Rahmen zu vernetzen. Um sich von vielen anderen \u00e4hnlichen Afterwork-Events zu differenzieren, hat sich Barbara R\u00fcttimann etwas Besonderes einfallen lassen: \u00abSpeed Speeches\u00bb mit Redezeit von maximal 10 Minuten, von den Referierenden pr\u00e4sentiert im \u00abSlam Poetry\u00bb-Stil \u2013 nicht zwingend literarisch, aber mit \u00e4hnlichem \u00abDrive\u00bb.<\/p>\n<figure id=\"attachment_30462\" aria-describedby=\"caption-attachment-30462\" style=\"width: 680px\" class=\"wp-caption alignnone\"><img loading=\"lazy\" decoding=\"async\" class=\"size-full wp-image-30462\" src=\"https:\/\/www.organisator.ch\/wp-content\/uploads\/2024\/10\/Business-Talk-2024-Wie-Netzwerken-und-Speed-Speeches-Fuehrungskraefte-inspirieren-2_Organisator.jpg\" alt=\"\" width=\"680\" height=\"466\" srcset=\"https:\/\/www.organisator.ch\/wp-content\/uploads\/2024\/10\/Business-Talk-2024-Wie-Netzwerken-und-Speed-Speeches-Fuehrungskraefte-inspirieren-2_Organisator.jpg 680w, https:\/\/www.organisator.ch\/wp-content\/uploads\/2024\/10\/Business-Talk-2024-Wie-Netzwerken-und-Speed-Speeches-Fuehrungskraefte-inspirieren-2_Organisator-18x12.jpg 18w, https:\/\/www.organisator.ch\/wp-content\/uploads\/2024\/10\/Business-Talk-2024-Wie-Netzwerken-und-Speed-Speeches-Fuehrungskraefte-inspirieren-2_Organisator-375x257.jpg 375w, https:\/\/www.organisator.ch\/wp-content\/uploads\/2024\/10\/Business-Talk-2024-Wie-Netzwerken-und-Speed-Speeches-Fuehrungskraefte-inspirieren-2_Organisator-511x350.jpg 511w\" sizes=\"auto, (max-width: 680px) 100vw, 680px\" \/><figcaption id=\"caption-attachment-30462\" class=\"wp-caption-text\">Die Referierenden des diesj\u00e4hrigen Business Talks (v.l.n.r.): Dominique Zygmont, Diane H\u00fcrlimann, Stephan Fahrl\u00e4nder, Barbara R\u00fcttimann (Organisatorin), Carsten Menke, Caroline W\u00fcest, Peter Ac\u00e9l. (Bild: Business Talk 2024 \/ Linda Pollari)<\/figcaption><\/figure>\n<h3>Inspirierende Speed Speeches<\/h3>\n<p>Das Format scheint anzukommen, denn wiederum fanden sich fast 50 G\u00e4ste am Sitz von Felfel AG im Z\u00fcrcher Quartier Binz ein. Bekannt f\u00fcr \u00abGood Food at Work\u00bb sorgte der Presenting Partner f\u00fcr das leibliche Wohl, w\u00e4hrend Barbara R\u00fcttimann, Moderatorin des Talks, in der Einleitung schon mal den Takt mit ihrer stichwortartigen Slam Poetry vorgab. Dann hatten die sechs Speakers, die dieses Jahr um den GewinnerInnen-Preis \u2013 gestiftet von Emil Frey AG \u2013 k\u00e4mpften, ihren Auftritt. Das Motto des diesj\u00e4hrigen Anlasses lautete \u00abNext Generation\u00bb. So sprach Diane H\u00fcrlimann, Head of Human Resources bei Felfel, \u00fcber die Gen Z und was Arbeitgeber heute f\u00fcr sie tun m\u00fcssen, n\u00e4mlich Raum f\u00fcr Selbstverwirklichung und -entwicklung schaffen. Sie sagte: \u201eMenschen sind der Schl\u00fcssel zu einem erfolgreichen Unternehmen; behandeln wir sie auch so!\u201c Carsten Menke, Head of Next Generation erl\u00e4uterte den Einfluss von Megatrends auf Anlagethemen und warnte vor kurzfristigen Hypes. Stefan Fahrl\u00e4nder von Fahrl\u00e4nder &amp; Partner AG widmete sein Kurzreferat den Herausforderungen in der Raumplanung f\u00fcr k\u00fcnftige Generationen mit der Notwendigkeit, st\u00e4dtisch dichter zu bauen. Dr. Peter Ac\u00e9l, Inhaber Dr. Ac\u00e9l &amp; Partner AG, gab einen kurzen Einblick in die schon vorhandenen M\u00f6glichkeiten f\u00fcr eine Mobilit\u00e4t der Zukunft, die nicht nur aus selbstfahrenden Fahrzeugen besteht. Dominique Zygmont, CEO der City Vereinigung Z\u00fcrich zitierte die \u00abKleine Niederdorfoper\u00bb und forderte das Publikum auf, auch einmal ein \u00abKalb zu verkaufen\u00bb, wie der Protagonist Heiri in diesem Kult-Musical es tat. Denn Z\u00fcrich habe Potenzial und d\u00fcrfe nicht zu einem Freilichtmuseum werden. Caroline W\u00fcest schliesslich, Gesch\u00e4ftsleiterin des Saunabauers Klafs AG, hielt ein Pl\u00e4doyer f\u00fcr die Saunakultur als Form von \u00abDigital Detox\u00bb und Antwort auf Stress und Burnout.<\/p>\n<figure id=\"attachment_30464\" aria-describedby=\"caption-attachment-30464\" style=\"width: 680px\" class=\"wp-caption alignnone\"><img loading=\"lazy\" decoding=\"async\" class=\"size-full wp-image-30464\" src=\"https:\/\/www.organisator.ch\/wp-content\/uploads\/2024\/10\/Business-Talk-2024-Wie-Netzwerken-und-Speed-Speeches-Fuehrungskraefte-inspirieren-3_Organisator.jpg\" alt=\"\" width=\"680\" height=\"453\" srcset=\"https:\/\/www.organisator.ch\/wp-content\/uploads\/2024\/10\/Business-Talk-2024-Wie-Netzwerken-und-Speed-Speeches-Fuehrungskraefte-inspirieren-3_Organisator.jpg 680w, https:\/\/www.organisator.ch\/wp-content\/uploads\/2024\/10\/Business-Talk-2024-Wie-Netzwerken-und-Speed-Speeches-Fuehrungskraefte-inspirieren-3_Organisator-18x12.jpg 18w, https:\/\/www.organisator.ch\/wp-content\/uploads\/2024\/10\/Business-Talk-2024-Wie-Netzwerken-und-Speed-Speeches-Fuehrungskraefte-inspirieren-3_Organisator-375x250.jpg 375w, https:\/\/www.organisator.ch\/wp-content\/uploads\/2024\/10\/Business-Talk-2024-Wie-Netzwerken-und-Speed-Speeches-Fuehrungskraefte-inspirieren-3_Organisator-525x350.jpg 525w\" sizes=\"auto, (max-width: 680px) 100vw, 680px\" \/><figcaption id=\"caption-attachment-30464\" class=\"wp-caption-text\">Barbara R\u00fcttimann \u00fcbergibt Dominique Zygmont den Preis f\u00fcr das mitreissendste Kurzreferat. (Bild: Business Talk 2024 \/ Linda Pollari)<\/figcaption><\/figure>\n<h3>Mitreissendstes Referat ausgezeichnet<\/h3>\n<p>Alle Speed-Referate wurden ganz ohne digitale Unterst\u00fctzung zu einem echten Live-Erlebnis. Der Gewinner des Speed-Speaking-Wettbewerbs wurde \u2013 \u00e4hnlich wie bei Slam Poetry-Events \u2013 durch Klatschen ermittelt. Mit grosser Begeisterung gew\u00e4hlt wurde schliesslich Dominique Zygmont f\u00fcr sein mitreissendes Referat. Barbara R\u00fcttimann freute sich ebenfalls mit. Wieder ist es ihr gelungen, die G\u00e4ste mit dem Programm zu begeistern. Die n\u00e4chste Ausgabe des Business-Talks ist f\u00fcr 2025 jedenfalls bereits wieder in Planung.<\/p>\n","protected":false},"excerpt":{"rendered":"<p>Gen-Z, Megatrends, Versorgungslogistik und Raumgestaltung f\u00fcr n\u00e4chste Generationen, attraktive St\u00e4dte f\u00fcr Alle und Saunakult als \u00abCooldown\u00bb der Gen-Z: Dies waren die Themen des vierten gut besuchten C-Level Business Talk, der am 1. Oktober 2024 in Z\u00fcrich stattfand.<\/p>\n","protected":false},"author":4,"featured_media":30461,"comment_status":"closed","ping_status":"closed","sticky":false,"template":"","format":"standard","meta":{"_acf_changed":false,"_yoast_wpseo_focuskw":"Speed Speeches","_yoast_wpseo_metadesc":"Beim Business-Talk 2024 in Z\u00fcrich diskutierten F\u00fchrungskr\u00e4fte in Speed Speeches \u00fcber Gen Z, Megatrends, Raumgestaltung und Saunakultur.","articlekey":"","footnotes":""},"categories":[28],"tags":[4583,335,3824,502,508],"class_list":["post-30460","post","type-post","status-publish","format-standard","has-post-thumbnail","hentry","category-management","tag-business-talk","tag-management-und-unternehmensfuehrung","tag-networking","tag-veranstaltungen","tag-vermischtes"],"acf":[],"yoast_head":"<!-- This site is optimized with the Yoast SEO plugin v27.5 - https:\/\/yoast.com\/product\/yoast-seo-wordpress\/ -->\n<title>Business-Talk 2024: Wie Netzwerken und Speed Speeches F\u00fchrungskr\u00e4fte inspirieren - Organisator<\/title>\n<meta name=\"description\" content=\"Beim Business-Talk 2024 in Z\u00fcrich diskutierten F\u00fchrungskr\u00e4fte in Speed Speeches \u00fcber Gen Z, Megatrends, Raumgestaltung und Saunakultur.\" \/>\n<meta name=\"robots\" content=\"index, follow, max-snippet:-1, max-image-preview:large, max-video-preview:-1\" \/>\n<link rel=\"canonical\" href=\"https:\/\/www.organisator.ch\/de\/management\/2024-10-04\/business-talk-2024-wie-netzwerken-und-speed-speeches-fuehrungskraefte-inspirieren\/\" \/>\n<meta property=\"og:locale\" content=\"de_DE\" \/>\n<meta property=\"og:type\" content=\"article\" \/>\n<meta property=\"og:title\" content=\"Business-Talk 2024: Wie Netzwerken und Speed Speeches F\u00fchrungskr\u00e4fte inspirieren\" \/>\n<meta property=\"og:description\" content=\"Der Business-Talk 2024 in Z\u00fcrich brachte F\u00fchrungskr\u00e4fte zusammen, um \u00fcber Gen Z, Megatrends und mehr zu sprechen. Mit inspirierenden &quot;Speed Speeches&quot; und viel Networking!\" \/>\n<meta property=\"og:url\" content=\"https:\/\/www.organisator.ch\/de\/management\/2024-10-04\/business-talk-2024-wie-netzwerken-und-speed-speeches-fuehrungskraefte-inspirieren\/\" \/>\n<meta property=\"og:site_name\" content=\"Organisator\" \/>\n<meta property=\"article:publisher\" content=\"https:\/\/www.facebook.com\/OrganisatorFachmagazin\" \/>\n<meta property=\"article:published_time\" content=\"2024-10-04T08:45:03+00:00\" \/>\n<meta property=\"article:modified_time\" content=\"2024-10-18T06:05:58+00:00\" \/>\n<meta property=\"og:image\" content=\"https:\/\/www.organisator.ch\/wp-content\/uploads\/2024\/10\/Business-Talk-2024-Wie-Netzwerken-und-Speed-Speeches-Fuehrungskraefte-inspirieren-1_Organisator.jpg\" \/>\n\t<meta property=\"og:image:width\" content=\"680\" \/>\n\t<meta property=\"og:image:height\" content=\"430\" \/>\n\t<meta property=\"og:image:type\" content=\"image\/jpeg\" \/>\n<meta name=\"author\" content=\"thomas.berner\" \/>\n<meta name=\"twitter:card\" content=\"summary_large_image\" \/>\n<meta name=\"twitter:title\" content=\"Business-Talk 2024: Wie Netzwerken und Speed Speeches F\u00fchrungskr\u00e4fte inspirieren\" \/>\n<meta name=\"twitter:description\" content=\"Der Business-Talk 2024 in Z\u00fcrich brachte F\u00fchrungskr\u00e4fte zusammen, um \u00fcber Gen Z, Megatrends und mehr zu sprechen. Mit inspirierenden &quot;Speed Speeches&quot; und viel Networking! #BusinessTalk #GenZ #Netzwerken\" \/>\n<meta name=\"twitter:image\" content=\"https:\/\/www.organisator.ch\/wp-content\/uploads\/2024\/10\/Business-Talk-2024-Wie-Netzwerken-und-Speed-Speeches-Fuehrungskraefte-inspirieren-1_Organisator.jpg\" \/>\n<script type=\"application\/ld+json\" class=\"yoast-schema-graph\">{\"@context\":\"https:\\\/\\\/schema.org\",\"@graph\":[{\"@type\":\"Article\",\"@id\":\"https:\\\/\\\/www.organisator.ch\\\/management\\\/2024-10-04\\\/business-talk-2024-wie-netzwerken-und-speed-speeches-fuehrungskraefte-inspirieren\\\/#article\",\"isPartOf\":{\"@id\":\"https:\\\/\\\/www.organisator.ch\\\/management\\\/2024-10-04\\\/business-talk-2024-wie-netzwerken-und-speed-speeches-fuehrungskraefte-inspirieren\\\/\"},\"author\":{\"name\":\"thomas.berner\",\"@id\":\"https:\\\/\\\/www.organisator.ch\\\/#\\\/schema\\\/person\\\/6f650f90b2842cd4c0cc334b4e36f67e\"},\"headline\":\"Business-Talk 2024: Wie Netzwerken und Speed Speeches F\u00fchrungskr\u00e4fte inspirieren\",\"datePublished\":\"2024-10-04T08:45:03+00:00\",\"dateModified\":\"2024-10-18T06:05:58+00:00\",\"mainEntityOfPage\":{\"@id\":\"https:\\\/\\\/www.organisator.ch\\\/management\\\/2024-10-04\\\/business-talk-2024-wie-netzwerken-und-speed-speeches-fuehrungskraefte-inspirieren\\\/\"},\"wordCount\":594,\"publisher\":{\"@id\":\"https:\\\/\\\/www.organisator.ch\\\/#organization\"},\"image\":{\"@id\":\"https:\\\/\\\/www.organisator.ch\\\/management\\\/2024-10-04\\\/business-talk-2024-wie-netzwerken-und-speed-speeches-fuehrungskraefte-inspirieren\\\/#primaryimage\"},\"thumbnailUrl\":\"https:\\\/\\\/www.organisator.ch\\\/wp-content\\\/uploads\\\/2024\\\/10\\\/Business-Talk-2024-Wie-Netzwerken-und-Speed-Speeches-Fuehrungskraefte-inspirieren-1_Organisator.jpg\",\"keywords\":[\"Business Talk\",\"Management und Unternehmensf\u00fchrung\",\"Networking\",\"Veranstaltungen\",\"Vermischtes\"],\"articleSection\":[\"MANAGEMENT\"],\"inLanguage\":\"de\"},{\"@type\":\"WebPage\",\"@id\":\"https:\\\/\\\/www.organisator.ch\\\/management\\\/2024-10-04\\\/business-talk-2024-wie-netzwerken-und-speed-speeches-fuehrungskraefte-inspirieren\\\/\",\"url\":\"https:\\\/\\\/www.organisator.ch\\\/management\\\/2024-10-04\\\/business-talk-2024-wie-netzwerken-und-speed-speeches-fuehrungskraefte-inspirieren\\\/\",\"name\":\"Business-Talk 2024: Wie Netzwerken und Speed Speeches F\u00fchrungskr\u00e4fte inspirieren - Organisator\",\"isPartOf\":{\"@id\":\"https:\\\/\\\/www.organisator.ch\\\/#website\"},\"primaryImageOfPage\":{\"@id\":\"https:\\\/\\\/www.organisator.ch\\\/management\\\/2024-10-04\\\/business-talk-2024-wie-netzwerken-und-speed-speeches-fuehrungskraefte-inspirieren\\\/#primaryimage\"},\"image\":{\"@id\":\"https:\\\/\\\/www.organisator.ch\\\/management\\\/2024-10-04\\\/business-talk-2024-wie-netzwerken-und-speed-speeches-fuehrungskraefte-inspirieren\\\/#primaryimage\"},\"thumbnailUrl\":\"https:\\\/\\\/www.organisator.ch\\\/wp-content\\\/uploads\\\/2024\\\/10\\\/Business-Talk-2024-Wie-Netzwerken-und-Speed-Speeches-Fuehrungskraefte-inspirieren-1_Organisator.jpg\",\"datePublished\":\"2024-10-04T08:45:03+00:00\",\"dateModified\":\"2024-10-18T06:05:58+00:00\",\"description\":\"Beim Business-Talk 2024 in Z\u00fcrich diskutierten F\u00fchrungskr\u00e4fte in Speed Speeches \u00fcber Gen Z, Megatrends, Raumgestaltung und Saunakultur.\",\"breadcrumb\":{\"@id\":\"https:\\\/\\\/www.organisator.ch\\\/management\\\/2024-10-04\\\/business-talk-2024-wie-netzwerken-und-speed-speeches-fuehrungskraefte-inspirieren\\\/#breadcrumb\"},\"inLanguage\":\"de\",\"potentialAction\":[{\"@type\":\"ReadAction\",\"target\":[\"https:\\\/\\\/www.organisator.ch\\\/management\\\/2024-10-04\\\/business-talk-2024-wie-netzwerken-und-speed-speeches-fuehrungskraefte-inspirieren\\\/\"]}]},{\"@type\":\"ImageObject\",\"inLanguage\":\"de\",\"@id\":\"https:\\\/\\\/www.organisator.ch\\\/management\\\/2024-10-04\\\/business-talk-2024-wie-netzwerken-und-speed-speeches-fuehrungskraefte-inspirieren\\\/#primaryimage\",\"url\":\"https:\\\/\\\/www.organisator.ch\\\/wp-content\\\/uploads\\\/2024\\\/10\\\/Business-Talk-2024-Wie-Netzwerken-und-Speed-Speeches-Fuehrungskraefte-inspirieren-1_Organisator.jpg\",\"contentUrl\":\"https:\\\/\\\/www.organisator.ch\\\/wp-content\\\/uploads\\\/2024\\\/10\\\/Business-Talk-2024-Wie-Netzwerken-und-Speed-Speeches-Fuehrungskraefte-inspirieren-1_Organisator.jpg\",\"width\":680,\"height\":430,\"caption\":\"Speed Speeches sorgen am Business Talk f\u00fcr Inspiration mit Drive: Diane H\u00fcrlimann bei ihrem Vortrag. (Bild: Business Talk 2024 \\\/ Linda Pollari)\"},{\"@type\":\"BreadcrumbList\",\"@id\":\"https:\\\/\\\/www.organisator.ch\\\/management\\\/2024-10-04\\\/business-talk-2024-wie-netzwerken-und-speed-speeches-fuehrungskraefte-inspirieren\\\/#breadcrumb\",\"itemListElement\":[{\"@type\":\"ListItem\",\"position\":1,\"name\":\"Home\",\"item\":\"https:\\\/\\\/www.organisator.ch\\\/\"},{\"@type\":\"ListItem\",\"position\":2,\"name\":\"Business-Talk 2024: Wie Netzwerken und Speed Speeches F\u00fchrungskr\u00e4fte inspirieren\"}]},{\"@type\":\"WebSite\",\"@id\":\"https:\\\/\\\/www.organisator.ch\\\/#website\",\"url\":\"https:\\\/\\\/www.organisator.ch\\\/\",\"name\":\"Organisator\",\"description\":\"Kompetent. Praxisnah. Der ORGANISATOR bereitet in 10 Ausgaben pro Jahr die wesentlichen Themen f\u00fcr F\u00fchrungskr\u00e4fte von KMU auf.\",\"publisher\":{\"@id\":\"https:\\\/\\\/www.organisator.ch\\\/#organization\"},\"potentialAction\":[{\"@type\":\"SearchAction\",\"target\":{\"@type\":\"EntryPoint\",\"urlTemplate\":\"https:\\\/\\\/www.organisator.ch\\\/?s={search_term_string}\"},\"query-input\":{\"@type\":\"PropertyValueSpecification\",\"valueRequired\":true,\"valueName\":\"search_term_string\"}}],\"inLanguage\":\"de\"},{\"@type\":\"Organization\",\"@id\":\"https:\\\/\\\/www.organisator.ch\\\/#organization\",\"name\":\"Organisator\",\"url\":\"https:\\\/\\\/www.organisator.ch\\\/\",\"logo\":{\"@type\":\"ImageObject\",\"inLanguage\":\"de\",\"@id\":\"https:\\\/\\\/www.organisator.ch\\\/#\\\/schema\\\/logo\\\/image\\\/\",\"url\":\"https:\\\/\\\/www.organisator.ch\\\/wp-content\\\/uploads\\\/2022\\\/01\\\/Logo_Organisator_Website.png\",\"contentUrl\":\"https:\\\/\\\/www.organisator.ch\\\/wp-content\\\/uploads\\\/2022\\\/01\\\/Logo_Organisator_Website.png\",\"width\":800,\"height\":77,\"caption\":\"Organisator\"},\"image\":{\"@id\":\"https:\\\/\\\/www.organisator.ch\\\/#\\\/schema\\\/logo\\\/image\\\/\"},\"sameAs\":[\"https:\\\/\\\/www.facebook.com\\\/OrganisatorFachmagazin\",\"https:\\\/\\\/www.linkedin.com\\\/showcase\\\/organisator-das-magazin-fr-kmu\",\"https:\\\/\\\/www.xing.com\\\/news\\\/pages\\\/organisator-ch-695\",\"https:\\\/\\\/www.youtube.com\\\/channel\\\/UCGP2Sq0iWaZwT3BdIAQFYpw\"]},{\"@type\":\"Person\",\"@id\":\"https:\\\/\\\/www.organisator.ch\\\/#\\\/schema\\\/person\\\/6f650f90b2842cd4c0cc334b4e36f67e\",\"name\":\"thomas.berner\",\"image\":{\"@type\":\"ImageObject\",\"inLanguage\":\"de\",\"@id\":\"https:\\\/\\\/secure.gravatar.com\\\/avatar\\\/ac5001d2a36cb6c6cd3e50789007ffca834b477b74a2144564522e944eabff61?s=96&d=mm&r=g\",\"url\":\"https:\\\/\\\/secure.gravatar.com\\\/avatar\\\/ac5001d2a36cb6c6cd3e50789007ffca834b477b74a2144564522e944eabff61?s=96&d=mm&r=g\",\"contentUrl\":\"https:\\\/\\\/secure.gravatar.com\\\/avatar\\\/ac5001d2a36cb6c6cd3e50789007ffca834b477b74a2144564522e944eabff61?s=96&d=mm&r=g\",\"caption\":\"thomas.berner\"},\"url\":\"https:\\\/\\\/www.organisator.ch\\\/de\\\/author\\\/thomas-berner\\\/\"}]}<\/script>\n<!-- \/ Yoast SEO plugin. -->","yoast_head_json":{"title":"Business-Talk 2024: Wie Netzwerken und Speed Speeches F\u00fchrungskr\u00e4fte inspirieren - Organisator","description":"Beim Business-Talk 2024 in Z\u00fcrich diskutierten F\u00fchrungskr\u00e4fte in Speed Speeches \u00fcber Gen Z, Megatrends, Raumgestaltung und Saunakultur.","robots":{"index":"index","follow":"follow","max-snippet":"max-snippet:-1","max-image-preview":"max-image-preview:large","max-video-preview":"max-video-preview:-1"},"canonical":"https:\/\/www.organisator.ch\/de\/management\/2024-10-04\/business-talk-2024-wie-netzwerken-und-speed-speeches-fuehrungskraefte-inspirieren\/","og_locale":"de_DE","og_type":"article","og_title":"Business-Talk 2024: Wie Netzwerken und Speed Speeches F\u00fchrungskr\u00e4fte inspirieren","og_description":"Der Business-Talk 2024 in Z\u00fcrich brachte F\u00fchrungskr\u00e4fte zusammen, um \u00fcber Gen Z, Megatrends und mehr zu sprechen. Mit inspirierenden \"Speed Speeches\" und viel Networking!","og_url":"https:\/\/www.organisator.ch\/de\/management\/2024-10-04\/business-talk-2024-wie-netzwerken-und-speed-speeches-fuehrungskraefte-inspirieren\/","og_site_name":"Organisator","article_publisher":"https:\/\/www.facebook.com\/OrganisatorFachmagazin","article_published_time":"2024-10-04T08:45:03+00:00","article_modified_time":"2024-10-18T06:05:58+00:00","og_image":[{"width":680,"height":430,"url":"https:\/\/www.organisator.ch\/wp-content\/uploads\/2024\/10\/Business-Talk-2024-Wie-Netzwerken-und-Speed-Speeches-Fuehrungskraefte-inspirieren-1_Organisator.jpg","type":"image\/jpeg"}],"author":"thomas.berner","twitter_card":"summary_large_image","twitter_title":"Business-Talk 2024: Wie Netzwerken und Speed Speeches F\u00fchrungskr\u00e4fte inspirieren","twitter_description":"Der Business-Talk 2024 in Z\u00fcrich brachte F\u00fchrungskr\u00e4fte zusammen, um \u00fcber Gen Z, Megatrends und mehr zu sprechen. Mit inspirierenden \"Speed Speeches\" und viel Networking! #BusinessTalk #GenZ #Netzwerken","twitter_image":"https:\/\/www.organisator.ch\/wp-content\/uploads\/2024\/10\/Business-Talk-2024-Wie-Netzwerken-und-Speed-Speeches-Fuehrungskraefte-inspirieren-1_Organisator.jpg","schema":{"@context":"https:\/\/schema.org","@graph":[{"@type":"Article","@id":"https:\/\/www.organisator.ch\/management\/2024-10-04\/business-talk-2024-wie-netzwerken-und-speed-speeches-fuehrungskraefte-inspirieren\/#article","isPartOf":{"@id":"https:\/\/www.organisator.ch\/management\/2024-10-04\/business-talk-2024-wie-netzwerken-und-speed-speeches-fuehrungskraefte-inspirieren\/"},"author":{"name":"thomas.berner","@id":"https:\/\/www.organisator.ch\/#\/schema\/person\/6f650f90b2842cd4c0cc334b4e36f67e"},"headline":"Business-Talk 2024: Wie Netzwerken und Speed Speeches F\u00fchrungskr\u00e4fte inspirieren","datePublished":"2024-10-04T08:45:03+00:00","dateModified":"2024-10-18T06:05:58+00:00","mainEntityOfPage":{"@id":"https:\/\/www.organisator.ch\/management\/2024-10-04\/business-talk-2024-wie-netzwerken-und-speed-speeches-fuehrungskraefte-inspirieren\/"},"wordCount":594,"publisher":{"@id":"https:\/\/www.organisator.ch\/#organization"},"image":{"@id":"https:\/\/www.organisator.ch\/management\/2024-10-04\/business-talk-2024-wie-netzwerken-und-speed-speeches-fuehrungskraefte-inspirieren\/#primaryimage"},"thumbnailUrl":"https:\/\/www.organisator.ch\/wp-content\/uploads\/2024\/10\/Business-Talk-2024-Wie-Netzwerken-und-Speed-Speeches-Fuehrungskraefte-inspirieren-1_Organisator.jpg","keywords":["Business Talk","Management und Unternehmensf\u00fchrung","Networking","Veranstaltungen","Vermischtes"],"articleSection":["MANAGEMENT"],"inLanguage":"de"},{"@type":"WebPage","@id":"https:\/\/www.organisator.ch\/management\/2024-10-04\/business-talk-2024-wie-netzwerken-und-speed-speeches-fuehrungskraefte-inspirieren\/","url":"https:\/\/www.organisator.ch\/management\/2024-10-04\/business-talk-2024-wie-netzwerken-und-speed-speeches-fuehrungskraefte-inspirieren\/","name":"Business-Talk 2024: Wie Netzwerken und Speed Speeches F\u00fchrungskr\u00e4fte inspirieren - Organisator","isPartOf":{"@id":"https:\/\/www.organisator.ch\/#website"},"primaryImageOfPage":{"@id":"https:\/\/www.organisator.ch\/management\/2024-10-04\/business-talk-2024-wie-netzwerken-und-speed-speeches-fuehrungskraefte-inspirieren\/#primaryimage"},"image":{"@id":"https:\/\/www.organisator.ch\/management\/2024-10-04\/business-talk-2024-wie-netzwerken-und-speed-speeches-fuehrungskraefte-inspirieren\/#primaryimage"},"thumbnailUrl":"https:\/\/www.organisator.ch\/wp-content\/uploads\/2024\/10\/Business-Talk-2024-Wie-Netzwerken-und-Speed-Speeches-Fuehrungskraefte-inspirieren-1_Organisator.jpg","datePublished":"2024-10-04T08:45:03+00:00","dateModified":"2024-10-18T06:05:58+00:00","description":"Beim Business-Talk 2024 in Z\u00fcrich diskutierten F\u00fchrungskr\u00e4fte in Speed Speeches \u00fcber Gen Z, Megatrends, Raumgestaltung und Saunakultur.","breadcrumb":{"@id":"https:\/\/www.organisator.ch\/management\/2024-10-04\/business-talk-2024-wie-netzwerken-und-speed-speeches-fuehrungskraefte-inspirieren\/#breadcrumb"},"inLanguage":"de","potentialAction":[{"@type":"ReadAction","target":["https:\/\/www.organisator.ch\/management\/2024-10-04\/business-talk-2024-wie-netzwerken-und-speed-speeches-fuehrungskraefte-inspirieren\/"]}]},{"@type":"ImageObject","inLanguage":"de","@id":"https:\/\/www.organisator.ch\/management\/2024-10-04\/business-talk-2024-wie-netzwerken-und-speed-speeches-fuehrungskraefte-inspirieren\/#primaryimage","url":"https:\/\/www.organisator.ch\/wp-content\/uploads\/2024\/10\/Business-Talk-2024-Wie-Netzwerken-und-Speed-Speeches-Fuehrungskraefte-inspirieren-1_Organisator.jpg","contentUrl":"https:\/\/www.organisator.ch\/wp-content\/uploads\/2024\/10\/Business-Talk-2024-Wie-Netzwerken-und-Speed-Speeches-Fuehrungskraefte-inspirieren-1_Organisator.jpg","width":680,"height":430,"caption":"Speed Speeches sorgen am Business Talk f\u00fcr Inspiration mit Drive: Diane H\u00fcrlimann bei ihrem Vortrag. (Bild: Business Talk 2024 \/ Linda Pollari)"},{"@type":"BreadcrumbList","@id":"https:\/\/www.organisator.ch\/management\/2024-10-04\/business-talk-2024-wie-netzwerken-und-speed-speeches-fuehrungskraefte-inspirieren\/#breadcrumb","itemListElement":[{"@type":"ListItem","position":1,"name":"Home","item":"https:\/\/www.organisator.ch\/"},{"@type":"ListItem","position":2,"name":"Business-Talk 2024: Wie Netzwerken und Speed Speeches F\u00fchrungskr\u00e4fte inspirieren"}]},{"@type":"WebSite","@id":"https:\/\/www.organisator.ch\/#website","url":"https:\/\/www.organisator.ch\/","name":"Organisator","description":"Kompetent. Praxisnah. Der ORGANISATOR bereitet in 10 Ausgaben pro Jahr die wesentlichen Themen f\u00fcr F\u00fchrungskr\u00e4fte von KMU auf.","publisher":{"@id":"https:\/\/www.organisator.ch\/#organization"},"potentialAction":[{"@type":"SearchAction","target":{"@type":"EntryPoint","urlTemplate":"https:\/\/www.organisator.ch\/?s={search_term_string}"},"query-input":{"@type":"PropertyValueSpecification","valueRequired":true,"valueName":"search_term_string"}}],"inLanguage":"de"},{"@type":"Organization","@id":"https:\/\/www.organisator.ch\/#organization","name":"Organisator","url":"https:\/\/www.organisator.ch\/","logo":{"@type":"ImageObject","inLanguage":"de","@id":"https:\/\/www.organisator.ch\/#\/schema\/logo\/image\/","url":"https:\/\/www.organisator.ch\/wp-content\/uploads\/2022\/01\/Logo_Organisator_Website.png","contentUrl":"https:\/\/www.organisator.ch\/wp-content\/uploads\/2022\/01\/Logo_Organisator_Website.png","width":800,"height":77,"caption":"Organisator"},"image":{"@id":"https:\/\/www.organisator.ch\/#\/schema\/logo\/image\/"},"sameAs":["https:\/\/www.facebook.com\/OrganisatorFachmagazin","https:\/\/www.linkedin.com\/showcase\/organisator-das-magazin-fr-kmu","https:\/\/www.xing.com\/news\/pages\/organisator-ch-695","https:\/\/www.youtube.com\/channel\/UCGP2Sq0iWaZwT3BdIAQFYpw"]},{"@type":"Person","@id":"https:\/\/www.organisator.ch\/#\/schema\/person\/6f650f90b2842cd4c0cc334b4e36f67e","name":"thomas.berner","image":{"@type":"ImageObject","inLanguage":"de","@id":"https:\/\/secure.gravatar.com\/avatar\/ac5001d2a36cb6c6cd3e50789007ffca834b477b74a2144564522e944eabff61?s=96&d=mm&r=g","url":"https:\/\/secure.gravatar.com\/avatar\/ac5001d2a36cb6c6cd3e50789007ffca834b477b74a2144564522e944eabff61?s=96&d=mm&r=g","contentUrl":"https:\/\/secure.gravatar.com\/avatar\/ac5001d2a36cb6c6cd3e50789007ffca834b477b74a2144564522e944eabff61?s=96&d=mm&r=g","caption":"thomas.berner"},"url":"https:\/\/www.organisator.ch\/de\/author\/thomas-berner\/"}]}},"_links":{"self":[{"href":"https:\/\/www.organisator.ch\/de\/wp-json\/wp\/v2\/posts\/30460","targetHints":{"allow":["GET"]}}],"collection":[{"href":"https:\/\/www.organisator.ch\/de\/wp-json\/wp\/v2\/posts"}],"about":[{"href":"https:\/\/www.organisator.ch\/de\/wp-json\/wp\/v2\/types\/post"}],"author":[{"embeddable":true,"href":"https:\/\/www.organisator.ch\/de\/wp-json\/wp\/v2\/users\/4"}],"replies":[{"embeddable":true,"href":"https:\/\/www.organisator.ch\/de\/wp-json\/wp\/v2\/comments?post=30460"}],"version-history":[{"count":6,"href":"https:\/\/www.organisator.ch\/de\/wp-json\/wp\/v2\/posts\/30460\/revisions"}],"predecessor-version":[{"id":30488,"href":"https:\/\/www.organisator.ch\/de\/wp-json\/wp\/v2\/posts\/30460\/revisions\/30488"}],"wp:featuredmedia":[{"embeddable":true,"href":"https:\/\/www.organisator.ch\/de\/wp-json\/wp\/v2\/media\/30461"}],"wp:attachment":[{"href":"https:\/\/www.organisator.ch\/de\/wp-json\/wp\/v2\/media?parent=30460"}],"wp:term":[{"taxonomy":"category","embeddable":true,"href":"https:\/\/www.organisator.ch\/de\/wp-json\/wp\/v2\/categories?post=30460"},{"taxonomy":"post_tag","embeddable":true,"href":"https:\/\/www.organisator.ch\/de\/wp-json\/wp\/v2\/tags?post=30460"}],"curies":[{"name":"wp","href":"https:\/\/api.w.org\/{rel}","templated":true}]}}