{"id":30484,"date":"2024-10-07T09:04:23","date_gmt":"2024-10-07T07:04:23","guid":{"rendered":"https:\/\/www.organisator.ch\/?p=30484"},"modified":"2024-10-07T08:04:57","modified_gmt":"2024-10-07T06:04:57","slug":"skyguide-ernennt-neue-head-of-public-affairs","status":"publish","type":"post","link":"https:\/\/www.organisator.ch\/de\/management\/2024-10-07\/skyguide-ernennt-neue-head-of-public-affairs\/","title":{"rendered":"Skyguide ernennt neue Head of Public Affairs"},"content":{"rendered":"<figure id=\"attachment_30486\" aria-describedby=\"caption-attachment-30486\" style=\"width: 680px\" class=\"wp-caption alignnone\"><img loading=\"lazy\" decoding=\"async\" class=\"wp-image-30486 size-full\" src=\"https:\/\/www.organisator.ch\/wp-content\/uploads\/2024\/10\/Skyguide_Bild1_ps.jpg\" alt=\"\" width=\"680\" height=\"453\" srcset=\"https:\/\/www.organisator.ch\/wp-content\/uploads\/2024\/10\/Skyguide_Bild1_ps.jpg 680w, https:\/\/www.organisator.ch\/wp-content\/uploads\/2024\/10\/Skyguide_Bild1_ps-18x12.jpg 18w, https:\/\/www.organisator.ch\/wp-content\/uploads\/2024\/10\/Skyguide_Bild1_ps-375x250.jpg 375w, https:\/\/www.organisator.ch\/wp-content\/uploads\/2024\/10\/Skyguide_Bild1_ps-525x350.jpg 525w\" sizes=\"auto, (max-width: 680px) 100vw, 680px\" \/><figcaption id=\"caption-attachment-30486\" class=\"wp-caption-text\">Aktuell leitet Antoinette Feh Widmer das Team Politik und Kommunikation Regional bei der Schweizerischen Post in Bern. (Bild: www.skyguide.ch)<\/figcaption><\/figure>\n<p>Antoinette Feh Widmer wird ab 1. Januar 2025 als neue Head of Public Affairs bei Skyguide t\u00e4tig sein. Sie studierte Politikwissenschaft mit Schwerpunkt Schweizer Politik an der Universit\u00e4t Z\u00fcrich, promovierte anschliessend an der Universit\u00e4t Bern ebenfalls in Schweizer Politik und bildete sich mit einem CAS in Public Governance &amp; Administration an der ETH Z\u00fcrich weiter.<\/p>\n<p>Nach zwei Jahren in Public Affairs Agenturen begann Antoinette Feh Widmer ihre Karriere bei der Schweizerischen Post in Bern. Aktuell leitet sie dort das Team Politik und Kommunikation Regional. In dieser Funktion arbeitete sie massgeblich an der Verankerung der neuen Strategie &#8222;Post von morgen&#8220; im direkten Austausch mit kantonalen Parlamenten und verantwortete den Public-Affairs-Prozess in den Regionen.<\/p>\n<p>&#8222;Antoinette Feh Widmer ist mit ihrer langj\u00e4hrigen nationalen und kantonalen Politik-Erfahrung die richtige Person, um Skyguide auf dem politischen Parkett zu vertreten. Ich bin \u00fcberzeugt, dass sie das Kommunikations-Team ideal erg\u00e4nzt und freue mich sehr, sie bald bei uns begr\u00fcssen zu k\u00f6nnen&#8220;, sagt Eva Maria Bieda, Chief Communications Officer von Skyguide.<\/p>\n<p>&#8222;Ich freue mich sehr, Teil der Skyguide-Familie zu sein und als Head of Public Affairs die Br\u00fccke zwischen Flugverkehr, Politik und \u00d6ffentlichkeit zu schlagen. Die Arbeit in einem so dynamischen und hochprofessionellen Umfeld inspiriert mich, Skyguide in der \u00f6ffentlichen Wahrnehmung noch mehr zu st\u00e4rken\u201c, erg\u00e4nzt Antoinette Feh Widmer.<\/p>\n<p><em>Quelle: <a href=\"http:\/\/www.skyguide.ch\">www.skyguide.ch<\/a><\/em><\/p>\n","protected":false},"excerpt":{"rendered":"<p>Antoinette Feh Widmer wird ab Januar 2025 als neue Verantwortliche Public Affairs bei Skyguide beginnen. Sie tritt in dieser Funktion die Nachfolge von Raimund Fridrich an, der innerhalb des Unternehmens eine neue Rolle angenommen hat.<\/p>\n","protected":false},"author":80,"featured_media":30486,"comment_status":"closed","ping_status":"closed","sticky":false,"template":"","format":"standard","meta":{"_acf_changed":false,"_yoast_wpseo_focuskw":"Skyguide","_yoast_wpseo_metadesc":"Antoinette Feh Widmer wird ab Januar 2025 als neue Verantwortliche Public Affairs bei Skyguide beginnen.","articlekey":"","footnotes":""},"categories":[28],"tags":[1197,308,4269,4589,492],"class_list":["post-30484","post","type-post","status-publish","format-standard","has-post-thumbnail","hentry","category-management","tag-flugverkehr","tag-kommunikation","tag-nachfolge","tag-public-affairs","tag-unternehmen"],"acf":[],"yoast_head":"<!-- This site is optimized with the Yoast SEO plugin v27.4 - https:\/\/yoast.com\/product\/yoast-seo-wordpress\/ -->\n<title>Skyguide ernennt neue Head of Public Affairs - Organisator<\/title>\n<meta name=\"description\" content=\"Antoinette Feh Widmer wird ab Januar 2025 als neue Verantwortliche Public Affairs bei Skyguide beginnen.\" \/>\n<meta name=\"robots\" content=\"index, follow, max-snippet:-1, max-image-preview:large, max-video-preview:-1\" \/>\n<link rel=\"canonical\" href=\"https:\/\/www.organisator.ch\/de\/management\/2024-10-07\/skyguide-ernennt-neue-head-of-public-affairs\/\" \/>\n<meta property=\"og:locale\" content=\"de_DE\" \/>\n<meta property=\"og:type\" content=\"article\" \/>\n<meta property=\"og:title\" content=\"Skyguide ernennt neue Head of Public Affairs\" \/>\n<meta property=\"og:description\" content=\"Antoinette Feh Widmer wird ab Januar 2025 als neue Verantwortliche Public Affairs bei Skyguide beginnen.\" \/>\n<meta property=\"og:url\" content=\"https:\/\/www.organisator.ch\/de\/management\/2024-10-07\/skyguide-ernennt-neue-head-of-public-affairs\/\" \/>\n<meta property=\"og:site_name\" content=\"Organisator\" \/>\n<meta property=\"article:publisher\" content=\"https:\/\/www.facebook.com\/OrganisatorFachmagazin\" \/>\n<meta property=\"article:published_time\" content=\"2024-10-07T07:04:23+00:00\" \/>\n<meta property=\"og:image\" content=\"https:\/\/www.organisator.ch\/wp-content\/uploads\/2024\/10\/Skyguide_Bild1_ps.jpg\" \/>\n\t<meta property=\"og:image:width\" content=\"680\" \/>\n\t<meta property=\"og:image:height\" content=\"453\" \/>\n\t<meta property=\"og:image:type\" content=\"image\/jpeg\" \/>\n<meta name=\"author\" content=\"Dzana Muminovic\" \/>\n<meta name=\"twitter:card\" content=\"summary_large_image\" \/>\n<meta name=\"twitter:title\" content=\"Skyguide ernennt neue Head of Public Affairs\" \/>\n<meta name=\"twitter:description\" content=\"#Antoinette #Feh #Widmer wird ab Januar 2025 als neue Verantwortliche #Public #Affairs bei #Skyguide beginnen.\" \/>\n<meta name=\"twitter:image\" content=\"https:\/\/www.organisator.ch\/wp-content\/uploads\/2024\/10\/Skyguide_Bild1_ps.jpg\" \/>\n<script type=\"application\/ld+json\" class=\"yoast-schema-graph\">{\"@context\":\"https:\\\/\\\/schema.org\",\"@graph\":[{\"@type\":\"Article\",\"@id\":\"https:\\\/\\\/www.organisator.ch\\\/management\\\/2024-10-07\\\/skyguide-ernennt-neue-head-of-public-affairs\\\/#article\",\"isPartOf\":{\"@id\":\"https:\\\/\\\/www.organisator.ch\\\/management\\\/2024-10-07\\\/skyguide-ernennt-neue-head-of-public-affairs\\\/\"},\"author\":{\"name\":\"Dzana Muminovic\",\"@id\":\"https:\\\/\\\/www.organisator.ch\\\/#\\\/schema\\\/person\\\/afccda3a71c06d4be2ed9100dd163db7\"},\"headline\":\"Skyguide ernennt neue Head of Public Affairs\",\"datePublished\":\"2024-10-07T07:04:23+00:00\",\"mainEntityOfPage\":{\"@id\":\"https:\\\/\\\/www.organisator.ch\\\/management\\\/2024-10-07\\\/skyguide-ernennt-neue-head-of-public-affairs\\\/\"},\"wordCount\":260,\"publisher\":{\"@id\":\"https:\\\/\\\/www.organisator.ch\\\/#organization\"},\"image\":{\"@id\":\"https:\\\/\\\/www.organisator.ch\\\/management\\\/2024-10-07\\\/skyguide-ernennt-neue-head-of-public-affairs\\\/#primaryimage\"},\"thumbnailUrl\":\"https:\\\/\\\/www.organisator.ch\\\/wp-content\\\/uploads\\\/2024\\\/10\\\/Skyguide_Bild1_ps.jpg\",\"keywords\":[\"Flugverkehr\",\"Kommunikation\",\"Nachfolge\",\"Public Affairs\",\"Unternehmen\"],\"articleSection\":[\"MANAGEMENT\"],\"inLanguage\":\"de\"},{\"@type\":\"WebPage\",\"@id\":\"https:\\\/\\\/www.organisator.ch\\\/management\\\/2024-10-07\\\/skyguide-ernennt-neue-head-of-public-affairs\\\/\",\"url\":\"https:\\\/\\\/www.organisator.ch\\\/management\\\/2024-10-07\\\/skyguide-ernennt-neue-head-of-public-affairs\\\/\",\"name\":\"Skyguide ernennt neue Head of Public Affairs - Organisator\",\"isPartOf\":{\"@id\":\"https:\\\/\\\/www.organisator.ch\\\/#website\"},\"primaryImageOfPage\":{\"@id\":\"https:\\\/\\\/www.organisator.ch\\\/management\\\/2024-10-07\\\/skyguide-ernennt-neue-head-of-public-affairs\\\/#primaryimage\"},\"image\":{\"@id\":\"https:\\\/\\\/www.organisator.ch\\\/management\\\/2024-10-07\\\/skyguide-ernennt-neue-head-of-public-affairs\\\/#primaryimage\"},\"thumbnailUrl\":\"https:\\\/\\\/www.organisator.ch\\\/wp-content\\\/uploads\\\/2024\\\/10\\\/Skyguide_Bild1_ps.jpg\",\"datePublished\":\"2024-10-07T07:04:23+00:00\",\"description\":\"Antoinette Feh Widmer wird ab Januar 2025 als neue Verantwortliche Public Affairs bei Skyguide beginnen.\",\"breadcrumb\":{\"@id\":\"https:\\\/\\\/www.organisator.ch\\\/management\\\/2024-10-07\\\/skyguide-ernennt-neue-head-of-public-affairs\\\/#breadcrumb\"},\"inLanguage\":\"de\",\"potentialAction\":[{\"@type\":\"ReadAction\",\"target\":[\"https:\\\/\\\/www.organisator.ch\\\/management\\\/2024-10-07\\\/skyguide-ernennt-neue-head-of-public-affairs\\\/\"]}]},{\"@type\":\"ImageObject\",\"inLanguage\":\"de\",\"@id\":\"https:\\\/\\\/www.organisator.ch\\\/management\\\/2024-10-07\\\/skyguide-ernennt-neue-head-of-public-affairs\\\/#primaryimage\",\"url\":\"https:\\\/\\\/www.organisator.ch\\\/wp-content\\\/uploads\\\/2024\\\/10\\\/Skyguide_Bild1_ps.jpg\",\"contentUrl\":\"https:\\\/\\\/www.organisator.ch\\\/wp-content\\\/uploads\\\/2024\\\/10\\\/Skyguide_Bild1_ps.jpg\",\"width\":680,\"height\":453,\"caption\":\"Antoinette Feh Widmer wird ab Januar 2025 als neue Verantwortliche Public Affairs bei Skyguide beginnen (Bild: www.skyguide.ch)\"},{\"@type\":\"BreadcrumbList\",\"@id\":\"https:\\\/\\\/www.organisator.ch\\\/management\\\/2024-10-07\\\/skyguide-ernennt-neue-head-of-public-affairs\\\/#breadcrumb\",\"itemListElement\":[{\"@type\":\"ListItem\",\"position\":1,\"name\":\"Home\",\"item\":\"https:\\\/\\\/www.organisator.ch\\\/\"},{\"@type\":\"ListItem\",\"position\":2,\"name\":\"Skyguide ernennt neue Head of Public Affairs\"}]},{\"@type\":\"WebSite\",\"@id\":\"https:\\\/\\\/www.organisator.ch\\\/#website\",\"url\":\"https:\\\/\\\/www.organisator.ch\\\/\",\"name\":\"Organisator\",\"description\":\"Kompetent. Praxisnah. Der ORGANISATOR bereitet in 10 Ausgaben pro Jahr die wesentlichen Themen f\u00fcr F\u00fchrungskr\u00e4fte von KMU auf.\",\"publisher\":{\"@id\":\"https:\\\/\\\/www.organisator.ch\\\/#organization\"},\"potentialAction\":[{\"@type\":\"SearchAction\",\"target\":{\"@type\":\"EntryPoint\",\"urlTemplate\":\"https:\\\/\\\/www.organisator.ch\\\/?s={search_term_string}\"},\"query-input\":{\"@type\":\"PropertyValueSpecification\",\"valueRequired\":true,\"valueName\":\"search_term_string\"}}],\"inLanguage\":\"de\"},{\"@type\":\"Organization\",\"@id\":\"https:\\\/\\\/www.organisator.ch\\\/#organization\",\"name\":\"Organisator\",\"url\":\"https:\\\/\\\/www.organisator.ch\\\/\",\"logo\":{\"@type\":\"ImageObject\",\"inLanguage\":\"de\",\"@id\":\"https:\\\/\\\/www.organisator.ch\\\/#\\\/schema\\\/logo\\\/image\\\/\",\"url\":\"https:\\\/\\\/www.organisator.ch\\\/wp-content\\\/uploads\\\/2022\\\/01\\\/Logo_Organisator_Website.png\",\"contentUrl\":\"https:\\\/\\\/www.organisator.ch\\\/wp-content\\\/uploads\\\/2022\\\/01\\\/Logo_Organisator_Website.png\",\"width\":800,\"height\":77,\"caption\":\"Organisator\"},\"image\":{\"@id\":\"https:\\\/\\\/www.organisator.ch\\\/#\\\/schema\\\/logo\\\/image\\\/\"},\"sameAs\":[\"https:\\\/\\\/www.facebook.com\\\/OrganisatorFachmagazin\",\"https:\\\/\\\/www.linkedin.com\\\/showcase\\\/organisator-das-magazin-fr-kmu\",\"https:\\\/\\\/www.xing.com\\\/news\\\/pages\\\/organisator-ch-695\",\"https:\\\/\\\/www.youtube.com\\\/channel\\\/UCGP2Sq0iWaZwT3BdIAQFYpw\"]},{\"@type\":\"Person\",\"@id\":\"https:\\\/\\\/www.organisator.ch\\\/#\\\/schema\\\/person\\\/afccda3a71c06d4be2ed9100dd163db7\",\"name\":\"Dzana Muminovic\",\"image\":{\"@type\":\"ImageObject\",\"inLanguage\":\"de\",\"@id\":\"https:\\\/\\\/secure.gravatar.com\\\/avatar\\\/909c5c71aff4b38e88686f2ab2f1ba152571f394f41ed8bae431ea56ced93050?s=96&d=mm&r=g\",\"url\":\"https:\\\/\\\/secure.gravatar.com\\\/avatar\\\/909c5c71aff4b38e88686f2ab2f1ba152571f394f41ed8bae431ea56ced93050?s=96&d=mm&r=g\",\"contentUrl\":\"https:\\\/\\\/secure.gravatar.com\\\/avatar\\\/909c5c71aff4b38e88686f2ab2f1ba152571f394f41ed8bae431ea56ced93050?s=96&d=mm&r=g\",\"caption\":\"Dzana Muminovic\"},\"url\":\"https:\\\/\\\/www.organisator.ch\\\/de\\\/author\\\/dzana-muminovic\\\/\"}]}<\/script>\n<!-- \/ Yoast SEO plugin. -->","yoast_head_json":{"title":"Skyguide ernennt neue Head of Public Affairs - Organisator","description":"Antoinette Feh Widmer wird ab Januar 2025 als neue Verantwortliche Public Affairs bei Skyguide beginnen.","robots":{"index":"index","follow":"follow","max-snippet":"max-snippet:-1","max-image-preview":"max-image-preview:large","max-video-preview":"max-video-preview:-1"},"canonical":"https:\/\/www.organisator.ch\/de\/management\/2024-10-07\/skyguide-ernennt-neue-head-of-public-affairs\/","og_locale":"de_DE","og_type":"article","og_title":"Skyguide ernennt neue Head of Public Affairs","og_description":"Antoinette Feh Widmer wird ab Januar 2025 als neue Verantwortliche Public Affairs bei Skyguide beginnen.","og_url":"https:\/\/www.organisator.ch\/de\/management\/2024-10-07\/skyguide-ernennt-neue-head-of-public-affairs\/","og_site_name":"Organisator","article_publisher":"https:\/\/www.facebook.com\/OrganisatorFachmagazin","article_published_time":"2024-10-07T07:04:23+00:00","og_image":[{"width":680,"height":453,"url":"https:\/\/www.organisator.ch\/wp-content\/uploads\/2024\/10\/Skyguide_Bild1_ps.jpg","type":"image\/jpeg"}],"author":"Dzana Muminovic","twitter_card":"summary_large_image","twitter_title":"Skyguide ernennt neue Head of Public Affairs","twitter_description":"#Antoinette #Feh #Widmer wird ab Januar 2025 als neue Verantwortliche #Public #Affairs bei #Skyguide beginnen.","twitter_image":"https:\/\/www.organisator.ch\/wp-content\/uploads\/2024\/10\/Skyguide_Bild1_ps.jpg","schema":{"@context":"https:\/\/schema.org","@graph":[{"@type":"Article","@id":"https:\/\/www.organisator.ch\/management\/2024-10-07\/skyguide-ernennt-neue-head-of-public-affairs\/#article","isPartOf":{"@id":"https:\/\/www.organisator.ch\/management\/2024-10-07\/skyguide-ernennt-neue-head-of-public-affairs\/"},"author":{"name":"Dzana Muminovic","@id":"https:\/\/www.organisator.ch\/#\/schema\/person\/afccda3a71c06d4be2ed9100dd163db7"},"headline":"Skyguide ernennt neue Head of Public Affairs","datePublished":"2024-10-07T07:04:23+00:00","mainEntityOfPage":{"@id":"https:\/\/www.organisator.ch\/management\/2024-10-07\/skyguide-ernennt-neue-head-of-public-affairs\/"},"wordCount":260,"publisher":{"@id":"https:\/\/www.organisator.ch\/#organization"},"image":{"@id":"https:\/\/www.organisator.ch\/management\/2024-10-07\/skyguide-ernennt-neue-head-of-public-affairs\/#primaryimage"},"thumbnailUrl":"https:\/\/www.organisator.ch\/wp-content\/uploads\/2024\/10\/Skyguide_Bild1_ps.jpg","keywords":["Flugverkehr","Kommunikation","Nachfolge","Public Affairs","Unternehmen"],"articleSection":["MANAGEMENT"],"inLanguage":"de"},{"@type":"WebPage","@id":"https:\/\/www.organisator.ch\/management\/2024-10-07\/skyguide-ernennt-neue-head-of-public-affairs\/","url":"https:\/\/www.organisator.ch\/management\/2024-10-07\/skyguide-ernennt-neue-head-of-public-affairs\/","name":"Skyguide ernennt neue Head of Public Affairs - Organisator","isPartOf":{"@id":"https:\/\/www.organisator.ch\/#website"},"primaryImageOfPage":{"@id":"https:\/\/www.organisator.ch\/management\/2024-10-07\/skyguide-ernennt-neue-head-of-public-affairs\/#primaryimage"},"image":{"@id":"https:\/\/www.organisator.ch\/management\/2024-10-07\/skyguide-ernennt-neue-head-of-public-affairs\/#primaryimage"},"thumbnailUrl":"https:\/\/www.organisator.ch\/wp-content\/uploads\/2024\/10\/Skyguide_Bild1_ps.jpg","datePublished":"2024-10-07T07:04:23+00:00","description":"Antoinette Feh Widmer wird ab Januar 2025 als neue Verantwortliche Public Affairs bei Skyguide beginnen.","breadcrumb":{"@id":"https:\/\/www.organisator.ch\/management\/2024-10-07\/skyguide-ernennt-neue-head-of-public-affairs\/#breadcrumb"},"inLanguage":"de","potentialAction":[{"@type":"ReadAction","target":["https:\/\/www.organisator.ch\/management\/2024-10-07\/skyguide-ernennt-neue-head-of-public-affairs\/"]}]},{"@type":"ImageObject","inLanguage":"de","@id":"https:\/\/www.organisator.ch\/management\/2024-10-07\/skyguide-ernennt-neue-head-of-public-affairs\/#primaryimage","url":"https:\/\/www.organisator.ch\/wp-content\/uploads\/2024\/10\/Skyguide_Bild1_ps.jpg","contentUrl":"https:\/\/www.organisator.ch\/wp-content\/uploads\/2024\/10\/Skyguide_Bild1_ps.jpg","width":680,"height":453,"caption":"Antoinette Feh Widmer wird ab Januar 2025 als neue Verantwortliche Public Affairs bei Skyguide beginnen (Bild: www.skyguide.ch)"},{"@type":"BreadcrumbList","@id":"https:\/\/www.organisator.ch\/management\/2024-10-07\/skyguide-ernennt-neue-head-of-public-affairs\/#breadcrumb","itemListElement":[{"@type":"ListItem","position":1,"name":"Home","item":"https:\/\/www.organisator.ch\/"},{"@type":"ListItem","position":2,"name":"Skyguide ernennt neue Head of Public Affairs"}]},{"@type":"WebSite","@id":"https:\/\/www.organisator.ch\/#website","url":"https:\/\/www.organisator.ch\/","name":"Organisator","description":"Kompetent. Praxisnah. Der ORGANISATOR bereitet in 10 Ausgaben pro Jahr die wesentlichen Themen f\u00fcr F\u00fchrungskr\u00e4fte von KMU auf.","publisher":{"@id":"https:\/\/www.organisator.ch\/#organization"},"potentialAction":[{"@type":"SearchAction","target":{"@type":"EntryPoint","urlTemplate":"https:\/\/www.organisator.ch\/?s={search_term_string}"},"query-input":{"@type":"PropertyValueSpecification","valueRequired":true,"valueName":"search_term_string"}}],"inLanguage":"de"},{"@type":"Organization","@id":"https:\/\/www.organisator.ch\/#organization","name":"Organisator","url":"https:\/\/www.organisator.ch\/","logo":{"@type":"ImageObject","inLanguage":"de","@id":"https:\/\/www.organisator.ch\/#\/schema\/logo\/image\/","url":"https:\/\/www.organisator.ch\/wp-content\/uploads\/2022\/01\/Logo_Organisator_Website.png","contentUrl":"https:\/\/www.organisator.ch\/wp-content\/uploads\/2022\/01\/Logo_Organisator_Website.png","width":800,"height":77,"caption":"Organisator"},"image":{"@id":"https:\/\/www.organisator.ch\/#\/schema\/logo\/image\/"},"sameAs":["https:\/\/www.facebook.com\/OrganisatorFachmagazin","https:\/\/www.linkedin.com\/showcase\/organisator-das-magazin-fr-kmu","https:\/\/www.xing.com\/news\/pages\/organisator-ch-695","https:\/\/www.youtube.com\/channel\/UCGP2Sq0iWaZwT3BdIAQFYpw"]},{"@type":"Person","@id":"https:\/\/www.organisator.ch\/#\/schema\/person\/afccda3a71c06d4be2ed9100dd163db7","name":"Dzana Muminovic","image":{"@type":"ImageObject","inLanguage":"de","@id":"https:\/\/secure.gravatar.com\/avatar\/909c5c71aff4b38e88686f2ab2f1ba152571f394f41ed8bae431ea56ced93050?s=96&d=mm&r=g","url":"https:\/\/secure.gravatar.com\/avatar\/909c5c71aff4b38e88686f2ab2f1ba152571f394f41ed8bae431ea56ced93050?s=96&d=mm&r=g","contentUrl":"https:\/\/secure.gravatar.com\/avatar\/909c5c71aff4b38e88686f2ab2f1ba152571f394f41ed8bae431ea56ced93050?s=96&d=mm&r=g","caption":"Dzana Muminovic"},"url":"https:\/\/www.organisator.ch\/de\/author\/dzana-muminovic\/"}]}},"_links":{"self":[{"href":"https:\/\/www.organisator.ch\/de\/wp-json\/wp\/v2\/posts\/30484","targetHints":{"allow":["GET"]}}],"collection":[{"href":"https:\/\/www.organisator.ch\/de\/wp-json\/wp\/v2\/posts"}],"about":[{"href":"https:\/\/www.organisator.ch\/de\/wp-json\/wp\/v2\/types\/post"}],"author":[{"embeddable":true,"href":"https:\/\/www.organisator.ch\/de\/wp-json\/wp\/v2\/users\/80"}],"replies":[{"embeddable":true,"href":"https:\/\/www.organisator.ch\/de\/wp-json\/wp\/v2\/comments?post=30484"}],"version-history":[{"count":4,"href":"https:\/\/www.organisator.ch\/de\/wp-json\/wp\/v2\/posts\/30484\/revisions"}],"predecessor-version":[{"id":30502,"href":"https:\/\/www.organisator.ch\/de\/wp-json\/wp\/v2\/posts\/30484\/revisions\/30502"}],"wp:featuredmedia":[{"embeddable":true,"href":"https:\/\/www.organisator.ch\/de\/wp-json\/wp\/v2\/media\/30486"}],"wp:attachment":[{"href":"https:\/\/www.organisator.ch\/de\/wp-json\/wp\/v2\/media?parent=30484"}],"wp:term":[{"taxonomy":"category","embeddable":true,"href":"https:\/\/www.organisator.ch\/de\/wp-json\/wp\/v2\/categories?post=30484"},{"taxonomy":"post_tag","embeddable":true,"href":"https:\/\/www.organisator.ch\/de\/wp-json\/wp\/v2\/tags?post=30484"}],"curies":[{"name":"wp","href":"https:\/\/api.w.org\/{rel}","templated":true}]}}