{"id":30515,"date":"2024-10-09T09:23:40","date_gmt":"2024-10-09T07:23:40","guid":{"rendered":"https:\/\/www.organisator.ch\/?p=30515"},"modified":"2024-10-09T09:23:40","modified_gmt":"2024-10-09T07:23:40","slug":"standeskommission-von-expertsuisse-ilona-nellen-und-christoph-brunner-neu-gewaehlt","status":"publish","type":"post","link":"https:\/\/www.organisator.ch\/de\/management\/2024-10-09\/standeskommission-von-expertsuisse-ilona-nellen-und-christoph-brunner-neu-gewaehlt\/","title":{"rendered":"Standeskommission von Expertsuisse: Ilona Nellen und Christoph Brunner neu gew\u00e4hlt"},"content":{"rendered":"<figure id=\"attachment_30516\" aria-describedby=\"caption-attachment-30516\" style=\"width: 680px\" class=\"wp-caption alignnone\"><img loading=\"lazy\" decoding=\"async\" class=\"wp-image-30516 size-full\" src=\"https:\/\/www.organisator.ch\/wp-content\/uploads\/2024\/10\/Bild1_ps.jpg\" alt=\"\" width=\"680\" height=\"383\" srcset=\"https:\/\/www.organisator.ch\/wp-content\/uploads\/2024\/10\/Bild1_ps.jpg 680w, https:\/\/www.organisator.ch\/wp-content\/uploads\/2024\/10\/Bild1_ps-18x10.jpg 18w, https:\/\/www.organisator.ch\/wp-content\/uploads\/2024\/10\/Bild1_ps-375x211.jpg 375w, https:\/\/www.organisator.ch\/wp-content\/uploads\/2024\/10\/Bild1_ps-621x350.jpg 621w\" sizes=\"auto, (max-width: 680px) 100vw, 680px\" \/><figcaption id=\"caption-attachment-30516\" class=\"wp-caption-text\">Christoph Brunner und Ilona Nellen treten die Nachfolge von Hans-J\u00fcrg Steiner an. (Bild: www.obt.ch)<\/figcaption><\/figure>\n<p>An der diesj\u00e4hrigen Generalversammlung von Expertsuisse, dem Schweizweiten Expertenverband f\u00fcr Wirtschaftspr\u00fcfung, Steuern und Treuhand, wurden Ilona Nellen, Mandatsleiterin Wirtschaftspr\u00fcfung, und Christoph Brunner, Leiter Treuhand, Mitglied der Gesch\u00e4ftsleitung und Partner, in die wichtige Standeskommission gew\u00e4hlt. \u00a0Sie treten damit die Nachfolge von Hans-J\u00fcrg Steiner an, dem Leiter Steuerberatung Oberwangen BE und Partner, an, der sich nach vielen Jahren engagierten Einsatzes aus der Kommission zur\u00fcckzieht.<\/p>\n<p>Bereits im September gab OBT AG bekannt, dass zudem Jo\u00ebl Pfyffer, Teamleiter Wirtschaftspr\u00fcfung Z\u00fcrich, und Thorsten Kleibold, Bereichsleiter Wirtschaftspr\u00fcfung St.Gallen\/Weinfelden, in weitere Sektionen von Expertsuisse gew\u00e4hlt wurden. Damit ist die OBT AG auch weiterhin in tragenden Gremien von Expertsuisse vertreten und tr\u00e4gt aktiv dazu bei, die Zukunft der Branche aktiv mitzugestalten und positiven Einfluss zu nehmen.<\/p>\n<p><em>Quelle: <a href=\"https:\/\/www.obt.ch\/\">www.obt.ch<\/a><\/em><\/p>\n","protected":false},"excerpt":{"rendered":"<p>An der Generalversammlung von Expertsuisse wurden Ilona Nellen und Christoph Brunner in die Standeskommission gew\u00e4hlt. \u00a0<\/p>\n","protected":false},"author":80,"featured_media":30516,"comment_status":"closed","ping_status":"closed","sticky":false,"template":"","format":"standard","meta":{"_acf_changed":false,"_yoast_wpseo_focuskw":"Standeskommission","_yoast_wpseo_metadesc":"An der Generalversammlung von Expertsuisse wurden Ilona Nellen und Christoph Brunner in die Standeskommission gew\u00e4hlt. \u00a0","articlekey":"","footnotes":""},"categories":[28],"tags":[1264,334,4594,2435,532],"class_list":["post-30515","post","type-post","status-publish","format-standard","has-post-thumbnail","hentry","category-management","tag-generalversammlung","tag-management","tag-standeskommission","tag-verband","tag-wirtschaftspruefung"],"acf":[],"yoast_head":"<!-- This site is optimized with the Yoast SEO plugin v27.5 - https:\/\/yoast.com\/product\/yoast-seo-wordpress\/ -->\n<title>Standeskommission von Expertsuisse: Ilona Nellen und Christoph Brunner neu gew\u00e4hlt - Organisator<\/title>\n<meta name=\"description\" content=\"An der Generalversammlung von Expertsuisse wurden Ilona Nellen und Christoph Brunner in die Standeskommission gew\u00e4hlt. \u00a0\" \/>\n<meta name=\"robots\" content=\"index, follow, max-snippet:-1, max-image-preview:large, max-video-preview:-1\" \/>\n<link rel=\"canonical\" href=\"https:\/\/www.organisator.ch\/de\/management\/2024-10-09\/standeskommission-von-expertsuisse-ilona-nellen-und-christoph-brunner-neu-gewaehlt\/\" \/>\n<meta property=\"og:locale\" content=\"de_DE\" \/>\n<meta property=\"og:type\" content=\"article\" \/>\n<meta property=\"og:title\" content=\"Standeskommission von Expertsuisse: Ilona Nellen und Christoph Brunner neu gew\u00e4hlt\" \/>\n<meta property=\"og:description\" content=\"An der Generalversammlung von Expertsuisse wurden Ilona Nellen und Christoph Brunner in die Standeskommission gew\u00e4hlt. \u00a0\" \/>\n<meta property=\"og:url\" content=\"https:\/\/www.organisator.ch\/de\/management\/2024-10-09\/standeskommission-von-expertsuisse-ilona-nellen-und-christoph-brunner-neu-gewaehlt\/\" \/>\n<meta property=\"og:site_name\" content=\"Organisator\" \/>\n<meta property=\"article:publisher\" content=\"https:\/\/www.facebook.com\/OrganisatorFachmagazin\" \/>\n<meta property=\"article:published_time\" content=\"2024-10-09T07:23:40+00:00\" \/>\n<meta property=\"og:image\" content=\"https:\/\/www.organisator.ch\/wp-content\/uploads\/2024\/10\/Bild1_ps.jpg\" \/>\n\t<meta property=\"og:image:width\" content=\"680\" \/>\n\t<meta property=\"og:image:height\" content=\"383\" \/>\n\t<meta property=\"og:image:type\" content=\"image\/jpeg\" \/>\n<meta name=\"author\" content=\"Dzana Muminovic\" \/>\n<meta name=\"twitter:card\" content=\"summary_large_image\" \/>\n<meta name=\"twitter:title\" content=\"Standeskommission von Expertsuisse: Ilona Nellen und Christoph Brunner neu gew\u00e4hlt\" \/>\n<meta name=\"twitter:description\" content=\"An der #Generalversammlung von #Expertsuisse wurden #Ilona #Nellen und #Christoph #Brunner in die #Standeskommission gew\u00e4hlt. \u00a0\" \/>\n<meta name=\"twitter:image\" content=\"https:\/\/www.organisator.ch\/wp-content\/uploads\/2024\/10\/Bild1_ps.jpg\" \/>\n<script type=\"application\/ld+json\" class=\"yoast-schema-graph\">{\"@context\":\"https:\\\/\\\/schema.org\",\"@graph\":[{\"@type\":\"Article\",\"@id\":\"https:\\\/\\\/www.organisator.ch\\\/management\\\/2024-10-09\\\/standeskommission-von-expertsuisse-ilona-nellen-und-christoph-brunner-neu-gewaehlt\\\/#article\",\"isPartOf\":{\"@id\":\"https:\\\/\\\/www.organisator.ch\\\/management\\\/2024-10-09\\\/standeskommission-von-expertsuisse-ilona-nellen-und-christoph-brunner-neu-gewaehlt\\\/\"},\"author\":{\"name\":\"Dzana Muminovic\",\"@id\":\"https:\\\/\\\/www.organisator.ch\\\/#\\\/schema\\\/person\\\/afccda3a71c06d4be2ed9100dd163db7\"},\"headline\":\"Standeskommission von Expertsuisse: Ilona Nellen und Christoph Brunner neu gew\u00e4hlt\",\"datePublished\":\"2024-10-09T07:23:40+00:00\",\"mainEntityOfPage\":{\"@id\":\"https:\\\/\\\/www.organisator.ch\\\/management\\\/2024-10-09\\\/standeskommission-von-expertsuisse-ilona-nellen-und-christoph-brunner-neu-gewaehlt\\\/\"},\"wordCount\":173,\"publisher\":{\"@id\":\"https:\\\/\\\/www.organisator.ch\\\/#organization\"},\"image\":{\"@id\":\"https:\\\/\\\/www.organisator.ch\\\/management\\\/2024-10-09\\\/standeskommission-von-expertsuisse-ilona-nellen-und-christoph-brunner-neu-gewaehlt\\\/#primaryimage\"},\"thumbnailUrl\":\"https:\\\/\\\/www.organisator.ch\\\/wp-content\\\/uploads\\\/2024\\\/10\\\/Bild1_ps.jpg\",\"keywords\":[\"Generalversammlung\",\"Management\",\"Standeskommission\",\"Verband\",\"Wirtschaftspr\u00fcfung\"],\"articleSection\":[\"MANAGEMENT\"],\"inLanguage\":\"de\"},{\"@type\":\"WebPage\",\"@id\":\"https:\\\/\\\/www.organisator.ch\\\/management\\\/2024-10-09\\\/standeskommission-von-expertsuisse-ilona-nellen-und-christoph-brunner-neu-gewaehlt\\\/\",\"url\":\"https:\\\/\\\/www.organisator.ch\\\/management\\\/2024-10-09\\\/standeskommission-von-expertsuisse-ilona-nellen-und-christoph-brunner-neu-gewaehlt\\\/\",\"name\":\"Standeskommission von Expertsuisse: Ilona Nellen und Christoph Brunner neu gew\u00e4hlt - Organisator\",\"isPartOf\":{\"@id\":\"https:\\\/\\\/www.organisator.ch\\\/#website\"},\"primaryImageOfPage\":{\"@id\":\"https:\\\/\\\/www.organisator.ch\\\/management\\\/2024-10-09\\\/standeskommission-von-expertsuisse-ilona-nellen-und-christoph-brunner-neu-gewaehlt\\\/#primaryimage\"},\"image\":{\"@id\":\"https:\\\/\\\/www.organisator.ch\\\/management\\\/2024-10-09\\\/standeskommission-von-expertsuisse-ilona-nellen-und-christoph-brunner-neu-gewaehlt\\\/#primaryimage\"},\"thumbnailUrl\":\"https:\\\/\\\/www.organisator.ch\\\/wp-content\\\/uploads\\\/2024\\\/10\\\/Bild1_ps.jpg\",\"datePublished\":\"2024-10-09T07:23:40+00:00\",\"description\":\"An der Generalversammlung von Expertsuisse wurden Ilona Nellen und Christoph Brunner in die Standeskommission gew\u00e4hlt. \u00a0\",\"breadcrumb\":{\"@id\":\"https:\\\/\\\/www.organisator.ch\\\/management\\\/2024-10-09\\\/standeskommission-von-expertsuisse-ilona-nellen-und-christoph-brunner-neu-gewaehlt\\\/#breadcrumb\"},\"inLanguage\":\"de\",\"potentialAction\":[{\"@type\":\"ReadAction\",\"target\":[\"https:\\\/\\\/www.organisator.ch\\\/management\\\/2024-10-09\\\/standeskommission-von-expertsuisse-ilona-nellen-und-christoph-brunner-neu-gewaehlt\\\/\"]}]},{\"@type\":\"ImageObject\",\"inLanguage\":\"de\",\"@id\":\"https:\\\/\\\/www.organisator.ch\\\/management\\\/2024-10-09\\\/standeskommission-von-expertsuisse-ilona-nellen-und-christoph-brunner-neu-gewaehlt\\\/#primaryimage\",\"url\":\"https:\\\/\\\/www.organisator.ch\\\/wp-content\\\/uploads\\\/2024\\\/10\\\/Bild1_ps.jpg\",\"contentUrl\":\"https:\\\/\\\/www.organisator.ch\\\/wp-content\\\/uploads\\\/2024\\\/10\\\/Bild1_ps.jpg\",\"width\":680,\"height\":383,\"caption\":\"Ilona Nellen und Christoph Brunner wurden neu in die Standeskommission von Expertsuisse gew\u00e4hlt. (Bild: www.expertsuisse.ch)\"},{\"@type\":\"BreadcrumbList\",\"@id\":\"https:\\\/\\\/www.organisator.ch\\\/management\\\/2024-10-09\\\/standeskommission-von-expertsuisse-ilona-nellen-und-christoph-brunner-neu-gewaehlt\\\/#breadcrumb\",\"itemListElement\":[{\"@type\":\"ListItem\",\"position\":1,\"name\":\"Home\",\"item\":\"https:\\\/\\\/www.organisator.ch\\\/\"},{\"@type\":\"ListItem\",\"position\":2,\"name\":\"Standeskommission von Expertsuisse: Ilona Nellen und Christoph Brunner neu gew\u00e4hlt\"}]},{\"@type\":\"WebSite\",\"@id\":\"https:\\\/\\\/www.organisator.ch\\\/#website\",\"url\":\"https:\\\/\\\/www.organisator.ch\\\/\",\"name\":\"Organisator\",\"description\":\"Kompetent. Praxisnah. Der ORGANISATOR bereitet in 10 Ausgaben pro Jahr die wesentlichen Themen f\u00fcr F\u00fchrungskr\u00e4fte von KMU auf.\",\"publisher\":{\"@id\":\"https:\\\/\\\/www.organisator.ch\\\/#organization\"},\"potentialAction\":[{\"@type\":\"SearchAction\",\"target\":{\"@type\":\"EntryPoint\",\"urlTemplate\":\"https:\\\/\\\/www.organisator.ch\\\/?s={search_term_string}\"},\"query-input\":{\"@type\":\"PropertyValueSpecification\",\"valueRequired\":true,\"valueName\":\"search_term_string\"}}],\"inLanguage\":\"de\"},{\"@type\":\"Organization\",\"@id\":\"https:\\\/\\\/www.organisator.ch\\\/#organization\",\"name\":\"Organisator\",\"url\":\"https:\\\/\\\/www.organisator.ch\\\/\",\"logo\":{\"@type\":\"ImageObject\",\"inLanguage\":\"de\",\"@id\":\"https:\\\/\\\/www.organisator.ch\\\/#\\\/schema\\\/logo\\\/image\\\/\",\"url\":\"https:\\\/\\\/www.organisator.ch\\\/wp-content\\\/uploads\\\/2022\\\/01\\\/Logo_Organisator_Website.png\",\"contentUrl\":\"https:\\\/\\\/www.organisator.ch\\\/wp-content\\\/uploads\\\/2022\\\/01\\\/Logo_Organisator_Website.png\",\"width\":800,\"height\":77,\"caption\":\"Organisator\"},\"image\":{\"@id\":\"https:\\\/\\\/www.organisator.ch\\\/#\\\/schema\\\/logo\\\/image\\\/\"},\"sameAs\":[\"https:\\\/\\\/www.facebook.com\\\/OrganisatorFachmagazin\",\"https:\\\/\\\/www.linkedin.com\\\/showcase\\\/organisator-das-magazin-fr-kmu\",\"https:\\\/\\\/www.xing.com\\\/news\\\/pages\\\/organisator-ch-695\",\"https:\\\/\\\/www.youtube.com\\\/channel\\\/UCGP2Sq0iWaZwT3BdIAQFYpw\"]},{\"@type\":\"Person\",\"@id\":\"https:\\\/\\\/www.organisator.ch\\\/#\\\/schema\\\/person\\\/afccda3a71c06d4be2ed9100dd163db7\",\"name\":\"Dzana Muminovic\",\"image\":{\"@type\":\"ImageObject\",\"inLanguage\":\"de\",\"@id\":\"https:\\\/\\\/secure.gravatar.com\\\/avatar\\\/909c5c71aff4b38e88686f2ab2f1ba152571f394f41ed8bae431ea56ced93050?s=96&d=mm&r=g\",\"url\":\"https:\\\/\\\/secure.gravatar.com\\\/avatar\\\/909c5c71aff4b38e88686f2ab2f1ba152571f394f41ed8bae431ea56ced93050?s=96&d=mm&r=g\",\"contentUrl\":\"https:\\\/\\\/secure.gravatar.com\\\/avatar\\\/909c5c71aff4b38e88686f2ab2f1ba152571f394f41ed8bae431ea56ced93050?s=96&d=mm&r=g\",\"caption\":\"Dzana Muminovic\"},\"url\":\"https:\\\/\\\/www.organisator.ch\\\/de\\\/author\\\/dzana-muminovic\\\/\"}]}<\/script>\n<!-- \/ Yoast SEO plugin. -->","yoast_head_json":{"title":"Standeskommission von Expertsuisse: Ilona Nellen und Christoph Brunner neu gew\u00e4hlt - Organisator","description":"An der Generalversammlung von Expertsuisse wurden Ilona Nellen und Christoph Brunner in die Standeskommission gew\u00e4hlt. \u00a0","robots":{"index":"index","follow":"follow","max-snippet":"max-snippet:-1","max-image-preview":"max-image-preview:large","max-video-preview":"max-video-preview:-1"},"canonical":"https:\/\/www.organisator.ch\/de\/management\/2024-10-09\/standeskommission-von-expertsuisse-ilona-nellen-und-christoph-brunner-neu-gewaehlt\/","og_locale":"de_DE","og_type":"article","og_title":"Standeskommission von Expertsuisse: Ilona Nellen und Christoph Brunner neu gew\u00e4hlt","og_description":"An der Generalversammlung von Expertsuisse wurden Ilona Nellen und Christoph Brunner in die Standeskommission gew\u00e4hlt. \u00a0","og_url":"https:\/\/www.organisator.ch\/de\/management\/2024-10-09\/standeskommission-von-expertsuisse-ilona-nellen-und-christoph-brunner-neu-gewaehlt\/","og_site_name":"Organisator","article_publisher":"https:\/\/www.facebook.com\/OrganisatorFachmagazin","article_published_time":"2024-10-09T07:23:40+00:00","og_image":[{"width":680,"height":383,"url":"https:\/\/www.organisator.ch\/wp-content\/uploads\/2024\/10\/Bild1_ps.jpg","type":"image\/jpeg"}],"author":"Dzana Muminovic","twitter_card":"summary_large_image","twitter_title":"Standeskommission von Expertsuisse: Ilona Nellen und Christoph Brunner neu gew\u00e4hlt","twitter_description":"An der #Generalversammlung von #Expertsuisse wurden #Ilona #Nellen und #Christoph #Brunner in die #Standeskommission gew\u00e4hlt. \u00a0","twitter_image":"https:\/\/www.organisator.ch\/wp-content\/uploads\/2024\/10\/Bild1_ps.jpg","schema":{"@context":"https:\/\/schema.org","@graph":[{"@type":"Article","@id":"https:\/\/www.organisator.ch\/management\/2024-10-09\/standeskommission-von-expertsuisse-ilona-nellen-und-christoph-brunner-neu-gewaehlt\/#article","isPartOf":{"@id":"https:\/\/www.organisator.ch\/management\/2024-10-09\/standeskommission-von-expertsuisse-ilona-nellen-und-christoph-brunner-neu-gewaehlt\/"},"author":{"name":"Dzana Muminovic","@id":"https:\/\/www.organisator.ch\/#\/schema\/person\/afccda3a71c06d4be2ed9100dd163db7"},"headline":"Standeskommission von Expertsuisse: Ilona Nellen und Christoph Brunner neu gew\u00e4hlt","datePublished":"2024-10-09T07:23:40+00:00","mainEntityOfPage":{"@id":"https:\/\/www.organisator.ch\/management\/2024-10-09\/standeskommission-von-expertsuisse-ilona-nellen-und-christoph-brunner-neu-gewaehlt\/"},"wordCount":173,"publisher":{"@id":"https:\/\/www.organisator.ch\/#organization"},"image":{"@id":"https:\/\/www.organisator.ch\/management\/2024-10-09\/standeskommission-von-expertsuisse-ilona-nellen-und-christoph-brunner-neu-gewaehlt\/#primaryimage"},"thumbnailUrl":"https:\/\/www.organisator.ch\/wp-content\/uploads\/2024\/10\/Bild1_ps.jpg","keywords":["Generalversammlung","Management","Standeskommission","Verband","Wirtschaftspr\u00fcfung"],"articleSection":["MANAGEMENT"],"inLanguage":"de"},{"@type":"WebPage","@id":"https:\/\/www.organisator.ch\/management\/2024-10-09\/standeskommission-von-expertsuisse-ilona-nellen-und-christoph-brunner-neu-gewaehlt\/","url":"https:\/\/www.organisator.ch\/management\/2024-10-09\/standeskommission-von-expertsuisse-ilona-nellen-und-christoph-brunner-neu-gewaehlt\/","name":"Standeskommission von Expertsuisse: Ilona Nellen und Christoph Brunner neu gew\u00e4hlt - Organisator","isPartOf":{"@id":"https:\/\/www.organisator.ch\/#website"},"primaryImageOfPage":{"@id":"https:\/\/www.organisator.ch\/management\/2024-10-09\/standeskommission-von-expertsuisse-ilona-nellen-und-christoph-brunner-neu-gewaehlt\/#primaryimage"},"image":{"@id":"https:\/\/www.organisator.ch\/management\/2024-10-09\/standeskommission-von-expertsuisse-ilona-nellen-und-christoph-brunner-neu-gewaehlt\/#primaryimage"},"thumbnailUrl":"https:\/\/www.organisator.ch\/wp-content\/uploads\/2024\/10\/Bild1_ps.jpg","datePublished":"2024-10-09T07:23:40+00:00","description":"An der Generalversammlung von Expertsuisse wurden Ilona Nellen und Christoph Brunner in die Standeskommission gew\u00e4hlt. \u00a0","breadcrumb":{"@id":"https:\/\/www.organisator.ch\/management\/2024-10-09\/standeskommission-von-expertsuisse-ilona-nellen-und-christoph-brunner-neu-gewaehlt\/#breadcrumb"},"inLanguage":"de","potentialAction":[{"@type":"ReadAction","target":["https:\/\/www.organisator.ch\/management\/2024-10-09\/standeskommission-von-expertsuisse-ilona-nellen-und-christoph-brunner-neu-gewaehlt\/"]}]},{"@type":"ImageObject","inLanguage":"de","@id":"https:\/\/www.organisator.ch\/management\/2024-10-09\/standeskommission-von-expertsuisse-ilona-nellen-und-christoph-brunner-neu-gewaehlt\/#primaryimage","url":"https:\/\/www.organisator.ch\/wp-content\/uploads\/2024\/10\/Bild1_ps.jpg","contentUrl":"https:\/\/www.organisator.ch\/wp-content\/uploads\/2024\/10\/Bild1_ps.jpg","width":680,"height":383,"caption":"Ilona Nellen und Christoph Brunner wurden neu in die Standeskommission von Expertsuisse gew\u00e4hlt. (Bild: www.expertsuisse.ch)"},{"@type":"BreadcrumbList","@id":"https:\/\/www.organisator.ch\/management\/2024-10-09\/standeskommission-von-expertsuisse-ilona-nellen-und-christoph-brunner-neu-gewaehlt\/#breadcrumb","itemListElement":[{"@type":"ListItem","position":1,"name":"Home","item":"https:\/\/www.organisator.ch\/"},{"@type":"ListItem","position":2,"name":"Standeskommission von Expertsuisse: Ilona Nellen und Christoph Brunner neu gew\u00e4hlt"}]},{"@type":"WebSite","@id":"https:\/\/www.organisator.ch\/#website","url":"https:\/\/www.organisator.ch\/","name":"Organisator","description":"Kompetent. Praxisnah. Der ORGANISATOR bereitet in 10 Ausgaben pro Jahr die wesentlichen Themen f\u00fcr F\u00fchrungskr\u00e4fte von KMU auf.","publisher":{"@id":"https:\/\/www.organisator.ch\/#organization"},"potentialAction":[{"@type":"SearchAction","target":{"@type":"EntryPoint","urlTemplate":"https:\/\/www.organisator.ch\/?s={search_term_string}"},"query-input":{"@type":"PropertyValueSpecification","valueRequired":true,"valueName":"search_term_string"}}],"inLanguage":"de"},{"@type":"Organization","@id":"https:\/\/www.organisator.ch\/#organization","name":"Organisator","url":"https:\/\/www.organisator.ch\/","logo":{"@type":"ImageObject","inLanguage":"de","@id":"https:\/\/www.organisator.ch\/#\/schema\/logo\/image\/","url":"https:\/\/www.organisator.ch\/wp-content\/uploads\/2022\/01\/Logo_Organisator_Website.png","contentUrl":"https:\/\/www.organisator.ch\/wp-content\/uploads\/2022\/01\/Logo_Organisator_Website.png","width":800,"height":77,"caption":"Organisator"},"image":{"@id":"https:\/\/www.organisator.ch\/#\/schema\/logo\/image\/"},"sameAs":["https:\/\/www.facebook.com\/OrganisatorFachmagazin","https:\/\/www.linkedin.com\/showcase\/organisator-das-magazin-fr-kmu","https:\/\/www.xing.com\/news\/pages\/organisator-ch-695","https:\/\/www.youtube.com\/channel\/UCGP2Sq0iWaZwT3BdIAQFYpw"]},{"@type":"Person","@id":"https:\/\/www.organisator.ch\/#\/schema\/person\/afccda3a71c06d4be2ed9100dd163db7","name":"Dzana Muminovic","image":{"@type":"ImageObject","inLanguage":"de","@id":"https:\/\/secure.gravatar.com\/avatar\/909c5c71aff4b38e88686f2ab2f1ba152571f394f41ed8bae431ea56ced93050?s=96&d=mm&r=g","url":"https:\/\/secure.gravatar.com\/avatar\/909c5c71aff4b38e88686f2ab2f1ba152571f394f41ed8bae431ea56ced93050?s=96&d=mm&r=g","contentUrl":"https:\/\/secure.gravatar.com\/avatar\/909c5c71aff4b38e88686f2ab2f1ba152571f394f41ed8bae431ea56ced93050?s=96&d=mm&r=g","caption":"Dzana Muminovic"},"url":"https:\/\/www.organisator.ch\/de\/author\/dzana-muminovic\/"}]}},"_links":{"self":[{"href":"https:\/\/www.organisator.ch\/de\/wp-json\/wp\/v2\/posts\/30515","targetHints":{"allow":["GET"]}}],"collection":[{"href":"https:\/\/www.organisator.ch\/de\/wp-json\/wp\/v2\/posts"}],"about":[{"href":"https:\/\/www.organisator.ch\/de\/wp-json\/wp\/v2\/types\/post"}],"author":[{"embeddable":true,"href":"https:\/\/www.organisator.ch\/de\/wp-json\/wp\/v2\/users\/80"}],"replies":[{"embeddable":true,"href":"https:\/\/www.organisator.ch\/de\/wp-json\/wp\/v2\/comments?post=30515"}],"version-history":[{"count":7,"href":"https:\/\/www.organisator.ch\/de\/wp-json\/wp\/v2\/posts\/30515\/revisions"}],"predecessor-version":[{"id":30541,"href":"https:\/\/www.organisator.ch\/de\/wp-json\/wp\/v2\/posts\/30515\/revisions\/30541"}],"wp:featuredmedia":[{"embeddable":true,"href":"https:\/\/www.organisator.ch\/de\/wp-json\/wp\/v2\/media\/30516"}],"wp:attachment":[{"href":"https:\/\/www.organisator.ch\/de\/wp-json\/wp\/v2\/media?parent=30515"}],"wp:term":[{"taxonomy":"category","embeddable":true,"href":"https:\/\/www.organisator.ch\/de\/wp-json\/wp\/v2\/categories?post=30515"},{"taxonomy":"post_tag","embeddable":true,"href":"https:\/\/www.organisator.ch\/de\/wp-json\/wp\/v2\/tags?post=30515"}],"curies":[{"name":"wp","href":"https:\/\/api.w.org\/{rel}","templated":true}]}}