{"id":30558,"date":"2024-10-10T07:30:35","date_gmt":"2024-10-10T05:30:35","guid":{"rendered":"https:\/\/www.organisator.ch\/?p=30558"},"modified":"2024-10-09T13:09:41","modified_gmt":"2024-10-09T11:09:41","slug":"jeder-dritte-geschaeftsreisende-in-europa-wuerde-ohne-reiseoption-kuendigen","status":"publish","type":"post","link":"https:\/\/www.organisator.ch\/de\/human-resources\/2024-10-10\/jeder-dritte-geschaeftsreisende-in-europa-wuerde-ohne-reiseoption-kuendigen\/","title":{"rendered":"Jeder dritte Gesch\u00e4ftsreisende in Europa w\u00fcrde ohne Reiseoption k\u00fcndigen"},"content":{"rendered":"<figure id=\"attachment_30559\" aria-describedby=\"caption-attachment-30559\" style=\"width: 680px\" class=\"wp-caption alignnone\"><img loading=\"lazy\" decoding=\"async\" class=\"size-full wp-image-30559\" src=\"https:\/\/www.organisator.ch\/wp-content\/uploads\/2024\/10\/Airplus_Bild1_ps.jpg\" alt=\"\" width=\"680\" height=\"454\" srcset=\"https:\/\/www.organisator.ch\/wp-content\/uploads\/2024\/10\/Airplus_Bild1_ps.jpg 680w, https:\/\/www.organisator.ch\/wp-content\/uploads\/2024\/10\/Airplus_Bild1_ps-18x12.jpg 18w, https:\/\/www.organisator.ch\/wp-content\/uploads\/2024\/10\/Airplus_Bild1_ps-375x250.jpg 375w, https:\/\/www.organisator.ch\/wp-content\/uploads\/2024\/10\/Airplus_Bild1_ps-524x350.jpg 524w\" sizes=\"auto, (max-width: 680px) 100vw, 680px\" \/><figcaption id=\"caption-attachment-30559\" class=\"wp-caption-text\">Business Trips werden von zahlreichen Befragten als Statussymbol betrachtet. (Bild: www.airplus.com)<\/figcaption><\/figure>\n<p>57 Prozent der Befragten gaben an, dass sie Gesch\u00e4ftsreisen gerade in Zeiten von Videokonferenzen als besonderes Privileg wahrnehmen. Wenig \u00fcberraschend, denn 28 Prozent der Befragten berichteten gleichzeitig, dass sie in den vergangenen zw\u00f6lf Monaten von ihren Unternehmen angehalten wurden, Reisen durch virtuelle Konferenzen zu ersetzen, 22 Prozent beklagten gek\u00fcrzte Reisebudgets.<\/p>\n<h3><strong>Gesch\u00e4ftsreisen haben positiven Einfluss<\/strong><\/h3>\n<p>Insgesamt zeigt die Befragung, dass Mitarbeiterbenefits rund um Mobilit\u00e4t f\u00fcr die Mitarbeitenden eine wichtige Bedeutung haben, allen voran flexible Arbeitsformen (71 Prozent). In der DACH-Region liegt die Zustimmung sogar bei 75 Prozent. 56 Prozent der europ\u00e4ischen Befragten erachten den Firmenwagen bzw. Mobilit\u00e4tszusch\u00fcsse als bedeutend. Die deutschsprachigen L\u00e4nder bilden hier mit einer Zustimmung von 48 das Schlusslicht. Dienstreisen-spezifische Benefits und die Option, gesch\u00e4ftliche mit privaten Reisen zu kombinieren (\u00abBleisure\u00bb, \u00abWorkation\u00bb), werden von knapp der H\u00e4lfte als wichtig bewertet (49 bzw. 45 Prozent).<\/p>\n<p>Tendenziell werden all diese Benefits von den j\u00fcngeren Mitarbeitenden der Generationen Y und Z mehr gesch\u00e4tzt als von den Babyboomern und der Generation X.<\/p>\n<h3><strong>Gesch\u00e4ftsreisen dienen noch immer als Statussymbol<\/strong><\/h3>\n<p>Business Trips werden von zahlreichen Befragten als Statussymbol betrachtet, wie die Befragung nahelegt. Menschen, die besonders exklusive Dienstreisen t\u00e4tigen, werden von mehr als der H\u00e4lfte der Befragten (51 Prozent) als privilegiert angesehen. Ein gutes Drittel (37 Prozent) hat sich in seinem sozialen Umfeld aufgrund einer bestimmten Gesch\u00e4ftsreise schon einmal besonders wichtig oder \u00fcberlegen gef\u00fchlt. Ebenfalls 37 Prozent der Befragten betrachten Menschen, die h\u00e4ufig Dienstreisen t\u00e4tigen, als besonders wichtig.<\/p>\n<p>Auch hier sind Unterschiede zwischen den Generationen und Geschlechtern zu betrachten. Tendenziell sehen M\u00e4nner sowie die j\u00fcngeren Befragten der Generationen Y und Z die Reisen eher als Statussymbol, w\u00e4hrend die entsprechenden Aussagen bei Frauen und den Babyboomern verh\u00e4ltnism\u00e4ssig weniger Zustimmung finden.<\/p>\n<h3><strong>Business Trips nach wie vor eine M\u00e4nnerdom\u00e4ne<\/strong><\/h3>\n<p>Insgesamt scheinen Gesch\u00e4ftsreisen f\u00fcr Frauen eine geringere Priorit\u00e4t zu haben, da entsprechende Aussagen bei ihnen \u00fcberwiegend weniger Zustimmung als bei den befragten M\u00e4nnern finden. Wenig \u00fcberraschend: Dem AirPlus Business Travel Index zufolge stellen Frauen klassisch nur rund 20 Prozent der Reisenden auf Business-Fl\u00fcgen.<\/p>\n<p><em>Quelle: <a href=\"http:\/\/www.airplus.com\">www.airplus.com<\/a><\/em><\/p>\n","protected":false},"excerpt":{"rendered":"<p>Jeder dritte Gesch\u00e4ftsreisende in Europa (31 Prozent) w\u00fcrde den Job wechseln, wenn er pl\u00f6tzlich nicht mehr oder nur noch sehr selten die M\u00f6glichkeit zu reisen h\u00e4tte \u2013 bei den Generationen Y und Z sogar rund 40 Prozent. Das belegt eine Befragung des Corporate-Payment-Experten AirPlus von 543 Gesch\u00e4ftsreisenden in neun europ\u00e4ischen L\u00e4ndern (Belgien, Deutschland, Frankreich, Grossbritannien, Italien, Luxemburg, Niederlande, \u00d6sterreich und Schweiz).<\/p>\n","protected":false},"author":80,"featured_media":30559,"comment_status":"closed","ping_status":"closed","sticky":false,"template":"","format":"standard","meta":{"_acf_changed":false,"_yoast_wpseo_focuskw":"Gesch\u00e4ftsreise","_yoast_wpseo_metadesc":"Jeder dritte Gesch\u00e4ftsreisende in Europa w\u00fcrde den Job wechseln, wenn er pl\u00f6tzlich nicht mehr oder nur noch sehr selten die M\u00f6glichkeit zu reisen h\u00e4tte.","articlekey":"","footnotes":""},"categories":[579],"tags":[4602,2973,4603,492],"class_list":["post-30558","post","type-post","status-publish","format-standard","has-post-thumbnail","hentry","category-human-resources","tag-geschaeftsreise","tag-kuendigung","tag-mitarbeiterzufriedenheit","tag-unternehmen"],"acf":[],"yoast_head":"<!-- This site is optimized with the Yoast SEO plugin v27.5 - https:\/\/yoast.com\/product\/yoast-seo-wordpress\/ -->\n<title>Jeder dritte Gesch\u00e4ftsreisende in Europa w\u00fcrde ohne Reiseoption k\u00fcndigen - Organisator<\/title>\n<meta name=\"description\" content=\"Jeder dritte Gesch\u00e4ftsreisende in Europa w\u00fcrde den Job wechseln, wenn er pl\u00f6tzlich nicht mehr oder nur noch sehr selten die M\u00f6glichkeit zu reisen h\u00e4tte.\" \/>\n<meta name=\"robots\" content=\"index, follow, max-snippet:-1, max-image-preview:large, max-video-preview:-1\" \/>\n<link rel=\"canonical\" href=\"https:\/\/www.organisator.ch\/de\/human-resources\/2024-10-10\/jeder-dritte-geschaeftsreisende-in-europa-wuerde-ohne-reiseoption-kuendigen\/\" \/>\n<meta property=\"og:locale\" content=\"de_DE\" \/>\n<meta property=\"og:type\" content=\"article\" \/>\n<meta property=\"og:title\" content=\"Jeder dritte Gesch\u00e4ftsreisende in Europa w\u00fcrde ohne Reiseoption k\u00fcndigen\" \/>\n<meta property=\"og:description\" content=\"Jeder dritte Gesch\u00e4ftsreisende in Europa w\u00fcrde den Job wechseln, wenn er pl\u00f6tzlich nicht mehr oder nur noch sehr selten die M\u00f6glichkeit zu reisen h\u00e4tte.\" \/>\n<meta property=\"og:url\" content=\"https:\/\/www.organisator.ch\/de\/human-resources\/2024-10-10\/jeder-dritte-geschaeftsreisende-in-europa-wuerde-ohne-reiseoption-kuendigen\/\" \/>\n<meta property=\"og:site_name\" content=\"Organisator\" \/>\n<meta property=\"article:publisher\" content=\"https:\/\/www.facebook.com\/OrganisatorFachmagazin\" \/>\n<meta property=\"article:published_time\" content=\"2024-10-10T05:30:35+00:00\" \/>\n<meta property=\"og:image\" content=\"https:\/\/www.organisator.ch\/wp-content\/uploads\/2024\/10\/Airplus_Bild1_ps.jpg\" \/>\n\t<meta property=\"og:image:width\" content=\"680\" \/>\n\t<meta property=\"og:image:height\" content=\"454\" \/>\n\t<meta property=\"og:image:type\" content=\"image\/jpeg\" \/>\n<meta name=\"author\" content=\"Dzana Muminovic\" \/>\n<meta name=\"twitter:card\" content=\"summary_large_image\" \/>\n<meta name=\"twitter:title\" content=\"Jeder dritte Gesch\u00e4ftsreisende in Europa w\u00fcrde ohne Reiseoption k\u00fcndigen\" \/>\n<meta name=\"twitter:description\" content=\"Jeder dritte #Gesch\u00e4ftsreisende in #Europa w\u00fcrde den #Job wechseln, wenn er pl\u00f6tzlich nicht mehr oder nur noch sehr selten die #M\u00f6glichkeit zu reisen h\u00e4tte.\" \/>\n<meta name=\"twitter:image\" content=\"https:\/\/www.organisator.ch\/wp-content\/uploads\/2024\/10\/Airplus_Bild1_ps.jpg\" \/>\n<script type=\"application\/ld+json\" class=\"yoast-schema-graph\">{\"@context\":\"https:\\\/\\\/schema.org\",\"@graph\":[{\"@type\":\"Article\",\"@id\":\"https:\\\/\\\/www.organisator.ch\\\/human-resources\\\/2024-10-10\\\/jeder-dritte-geschaeftsreisende-in-europa-wuerde-ohne-reiseoption-kuendigen\\\/#article\",\"isPartOf\":{\"@id\":\"https:\\\/\\\/www.organisator.ch\\\/human-resources\\\/2024-10-10\\\/jeder-dritte-geschaeftsreisende-in-europa-wuerde-ohne-reiseoption-kuendigen\\\/\"},\"author\":{\"name\":\"Dzana Muminovic\",\"@id\":\"https:\\\/\\\/www.organisator.ch\\\/#\\\/schema\\\/person\\\/afccda3a71c06d4be2ed9100dd163db7\"},\"headline\":\"Jeder dritte Gesch\u00e4ftsreisende in Europa w\u00fcrde ohne Reiseoption k\u00fcndigen\",\"datePublished\":\"2024-10-10T05:30:35+00:00\",\"mainEntityOfPage\":{\"@id\":\"https:\\\/\\\/www.organisator.ch\\\/human-resources\\\/2024-10-10\\\/jeder-dritte-geschaeftsreisende-in-europa-wuerde-ohne-reiseoption-kuendigen\\\/\"},\"wordCount\":380,\"publisher\":{\"@id\":\"https:\\\/\\\/www.organisator.ch\\\/#organization\"},\"image\":{\"@id\":\"https:\\\/\\\/www.organisator.ch\\\/human-resources\\\/2024-10-10\\\/jeder-dritte-geschaeftsreisende-in-europa-wuerde-ohne-reiseoption-kuendigen\\\/#primaryimage\"},\"thumbnailUrl\":\"https:\\\/\\\/www.organisator.ch\\\/wp-content\\\/uploads\\\/2024\\\/10\\\/Airplus_Bild1_ps.jpg\",\"keywords\":[\"Gesch\u00e4ftsreise\",\"K\u00fcndigung\",\"Mitarbeiterzufriedenheit\",\"Unternehmen\"],\"articleSection\":[\"HUMAN RESOURCES\"],\"inLanguage\":\"de\"},{\"@type\":\"WebPage\",\"@id\":\"https:\\\/\\\/www.organisator.ch\\\/human-resources\\\/2024-10-10\\\/jeder-dritte-geschaeftsreisende-in-europa-wuerde-ohne-reiseoption-kuendigen\\\/\",\"url\":\"https:\\\/\\\/www.organisator.ch\\\/human-resources\\\/2024-10-10\\\/jeder-dritte-geschaeftsreisende-in-europa-wuerde-ohne-reiseoption-kuendigen\\\/\",\"name\":\"Jeder dritte Gesch\u00e4ftsreisende in Europa w\u00fcrde ohne Reiseoption k\u00fcndigen - Organisator\",\"isPartOf\":{\"@id\":\"https:\\\/\\\/www.organisator.ch\\\/#website\"},\"primaryImageOfPage\":{\"@id\":\"https:\\\/\\\/www.organisator.ch\\\/human-resources\\\/2024-10-10\\\/jeder-dritte-geschaeftsreisende-in-europa-wuerde-ohne-reiseoption-kuendigen\\\/#primaryimage\"},\"image\":{\"@id\":\"https:\\\/\\\/www.organisator.ch\\\/human-resources\\\/2024-10-10\\\/jeder-dritte-geschaeftsreisende-in-europa-wuerde-ohne-reiseoption-kuendigen\\\/#primaryimage\"},\"thumbnailUrl\":\"https:\\\/\\\/www.organisator.ch\\\/wp-content\\\/uploads\\\/2024\\\/10\\\/Airplus_Bild1_ps.jpg\",\"datePublished\":\"2024-10-10T05:30:35+00:00\",\"description\":\"Jeder dritte Gesch\u00e4ftsreisende in Europa w\u00fcrde den Job wechseln, wenn er pl\u00f6tzlich nicht mehr oder nur noch sehr selten die M\u00f6glichkeit zu reisen h\u00e4tte.\",\"breadcrumb\":{\"@id\":\"https:\\\/\\\/www.organisator.ch\\\/human-resources\\\/2024-10-10\\\/jeder-dritte-geschaeftsreisende-in-europa-wuerde-ohne-reiseoption-kuendigen\\\/#breadcrumb\"},\"inLanguage\":\"de\",\"potentialAction\":[{\"@type\":\"ReadAction\",\"target\":[\"https:\\\/\\\/www.organisator.ch\\\/human-resources\\\/2024-10-10\\\/jeder-dritte-geschaeftsreisende-in-europa-wuerde-ohne-reiseoption-kuendigen\\\/\"]}]},{\"@type\":\"ImageObject\",\"inLanguage\":\"de\",\"@id\":\"https:\\\/\\\/www.organisator.ch\\\/human-resources\\\/2024-10-10\\\/jeder-dritte-geschaeftsreisende-in-europa-wuerde-ohne-reiseoption-kuendigen\\\/#primaryimage\",\"url\":\"https:\\\/\\\/www.organisator.ch\\\/wp-content\\\/uploads\\\/2024\\\/10\\\/Airplus_Bild1_ps.jpg\",\"contentUrl\":\"https:\\\/\\\/www.organisator.ch\\\/wp-content\\\/uploads\\\/2024\\\/10\\\/Airplus_Bild1_ps.jpg\",\"width\":680,\"height\":454,\"caption\":\"Business Trips werden von zahlreichen Befragten als Statussymbol betrachtet. (Bild: www.airplus.com)\"},{\"@type\":\"BreadcrumbList\",\"@id\":\"https:\\\/\\\/www.organisator.ch\\\/human-resources\\\/2024-10-10\\\/jeder-dritte-geschaeftsreisende-in-europa-wuerde-ohne-reiseoption-kuendigen\\\/#breadcrumb\",\"itemListElement\":[{\"@type\":\"ListItem\",\"position\":1,\"name\":\"Home\",\"item\":\"https:\\\/\\\/www.organisator.ch\\\/\"},{\"@type\":\"ListItem\",\"position\":2,\"name\":\"Jeder dritte Gesch\u00e4ftsreisende in Europa w\u00fcrde ohne Reiseoption k\u00fcndigen\"}]},{\"@type\":\"WebSite\",\"@id\":\"https:\\\/\\\/www.organisator.ch\\\/#website\",\"url\":\"https:\\\/\\\/www.organisator.ch\\\/\",\"name\":\"Organisator\",\"description\":\"Kompetent. Praxisnah. Der ORGANISATOR bereitet in 10 Ausgaben pro Jahr die wesentlichen Themen f\u00fcr F\u00fchrungskr\u00e4fte von KMU auf.\",\"publisher\":{\"@id\":\"https:\\\/\\\/www.organisator.ch\\\/#organization\"},\"potentialAction\":[{\"@type\":\"SearchAction\",\"target\":{\"@type\":\"EntryPoint\",\"urlTemplate\":\"https:\\\/\\\/www.organisator.ch\\\/?s={search_term_string}\"},\"query-input\":{\"@type\":\"PropertyValueSpecification\",\"valueRequired\":true,\"valueName\":\"search_term_string\"}}],\"inLanguage\":\"de\"},{\"@type\":\"Organization\",\"@id\":\"https:\\\/\\\/www.organisator.ch\\\/#organization\",\"name\":\"Organisator\",\"url\":\"https:\\\/\\\/www.organisator.ch\\\/\",\"logo\":{\"@type\":\"ImageObject\",\"inLanguage\":\"de\",\"@id\":\"https:\\\/\\\/www.organisator.ch\\\/#\\\/schema\\\/logo\\\/image\\\/\",\"url\":\"https:\\\/\\\/www.organisator.ch\\\/wp-content\\\/uploads\\\/2022\\\/01\\\/Logo_Organisator_Website.png\",\"contentUrl\":\"https:\\\/\\\/www.organisator.ch\\\/wp-content\\\/uploads\\\/2022\\\/01\\\/Logo_Organisator_Website.png\",\"width\":800,\"height\":77,\"caption\":\"Organisator\"},\"image\":{\"@id\":\"https:\\\/\\\/www.organisator.ch\\\/#\\\/schema\\\/logo\\\/image\\\/\"},\"sameAs\":[\"https:\\\/\\\/www.facebook.com\\\/OrganisatorFachmagazin\",\"https:\\\/\\\/www.linkedin.com\\\/showcase\\\/organisator-das-magazin-fr-kmu\",\"https:\\\/\\\/www.xing.com\\\/news\\\/pages\\\/organisator-ch-695\",\"https:\\\/\\\/www.youtube.com\\\/channel\\\/UCGP2Sq0iWaZwT3BdIAQFYpw\"]},{\"@type\":\"Person\",\"@id\":\"https:\\\/\\\/www.organisator.ch\\\/#\\\/schema\\\/person\\\/afccda3a71c06d4be2ed9100dd163db7\",\"name\":\"Dzana Muminovic\",\"image\":{\"@type\":\"ImageObject\",\"inLanguage\":\"de\",\"@id\":\"https:\\\/\\\/secure.gravatar.com\\\/avatar\\\/909c5c71aff4b38e88686f2ab2f1ba152571f394f41ed8bae431ea56ced93050?s=96&d=mm&r=g\",\"url\":\"https:\\\/\\\/secure.gravatar.com\\\/avatar\\\/909c5c71aff4b38e88686f2ab2f1ba152571f394f41ed8bae431ea56ced93050?s=96&d=mm&r=g\",\"contentUrl\":\"https:\\\/\\\/secure.gravatar.com\\\/avatar\\\/909c5c71aff4b38e88686f2ab2f1ba152571f394f41ed8bae431ea56ced93050?s=96&d=mm&r=g\",\"caption\":\"Dzana Muminovic\"},\"url\":\"https:\\\/\\\/www.organisator.ch\\\/de\\\/author\\\/dzana-muminovic\\\/\"}]}<\/script>\n<!-- \/ Yoast SEO plugin. -->","yoast_head_json":{"title":"Jeder dritte Gesch\u00e4ftsreisende in Europa w\u00fcrde ohne Reiseoption k\u00fcndigen - Organisator","description":"Jeder dritte Gesch\u00e4ftsreisende in Europa w\u00fcrde den Job wechseln, wenn er pl\u00f6tzlich nicht mehr oder nur noch sehr selten die M\u00f6glichkeit zu reisen h\u00e4tte.","robots":{"index":"index","follow":"follow","max-snippet":"max-snippet:-1","max-image-preview":"max-image-preview:large","max-video-preview":"max-video-preview:-1"},"canonical":"https:\/\/www.organisator.ch\/de\/human-resources\/2024-10-10\/jeder-dritte-geschaeftsreisende-in-europa-wuerde-ohne-reiseoption-kuendigen\/","og_locale":"de_DE","og_type":"article","og_title":"Jeder dritte Gesch\u00e4ftsreisende in Europa w\u00fcrde ohne Reiseoption k\u00fcndigen","og_description":"Jeder dritte Gesch\u00e4ftsreisende in Europa w\u00fcrde den Job wechseln, wenn er pl\u00f6tzlich nicht mehr oder nur noch sehr selten die M\u00f6glichkeit zu reisen h\u00e4tte.","og_url":"https:\/\/www.organisator.ch\/de\/human-resources\/2024-10-10\/jeder-dritte-geschaeftsreisende-in-europa-wuerde-ohne-reiseoption-kuendigen\/","og_site_name":"Organisator","article_publisher":"https:\/\/www.facebook.com\/OrganisatorFachmagazin","article_published_time":"2024-10-10T05:30:35+00:00","og_image":[{"width":680,"height":454,"url":"https:\/\/www.organisator.ch\/wp-content\/uploads\/2024\/10\/Airplus_Bild1_ps.jpg","type":"image\/jpeg"}],"author":"Dzana Muminovic","twitter_card":"summary_large_image","twitter_title":"Jeder dritte Gesch\u00e4ftsreisende in Europa w\u00fcrde ohne Reiseoption k\u00fcndigen","twitter_description":"Jeder dritte #Gesch\u00e4ftsreisende in #Europa w\u00fcrde den #Job wechseln, wenn er pl\u00f6tzlich nicht mehr oder nur noch sehr selten die #M\u00f6glichkeit zu reisen h\u00e4tte.","twitter_image":"https:\/\/www.organisator.ch\/wp-content\/uploads\/2024\/10\/Airplus_Bild1_ps.jpg","schema":{"@context":"https:\/\/schema.org","@graph":[{"@type":"Article","@id":"https:\/\/www.organisator.ch\/human-resources\/2024-10-10\/jeder-dritte-geschaeftsreisende-in-europa-wuerde-ohne-reiseoption-kuendigen\/#article","isPartOf":{"@id":"https:\/\/www.organisator.ch\/human-resources\/2024-10-10\/jeder-dritte-geschaeftsreisende-in-europa-wuerde-ohne-reiseoption-kuendigen\/"},"author":{"name":"Dzana Muminovic","@id":"https:\/\/www.organisator.ch\/#\/schema\/person\/afccda3a71c06d4be2ed9100dd163db7"},"headline":"Jeder dritte Gesch\u00e4ftsreisende in Europa w\u00fcrde ohne Reiseoption k\u00fcndigen","datePublished":"2024-10-10T05:30:35+00:00","mainEntityOfPage":{"@id":"https:\/\/www.organisator.ch\/human-resources\/2024-10-10\/jeder-dritte-geschaeftsreisende-in-europa-wuerde-ohne-reiseoption-kuendigen\/"},"wordCount":380,"publisher":{"@id":"https:\/\/www.organisator.ch\/#organization"},"image":{"@id":"https:\/\/www.organisator.ch\/human-resources\/2024-10-10\/jeder-dritte-geschaeftsreisende-in-europa-wuerde-ohne-reiseoption-kuendigen\/#primaryimage"},"thumbnailUrl":"https:\/\/www.organisator.ch\/wp-content\/uploads\/2024\/10\/Airplus_Bild1_ps.jpg","keywords":["Gesch\u00e4ftsreise","K\u00fcndigung","Mitarbeiterzufriedenheit","Unternehmen"],"articleSection":["HUMAN RESOURCES"],"inLanguage":"de"},{"@type":"WebPage","@id":"https:\/\/www.organisator.ch\/human-resources\/2024-10-10\/jeder-dritte-geschaeftsreisende-in-europa-wuerde-ohne-reiseoption-kuendigen\/","url":"https:\/\/www.organisator.ch\/human-resources\/2024-10-10\/jeder-dritte-geschaeftsreisende-in-europa-wuerde-ohne-reiseoption-kuendigen\/","name":"Jeder dritte Gesch\u00e4ftsreisende in Europa w\u00fcrde ohne Reiseoption k\u00fcndigen - Organisator","isPartOf":{"@id":"https:\/\/www.organisator.ch\/#website"},"primaryImageOfPage":{"@id":"https:\/\/www.organisator.ch\/human-resources\/2024-10-10\/jeder-dritte-geschaeftsreisende-in-europa-wuerde-ohne-reiseoption-kuendigen\/#primaryimage"},"image":{"@id":"https:\/\/www.organisator.ch\/human-resources\/2024-10-10\/jeder-dritte-geschaeftsreisende-in-europa-wuerde-ohne-reiseoption-kuendigen\/#primaryimage"},"thumbnailUrl":"https:\/\/www.organisator.ch\/wp-content\/uploads\/2024\/10\/Airplus_Bild1_ps.jpg","datePublished":"2024-10-10T05:30:35+00:00","description":"Jeder dritte Gesch\u00e4ftsreisende in Europa w\u00fcrde den Job wechseln, wenn er pl\u00f6tzlich nicht mehr oder nur noch sehr selten die M\u00f6glichkeit zu reisen h\u00e4tte.","breadcrumb":{"@id":"https:\/\/www.organisator.ch\/human-resources\/2024-10-10\/jeder-dritte-geschaeftsreisende-in-europa-wuerde-ohne-reiseoption-kuendigen\/#breadcrumb"},"inLanguage":"de","potentialAction":[{"@type":"ReadAction","target":["https:\/\/www.organisator.ch\/human-resources\/2024-10-10\/jeder-dritte-geschaeftsreisende-in-europa-wuerde-ohne-reiseoption-kuendigen\/"]}]},{"@type":"ImageObject","inLanguage":"de","@id":"https:\/\/www.organisator.ch\/human-resources\/2024-10-10\/jeder-dritte-geschaeftsreisende-in-europa-wuerde-ohne-reiseoption-kuendigen\/#primaryimage","url":"https:\/\/www.organisator.ch\/wp-content\/uploads\/2024\/10\/Airplus_Bild1_ps.jpg","contentUrl":"https:\/\/www.organisator.ch\/wp-content\/uploads\/2024\/10\/Airplus_Bild1_ps.jpg","width":680,"height":454,"caption":"Business Trips werden von zahlreichen Befragten als Statussymbol betrachtet. (Bild: www.airplus.com)"},{"@type":"BreadcrumbList","@id":"https:\/\/www.organisator.ch\/human-resources\/2024-10-10\/jeder-dritte-geschaeftsreisende-in-europa-wuerde-ohne-reiseoption-kuendigen\/#breadcrumb","itemListElement":[{"@type":"ListItem","position":1,"name":"Home","item":"https:\/\/www.organisator.ch\/"},{"@type":"ListItem","position":2,"name":"Jeder dritte Gesch\u00e4ftsreisende in Europa w\u00fcrde ohne Reiseoption k\u00fcndigen"}]},{"@type":"WebSite","@id":"https:\/\/www.organisator.ch\/#website","url":"https:\/\/www.organisator.ch\/","name":"Organisator","description":"Kompetent. Praxisnah. Der ORGANISATOR bereitet in 10 Ausgaben pro Jahr die wesentlichen Themen f\u00fcr F\u00fchrungskr\u00e4fte von KMU auf.","publisher":{"@id":"https:\/\/www.organisator.ch\/#organization"},"potentialAction":[{"@type":"SearchAction","target":{"@type":"EntryPoint","urlTemplate":"https:\/\/www.organisator.ch\/?s={search_term_string}"},"query-input":{"@type":"PropertyValueSpecification","valueRequired":true,"valueName":"search_term_string"}}],"inLanguage":"de"},{"@type":"Organization","@id":"https:\/\/www.organisator.ch\/#organization","name":"Organisator","url":"https:\/\/www.organisator.ch\/","logo":{"@type":"ImageObject","inLanguage":"de","@id":"https:\/\/www.organisator.ch\/#\/schema\/logo\/image\/","url":"https:\/\/www.organisator.ch\/wp-content\/uploads\/2022\/01\/Logo_Organisator_Website.png","contentUrl":"https:\/\/www.organisator.ch\/wp-content\/uploads\/2022\/01\/Logo_Organisator_Website.png","width":800,"height":77,"caption":"Organisator"},"image":{"@id":"https:\/\/www.organisator.ch\/#\/schema\/logo\/image\/"},"sameAs":["https:\/\/www.facebook.com\/OrganisatorFachmagazin","https:\/\/www.linkedin.com\/showcase\/organisator-das-magazin-fr-kmu","https:\/\/www.xing.com\/news\/pages\/organisator-ch-695","https:\/\/www.youtube.com\/channel\/UCGP2Sq0iWaZwT3BdIAQFYpw"]},{"@type":"Person","@id":"https:\/\/www.organisator.ch\/#\/schema\/person\/afccda3a71c06d4be2ed9100dd163db7","name":"Dzana Muminovic","image":{"@type":"ImageObject","inLanguage":"de","@id":"https:\/\/secure.gravatar.com\/avatar\/909c5c71aff4b38e88686f2ab2f1ba152571f394f41ed8bae431ea56ced93050?s=96&d=mm&r=g","url":"https:\/\/secure.gravatar.com\/avatar\/909c5c71aff4b38e88686f2ab2f1ba152571f394f41ed8bae431ea56ced93050?s=96&d=mm&r=g","contentUrl":"https:\/\/secure.gravatar.com\/avatar\/909c5c71aff4b38e88686f2ab2f1ba152571f394f41ed8bae431ea56ced93050?s=96&d=mm&r=g","caption":"Dzana Muminovic"},"url":"https:\/\/www.organisator.ch\/de\/author\/dzana-muminovic\/"}]}},"_links":{"self":[{"href":"https:\/\/www.organisator.ch\/de\/wp-json\/wp\/v2\/posts\/30558","targetHints":{"allow":["GET"]}}],"collection":[{"href":"https:\/\/www.organisator.ch\/de\/wp-json\/wp\/v2\/posts"}],"about":[{"href":"https:\/\/www.organisator.ch\/de\/wp-json\/wp\/v2\/types\/post"}],"author":[{"embeddable":true,"href":"https:\/\/www.organisator.ch\/de\/wp-json\/wp\/v2\/users\/80"}],"replies":[{"embeddable":true,"href":"https:\/\/www.organisator.ch\/de\/wp-json\/wp\/v2\/comments?post=30558"}],"version-history":[{"count":3,"href":"https:\/\/www.organisator.ch\/de\/wp-json\/wp\/v2\/posts\/30558\/revisions"}],"predecessor-version":[{"id":30626,"href":"https:\/\/www.organisator.ch\/de\/wp-json\/wp\/v2\/posts\/30558\/revisions\/30626"}],"wp:featuredmedia":[{"embeddable":true,"href":"https:\/\/www.organisator.ch\/de\/wp-json\/wp\/v2\/media\/30559"}],"wp:attachment":[{"href":"https:\/\/www.organisator.ch\/de\/wp-json\/wp\/v2\/media?parent=30558"}],"wp:term":[{"taxonomy":"category","embeddable":true,"href":"https:\/\/www.organisator.ch\/de\/wp-json\/wp\/v2\/categories?post=30558"},{"taxonomy":"post_tag","embeddable":true,"href":"https:\/\/www.organisator.ch\/de\/wp-json\/wp\/v2\/tags?post=30558"}],"curies":[{"name":"wp","href":"https:\/\/api.w.org\/{rel}","templated":true}]}}