{"id":30575,"date":"2024-10-10T09:11:10","date_gmt":"2024-10-10T07:11:10","guid":{"rendered":"https:\/\/www.organisator.ch\/?p=30575"},"modified":"2024-10-10T09:13:18","modified_gmt":"2024-10-10T07:13:18","slug":"emanuele-diquattro-wird-neuer-ceo-der-inventx-ag","status":"publish","type":"post","link":"https:\/\/www.organisator.ch\/de\/management\/2024-10-10\/emanuele-diquattro-wird-neuer-ceo-der-inventx-ag\/","title":{"rendered":"Emanuele Diquattro wird neuer CEO der Inventx AG"},"content":{"rendered":"<figure id=\"attachment_30577\" aria-describedby=\"caption-attachment-30577\" style=\"width: 680px\" class=\"wp-caption alignnone\"><img loading=\"lazy\" decoding=\"async\" class=\"wp-image-30577 size-full\" src=\"https:\/\/www.organisator.ch\/wp-content\/uploads\/2024\/10\/Emanuele-Diquattro_Inventx_Bild1_ps-e1728544392633.jpg\" alt=\"\" width=\"680\" height=\"550\" \/><figcaption id=\"caption-attachment-30577\" class=\"wp-caption-text\">Emanuele Diquattro \u2013 Neuer CEO der Inventx AG. (Bild: www.inventx.ch)<\/figcaption><\/figure>\n<p>Mit Emanuele Diquattro hat Inventx die perfekte Kombination aus F\u00fchrungsst\u00e4rke, Branchen- und Technologie-Know-how, Kundenorientierung sowie Erfahrung in unternehmerischer Gesamtverantwortung gefunden. Der neue CEO wird am 1. November 2024 zur Inventx stossen und nach der Einf\u00fchrungsphase ab 1. Januar 2025 der sechsk\u00f6pfigen Gesch\u00e4ftsleitung der Inventx vorstehen, um die etablierte IT- und Digitalisierungsdienstleisterin f\u00fcr die Schweizer Finanzwirtschaft zur weiteren Marktdurchdringung im Bankensektor und noch erfolgreicheren Erschliessung des Versicherungsmarkts zu f\u00fchren.<\/p>\n<p>F\u00fcr die Betreuung und das weitere Wachstum dieser beiden Schwerpunktm\u00e4rkten der Inventx kann er insbesondere auf Damian Hallenbarter als Leiter Banking z\u00e4hlen, der im Fr\u00fchjahr von der Schwyzer Kantonalbank zur Inventx wechselte. In Daniel Wenger, Leiter Insurance der Inventx, findet er sich in einem Power-Tandem f\u00fcr den Ausbau des Marktanteils beim zweiten Standbein der Inventx wieder.<\/p>\n<p>Gestartet bei der Sanitas Krankenversicherung AG, hat Emanuele Diquattro das Versicherungsgesch\u00e4ft von der Pike auf gelernt. Nach mehreren Jahren in kundenorientierten Funktionen und im Projektmanagement wandte er sich verst\u00e4rkt der IT zu und stieg innert weniger Jahre zum Head of IT-Projects &amp; Process Management auf. Als CIO transformierte er bald darauf die gesamte IT-Organisation des Versicherers und \u00fcbernahm als Co-Lead die Entwicklung neuer digitaler Gesch\u00e4ftsmodelle. Zuletzt hatte er bei Sanitas als Chief Marketing Officer und stellvertretender CEO die gesamte mehrdimensionale Sales- und Marketingmannschaft unter sich. In dieser Funktion konzipierte er die strategische Neupositionierung hin zu einer \u00abDigital-First\u00bb-Vertriebsorganisation, deren Umsetzung er bis zu seinem Wechsel zu Adcubum im Jahr 2018 auch verantwortete.<\/p>\n<p>Beim renommierten Softwarehersteller f\u00fcr Versicherungen \u2212 aus dessen Haus unter anderem die Kernversicherungsl\u00f6sung Syrius stammt, die Inventx im PaaS-Modell als Managed Application Service anbietet \u2212 stieg Emanuele Diquattro als Chief Commercial Officer ein und wurde nur ein Jahr sp\u00e4ter zum CEO ernannt. Er trieb \u00fcber die drei Jahre seiner F\u00fchrung die Zukunftsausrichtung des 400 Mitarbeitende starken Unternehmens, insbesondere mit der Entwicklung einer modernen IT-Architektur f\u00fcr dessen Softwarel\u00f6sungen, voran und steigerte dessen Unternehmenswert betr\u00e4chtlich. Er verliess Adcubum 2022, um beim internationalen InsurTech wefox als Country Lead Schweiz seine vielseitige Erfahrung in Vertrieb, Versicherungswesen und Plattformentwicklung in einem neuen Gesch\u00e4ftsmodell zu kombinieren und dieses aufzubauen.<\/p>\n<p>Der 42-j\u00e4hrige Schweizer ist eidg. gepr\u00fcfter Betriebswirt und h\u00e4lt einen Master in Business Engineering der Hochschule f\u00fcr Wirtschaft Z\u00fcrich. Er ist aktuell unter anderem Mitglied vom Executive Advisory Board der AI Business School und Verwaltungsrat in verschiedenen Digital-, Vertriebs- und Beratungs-unternehmen.<\/p>\n<p>Emanuele Diquattro \u00fcbernimmt die CEO-Funktion von Inventx-Mitgr\u00fcnder und -inhaber Gregor St\u00fccheli, der sich nun wieder auf seine Rolle als Verwaltungsratspr\u00e4sident konzentrieren wird.<\/p>\n<p>Gregor St\u00fccheli \u00fcbergibt die Stafette an den neuen CEO mit folgenden Worten: \u00abEmanuele Diquattro bringt das perfekte Paket an Skills, Vernetzung und Erfahrung mit, das es bei der Inventx f\u00fcr diese Rolle an der Schnittstelle zwischen Technologie- und branchenspezifischem Business-Know-how braucht. Doch was mich am meisten \u00fcberzeugt von ihm, sind seine Kundenorientierung und sein Teamplay. Damit verk\u00f6rpert er ideal unsere Unternehmenswerte und kann unsere Kundinnen und Kunden wie auch unsere Mitarbeitenden auf unserer weiteren ambiti\u00f6sen unternehmerischen Reise mitnehmen.\u00bb<\/p>\n<p>Emanuele Diquattro freut sich auf die Herausforderung: \u00abIch habe die Erfolgsgeschichte der Inventx all die Jahre \u00fcber verfolgt und es erf\u00fcllt mich mit grossem Stolz, dass ich als CEO diese Geschichte weiterschreiben kann und mitpr\u00e4gen darf. Ich bin \u00fcberzeugt, dass ich mit dem Verwaltungsrat um die Gr\u00fcnder Gregor St\u00fccheli und Hans Nagel und mit einer ausgezeichnet aufgestellten Gesch\u00e4ftsleitung sowie einem hochmotivierten Team k\u00fcnftig in unseren Schwerpunktbranchen weitere Meilensteine setzen kann.\u00bb<\/p>\n<p>Der Gesch\u00e4ftsleitung der Inventx geh\u00f6ren neben dem designierten CEO, Damian Hallenbarter und Daniel Wenger auch Patrick Hagen, CFO, Fabio Cortesi, CTO, sowie Christoph Z\u00fcger, Business Development &amp; Sales, an.<\/p>\n<p><em>Quelle: <a href=\"http:\/\/www.inventx.ch\">www.inventx.ch<\/a><\/em><\/p>\n","protected":false},"excerpt":{"rendered":"<p>Emanuele Diquattro wird ab November zur Inventx stossen und ab Januar 2025 als CEO die etablierte IT- und Digitalisierungspartnerin namhafter Schweizer Banken und Versicherungen zu weiterem Wachstum lotsen. <\/p>\n","protected":false},"author":58,"featured_media":30577,"comment_status":"closed","ping_status":"closed","sticky":false,"template":"","format":"standard","meta":{"_acf_changed":false,"_yoast_wpseo_focuskw":"Emanuele Diquattro","_yoast_wpseo_metadesc":"Emanuele Diquattro wird ab November zur Inventx stossen und ab Januar 2025 als CEO \u00fcbernehmen.","articlekey":"","footnotes":""},"categories":[28],"tags":[904,156,286,334,492],"class_list":["post-30575","post","type-post","status-publish","format-standard","has-post-thumbnail","hentry","category-management","tag-ceo","tag-digitalisierung","tag-it","tag-management","tag-unternehmen"],"acf":[],"yoast_head":"<!-- This site is optimized with the Yoast SEO plugin v27.4 - https:\/\/yoast.com\/product\/yoast-seo-wordpress\/ -->\n<title>Emanuele Diquattro wird neuer CEO der Inventx AG - Organisator<\/title>\n<meta name=\"description\" content=\"Emanuele Diquattro wird ab November zur Inventx stossen und ab Januar 2025 als CEO \u00fcbernehmen.\" \/>\n<meta name=\"robots\" content=\"index, follow, max-snippet:-1, max-image-preview:large, max-video-preview:-1\" \/>\n<link rel=\"canonical\" href=\"https:\/\/www.organisator.ch\/de\/management\/2024-10-10\/emanuele-diquattro-wird-neuer-ceo-der-inventx-ag\/\" \/>\n<meta property=\"og:locale\" content=\"de_DE\" \/>\n<meta property=\"og:type\" content=\"article\" \/>\n<meta property=\"og:title\" content=\"Emanuele Diquattro wird neuer CEO der Inventx AG\" \/>\n<meta property=\"og:description\" content=\"Emanuele Diquattro wird ab November zur Inventx stossen und ab Januar 2025 als CEO \u00fcbernehmen.\" \/>\n<meta property=\"og:url\" content=\"https:\/\/www.organisator.ch\/de\/management\/2024-10-10\/emanuele-diquattro-wird-neuer-ceo-der-inventx-ag\/\" \/>\n<meta property=\"og:site_name\" content=\"Organisator\" \/>\n<meta property=\"article:publisher\" content=\"https:\/\/www.facebook.com\/OrganisatorFachmagazin\" \/>\n<meta property=\"article:published_time\" content=\"2024-10-10T07:11:10+00:00\" \/>\n<meta property=\"article:modified_time\" content=\"2024-10-10T07:13:18+00:00\" \/>\n<meta property=\"og:image\" content=\"https:\/\/www.organisator.ch\/wp-content\/uploads\/2024\/10\/Emanuele-Diquattro_Inventx_Bild1_ps-e1728544392633.jpg\" \/>\n\t<meta property=\"og:image:width\" content=\"680\" \/>\n\t<meta property=\"og:image:height\" content=\"550\" \/>\n\t<meta property=\"og:image:type\" content=\"image\/jpeg\" \/>\n<meta name=\"author\" content=\"Adelisa Kalajdzini\" \/>\n<meta name=\"twitter:card\" content=\"summary_large_image\" \/>\n<meta name=\"twitter:title\" content=\"Emanuele Diquattro wird neuer CEO der Inventx AG\" \/>\n<meta name=\"twitter:description\" content=\"#Emanuele #Diquattro wird ab November zur #Inventx stossen und ab Januar 2025 als #CEO \u00fcbernehmen.\" \/>\n<meta name=\"twitter:image\" content=\"https:\/\/www.organisator.ch\/wp-content\/uploads\/2024\/10\/Emanuele-Diquattro_Inventx_Bild1_ps-e1728544473795.jpg\" \/>\n<script type=\"application\/ld+json\" class=\"yoast-schema-graph\">{\"@context\":\"https:\\\/\\\/schema.org\",\"@graph\":[{\"@type\":\"Article\",\"@id\":\"https:\\\/\\\/www.organisator.ch\\\/management\\\/2024-10-10\\\/emanuele-diquattro-wird-neuer-ceo-der-inventx-ag\\\/#article\",\"isPartOf\":{\"@id\":\"https:\\\/\\\/www.organisator.ch\\\/management\\\/2024-10-10\\\/emanuele-diquattro-wird-neuer-ceo-der-inventx-ag\\\/\"},\"author\":{\"name\":\"Adelisa Kalajdzini\",\"@id\":\"https:\\\/\\\/www.organisator.ch\\\/#\\\/schema\\\/person\\\/2e1314a2172123f874db408d8911d3f3\"},\"headline\":\"Emanuele Diquattro wird neuer CEO der Inventx AG\",\"datePublished\":\"2024-10-10T07:11:10+00:00\",\"dateModified\":\"2024-10-10T07:13:18+00:00\",\"mainEntityOfPage\":{\"@id\":\"https:\\\/\\\/www.organisator.ch\\\/management\\\/2024-10-10\\\/emanuele-diquattro-wird-neuer-ceo-der-inventx-ag\\\/\"},\"wordCount\":644,\"publisher\":{\"@id\":\"https:\\\/\\\/www.organisator.ch\\\/#organization\"},\"image\":{\"@id\":\"https:\\\/\\\/www.organisator.ch\\\/management\\\/2024-10-10\\\/emanuele-diquattro-wird-neuer-ceo-der-inventx-ag\\\/#primaryimage\"},\"thumbnailUrl\":\"https:\\\/\\\/www.organisator.ch\\\/wp-content\\\/uploads\\\/2024\\\/10\\\/Emanuele-Diquattro_Inventx_Bild1_ps-e1728544473795.jpg\",\"keywords\":[\"CEO\",\"Digitalisierung\",\"IT\",\"Management\",\"Unternehmen\"],\"articleSection\":[\"MANAGEMENT\"],\"inLanguage\":\"de\"},{\"@type\":\"WebPage\",\"@id\":\"https:\\\/\\\/www.organisator.ch\\\/management\\\/2024-10-10\\\/emanuele-diquattro-wird-neuer-ceo-der-inventx-ag\\\/\",\"url\":\"https:\\\/\\\/www.organisator.ch\\\/management\\\/2024-10-10\\\/emanuele-diquattro-wird-neuer-ceo-der-inventx-ag\\\/\",\"name\":\"Emanuele Diquattro wird neuer CEO der Inventx AG - Organisator\",\"isPartOf\":{\"@id\":\"https:\\\/\\\/www.organisator.ch\\\/#website\"},\"primaryImageOfPage\":{\"@id\":\"https:\\\/\\\/www.organisator.ch\\\/management\\\/2024-10-10\\\/emanuele-diquattro-wird-neuer-ceo-der-inventx-ag\\\/#primaryimage\"},\"image\":{\"@id\":\"https:\\\/\\\/www.organisator.ch\\\/management\\\/2024-10-10\\\/emanuele-diquattro-wird-neuer-ceo-der-inventx-ag\\\/#primaryimage\"},\"thumbnailUrl\":\"https:\\\/\\\/www.organisator.ch\\\/wp-content\\\/uploads\\\/2024\\\/10\\\/Emanuele-Diquattro_Inventx_Bild1_ps-e1728544473795.jpg\",\"datePublished\":\"2024-10-10T07:11:10+00:00\",\"dateModified\":\"2024-10-10T07:13:18+00:00\",\"description\":\"Emanuele Diquattro wird ab November zur Inventx stossen und ab Januar 2025 als CEO \u00fcbernehmen.\",\"breadcrumb\":{\"@id\":\"https:\\\/\\\/www.organisator.ch\\\/management\\\/2024-10-10\\\/emanuele-diquattro-wird-neuer-ceo-der-inventx-ag\\\/#breadcrumb\"},\"inLanguage\":\"de\",\"potentialAction\":[{\"@type\":\"ReadAction\",\"target\":[\"https:\\\/\\\/www.organisator.ch\\\/management\\\/2024-10-10\\\/emanuele-diquattro-wird-neuer-ceo-der-inventx-ag\\\/\"]}]},{\"@type\":\"ImageObject\",\"inLanguage\":\"de\",\"@id\":\"https:\\\/\\\/www.organisator.ch\\\/management\\\/2024-10-10\\\/emanuele-diquattro-wird-neuer-ceo-der-inventx-ag\\\/#primaryimage\",\"url\":\"https:\\\/\\\/www.organisator.ch\\\/wp-content\\\/uploads\\\/2024\\\/10\\\/Emanuele-Diquattro_Inventx_Bild1_ps-e1728544473795.jpg\",\"contentUrl\":\"https:\\\/\\\/www.organisator.ch\\\/wp-content\\\/uploads\\\/2024\\\/10\\\/Emanuele-Diquattro_Inventx_Bild1_ps-e1728544473795.jpg\",\"width\":642,\"height\":500,\"caption\":\"Emanuele Diquattro \u2013 Neuer CEO der Inventx AG. (Bild: www.inventx.ch)\"},{\"@type\":\"BreadcrumbList\",\"@id\":\"https:\\\/\\\/www.organisator.ch\\\/management\\\/2024-10-10\\\/emanuele-diquattro-wird-neuer-ceo-der-inventx-ag\\\/#breadcrumb\",\"itemListElement\":[{\"@type\":\"ListItem\",\"position\":1,\"name\":\"Home\",\"item\":\"https:\\\/\\\/www.organisator.ch\\\/\"},{\"@type\":\"ListItem\",\"position\":2,\"name\":\"Emanuele Diquattro wird neuer CEO der Inventx AG\"}]},{\"@type\":\"WebSite\",\"@id\":\"https:\\\/\\\/www.organisator.ch\\\/#website\",\"url\":\"https:\\\/\\\/www.organisator.ch\\\/\",\"name\":\"Organisator\",\"description\":\"Kompetent. Praxisnah. Der ORGANISATOR bereitet in 10 Ausgaben pro Jahr die wesentlichen Themen f\u00fcr F\u00fchrungskr\u00e4fte von KMU auf.\",\"publisher\":{\"@id\":\"https:\\\/\\\/www.organisator.ch\\\/#organization\"},\"potentialAction\":[{\"@type\":\"SearchAction\",\"target\":{\"@type\":\"EntryPoint\",\"urlTemplate\":\"https:\\\/\\\/www.organisator.ch\\\/?s={search_term_string}\"},\"query-input\":{\"@type\":\"PropertyValueSpecification\",\"valueRequired\":true,\"valueName\":\"search_term_string\"}}],\"inLanguage\":\"de\"},{\"@type\":\"Organization\",\"@id\":\"https:\\\/\\\/www.organisator.ch\\\/#organization\",\"name\":\"Organisator\",\"url\":\"https:\\\/\\\/www.organisator.ch\\\/\",\"logo\":{\"@type\":\"ImageObject\",\"inLanguage\":\"de\",\"@id\":\"https:\\\/\\\/www.organisator.ch\\\/#\\\/schema\\\/logo\\\/image\\\/\",\"url\":\"https:\\\/\\\/www.organisator.ch\\\/wp-content\\\/uploads\\\/2022\\\/01\\\/Logo_Organisator_Website.png\",\"contentUrl\":\"https:\\\/\\\/www.organisator.ch\\\/wp-content\\\/uploads\\\/2022\\\/01\\\/Logo_Organisator_Website.png\",\"width\":800,\"height\":77,\"caption\":\"Organisator\"},\"image\":{\"@id\":\"https:\\\/\\\/www.organisator.ch\\\/#\\\/schema\\\/logo\\\/image\\\/\"},\"sameAs\":[\"https:\\\/\\\/www.facebook.com\\\/OrganisatorFachmagazin\",\"https:\\\/\\\/www.linkedin.com\\\/showcase\\\/organisator-das-magazin-fr-kmu\",\"https:\\\/\\\/www.xing.com\\\/news\\\/pages\\\/organisator-ch-695\",\"https:\\\/\\\/www.youtube.com\\\/channel\\\/UCGP2Sq0iWaZwT3BdIAQFYpw\"]},{\"@type\":\"Person\",\"@id\":\"https:\\\/\\\/www.organisator.ch\\\/#\\\/schema\\\/person\\\/2e1314a2172123f874db408d8911d3f3\",\"name\":\"Adelisa Kalajdzini\",\"image\":{\"@type\":\"ImageObject\",\"inLanguage\":\"de\",\"@id\":\"https:\\\/\\\/secure.gravatar.com\\\/avatar\\\/09a397c22ac58cad6f160ee8306348599df9df58a8ede73696226897b9fa4b24?s=96&d=mm&r=g\",\"url\":\"https:\\\/\\\/secure.gravatar.com\\\/avatar\\\/09a397c22ac58cad6f160ee8306348599df9df58a8ede73696226897b9fa4b24?s=96&d=mm&r=g\",\"contentUrl\":\"https:\\\/\\\/secure.gravatar.com\\\/avatar\\\/09a397c22ac58cad6f160ee8306348599df9df58a8ede73696226897b9fa4b24?s=96&d=mm&r=g\",\"caption\":\"Adelisa Kalajdzini\"},\"url\":\"https:\\\/\\\/www.organisator.ch\\\/de\\\/author\\\/adelisa-kalajdzini\\\/\"}]}<\/script>\n<!-- \/ Yoast SEO plugin. -->","yoast_head_json":{"title":"Emanuele Diquattro wird neuer CEO der Inventx AG - Organisator","description":"Emanuele Diquattro wird ab November zur Inventx stossen und ab Januar 2025 als CEO \u00fcbernehmen.","robots":{"index":"index","follow":"follow","max-snippet":"max-snippet:-1","max-image-preview":"max-image-preview:large","max-video-preview":"max-video-preview:-1"},"canonical":"https:\/\/www.organisator.ch\/de\/management\/2024-10-10\/emanuele-diquattro-wird-neuer-ceo-der-inventx-ag\/","og_locale":"de_DE","og_type":"article","og_title":"Emanuele Diquattro wird neuer CEO der Inventx AG","og_description":"Emanuele Diquattro wird ab November zur Inventx stossen und ab Januar 2025 als CEO \u00fcbernehmen.","og_url":"https:\/\/www.organisator.ch\/de\/management\/2024-10-10\/emanuele-diquattro-wird-neuer-ceo-der-inventx-ag\/","og_site_name":"Organisator","article_publisher":"https:\/\/www.facebook.com\/OrganisatorFachmagazin","article_published_time":"2024-10-10T07:11:10+00:00","article_modified_time":"2024-10-10T07:13:18+00:00","og_image":[{"width":680,"height":550,"url":"https:\/\/www.organisator.ch\/wp-content\/uploads\/2024\/10\/Emanuele-Diquattro_Inventx_Bild1_ps-e1728544392633.jpg","type":"image\/jpeg"}],"author":"Adelisa Kalajdzini","twitter_card":"summary_large_image","twitter_title":"Emanuele Diquattro wird neuer CEO der Inventx AG","twitter_description":"#Emanuele #Diquattro wird ab November zur #Inventx stossen und ab Januar 2025 als #CEO \u00fcbernehmen.","twitter_image":"https:\/\/www.organisator.ch\/wp-content\/uploads\/2024\/10\/Emanuele-Diquattro_Inventx_Bild1_ps-e1728544473795.jpg","schema":{"@context":"https:\/\/schema.org","@graph":[{"@type":"Article","@id":"https:\/\/www.organisator.ch\/management\/2024-10-10\/emanuele-diquattro-wird-neuer-ceo-der-inventx-ag\/#article","isPartOf":{"@id":"https:\/\/www.organisator.ch\/management\/2024-10-10\/emanuele-diquattro-wird-neuer-ceo-der-inventx-ag\/"},"author":{"name":"Adelisa Kalajdzini","@id":"https:\/\/www.organisator.ch\/#\/schema\/person\/2e1314a2172123f874db408d8911d3f3"},"headline":"Emanuele Diquattro wird neuer CEO der Inventx AG","datePublished":"2024-10-10T07:11:10+00:00","dateModified":"2024-10-10T07:13:18+00:00","mainEntityOfPage":{"@id":"https:\/\/www.organisator.ch\/management\/2024-10-10\/emanuele-diquattro-wird-neuer-ceo-der-inventx-ag\/"},"wordCount":644,"publisher":{"@id":"https:\/\/www.organisator.ch\/#organization"},"image":{"@id":"https:\/\/www.organisator.ch\/management\/2024-10-10\/emanuele-diquattro-wird-neuer-ceo-der-inventx-ag\/#primaryimage"},"thumbnailUrl":"https:\/\/www.organisator.ch\/wp-content\/uploads\/2024\/10\/Emanuele-Diquattro_Inventx_Bild1_ps-e1728544473795.jpg","keywords":["CEO","Digitalisierung","IT","Management","Unternehmen"],"articleSection":["MANAGEMENT"],"inLanguage":"de"},{"@type":"WebPage","@id":"https:\/\/www.organisator.ch\/management\/2024-10-10\/emanuele-diquattro-wird-neuer-ceo-der-inventx-ag\/","url":"https:\/\/www.organisator.ch\/management\/2024-10-10\/emanuele-diquattro-wird-neuer-ceo-der-inventx-ag\/","name":"Emanuele Diquattro wird neuer CEO der Inventx AG - Organisator","isPartOf":{"@id":"https:\/\/www.organisator.ch\/#website"},"primaryImageOfPage":{"@id":"https:\/\/www.organisator.ch\/management\/2024-10-10\/emanuele-diquattro-wird-neuer-ceo-der-inventx-ag\/#primaryimage"},"image":{"@id":"https:\/\/www.organisator.ch\/management\/2024-10-10\/emanuele-diquattro-wird-neuer-ceo-der-inventx-ag\/#primaryimage"},"thumbnailUrl":"https:\/\/www.organisator.ch\/wp-content\/uploads\/2024\/10\/Emanuele-Diquattro_Inventx_Bild1_ps-e1728544473795.jpg","datePublished":"2024-10-10T07:11:10+00:00","dateModified":"2024-10-10T07:13:18+00:00","description":"Emanuele Diquattro wird ab November zur Inventx stossen und ab Januar 2025 als CEO \u00fcbernehmen.","breadcrumb":{"@id":"https:\/\/www.organisator.ch\/management\/2024-10-10\/emanuele-diquattro-wird-neuer-ceo-der-inventx-ag\/#breadcrumb"},"inLanguage":"de","potentialAction":[{"@type":"ReadAction","target":["https:\/\/www.organisator.ch\/management\/2024-10-10\/emanuele-diquattro-wird-neuer-ceo-der-inventx-ag\/"]}]},{"@type":"ImageObject","inLanguage":"de","@id":"https:\/\/www.organisator.ch\/management\/2024-10-10\/emanuele-diquattro-wird-neuer-ceo-der-inventx-ag\/#primaryimage","url":"https:\/\/www.organisator.ch\/wp-content\/uploads\/2024\/10\/Emanuele-Diquattro_Inventx_Bild1_ps-e1728544473795.jpg","contentUrl":"https:\/\/www.organisator.ch\/wp-content\/uploads\/2024\/10\/Emanuele-Diquattro_Inventx_Bild1_ps-e1728544473795.jpg","width":642,"height":500,"caption":"Emanuele Diquattro \u2013 Neuer CEO der Inventx AG. (Bild: www.inventx.ch)"},{"@type":"BreadcrumbList","@id":"https:\/\/www.organisator.ch\/management\/2024-10-10\/emanuele-diquattro-wird-neuer-ceo-der-inventx-ag\/#breadcrumb","itemListElement":[{"@type":"ListItem","position":1,"name":"Home","item":"https:\/\/www.organisator.ch\/"},{"@type":"ListItem","position":2,"name":"Emanuele Diquattro wird neuer CEO der Inventx AG"}]},{"@type":"WebSite","@id":"https:\/\/www.organisator.ch\/#website","url":"https:\/\/www.organisator.ch\/","name":"Organisator","description":"Kompetent. Praxisnah. Der ORGANISATOR bereitet in 10 Ausgaben pro Jahr die wesentlichen Themen f\u00fcr F\u00fchrungskr\u00e4fte von KMU auf.","publisher":{"@id":"https:\/\/www.organisator.ch\/#organization"},"potentialAction":[{"@type":"SearchAction","target":{"@type":"EntryPoint","urlTemplate":"https:\/\/www.organisator.ch\/?s={search_term_string}"},"query-input":{"@type":"PropertyValueSpecification","valueRequired":true,"valueName":"search_term_string"}}],"inLanguage":"de"},{"@type":"Organization","@id":"https:\/\/www.organisator.ch\/#organization","name":"Organisator","url":"https:\/\/www.organisator.ch\/","logo":{"@type":"ImageObject","inLanguage":"de","@id":"https:\/\/www.organisator.ch\/#\/schema\/logo\/image\/","url":"https:\/\/www.organisator.ch\/wp-content\/uploads\/2022\/01\/Logo_Organisator_Website.png","contentUrl":"https:\/\/www.organisator.ch\/wp-content\/uploads\/2022\/01\/Logo_Organisator_Website.png","width":800,"height":77,"caption":"Organisator"},"image":{"@id":"https:\/\/www.organisator.ch\/#\/schema\/logo\/image\/"},"sameAs":["https:\/\/www.facebook.com\/OrganisatorFachmagazin","https:\/\/www.linkedin.com\/showcase\/organisator-das-magazin-fr-kmu","https:\/\/www.xing.com\/news\/pages\/organisator-ch-695","https:\/\/www.youtube.com\/channel\/UCGP2Sq0iWaZwT3BdIAQFYpw"]},{"@type":"Person","@id":"https:\/\/www.organisator.ch\/#\/schema\/person\/2e1314a2172123f874db408d8911d3f3","name":"Adelisa Kalajdzini","image":{"@type":"ImageObject","inLanguage":"de","@id":"https:\/\/secure.gravatar.com\/avatar\/09a397c22ac58cad6f160ee8306348599df9df58a8ede73696226897b9fa4b24?s=96&d=mm&r=g","url":"https:\/\/secure.gravatar.com\/avatar\/09a397c22ac58cad6f160ee8306348599df9df58a8ede73696226897b9fa4b24?s=96&d=mm&r=g","contentUrl":"https:\/\/secure.gravatar.com\/avatar\/09a397c22ac58cad6f160ee8306348599df9df58a8ede73696226897b9fa4b24?s=96&d=mm&r=g","caption":"Adelisa Kalajdzini"},"url":"https:\/\/www.organisator.ch\/de\/author\/adelisa-kalajdzini\/"}]}},"_links":{"self":[{"href":"https:\/\/www.organisator.ch\/de\/wp-json\/wp\/v2\/posts\/30575","targetHints":{"allow":["GET"]}}],"collection":[{"href":"https:\/\/www.organisator.ch\/de\/wp-json\/wp\/v2\/posts"}],"about":[{"href":"https:\/\/www.organisator.ch\/de\/wp-json\/wp\/v2\/types\/post"}],"author":[{"embeddable":true,"href":"https:\/\/www.organisator.ch\/de\/wp-json\/wp\/v2\/users\/58"}],"replies":[{"embeddable":true,"href":"https:\/\/www.organisator.ch\/de\/wp-json\/wp\/v2\/comments?post=30575"}],"version-history":[{"count":7,"href":"https:\/\/www.organisator.ch\/de\/wp-json\/wp\/v2\/posts\/30575\/revisions"}],"predecessor-version":[{"id":30580,"href":"https:\/\/www.organisator.ch\/de\/wp-json\/wp\/v2\/posts\/30575\/revisions\/30580"}],"wp:featuredmedia":[{"embeddable":true,"href":"https:\/\/www.organisator.ch\/de\/wp-json\/wp\/v2\/media\/30577"}],"wp:attachment":[{"href":"https:\/\/www.organisator.ch\/de\/wp-json\/wp\/v2\/media?parent=30575"}],"wp:term":[{"taxonomy":"category","embeddable":true,"href":"https:\/\/www.organisator.ch\/de\/wp-json\/wp\/v2\/categories?post=30575"},{"taxonomy":"post_tag","embeddable":true,"href":"https:\/\/www.organisator.ch\/de\/wp-json\/wp\/v2\/tags?post=30575"}],"curies":[{"name":"wp","href":"https:\/\/api.w.org\/{rel}","templated":true}]}}