{"id":30656,"date":"2024-10-14T13:17:00","date_gmt":"2024-10-14T11:17:00","guid":{"rendered":"https:\/\/www.organisator.ch\/?p=30656"},"modified":"2024-10-14T13:17:00","modified_gmt":"2024-10-14T11:17:00","slug":"open-i-innovation-auf-hoechstem-niveau","status":"publish","type":"post","link":"https:\/\/www.organisator.ch\/de\/management\/2024-10-14\/open-i-innovation-auf-hoechstem-niveau\/","title":{"rendered":"Open-i: Innovation auf h\u00f6chstem Niveau"},"content":{"rendered":"<figure id=\"attachment_30658\" aria-describedby=\"caption-attachment-30658\" style=\"width: 680px\" class=\"wp-caption alignnone\"><img loading=\"lazy\" decoding=\"async\" class=\"size-full wp-image-30658\" src=\"https:\/\/www.organisator.ch\/wp-content\/uploads\/2024\/10\/Open-i_Bild1_ps.jpg\" alt=\"\" width=\"680\" height=\"453\" srcset=\"https:\/\/www.organisator.ch\/wp-content\/uploads\/2024\/10\/Open-i_Bild1_ps.jpg 680w, https:\/\/www.organisator.ch\/wp-content\/uploads\/2024\/10\/Open-i_Bild1_ps-18x12.jpg 18w, https:\/\/www.organisator.ch\/wp-content\/uploads\/2024\/10\/Open-i_Bild1_ps-375x250.jpg 375w, https:\/\/www.organisator.ch\/wp-content\/uploads\/2024\/10\/Open-i_Bild1_ps-525x350.jpg 525w\" sizes=\"auto, (max-width: 680px) 100vw, 680px\" \/><figcaption id=\"caption-attachment-30658\" class=\"wp-caption-text\">Neben den inspirierenden Keynotes und Deep-Dive Sessions erwarten die Teilnehmenden interaktive Innovation Labs, Erlebniszonen und der ETH Industry Day. (Bild: www.open-i.swiss)<\/figcaption><\/figure>\n<p>Die Schweiz gilt als weltweit f\u00fchrend in puncto Innovationskraft. Um diesen Status zu sichern, braucht es eine Plattform, die den Austausch zwischen verschiedenen Akteuren f\u00f6rdert. \u00abGenau hier setzt Open-i an: Sie bringt KMU, Start-ups, Grosskonzerne, Investoren und akademische Vordenker zusammen. Ziel ist es, neue Kooperationen zu initiieren und die Zukunft der Schweizer Innovationslandschaft aktiv mitzugestalten.\u00bb, sagt Corine Blesi, Managing Director, NZZ Connect.<\/p>\n<h3><strong>Speaker-Highlights <\/strong><\/h3>\n<p>Open-i wartet mit \u00fcber 70 renommierten Speaker aus dem In- und Ausland auf. Einige der prominentesten Namen, die ihre wertvollen Einblicke teilen werden, sind:<\/p>\n<ul>\n<li><strong>Bundesrat Guy Parmelin<\/strong>, Vorsteher des Eidgen\u00f6ssischen Departements f\u00fcr Wirtschaft, Bildung und Forschung (WBF)<\/li>\n<li><strong>Thomas Zurbuchen<\/strong>, Professor f\u00fcr Weltraumwissenschaft und -technologie und Direktor von ETH Z\u00fcrich Space<\/li>\n<li><strong>Urs H\u00f6lzle<\/strong>, Google Fellow, Google<\/li>\n<li><strong>Verena Pausder<\/strong>, Vorstandsvorsitzende, Startup-Verband Deutschland<\/li>\n<li><strong>Sami Atiya<\/strong>, Pr\u00e4sident der Robotics &amp; Discrete Automation Business Area, ABB Ltd<\/li>\n<li><strong>S\u00f8ren Mose<\/strong>, Verwaltungsratspr\u00e4sident, Twint AG<\/li>\n<li><strong>Pascale Bruderer, <\/strong>Gr\u00fcnderin und Verwaltungsratspr\u00e4sidentin, Swiss Stablecoin<\/li>\n<li><strong>Dominique Gruhl-B\u00e9gin<\/strong>, Direktorin, Innosuisse<\/li>\n<\/ul>\n<h3><strong>ETH Industry Day als weiterer Programmh\u00f6hepunkt <\/strong><\/h3>\n<p>Neben weiteren inspirierenden Keynotes und Deep-Dive Sessions erwarten die Teilnehmenden interaktive Innovation Labs, Erlebniszonen und der ETH Industry Day, der erstmals in Open-i integriert und somit einem breiten Publikum zug\u00e4nglich gemacht wird. Teilnehmende erhalten exklusive Einblicke in die neuesten technologischen Entwicklungen sowie Forschungsergebnisse und k\u00f6nnen sich mit aufstrebenden Spin-offs vernetzen.<\/p>\n<p>Ein weiteres Highlight ist die feierliche Verleihung des 36. Swiss Technology Award, dem bedeutendsten Technologiepreis der Schweiz. Dieser w\u00fcrdigt herausragende Leistungen junger Technologieunternehmen und bietet eine B\u00fchne f\u00fcr Innovationen, die den Markt von morgen pr\u00e4gen werden.<\/p>\n<h3><strong>Networking auf h\u00f6chstem Niveau <\/strong><\/h3>\n<p>Mit \u00fcber 1000 Teilnehmenden, bestehend aus f\u00fchrenden K\u00f6pfen aus Wirtschaft und Wissenschaft sowie Talenten der n\u00e4chsten Generation, bietet Open-i ideale Bedingungen f\u00fcr Networking auf h\u00f6chstem Niveau. Dank personalisiertem, KI-gest\u00fctztem Matchmaking in der Event App k\u00f6nnen relevante Kontakte gekn\u00fcpft und innovative Partnerschaften ins Leben gerufen werden.<\/p>\n<p><em>Quelle: <a href=\"http:\/\/www.open-i.swiss\">www.open-i.swiss<\/a><\/em><\/p>\n","protected":false},"excerpt":{"rendered":"<p>Am 21. und 22. November 2024 \u00f6ffnet das Kongresshaus Z\u00fcrich seine T\u00fcren f\u00fcr Open-i, die neue Innovationskonferenz der NZZ.  Unter dem Motto \u00abBringing Swiss Innovation to Life\u00bb vernetzt die Konferenz Schl\u00fcsselakteure aus Wirtschaft, Wissenschaft und Politik.<\/p>\n","protected":false},"author":58,"featured_media":30658,"comment_status":"closed","ping_status":"closed","sticky":false,"template":"","format":"standard","meta":{"_acf_changed":false,"_yoast_wpseo_focuskw":"Open-i","_yoast_wpseo_metadesc":"Am 21. und 22. November 2024 \u00f6ffnet das Kongresshaus Z\u00fcrich seine T\u00fcren f\u00fcr Open-i, die neue Innovationskonferenz der NZZ.","articlekey":"","footnotes":""},"categories":[28],"tags":[274,3343,334,4619,492],"class_list":["post-30656","post","type-post","status-publish","format-standard","has-post-thumbnail","hentry","category-management","tag-innovation","tag-konferenz","tag-management","tag-open-i","tag-unternehmen"],"acf":[],"yoast_head":"<!-- This site is optimized with the Yoast SEO plugin v27.5 - https:\/\/yoast.com\/product\/yoast-seo-wordpress\/ -->\n<title>Open-i: Innovation auf h\u00f6chstem Niveau - Organisator<\/title>\n<meta name=\"description\" content=\"Am 21. und 22. November 2024 \u00f6ffnet das Kongresshaus Z\u00fcrich seine T\u00fcren f\u00fcr Open-i, die neue Innovationskonferenz der NZZ.\" \/>\n<meta name=\"robots\" content=\"index, follow, max-snippet:-1, max-image-preview:large, max-video-preview:-1\" \/>\n<link rel=\"canonical\" href=\"https:\/\/www.organisator.ch\/de\/management\/2024-10-14\/open-i-innovation-auf-hoechstem-niveau\/\" \/>\n<meta property=\"og:locale\" content=\"de_DE\" \/>\n<meta property=\"og:type\" content=\"article\" \/>\n<meta property=\"og:title\" content=\"Open-i: Innovation auf h\u00f6chstem Niveau\" \/>\n<meta property=\"og:description\" content=\"Am 21. und 22. November 2024 \u00f6ffnet das Kongresshaus Z\u00fcrich seine T\u00fcren f\u00fcr Open-i, die neue Innovationskonferenz der NZZ.\" \/>\n<meta property=\"og:url\" content=\"https:\/\/www.organisator.ch\/de\/management\/2024-10-14\/open-i-innovation-auf-hoechstem-niveau\/\" \/>\n<meta property=\"og:site_name\" content=\"Organisator\" \/>\n<meta property=\"article:publisher\" content=\"https:\/\/www.facebook.com\/OrganisatorFachmagazin\" \/>\n<meta property=\"article:published_time\" content=\"2024-10-14T11:17:00+00:00\" \/>\n<meta property=\"og:image\" content=\"https:\/\/www.organisator.ch\/wp-content\/uploads\/2024\/10\/Open-i_Bild1_ps.jpg\" \/>\n\t<meta property=\"og:image:width\" content=\"680\" \/>\n\t<meta property=\"og:image:height\" content=\"453\" \/>\n\t<meta property=\"og:image:type\" content=\"image\/jpeg\" \/>\n<meta name=\"author\" content=\"Adelisa Kalajdzini\" \/>\n<meta name=\"twitter:card\" content=\"summary_large_image\" \/>\n<meta name=\"twitter:title\" content=\"Open-i: Innovation auf h\u00f6chstem Niveau\" \/>\n<meta name=\"twitter:description\" content=\"Am 21. und 22. November 2024 \u00f6ffnet das Kongresshaus Z\u00fcrich seine T\u00fcren f\u00fcr #Open-i, die neue #Innovationskonferenz der #NZZ.\" \/>\n<meta name=\"twitter:image\" content=\"https:\/\/www.organisator.ch\/wp-content\/uploads\/2024\/10\/Open-i_Bild1_ps.jpg\" \/>\n<script type=\"application\/ld+json\" class=\"yoast-schema-graph\">{\"@context\":\"https:\\\/\\\/schema.org\",\"@graph\":[{\"@type\":\"Article\",\"@id\":\"https:\\\/\\\/www.organisator.ch\\\/management\\\/2024-10-14\\\/open-i-innovation-auf-hoechstem-niveau\\\/#article\",\"isPartOf\":{\"@id\":\"https:\\\/\\\/www.organisator.ch\\\/management\\\/2024-10-14\\\/open-i-innovation-auf-hoechstem-niveau\\\/\"},\"author\":{\"name\":\"Adelisa Kalajdzini\",\"@id\":\"https:\\\/\\\/www.organisator.ch\\\/#\\\/schema\\\/person\\\/2e1314a2172123f874db408d8911d3f3\"},\"headline\":\"Open-i: Innovation auf h\u00f6chstem Niveau\",\"datePublished\":\"2024-10-14T11:17:00+00:00\",\"mainEntityOfPage\":{\"@id\":\"https:\\\/\\\/www.organisator.ch\\\/management\\\/2024-10-14\\\/open-i-innovation-auf-hoechstem-niveau\\\/\"},\"wordCount\":358,\"publisher\":{\"@id\":\"https:\\\/\\\/www.organisator.ch\\\/#organization\"},\"image\":{\"@id\":\"https:\\\/\\\/www.organisator.ch\\\/management\\\/2024-10-14\\\/open-i-innovation-auf-hoechstem-niveau\\\/#primaryimage\"},\"thumbnailUrl\":\"https:\\\/\\\/www.organisator.ch\\\/wp-content\\\/uploads\\\/2024\\\/10\\\/Open-i_Bild1_ps.jpg\",\"keywords\":[\"Innovation\",\"Konferenz\",\"Management\",\"Open-i\",\"Unternehmen\"],\"articleSection\":[\"MANAGEMENT\"],\"inLanguage\":\"de\"},{\"@type\":\"WebPage\",\"@id\":\"https:\\\/\\\/www.organisator.ch\\\/management\\\/2024-10-14\\\/open-i-innovation-auf-hoechstem-niveau\\\/\",\"url\":\"https:\\\/\\\/www.organisator.ch\\\/management\\\/2024-10-14\\\/open-i-innovation-auf-hoechstem-niveau\\\/\",\"name\":\"Open-i: Innovation auf h\u00f6chstem Niveau - Organisator\",\"isPartOf\":{\"@id\":\"https:\\\/\\\/www.organisator.ch\\\/#website\"},\"primaryImageOfPage\":{\"@id\":\"https:\\\/\\\/www.organisator.ch\\\/management\\\/2024-10-14\\\/open-i-innovation-auf-hoechstem-niveau\\\/#primaryimage\"},\"image\":{\"@id\":\"https:\\\/\\\/www.organisator.ch\\\/management\\\/2024-10-14\\\/open-i-innovation-auf-hoechstem-niveau\\\/#primaryimage\"},\"thumbnailUrl\":\"https:\\\/\\\/www.organisator.ch\\\/wp-content\\\/uploads\\\/2024\\\/10\\\/Open-i_Bild1_ps.jpg\",\"datePublished\":\"2024-10-14T11:17:00+00:00\",\"description\":\"Am 21. und 22. November 2024 \u00f6ffnet das Kongresshaus Z\u00fcrich seine T\u00fcren f\u00fcr Open-i, die neue Innovationskonferenz der NZZ.\",\"breadcrumb\":{\"@id\":\"https:\\\/\\\/www.organisator.ch\\\/management\\\/2024-10-14\\\/open-i-innovation-auf-hoechstem-niveau\\\/#breadcrumb\"},\"inLanguage\":\"de\",\"potentialAction\":[{\"@type\":\"ReadAction\",\"target\":[\"https:\\\/\\\/www.organisator.ch\\\/management\\\/2024-10-14\\\/open-i-innovation-auf-hoechstem-niveau\\\/\"]}]},{\"@type\":\"ImageObject\",\"inLanguage\":\"de\",\"@id\":\"https:\\\/\\\/www.organisator.ch\\\/management\\\/2024-10-14\\\/open-i-innovation-auf-hoechstem-niveau\\\/#primaryimage\",\"url\":\"https:\\\/\\\/www.organisator.ch\\\/wp-content\\\/uploads\\\/2024\\\/10\\\/Open-i_Bild1_ps.jpg\",\"contentUrl\":\"https:\\\/\\\/www.organisator.ch\\\/wp-content\\\/uploads\\\/2024\\\/10\\\/Open-i_Bild1_ps.jpg\",\"width\":680,\"height\":453,\"caption\":\"Neben den inspirierenden Keynotes und Deep-Dive Sessions erwarten die Teilnehmenden interaktive Innovation Labs, Erlebniszonen und der ETH Industry Day. (Bild: www.open-i.swiss)\"},{\"@type\":\"BreadcrumbList\",\"@id\":\"https:\\\/\\\/www.organisator.ch\\\/management\\\/2024-10-14\\\/open-i-innovation-auf-hoechstem-niveau\\\/#breadcrumb\",\"itemListElement\":[{\"@type\":\"ListItem\",\"position\":1,\"name\":\"Home\",\"item\":\"https:\\\/\\\/www.organisator.ch\\\/\"},{\"@type\":\"ListItem\",\"position\":2,\"name\":\"Open-i: Innovation auf h\u00f6chstem Niveau\"}]},{\"@type\":\"WebSite\",\"@id\":\"https:\\\/\\\/www.organisator.ch\\\/#website\",\"url\":\"https:\\\/\\\/www.organisator.ch\\\/\",\"name\":\"Organisator\",\"description\":\"Kompetent. Praxisnah. Der ORGANISATOR bereitet in 10 Ausgaben pro Jahr die wesentlichen Themen f\u00fcr F\u00fchrungskr\u00e4fte von KMU auf.\",\"publisher\":{\"@id\":\"https:\\\/\\\/www.organisator.ch\\\/#organization\"},\"potentialAction\":[{\"@type\":\"SearchAction\",\"target\":{\"@type\":\"EntryPoint\",\"urlTemplate\":\"https:\\\/\\\/www.organisator.ch\\\/?s={search_term_string}\"},\"query-input\":{\"@type\":\"PropertyValueSpecification\",\"valueRequired\":true,\"valueName\":\"search_term_string\"}}],\"inLanguage\":\"de\"},{\"@type\":\"Organization\",\"@id\":\"https:\\\/\\\/www.organisator.ch\\\/#organization\",\"name\":\"Organisator\",\"url\":\"https:\\\/\\\/www.organisator.ch\\\/\",\"logo\":{\"@type\":\"ImageObject\",\"inLanguage\":\"de\",\"@id\":\"https:\\\/\\\/www.organisator.ch\\\/#\\\/schema\\\/logo\\\/image\\\/\",\"url\":\"https:\\\/\\\/www.organisator.ch\\\/wp-content\\\/uploads\\\/2022\\\/01\\\/Logo_Organisator_Website.png\",\"contentUrl\":\"https:\\\/\\\/www.organisator.ch\\\/wp-content\\\/uploads\\\/2022\\\/01\\\/Logo_Organisator_Website.png\",\"width\":800,\"height\":77,\"caption\":\"Organisator\"},\"image\":{\"@id\":\"https:\\\/\\\/www.organisator.ch\\\/#\\\/schema\\\/logo\\\/image\\\/\"},\"sameAs\":[\"https:\\\/\\\/www.facebook.com\\\/OrganisatorFachmagazin\",\"https:\\\/\\\/www.linkedin.com\\\/showcase\\\/organisator-das-magazin-fr-kmu\",\"https:\\\/\\\/www.xing.com\\\/news\\\/pages\\\/organisator-ch-695\",\"https:\\\/\\\/www.youtube.com\\\/channel\\\/UCGP2Sq0iWaZwT3BdIAQFYpw\"]},{\"@type\":\"Person\",\"@id\":\"https:\\\/\\\/www.organisator.ch\\\/#\\\/schema\\\/person\\\/2e1314a2172123f874db408d8911d3f3\",\"name\":\"Adelisa Kalajdzini\",\"image\":{\"@type\":\"ImageObject\",\"inLanguage\":\"de\",\"@id\":\"https:\\\/\\\/secure.gravatar.com\\\/avatar\\\/09a397c22ac58cad6f160ee8306348599df9df58a8ede73696226897b9fa4b24?s=96&d=mm&r=g\",\"url\":\"https:\\\/\\\/secure.gravatar.com\\\/avatar\\\/09a397c22ac58cad6f160ee8306348599df9df58a8ede73696226897b9fa4b24?s=96&d=mm&r=g\",\"contentUrl\":\"https:\\\/\\\/secure.gravatar.com\\\/avatar\\\/09a397c22ac58cad6f160ee8306348599df9df58a8ede73696226897b9fa4b24?s=96&d=mm&r=g\",\"caption\":\"Adelisa Kalajdzini\"},\"url\":\"https:\\\/\\\/www.organisator.ch\\\/de\\\/author\\\/adelisa-kalajdzini\\\/\"}]}<\/script>\n<!-- \/ Yoast SEO plugin. -->","yoast_head_json":{"title":"Open-i: Innovation auf h\u00f6chstem Niveau - Organisator","description":"Am 21. und 22. November 2024 \u00f6ffnet das Kongresshaus Z\u00fcrich seine T\u00fcren f\u00fcr Open-i, die neue Innovationskonferenz der NZZ.","robots":{"index":"index","follow":"follow","max-snippet":"max-snippet:-1","max-image-preview":"max-image-preview:large","max-video-preview":"max-video-preview:-1"},"canonical":"https:\/\/www.organisator.ch\/de\/management\/2024-10-14\/open-i-innovation-auf-hoechstem-niveau\/","og_locale":"de_DE","og_type":"article","og_title":"Open-i: Innovation auf h\u00f6chstem Niveau","og_description":"Am 21. und 22. November 2024 \u00f6ffnet das Kongresshaus Z\u00fcrich seine T\u00fcren f\u00fcr Open-i, die neue Innovationskonferenz der NZZ.","og_url":"https:\/\/www.organisator.ch\/de\/management\/2024-10-14\/open-i-innovation-auf-hoechstem-niveau\/","og_site_name":"Organisator","article_publisher":"https:\/\/www.facebook.com\/OrganisatorFachmagazin","article_published_time":"2024-10-14T11:17:00+00:00","og_image":[{"width":680,"height":453,"url":"https:\/\/www.organisator.ch\/wp-content\/uploads\/2024\/10\/Open-i_Bild1_ps.jpg","type":"image\/jpeg"}],"author":"Adelisa Kalajdzini","twitter_card":"summary_large_image","twitter_title":"Open-i: Innovation auf h\u00f6chstem Niveau","twitter_description":"Am 21. und 22. November 2024 \u00f6ffnet das Kongresshaus Z\u00fcrich seine T\u00fcren f\u00fcr #Open-i, die neue #Innovationskonferenz der #NZZ.","twitter_image":"https:\/\/www.organisator.ch\/wp-content\/uploads\/2024\/10\/Open-i_Bild1_ps.jpg","schema":{"@context":"https:\/\/schema.org","@graph":[{"@type":"Article","@id":"https:\/\/www.organisator.ch\/management\/2024-10-14\/open-i-innovation-auf-hoechstem-niveau\/#article","isPartOf":{"@id":"https:\/\/www.organisator.ch\/management\/2024-10-14\/open-i-innovation-auf-hoechstem-niveau\/"},"author":{"name":"Adelisa Kalajdzini","@id":"https:\/\/www.organisator.ch\/#\/schema\/person\/2e1314a2172123f874db408d8911d3f3"},"headline":"Open-i: Innovation auf h\u00f6chstem Niveau","datePublished":"2024-10-14T11:17:00+00:00","mainEntityOfPage":{"@id":"https:\/\/www.organisator.ch\/management\/2024-10-14\/open-i-innovation-auf-hoechstem-niveau\/"},"wordCount":358,"publisher":{"@id":"https:\/\/www.organisator.ch\/#organization"},"image":{"@id":"https:\/\/www.organisator.ch\/management\/2024-10-14\/open-i-innovation-auf-hoechstem-niveau\/#primaryimage"},"thumbnailUrl":"https:\/\/www.organisator.ch\/wp-content\/uploads\/2024\/10\/Open-i_Bild1_ps.jpg","keywords":["Innovation","Konferenz","Management","Open-i","Unternehmen"],"articleSection":["MANAGEMENT"],"inLanguage":"de"},{"@type":"WebPage","@id":"https:\/\/www.organisator.ch\/management\/2024-10-14\/open-i-innovation-auf-hoechstem-niveau\/","url":"https:\/\/www.organisator.ch\/management\/2024-10-14\/open-i-innovation-auf-hoechstem-niveau\/","name":"Open-i: Innovation auf h\u00f6chstem Niveau - Organisator","isPartOf":{"@id":"https:\/\/www.organisator.ch\/#website"},"primaryImageOfPage":{"@id":"https:\/\/www.organisator.ch\/management\/2024-10-14\/open-i-innovation-auf-hoechstem-niveau\/#primaryimage"},"image":{"@id":"https:\/\/www.organisator.ch\/management\/2024-10-14\/open-i-innovation-auf-hoechstem-niveau\/#primaryimage"},"thumbnailUrl":"https:\/\/www.organisator.ch\/wp-content\/uploads\/2024\/10\/Open-i_Bild1_ps.jpg","datePublished":"2024-10-14T11:17:00+00:00","description":"Am 21. und 22. November 2024 \u00f6ffnet das Kongresshaus Z\u00fcrich seine T\u00fcren f\u00fcr Open-i, die neue Innovationskonferenz der NZZ.","breadcrumb":{"@id":"https:\/\/www.organisator.ch\/management\/2024-10-14\/open-i-innovation-auf-hoechstem-niveau\/#breadcrumb"},"inLanguage":"de","potentialAction":[{"@type":"ReadAction","target":["https:\/\/www.organisator.ch\/management\/2024-10-14\/open-i-innovation-auf-hoechstem-niveau\/"]}]},{"@type":"ImageObject","inLanguage":"de","@id":"https:\/\/www.organisator.ch\/management\/2024-10-14\/open-i-innovation-auf-hoechstem-niveau\/#primaryimage","url":"https:\/\/www.organisator.ch\/wp-content\/uploads\/2024\/10\/Open-i_Bild1_ps.jpg","contentUrl":"https:\/\/www.organisator.ch\/wp-content\/uploads\/2024\/10\/Open-i_Bild1_ps.jpg","width":680,"height":453,"caption":"Neben den inspirierenden Keynotes und Deep-Dive Sessions erwarten die Teilnehmenden interaktive Innovation Labs, Erlebniszonen und der ETH Industry Day. (Bild: www.open-i.swiss)"},{"@type":"BreadcrumbList","@id":"https:\/\/www.organisator.ch\/management\/2024-10-14\/open-i-innovation-auf-hoechstem-niveau\/#breadcrumb","itemListElement":[{"@type":"ListItem","position":1,"name":"Home","item":"https:\/\/www.organisator.ch\/"},{"@type":"ListItem","position":2,"name":"Open-i: Innovation auf h\u00f6chstem Niveau"}]},{"@type":"WebSite","@id":"https:\/\/www.organisator.ch\/#website","url":"https:\/\/www.organisator.ch\/","name":"Organisator","description":"Kompetent. Praxisnah. Der ORGANISATOR bereitet in 10 Ausgaben pro Jahr die wesentlichen Themen f\u00fcr F\u00fchrungskr\u00e4fte von KMU auf.","publisher":{"@id":"https:\/\/www.organisator.ch\/#organization"},"potentialAction":[{"@type":"SearchAction","target":{"@type":"EntryPoint","urlTemplate":"https:\/\/www.organisator.ch\/?s={search_term_string}"},"query-input":{"@type":"PropertyValueSpecification","valueRequired":true,"valueName":"search_term_string"}}],"inLanguage":"de"},{"@type":"Organization","@id":"https:\/\/www.organisator.ch\/#organization","name":"Organisator","url":"https:\/\/www.organisator.ch\/","logo":{"@type":"ImageObject","inLanguage":"de","@id":"https:\/\/www.organisator.ch\/#\/schema\/logo\/image\/","url":"https:\/\/www.organisator.ch\/wp-content\/uploads\/2022\/01\/Logo_Organisator_Website.png","contentUrl":"https:\/\/www.organisator.ch\/wp-content\/uploads\/2022\/01\/Logo_Organisator_Website.png","width":800,"height":77,"caption":"Organisator"},"image":{"@id":"https:\/\/www.organisator.ch\/#\/schema\/logo\/image\/"},"sameAs":["https:\/\/www.facebook.com\/OrganisatorFachmagazin","https:\/\/www.linkedin.com\/showcase\/organisator-das-magazin-fr-kmu","https:\/\/www.xing.com\/news\/pages\/organisator-ch-695","https:\/\/www.youtube.com\/channel\/UCGP2Sq0iWaZwT3BdIAQFYpw"]},{"@type":"Person","@id":"https:\/\/www.organisator.ch\/#\/schema\/person\/2e1314a2172123f874db408d8911d3f3","name":"Adelisa Kalajdzini","image":{"@type":"ImageObject","inLanguage":"de","@id":"https:\/\/secure.gravatar.com\/avatar\/09a397c22ac58cad6f160ee8306348599df9df58a8ede73696226897b9fa4b24?s=96&d=mm&r=g","url":"https:\/\/secure.gravatar.com\/avatar\/09a397c22ac58cad6f160ee8306348599df9df58a8ede73696226897b9fa4b24?s=96&d=mm&r=g","contentUrl":"https:\/\/secure.gravatar.com\/avatar\/09a397c22ac58cad6f160ee8306348599df9df58a8ede73696226897b9fa4b24?s=96&d=mm&r=g","caption":"Adelisa Kalajdzini"},"url":"https:\/\/www.organisator.ch\/de\/author\/adelisa-kalajdzini\/"}]}},"_links":{"self":[{"href":"https:\/\/www.organisator.ch\/de\/wp-json\/wp\/v2\/posts\/30656","targetHints":{"allow":["GET"]}}],"collection":[{"href":"https:\/\/www.organisator.ch\/de\/wp-json\/wp\/v2\/posts"}],"about":[{"href":"https:\/\/www.organisator.ch\/de\/wp-json\/wp\/v2\/types\/post"}],"author":[{"embeddable":true,"href":"https:\/\/www.organisator.ch\/de\/wp-json\/wp\/v2\/users\/58"}],"replies":[{"embeddable":true,"href":"https:\/\/www.organisator.ch\/de\/wp-json\/wp\/v2\/comments?post=30656"}],"version-history":[{"count":4,"href":"https:\/\/www.organisator.ch\/de\/wp-json\/wp\/v2\/posts\/30656\/revisions"}],"predecessor-version":[{"id":30722,"href":"https:\/\/www.organisator.ch\/de\/wp-json\/wp\/v2\/posts\/30656\/revisions\/30722"}],"wp:featuredmedia":[{"embeddable":true,"href":"https:\/\/www.organisator.ch\/de\/wp-json\/wp\/v2\/media\/30658"}],"wp:attachment":[{"href":"https:\/\/www.organisator.ch\/de\/wp-json\/wp\/v2\/media?parent=30656"}],"wp:term":[{"taxonomy":"category","embeddable":true,"href":"https:\/\/www.organisator.ch\/de\/wp-json\/wp\/v2\/categories?post=30656"},{"taxonomy":"post_tag","embeddable":true,"href":"https:\/\/www.organisator.ch\/de\/wp-json\/wp\/v2\/tags?post=30656"}],"curies":[{"name":"wp","href":"https:\/\/api.w.org\/{rel}","templated":true}]}}