{"id":30688,"date":"2024-10-15T12:31:13","date_gmt":"2024-10-15T10:31:13","guid":{"rendered":"https:\/\/www.organisator.ch\/?p=30688"},"modified":"2024-10-18T08:44:21","modified_gmt":"2024-10-18T06:44:21","slug":"weltweite-insolvenzen-steigen-weiterhin","status":"publish","type":"post","link":"https:\/\/www.organisator.ch\/de\/management\/2024-10-15\/weltweite-insolvenzen-steigen-weiterhin\/","title":{"rendered":"Weltweite Insolvenzen steigen weiterhin"},"content":{"rendered":"<figure id=\"attachment_30692\" aria-describedby=\"caption-attachment-30692\" style=\"width: 680px\" class=\"wp-caption alignnone\"><img loading=\"lazy\" decoding=\"async\" class=\"size-full wp-image-30692\" src=\"https:\/\/www.organisator.ch\/wp-content\/uploads\/2024\/10\/Allianz-Trade_Bild1_ps.jpg\" alt=\"\" width=\"680\" height=\"472\" srcset=\"https:\/\/www.organisator.ch\/wp-content\/uploads\/2024\/10\/Allianz-Trade_Bild1_ps.jpg 680w, https:\/\/www.organisator.ch\/wp-content\/uploads\/2024\/10\/Allianz-Trade_Bild1_ps-18x12.jpg 18w, https:\/\/www.organisator.ch\/wp-content\/uploads\/2024\/10\/Allianz-Trade_Bild1_ps-375x260.jpg 375w, https:\/\/www.organisator.ch\/wp-content\/uploads\/2024\/10\/Allianz-Trade_Bild1_ps-504x350.jpg 504w\" sizes=\"auto, (max-width: 680px) 100vw, 680px\" \/><figcaption id=\"caption-attachment-30692\" class=\"wp-caption-text\">Globale und regionale Insolvenzindizes, j\u00e4hrliches Niveau, Basis 100: Durchschnitt 2016-2019. (Bild: www.allianz-trade.ch)<\/figcaption><\/figure>\n<p>Die Unternehmensinsolvenzen in der Schweiz sind bereits zum vierten Mal in Folge gestiegen und erreichen 2024 mit mehr als 8&#8217;100 F\u00e4llen einen neuen Rekord (von +8 % im Jahr 2023 auf +11 % im Jahr 2024). Dies deutet darauf hin, dass die wirtschaftlichen und finanziellen Grundlagen noch nicht ausreichend sind, um eine Verl\u00e4ngerung des bereits in den Jahren 2022 und 2023 erfolgten Nachholprozesses bei den Unternehmensinsolvenzen zu vermeiden. Selbst wenn man die speziellen F\u00e4lle von Unternehmensaufl\u00f6sungen aufgrund organisatorischer M\u00e4ngel gem\u00e4ss Artikel 731b OR ausklammert.<\/p>\n<h3><strong>Entspannung in der Schweiz ab 2025<\/strong><\/h3>\n<p>Allianz Trade erwartet ein moderates Wachstum der Wirtschaft in der Schweiz, wobei die St\u00e4rke des Schweizer Frankens exportorientierte Unternehmen belastet. Dies wird die Erholung bei den Unternehmensinsolvenzen bremsen. F\u00fcr 2025 wird ein R\u00fcckgang von rund 1 Prozent erwartet, w\u00e4hrend f\u00fcr 2026 ein R\u00fcckgang von 8 Prozent prognostiziert wird. Dennoch d\u00fcrften die Zahlen weiterhin \u00fcber dem Niveau von 2018-2019 liegen.<\/p>\n<h3><strong>Weltweites Insolvenzgeschehen beschleunigt sich<\/strong><\/h3>\n<p>In der globalen Insolvenzprognosen vom Februar 2024 rechnete Allianz Trade bereits mit einem starken Anstieg im Jahr 2024 (+9 %) und einer anschliessenden Stabilisierung im Jahr 2025 (+0 %). Mit den j\u00fcngsten Entwicklungen zeichnet sich weltweit ein noch d\u00fcstereres Bild mit einem prognostizierten Anstieg von 11 % (+2 Prozentpunkte, Pp) f\u00fcr dieses Jahr, gefolgt von einem H\u00f6chststand im Jahr 2025 mit einem weiteren Zuwachs um 2 % (+2 Pp). Unternehmensinsolvenzen werden sich voraussichtlich erst 2026 auf hohem Niveau stabilisieren.<\/p>\n<p>Haupttreiber des erwarteten globalen Anstiegs 2025 sind die USA mit +12 % nach bereits 31 % im Jahr 2024. Aber auch Russland (+16 %) sowie China (+5 %) und Taiwan (7 %) in Asien und Deutschland (+4 %) und Italien (+4 %) in Europa tragen zum weltweiten Anstieg bei. In Frankreich und Grossbritannien sind die Insolvenzen nach starken Anstiegen in den vorangegangenen Jahren bereits auf sehr hohen Niveaus und werden sich 2025 leicht abschw\u00e4chen (jeweils -6 %).<\/p>\n<h3><strong>Zweistelliger Zuwachs in L\u00e4ndern, die mehr als die H\u00e4lfte des globalen BIP ausmachen<\/strong><\/h3>\n<p>Seit Jahresbeginn sind die globalen Unternehmensinsolvenzen bereits um 9 Prozent gewachsen. Der Anstieg ist dabei \u00fcber Regionen und Sektoren hinweg breit angelegt. Weltweit d\u00fcrfte der Allianz Trade Insolvenzindex Ende 2024 voraussichtlich 13 Prozent \u00fcber dem Durchschnitt der Jahre vor der Pandemie (2016-2019) liegen, aber 11 Prozent unter dem Niveau der globalen Finanzkrise.<\/p>\n<p>\u201eDiese globale Achterbahnfahrt bei Unternehmensinsolvenzen ist zum Teil auf die nach wie vor ged\u00e4mpfte globale Nachfrage, anhaltende geopolitische Unsicherheit und ungleiche Finanzierungsbedingungen zur\u00fcckzuf\u00fchren\u201c, sagt Aylin Somersan Coqui, CEO der Allianz Trade Gruppe. \u201eSie l\u00e4sst sich aber auch durch den ,R\u00fcckstau\u2019 an Insolvenzen erkl\u00e4ren, da Unternehmen nicht mehr durch die w\u00e4hrend der Pandemie und der Energiekrise eingef\u00fchrten Unterst\u00fctzungsmassnahmen gesch\u00fctzt sind. Deshalb werden L\u00e4nder, die mehr als die H\u00e4lfte des globalen BIP ausmachen, im Jahr 2024 von einem zweistelligen Anstieg der Insolvenzen betroffen sein. Zwei Drittel d\u00fcrften in diesem Jahr die Zahl der Insolvenzen vor der Pandemie \u00fcbertreffen. Die Bau-, Einzelhandels- und Dienstleistungsbranche sind am st\u00e4rksten betroffen, sowohl in Bezug auf die H\u00e4ufigkeit als auch auf die Schwere der Insolvenzen.\u201c<\/p>\n<h3><strong>Bringen niedrigere Zinss\u00e4tze f\u00fcr Unternehmen eine Wende?<\/strong><\/h3>\n<p>Eine allm\u00e4hliche Lockerung der Geldpolitik k\u00f6nnte zwar eine gewisse Erleichterung bringen, ist aber kein Allheilmittel f\u00fcr angeschlagene Unternehmen. Niedrigere Zinss\u00e4tze senken die Kreditkosten, verbessern den Cashflow und steigern die Rentabilit\u00e4t, k\u00f6nnen aber die finanziellen Herausforderungen, mit denen Unternehmen konfrontiert sind, nicht vollst\u00e4ndig kompensieren. \u201eDie Schweiz hat den Leitzins zwar vor allen anderen L\u00e4ndern gesenkt, trotzdem kann sie erst im kommenden Jahr mit einer Erholung der Insolvenzen rechnen. Dies ist zum einen dem starken Franken geschuldet, zum anderen den anhaltenden wirtschaftlichen Unsicherheiten und den globalen Marktbedingungen\u201c, sagt Jan M\u00f6llmann, CEO Allianz Trade Switzerland.<\/p>\n<p><em>Quelle: <a href=\"http:\/\/www.allianz-trade.ch\">www.allianz-trade.ch<\/a><\/em><\/p>\n","protected":false},"excerpt":{"rendered":"<p>Keine rosigen Aussichten f\u00fcr die Weltwirtschaft: Der weltweite Kreditversicherer Allianz Trade prognostiziert f\u00fcr 2024 einen Anstieg der Unternehmensinsolvenzen um 11 %. Das ist ein noch st\u00e4rkerer Anstieg als bisher erwartet. Die aktuelle Studie untersucht die weltweite Insolvenzentwicklung in Zeiten von schleppender Nachfrage, anhaltenden geopolitischen Spannungen und ungleichen Finanzierungsbedingungen.<\/p>\n","protected":false},"author":80,"featured_media":30692,"comment_status":"closed","ping_status":"closed","sticky":false,"template":"","format":"standard","meta":{"_acf_changed":false,"_yoast_wpseo_focuskw":"Insolvenzen","_yoast_wpseo_metadesc":"Keine rosigen Aussichten f\u00fcr die Weltwirtschaft: Der weltweite Kreditversicherer Allianz Trade prognostiziert f\u00fcr 2024 einen Anstieg der Unternehmensinsolvenzen um 11 %.","articlekey":"","footnotes":""},"categories":[28],"tags":[3741,334,424,459,492],"class_list":["post-30688","post","type-post","status-publish","format-standard","has-post-thumbnail","hentry","category-management","tag-insolvenzen","tag-management","tag-schweiz","tag-studie","tag-unternehmen"],"acf":[],"yoast_head":"<!-- This site is optimized with the Yoast SEO plugin v27.4 - https:\/\/yoast.com\/product\/yoast-seo-wordpress\/ -->\n<title>Weltweite Insolvenzen steigen weiterhin - Organisator<\/title>\n<meta name=\"description\" content=\"Keine rosigen Aussichten f\u00fcr die Weltwirtschaft: Der weltweite Kreditversicherer Allianz Trade prognostiziert f\u00fcr 2024 einen Anstieg der Unternehmensinsolvenzen um 11 %.\" \/>\n<meta name=\"robots\" content=\"index, follow, max-snippet:-1, max-image-preview:large, max-video-preview:-1\" \/>\n<link rel=\"canonical\" href=\"https:\/\/www.organisator.ch\/de\/management\/2024-10-15\/weltweite-insolvenzen-steigen-weiterhin\/\" \/>\n<meta property=\"og:locale\" content=\"de_DE\" \/>\n<meta property=\"og:type\" content=\"article\" \/>\n<meta property=\"og:title\" content=\"Weltweite Insolvenzen steigen weiterhin\" \/>\n<meta property=\"og:description\" content=\"Keine rosigen Aussichten f\u00fcr die Weltwirtschaft: Der weltweite Kreditversicherer Allianz Trade prognostiziert f\u00fcr 2024 einen Anstieg der Unternehmensinsolvenzen um 11 %.\" \/>\n<meta property=\"og:url\" content=\"https:\/\/www.organisator.ch\/de\/management\/2024-10-15\/weltweite-insolvenzen-steigen-weiterhin\/\" \/>\n<meta property=\"og:site_name\" content=\"Organisator\" \/>\n<meta property=\"article:publisher\" content=\"https:\/\/www.facebook.com\/OrganisatorFachmagazin\" \/>\n<meta property=\"article:published_time\" content=\"2024-10-15T10:31:13+00:00\" \/>\n<meta property=\"article:modified_time\" content=\"2024-10-18T06:44:21+00:00\" \/>\n<meta property=\"og:image\" content=\"https:\/\/www.organisator.ch\/wp-content\/uploads\/2024\/10\/Allianz-Trade_Bild1_ps.jpg\" \/>\n\t<meta property=\"og:image:width\" content=\"680\" \/>\n\t<meta property=\"og:image:height\" content=\"472\" \/>\n\t<meta property=\"og:image:type\" content=\"image\/jpeg\" \/>\n<meta name=\"author\" content=\"Dzana Muminovic\" \/>\n<meta name=\"twitter:card\" content=\"summary_large_image\" \/>\n<meta name=\"twitter:title\" content=\"Weltweite Insolvenzen steigen weiterhin\" \/>\n<meta name=\"twitter:description\" content=\"Keine rosigen Aussichten f\u00fcr die #Weltwirtschaft: Der weltweite #Kreditversicherer #Allianz #Trade prognostiziert f\u00fcr 2024 einen #Anstieg der #Unternehmensinsolvenzen um 11 %.\" \/>\n<meta name=\"twitter:image\" content=\"https:\/\/www.organisator.ch\/wp-content\/uploads\/2024\/10\/Allianz-Trade_Bild1_ps.jpg\" \/>\n<script type=\"application\/ld+json\" class=\"yoast-schema-graph\">{\"@context\":\"https:\\\/\\\/schema.org\",\"@graph\":[{\"@type\":\"Article\",\"@id\":\"https:\\\/\\\/www.organisator.ch\\\/management\\\/2024-10-15\\\/weltweite-insolvenzen-steigen-weiterhin\\\/#article\",\"isPartOf\":{\"@id\":\"https:\\\/\\\/www.organisator.ch\\\/management\\\/2024-10-15\\\/weltweite-insolvenzen-steigen-weiterhin\\\/\"},\"author\":{\"name\":\"Dzana Muminovic\",\"@id\":\"https:\\\/\\\/www.organisator.ch\\\/#\\\/schema\\\/person\\\/afccda3a71c06d4be2ed9100dd163db7\"},\"headline\":\"Weltweite Insolvenzen steigen weiterhin\",\"datePublished\":\"2024-10-15T10:31:13+00:00\",\"dateModified\":\"2024-10-18T06:44:21+00:00\",\"mainEntityOfPage\":{\"@id\":\"https:\\\/\\\/www.organisator.ch\\\/management\\\/2024-10-15\\\/weltweite-insolvenzen-steigen-weiterhin\\\/\"},\"wordCount\":614,\"publisher\":{\"@id\":\"https:\\\/\\\/www.organisator.ch\\\/#organization\"},\"image\":{\"@id\":\"https:\\\/\\\/www.organisator.ch\\\/management\\\/2024-10-15\\\/weltweite-insolvenzen-steigen-weiterhin\\\/#primaryimage\"},\"thumbnailUrl\":\"https:\\\/\\\/www.organisator.ch\\\/wp-content\\\/uploads\\\/2024\\\/10\\\/Allianz-Trade_Bild1_ps.jpg\",\"keywords\":[\"Insolvenzen\",\"Management\",\"Schweiz\",\"Studie\",\"Unternehmen\"],\"articleSection\":[\"MANAGEMENT\"],\"inLanguage\":\"de\"},{\"@type\":\"WebPage\",\"@id\":\"https:\\\/\\\/www.organisator.ch\\\/management\\\/2024-10-15\\\/weltweite-insolvenzen-steigen-weiterhin\\\/\",\"url\":\"https:\\\/\\\/www.organisator.ch\\\/management\\\/2024-10-15\\\/weltweite-insolvenzen-steigen-weiterhin\\\/\",\"name\":\"Weltweite Insolvenzen steigen weiterhin - Organisator\",\"isPartOf\":{\"@id\":\"https:\\\/\\\/www.organisator.ch\\\/#website\"},\"primaryImageOfPage\":{\"@id\":\"https:\\\/\\\/www.organisator.ch\\\/management\\\/2024-10-15\\\/weltweite-insolvenzen-steigen-weiterhin\\\/#primaryimage\"},\"image\":{\"@id\":\"https:\\\/\\\/www.organisator.ch\\\/management\\\/2024-10-15\\\/weltweite-insolvenzen-steigen-weiterhin\\\/#primaryimage\"},\"thumbnailUrl\":\"https:\\\/\\\/www.organisator.ch\\\/wp-content\\\/uploads\\\/2024\\\/10\\\/Allianz-Trade_Bild1_ps.jpg\",\"datePublished\":\"2024-10-15T10:31:13+00:00\",\"dateModified\":\"2024-10-18T06:44:21+00:00\",\"description\":\"Keine rosigen Aussichten f\u00fcr die Weltwirtschaft: Der weltweite Kreditversicherer Allianz Trade prognostiziert f\u00fcr 2024 einen Anstieg der Unternehmensinsolvenzen um 11 %.\",\"breadcrumb\":{\"@id\":\"https:\\\/\\\/www.organisator.ch\\\/management\\\/2024-10-15\\\/weltweite-insolvenzen-steigen-weiterhin\\\/#breadcrumb\"},\"inLanguage\":\"de\",\"potentialAction\":[{\"@type\":\"ReadAction\",\"target\":[\"https:\\\/\\\/www.organisator.ch\\\/management\\\/2024-10-15\\\/weltweite-insolvenzen-steigen-weiterhin\\\/\"]}]},{\"@type\":\"ImageObject\",\"inLanguage\":\"de\",\"@id\":\"https:\\\/\\\/www.organisator.ch\\\/management\\\/2024-10-15\\\/weltweite-insolvenzen-steigen-weiterhin\\\/#primaryimage\",\"url\":\"https:\\\/\\\/www.organisator.ch\\\/wp-content\\\/uploads\\\/2024\\\/10\\\/Allianz-Trade_Bild1_ps.jpg\",\"contentUrl\":\"https:\\\/\\\/www.organisator.ch\\\/wp-content\\\/uploads\\\/2024\\\/10\\\/Allianz-Trade_Bild1_ps.jpg\",\"width\":680,\"height\":472,\"caption\":\"Globale und regionale Insolvenzindizes, j\u00e4hrliches Niveau, Basis 100: Durchschnitt 2016-2019. (Bild: www.allianz-trade.ch)\"},{\"@type\":\"BreadcrumbList\",\"@id\":\"https:\\\/\\\/www.organisator.ch\\\/management\\\/2024-10-15\\\/weltweite-insolvenzen-steigen-weiterhin\\\/#breadcrumb\",\"itemListElement\":[{\"@type\":\"ListItem\",\"position\":1,\"name\":\"Home\",\"item\":\"https:\\\/\\\/www.organisator.ch\\\/\"},{\"@type\":\"ListItem\",\"position\":2,\"name\":\"Weltweite Insolvenzen steigen weiterhin\"}]},{\"@type\":\"WebSite\",\"@id\":\"https:\\\/\\\/www.organisator.ch\\\/#website\",\"url\":\"https:\\\/\\\/www.organisator.ch\\\/\",\"name\":\"Organisator\",\"description\":\"Kompetent. Praxisnah. Der ORGANISATOR bereitet in 10 Ausgaben pro Jahr die wesentlichen Themen f\u00fcr F\u00fchrungskr\u00e4fte von KMU auf.\",\"publisher\":{\"@id\":\"https:\\\/\\\/www.organisator.ch\\\/#organization\"},\"potentialAction\":[{\"@type\":\"SearchAction\",\"target\":{\"@type\":\"EntryPoint\",\"urlTemplate\":\"https:\\\/\\\/www.organisator.ch\\\/?s={search_term_string}\"},\"query-input\":{\"@type\":\"PropertyValueSpecification\",\"valueRequired\":true,\"valueName\":\"search_term_string\"}}],\"inLanguage\":\"de\"},{\"@type\":\"Organization\",\"@id\":\"https:\\\/\\\/www.organisator.ch\\\/#organization\",\"name\":\"Organisator\",\"url\":\"https:\\\/\\\/www.organisator.ch\\\/\",\"logo\":{\"@type\":\"ImageObject\",\"inLanguage\":\"de\",\"@id\":\"https:\\\/\\\/www.organisator.ch\\\/#\\\/schema\\\/logo\\\/image\\\/\",\"url\":\"https:\\\/\\\/www.organisator.ch\\\/wp-content\\\/uploads\\\/2022\\\/01\\\/Logo_Organisator_Website.png\",\"contentUrl\":\"https:\\\/\\\/www.organisator.ch\\\/wp-content\\\/uploads\\\/2022\\\/01\\\/Logo_Organisator_Website.png\",\"width\":800,\"height\":77,\"caption\":\"Organisator\"},\"image\":{\"@id\":\"https:\\\/\\\/www.organisator.ch\\\/#\\\/schema\\\/logo\\\/image\\\/\"},\"sameAs\":[\"https:\\\/\\\/www.facebook.com\\\/OrganisatorFachmagazin\",\"https:\\\/\\\/www.linkedin.com\\\/showcase\\\/organisator-das-magazin-fr-kmu\",\"https:\\\/\\\/www.xing.com\\\/news\\\/pages\\\/organisator-ch-695\",\"https:\\\/\\\/www.youtube.com\\\/channel\\\/UCGP2Sq0iWaZwT3BdIAQFYpw\"]},{\"@type\":\"Person\",\"@id\":\"https:\\\/\\\/www.organisator.ch\\\/#\\\/schema\\\/person\\\/afccda3a71c06d4be2ed9100dd163db7\",\"name\":\"Dzana Muminovic\",\"image\":{\"@type\":\"ImageObject\",\"inLanguage\":\"de\",\"@id\":\"https:\\\/\\\/secure.gravatar.com\\\/avatar\\\/909c5c71aff4b38e88686f2ab2f1ba152571f394f41ed8bae431ea56ced93050?s=96&d=mm&r=g\",\"url\":\"https:\\\/\\\/secure.gravatar.com\\\/avatar\\\/909c5c71aff4b38e88686f2ab2f1ba152571f394f41ed8bae431ea56ced93050?s=96&d=mm&r=g\",\"contentUrl\":\"https:\\\/\\\/secure.gravatar.com\\\/avatar\\\/909c5c71aff4b38e88686f2ab2f1ba152571f394f41ed8bae431ea56ced93050?s=96&d=mm&r=g\",\"caption\":\"Dzana Muminovic\"},\"url\":\"https:\\\/\\\/www.organisator.ch\\\/de\\\/author\\\/dzana-muminovic\\\/\"}]}<\/script>\n<!-- \/ Yoast SEO plugin. -->","yoast_head_json":{"title":"Weltweite Insolvenzen steigen weiterhin - Organisator","description":"Keine rosigen Aussichten f\u00fcr die Weltwirtschaft: Der weltweite Kreditversicherer Allianz Trade prognostiziert f\u00fcr 2024 einen Anstieg der Unternehmensinsolvenzen um 11 %.","robots":{"index":"index","follow":"follow","max-snippet":"max-snippet:-1","max-image-preview":"max-image-preview:large","max-video-preview":"max-video-preview:-1"},"canonical":"https:\/\/www.organisator.ch\/de\/management\/2024-10-15\/weltweite-insolvenzen-steigen-weiterhin\/","og_locale":"de_DE","og_type":"article","og_title":"Weltweite Insolvenzen steigen weiterhin","og_description":"Keine rosigen Aussichten f\u00fcr die Weltwirtschaft: Der weltweite Kreditversicherer Allianz Trade prognostiziert f\u00fcr 2024 einen Anstieg der Unternehmensinsolvenzen um 11 %.","og_url":"https:\/\/www.organisator.ch\/de\/management\/2024-10-15\/weltweite-insolvenzen-steigen-weiterhin\/","og_site_name":"Organisator","article_publisher":"https:\/\/www.facebook.com\/OrganisatorFachmagazin","article_published_time":"2024-10-15T10:31:13+00:00","article_modified_time":"2024-10-18T06:44:21+00:00","og_image":[{"width":680,"height":472,"url":"https:\/\/www.organisator.ch\/wp-content\/uploads\/2024\/10\/Allianz-Trade_Bild1_ps.jpg","type":"image\/jpeg"}],"author":"Dzana Muminovic","twitter_card":"summary_large_image","twitter_title":"Weltweite Insolvenzen steigen weiterhin","twitter_description":"Keine rosigen Aussichten f\u00fcr die #Weltwirtschaft: Der weltweite #Kreditversicherer #Allianz #Trade prognostiziert f\u00fcr 2024 einen #Anstieg der #Unternehmensinsolvenzen um 11 %.","twitter_image":"https:\/\/www.organisator.ch\/wp-content\/uploads\/2024\/10\/Allianz-Trade_Bild1_ps.jpg","schema":{"@context":"https:\/\/schema.org","@graph":[{"@type":"Article","@id":"https:\/\/www.organisator.ch\/management\/2024-10-15\/weltweite-insolvenzen-steigen-weiterhin\/#article","isPartOf":{"@id":"https:\/\/www.organisator.ch\/management\/2024-10-15\/weltweite-insolvenzen-steigen-weiterhin\/"},"author":{"name":"Dzana Muminovic","@id":"https:\/\/www.organisator.ch\/#\/schema\/person\/afccda3a71c06d4be2ed9100dd163db7"},"headline":"Weltweite Insolvenzen steigen weiterhin","datePublished":"2024-10-15T10:31:13+00:00","dateModified":"2024-10-18T06:44:21+00:00","mainEntityOfPage":{"@id":"https:\/\/www.organisator.ch\/management\/2024-10-15\/weltweite-insolvenzen-steigen-weiterhin\/"},"wordCount":614,"publisher":{"@id":"https:\/\/www.organisator.ch\/#organization"},"image":{"@id":"https:\/\/www.organisator.ch\/management\/2024-10-15\/weltweite-insolvenzen-steigen-weiterhin\/#primaryimage"},"thumbnailUrl":"https:\/\/www.organisator.ch\/wp-content\/uploads\/2024\/10\/Allianz-Trade_Bild1_ps.jpg","keywords":["Insolvenzen","Management","Schweiz","Studie","Unternehmen"],"articleSection":["MANAGEMENT"],"inLanguage":"de"},{"@type":"WebPage","@id":"https:\/\/www.organisator.ch\/management\/2024-10-15\/weltweite-insolvenzen-steigen-weiterhin\/","url":"https:\/\/www.organisator.ch\/management\/2024-10-15\/weltweite-insolvenzen-steigen-weiterhin\/","name":"Weltweite Insolvenzen steigen weiterhin - Organisator","isPartOf":{"@id":"https:\/\/www.organisator.ch\/#website"},"primaryImageOfPage":{"@id":"https:\/\/www.organisator.ch\/management\/2024-10-15\/weltweite-insolvenzen-steigen-weiterhin\/#primaryimage"},"image":{"@id":"https:\/\/www.organisator.ch\/management\/2024-10-15\/weltweite-insolvenzen-steigen-weiterhin\/#primaryimage"},"thumbnailUrl":"https:\/\/www.organisator.ch\/wp-content\/uploads\/2024\/10\/Allianz-Trade_Bild1_ps.jpg","datePublished":"2024-10-15T10:31:13+00:00","dateModified":"2024-10-18T06:44:21+00:00","description":"Keine rosigen Aussichten f\u00fcr die Weltwirtschaft: Der weltweite Kreditversicherer Allianz Trade prognostiziert f\u00fcr 2024 einen Anstieg der Unternehmensinsolvenzen um 11 %.","breadcrumb":{"@id":"https:\/\/www.organisator.ch\/management\/2024-10-15\/weltweite-insolvenzen-steigen-weiterhin\/#breadcrumb"},"inLanguage":"de","potentialAction":[{"@type":"ReadAction","target":["https:\/\/www.organisator.ch\/management\/2024-10-15\/weltweite-insolvenzen-steigen-weiterhin\/"]}]},{"@type":"ImageObject","inLanguage":"de","@id":"https:\/\/www.organisator.ch\/management\/2024-10-15\/weltweite-insolvenzen-steigen-weiterhin\/#primaryimage","url":"https:\/\/www.organisator.ch\/wp-content\/uploads\/2024\/10\/Allianz-Trade_Bild1_ps.jpg","contentUrl":"https:\/\/www.organisator.ch\/wp-content\/uploads\/2024\/10\/Allianz-Trade_Bild1_ps.jpg","width":680,"height":472,"caption":"Globale und regionale Insolvenzindizes, j\u00e4hrliches Niveau, Basis 100: Durchschnitt 2016-2019. (Bild: www.allianz-trade.ch)"},{"@type":"BreadcrumbList","@id":"https:\/\/www.organisator.ch\/management\/2024-10-15\/weltweite-insolvenzen-steigen-weiterhin\/#breadcrumb","itemListElement":[{"@type":"ListItem","position":1,"name":"Home","item":"https:\/\/www.organisator.ch\/"},{"@type":"ListItem","position":2,"name":"Weltweite Insolvenzen steigen weiterhin"}]},{"@type":"WebSite","@id":"https:\/\/www.organisator.ch\/#website","url":"https:\/\/www.organisator.ch\/","name":"Organisator","description":"Kompetent. Praxisnah. Der ORGANISATOR bereitet in 10 Ausgaben pro Jahr die wesentlichen Themen f\u00fcr F\u00fchrungskr\u00e4fte von KMU auf.","publisher":{"@id":"https:\/\/www.organisator.ch\/#organization"},"potentialAction":[{"@type":"SearchAction","target":{"@type":"EntryPoint","urlTemplate":"https:\/\/www.organisator.ch\/?s={search_term_string}"},"query-input":{"@type":"PropertyValueSpecification","valueRequired":true,"valueName":"search_term_string"}}],"inLanguage":"de"},{"@type":"Organization","@id":"https:\/\/www.organisator.ch\/#organization","name":"Organisator","url":"https:\/\/www.organisator.ch\/","logo":{"@type":"ImageObject","inLanguage":"de","@id":"https:\/\/www.organisator.ch\/#\/schema\/logo\/image\/","url":"https:\/\/www.organisator.ch\/wp-content\/uploads\/2022\/01\/Logo_Organisator_Website.png","contentUrl":"https:\/\/www.organisator.ch\/wp-content\/uploads\/2022\/01\/Logo_Organisator_Website.png","width":800,"height":77,"caption":"Organisator"},"image":{"@id":"https:\/\/www.organisator.ch\/#\/schema\/logo\/image\/"},"sameAs":["https:\/\/www.facebook.com\/OrganisatorFachmagazin","https:\/\/www.linkedin.com\/showcase\/organisator-das-magazin-fr-kmu","https:\/\/www.xing.com\/news\/pages\/organisator-ch-695","https:\/\/www.youtube.com\/channel\/UCGP2Sq0iWaZwT3BdIAQFYpw"]},{"@type":"Person","@id":"https:\/\/www.organisator.ch\/#\/schema\/person\/afccda3a71c06d4be2ed9100dd163db7","name":"Dzana Muminovic","image":{"@type":"ImageObject","inLanguage":"de","@id":"https:\/\/secure.gravatar.com\/avatar\/909c5c71aff4b38e88686f2ab2f1ba152571f394f41ed8bae431ea56ced93050?s=96&d=mm&r=g","url":"https:\/\/secure.gravatar.com\/avatar\/909c5c71aff4b38e88686f2ab2f1ba152571f394f41ed8bae431ea56ced93050?s=96&d=mm&r=g","contentUrl":"https:\/\/secure.gravatar.com\/avatar\/909c5c71aff4b38e88686f2ab2f1ba152571f394f41ed8bae431ea56ced93050?s=96&d=mm&r=g","caption":"Dzana Muminovic"},"url":"https:\/\/www.organisator.ch\/de\/author\/dzana-muminovic\/"}]}},"_links":{"self":[{"href":"https:\/\/www.organisator.ch\/de\/wp-json\/wp\/v2\/posts\/30688","targetHints":{"allow":["GET"]}}],"collection":[{"href":"https:\/\/www.organisator.ch\/de\/wp-json\/wp\/v2\/posts"}],"about":[{"href":"https:\/\/www.organisator.ch\/de\/wp-json\/wp\/v2\/types\/post"}],"author":[{"embeddable":true,"href":"https:\/\/www.organisator.ch\/de\/wp-json\/wp\/v2\/users\/80"}],"replies":[{"embeddable":true,"href":"https:\/\/www.organisator.ch\/de\/wp-json\/wp\/v2\/comments?post=30688"}],"version-history":[{"count":1,"href":"https:\/\/www.organisator.ch\/de\/wp-json\/wp\/v2\/posts\/30688\/revisions"}],"predecessor-version":[{"id":30693,"href":"https:\/\/www.organisator.ch\/de\/wp-json\/wp\/v2\/posts\/30688\/revisions\/30693"}],"wp:featuredmedia":[{"embeddable":true,"href":"https:\/\/www.organisator.ch\/de\/wp-json\/wp\/v2\/media\/30692"}],"wp:attachment":[{"href":"https:\/\/www.organisator.ch\/de\/wp-json\/wp\/v2\/media?parent=30688"}],"wp:term":[{"taxonomy":"category","embeddable":true,"href":"https:\/\/www.organisator.ch\/de\/wp-json\/wp\/v2\/categories?post=30688"},{"taxonomy":"post_tag","embeddable":true,"href":"https:\/\/www.organisator.ch\/de\/wp-json\/wp\/v2\/tags?post=30688"}],"curies":[{"name":"wp","href":"https:\/\/api.w.org\/{rel}","templated":true}]}}