{"id":30727,"date":"2024-10-16T07:15:47","date_gmt":"2024-10-16T05:15:47","guid":{"rendered":"https:\/\/www.m-q.ch\/?p=20573"},"modified":"2024-11-07T12:47:32","modified_gmt":"2024-11-07T11:47:32","slug":"ki-und-cybersicherheit-grosse-hilfe-oder-noch-groessere-bedrohung","status":"publish","type":"post","link":"https:\/\/www.organisator.ch\/de\/operational-excellence\/2024-10-16\/ki-und-cybersicherheit-grosse-hilfe-oder-noch-groessere-bedrohung\/","title":{"rendered":"KI und Cybersicherheit: grosse Hilfe oder noch gr\u00f6ssere Bedrohung?"},"content":{"rendered":"<figure id=\"attachment_20575\" class=\"wp-caption alignnone\" style=\"width: 680px\" aria-describedby=\"caption-attachment-20575\"><img class=\"alignnone wp-image-20575 size-full\" src=\"https:\/\/www.m-q.ch\/wp-content\/uploads\/2024\/10\/Swiss_Cyber_Storm_Bild1_ps.jpg\" alt=\"Swiss Cyber Storm 2024\" width=\"680\" height=\"453\" \/>\r\n<figcaption id=\"caption-attachment-20575\" class=\"wp-caption-text\">Swiss Cyber Storm 2024 mit dem Motto \u00abThe AI Revolution\u00bb findet Am 22. Oktober in Bern statt. (Bild: www.swisscyberstorm.com)<\/figcaption>\r\n<\/figure>\r\n<p>Die diesj\u00e4hrige Swiss Cyber Storm vom 22. Oktober 2024 thematisiert mit dem Motto \u00abThe AI Revolution\u00bb die Gefahren und Chancen der k\u00fcnstlichen Intelligenz: Zum einen stellen KI unterst\u00fctzte Attacken eine neue Dimension der Gefahr f\u00fcr IT-Systeme dar, zum anderen l\u00e4sst sich die k\u00fcnstliche Intelligenz aber auch zur Abwehr bislang noch unbekannter Angriffe einsetzen. Letztlich stellen AI basierte IT-Systeme aber auch spezielle Anforderungen an die Sicherheit.<\/p>\r\n<p>An der Konferenz werden deshalb Themen diskutiert werden wie: Wie ist der aktuelle Stand der Bedrohung durch k\u00fcnstliche Intelligenz? Welche AI-basierten Attacken sind bereits zu beobachten? Wie kann man sich dagegen wehren und welche Hilfe vermag AI dabei schon heute zu leisten? Wie m\u00fcssen und k\u00f6nnen AI Anwendungen gesch\u00fctzt werden, damit sie ihre Dienste ohne sch\u00e4dliche Einfl\u00fcsse von aussen verrichten k\u00f6nnen? Neben AI kommen an der Swiss Cyber Storm aber auch andere aktuelle Themen der IT-Sicherheit zur Sprache.\u00a0<\/p>\r\n<p>AI- und Sicherheitsexperte Daniel Miessler wird die Konferenz mit seiner Keynote \u00abHow to Run Your Security Program with AI Before Someone Else Does\u00bb er\u00f6ffnen. Die Konferenzteilnehmer werden den Vortrag nicht nur mit einer neuen Denkweise \u00fcber KI, sondern auch \u00fcber Sicherheitsprogramme verlassen.<\/p>\r\n<h3><strong>Eine Auswahl von Speaker und Talks zum Thema AI:<\/strong><\/h3>\r\n<ul>\r\n\t<li><strong>Lukasz Olejnik (<\/strong>unabh\u00e4ngiger Forscher): \u00abAI and Technology Powered Propaganda and Disinformation Operations\u00bb<\/li>\r\n\t<li><strong>Eva Wolfangel <\/strong>(unabh\u00e4ngige Journalistin): \u00abWhen Chatbots Talk Too Much: The Risks and Rewards of AI Manipulation\u00bb<\/li>\r\n\t<li><strong>Cornelia Puhze <\/strong>(Security Awareness Expert, Switch): \u00abHuman-Centred Security Meets AI: How to Navigate New Threats\u00bb<\/li>\r\n<\/ul>\r\n<h3><strong>Eine Auswahl von Speaker und Talks zu weiteren Security-Themen:<\/strong><\/h3>\r\n<ul>\r\n\t<li><strong>Ruben Santamarta <\/strong>(unabh\u00e4ngiger Forscher): \u00abWhen Physics Meets (Reverse) Engineering: Understanding Cyber-Physical Attacks Against Nuclear Reactors\u00bb<\/li>\r\n\t<li><strong>Maya Bundt <\/strong>(Pr\u00e4sidentin des Steuerungsausschusses der Nationalen Cyberstrategie) und <strong>FabianWilli <\/strong>(Head Cyber Key Accounts, Swiss Re): \u00abAn Insider Perspective on Cyber Insurance \u2013 Yes or No?\u00bb<\/li>\r\n\t<li><strong>Ida Hameete <\/strong>(unabh\u00e4ngige Cybersecurity-Strategieberaterin): \u00abOvercoming Resistance with Purpose-Driven Security. A Lesson in Practical Socio-Dynamics\u00bb<\/li>\r\n<\/ul>\r\n<p>Den Endpunkt unter die Debatte setzt John Graham-Cumming, CTO von Cloudflare, mit der Abschluss- Keynote (\u00abLessons from Using Machine Learning for Active Defense Over 20 Years\u00bb). Graham-Cumming geht darin auf die lange Geschichte des maschinellen Lernens ein und erl\u00e4utert, wie er seit \u00fcber zwanzig Jahren versucht, ML zur Sicherung von Anwendungen einzusetzen.<\/p>\r\n<p>Als Referentinnen und Referenten im Hauptprogramm treten im Weiteren auf: Monica Amgwerd, Laura Bell Main, Kathrin Grosse, V\u00edctor Mayoral Vilches, David Rosenthal, Allyn Stott, Matt Tesauro und Bonnie Viteri.<\/p>\r\n<p>Die Kaffeepausen und die Mittagspause bieten ausreichend Gelegenheit f\u00fcrs Networking und die Diskussion mit den Referentinnen und Referenten. Nach Abschluss des offiziellen Programms sind alle Teilnehmerinnen und Teilnehmer zum Ap\u00e9ro mit der beliebten Tombola geladen.<\/p>\r\n<p><em>Quelle und weitere Informationen: <a href=\"http:\/\/www.swisscyberstorm.com\/\">www.swisscyberstorm.com<\/a><\/em><\/p>\n<p class=\"syndicated-attribution\">Dieser Beitrag erschien urspr\u00fcnglich auf m-q.ch - <a href=\"https:\/\/www.m-q.ch\/de\/ki-und-cybersicherheit-grosse-hilfe-oder-noch-groessere-bedrohung\/\" target=\"_blank\">https:\/\/www.m-q.ch\/de\/ki-und-cybersicherheit-grosse-hilfe-oder-noch-groessere-bedrohung\/<\/a><\/p>","protected":false},"excerpt":{"rendered":"<p>Am 22. Oktober 2024 findet in Bern die schweizerische Konferenz f\u00fcr IT-Security Swiss Cyber Storm statt. Unter dem Motto \u00abThe AI Revolution\u00bb diskutieren nationale und internationale Expertinnen und Experten die Folgen des KI-Booms f\u00fcr die IT-Sicherheit \u2013 sei es als Bedrohung oder als unterst\u00fctzende Kraft bei der Abwehr von Gefahren.<\/p>\n","protected":false},"author":58,"featured_media":0,"comment_status":"closed","ping_status":"closed","sticky":false,"template":"","format":"standard","meta":{"_acf_changed":false,"_yoast_wpseo_focuskw":"Swiss Cyber Storm 2024","_yoast_wpseo_metadesc":"Swiss Cyber Storm 2024 in Bern thematisiert Chancen und Gefahren der KI in der IT-Sicherheit.","articlekey":"","footnotes":""},"categories":[582],"tags":[608,3343,319,418,492],"class_list":["post-30727","post","type-post","status-publish","format-standard","hentry","category-operational-excellence","tag-cybersicherheit","tag-konferenz","tag-kuenstliche-intelligenz","tag-risikomanagement","tag-unternehmen"],"acf":[],"yoast_head":"<!-- This site is optimized with the Yoast SEO plugin v27.5 - https:\/\/yoast.com\/product\/yoast-seo-wordpress\/ -->\n<title>KI und Cybersicherheit: grosse Hilfe oder noch gr\u00f6ssere Bedrohung? - Organisator<\/title>\n<meta name=\"description\" content=\"Swiss Cyber Storm 2024 in Bern thematisiert Chancen und Gefahren der KI in der IT-Sicherheit.\" \/>\n<meta name=\"robots\" content=\"index, follow, max-snippet:-1, max-image-preview:large, max-video-preview:-1\" \/>\n<link rel=\"canonical\" href=\"https:\/\/www.organisator.ch\/de\/operational-excellence\/2024-10-16\/ki-und-cybersicherheit-grosse-hilfe-oder-noch-groessere-bedrohung\/\" \/>\n<meta property=\"og:locale\" content=\"de_DE\" \/>\n<meta property=\"og:type\" content=\"article\" \/>\n<meta property=\"og:title\" content=\"KI und Cybersicherheit: grosse Hilfe oder noch gr\u00f6ssere Bedrohung? - Organisator\" \/>\n<meta property=\"og:description\" content=\"Swiss Cyber Storm 2024 in Bern thematisiert Chancen und Gefahren der KI in der IT-Sicherheit.\" \/>\n<meta property=\"og:url\" content=\"https:\/\/www.organisator.ch\/de\/operational-excellence\/2024-10-16\/ki-und-cybersicherheit-grosse-hilfe-oder-noch-groessere-bedrohung\/\" \/>\n<meta property=\"og:site_name\" content=\"Organisator\" \/>\n<meta property=\"article:publisher\" content=\"https:\/\/www.facebook.com\/OrganisatorFachmagazin\" \/>\n<meta property=\"article:published_time\" content=\"2024-10-16T05:15:47+00:00\" \/>\n<meta property=\"article:modified_time\" content=\"2024-11-07T11:47:32+00:00\" \/>\n<meta property=\"og:image\" content=\"https:\/\/www.m-q.ch\/wp-content\/uploads\/2024\/10\/Swiss_Cyber_Storm_Bild1_ps.jpg\" \/>\n<meta name=\"author\" content=\"Adelisa Kalajdzini\" \/>\n<meta name=\"twitter:card\" content=\"summary_large_image\" \/>\n<script type=\"application\/ld+json\" class=\"yoast-schema-graph\">{\"@context\":\"https:\\\/\\\/schema.org\",\"@graph\":[{\"@type\":\"Article\",\"@id\":\"https:\\\/\\\/www.organisator.ch\\\/operational-excellence\\\/2024-10-16\\\/ki-und-cybersicherheit-grosse-hilfe-oder-noch-groessere-bedrohung\\\/#article\",\"isPartOf\":{\"@id\":\"https:\\\/\\\/www.organisator.ch\\\/operational-excellence\\\/2024-10-16\\\/ki-und-cybersicherheit-grosse-hilfe-oder-noch-groessere-bedrohung\\\/\"},\"author\":{\"name\":\"Adelisa Kalajdzini\",\"@id\":\"https:\\\/\\\/www.organisator.ch\\\/#\\\/schema\\\/person\\\/2e1314a2172123f874db408d8911d3f3\"},\"headline\":\"KI und Cybersicherheit: grosse Hilfe oder noch gr\u00f6ssere Bedrohung?\",\"datePublished\":\"2024-10-16T05:15:47+00:00\",\"dateModified\":\"2024-11-07T11:47:32+00:00\",\"mainEntityOfPage\":{\"@id\":\"https:\\\/\\\/www.organisator.ch\\\/operational-excellence\\\/2024-10-16\\\/ki-und-cybersicherheit-grosse-hilfe-oder-noch-groessere-bedrohung\\\/\"},\"wordCount\":472,\"publisher\":{\"@id\":\"https:\\\/\\\/www.organisator.ch\\\/#organization\"},\"image\":{\"@id\":\"https:\\\/\\\/www.organisator.ch\\\/operational-excellence\\\/2024-10-16\\\/ki-und-cybersicherheit-grosse-hilfe-oder-noch-groessere-bedrohung\\\/#primaryimage\"},\"thumbnailUrl\":\"https:\\\/\\\/www.m-q.ch\\\/wp-content\\\/uploads\\\/2024\\\/10\\\/Swiss_Cyber_Storm_Bild1_ps.jpg\",\"keywords\":[\"Cybersicherheit\",\"Konferenz\",\"K\u00fcnstliche Intelligenz\",\"Risikomanagement\",\"Unternehmen\"],\"articleSection\":[\"OPERATIONAL EXCELLENCE\"],\"inLanguage\":\"de\"},{\"@type\":\"WebPage\",\"@id\":\"https:\\\/\\\/www.organisator.ch\\\/operational-excellence\\\/2024-10-16\\\/ki-und-cybersicherheit-grosse-hilfe-oder-noch-groessere-bedrohung\\\/\",\"url\":\"https:\\\/\\\/www.organisator.ch\\\/operational-excellence\\\/2024-10-16\\\/ki-und-cybersicherheit-grosse-hilfe-oder-noch-groessere-bedrohung\\\/\",\"name\":\"KI und Cybersicherheit: grosse Hilfe oder noch gr\u00f6ssere Bedrohung? - Organisator\",\"isPartOf\":{\"@id\":\"https:\\\/\\\/www.organisator.ch\\\/#website\"},\"primaryImageOfPage\":{\"@id\":\"https:\\\/\\\/www.organisator.ch\\\/operational-excellence\\\/2024-10-16\\\/ki-und-cybersicherheit-grosse-hilfe-oder-noch-groessere-bedrohung\\\/#primaryimage\"},\"image\":{\"@id\":\"https:\\\/\\\/www.organisator.ch\\\/operational-excellence\\\/2024-10-16\\\/ki-und-cybersicherheit-grosse-hilfe-oder-noch-groessere-bedrohung\\\/#primaryimage\"},\"thumbnailUrl\":\"https:\\\/\\\/www.m-q.ch\\\/wp-content\\\/uploads\\\/2024\\\/10\\\/Swiss_Cyber_Storm_Bild1_ps.jpg\",\"datePublished\":\"2024-10-16T05:15:47+00:00\",\"dateModified\":\"2024-11-07T11:47:32+00:00\",\"description\":\"Swiss Cyber Storm 2024 in Bern thematisiert Chancen und Gefahren der KI in der IT-Sicherheit.\",\"breadcrumb\":{\"@id\":\"https:\\\/\\\/www.organisator.ch\\\/operational-excellence\\\/2024-10-16\\\/ki-und-cybersicherheit-grosse-hilfe-oder-noch-groessere-bedrohung\\\/#breadcrumb\"},\"inLanguage\":\"de\",\"potentialAction\":[{\"@type\":\"ReadAction\",\"target\":[\"https:\\\/\\\/www.organisator.ch\\\/operational-excellence\\\/2024-10-16\\\/ki-und-cybersicherheit-grosse-hilfe-oder-noch-groessere-bedrohung\\\/\"]}]},{\"@type\":\"ImageObject\",\"inLanguage\":\"de\",\"@id\":\"https:\\\/\\\/www.organisator.ch\\\/operational-excellence\\\/2024-10-16\\\/ki-und-cybersicherheit-grosse-hilfe-oder-noch-groessere-bedrohung\\\/#primaryimage\",\"url\":\"https:\\\/\\\/www.m-q.ch\\\/wp-content\\\/uploads\\\/2024\\\/10\\\/Swiss_Cyber_Storm_Bild1_ps.jpg\",\"contentUrl\":\"https:\\\/\\\/www.m-q.ch\\\/wp-content\\\/uploads\\\/2024\\\/10\\\/Swiss_Cyber_Storm_Bild1_ps.jpg\"},{\"@type\":\"BreadcrumbList\",\"@id\":\"https:\\\/\\\/www.organisator.ch\\\/operational-excellence\\\/2024-10-16\\\/ki-und-cybersicherheit-grosse-hilfe-oder-noch-groessere-bedrohung\\\/#breadcrumb\",\"itemListElement\":[{\"@type\":\"ListItem\",\"position\":1,\"name\":\"Home\",\"item\":\"https:\\\/\\\/www.organisator.ch\\\/\"},{\"@type\":\"ListItem\",\"position\":2,\"name\":\"KI und Cybersicherheit: grosse Hilfe oder noch gr\u00f6ssere Bedrohung?\"}]},{\"@type\":\"WebSite\",\"@id\":\"https:\\\/\\\/www.organisator.ch\\\/#website\",\"url\":\"https:\\\/\\\/www.organisator.ch\\\/\",\"name\":\"Organisator\",\"description\":\"Kompetent. Praxisnah. Der ORGANISATOR bereitet in 10 Ausgaben pro Jahr die wesentlichen Themen f\u00fcr F\u00fchrungskr\u00e4fte von KMU auf.\",\"publisher\":{\"@id\":\"https:\\\/\\\/www.organisator.ch\\\/#organization\"},\"potentialAction\":[{\"@type\":\"SearchAction\",\"target\":{\"@type\":\"EntryPoint\",\"urlTemplate\":\"https:\\\/\\\/www.organisator.ch\\\/?s={search_term_string}\"},\"query-input\":{\"@type\":\"PropertyValueSpecification\",\"valueRequired\":true,\"valueName\":\"search_term_string\"}}],\"inLanguage\":\"de\"},{\"@type\":\"Organization\",\"@id\":\"https:\\\/\\\/www.organisator.ch\\\/#organization\",\"name\":\"Organisator\",\"url\":\"https:\\\/\\\/www.organisator.ch\\\/\",\"logo\":{\"@type\":\"ImageObject\",\"inLanguage\":\"de\",\"@id\":\"https:\\\/\\\/www.organisator.ch\\\/#\\\/schema\\\/logo\\\/image\\\/\",\"url\":\"https:\\\/\\\/www.organisator.ch\\\/wp-content\\\/uploads\\\/2022\\\/01\\\/Logo_Organisator_Website.png\",\"contentUrl\":\"https:\\\/\\\/www.organisator.ch\\\/wp-content\\\/uploads\\\/2022\\\/01\\\/Logo_Organisator_Website.png\",\"width\":800,\"height\":77,\"caption\":\"Organisator\"},\"image\":{\"@id\":\"https:\\\/\\\/www.organisator.ch\\\/#\\\/schema\\\/logo\\\/image\\\/\"},\"sameAs\":[\"https:\\\/\\\/www.facebook.com\\\/OrganisatorFachmagazin\",\"https:\\\/\\\/www.linkedin.com\\\/showcase\\\/organisator-das-magazin-fr-kmu\",\"https:\\\/\\\/www.xing.com\\\/news\\\/pages\\\/organisator-ch-695\",\"https:\\\/\\\/www.youtube.com\\\/channel\\\/UCGP2Sq0iWaZwT3BdIAQFYpw\"]},{\"@type\":\"Person\",\"@id\":\"https:\\\/\\\/www.organisator.ch\\\/#\\\/schema\\\/person\\\/2e1314a2172123f874db408d8911d3f3\",\"name\":\"Adelisa Kalajdzini\",\"image\":{\"@type\":\"ImageObject\",\"inLanguage\":\"de\",\"@id\":\"https:\\\/\\\/secure.gravatar.com\\\/avatar\\\/09a397c22ac58cad6f160ee8306348599df9df58a8ede73696226897b9fa4b24?s=96&d=mm&r=g\",\"url\":\"https:\\\/\\\/secure.gravatar.com\\\/avatar\\\/09a397c22ac58cad6f160ee8306348599df9df58a8ede73696226897b9fa4b24?s=96&d=mm&r=g\",\"contentUrl\":\"https:\\\/\\\/secure.gravatar.com\\\/avatar\\\/09a397c22ac58cad6f160ee8306348599df9df58a8ede73696226897b9fa4b24?s=96&d=mm&r=g\",\"caption\":\"Adelisa Kalajdzini\"},\"url\":\"https:\\\/\\\/www.organisator.ch\\\/de\\\/author\\\/adelisa-kalajdzini\\\/\"}]}<\/script>\n<!-- \/ Yoast SEO plugin. -->","yoast_head_json":{"title":"KI und Cybersicherheit: grosse Hilfe oder noch gr\u00f6ssere Bedrohung? - Organisator","description":"Swiss Cyber Storm 2024 in Bern thematisiert Chancen und Gefahren der KI in der IT-Sicherheit.","robots":{"index":"index","follow":"follow","max-snippet":"max-snippet:-1","max-image-preview":"max-image-preview:large","max-video-preview":"max-video-preview:-1"},"canonical":"https:\/\/www.organisator.ch\/de\/operational-excellence\/2024-10-16\/ki-und-cybersicherheit-grosse-hilfe-oder-noch-groessere-bedrohung\/","og_locale":"de_DE","og_type":"article","og_title":"KI und Cybersicherheit: grosse Hilfe oder noch gr\u00f6ssere Bedrohung? - Organisator","og_description":"Swiss Cyber Storm 2024 in Bern thematisiert Chancen und Gefahren der KI in der IT-Sicherheit.","og_url":"https:\/\/www.organisator.ch\/de\/operational-excellence\/2024-10-16\/ki-und-cybersicherheit-grosse-hilfe-oder-noch-groessere-bedrohung\/","og_site_name":"Organisator","article_publisher":"https:\/\/www.facebook.com\/OrganisatorFachmagazin","article_published_time":"2024-10-16T05:15:47+00:00","article_modified_time":"2024-11-07T11:47:32+00:00","og_image":[{"url":"https:\/\/www.m-q.ch\/wp-content\/uploads\/2024\/10\/Swiss_Cyber_Storm_Bild1_ps.jpg","type":"","width":"","height":""}],"author":"Adelisa Kalajdzini","twitter_card":"summary_large_image","schema":{"@context":"https:\/\/schema.org","@graph":[{"@type":"Article","@id":"https:\/\/www.organisator.ch\/operational-excellence\/2024-10-16\/ki-und-cybersicherheit-grosse-hilfe-oder-noch-groessere-bedrohung\/#article","isPartOf":{"@id":"https:\/\/www.organisator.ch\/operational-excellence\/2024-10-16\/ki-und-cybersicherheit-grosse-hilfe-oder-noch-groessere-bedrohung\/"},"author":{"name":"Adelisa Kalajdzini","@id":"https:\/\/www.organisator.ch\/#\/schema\/person\/2e1314a2172123f874db408d8911d3f3"},"headline":"KI und Cybersicherheit: grosse Hilfe oder noch gr\u00f6ssere Bedrohung?","datePublished":"2024-10-16T05:15:47+00:00","dateModified":"2024-11-07T11:47:32+00:00","mainEntityOfPage":{"@id":"https:\/\/www.organisator.ch\/operational-excellence\/2024-10-16\/ki-und-cybersicherheit-grosse-hilfe-oder-noch-groessere-bedrohung\/"},"wordCount":472,"publisher":{"@id":"https:\/\/www.organisator.ch\/#organization"},"image":{"@id":"https:\/\/www.organisator.ch\/operational-excellence\/2024-10-16\/ki-und-cybersicherheit-grosse-hilfe-oder-noch-groessere-bedrohung\/#primaryimage"},"thumbnailUrl":"https:\/\/www.m-q.ch\/wp-content\/uploads\/2024\/10\/Swiss_Cyber_Storm_Bild1_ps.jpg","keywords":["Cybersicherheit","Konferenz","K\u00fcnstliche Intelligenz","Risikomanagement","Unternehmen"],"articleSection":["OPERATIONAL EXCELLENCE"],"inLanguage":"de"},{"@type":"WebPage","@id":"https:\/\/www.organisator.ch\/operational-excellence\/2024-10-16\/ki-und-cybersicherheit-grosse-hilfe-oder-noch-groessere-bedrohung\/","url":"https:\/\/www.organisator.ch\/operational-excellence\/2024-10-16\/ki-und-cybersicherheit-grosse-hilfe-oder-noch-groessere-bedrohung\/","name":"KI und Cybersicherheit: grosse Hilfe oder noch gr\u00f6ssere Bedrohung? - Organisator","isPartOf":{"@id":"https:\/\/www.organisator.ch\/#website"},"primaryImageOfPage":{"@id":"https:\/\/www.organisator.ch\/operational-excellence\/2024-10-16\/ki-und-cybersicherheit-grosse-hilfe-oder-noch-groessere-bedrohung\/#primaryimage"},"image":{"@id":"https:\/\/www.organisator.ch\/operational-excellence\/2024-10-16\/ki-und-cybersicherheit-grosse-hilfe-oder-noch-groessere-bedrohung\/#primaryimage"},"thumbnailUrl":"https:\/\/www.m-q.ch\/wp-content\/uploads\/2024\/10\/Swiss_Cyber_Storm_Bild1_ps.jpg","datePublished":"2024-10-16T05:15:47+00:00","dateModified":"2024-11-07T11:47:32+00:00","description":"Swiss Cyber Storm 2024 in Bern thematisiert Chancen und Gefahren der KI in der IT-Sicherheit.","breadcrumb":{"@id":"https:\/\/www.organisator.ch\/operational-excellence\/2024-10-16\/ki-und-cybersicherheit-grosse-hilfe-oder-noch-groessere-bedrohung\/#breadcrumb"},"inLanguage":"de","potentialAction":[{"@type":"ReadAction","target":["https:\/\/www.organisator.ch\/operational-excellence\/2024-10-16\/ki-und-cybersicherheit-grosse-hilfe-oder-noch-groessere-bedrohung\/"]}]},{"@type":"ImageObject","inLanguage":"de","@id":"https:\/\/www.organisator.ch\/operational-excellence\/2024-10-16\/ki-und-cybersicherheit-grosse-hilfe-oder-noch-groessere-bedrohung\/#primaryimage","url":"https:\/\/www.m-q.ch\/wp-content\/uploads\/2024\/10\/Swiss_Cyber_Storm_Bild1_ps.jpg","contentUrl":"https:\/\/www.m-q.ch\/wp-content\/uploads\/2024\/10\/Swiss_Cyber_Storm_Bild1_ps.jpg"},{"@type":"BreadcrumbList","@id":"https:\/\/www.organisator.ch\/operational-excellence\/2024-10-16\/ki-und-cybersicherheit-grosse-hilfe-oder-noch-groessere-bedrohung\/#breadcrumb","itemListElement":[{"@type":"ListItem","position":1,"name":"Home","item":"https:\/\/www.organisator.ch\/"},{"@type":"ListItem","position":2,"name":"KI und Cybersicherheit: grosse Hilfe oder noch gr\u00f6ssere Bedrohung?"}]},{"@type":"WebSite","@id":"https:\/\/www.organisator.ch\/#website","url":"https:\/\/www.organisator.ch\/","name":"Organisator","description":"Kompetent. Praxisnah. Der ORGANISATOR bereitet in 10 Ausgaben pro Jahr die wesentlichen Themen f\u00fcr F\u00fchrungskr\u00e4fte von KMU auf.","publisher":{"@id":"https:\/\/www.organisator.ch\/#organization"},"potentialAction":[{"@type":"SearchAction","target":{"@type":"EntryPoint","urlTemplate":"https:\/\/www.organisator.ch\/?s={search_term_string}"},"query-input":{"@type":"PropertyValueSpecification","valueRequired":true,"valueName":"search_term_string"}}],"inLanguage":"de"},{"@type":"Organization","@id":"https:\/\/www.organisator.ch\/#organization","name":"Organisator","url":"https:\/\/www.organisator.ch\/","logo":{"@type":"ImageObject","inLanguage":"de","@id":"https:\/\/www.organisator.ch\/#\/schema\/logo\/image\/","url":"https:\/\/www.organisator.ch\/wp-content\/uploads\/2022\/01\/Logo_Organisator_Website.png","contentUrl":"https:\/\/www.organisator.ch\/wp-content\/uploads\/2022\/01\/Logo_Organisator_Website.png","width":800,"height":77,"caption":"Organisator"},"image":{"@id":"https:\/\/www.organisator.ch\/#\/schema\/logo\/image\/"},"sameAs":["https:\/\/www.facebook.com\/OrganisatorFachmagazin","https:\/\/www.linkedin.com\/showcase\/organisator-das-magazin-fr-kmu","https:\/\/www.xing.com\/news\/pages\/organisator-ch-695","https:\/\/www.youtube.com\/channel\/UCGP2Sq0iWaZwT3BdIAQFYpw"]},{"@type":"Person","@id":"https:\/\/www.organisator.ch\/#\/schema\/person\/2e1314a2172123f874db408d8911d3f3","name":"Adelisa Kalajdzini","image":{"@type":"ImageObject","inLanguage":"de","@id":"https:\/\/secure.gravatar.com\/avatar\/09a397c22ac58cad6f160ee8306348599df9df58a8ede73696226897b9fa4b24?s=96&d=mm&r=g","url":"https:\/\/secure.gravatar.com\/avatar\/09a397c22ac58cad6f160ee8306348599df9df58a8ede73696226897b9fa4b24?s=96&d=mm&r=g","contentUrl":"https:\/\/secure.gravatar.com\/avatar\/09a397c22ac58cad6f160ee8306348599df9df58a8ede73696226897b9fa4b24?s=96&d=mm&r=g","caption":"Adelisa Kalajdzini"},"url":"https:\/\/www.organisator.ch\/de\/author\/adelisa-kalajdzini\/"}]}},"_links":{"self":[{"href":"https:\/\/www.organisator.ch\/de\/wp-json\/wp\/v2\/posts\/30727","targetHints":{"allow":["GET"]}}],"collection":[{"href":"https:\/\/www.organisator.ch\/de\/wp-json\/wp\/v2\/posts"}],"about":[{"href":"https:\/\/www.organisator.ch\/de\/wp-json\/wp\/v2\/types\/post"}],"author":[{"embeddable":true,"href":"https:\/\/www.organisator.ch\/de\/wp-json\/wp\/v2\/users\/58"}],"replies":[{"embeddable":true,"href":"https:\/\/www.organisator.ch\/de\/wp-json\/wp\/v2\/comments?post=30727"}],"version-history":[{"count":4,"href":"https:\/\/www.organisator.ch\/de\/wp-json\/wp\/v2\/posts\/30727\/revisions"}],"predecessor-version":[{"id":31769,"href":"https:\/\/www.organisator.ch\/de\/wp-json\/wp\/v2\/posts\/30727\/revisions\/31769"}],"wp:attachment":[{"href":"https:\/\/www.organisator.ch\/de\/wp-json\/wp\/v2\/media?parent=30727"}],"wp:term":[{"taxonomy":"category","embeddable":true,"href":"https:\/\/www.organisator.ch\/de\/wp-json\/wp\/v2\/categories?post=30727"},{"taxonomy":"post_tag","embeddable":true,"href":"https:\/\/www.organisator.ch\/de\/wp-json\/wp\/v2\/tags?post=30727"}],"curies":[{"name":"wp","href":"https:\/\/api.w.org\/{rel}","templated":true}]}}