{"id":30737,"date":"2024-10-16T13:20:37","date_gmt":"2024-10-16T11:20:37","guid":{"rendered":"https:\/\/www.organisator.ch\/?p=30737"},"modified":"2024-10-16T09:56:03","modified_gmt":"2024-10-16T07:56:03","slug":"iway-wird-eigenstaendiger-telefonieanbieter-fuer-festnetz-und-mobile","status":"publish","type":"post","link":"https:\/\/www.organisator.ch\/de\/management\/2024-10-16\/iway-wird-eigenstaendiger-telefonieanbieter-fuer-festnetz-und-mobile\/","title":{"rendered":"iWay wird eigenst\u00e4ndiger Telefonieanbieter f\u00fcr Festnetz und Mobile"},"content":{"rendered":"<figure id=\"attachment_30738\" aria-describedby=\"caption-attachment-30738\" style=\"width: 680px\" class=\"wp-caption alignnone\"><img loading=\"lazy\" decoding=\"async\" class=\"size-full wp-image-30738\" src=\"https:\/\/www.organisator.ch\/wp-content\/uploads\/2024\/10\/iWay_Bild1_ps.jpg\" alt=\"\" width=\"680\" height=\"412\" srcset=\"https:\/\/www.organisator.ch\/wp-content\/uploads\/2024\/10\/iWay_Bild1_ps.jpg 680w, https:\/\/www.organisator.ch\/wp-content\/uploads\/2024\/10\/iWay_Bild1_ps-18x12.jpg 18w, https:\/\/www.organisator.ch\/wp-content\/uploads\/2024\/10\/iWay_Bild1_ps-375x227.jpg 375w, https:\/\/www.organisator.ch\/wp-content\/uploads\/2024\/10\/iWay_Bild1_ps-578x350.jpg 578w\" sizes=\"auto, (max-width: 680px) 100vw, 680px\" \/><figcaption id=\"caption-attachment-30738\" class=\"wp-caption-text\">Die neuen Mobilfunkangebote von iWay werden ab Mitte 2025 verf\u00fcgbar sein. (Bild: www.iway.ch)<\/figcaption><\/figure>\n<p>Analog dazu wird iWay auch zum eigenest\u00e4ndigen Mobilfunkanbieter. Daf\u00fcr wird das Unternehmen als Full Mobile Virtual Network Operator (MVNO) operieren. iWay nutzt dazu das physische Mobilfunknetz von Swisscom, baut aber seine eigene Hardware- und Software-Plattform auf und agiert weitgehend eigenst\u00e4ndig. Das bedeutet, dass iWay seine eigenen Tarifmodelle und Angebote entwickeln und vermarkten und sich als Mobilfunkanbieter noch besser von seinen Marktbegleitern abheben kann. Die neuen Mobilfunkangebote werden ab Mitte 2025 verf\u00fcgbar sein.<\/p>\n<p>\u00abWir bauen eine neue zuverl\u00e4ssigere und eigene Infrastruktur auf. Damit k\u00f6nnen wir unseren Partnern und unseren Kundinnen und Kunden k\u00fcnftig attraktivere Angebote anbieten\u00bb, sagt Markus Vetterli, CEO von iWay. \u00abAls eigenst\u00e4ndiger Telefonieanbieter werden wir sowohl im Festnetz- als auch im Mobilfunkbereich mit weniger Abh\u00e4ngigkeiten konfrontiert sein, dadurch flexibler auf Marktver\u00e4nderungen reagieren und Produktentwicklungen schneller umsetzen k\u00f6nnen.\u00bb Eine reibungslose Umstellung auf die neue Infrastruktur hat dabei f\u00fcr iWay oberste Priorit\u00e4t.<\/p>\n<p>Partner und Kundinnen und Kunden werden fr\u00fchzeitig \u00fcber das weitere Vorgehen informiert. iWay-Partner werden die neuen Produkte \u00fcber das bestehende Partnerportal bestellen und verwalten k\u00f6nnen. Ausserdem erhalten die Partner neu die M\u00f6glichkeit, die Telefonieprodukte von iWay auch im White-Label-Modell mit eigenem Branding beziehen und vermarkten zu k\u00f6nnen. Endkundinnen und -kunden wiederum werden von verbesserten Angeboten profitieren, weil sich iWay mit der neuen Festnetz- und Mobilfunkstrategie noch besser seinem Ziel widmen kann, die beste Alternative zu den grossen Anbietern zu sein. Im Zuge dieser neuen strategischen Ausrichtung wird iWay die bestehende Zusammenarbeit mit Nexphone beenden.<\/p>\n<p><em>Quelle: <a href=\"http:\/\/www.iway.ch\">www.iway.ch<\/a><\/em><\/p>\n","protected":false},"excerpt":{"rendered":"<p>Der Internetanbieter iWay arbeitet an eigenen L\u00f6sungen f\u00fcr Festnetz- und Mobiltelefonie. Dazu baut das Unternehmen aktuell eine eigene Infrastruktur auf. Die neuen Produkte f\u00fcr die Festnetztelefonie werden ab Anfang 2025 erh\u00e4ltlich sein. <\/p>\n","protected":false},"author":80,"featured_media":0,"comment_status":"closed","ping_status":"closed","sticky":false,"template":"","format":"standard","meta":{"_acf_changed":false,"_yoast_wpseo_focuskw":"Internetanbieter","_yoast_wpseo_metadesc":"Der Internetanbieter iWay arbeitet an eigenen L\u00f6sungen f\u00fcr Festnetz- und Mobiltelefonie. Dazu baut das Unternehmen aktuell eine eigene Infrastruktur auf.","articlekey":"","footnotes":""},"categories":[28],"tags":[1405,4620,424,477,492],"class_list":["post-30737","post","type-post","status-publish","format-standard","hentry","category-management","tag-infrastruktur","tag-internetanbieter","tag-schweiz","tag-telefonie","tag-unternehmen"],"acf":[],"yoast_head":"<!-- This site is optimized with the Yoast SEO plugin v27.4 - https:\/\/yoast.com\/product\/yoast-seo-wordpress\/ -->\n<title>iWay wird eigenst\u00e4ndiger Telefonieanbieter f\u00fcr Festnetz und Mobile - Organisator<\/title>\n<meta name=\"description\" content=\"Der Internetanbieter iWay arbeitet an eigenen L\u00f6sungen f\u00fcr Festnetz- und Mobiltelefonie. Dazu baut das Unternehmen aktuell eine eigene Infrastruktur auf.\" \/>\n<meta name=\"robots\" content=\"index, follow, max-snippet:-1, max-image-preview:large, max-video-preview:-1\" \/>\n<link rel=\"canonical\" href=\"https:\/\/www.organisator.ch\/de\/management\/2024-10-16\/iway-wird-eigenstaendiger-telefonieanbieter-fuer-festnetz-und-mobile\/\" \/>\n<meta property=\"og:locale\" content=\"de_DE\" \/>\n<meta property=\"og:type\" content=\"article\" \/>\n<meta property=\"og:title\" content=\"iWay wird eigenst\u00e4ndiger Telefonieanbieter f\u00fcr Festnetz und Mobile\" \/>\n<meta property=\"og:description\" content=\"Der Internetanbieter iWay arbeitet an eigenen L\u00f6sungen f\u00fcr Festnetz- und Mobiltelefonie. Dazu baut das Unternehmen aktuell eine eigene Infrastruktur auf.\" \/>\n<meta property=\"og:url\" content=\"https:\/\/www.organisator.ch\/de\/management\/2024-10-16\/iway-wird-eigenstaendiger-telefonieanbieter-fuer-festnetz-und-mobile\/\" \/>\n<meta property=\"og:site_name\" content=\"Organisator\" \/>\n<meta property=\"article:publisher\" content=\"https:\/\/www.facebook.com\/OrganisatorFachmagazin\" \/>\n<meta property=\"article:published_time\" content=\"2024-10-16T11:20:37+00:00\" \/>\n<meta property=\"og:image\" content=\"https:\/\/www.organisator.ch\/wp-content\/uploads\/2024\/10\/iWay_Bild1_ps.jpg\" \/>\n\t<meta property=\"og:image:width\" content=\"680\" \/>\n\t<meta property=\"og:image:height\" content=\"412\" \/>\n\t<meta property=\"og:image:type\" content=\"image\/jpeg\" \/>\n<meta name=\"author\" content=\"Dzana Muminovic\" \/>\n<meta name=\"twitter:card\" content=\"summary_large_image\" \/>\n<meta name=\"twitter:title\" content=\"iWay wird eigenst\u00e4ndiger Telefonieanbieter f\u00fcr Festnetz und Mobile\" \/>\n<meta name=\"twitter:description\" content=\"Der Internetanbieter iWay arbeitet an eigenen L\u00f6sungen f\u00fcr Festnetz- und Mobiltelefonie. Dazu baut das Unternehmen aktuell eine eigene Infrastruktur auf.\" \/>\n<meta name=\"twitter:image\" content=\"https:\/\/www.organisator.ch\/wp-content\/uploads\/2024\/10\/iWay_Bild1_ps.jpg\" \/>\n<script type=\"application\/ld+json\" class=\"yoast-schema-graph\">{\"@context\":\"https:\\\/\\\/schema.org\",\"@graph\":[{\"@type\":\"Article\",\"@id\":\"https:\\\/\\\/www.organisator.ch\\\/management\\\/2024-10-16\\\/iway-wird-eigenstaendiger-telefonieanbieter-fuer-festnetz-und-mobile\\\/#article\",\"isPartOf\":{\"@id\":\"https:\\\/\\\/www.organisator.ch\\\/management\\\/2024-10-16\\\/iway-wird-eigenstaendiger-telefonieanbieter-fuer-festnetz-und-mobile\\\/\"},\"author\":{\"name\":\"Dzana Muminovic\",\"@id\":\"https:\\\/\\\/www.organisator.ch\\\/#\\\/schema\\\/person\\\/afccda3a71c06d4be2ed9100dd163db7\"},\"headline\":\"iWay wird eigenst\u00e4ndiger Telefonieanbieter f\u00fcr Festnetz und Mobile\",\"datePublished\":\"2024-10-16T11:20:37+00:00\",\"mainEntityOfPage\":{\"@id\":\"https:\\\/\\\/www.organisator.ch\\\/management\\\/2024-10-16\\\/iway-wird-eigenstaendiger-telefonieanbieter-fuer-festnetz-und-mobile\\\/\"},\"wordCount\":287,\"publisher\":{\"@id\":\"https:\\\/\\\/www.organisator.ch\\\/#organization\"},\"image\":{\"@id\":\"https:\\\/\\\/www.organisator.ch\\\/management\\\/2024-10-16\\\/iway-wird-eigenstaendiger-telefonieanbieter-fuer-festnetz-und-mobile\\\/#primaryimage\"},\"thumbnailUrl\":\"https:\\\/\\\/www.organisator.ch\\\/wp-content\\\/uploads\\\/2024\\\/10\\\/iWay_Bild1_ps.jpg\",\"keywords\":[\"Infrastruktur\",\"Internetanbieter\",\"Schweiz\",\"Telefonie\",\"Unternehmen\"],\"articleSection\":[\"MANAGEMENT\"],\"inLanguage\":\"de\"},{\"@type\":\"WebPage\",\"@id\":\"https:\\\/\\\/www.organisator.ch\\\/management\\\/2024-10-16\\\/iway-wird-eigenstaendiger-telefonieanbieter-fuer-festnetz-und-mobile\\\/\",\"url\":\"https:\\\/\\\/www.organisator.ch\\\/management\\\/2024-10-16\\\/iway-wird-eigenstaendiger-telefonieanbieter-fuer-festnetz-und-mobile\\\/\",\"name\":\"iWay wird eigenst\u00e4ndiger Telefonieanbieter f\u00fcr Festnetz und Mobile - Organisator\",\"isPartOf\":{\"@id\":\"https:\\\/\\\/www.organisator.ch\\\/#website\"},\"primaryImageOfPage\":{\"@id\":\"https:\\\/\\\/www.organisator.ch\\\/management\\\/2024-10-16\\\/iway-wird-eigenstaendiger-telefonieanbieter-fuer-festnetz-und-mobile\\\/#primaryimage\"},\"image\":{\"@id\":\"https:\\\/\\\/www.organisator.ch\\\/management\\\/2024-10-16\\\/iway-wird-eigenstaendiger-telefonieanbieter-fuer-festnetz-und-mobile\\\/#primaryimage\"},\"thumbnailUrl\":\"https:\\\/\\\/www.organisator.ch\\\/wp-content\\\/uploads\\\/2024\\\/10\\\/iWay_Bild1_ps.jpg\",\"datePublished\":\"2024-10-16T11:20:37+00:00\",\"description\":\"Der Internetanbieter iWay arbeitet an eigenen L\u00f6sungen f\u00fcr Festnetz- und Mobiltelefonie. Dazu baut das Unternehmen aktuell eine eigene Infrastruktur auf.\",\"breadcrumb\":{\"@id\":\"https:\\\/\\\/www.organisator.ch\\\/management\\\/2024-10-16\\\/iway-wird-eigenstaendiger-telefonieanbieter-fuer-festnetz-und-mobile\\\/#breadcrumb\"},\"inLanguage\":\"de\",\"potentialAction\":[{\"@type\":\"ReadAction\",\"target\":[\"https:\\\/\\\/www.organisator.ch\\\/management\\\/2024-10-16\\\/iway-wird-eigenstaendiger-telefonieanbieter-fuer-festnetz-und-mobile\\\/\"]}]},{\"@type\":\"ImageObject\",\"inLanguage\":\"de\",\"@id\":\"https:\\\/\\\/www.organisator.ch\\\/management\\\/2024-10-16\\\/iway-wird-eigenstaendiger-telefonieanbieter-fuer-festnetz-und-mobile\\\/#primaryimage\",\"url\":\"https:\\\/\\\/www.organisator.ch\\\/wp-content\\\/uploads\\\/2024\\\/10\\\/iWay_Bild1_ps.jpg\",\"contentUrl\":\"https:\\\/\\\/www.organisator.ch\\\/wp-content\\\/uploads\\\/2024\\\/10\\\/iWay_Bild1_ps.jpg\"},{\"@type\":\"BreadcrumbList\",\"@id\":\"https:\\\/\\\/www.organisator.ch\\\/management\\\/2024-10-16\\\/iway-wird-eigenstaendiger-telefonieanbieter-fuer-festnetz-und-mobile\\\/#breadcrumb\",\"itemListElement\":[{\"@type\":\"ListItem\",\"position\":1,\"name\":\"Home\",\"item\":\"https:\\\/\\\/www.organisator.ch\\\/\"},{\"@type\":\"ListItem\",\"position\":2,\"name\":\"iWay wird eigenst\u00e4ndiger Telefonieanbieter f\u00fcr Festnetz und Mobile\"}]},{\"@type\":\"WebSite\",\"@id\":\"https:\\\/\\\/www.organisator.ch\\\/#website\",\"url\":\"https:\\\/\\\/www.organisator.ch\\\/\",\"name\":\"Organisator\",\"description\":\"Kompetent. Praxisnah. Der ORGANISATOR bereitet in 10 Ausgaben pro Jahr die wesentlichen Themen f\u00fcr F\u00fchrungskr\u00e4fte von KMU auf.\",\"publisher\":{\"@id\":\"https:\\\/\\\/www.organisator.ch\\\/#organization\"},\"potentialAction\":[{\"@type\":\"SearchAction\",\"target\":{\"@type\":\"EntryPoint\",\"urlTemplate\":\"https:\\\/\\\/www.organisator.ch\\\/?s={search_term_string}\"},\"query-input\":{\"@type\":\"PropertyValueSpecification\",\"valueRequired\":true,\"valueName\":\"search_term_string\"}}],\"inLanguage\":\"de\"},{\"@type\":\"Organization\",\"@id\":\"https:\\\/\\\/www.organisator.ch\\\/#organization\",\"name\":\"Organisator\",\"url\":\"https:\\\/\\\/www.organisator.ch\\\/\",\"logo\":{\"@type\":\"ImageObject\",\"inLanguage\":\"de\",\"@id\":\"https:\\\/\\\/www.organisator.ch\\\/#\\\/schema\\\/logo\\\/image\\\/\",\"url\":\"https:\\\/\\\/www.organisator.ch\\\/wp-content\\\/uploads\\\/2022\\\/01\\\/Logo_Organisator_Website.png\",\"contentUrl\":\"https:\\\/\\\/www.organisator.ch\\\/wp-content\\\/uploads\\\/2022\\\/01\\\/Logo_Organisator_Website.png\",\"width\":800,\"height\":77,\"caption\":\"Organisator\"},\"image\":{\"@id\":\"https:\\\/\\\/www.organisator.ch\\\/#\\\/schema\\\/logo\\\/image\\\/\"},\"sameAs\":[\"https:\\\/\\\/www.facebook.com\\\/OrganisatorFachmagazin\",\"https:\\\/\\\/www.linkedin.com\\\/showcase\\\/organisator-das-magazin-fr-kmu\",\"https:\\\/\\\/www.xing.com\\\/news\\\/pages\\\/organisator-ch-695\",\"https:\\\/\\\/www.youtube.com\\\/channel\\\/UCGP2Sq0iWaZwT3BdIAQFYpw\"]},{\"@type\":\"Person\",\"@id\":\"https:\\\/\\\/www.organisator.ch\\\/#\\\/schema\\\/person\\\/afccda3a71c06d4be2ed9100dd163db7\",\"name\":\"Dzana Muminovic\",\"image\":{\"@type\":\"ImageObject\",\"inLanguage\":\"de\",\"@id\":\"https:\\\/\\\/secure.gravatar.com\\\/avatar\\\/909c5c71aff4b38e88686f2ab2f1ba152571f394f41ed8bae431ea56ced93050?s=96&d=mm&r=g\",\"url\":\"https:\\\/\\\/secure.gravatar.com\\\/avatar\\\/909c5c71aff4b38e88686f2ab2f1ba152571f394f41ed8bae431ea56ced93050?s=96&d=mm&r=g\",\"contentUrl\":\"https:\\\/\\\/secure.gravatar.com\\\/avatar\\\/909c5c71aff4b38e88686f2ab2f1ba152571f394f41ed8bae431ea56ced93050?s=96&d=mm&r=g\",\"caption\":\"Dzana Muminovic\"},\"url\":\"https:\\\/\\\/www.organisator.ch\\\/de\\\/author\\\/dzana-muminovic\\\/\"}]}<\/script>\n<!-- \/ Yoast SEO plugin. -->","yoast_head_json":{"title":"iWay wird eigenst\u00e4ndiger Telefonieanbieter f\u00fcr Festnetz und Mobile - Organisator","description":"Der Internetanbieter iWay arbeitet an eigenen L\u00f6sungen f\u00fcr Festnetz- und Mobiltelefonie. Dazu baut das Unternehmen aktuell eine eigene Infrastruktur auf.","robots":{"index":"index","follow":"follow","max-snippet":"max-snippet:-1","max-image-preview":"max-image-preview:large","max-video-preview":"max-video-preview:-1"},"canonical":"https:\/\/www.organisator.ch\/de\/management\/2024-10-16\/iway-wird-eigenstaendiger-telefonieanbieter-fuer-festnetz-und-mobile\/","og_locale":"de_DE","og_type":"article","og_title":"iWay wird eigenst\u00e4ndiger Telefonieanbieter f\u00fcr Festnetz und Mobile","og_description":"Der Internetanbieter iWay arbeitet an eigenen L\u00f6sungen f\u00fcr Festnetz- und Mobiltelefonie. Dazu baut das Unternehmen aktuell eine eigene Infrastruktur auf.","og_url":"https:\/\/www.organisator.ch\/de\/management\/2024-10-16\/iway-wird-eigenstaendiger-telefonieanbieter-fuer-festnetz-und-mobile\/","og_site_name":"Organisator","article_publisher":"https:\/\/www.facebook.com\/OrganisatorFachmagazin","article_published_time":"2024-10-16T11:20:37+00:00","og_image":[{"width":680,"height":412,"url":"https:\/\/www.organisator.ch\/wp-content\/uploads\/2024\/10\/iWay_Bild1_ps.jpg","type":"image\/jpeg"}],"author":"Dzana Muminovic","twitter_card":"summary_large_image","twitter_title":"iWay wird eigenst\u00e4ndiger Telefonieanbieter f\u00fcr Festnetz und Mobile","twitter_description":"Der Internetanbieter iWay arbeitet an eigenen L\u00f6sungen f\u00fcr Festnetz- und Mobiltelefonie. Dazu baut das Unternehmen aktuell eine eigene Infrastruktur auf.","twitter_image":"https:\/\/www.organisator.ch\/wp-content\/uploads\/2024\/10\/iWay_Bild1_ps.jpg","schema":{"@context":"https:\/\/schema.org","@graph":[{"@type":"Article","@id":"https:\/\/www.organisator.ch\/management\/2024-10-16\/iway-wird-eigenstaendiger-telefonieanbieter-fuer-festnetz-und-mobile\/#article","isPartOf":{"@id":"https:\/\/www.organisator.ch\/management\/2024-10-16\/iway-wird-eigenstaendiger-telefonieanbieter-fuer-festnetz-und-mobile\/"},"author":{"name":"Dzana Muminovic","@id":"https:\/\/www.organisator.ch\/#\/schema\/person\/afccda3a71c06d4be2ed9100dd163db7"},"headline":"iWay wird eigenst\u00e4ndiger Telefonieanbieter f\u00fcr Festnetz und Mobile","datePublished":"2024-10-16T11:20:37+00:00","mainEntityOfPage":{"@id":"https:\/\/www.organisator.ch\/management\/2024-10-16\/iway-wird-eigenstaendiger-telefonieanbieter-fuer-festnetz-und-mobile\/"},"wordCount":287,"publisher":{"@id":"https:\/\/www.organisator.ch\/#organization"},"image":{"@id":"https:\/\/www.organisator.ch\/management\/2024-10-16\/iway-wird-eigenstaendiger-telefonieanbieter-fuer-festnetz-und-mobile\/#primaryimage"},"thumbnailUrl":"https:\/\/www.organisator.ch\/wp-content\/uploads\/2024\/10\/iWay_Bild1_ps.jpg","keywords":["Infrastruktur","Internetanbieter","Schweiz","Telefonie","Unternehmen"],"articleSection":["MANAGEMENT"],"inLanguage":"de"},{"@type":"WebPage","@id":"https:\/\/www.organisator.ch\/management\/2024-10-16\/iway-wird-eigenstaendiger-telefonieanbieter-fuer-festnetz-und-mobile\/","url":"https:\/\/www.organisator.ch\/management\/2024-10-16\/iway-wird-eigenstaendiger-telefonieanbieter-fuer-festnetz-und-mobile\/","name":"iWay wird eigenst\u00e4ndiger Telefonieanbieter f\u00fcr Festnetz und Mobile - Organisator","isPartOf":{"@id":"https:\/\/www.organisator.ch\/#website"},"primaryImageOfPage":{"@id":"https:\/\/www.organisator.ch\/management\/2024-10-16\/iway-wird-eigenstaendiger-telefonieanbieter-fuer-festnetz-und-mobile\/#primaryimage"},"image":{"@id":"https:\/\/www.organisator.ch\/management\/2024-10-16\/iway-wird-eigenstaendiger-telefonieanbieter-fuer-festnetz-und-mobile\/#primaryimage"},"thumbnailUrl":"https:\/\/www.organisator.ch\/wp-content\/uploads\/2024\/10\/iWay_Bild1_ps.jpg","datePublished":"2024-10-16T11:20:37+00:00","description":"Der Internetanbieter iWay arbeitet an eigenen L\u00f6sungen f\u00fcr Festnetz- und Mobiltelefonie. Dazu baut das Unternehmen aktuell eine eigene Infrastruktur auf.","breadcrumb":{"@id":"https:\/\/www.organisator.ch\/management\/2024-10-16\/iway-wird-eigenstaendiger-telefonieanbieter-fuer-festnetz-und-mobile\/#breadcrumb"},"inLanguage":"de","potentialAction":[{"@type":"ReadAction","target":["https:\/\/www.organisator.ch\/management\/2024-10-16\/iway-wird-eigenstaendiger-telefonieanbieter-fuer-festnetz-und-mobile\/"]}]},{"@type":"ImageObject","inLanguage":"de","@id":"https:\/\/www.organisator.ch\/management\/2024-10-16\/iway-wird-eigenstaendiger-telefonieanbieter-fuer-festnetz-und-mobile\/#primaryimage","url":"https:\/\/www.organisator.ch\/wp-content\/uploads\/2024\/10\/iWay_Bild1_ps.jpg","contentUrl":"https:\/\/www.organisator.ch\/wp-content\/uploads\/2024\/10\/iWay_Bild1_ps.jpg"},{"@type":"BreadcrumbList","@id":"https:\/\/www.organisator.ch\/management\/2024-10-16\/iway-wird-eigenstaendiger-telefonieanbieter-fuer-festnetz-und-mobile\/#breadcrumb","itemListElement":[{"@type":"ListItem","position":1,"name":"Home","item":"https:\/\/www.organisator.ch\/"},{"@type":"ListItem","position":2,"name":"iWay wird eigenst\u00e4ndiger Telefonieanbieter f\u00fcr Festnetz und Mobile"}]},{"@type":"WebSite","@id":"https:\/\/www.organisator.ch\/#website","url":"https:\/\/www.organisator.ch\/","name":"Organisator","description":"Kompetent. Praxisnah. Der ORGANISATOR bereitet in 10 Ausgaben pro Jahr die wesentlichen Themen f\u00fcr F\u00fchrungskr\u00e4fte von KMU auf.","publisher":{"@id":"https:\/\/www.organisator.ch\/#organization"},"potentialAction":[{"@type":"SearchAction","target":{"@type":"EntryPoint","urlTemplate":"https:\/\/www.organisator.ch\/?s={search_term_string}"},"query-input":{"@type":"PropertyValueSpecification","valueRequired":true,"valueName":"search_term_string"}}],"inLanguage":"de"},{"@type":"Organization","@id":"https:\/\/www.organisator.ch\/#organization","name":"Organisator","url":"https:\/\/www.organisator.ch\/","logo":{"@type":"ImageObject","inLanguage":"de","@id":"https:\/\/www.organisator.ch\/#\/schema\/logo\/image\/","url":"https:\/\/www.organisator.ch\/wp-content\/uploads\/2022\/01\/Logo_Organisator_Website.png","contentUrl":"https:\/\/www.organisator.ch\/wp-content\/uploads\/2022\/01\/Logo_Organisator_Website.png","width":800,"height":77,"caption":"Organisator"},"image":{"@id":"https:\/\/www.organisator.ch\/#\/schema\/logo\/image\/"},"sameAs":["https:\/\/www.facebook.com\/OrganisatorFachmagazin","https:\/\/www.linkedin.com\/showcase\/organisator-das-magazin-fr-kmu","https:\/\/www.xing.com\/news\/pages\/organisator-ch-695","https:\/\/www.youtube.com\/channel\/UCGP2Sq0iWaZwT3BdIAQFYpw"]},{"@type":"Person","@id":"https:\/\/www.organisator.ch\/#\/schema\/person\/afccda3a71c06d4be2ed9100dd163db7","name":"Dzana Muminovic","image":{"@type":"ImageObject","inLanguage":"de","@id":"https:\/\/secure.gravatar.com\/avatar\/909c5c71aff4b38e88686f2ab2f1ba152571f394f41ed8bae431ea56ced93050?s=96&d=mm&r=g","url":"https:\/\/secure.gravatar.com\/avatar\/909c5c71aff4b38e88686f2ab2f1ba152571f394f41ed8bae431ea56ced93050?s=96&d=mm&r=g","contentUrl":"https:\/\/secure.gravatar.com\/avatar\/909c5c71aff4b38e88686f2ab2f1ba152571f394f41ed8bae431ea56ced93050?s=96&d=mm&r=g","caption":"Dzana Muminovic"},"url":"https:\/\/www.organisator.ch\/de\/author\/dzana-muminovic\/"}]}},"_links":{"self":[{"href":"https:\/\/www.organisator.ch\/de\/wp-json\/wp\/v2\/posts\/30737","targetHints":{"allow":["GET"]}}],"collection":[{"href":"https:\/\/www.organisator.ch\/de\/wp-json\/wp\/v2\/posts"}],"about":[{"href":"https:\/\/www.organisator.ch\/de\/wp-json\/wp\/v2\/types\/post"}],"author":[{"embeddable":true,"href":"https:\/\/www.organisator.ch\/de\/wp-json\/wp\/v2\/users\/80"}],"replies":[{"embeddable":true,"href":"https:\/\/www.organisator.ch\/de\/wp-json\/wp\/v2\/comments?post=30737"}],"version-history":[{"count":3,"href":"https:\/\/www.organisator.ch\/de\/wp-json\/wp\/v2\/posts\/30737\/revisions"}],"predecessor-version":[{"id":30956,"href":"https:\/\/www.organisator.ch\/de\/wp-json\/wp\/v2\/posts\/30737\/revisions\/30956"}],"wp:attachment":[{"href":"https:\/\/www.organisator.ch\/de\/wp-json\/wp\/v2\/media?parent=30737"}],"wp:term":[{"taxonomy":"category","embeddable":true,"href":"https:\/\/www.organisator.ch\/de\/wp-json\/wp\/v2\/categories?post=30737"},{"taxonomy":"post_tag","embeddable":true,"href":"https:\/\/www.organisator.ch\/de\/wp-json\/wp\/v2\/tags?post=30737"}],"curies":[{"name":"wp","href":"https:\/\/api.w.org\/{rel}","templated":true}]}}