{"id":30764,"date":"2024-10-16T13:51:46","date_gmt":"2024-10-16T11:51:46","guid":{"rendered":"https:\/\/www.markt-kom.com\/?p=225113"},"modified":"2024-11-07T12:42:16","modified_gmt":"2024-11-07T11:42:16","slug":"stuiq-kreiert-josy-fuer-entsorgung-recycling-zuerich-3","status":"publish","type":"post","link":"https:\/\/www.organisator.ch\/de\/marketing\/2024-10-16\/stuiq-kreiert-josy-fuer-entsorgung-recycling-zuerich-3\/","title":{"rendered":"Stuiq kreiert \u00abJosy\u00bb f\u00fcr Entsorgung + Recycling Z\u00fcrich"},"content":{"rendered":"<p><img class=\"aligncenter wp-image-225114 size-full\" src=\"https:\/\/www.markt-kom.com\/wp-content\/uploads\/2024\/10\/StuiqxERZ_Pitchgewinn-muk.jpg\" alt=\"Z\u00fcrich Circular Cities Declaration \" width=\"1200\" height=\"900\" \/><\/p>\r\n<p>Als erste Schweizer Stadt hat die Stadt Z\u00fcrich die \u00abCircular Cities Declaration\u00bb unterzeichnet, eine Kreislaufwirtschaftsstrategie beschlossen und ein entsprechendes Massnahmenpaket verabschiedet. Mit dem Ziel, Kreislaufwirtschaft zu f\u00f6rdern, plant ERZ ein tempor\u00e4res Angebot f\u00fcr Kreislaufwirtschaft zur Vermeidung und Verminderung von Abf\u00e4llen auf dem Josefareal, beim ehemaligen Kehrrichtheizkraftwerk zwischen Hardbr\u00fccke und Viadukt. Das Angebot soll ab 2025 bis Ende 2028 in Betrieb sein.<\/p>\r\n<p>Um dem Areal und dem neuen Angebot die n\u00f6tige kommunikative Kraft zu verleihen, Awareness zu schaffen und Identifikation sowie Involvement zu erzeugen, suchte ERZ im Rahmen eines Pitchs eine Kreativagentur f\u00fcr die zuk\u00fcnftige Zusammenarbeit. Stuiq konnte das Auswahlverfahren f\u00fcr sich entscheiden und befindet sich aktuell mitten in den Entwicklungen und Umsetzungen.<\/p>\r\n<p>Die Aufgaben umfassen neben dem Naming, Purpose und visuellen Auftritt vor allem die Kommunikation rund um das Kreislaufwirtschaftsangebot. Das ganze Areal soll k\u00fcnftig auch ein Ort der Begegnung und des Austauschs werden \u2013 mit Gastro- und Verweilangeboten. Dazu plant ERZ zusammen mit Stuiq ein Opening in 2025 sowie Sensibilisierungsmassnahmen mit Informationsvermittlung.<\/p>\r\n<p>Die Idee: Auf dem autofreien Josefareal sollen gut erhaltene Gegenst\u00e4nde weitergegeben und selten ben\u00f6tigte Artikel ausgeliehen werden. Zus\u00e4tzlich gibt es Reparatur-Angebote f\u00fcr defekte G\u00fcter. Der Schwerpunkt liegt auf der Vermeidung von Abf\u00e4llen, damit die indirekten Treibhausgasemissionen gesenkt werden k\u00f6nnen.<\/p>\r\n<p>Das tempor\u00e4re Angebot fungiert als Versuchsfeld, um neue Dienstleistungen im Bereich Kreislaufwirtschaft zu testen und weiterzuentwickeln. Geplant ist ein modulares Angebot, das sich w\u00e4hrend des vierj\u00e4hrigen Betriebs laufend \u00e4ndern kann. ERZ wird f\u00fcr die verschiedenen Dienstleistungen mit Dritten zusammenarbeiten. Interessent:innen, die auf dem Areal ihre Angebote zur Kreislaufwirtschaft platzieren und sich tempor\u00e4r einmieten m\u00f6chten, k\u00f6nnen sich an Entsorgung + Recycling Z\u00fcrich wenden.<\/p>","protected":false},"excerpt":{"rendered":"<p>Die Stadt Z\u00fcrich plant als Zwischennutzung auf dem Josefareal ein Angebot f\u00fcr Kreislaufwirtschaft. Im \u00abJosy\u00bb \u2013 so der neue Name \u2013 soll die Bev\u00f6lkerung M\u00f6glichkeiten f\u00fcr Sharing, Reparatur und Ausleihe von Gegenst\u00e4nden erhalten. Stuiq setzte sich im Pitch von Entsorgung + Recycling Z\u00fcrich (ERZ) durch und entwickelt Naming, Auftritt, Kommunikation und Signage f\u00fcr das Areal.<\/p>\n","protected":false},"author":8,"featured_media":0,"comment_status":"closed","ping_status":"closed","sticky":false,"template":"","format":"standard","meta":{"_acf_changed":false,"_yoast_wpseo_focuskw":"Z\u00fcrich Circular Cities Declaration","_yoast_wpseo_metadesc":"Z\u00fcrich unterzeichnet die Circular Cities Declaration und plant ein Kreislaufwirtschaftsprojekt auf dem Josefareal bis 2028.","articlekey":"","footnotes":""},"categories":[29],"tags":[4630,2855,1987,3596],"class_list":["post-30764","post","type-post","status-publish","format-standard","hentry","category-marketing","tag-erz","tag-etats","tag-recycling","tag-stuiq"],"acf":[],"yoast_head":"<!-- This site is optimized with the Yoast SEO plugin v27.4 - https:\/\/yoast.com\/product\/yoast-seo-wordpress\/ -->\n<title>Stuiq kreiert \u00abJosy\u00bb f\u00fcr Entsorgung + Recycling Z\u00fcrich - Organisator<\/title>\n<meta name=\"description\" content=\"Z\u00fcrich unterzeichnet die Circular Cities Declaration und plant ein Kreislaufwirtschaftsprojekt auf dem Josefareal bis 2028.\" \/>\n<meta name=\"robots\" content=\"index, follow, max-snippet:-1, max-image-preview:large, max-video-preview:-1\" \/>\n<link rel=\"canonical\" href=\"https:\/\/www.organisator.ch\/de\/marketing\/2024-10-16\/stuiq-kreiert-josy-fuer-entsorgung-recycling-zuerich-3\/\" \/>\n<meta property=\"og:locale\" content=\"de_DE\" \/>\n<meta property=\"og:type\" content=\"article\" \/>\n<meta property=\"og:title\" content=\"Stuiq kreiert \u00abJosy\u00bb f\u00fcr Entsorgung + Recycling Z\u00fcrich - Organisator\" \/>\n<meta property=\"og:description\" content=\"Z\u00fcrich unterzeichnet die Circular Cities Declaration und plant ein Kreislaufwirtschaftsprojekt auf dem Josefareal bis 2028.\" \/>\n<meta property=\"og:url\" content=\"https:\/\/www.organisator.ch\/de\/marketing\/2024-10-16\/stuiq-kreiert-josy-fuer-entsorgung-recycling-zuerich-3\/\" \/>\n<meta property=\"og:site_name\" content=\"Organisator\" \/>\n<meta property=\"article:publisher\" content=\"https:\/\/www.facebook.com\/OrganisatorFachmagazin\" \/>\n<meta property=\"article:published_time\" content=\"2024-10-16T11:51:46+00:00\" \/>\n<meta property=\"article:modified_time\" content=\"2024-11-07T11:42:16+00:00\" \/>\n<meta property=\"og:image\" content=\"https:\/\/www.markt-kom.com\/wp-content\/uploads\/2024\/10\/StuiqxERZ_Pitchgewinn-muk.jpg\" \/>\n<meta name=\"author\" content=\"galledia\" \/>\n<meta name=\"twitter:card\" content=\"summary_large_image\" \/>\n<meta name=\"twitter:creator\" content=\"@admin\" \/>\n<script type=\"application\/ld+json\" class=\"yoast-schema-graph\">{\"@context\":\"https:\\\/\\\/schema.org\",\"@graph\":[{\"@type\":\"Article\",\"@id\":\"https:\\\/\\\/www.organisator.ch\\\/marketing\\\/2024-10-16\\\/stuiq-kreiert-josy-fuer-entsorgung-recycling-zuerich-3\\\/#article\",\"isPartOf\":{\"@id\":\"https:\\\/\\\/www.organisator.ch\\\/marketing\\\/2024-10-16\\\/stuiq-kreiert-josy-fuer-entsorgung-recycling-zuerich-3\\\/\"},\"author\":{\"name\":\"galledia\",\"@id\":\"https:\\\/\\\/www.organisator.ch\\\/#\\\/schema\\\/person\\\/4e51799071cd2dd1232ac003643ef5f0\"},\"headline\":\"Stuiq kreiert \u00abJosy\u00bb f\u00fcr Entsorgung + Recycling Z\u00fcrich\",\"datePublished\":\"2024-10-16T11:51:46+00:00\",\"dateModified\":\"2024-11-07T11:42:16+00:00\",\"mainEntityOfPage\":{\"@id\":\"https:\\\/\\\/www.organisator.ch\\\/marketing\\\/2024-10-16\\\/stuiq-kreiert-josy-fuer-entsorgung-recycling-zuerich-3\\\/\"},\"wordCount\":295,\"publisher\":{\"@id\":\"https:\\\/\\\/www.organisator.ch\\\/#organization\"},\"image\":{\"@id\":\"https:\\\/\\\/www.organisator.ch\\\/marketing\\\/2024-10-16\\\/stuiq-kreiert-josy-fuer-entsorgung-recycling-zuerich-3\\\/#primaryimage\"},\"thumbnailUrl\":\"https:\\\/\\\/www.markt-kom.com\\\/wp-content\\\/uploads\\\/2024\\\/10\\\/StuiqxERZ_Pitchgewinn-muk.jpg\",\"keywords\":[\"ERZ\",\"Etats\",\"Recycling\",\"Stuiq\"],\"articleSection\":[\"MARKETING\"],\"inLanguage\":\"de\"},{\"@type\":\"WebPage\",\"@id\":\"https:\\\/\\\/www.organisator.ch\\\/marketing\\\/2024-10-16\\\/stuiq-kreiert-josy-fuer-entsorgung-recycling-zuerich-3\\\/\",\"url\":\"https:\\\/\\\/www.organisator.ch\\\/marketing\\\/2024-10-16\\\/stuiq-kreiert-josy-fuer-entsorgung-recycling-zuerich-3\\\/\",\"name\":\"Stuiq kreiert \u00abJosy\u00bb f\u00fcr Entsorgung + Recycling Z\u00fcrich - Organisator\",\"isPartOf\":{\"@id\":\"https:\\\/\\\/www.organisator.ch\\\/#website\"},\"primaryImageOfPage\":{\"@id\":\"https:\\\/\\\/www.organisator.ch\\\/marketing\\\/2024-10-16\\\/stuiq-kreiert-josy-fuer-entsorgung-recycling-zuerich-3\\\/#primaryimage\"},\"image\":{\"@id\":\"https:\\\/\\\/www.organisator.ch\\\/marketing\\\/2024-10-16\\\/stuiq-kreiert-josy-fuer-entsorgung-recycling-zuerich-3\\\/#primaryimage\"},\"thumbnailUrl\":\"https:\\\/\\\/www.markt-kom.com\\\/wp-content\\\/uploads\\\/2024\\\/10\\\/StuiqxERZ_Pitchgewinn-muk.jpg\",\"datePublished\":\"2024-10-16T11:51:46+00:00\",\"dateModified\":\"2024-11-07T11:42:16+00:00\",\"description\":\"Z\u00fcrich unterzeichnet die Circular Cities Declaration und plant ein Kreislaufwirtschaftsprojekt auf dem Josefareal bis 2028.\",\"breadcrumb\":{\"@id\":\"https:\\\/\\\/www.organisator.ch\\\/marketing\\\/2024-10-16\\\/stuiq-kreiert-josy-fuer-entsorgung-recycling-zuerich-3\\\/#breadcrumb\"},\"inLanguage\":\"de\",\"potentialAction\":[{\"@type\":\"ReadAction\",\"target\":[\"https:\\\/\\\/www.organisator.ch\\\/marketing\\\/2024-10-16\\\/stuiq-kreiert-josy-fuer-entsorgung-recycling-zuerich-3\\\/\"]}]},{\"@type\":\"ImageObject\",\"inLanguage\":\"de\",\"@id\":\"https:\\\/\\\/www.organisator.ch\\\/marketing\\\/2024-10-16\\\/stuiq-kreiert-josy-fuer-entsorgung-recycling-zuerich-3\\\/#primaryimage\",\"url\":\"https:\\\/\\\/www.markt-kom.com\\\/wp-content\\\/uploads\\\/2024\\\/10\\\/StuiqxERZ_Pitchgewinn-muk.jpg\",\"contentUrl\":\"https:\\\/\\\/www.markt-kom.com\\\/wp-content\\\/uploads\\\/2024\\\/10\\\/StuiqxERZ_Pitchgewinn-muk.jpg\"},{\"@type\":\"BreadcrumbList\",\"@id\":\"https:\\\/\\\/www.organisator.ch\\\/marketing\\\/2024-10-16\\\/stuiq-kreiert-josy-fuer-entsorgung-recycling-zuerich-3\\\/#breadcrumb\",\"itemListElement\":[{\"@type\":\"ListItem\",\"position\":1,\"name\":\"Home\",\"item\":\"https:\\\/\\\/www.organisator.ch\\\/\"},{\"@type\":\"ListItem\",\"position\":2,\"name\":\"Stuiq kreiert \u00abJosy\u00bb f\u00fcr Entsorgung + Recycling Z\u00fcrich\"}]},{\"@type\":\"WebSite\",\"@id\":\"https:\\\/\\\/www.organisator.ch\\\/#website\",\"url\":\"https:\\\/\\\/www.organisator.ch\\\/\",\"name\":\"Organisator\",\"description\":\"Kompetent. Praxisnah. Der ORGANISATOR bereitet in 10 Ausgaben pro Jahr die wesentlichen Themen f\u00fcr F\u00fchrungskr\u00e4fte von KMU auf.\",\"publisher\":{\"@id\":\"https:\\\/\\\/www.organisator.ch\\\/#organization\"},\"potentialAction\":[{\"@type\":\"SearchAction\",\"target\":{\"@type\":\"EntryPoint\",\"urlTemplate\":\"https:\\\/\\\/www.organisator.ch\\\/?s={search_term_string}\"},\"query-input\":{\"@type\":\"PropertyValueSpecification\",\"valueRequired\":true,\"valueName\":\"search_term_string\"}}],\"inLanguage\":\"de\"},{\"@type\":\"Organization\",\"@id\":\"https:\\\/\\\/www.organisator.ch\\\/#organization\",\"name\":\"Organisator\",\"url\":\"https:\\\/\\\/www.organisator.ch\\\/\",\"logo\":{\"@type\":\"ImageObject\",\"inLanguage\":\"de\",\"@id\":\"https:\\\/\\\/www.organisator.ch\\\/#\\\/schema\\\/logo\\\/image\\\/\",\"url\":\"https:\\\/\\\/www.organisator.ch\\\/wp-content\\\/uploads\\\/2022\\\/01\\\/Logo_Organisator_Website.png\",\"contentUrl\":\"https:\\\/\\\/www.organisator.ch\\\/wp-content\\\/uploads\\\/2022\\\/01\\\/Logo_Organisator_Website.png\",\"width\":800,\"height\":77,\"caption\":\"Organisator\"},\"image\":{\"@id\":\"https:\\\/\\\/www.organisator.ch\\\/#\\\/schema\\\/logo\\\/image\\\/\"},\"sameAs\":[\"https:\\\/\\\/www.facebook.com\\\/OrganisatorFachmagazin\",\"https:\\\/\\\/www.linkedin.com\\\/showcase\\\/organisator-das-magazin-fr-kmu\",\"https:\\\/\\\/www.xing.com\\\/news\\\/pages\\\/organisator-ch-695\",\"https:\\\/\\\/www.youtube.com\\\/channel\\\/UCGP2Sq0iWaZwT3BdIAQFYpw\"]},{\"@type\":\"Person\",\"@id\":\"https:\\\/\\\/www.organisator.ch\\\/#\\\/schema\\\/person\\\/4e51799071cd2dd1232ac003643ef5f0\",\"name\":\"galledia\",\"image\":{\"@type\":\"ImageObject\",\"inLanguage\":\"de\",\"@id\":\"https:\\\/\\\/secure.gravatar.com\\\/avatar\\\/78a7f90c01fc2bfc875782a0d4922b37cde2cf184ce347b91316d23cd7f69a36?s=96&d=mm&r=g\",\"url\":\"https:\\\/\\\/secure.gravatar.com\\\/avatar\\\/78a7f90c01fc2bfc875782a0d4922b37cde2cf184ce347b91316d23cd7f69a36?s=96&d=mm&r=g\",\"contentUrl\":\"https:\\\/\\\/secure.gravatar.com\\\/avatar\\\/78a7f90c01fc2bfc875782a0d4922b37cde2cf184ce347b91316d23cd7f69a36?s=96&d=mm&r=g\",\"caption\":\"galledia\"},\"sameAs\":[\"https:\\\/\\\/x.com\\\/admin\"],\"url\":\"https:\\\/\\\/www.organisator.ch\\\/de\\\/author\\\/galledia\\\/\"}]}<\/script>\n<!-- \/ Yoast SEO plugin. -->","yoast_head_json":{"title":"Stuiq kreiert \u00abJosy\u00bb f\u00fcr Entsorgung + Recycling Z\u00fcrich - Organisator","description":"Z\u00fcrich unterzeichnet die Circular Cities Declaration und plant ein Kreislaufwirtschaftsprojekt auf dem Josefareal bis 2028.","robots":{"index":"index","follow":"follow","max-snippet":"max-snippet:-1","max-image-preview":"max-image-preview:large","max-video-preview":"max-video-preview:-1"},"canonical":"https:\/\/www.organisator.ch\/de\/marketing\/2024-10-16\/stuiq-kreiert-josy-fuer-entsorgung-recycling-zuerich-3\/","og_locale":"de_DE","og_type":"article","og_title":"Stuiq kreiert \u00abJosy\u00bb f\u00fcr Entsorgung + Recycling Z\u00fcrich - Organisator","og_description":"Z\u00fcrich unterzeichnet die Circular Cities Declaration und plant ein Kreislaufwirtschaftsprojekt auf dem Josefareal bis 2028.","og_url":"https:\/\/www.organisator.ch\/de\/marketing\/2024-10-16\/stuiq-kreiert-josy-fuer-entsorgung-recycling-zuerich-3\/","og_site_name":"Organisator","article_publisher":"https:\/\/www.facebook.com\/OrganisatorFachmagazin","article_published_time":"2024-10-16T11:51:46+00:00","article_modified_time":"2024-11-07T11:42:16+00:00","og_image":[{"url":"https:\/\/www.markt-kom.com\/wp-content\/uploads\/2024\/10\/StuiqxERZ_Pitchgewinn-muk.jpg","type":"","width":"","height":""}],"author":"galledia","twitter_card":"summary_large_image","twitter_creator":"@admin","schema":{"@context":"https:\/\/schema.org","@graph":[{"@type":"Article","@id":"https:\/\/www.organisator.ch\/marketing\/2024-10-16\/stuiq-kreiert-josy-fuer-entsorgung-recycling-zuerich-3\/#article","isPartOf":{"@id":"https:\/\/www.organisator.ch\/marketing\/2024-10-16\/stuiq-kreiert-josy-fuer-entsorgung-recycling-zuerich-3\/"},"author":{"name":"galledia","@id":"https:\/\/www.organisator.ch\/#\/schema\/person\/4e51799071cd2dd1232ac003643ef5f0"},"headline":"Stuiq kreiert \u00abJosy\u00bb f\u00fcr Entsorgung + Recycling Z\u00fcrich","datePublished":"2024-10-16T11:51:46+00:00","dateModified":"2024-11-07T11:42:16+00:00","mainEntityOfPage":{"@id":"https:\/\/www.organisator.ch\/marketing\/2024-10-16\/stuiq-kreiert-josy-fuer-entsorgung-recycling-zuerich-3\/"},"wordCount":295,"publisher":{"@id":"https:\/\/www.organisator.ch\/#organization"},"image":{"@id":"https:\/\/www.organisator.ch\/marketing\/2024-10-16\/stuiq-kreiert-josy-fuer-entsorgung-recycling-zuerich-3\/#primaryimage"},"thumbnailUrl":"https:\/\/www.markt-kom.com\/wp-content\/uploads\/2024\/10\/StuiqxERZ_Pitchgewinn-muk.jpg","keywords":["ERZ","Etats","Recycling","Stuiq"],"articleSection":["MARKETING"],"inLanguage":"de"},{"@type":"WebPage","@id":"https:\/\/www.organisator.ch\/marketing\/2024-10-16\/stuiq-kreiert-josy-fuer-entsorgung-recycling-zuerich-3\/","url":"https:\/\/www.organisator.ch\/marketing\/2024-10-16\/stuiq-kreiert-josy-fuer-entsorgung-recycling-zuerich-3\/","name":"Stuiq kreiert \u00abJosy\u00bb f\u00fcr Entsorgung + Recycling Z\u00fcrich - Organisator","isPartOf":{"@id":"https:\/\/www.organisator.ch\/#website"},"primaryImageOfPage":{"@id":"https:\/\/www.organisator.ch\/marketing\/2024-10-16\/stuiq-kreiert-josy-fuer-entsorgung-recycling-zuerich-3\/#primaryimage"},"image":{"@id":"https:\/\/www.organisator.ch\/marketing\/2024-10-16\/stuiq-kreiert-josy-fuer-entsorgung-recycling-zuerich-3\/#primaryimage"},"thumbnailUrl":"https:\/\/www.markt-kom.com\/wp-content\/uploads\/2024\/10\/StuiqxERZ_Pitchgewinn-muk.jpg","datePublished":"2024-10-16T11:51:46+00:00","dateModified":"2024-11-07T11:42:16+00:00","description":"Z\u00fcrich unterzeichnet die Circular Cities Declaration und plant ein Kreislaufwirtschaftsprojekt auf dem Josefareal bis 2028.","breadcrumb":{"@id":"https:\/\/www.organisator.ch\/marketing\/2024-10-16\/stuiq-kreiert-josy-fuer-entsorgung-recycling-zuerich-3\/#breadcrumb"},"inLanguage":"de","potentialAction":[{"@type":"ReadAction","target":["https:\/\/www.organisator.ch\/marketing\/2024-10-16\/stuiq-kreiert-josy-fuer-entsorgung-recycling-zuerich-3\/"]}]},{"@type":"ImageObject","inLanguage":"de","@id":"https:\/\/www.organisator.ch\/marketing\/2024-10-16\/stuiq-kreiert-josy-fuer-entsorgung-recycling-zuerich-3\/#primaryimage","url":"https:\/\/www.markt-kom.com\/wp-content\/uploads\/2024\/10\/StuiqxERZ_Pitchgewinn-muk.jpg","contentUrl":"https:\/\/www.markt-kom.com\/wp-content\/uploads\/2024\/10\/StuiqxERZ_Pitchgewinn-muk.jpg"},{"@type":"BreadcrumbList","@id":"https:\/\/www.organisator.ch\/marketing\/2024-10-16\/stuiq-kreiert-josy-fuer-entsorgung-recycling-zuerich-3\/#breadcrumb","itemListElement":[{"@type":"ListItem","position":1,"name":"Home","item":"https:\/\/www.organisator.ch\/"},{"@type":"ListItem","position":2,"name":"Stuiq kreiert \u00abJosy\u00bb f\u00fcr Entsorgung + Recycling Z\u00fcrich"}]},{"@type":"WebSite","@id":"https:\/\/www.organisator.ch\/#website","url":"https:\/\/www.organisator.ch\/","name":"Organisator","description":"Kompetent. Praxisnah. Der ORGANISATOR bereitet in 10 Ausgaben pro Jahr die wesentlichen Themen f\u00fcr F\u00fchrungskr\u00e4fte von KMU auf.","publisher":{"@id":"https:\/\/www.organisator.ch\/#organization"},"potentialAction":[{"@type":"SearchAction","target":{"@type":"EntryPoint","urlTemplate":"https:\/\/www.organisator.ch\/?s={search_term_string}"},"query-input":{"@type":"PropertyValueSpecification","valueRequired":true,"valueName":"search_term_string"}}],"inLanguage":"de"},{"@type":"Organization","@id":"https:\/\/www.organisator.ch\/#organization","name":"Organisator","url":"https:\/\/www.organisator.ch\/","logo":{"@type":"ImageObject","inLanguage":"de","@id":"https:\/\/www.organisator.ch\/#\/schema\/logo\/image\/","url":"https:\/\/www.organisator.ch\/wp-content\/uploads\/2022\/01\/Logo_Organisator_Website.png","contentUrl":"https:\/\/www.organisator.ch\/wp-content\/uploads\/2022\/01\/Logo_Organisator_Website.png","width":800,"height":77,"caption":"Organisator"},"image":{"@id":"https:\/\/www.organisator.ch\/#\/schema\/logo\/image\/"},"sameAs":["https:\/\/www.facebook.com\/OrganisatorFachmagazin","https:\/\/www.linkedin.com\/showcase\/organisator-das-magazin-fr-kmu","https:\/\/www.xing.com\/news\/pages\/organisator-ch-695","https:\/\/www.youtube.com\/channel\/UCGP2Sq0iWaZwT3BdIAQFYpw"]},{"@type":"Person","@id":"https:\/\/www.organisator.ch\/#\/schema\/person\/4e51799071cd2dd1232ac003643ef5f0","name":"galledia","image":{"@type":"ImageObject","inLanguage":"de","@id":"https:\/\/secure.gravatar.com\/avatar\/78a7f90c01fc2bfc875782a0d4922b37cde2cf184ce347b91316d23cd7f69a36?s=96&d=mm&r=g","url":"https:\/\/secure.gravatar.com\/avatar\/78a7f90c01fc2bfc875782a0d4922b37cde2cf184ce347b91316d23cd7f69a36?s=96&d=mm&r=g","contentUrl":"https:\/\/secure.gravatar.com\/avatar\/78a7f90c01fc2bfc875782a0d4922b37cde2cf184ce347b91316d23cd7f69a36?s=96&d=mm&r=g","caption":"galledia"},"sameAs":["https:\/\/x.com\/admin"],"url":"https:\/\/www.organisator.ch\/de\/author\/galledia\/"}]}},"_links":{"self":[{"href":"https:\/\/www.organisator.ch\/de\/wp-json\/wp\/v2\/posts\/30764","targetHints":{"allow":["GET"]}}],"collection":[{"href":"https:\/\/www.organisator.ch\/de\/wp-json\/wp\/v2\/posts"}],"about":[{"href":"https:\/\/www.organisator.ch\/de\/wp-json\/wp\/v2\/types\/post"}],"author":[{"embeddable":true,"href":"https:\/\/www.organisator.ch\/de\/wp-json\/wp\/v2\/users\/8"}],"replies":[{"embeddable":true,"href":"https:\/\/www.organisator.ch\/de\/wp-json\/wp\/v2\/comments?post=30764"}],"version-history":[{"count":5,"href":"https:\/\/www.organisator.ch\/de\/wp-json\/wp\/v2\/posts\/30764\/revisions"}],"predecessor-version":[{"id":31758,"href":"https:\/\/www.organisator.ch\/de\/wp-json\/wp\/v2\/posts\/30764\/revisions\/31758"}],"wp:attachment":[{"href":"https:\/\/www.organisator.ch\/de\/wp-json\/wp\/v2\/media?parent=30764"}],"wp:term":[{"taxonomy":"category","embeddable":true,"href":"https:\/\/www.organisator.ch\/de\/wp-json\/wp\/v2\/categories?post=30764"},{"taxonomy":"post_tag","embeddable":true,"href":"https:\/\/www.organisator.ch\/de\/wp-json\/wp\/v2\/tags?post=30764"}],"curies":[{"name":"wp","href":"https:\/\/api.w.org\/{rel}","templated":true}]}}