{"id":3082,"date":"2020-05-26T12:06:56","date_gmt":"2020-05-26T10:06:56","guid":{"rendered":"https:\/\/www.umweltperspektiven.ch\/?p=3082"},"modified":"2022-02-09T11:06:49","modified_gmt":"2022-02-09T10:06:49","slug":"schweizer-oekologie-forscher-gegen-die-naechste-pandemie","status":"publish","type":"post","link":"https:\/\/www.organisator.ch\/de\/sustainability\/2020-05-26\/schweizer-oekologie-forscher-gegen-die-naechste-pandemie\/","title":{"rendered":"Schweizer \u00d6kologie-Forscher gegen die n\u00e4chste Pandemie"},"content":{"rendered":"<p>&nbsp;<\/p>\n<figure id=\"attachment_3083\" aria-describedby=\"caption-attachment-3083\" style=\"width: 680px\" class=\"wp-caption alignnone\"><img loading=\"lazy\" decoding=\"async\" class=\"size-medium wp-image-3083\" src=\"\/\/www.umweltperspektiven.ch\/wp-content\/uploads\/2020\/05\/Pandemie-\u00d6kologie-Forscher-UP-Umwelt-Perspektiven.jpg\" alt=\"\" width=\"680\" height=\"457\" \/><figcaption id=\"caption-attachment-3083\" class=\"wp-caption-text\">Jedes Jahr werden W\u00e4lder um ein Vielfaches zerst\u00f6rt und Tierpopulationen vertrieben. Dies wirkt sich drastisch auf die weltweite Gesundheitslage, siehe andauernde Corona-Krise, aus. (Bild: Unsplash_Justus_Menke)<\/figcaption><\/figure>\n<p class=\"article-paragraph\">Keine Pandemie ist wie die andere. 126 Forschende aus der Schweiz sind \u00fcberzeugt: Die Covid-19-Pandemie f\u00e4llt in die Gruppe der Zoonosen. Das sind Infektionskrankheiten, die zwischen Wildtieren, Haustieren und Menschen \u00fcbertragen werden.<\/p>\n<p class=\"article-paragraph\">Die \u00fcberwiegende Mehrheit von Viren sei f\u00fcr Menschen harmlos, aber schon ein kleiner Prozentsatz infekti\u00f6ser Arten reichte aus, um eine ph\u00e4nomenale Reserve an aggressiven\u00a0Krankheitsverbreitern\u00a0zu bilden.<\/p>\n<p class=\"article-paragraph\">&#8222;Seit Jahren sind wir mit HIV, Ebola, Dengue, Zika, Chikungunya, Lassa-Fieber, Sars, H5N1, H1N1 sowie anderen neuen Krankheiten konfrontiert. Ihre Zahl scheint in den letzten 50 Jahren stetig zuzunehmen. Darum kommt es immer h\u00e4ufiger zu Epidemien&#8220;, heisst es im k\u00fcrzlich erschienen Kommentar beim &#8222;Bund&#8220; (Titel: &#8222;Mit mehr \u00d6kologie gegen die n\u00e4chste Pandemie vom 24. Mai 2020)<\/p>\n<p class=\"article-paragraph\">Hierin steht, dass immer weniger Wildtiere auf der Erde existieren. Sie stellen insgesamt nur noch f\u00fcnf Prozent\u00a0der Biomasse aller Lands\u00e4ugetiere!<\/p>\n<p class=\"article-paragraph\">&#8222;Deshalb\u00a0k\u00f6nnte\u00a0man\u00a0denken, dass die Bedrohung, die von der \u00dcbertragung eines Virus von wild\u00a0lebenden S\u00e4ugetieren auf Menschen ausgeht, abnimmt. Das Gegenteil ist aber der Fall. Denn\u00a0unser Fussabdruck auf dem gesamten Planeten\u00a0ist\u00a0problematisch geworden&#8220;, heisst es weiter.<\/p>\n<p class=\"article-paragraph\">Das zeigt eindr\u00fccklich der globale Bericht der zwischenstaatlichen Plattform f\u00fcr Biodiversit\u00e4t und \u00d6kosystemleistungen (<a href=\"\/\/ipbes.net\/\" target=\"_blank\" rel=\"noopener\">IPBES<\/a>).<\/p>\n<p><strong>Risiko Nr. 1: \u00dcbertragung von Krankheitserregern<\/strong><\/p>\n<p class=\"article-paragraph\">Die\u00a0starke Fragmentierung und Zersiedelung der Naturlandschaften und die besorgniserregende Verarmung der biologischen Vielfalt haben\u00a0zur Folge, dass die Nahrungsketten in der Natur so stark gest\u00f6rt werden, dass Wildtiere vielerorts notgedrungen auf Ressourcen ausweichen, die aus menschlichen Aktivit\u00e4ten entstehen.<\/p>\n<p class=\"article-paragraph\">Dadurch aber erh\u00f6ht sich das Risiko der \u00dcbertragung von Krankheitserregern von Wildtieren auf Menschen, entweder direkt oder \u00fcber ihre Haus- und Nutztiere. Viren profitieren von diesen neuerlich viel h\u00e4ufigeren Kontakten mit den neuen potenziellen Wirten. Jene, die \u00fcberspringen, profitieren von der globalen Vernetzung unserer Aktivit\u00e4ten, wie wir es beim Virus Sars-Cov-2 jetzt sehen.<\/p>\n<p><strong>Massenhafte Artensterben schreitet voran<\/strong><\/p>\n<p class=\"article-paragraph\">Pandemien sind nur ein Aspekt des globalen Wandels. Nicht weniger besorgniserregend\u00a0ist\u00a0das massenhafte Artensterben, ausgel\u00f6st durch die Ver\u00e4nderung der nat\u00fcrlichen Umwelt, die \u00dcbernutzung nat\u00fcrlicher Ressourcen, die Verschmutzung von Luft, Wasser und B\u00f6den und die durch Treibhausgasemissionen verursachten Klimast\u00f6rungen.<\/p>\n<p class=\"article-paragraph\">Die Menschheit ist heute mit den Folgen ihrer eigenen Aktivit\u00e4ten konfrontiert. Wie das IPCC f\u00fcr das Klima, so verf\u00fcgt das IPBES \u00fcber umfassendes Faktenwissen bez\u00fcglich der Herausforderungen bei der Erhaltung der Biodiversit\u00e4t und der \u00d6kosysteme. Die resultierenden Schlussfolgerungen m\u00fcssen sich alle gesellschaftlichen Akteure, insbesondere auch die gew\u00e4hlten Politikerinnen und Politiker, aneignen, wollen sie nationale und supranationale Politiken initiieren, die diesen Herausforderungen gewachsen sind.<\/p>\n<p class=\"article-paragraph\"><strong>Politischer Kurswechsel gefordert\u00a0<\/strong><\/p>\n<p>&#8222;Wir vier sprechen im Namen von total 126 Wissenschafterinnen und Wissenschaftern aus der Schweiz, die unsere Politikerinnen und Politiker\u00a0auffordern, unverz\u00fcglich auf die\u00a0Faktoren einzuwirken,\u00a0die kommenden\u00a0dramatischen\u00a0Pandemien letztlich zugrunde\u00a0liegen. Als wichtigen Schritt in die Richtung des ben\u00f6tigten Kurswechsels empfehlen wir, innovative Massnahmen zu ergreifen, um entschlossener als bisher dem Klimawandel entgegenzuwirken, die Biodiversit\u00e4t, die Tropenw\u00e4lder und andere nat\u00fcrliche Lebensr\u00e4ume an Land wie im Wasser zu sch\u00fctzen und eine respektvollere Landnutzung zu f\u00f6rdern\u00a0sowie eine Wirtschaft, die es erlaubt, unseren \u00f6kologischen Fussabdruck signifikant zu reduzieren.&#8220; (Quelle: Der Bund)<\/p>\n<div>\n<div class=\"infoboxheader\" tabindex=\"0\" role=\"button\">\n<p>D<em>ie 126 Wissenschafterinnen und Wissenschafter, die hinter dem Aufruf stehen, finden Sie <a href=\"\/\/www.derbund.ch\/mit-mehr-oekologie-gegen-die-naechste-pandemie-739478012138\">hier<\/a><\/em><\/p>\n<p>&nbsp;<\/p>\n<\/div>\n<\/div>\n","protected":false},"excerpt":{"rendered":"<p>&nbsp; Keine Pandemie ist wie die andere. 126 Forschende aus der Schweiz sind \u00fcberzeugt: Die Covid-19-Pandemie f\u00e4llt in die Gruppe der Zoonosen. Das sind Infektionskrankheiten, die zwischen Wildtieren, Haustieren und Menschen \u00fcbertragen werden. Die \u00fcberwiegende Mehrheit von Viren sei f\u00fcr Menschen harmlos, aber schon ein kleiner Prozentsatz infekti\u00f6ser Arten reichte aus, um eine ph\u00e4nomenale Reserve [&hellip;]<\/p>\n","protected":false},"author":5,"featured_media":3083,"comment_status":"closed","ping_status":"closed","sticky":false,"template":"","format":"standard","meta":{"_acf_changed":false,"_yoast_wpseo_focuskw":"Pandemie","_yoast_wpseo_metadesc":"","articlekey":"","footnotes":""},"categories":[580],"tags":[731,953,1217,1570,1882,424,2606],"class_list":["post-3082","post","type-post","status-publish","format-standard","has-post-thumbnail","hentry","category-sustainability","tag-artensterben","tag-covid-19","tag-forscher","tag-krise","tag-pandemie","tag-schweiz","tag-zoonosen"],"acf":[],"yoast_head":"<!-- This site is optimized with the Yoast SEO plugin v27.4 - https:\/\/yoast.com\/product\/yoast-seo-wordpress\/ -->\n<title>Schweizer \u00d6kologie-Forscher gegen die n\u00e4chste Pandemie - Organisator<\/title>\n<meta name=\"robots\" content=\"index, follow, max-snippet:-1, max-image-preview:large, max-video-preview:-1\" \/>\n<link rel=\"canonical\" href=\"https:\/\/www.organisator.ch\/de\/sustainability\/2020-05-26\/schweizer-oekologie-forscher-gegen-die-naechste-pandemie\/\" \/>\n<meta property=\"og:locale\" content=\"de_DE\" \/>\n<meta property=\"og:type\" content=\"article\" \/>\n<meta property=\"og:title\" content=\"Schweizer \u00d6kologie-Forscher gegen die n\u00e4chste Pandemie - Organisator\" \/>\n<meta property=\"og:description\" content=\"&nbsp; Keine Pandemie ist wie die andere. 126 Forschende aus der Schweiz sind \u00fcberzeugt: Die Covid-19-Pandemie f\u00e4llt in die Gruppe der Zoonosen. Das sind Infektionskrankheiten, die zwischen Wildtieren, Haustieren und Menschen \u00fcbertragen werden. Die \u00fcberwiegende Mehrheit von Viren sei f\u00fcr Menschen harmlos, aber schon ein kleiner Prozentsatz infekti\u00f6ser Arten reichte aus, um eine ph\u00e4nomenale Reserve [&hellip;]\" \/>\n<meta property=\"og:url\" content=\"https:\/\/www.organisator.ch\/de\/sustainability\/2020-05-26\/schweizer-oekologie-forscher-gegen-die-naechste-pandemie\/\" \/>\n<meta property=\"og:site_name\" content=\"Organisator\" \/>\n<meta property=\"article:publisher\" content=\"https:\/\/www.facebook.com\/OrganisatorFachmagazin\" \/>\n<meta property=\"article:published_time\" content=\"2020-05-26T10:06:56+00:00\" \/>\n<meta property=\"article:modified_time\" content=\"2022-02-09T10:06:49+00:00\" \/>\n<meta property=\"og:image\" content=\"https:\/\/www.organisator.ch\/wp-content\/uploads\/2020\/05\/Pandemie-Oekologie-Forscher-UP-Umwelt-Perspektiven.jpg\" \/>\n\t<meta property=\"og:image:width\" content=\"2531\" \/>\n\t<meta property=\"og:image:height\" content=\"1700\" \/>\n\t<meta property=\"og:image:type\" content=\"image\/jpeg\" \/>\n<meta name=\"author\" content=\"michael.merz\" \/>\n<meta name=\"twitter:card\" content=\"summary_large_image\" \/>\n<script type=\"application\/ld+json\" class=\"yoast-schema-graph\">{\"@context\":\"https:\\\/\\\/schema.org\",\"@graph\":[{\"@type\":\"Article\",\"@id\":\"https:\\\/\\\/www.organisator.ch\\\/sustainability\\\/2020-05-26\\\/schweizer-oekologie-forscher-gegen-die-naechste-pandemie\\\/#article\",\"isPartOf\":{\"@id\":\"https:\\\/\\\/www.organisator.ch\\\/sustainability\\\/2020-05-26\\\/schweizer-oekologie-forscher-gegen-die-naechste-pandemie\\\/\"},\"author\":{\"name\":\"michael.merz\",\"@id\":\"https:\\\/\\\/www.organisator.ch\\\/#\\\/schema\\\/person\\\/134708ca9321c57b0362cceb7948ffbd\"},\"headline\":\"Schweizer \u00d6kologie-Forscher gegen die n\u00e4chste Pandemie\",\"datePublished\":\"2020-05-26T10:06:56+00:00\",\"dateModified\":\"2022-02-09T10:06:49+00:00\",\"mainEntityOfPage\":{\"@id\":\"https:\\\/\\\/www.organisator.ch\\\/sustainability\\\/2020-05-26\\\/schweizer-oekologie-forscher-gegen-die-naechste-pandemie\\\/\"},\"wordCount\":581,\"publisher\":{\"@id\":\"https:\\\/\\\/www.organisator.ch\\\/#organization\"},\"image\":{\"@id\":\"https:\\\/\\\/www.organisator.ch\\\/sustainability\\\/2020-05-26\\\/schweizer-oekologie-forscher-gegen-die-naechste-pandemie\\\/#primaryimage\"},\"thumbnailUrl\":\"https:\\\/\\\/www.organisator.ch\\\/wp-content\\\/uploads\\\/2020\\\/05\\\/Pandemie-Oekologie-Forscher-UP-Umwelt-Perspektiven.jpg\",\"keywords\":[\"Artensterben\",\"Covid-19\",\"Forscher\",\"Krise\",\"Pandemie\",\"Schweiz\",\"Zoonosen\"],\"articleSection\":[\"SUSTAINABILITY\"],\"inLanguage\":\"de\"},{\"@type\":\"WebPage\",\"@id\":\"https:\\\/\\\/www.organisator.ch\\\/sustainability\\\/2020-05-26\\\/schweizer-oekologie-forscher-gegen-die-naechste-pandemie\\\/\",\"url\":\"https:\\\/\\\/www.organisator.ch\\\/sustainability\\\/2020-05-26\\\/schweizer-oekologie-forscher-gegen-die-naechste-pandemie\\\/\",\"name\":\"Schweizer \u00d6kologie-Forscher gegen die n\u00e4chste Pandemie - Organisator\",\"isPartOf\":{\"@id\":\"https:\\\/\\\/www.organisator.ch\\\/#website\"},\"primaryImageOfPage\":{\"@id\":\"https:\\\/\\\/www.organisator.ch\\\/sustainability\\\/2020-05-26\\\/schweizer-oekologie-forscher-gegen-die-naechste-pandemie\\\/#primaryimage\"},\"image\":{\"@id\":\"https:\\\/\\\/www.organisator.ch\\\/sustainability\\\/2020-05-26\\\/schweizer-oekologie-forscher-gegen-die-naechste-pandemie\\\/#primaryimage\"},\"thumbnailUrl\":\"https:\\\/\\\/www.organisator.ch\\\/wp-content\\\/uploads\\\/2020\\\/05\\\/Pandemie-Oekologie-Forscher-UP-Umwelt-Perspektiven.jpg\",\"datePublished\":\"2020-05-26T10:06:56+00:00\",\"dateModified\":\"2022-02-09T10:06:49+00:00\",\"breadcrumb\":{\"@id\":\"https:\\\/\\\/www.organisator.ch\\\/sustainability\\\/2020-05-26\\\/schweizer-oekologie-forscher-gegen-die-naechste-pandemie\\\/#breadcrumb\"},\"inLanguage\":\"de\",\"potentialAction\":[{\"@type\":\"ReadAction\",\"target\":[\"https:\\\/\\\/www.organisator.ch\\\/sustainability\\\/2020-05-26\\\/schweizer-oekologie-forscher-gegen-die-naechste-pandemie\\\/\"]}]},{\"@type\":\"ImageObject\",\"inLanguage\":\"de\",\"@id\":\"https:\\\/\\\/www.organisator.ch\\\/sustainability\\\/2020-05-26\\\/schweizer-oekologie-forscher-gegen-die-naechste-pandemie\\\/#primaryimage\",\"url\":\"https:\\\/\\\/www.organisator.ch\\\/wp-content\\\/uploads\\\/2020\\\/05\\\/Pandemie-Oekologie-Forscher-UP-Umwelt-Perspektiven.jpg\",\"contentUrl\":\"https:\\\/\\\/www.organisator.ch\\\/wp-content\\\/uploads\\\/2020\\\/05\\\/Pandemie-Oekologie-Forscher-UP-Umwelt-Perspektiven.jpg\",\"width\":2531,\"height\":1700,\"caption\":\"Jedes Jahr werden W\u00e4lder und Tierpopulationen um ein Vielfaches zerst\u00f6rt. Dies wirkt sich auch auf die weltweite Gesundheit aus. (Bild: Unsplash_Justus_Menke)\"},{\"@type\":\"BreadcrumbList\",\"@id\":\"https:\\\/\\\/www.organisator.ch\\\/sustainability\\\/2020-05-26\\\/schweizer-oekologie-forscher-gegen-die-naechste-pandemie\\\/#breadcrumb\",\"itemListElement\":[{\"@type\":\"ListItem\",\"position\":1,\"name\":\"Home\",\"item\":\"https:\\\/\\\/www.organisator.ch\\\/\"},{\"@type\":\"ListItem\",\"position\":2,\"name\":\"Schweizer \u00d6kologie-Forscher gegen die n\u00e4chste Pandemie\"}]},{\"@type\":\"WebSite\",\"@id\":\"https:\\\/\\\/www.organisator.ch\\\/#website\",\"url\":\"https:\\\/\\\/www.organisator.ch\\\/\",\"name\":\"Organisator\",\"description\":\"Kompetent. Praxisnah. Der ORGANISATOR bereitet in 10 Ausgaben pro Jahr die wesentlichen Themen f\u00fcr F\u00fchrungskr\u00e4fte von KMU auf.\",\"publisher\":{\"@id\":\"https:\\\/\\\/www.organisator.ch\\\/#organization\"},\"potentialAction\":[{\"@type\":\"SearchAction\",\"target\":{\"@type\":\"EntryPoint\",\"urlTemplate\":\"https:\\\/\\\/www.organisator.ch\\\/?s={search_term_string}\"},\"query-input\":{\"@type\":\"PropertyValueSpecification\",\"valueRequired\":true,\"valueName\":\"search_term_string\"}}],\"inLanguage\":\"de\"},{\"@type\":\"Organization\",\"@id\":\"https:\\\/\\\/www.organisator.ch\\\/#organization\",\"name\":\"Organisator\",\"url\":\"https:\\\/\\\/www.organisator.ch\\\/\",\"logo\":{\"@type\":\"ImageObject\",\"inLanguage\":\"de\",\"@id\":\"https:\\\/\\\/www.organisator.ch\\\/#\\\/schema\\\/logo\\\/image\\\/\",\"url\":\"https:\\\/\\\/www.organisator.ch\\\/wp-content\\\/uploads\\\/2022\\\/01\\\/Logo_Organisator_Website.png\",\"contentUrl\":\"https:\\\/\\\/www.organisator.ch\\\/wp-content\\\/uploads\\\/2022\\\/01\\\/Logo_Organisator_Website.png\",\"width\":800,\"height\":77,\"caption\":\"Organisator\"},\"image\":{\"@id\":\"https:\\\/\\\/www.organisator.ch\\\/#\\\/schema\\\/logo\\\/image\\\/\"},\"sameAs\":[\"https:\\\/\\\/www.facebook.com\\\/OrganisatorFachmagazin\",\"https:\\\/\\\/www.linkedin.com\\\/showcase\\\/organisator-das-magazin-fr-kmu\",\"https:\\\/\\\/www.xing.com\\\/news\\\/pages\\\/organisator-ch-695\",\"https:\\\/\\\/www.youtube.com\\\/channel\\\/UCGP2Sq0iWaZwT3BdIAQFYpw\"]},{\"@type\":\"Person\",\"@id\":\"https:\\\/\\\/www.organisator.ch\\\/#\\\/schema\\\/person\\\/134708ca9321c57b0362cceb7948ffbd\",\"name\":\"michael.merz\",\"image\":{\"@type\":\"ImageObject\",\"inLanguage\":\"de\",\"@id\":\"https:\\\/\\\/secure.gravatar.com\\\/avatar\\\/?s=96&d=mm&r=g\",\"url\":\"https:\\\/\\\/secure.gravatar.com\\\/avatar\\\/?s=96&d=mm&r=g\",\"contentUrl\":\"https:\\\/\\\/secure.gravatar.com\\\/avatar\\\/?s=96&d=mm&r=g\",\"caption\":\"michael.merz\"},\"url\":\"https:\\\/\\\/www.organisator.ch\\\/de\\\/author\\\/michael-merz\\\/\"}]}<\/script>\n<!-- \/ Yoast SEO plugin. -->","yoast_head_json":{"title":"Schweizer \u00d6kologie-Forscher gegen die n\u00e4chste Pandemie - Organisator","robots":{"index":"index","follow":"follow","max-snippet":"max-snippet:-1","max-image-preview":"max-image-preview:large","max-video-preview":"max-video-preview:-1"},"canonical":"https:\/\/www.organisator.ch\/de\/sustainability\/2020-05-26\/schweizer-oekologie-forscher-gegen-die-naechste-pandemie\/","og_locale":"de_DE","og_type":"article","og_title":"Schweizer \u00d6kologie-Forscher gegen die n\u00e4chste Pandemie - Organisator","og_description":"&nbsp; Keine Pandemie ist wie die andere. 126 Forschende aus der Schweiz sind \u00fcberzeugt: Die Covid-19-Pandemie f\u00e4llt in die Gruppe der Zoonosen. Das sind Infektionskrankheiten, die zwischen Wildtieren, Haustieren und Menschen \u00fcbertragen werden. Die \u00fcberwiegende Mehrheit von Viren sei f\u00fcr Menschen harmlos, aber schon ein kleiner Prozentsatz infekti\u00f6ser Arten reichte aus, um eine ph\u00e4nomenale Reserve [&hellip;]","og_url":"https:\/\/www.organisator.ch\/de\/sustainability\/2020-05-26\/schweizer-oekologie-forscher-gegen-die-naechste-pandemie\/","og_site_name":"Organisator","article_publisher":"https:\/\/www.facebook.com\/OrganisatorFachmagazin","article_published_time":"2020-05-26T10:06:56+00:00","article_modified_time":"2022-02-09T10:06:49+00:00","og_image":[{"width":2531,"height":1700,"url":"https:\/\/www.organisator.ch\/wp-content\/uploads\/2020\/05\/Pandemie-Oekologie-Forscher-UP-Umwelt-Perspektiven.jpg","type":"image\/jpeg"}],"author":"michael.merz","twitter_card":"summary_large_image","schema":{"@context":"https:\/\/schema.org","@graph":[{"@type":"Article","@id":"https:\/\/www.organisator.ch\/sustainability\/2020-05-26\/schweizer-oekologie-forscher-gegen-die-naechste-pandemie\/#article","isPartOf":{"@id":"https:\/\/www.organisator.ch\/sustainability\/2020-05-26\/schweizer-oekologie-forscher-gegen-die-naechste-pandemie\/"},"author":{"name":"michael.merz","@id":"https:\/\/www.organisator.ch\/#\/schema\/person\/134708ca9321c57b0362cceb7948ffbd"},"headline":"Schweizer \u00d6kologie-Forscher gegen die n\u00e4chste Pandemie","datePublished":"2020-05-26T10:06:56+00:00","dateModified":"2022-02-09T10:06:49+00:00","mainEntityOfPage":{"@id":"https:\/\/www.organisator.ch\/sustainability\/2020-05-26\/schweizer-oekologie-forscher-gegen-die-naechste-pandemie\/"},"wordCount":581,"publisher":{"@id":"https:\/\/www.organisator.ch\/#organization"},"image":{"@id":"https:\/\/www.organisator.ch\/sustainability\/2020-05-26\/schweizer-oekologie-forscher-gegen-die-naechste-pandemie\/#primaryimage"},"thumbnailUrl":"https:\/\/www.organisator.ch\/wp-content\/uploads\/2020\/05\/Pandemie-Oekologie-Forscher-UP-Umwelt-Perspektiven.jpg","keywords":["Artensterben","Covid-19","Forscher","Krise","Pandemie","Schweiz","Zoonosen"],"articleSection":["SUSTAINABILITY"],"inLanguage":"de"},{"@type":"WebPage","@id":"https:\/\/www.organisator.ch\/sustainability\/2020-05-26\/schweizer-oekologie-forscher-gegen-die-naechste-pandemie\/","url":"https:\/\/www.organisator.ch\/sustainability\/2020-05-26\/schweizer-oekologie-forscher-gegen-die-naechste-pandemie\/","name":"Schweizer \u00d6kologie-Forscher gegen die n\u00e4chste Pandemie - Organisator","isPartOf":{"@id":"https:\/\/www.organisator.ch\/#website"},"primaryImageOfPage":{"@id":"https:\/\/www.organisator.ch\/sustainability\/2020-05-26\/schweizer-oekologie-forscher-gegen-die-naechste-pandemie\/#primaryimage"},"image":{"@id":"https:\/\/www.organisator.ch\/sustainability\/2020-05-26\/schweizer-oekologie-forscher-gegen-die-naechste-pandemie\/#primaryimage"},"thumbnailUrl":"https:\/\/www.organisator.ch\/wp-content\/uploads\/2020\/05\/Pandemie-Oekologie-Forscher-UP-Umwelt-Perspektiven.jpg","datePublished":"2020-05-26T10:06:56+00:00","dateModified":"2022-02-09T10:06:49+00:00","breadcrumb":{"@id":"https:\/\/www.organisator.ch\/sustainability\/2020-05-26\/schweizer-oekologie-forscher-gegen-die-naechste-pandemie\/#breadcrumb"},"inLanguage":"de","potentialAction":[{"@type":"ReadAction","target":["https:\/\/www.organisator.ch\/sustainability\/2020-05-26\/schweizer-oekologie-forscher-gegen-die-naechste-pandemie\/"]}]},{"@type":"ImageObject","inLanguage":"de","@id":"https:\/\/www.organisator.ch\/sustainability\/2020-05-26\/schweizer-oekologie-forscher-gegen-die-naechste-pandemie\/#primaryimage","url":"https:\/\/www.organisator.ch\/wp-content\/uploads\/2020\/05\/Pandemie-Oekologie-Forscher-UP-Umwelt-Perspektiven.jpg","contentUrl":"https:\/\/www.organisator.ch\/wp-content\/uploads\/2020\/05\/Pandemie-Oekologie-Forscher-UP-Umwelt-Perspektiven.jpg","width":2531,"height":1700,"caption":"Jedes Jahr werden W\u00e4lder und Tierpopulationen um ein Vielfaches zerst\u00f6rt. Dies wirkt sich auch auf die weltweite Gesundheit aus. (Bild: Unsplash_Justus_Menke)"},{"@type":"BreadcrumbList","@id":"https:\/\/www.organisator.ch\/sustainability\/2020-05-26\/schweizer-oekologie-forscher-gegen-die-naechste-pandemie\/#breadcrumb","itemListElement":[{"@type":"ListItem","position":1,"name":"Home","item":"https:\/\/www.organisator.ch\/"},{"@type":"ListItem","position":2,"name":"Schweizer \u00d6kologie-Forscher gegen die n\u00e4chste Pandemie"}]},{"@type":"WebSite","@id":"https:\/\/www.organisator.ch\/#website","url":"https:\/\/www.organisator.ch\/","name":"Organisator","description":"Kompetent. Praxisnah. Der ORGANISATOR bereitet in 10 Ausgaben pro Jahr die wesentlichen Themen f\u00fcr F\u00fchrungskr\u00e4fte von KMU auf.","publisher":{"@id":"https:\/\/www.organisator.ch\/#organization"},"potentialAction":[{"@type":"SearchAction","target":{"@type":"EntryPoint","urlTemplate":"https:\/\/www.organisator.ch\/?s={search_term_string}"},"query-input":{"@type":"PropertyValueSpecification","valueRequired":true,"valueName":"search_term_string"}}],"inLanguage":"de"},{"@type":"Organization","@id":"https:\/\/www.organisator.ch\/#organization","name":"Organisator","url":"https:\/\/www.organisator.ch\/","logo":{"@type":"ImageObject","inLanguage":"de","@id":"https:\/\/www.organisator.ch\/#\/schema\/logo\/image\/","url":"https:\/\/www.organisator.ch\/wp-content\/uploads\/2022\/01\/Logo_Organisator_Website.png","contentUrl":"https:\/\/www.organisator.ch\/wp-content\/uploads\/2022\/01\/Logo_Organisator_Website.png","width":800,"height":77,"caption":"Organisator"},"image":{"@id":"https:\/\/www.organisator.ch\/#\/schema\/logo\/image\/"},"sameAs":["https:\/\/www.facebook.com\/OrganisatorFachmagazin","https:\/\/www.linkedin.com\/showcase\/organisator-das-magazin-fr-kmu","https:\/\/www.xing.com\/news\/pages\/organisator-ch-695","https:\/\/www.youtube.com\/channel\/UCGP2Sq0iWaZwT3BdIAQFYpw"]},{"@type":"Person","@id":"https:\/\/www.organisator.ch\/#\/schema\/person\/134708ca9321c57b0362cceb7948ffbd","name":"michael.merz","image":{"@type":"ImageObject","inLanguage":"de","@id":"https:\/\/secure.gravatar.com\/avatar\/?s=96&d=mm&r=g","url":"https:\/\/secure.gravatar.com\/avatar\/?s=96&d=mm&r=g","contentUrl":"https:\/\/secure.gravatar.com\/avatar\/?s=96&d=mm&r=g","caption":"michael.merz"},"url":"https:\/\/www.organisator.ch\/de\/author\/michael-merz\/"}]}},"_links":{"self":[{"href":"https:\/\/www.organisator.ch\/de\/wp-json\/wp\/v2\/posts\/3082","targetHints":{"allow":["GET"]}}],"collection":[{"href":"https:\/\/www.organisator.ch\/de\/wp-json\/wp\/v2\/posts"}],"about":[{"href":"https:\/\/www.organisator.ch\/de\/wp-json\/wp\/v2\/types\/post"}],"author":[{"embeddable":true,"href":"https:\/\/www.organisator.ch\/de\/wp-json\/wp\/v2\/users\/5"}],"replies":[{"embeddable":true,"href":"https:\/\/www.organisator.ch\/de\/wp-json\/wp\/v2\/comments?post=3082"}],"version-history":[{"count":1,"href":"https:\/\/www.organisator.ch\/de\/wp-json\/wp\/v2\/posts\/3082\/revisions"}],"predecessor-version":[{"id":10675,"href":"https:\/\/www.organisator.ch\/de\/wp-json\/wp\/v2\/posts\/3082\/revisions\/10675"}],"wp:featuredmedia":[{"embeddable":true,"href":"https:\/\/www.organisator.ch\/de\/wp-json\/wp\/v2\/media\/3083"}],"wp:attachment":[{"href":"https:\/\/www.organisator.ch\/de\/wp-json\/wp\/v2\/media?parent=3082"}],"wp:term":[{"taxonomy":"category","embeddable":true,"href":"https:\/\/www.organisator.ch\/de\/wp-json\/wp\/v2\/categories?post=3082"},{"taxonomy":"post_tag","embeddable":true,"href":"https:\/\/www.organisator.ch\/de\/wp-json\/wp\/v2\/tags?post=3082"}],"curies":[{"name":"wp","href":"https:\/\/api.w.org\/{rel}","templated":true}]}}