{"id":3085,"date":"2018-01-31T16:25:02","date_gmt":"2018-01-31T15:25:02","guid":{"rendered":"https:\/\/www.organisator.ch\/?p=3085"},"modified":"2018-01-31T16:25:02","modified_gmt":"2018-01-31T15:25:02","slug":"beschaffungsrecht-nicht-mehr-allein-der-tiefste-preis-soll-entscheiden","status":"publish","type":"post","link":"https:\/\/www.organisator.ch\/de\/management\/finanzen_recht\/2018-01-31\/beschaffungsrecht-nicht-mehr-allein-der-tiefste-preis-soll-entscheiden\/","title":{"rendered":"Beschaffungsrecht: Nicht mehr allein der tiefste Preis soll entscheiden"},"content":{"rendered":"<figure id=\"attachment_3088\" aria-describedby=\"caption-attachment-3088\" style=\"width: 480px\" class=\"wp-caption alignnone\"><img loading=\"lazy\" decoding=\"async\" class=\"size-full wp-image-3088\" src=\"https:\/\/www.organisator.ch\/wp-content\/uploads\/2018\/01\/Beschaffungsrecht-Nicht-mehr-allein-der-tiefste-Preis-soll-entscheiden_Organisator.jpg\" alt=\"\" width=\"480\" height=\"480\" srcset=\"https:\/\/www.organisator.ch\/wp-content\/uploads\/2018\/01\/Beschaffungsrecht-Nicht-mehr-allein-der-tiefste-Preis-soll-entscheiden_Organisator.jpg 480w, https:\/\/www.organisator.ch\/wp-content\/uploads\/2018\/01\/Beschaffungsrecht-Nicht-mehr-allein-der-tiefste-Preis-soll-entscheiden_Organisator-150x150.jpg 150w, https:\/\/www.organisator.ch\/wp-content\/uploads\/2018\/01\/Beschaffungsrecht-Nicht-mehr-allein-der-tiefste-Preis-soll-entscheiden_Organisator-12x12.jpg 12w, https:\/\/www.organisator.ch\/wp-content\/uploads\/2018\/01\/Beschaffungsrecht-Nicht-mehr-allein-der-tiefste-Preis-soll-entscheiden_Organisator-175x175.jpg 175w, https:\/\/www.organisator.ch\/wp-content\/uploads\/2018\/01\/Beschaffungsrecht-Nicht-mehr-allein-der-tiefste-Preis-soll-entscheiden_Organisator-350x350.jpg 350w, https:\/\/www.organisator.ch\/wp-content\/uploads\/2018\/01\/Beschaffungsrecht-Nicht-mehr-allein-der-tiefste-Preis-soll-entscheiden_Organisator-250x250.jpg 250w, https:\/\/www.organisator.ch\/wp-content\/uploads\/2018\/01\/Beschaffungsrecht-Nicht-mehr-allein-der-tiefste-Preis-soll-entscheiden_Organisator-300x300.jpg 300w, https:\/\/www.organisator.ch\/wp-content\/uploads\/2018\/01\/Beschaffungsrecht-Nicht-mehr-allein-der-tiefste-Preis-soll-entscheiden_Organisator-100x100.jpg 100w\" sizes=\"auto, (max-width: 480px) 100vw, 480px\" \/><figcaption id=\"caption-attachment-3088\" class=\"wp-caption-text\">Im Beschaffungsrecht zeichnet sich ein Paradigmenwechsel ab: Nicht mehr allein der g\u00fcnstigste Preis, sondern auch die Plausibilit\u00e4t eines Angebots soll \u00fcber den Zuschlag entscheiden. (Bild: Fotolia)<\/figcaption><\/figure>\n<p>Der Bundesrat hat am 15. Februar 2017 die Botschaft zur Totalrevision des Bundesgesetzes \u00fcber das \u00f6ffentliche Beschaffungswesen (B\u00f6B) verabschiedet. Ein Hauptziel der Revision ist die Harmonisierung der Beschaffungsordnungen von Bund und Kantonen. Parallel dazu hat der Bundesrat auch die Botschaft zum revidierten WTO-\u00dcbereinkommen \u00fcber das \u00f6ffentliche Beschaffungswesen von 2012 (GPA) verabschiedet. Das neue Abkommen verbessert Transparenz und Marktzugang und ersetzt das urspr\u00fcngliche Abkommen von 1994. Ende Januar 2018 hat die nationalr\u00e4tliche Wirtschaftskommission (WAK-N)\u00a0in ihrer Detailberatung einige wegweisende Entscheide gef\u00e4llt, vor allem hinsichtlich der Auftragsvergabe nach dem g\u00fcnstigsten Preis.<\/p>\n<h2>Paradigmenwechsel im Beschaffungsrecht<\/h2>\n<p>Kommt es also zu einem Paradigmenwechsel im Beschaffungsrecht, wonach nicht mehr allein der g\u00fcnstigste Preis entscheidet? Die Wirtschaftskommission des Nationalrats will n\u00e4mlich eine\u00a0Plausibilisierung von Dumpingangeboten im revidierten Bundesgesetz \u00fcber das \u00f6ffentliche Beschaffungswesen festschreiben. Dies hat sie im Rahmen\u00a0der erw\u00e4hnten\u00a0Detailberatungen zur Beschaffungsrechtsrevision (B\u00f6B) einstimmig beschlossen. Ungew\u00f6hnlich niedrige Angebote sollen insk\u00fcnftig genauer \u00fcberpr\u00fcft werden. \u201eHeute ist ein guter Tag f\u00fcr die Beschaffung intellektueller Dienstleistungen&#8220;,\u00a0jubelt Heinz Marti, Pr\u00e4sident der Vereinigung beratender Ingenieurunternehmungen usic und Co-Pr\u00e4sident der Allianz f\u00fcr ein fortschrittliches \u00f6ffentliches Beschaffungswesen (Af\u00f6B). \u201eNun muss dieser Paradigmenwechsel auch in der Praxis umgesetzt werden&#8220;. Auch Stefan Cadosch, Pr\u00e4sident des SIA und Af\u00f6B-Co-Pr\u00e4sident,\u00a0zeigt sich gem\u00e4ss einer Medienmitteilung\u00a0hocherfreut: \u201eDie Politik hat endlich erkannt, dass intellektuelle Dienstleistungen nicht wie standardisierte Waren beschafft werden k\u00f6nnen&#8220;.<\/p>\n<h2>Angebotsplausibilisierung als Zuschlagskriterium<\/h2>\n<p>Die WAK-N hat\u00a0am 31. Januar\u00a0mitgeteilt, dass sie beabsichtigt, dem Natioanalrat griffige Massnahmen gegen Dumpingangebote zu beantragen. Mit 29 zu 0 Stimmen bei 2 Enthaltungen hat die Kommission beschlossen, das Anliegen der Af\u00f6B, einem Zusammenschluss von Verb\u00e4nden und Organisationen, deren Mitglieder intellektuelle Dienstleistungen an \u00f6ffentliche Auftraggeber anbieten, nach der Einf\u00fchrung einer Angebotsplausibilisierung in die Zuschlagskriterien aufzunehmen. Dies ist ein wichtiger Schritt, um unsinnige Preisofferten zu bek\u00e4mpfen und die Qualit\u00e4t von Angeboten zu verbessern. Die Kommission hat mit 16 zu 6 Stimmen bei 2 Enthaltungen ein weiteres Anliegen der Af\u00f6B aufgenommen, wonach ungew\u00f6hnlich niedrige Angebote strenger \u00fcberpr\u00fcft werden m\u00fcssen. Die Pr\u00fcfungspflicht, welche bisher nur bei Anbieterinnen aus dem \u00f6ffentlichen Sektor galt, soll nun f\u00fcr alle eingereichten An-gebote gelten. Damit erhalten die Vergabebeh\u00f6rden ein griffiges Instrument, um gegen reine Tiefpreisangebote vorgehen zu k\u00f6nnen.<\/p>\n<h2>Echter Preis-Leistungs-Wettbewerb r\u00fcckt n\u00e4her<\/h2>\n<p>Ferner hat die Kommission den Begriff \u201ewirtschaftlich g\u00fcnstigstes Angebot&#8220; pr\u00e4zisiert, dass damit dasjenige Angebot mit dem besten Preis-Leistungs-Verh\u00e4ltnis sein soll. Die Af\u00f6B hat zwar gefordert, dass die Formulierung durch das \u201evorteilhafteste Angebot&#8220; ersetzt werden solle. Jedoch ist die Pr\u00e4zisierung im Sinne der Allianz, welche statt eines reinen Preis- einen echten Preis-Leistungs-Wettbewerb im Beschaffungsrecht\u00a0fordert.<\/p>\n<p><em>Weitere Informationen und Argumente: <a href=\"http:\/\/www.afoeb.ch\/argumente\/\">http:\/\/www.afoeb.ch\/argumente\/<\/a><\/em><\/p>\n<p>&nbsp;<\/p>\n<p>&nbsp;<\/p>\n","protected":false},"excerpt":{"rendered":"<p>Der Bundesrat hat am 15. Februar 2017 die Botschaft zur Totalrevision des Bundesgesetzes \u00fcber das \u00f6ffentliche Beschaffungswesen (B\u00f6B) verabschiedet. Ein Hauptziel der Revision ist die Harmonisierung der Beschaffungsordnungen von Bund und Kantonen. Parallel dazu hat der Bundesrat auch die Botschaft zum revidierten WTO-\u00dcbereinkommen \u00fcber das \u00f6ffentliche Beschaffungswesen von 2012 (GPA) verabschiedet. Das neue Abkommen verbessert [&hellip;]<\/p>\n","protected":false},"author":4,"featured_media":3088,"comment_status":"open","ping_status":"open","sticky":false,"template":"","format":"standard","meta":{"_acf_changed":false,"_yoast_wpseo_focuskw":"Beschaffungsrecht","_yoast_wpseo_metadesc":"Das Bundesgesetz f\u00fcr das \u00f6ffentliche Beschaffungswesen (B\u00f6B) ist derzeit in Revision. Geht es nach dem Willen der nationalr\u00e4tlichen Wirtschaftskommission, sollen besonders g\u00fcnstige Angebote \u00fcberpr\u00fcft werden.","articlekey":"","footnotes":""},"categories":[24],"tags":[169,202,503,531],"class_list":["post-3085","post","type-post","status-publish","format-standard","has-post-thumbnail","hentry","category-finanzen_recht","tag-einkauf","tag-finanzenrecht","tag-verbaende","tag-wirtschaftspolitik"],"acf":[],"yoast_head":"<!-- This site is optimized with the Yoast SEO plugin v27.4 - https:\/\/yoast.com\/product\/yoast-seo-wordpress\/ -->\n<title>Beschaffungsrecht: Nicht mehr allein der tiefste Preis soll entscheiden - Organisator<\/title>\n<meta name=\"description\" content=\"Das Bundesgesetz f\u00fcr das \u00f6ffentliche Beschaffungswesen (B\u00f6B) ist derzeit in Revision. Geht es nach dem Willen der nationalr\u00e4tlichen Wirtschaftskommission, sollen besonders g\u00fcnstige Angebote \u00fcberpr\u00fcft werden.\" \/>\n<meta name=\"robots\" content=\"index, follow, max-snippet:-1, max-image-preview:large, max-video-preview:-1\" \/>\n<link rel=\"canonical\" href=\"https:\/\/www.organisator.ch\/de\/management\/finanzen_recht\/2018-01-31\/beschaffungsrecht-nicht-mehr-allein-der-tiefste-preis-soll-entscheiden\/\" \/>\n<meta property=\"og:locale\" content=\"de_DE\" \/>\n<meta property=\"og:type\" content=\"article\" \/>\n<meta property=\"og:title\" content=\"Beschaffungsrecht: Nicht mehr allein der tiefste Preis soll entscheiden\" \/>\n<meta property=\"og:description\" content=\"Das Bundesgesetz f\u00fcr das \u00f6ffentliche Beschaffungswesen (#B\u00f6B) ist derzeit in Revision. Geht es nach dem Willen der nationalr\u00e4tlichen #Wirtschaftskommission, sollen besonders g\u00fcnstige Angebote \u00fcberpr\u00fcft werden.\" \/>\n<meta property=\"og:url\" content=\"https:\/\/www.organisator.ch\/de\/management\/finanzen_recht\/2018-01-31\/beschaffungsrecht-nicht-mehr-allein-der-tiefste-preis-soll-entscheiden\/\" \/>\n<meta property=\"og:site_name\" content=\"Organisator\" \/>\n<meta property=\"article:publisher\" content=\"https:\/\/www.facebook.com\/OrganisatorFachmagazin\" \/>\n<meta property=\"article:published_time\" content=\"2018-01-31T15:25:02+00:00\" \/>\n<meta property=\"og:image\" content=\"https:\/\/www.organisator.ch\/wp-content\/uploads\/2018\/01\/Beschaffungsrecht-Nicht-mehr-allein-der-tiefste-Preis-soll-entscheiden_Organisator.jpg\" \/>\n\t<meta property=\"og:image:width\" content=\"480\" \/>\n\t<meta property=\"og:image:height\" content=\"480\" \/>\n\t<meta property=\"og:image:type\" content=\"image\/jpeg\" \/>\n<meta name=\"author\" content=\"thomas.berner\" \/>\n<meta name=\"twitter:card\" content=\"summary_large_image\" \/>\n<meta name=\"twitter:title\" content=\"#Beschaffungsrecht: Nicht mehr allein der tiefste Preis soll entscheiden\" \/>\n<meta name=\"twitter:description\" content=\"Das Bundesgesetz f\u00fcr das \u00f6ffentliche Beschaffungswesen (#B\u00f6B) ist derzeit in Revision. Geht es nach dem Willen der nationalr\u00e4tlichen #Wirtschaftskommission, sollen besonders g\u00fcnstige Angebote \u00fcberpr\u00fcft werden.\" \/>\n<meta name=\"twitter:image\" content=\"https:\/\/www.organisator.ch\/wp-content\/uploads\/2018\/01\/Beschaffungsrecht-Nicht-mehr-allein-der-tiefste-Preis-soll-entscheiden_Organisator.jpg\" \/>\n<script type=\"application\/ld+json\" class=\"yoast-schema-graph\">{\"@context\":\"https:\\\/\\\/schema.org\",\"@graph\":[{\"@type\":\"Article\",\"@id\":\"https:\\\/\\\/www.organisator.ch\\\/management\\\/finanzen_recht\\\/2018-01-31\\\/beschaffungsrecht-nicht-mehr-allein-der-tiefste-preis-soll-entscheiden\\\/#article\",\"isPartOf\":{\"@id\":\"https:\\\/\\\/www.organisator.ch\\\/management\\\/finanzen_recht\\\/2018-01-31\\\/beschaffungsrecht-nicht-mehr-allein-der-tiefste-preis-soll-entscheiden\\\/\"},\"author\":{\"name\":\"thomas.berner\",\"@id\":\"https:\\\/\\\/www.organisator.ch\\\/#\\\/schema\\\/person\\\/6f650f90b2842cd4c0cc334b4e36f67e\"},\"headline\":\"Beschaffungsrecht: Nicht mehr allein der tiefste Preis soll entscheiden\",\"datePublished\":\"2018-01-31T15:25:02+00:00\",\"mainEntityOfPage\":{\"@id\":\"https:\\\/\\\/www.organisator.ch\\\/management\\\/finanzen_recht\\\/2018-01-31\\\/beschaffungsrecht-nicht-mehr-allein-der-tiefste-preis-soll-entscheiden\\\/\"},\"wordCount\":494,\"commentCount\":0,\"publisher\":{\"@id\":\"https:\\\/\\\/www.organisator.ch\\\/#organization\"},\"image\":{\"@id\":\"https:\\\/\\\/www.organisator.ch\\\/management\\\/finanzen_recht\\\/2018-01-31\\\/beschaffungsrecht-nicht-mehr-allein-der-tiefste-preis-soll-entscheiden\\\/#primaryimage\"},\"thumbnailUrl\":\"https:\\\/\\\/www.organisator.ch\\\/wp-content\\\/uploads\\\/2018\\\/01\\\/Beschaffungsrecht-Nicht-mehr-allein-der-tiefste-Preis-soll-entscheiden_Organisator.jpg\",\"keywords\":[\"Einkauf\",\"Finanzen\\\/Recht\",\"Verb\u00e4nde\",\"Wirtschaftspolitik\"],\"articleSection\":[\"FINANZEN\\\/RECHT\"],\"inLanguage\":\"de\"},{\"@type\":\"WebPage\",\"@id\":\"https:\\\/\\\/www.organisator.ch\\\/management\\\/finanzen_recht\\\/2018-01-31\\\/beschaffungsrecht-nicht-mehr-allein-der-tiefste-preis-soll-entscheiden\\\/\",\"url\":\"https:\\\/\\\/www.organisator.ch\\\/management\\\/finanzen_recht\\\/2018-01-31\\\/beschaffungsrecht-nicht-mehr-allein-der-tiefste-preis-soll-entscheiden\\\/\",\"name\":\"Beschaffungsrecht: Nicht mehr allein der tiefste Preis soll entscheiden - Organisator\",\"isPartOf\":{\"@id\":\"https:\\\/\\\/www.organisator.ch\\\/#website\"},\"primaryImageOfPage\":{\"@id\":\"https:\\\/\\\/www.organisator.ch\\\/management\\\/finanzen_recht\\\/2018-01-31\\\/beschaffungsrecht-nicht-mehr-allein-der-tiefste-preis-soll-entscheiden\\\/#primaryimage\"},\"image\":{\"@id\":\"https:\\\/\\\/www.organisator.ch\\\/management\\\/finanzen_recht\\\/2018-01-31\\\/beschaffungsrecht-nicht-mehr-allein-der-tiefste-preis-soll-entscheiden\\\/#primaryimage\"},\"thumbnailUrl\":\"https:\\\/\\\/www.organisator.ch\\\/wp-content\\\/uploads\\\/2018\\\/01\\\/Beschaffungsrecht-Nicht-mehr-allein-der-tiefste-Preis-soll-entscheiden_Organisator.jpg\",\"datePublished\":\"2018-01-31T15:25:02+00:00\",\"description\":\"Das Bundesgesetz f\u00fcr das \u00f6ffentliche Beschaffungswesen (B\u00f6B) ist derzeit in Revision. Geht es nach dem Willen der nationalr\u00e4tlichen Wirtschaftskommission, sollen besonders g\u00fcnstige Angebote \u00fcberpr\u00fcft werden.\",\"breadcrumb\":{\"@id\":\"https:\\\/\\\/www.organisator.ch\\\/management\\\/finanzen_recht\\\/2018-01-31\\\/beschaffungsrecht-nicht-mehr-allein-der-tiefste-preis-soll-entscheiden\\\/#breadcrumb\"},\"inLanguage\":\"de\",\"potentialAction\":[{\"@type\":\"ReadAction\",\"target\":[\"https:\\\/\\\/www.organisator.ch\\\/management\\\/finanzen_recht\\\/2018-01-31\\\/beschaffungsrecht-nicht-mehr-allein-der-tiefste-preis-soll-entscheiden\\\/\"]}]},{\"@type\":\"ImageObject\",\"inLanguage\":\"de\",\"@id\":\"https:\\\/\\\/www.organisator.ch\\\/management\\\/finanzen_recht\\\/2018-01-31\\\/beschaffungsrecht-nicht-mehr-allein-der-tiefste-preis-soll-entscheiden\\\/#primaryimage\",\"url\":\"https:\\\/\\\/www.organisator.ch\\\/wp-content\\\/uploads\\\/2018\\\/01\\\/Beschaffungsrecht-Nicht-mehr-allein-der-tiefste-Preis-soll-entscheiden_Organisator.jpg\",\"contentUrl\":\"https:\\\/\\\/www.organisator.ch\\\/wp-content\\\/uploads\\\/2018\\\/01\\\/Beschaffungsrecht-Nicht-mehr-allein-der-tiefste-Preis-soll-entscheiden_Organisator.jpg\",\"width\":480,\"height\":480,\"caption\":\"Im Beschaffungsrecht zeichnet sich ein Paradigmenwechsel ab: Nicht mehr allein der g\u00fcnstigste Preis, sondern auch die Plausibilit\u00e4t eines Angebots soll \u00fcber den Zuschlag entscheiden. (Bild: Fotolia)\"},{\"@type\":\"BreadcrumbList\",\"@id\":\"https:\\\/\\\/www.organisator.ch\\\/management\\\/finanzen_recht\\\/2018-01-31\\\/beschaffungsrecht-nicht-mehr-allein-der-tiefste-preis-soll-entscheiden\\\/#breadcrumb\",\"itemListElement\":[{\"@type\":\"ListItem\",\"position\":1,\"name\":\"Home\",\"item\":\"https:\\\/\\\/www.organisator.ch\\\/\"},{\"@type\":\"ListItem\",\"position\":2,\"name\":\"Beschaffungsrecht: Nicht mehr allein der tiefste Preis soll entscheiden\"}]},{\"@type\":\"WebSite\",\"@id\":\"https:\\\/\\\/www.organisator.ch\\\/#website\",\"url\":\"https:\\\/\\\/www.organisator.ch\\\/\",\"name\":\"Organisator\",\"description\":\"Kompetent. Praxisnah. Der ORGANISATOR bereitet in 10 Ausgaben pro Jahr die wesentlichen Themen f\u00fcr F\u00fchrungskr\u00e4fte von KMU auf.\",\"publisher\":{\"@id\":\"https:\\\/\\\/www.organisator.ch\\\/#organization\"},\"potentialAction\":[{\"@type\":\"SearchAction\",\"target\":{\"@type\":\"EntryPoint\",\"urlTemplate\":\"https:\\\/\\\/www.organisator.ch\\\/?s={search_term_string}\"},\"query-input\":{\"@type\":\"PropertyValueSpecification\",\"valueRequired\":true,\"valueName\":\"search_term_string\"}}],\"inLanguage\":\"de\"},{\"@type\":\"Organization\",\"@id\":\"https:\\\/\\\/www.organisator.ch\\\/#organization\",\"name\":\"Organisator\",\"url\":\"https:\\\/\\\/www.organisator.ch\\\/\",\"logo\":{\"@type\":\"ImageObject\",\"inLanguage\":\"de\",\"@id\":\"https:\\\/\\\/www.organisator.ch\\\/#\\\/schema\\\/logo\\\/image\\\/\",\"url\":\"https:\\\/\\\/www.organisator.ch\\\/wp-content\\\/uploads\\\/2022\\\/01\\\/Logo_Organisator_Website.png\",\"contentUrl\":\"https:\\\/\\\/www.organisator.ch\\\/wp-content\\\/uploads\\\/2022\\\/01\\\/Logo_Organisator_Website.png\",\"width\":800,\"height\":77,\"caption\":\"Organisator\"},\"image\":{\"@id\":\"https:\\\/\\\/www.organisator.ch\\\/#\\\/schema\\\/logo\\\/image\\\/\"},\"sameAs\":[\"https:\\\/\\\/www.facebook.com\\\/OrganisatorFachmagazin\",\"https:\\\/\\\/www.linkedin.com\\\/showcase\\\/organisator-das-magazin-fr-kmu\",\"https:\\\/\\\/www.xing.com\\\/news\\\/pages\\\/organisator-ch-695\",\"https:\\\/\\\/www.youtube.com\\\/channel\\\/UCGP2Sq0iWaZwT3BdIAQFYpw\"]},{\"@type\":\"Person\",\"@id\":\"https:\\\/\\\/www.organisator.ch\\\/#\\\/schema\\\/person\\\/6f650f90b2842cd4c0cc334b4e36f67e\",\"name\":\"thomas.berner\",\"image\":{\"@type\":\"ImageObject\",\"inLanguage\":\"de\",\"@id\":\"https:\\\/\\\/secure.gravatar.com\\\/avatar\\\/ac5001d2a36cb6c6cd3e50789007ffca834b477b74a2144564522e944eabff61?s=96&d=mm&r=g\",\"url\":\"https:\\\/\\\/secure.gravatar.com\\\/avatar\\\/ac5001d2a36cb6c6cd3e50789007ffca834b477b74a2144564522e944eabff61?s=96&d=mm&r=g\",\"contentUrl\":\"https:\\\/\\\/secure.gravatar.com\\\/avatar\\\/ac5001d2a36cb6c6cd3e50789007ffca834b477b74a2144564522e944eabff61?s=96&d=mm&r=g\",\"caption\":\"thomas.berner\"},\"url\":\"https:\\\/\\\/www.organisator.ch\\\/de\\\/author\\\/thomas-berner\\\/\"}]}<\/script>\n<!-- \/ Yoast SEO plugin. -->","yoast_head_json":{"title":"Beschaffungsrecht: Nicht mehr allein der tiefste Preis soll entscheiden - Organisator","description":"Das Bundesgesetz f\u00fcr das \u00f6ffentliche Beschaffungswesen (B\u00f6B) ist derzeit in Revision. Geht es nach dem Willen der nationalr\u00e4tlichen Wirtschaftskommission, sollen besonders g\u00fcnstige Angebote \u00fcberpr\u00fcft werden.","robots":{"index":"index","follow":"follow","max-snippet":"max-snippet:-1","max-image-preview":"max-image-preview:large","max-video-preview":"max-video-preview:-1"},"canonical":"https:\/\/www.organisator.ch\/de\/management\/finanzen_recht\/2018-01-31\/beschaffungsrecht-nicht-mehr-allein-der-tiefste-preis-soll-entscheiden\/","og_locale":"de_DE","og_type":"article","og_title":"Beschaffungsrecht: Nicht mehr allein der tiefste Preis soll entscheiden","og_description":"Das Bundesgesetz f\u00fcr das \u00f6ffentliche Beschaffungswesen (#B\u00f6B) ist derzeit in Revision. Geht es nach dem Willen der nationalr\u00e4tlichen #Wirtschaftskommission, sollen besonders g\u00fcnstige Angebote \u00fcberpr\u00fcft werden.","og_url":"https:\/\/www.organisator.ch\/de\/management\/finanzen_recht\/2018-01-31\/beschaffungsrecht-nicht-mehr-allein-der-tiefste-preis-soll-entscheiden\/","og_site_name":"Organisator","article_publisher":"https:\/\/www.facebook.com\/OrganisatorFachmagazin","article_published_time":"2018-01-31T15:25:02+00:00","og_image":[{"width":480,"height":480,"url":"https:\/\/www.organisator.ch\/wp-content\/uploads\/2018\/01\/Beschaffungsrecht-Nicht-mehr-allein-der-tiefste-Preis-soll-entscheiden_Organisator.jpg","type":"image\/jpeg"}],"author":"thomas.berner","twitter_card":"summary_large_image","twitter_title":"#Beschaffungsrecht: Nicht mehr allein der tiefste Preis soll entscheiden","twitter_description":"Das Bundesgesetz f\u00fcr das \u00f6ffentliche Beschaffungswesen (#B\u00f6B) ist derzeit in Revision. Geht es nach dem Willen der nationalr\u00e4tlichen #Wirtschaftskommission, sollen besonders g\u00fcnstige Angebote \u00fcberpr\u00fcft werden.","twitter_image":"https:\/\/www.organisator.ch\/wp-content\/uploads\/2018\/01\/Beschaffungsrecht-Nicht-mehr-allein-der-tiefste-Preis-soll-entscheiden_Organisator.jpg","schema":{"@context":"https:\/\/schema.org","@graph":[{"@type":"Article","@id":"https:\/\/www.organisator.ch\/management\/finanzen_recht\/2018-01-31\/beschaffungsrecht-nicht-mehr-allein-der-tiefste-preis-soll-entscheiden\/#article","isPartOf":{"@id":"https:\/\/www.organisator.ch\/management\/finanzen_recht\/2018-01-31\/beschaffungsrecht-nicht-mehr-allein-der-tiefste-preis-soll-entscheiden\/"},"author":{"name":"thomas.berner","@id":"https:\/\/www.organisator.ch\/#\/schema\/person\/6f650f90b2842cd4c0cc334b4e36f67e"},"headline":"Beschaffungsrecht: Nicht mehr allein der tiefste Preis soll entscheiden","datePublished":"2018-01-31T15:25:02+00:00","mainEntityOfPage":{"@id":"https:\/\/www.organisator.ch\/management\/finanzen_recht\/2018-01-31\/beschaffungsrecht-nicht-mehr-allein-der-tiefste-preis-soll-entscheiden\/"},"wordCount":494,"commentCount":0,"publisher":{"@id":"https:\/\/www.organisator.ch\/#organization"},"image":{"@id":"https:\/\/www.organisator.ch\/management\/finanzen_recht\/2018-01-31\/beschaffungsrecht-nicht-mehr-allein-der-tiefste-preis-soll-entscheiden\/#primaryimage"},"thumbnailUrl":"https:\/\/www.organisator.ch\/wp-content\/uploads\/2018\/01\/Beschaffungsrecht-Nicht-mehr-allein-der-tiefste-Preis-soll-entscheiden_Organisator.jpg","keywords":["Einkauf","Finanzen\/Recht","Verb\u00e4nde","Wirtschaftspolitik"],"articleSection":["FINANZEN\/RECHT"],"inLanguage":"de"},{"@type":"WebPage","@id":"https:\/\/www.organisator.ch\/management\/finanzen_recht\/2018-01-31\/beschaffungsrecht-nicht-mehr-allein-der-tiefste-preis-soll-entscheiden\/","url":"https:\/\/www.organisator.ch\/management\/finanzen_recht\/2018-01-31\/beschaffungsrecht-nicht-mehr-allein-der-tiefste-preis-soll-entscheiden\/","name":"Beschaffungsrecht: Nicht mehr allein der tiefste Preis soll entscheiden - Organisator","isPartOf":{"@id":"https:\/\/www.organisator.ch\/#website"},"primaryImageOfPage":{"@id":"https:\/\/www.organisator.ch\/management\/finanzen_recht\/2018-01-31\/beschaffungsrecht-nicht-mehr-allein-der-tiefste-preis-soll-entscheiden\/#primaryimage"},"image":{"@id":"https:\/\/www.organisator.ch\/management\/finanzen_recht\/2018-01-31\/beschaffungsrecht-nicht-mehr-allein-der-tiefste-preis-soll-entscheiden\/#primaryimage"},"thumbnailUrl":"https:\/\/www.organisator.ch\/wp-content\/uploads\/2018\/01\/Beschaffungsrecht-Nicht-mehr-allein-der-tiefste-Preis-soll-entscheiden_Organisator.jpg","datePublished":"2018-01-31T15:25:02+00:00","description":"Das Bundesgesetz f\u00fcr das \u00f6ffentliche Beschaffungswesen (B\u00f6B) ist derzeit in Revision. Geht es nach dem Willen der nationalr\u00e4tlichen Wirtschaftskommission, sollen besonders g\u00fcnstige Angebote \u00fcberpr\u00fcft werden.","breadcrumb":{"@id":"https:\/\/www.organisator.ch\/management\/finanzen_recht\/2018-01-31\/beschaffungsrecht-nicht-mehr-allein-der-tiefste-preis-soll-entscheiden\/#breadcrumb"},"inLanguage":"de","potentialAction":[{"@type":"ReadAction","target":["https:\/\/www.organisator.ch\/management\/finanzen_recht\/2018-01-31\/beschaffungsrecht-nicht-mehr-allein-der-tiefste-preis-soll-entscheiden\/"]}]},{"@type":"ImageObject","inLanguage":"de","@id":"https:\/\/www.organisator.ch\/management\/finanzen_recht\/2018-01-31\/beschaffungsrecht-nicht-mehr-allein-der-tiefste-preis-soll-entscheiden\/#primaryimage","url":"https:\/\/www.organisator.ch\/wp-content\/uploads\/2018\/01\/Beschaffungsrecht-Nicht-mehr-allein-der-tiefste-Preis-soll-entscheiden_Organisator.jpg","contentUrl":"https:\/\/www.organisator.ch\/wp-content\/uploads\/2018\/01\/Beschaffungsrecht-Nicht-mehr-allein-der-tiefste-Preis-soll-entscheiden_Organisator.jpg","width":480,"height":480,"caption":"Im Beschaffungsrecht zeichnet sich ein Paradigmenwechsel ab: Nicht mehr allein der g\u00fcnstigste Preis, sondern auch die Plausibilit\u00e4t eines Angebots soll \u00fcber den Zuschlag entscheiden. (Bild: Fotolia)"},{"@type":"BreadcrumbList","@id":"https:\/\/www.organisator.ch\/management\/finanzen_recht\/2018-01-31\/beschaffungsrecht-nicht-mehr-allein-der-tiefste-preis-soll-entscheiden\/#breadcrumb","itemListElement":[{"@type":"ListItem","position":1,"name":"Home","item":"https:\/\/www.organisator.ch\/"},{"@type":"ListItem","position":2,"name":"Beschaffungsrecht: Nicht mehr allein der tiefste Preis soll entscheiden"}]},{"@type":"WebSite","@id":"https:\/\/www.organisator.ch\/#website","url":"https:\/\/www.organisator.ch\/","name":"Organisator","description":"Kompetent. Praxisnah. Der ORGANISATOR bereitet in 10 Ausgaben pro Jahr die wesentlichen Themen f\u00fcr F\u00fchrungskr\u00e4fte von KMU auf.","publisher":{"@id":"https:\/\/www.organisator.ch\/#organization"},"potentialAction":[{"@type":"SearchAction","target":{"@type":"EntryPoint","urlTemplate":"https:\/\/www.organisator.ch\/?s={search_term_string}"},"query-input":{"@type":"PropertyValueSpecification","valueRequired":true,"valueName":"search_term_string"}}],"inLanguage":"de"},{"@type":"Organization","@id":"https:\/\/www.organisator.ch\/#organization","name":"Organisator","url":"https:\/\/www.organisator.ch\/","logo":{"@type":"ImageObject","inLanguage":"de","@id":"https:\/\/www.organisator.ch\/#\/schema\/logo\/image\/","url":"https:\/\/www.organisator.ch\/wp-content\/uploads\/2022\/01\/Logo_Organisator_Website.png","contentUrl":"https:\/\/www.organisator.ch\/wp-content\/uploads\/2022\/01\/Logo_Organisator_Website.png","width":800,"height":77,"caption":"Organisator"},"image":{"@id":"https:\/\/www.organisator.ch\/#\/schema\/logo\/image\/"},"sameAs":["https:\/\/www.facebook.com\/OrganisatorFachmagazin","https:\/\/www.linkedin.com\/showcase\/organisator-das-magazin-fr-kmu","https:\/\/www.xing.com\/news\/pages\/organisator-ch-695","https:\/\/www.youtube.com\/channel\/UCGP2Sq0iWaZwT3BdIAQFYpw"]},{"@type":"Person","@id":"https:\/\/www.organisator.ch\/#\/schema\/person\/6f650f90b2842cd4c0cc334b4e36f67e","name":"thomas.berner","image":{"@type":"ImageObject","inLanguage":"de","@id":"https:\/\/secure.gravatar.com\/avatar\/ac5001d2a36cb6c6cd3e50789007ffca834b477b74a2144564522e944eabff61?s=96&d=mm&r=g","url":"https:\/\/secure.gravatar.com\/avatar\/ac5001d2a36cb6c6cd3e50789007ffca834b477b74a2144564522e944eabff61?s=96&d=mm&r=g","contentUrl":"https:\/\/secure.gravatar.com\/avatar\/ac5001d2a36cb6c6cd3e50789007ffca834b477b74a2144564522e944eabff61?s=96&d=mm&r=g","caption":"thomas.berner"},"url":"https:\/\/www.organisator.ch\/de\/author\/thomas-berner\/"}]}},"_links":{"self":[{"href":"https:\/\/www.organisator.ch\/de\/wp-json\/wp\/v2\/posts\/3085","targetHints":{"allow":["GET"]}}],"collection":[{"href":"https:\/\/www.organisator.ch\/de\/wp-json\/wp\/v2\/posts"}],"about":[{"href":"https:\/\/www.organisator.ch\/de\/wp-json\/wp\/v2\/types\/post"}],"author":[{"embeddable":true,"href":"https:\/\/www.organisator.ch\/de\/wp-json\/wp\/v2\/users\/4"}],"replies":[{"embeddable":true,"href":"https:\/\/www.organisator.ch\/de\/wp-json\/wp\/v2\/comments?post=3085"}],"version-history":[{"count":0,"href":"https:\/\/www.organisator.ch\/de\/wp-json\/wp\/v2\/posts\/3085\/revisions"}],"wp:featuredmedia":[{"embeddable":true,"href":"https:\/\/www.organisator.ch\/de\/wp-json\/wp\/v2\/media\/3088"}],"wp:attachment":[{"href":"https:\/\/www.organisator.ch\/de\/wp-json\/wp\/v2\/media?parent=3085"}],"wp:term":[{"taxonomy":"category","embeddable":true,"href":"https:\/\/www.organisator.ch\/de\/wp-json\/wp\/v2\/categories?post=3085"},{"taxonomy":"post_tag","embeddable":true,"href":"https:\/\/www.organisator.ch\/de\/wp-json\/wp\/v2\/tags?post=3085"}],"curies":[{"name":"wp","href":"https:\/\/api.w.org\/{rel}","templated":true}]}}