{"id":30888,"date":"2024-10-17T14:08:43","date_gmt":"2024-10-17T12:08:43","guid":{"rendered":"https:\/\/www.organisator.ch\/?p=30888"},"modified":"2024-10-17T10:09:41","modified_gmt":"2024-10-17T08:09:41","slug":"durch-ki-gewinnen-schweizer-mitarbeitende-rund-eine-stunde-am-tag","status":"publish","type":"post","link":"https:\/\/www.organisator.ch\/de\/management\/2024-10-17\/durch-ki-gewinnen-schweizer-mitarbeitende-rund-eine-stunde-am-tag\/","title":{"rendered":"Durch KI gewinnen Schweizer Mitarbeitende rund eine Stunde am Tag"},"content":{"rendered":"<figure id=\"attachment_30891\" aria-describedby=\"caption-attachment-30891\" style=\"width: 680px\" class=\"wp-caption alignnone\"><img loading=\"lazy\" decoding=\"async\" class=\"size-full wp-image-30891\" src=\"https:\/\/www.organisator.ch\/wp-content\/uploads\/2024\/10\/Adecco_Bild1_ps.jpg\" alt=\"\" width=\"680\" height=\"477\" srcset=\"https:\/\/www.organisator.ch\/wp-content\/uploads\/2024\/10\/Adecco_Bild1_ps.jpg 680w, https:\/\/www.organisator.ch\/wp-content\/uploads\/2024\/10\/Adecco_Bild1_ps-18x12.jpg 18w, https:\/\/www.organisator.ch\/wp-content\/uploads\/2024\/10\/Adecco_Bild1_ps-375x263.jpg 375w, https:\/\/www.organisator.ch\/wp-content\/uploads\/2024\/10\/Adecco_Bild1_ps-499x350.jpg 499w\" sizes=\"auto, (max-width: 680px) 100vw, 680px\" \/><figcaption id=\"caption-attachment-30891\" class=\"wp-caption-text\">17 Prozent aller Schweizer Arbeitnehmenden, die AI nutzen, sparen dank k\u00fcnstlicher Intelligenz bis zu zwei Stunden am Tag. (Bild: www.depositphotos.com)<\/figcaption><\/figure>\n<p>Die Nutzung von k\u00fcnstlicher Intelligenz (KI) spart Arbeitnehmenden in der Schweiz durchschnittlich 51 Minuten pro Tag, sodass mehr Zeit f\u00fcr kreative Aufgaben, strategisches Denken oder eine bessere Vereinbarkeit von Beruf und Privatleben bleibt. \u00dcber alle befragten L\u00e4nder hinweg liegt die Zeitersparnis mit einer Stunde pro Tag sogar noch h\u00f6her. Dies geht aus einer grossen Umfrage am Arbeitsplatz hervor.<\/p>\n<p>Die j\u00e4hrliche Global Workforce of the Future-Umfrage der Adecco Gruppe wurde unter 35\u2019000 Arbeitnehmenden in 27 f\u00fchrenden Volkswirtschaften durchgef\u00fchrt, darunter 1005 Teilnehmenden aus der Schweiz.<\/p>\n<p>17 Prozent aller Schweizer Arbeitnehmenden, die AI nutzen, sparen dank k\u00fcnstlicher Intelligenz bis zu zwei Stunden am Tag. Im globalen Schnitt sind es 20 Prozent. Zudem sagen hierzulande 2 Prozent, dass sie durch KI t\u00e4glich gar zwischen 3 und 4 Stunden einsparen (global: 5 Prozent).<\/p>\n<p>Die Zeitersparnisse scheinen sich \u00fcber alle Branchen hinweg zu best\u00e4tigen. Auf globaler Ebene gaben Arbeitnehmende in den Bereichen Energie, Versorgungsunternehmen und Umwelttechnologien die h\u00f6chste Zeitersparnis mit 75 Minuten pro Tag an, w\u00e4hrend der niedrigste Wert \u2013 im Bereich Luft- und Raumfahrt sowie Verteidigung \u2013 bei 52 Minuten pro Tag lag. Arbeitnehmende im Technologiesektor sparten durchschnittlich 66 Minuten pro Tag, in der Finanzbranche 57 Minuten und im verarbeitenden Gewerbe 62 Minuten pro Tag.<\/p>\n<p>Denis Machuel, CEO der Adecco Group, sagt: \u201eViel ist dar\u00fcber spekuliert worden, wie KI die Arbeitswelt ver\u00e4ndern wird. Umso spannender ist es, jetzt die ersten m\u00f6glichen Anzeichen f\u00fcr Effizienzgewinne zu sehen. Die eingesparte Zeit der Arbeitnehmerinnen und Arbeitnehmer wird offensichtlich sinnvoll genutzt und ist zudem weder auf eine noch auf zwei Branchen beschr\u00e4nkt, sondern scheint sich branchen\u00fcbergreifend auszuwirken. Es ist noch zu fr\u00fch, aber die KI scheint zu halten, was sie verspricht.\u201c<\/p>\n<p>Die Umfrage deutet darauf hin, dass die eingesparte Zeit f\u00fcr eine h\u00f6here Wertsch\u00f6pfung genutzt wird. In der Schweiz geben 31 Prozent aller Befragten (global: 28 Prozent) an, dass sie die zus\u00e4tzliche Zeit f\u00fcr kreativere Arbeit nutzen, 27 Prozent (26 Prozent) sagen, dass sie dank KI mehr Zeit f\u00fcr strategisches Denken aufwenden k\u00f6nnen, w\u00e4hrend 28 Prozent (27 Prozent) sagen, dass KI ihnen geholfen hat, eine bessere Work-Life-Balance zu erreichen. Es gibt jedoch Anzeichen daf\u00fcr, dass die dank KI eingesparte Zeit nicht immer produktiv genutzt wird. 23 Prozent der Befragten \u2013 sowohl in der Schweiz wie global \u2013 gaben an, dass sie das gleiche Arbeitspensum bew\u00e4ltigen, und 23 Prozent der Befragten hierzulande gaben an, dass sie mehr Zeit f\u00fcr pers\u00f6nliche Aktivit\u00e4ten aufwenden (global: 21 Prozent).<\/p>\n<h3><strong>Arbeitswelt im Umbruch: KI erfordert gezielte innerbetriebliche Mobilit\u00e4t und Weiterbildung<\/strong><\/h3>\n<p>Neben der Messung der Auswirkungen von KI liefert die Studie weitere Erkenntnisse dar\u00fcber, wie sich die Arbeitswelt ver\u00e4ndert.<\/p>\n<h3><strong>Besch\u00e4ftigungsf\u00e4higkeit f\u00f6rdern <\/strong><\/h3>\n<p>Arbeitnehmende machen sich zunehmend Sorgen \u00fcber eine ungewisse Zukunft, wobei f\u00fcr sie wirtschaftliche Rahmenbedingungen und Arbeitsplatzsicherheit oberste Priorit\u00e4t haben. Zwar entscheiden sich immer mehr Arbeitnehmende daf\u00fcr, bei ihrem derzeitigen Arbeitgeber zu bleiben, doch die Auswirkungen der KI auf die Arbeitsplatzstabilit\u00e4t wurden im vergangenen Jahr weitgehend untersch\u00e4tzt: In der Schweiz geben 20 Prozent der Arbeitnehmenden an, ihren Arbeitsplatz aufgrund von KI verloren zu haben. \u00dcber alle L\u00e4nder hinweg ist diese Zahl mit 13 Prozent etwas tiefer.<\/p>\n<p>Marcel Keller, Country President der Adecco Group Schweiz, sagt: \u201eDie rasche Integration von KI in die Schweizer Arbeitswelt unterstreicht, wie wichtig kontinuierliche Weiterbildung und Anpassungsf\u00e4higkeit sind. Unternehmen m\u00fcssen diese Aspekte priorisieren, um wettbewerbsf\u00e4hig zu bleiben.\u201c<\/p>\n<p>In der Schweiz \u00e4ussern 32 Prozent aller Befragten Bedenken hinsichtlich der langfristigen Arbeitsplatzsicherheit (global: 40 Prozent). Dabei geben schweizweit 81 Prozent an, dass sie planen, bei ihrem derzeitigen Arbeitgeber zu bleiben. Global sind es 83 Prozent \u2013 der h\u00f6chste Wert seit drei Jahren.<\/p>\n<p>Doch der Blick auf die disruptiven Auswirkungen von KI wird ausgewogener, wenn andere Aspekte betrachtet werden. So stimmen 66 Prozent (Schweiz) bzw. 51 Prozent (global) der Arbeitnehmenden der Aussage zu, dass KI-F\u00e4higkeiten ihre beruflichen Chancen erweitern, und 65 Prozent (bzw. 46 Prozent) sind der Meinung, dass KI ihnen mehr M\u00f6glichkeiten bietet, neue F\u00e4higkeiten zu erlernen und beruflich voranzukommen.<\/p>\n<h3><strong>F\u00e4higkeiten allein reichen nicht: Anpassungsf\u00e4higkeit als Schl\u00fcssel zum Erfolg<\/strong><\/h3>\n<p>Eine ausgew\u00e4hlte Gruppe leistungsstarker Mitarbeitender \u00fcbertrifft ihre Arbeitskolleg:innen, was vor allem auf die starke Unterst\u00fctzung durch ihre Arbeitgeber zur\u00fcckzuf\u00fchren ist. Um diesen Teil der Belegschaft zu vergr\u00f6ssern und zuk\u00fcnftige F\u00fchrungskr\u00e4fte zu entwickeln, m\u00fcssen Unternehmen der kontinuierlichen Verbesserung von F\u00e4higkeiten Priorit\u00e4t einr\u00e4umen. Derzeit sind in der Schweiz nur 4 Prozent der Arbeitnehmenden zukunftsorientiert, das heisst Personen, die sich durch ihre Anpassungsf\u00e4higkeit, ihre Bereitschaft, Karrierepl\u00e4ne flexibel zu gestalten, und ihren proaktiven Ansatz beim Erwerb neuer F\u00e4higkeiten auszeichnen. Im globalen Schnitt ist diese Zahl mit 11 Prozent leicht h\u00f6her. In der globalen Gruppe der zukunftsorientierten Arbeitnehmenden ergab die Umfrage, dass global 93 Prozent einen individuellen Personalentwicklungsplan erhalten, verglichen mit 51 Prozent der Gesamtbelegschaft. Dar\u00fcber hinaus nehmen im globalen Schnitt 95 Prozent dieser zukunftsorientierten Mitarbeitenden an F\u00fchrungstrainings teil, die von ihren Unternehmen angeboten werden, verglichen mit nur 57 Prozent der Gesamtbelegschaft.<\/p>\n<h3><strong>Interne Mobilit\u00e4t f\u00f6rdern <\/strong><\/h3>\n<p>Arbeitnehmende k\u00f6nnten das Vertrauen in das Engagement ihres Arbeitgebers verlieren, zumal der Wunsch nach gr\u00f6sserer interner Mobilit\u00e4t w\u00e4chst, w\u00e4hrend sich immer weniger Mitarbeitende entscheiden, zu bleiben und sich weiterzubilden.<\/p>\n<p>Global sind 76 Prozent der Arbeitnehmerinnen und Arbeitnehmer der Ansicht, dass die Unternehmen zun\u00e4chst die vorhandenen Mitarbeiterinnen und Mitarbeiter f\u00fcr verschiedene Funktionen innerhalb des Unternehmens weiterbilden sollten, bevor sie externe Mitarbeiterinnen und Mitarbeiter einstellen &#8211; ein Anstieg um 12 Prozentpunkte seit 2023. In der Schweiz ist der Anteil mit 74 Prozent \u00e4hnlich hoch. Allerdings planen global nur 9 Prozent der Befragten, in ihrem Unternehmen zu bleiben, um sich weiterzubilden &#8211; ein R\u00fcckgang um 7 Prozentpunkte gegen\u00fcber dem Vorjahr.<\/p>\n<h3><strong>Psychische Gesundheit bleibt in einer sich schnell ver\u00e4ndernden Welt von entscheidender Bedeutung<\/strong><\/h3>\n<p>Die Sorge um die psychische Gesundheit der Mitarbeitenden sollte oberste Priorit\u00e4t haben. Unternehmen m\u00fcssen Bedenken ber\u00fccksichtigen, dass KI bestimmte Gruppen von Arbeitnehmenden bevorzugen k\u00f6nnte, indem sie ihr Engagement f\u00fcr Inklusion und nachhaltige Arbeitspraktiken unter Beweis stellen. In den letzten 12 Monaten haben in der Schweiz 34 Prozent (global: 40 Prozent) der Arbeitnehmenden aufgrund zu hoher Arbeitsbelastung ein Burnout versp\u00fcrt. Auf globaler Ebene versp\u00fcrt gar jede vierte Person (40 Prozent) ein Burnout aufgrund zu hoher Arbeitsbelastung.<\/p>\n<p>Eine Zahl, die bei denjenigen, die sich Sorgen \u00fcber die Auswirkungen von KI machen und von ihr negativ betroffen sind, im weltweiten Schnitt auf 62 Prozent steigt. In der Schweiz ist die Mehrheit der Befragten zuversichtlich, dass das Management ihres Unternehmens \u00fcber ausreichende KI-Kenntnisse verf\u00fcgt, um die Risiken und Chancen zu verstehen: 58 Prozent sind dieser Meinung. Im globalen Schnitt hingegen ist das Vertrauen in die KI-Kompetenzen und das Wissen der eigenen F\u00fchrungskr\u00e4fte mit 46 Prozent deutlich tiefer.<\/p>\n<p>\u00dcber drei Viertel sch\u00e4tzen die menschliche Expertise eines Recruiters (76 Prozent sowohl auf Schweizer wie auf globaler Ebene), der in ihnen Potenzial sieht, das \u00fcber ihre F\u00e4higkeiten und Erfahrungen hinausgeht. Im Vorjahr beantworteten \u00fcber alle L\u00e4nder hinweg erst 64 Prozent diese Frage mit Ja.<\/p>\n<p><em>Quelle: <a href=\"http:\/\/www.adeccogroup.com\">www.adeccogroup.com<\/a><\/em><\/p>\n","protected":false},"excerpt":{"rendered":"<p>Die Umfrage \u201cGlobal Workforce of the Future&#8220; der Adecco Gruppe zeigt erste Anzeichen f\u00fcr Effizienzsteigerungen durch KI. In der Schweiz geben drei Viertel der Nutzer an, produktiver zu sein. Zudem machen sich die Befragten hierzulande weniger Sorge um die Arbeitsplatzsicherheit als in anderen L\u00e4ndern.<\/p>\n","protected":false},"author":58,"featured_media":30891,"comment_status":"closed","ping_status":"closed","sticky":false,"template":"","format":"standard","meta":{"_acf_changed":false,"_yoast_wpseo_focuskw":"KI","_yoast_wpseo_metadesc":"Die Umfrage \u201cGlobal Workforce of the Future\" der Adecco Gruppe zeigt erste Anzeichen f\u00fcr Effizienzsteigerungen durch KI.","articlekey":"","footnotes":""},"categories":[28],"tags":[4049,298,334,487,492],"class_list":["post-30888","post","type-post","status-publish","format-standard","has-post-thumbnail","hentry","category-management","tag-arbeitswelt","tag-ki","tag-management","tag-umfrage","tag-unternehmen"],"acf":[],"yoast_head":"<!-- This site is optimized with the Yoast SEO plugin v27.5 - https:\/\/yoast.com\/product\/yoast-seo-wordpress\/ -->\n<title>Durch KI gewinnen Schweizer Mitarbeitende rund eine Stunde am Tag - Organisator<\/title>\n<meta name=\"description\" content=\"Die Umfrage \u201cGlobal Workforce of the Future&quot; der Adecco Gruppe zeigt erste Anzeichen f\u00fcr Effizienzsteigerungen durch KI.\" \/>\n<meta name=\"robots\" content=\"index, follow, max-snippet:-1, max-image-preview:large, max-video-preview:-1\" \/>\n<link rel=\"canonical\" href=\"https:\/\/www.organisator.ch\/de\/management\/2024-10-17\/durch-ki-gewinnen-schweizer-mitarbeitende-rund-eine-stunde-am-tag\/\" \/>\n<meta property=\"og:locale\" content=\"de_DE\" \/>\n<meta property=\"og:type\" content=\"article\" \/>\n<meta property=\"og:title\" content=\"Durch KI gewinnen Schweizer Mitarbeitende rund eine Stunde am Tag\" \/>\n<meta property=\"og:description\" content=\"Die Umfrage \u201cGlobal Workforce of the Future&quot; der Adecco Gruppe zeigt erste Anzeichen f\u00fcr Effizienzsteigerungen durch KI.\" \/>\n<meta property=\"og:url\" content=\"https:\/\/www.organisator.ch\/de\/management\/2024-10-17\/durch-ki-gewinnen-schweizer-mitarbeitende-rund-eine-stunde-am-tag\/\" \/>\n<meta property=\"og:site_name\" content=\"Organisator\" \/>\n<meta property=\"article:publisher\" content=\"https:\/\/www.facebook.com\/OrganisatorFachmagazin\" \/>\n<meta property=\"article:published_time\" content=\"2024-10-17T12:08:43+00:00\" \/>\n<meta property=\"og:image\" content=\"https:\/\/www.organisator.ch\/wp-content\/uploads\/2024\/10\/Adecco_Bild1_ps.jpg\" \/>\n\t<meta property=\"og:image:width\" content=\"680\" \/>\n\t<meta property=\"og:image:height\" content=\"477\" \/>\n\t<meta property=\"og:image:type\" content=\"image\/jpeg\" \/>\n<meta name=\"author\" content=\"Adelisa Kalajdzini\" \/>\n<meta name=\"twitter:card\" content=\"summary_large_image\" \/>\n<meta name=\"twitter:title\" content=\"Durch KI gewinnen Schweizer Mitarbeitende rund eine Stunde am Tag\" \/>\n<meta name=\"twitter:description\" content=\"Die #Umfrage #\u201cGlobal Workforce of the Future&quot; der #Adecco #Gruppe zeigt erste Anzeichen f\u00fcr #Effizienzsteigerungen durch #KI.\" \/>\n<meta name=\"twitter:image\" content=\"https:\/\/www.organisator.ch\/wp-content\/uploads\/2024\/10\/Adecco_Bild1_ps.jpg\" \/>\n<script type=\"application\/ld+json\" class=\"yoast-schema-graph\">{\"@context\":\"https:\\\/\\\/schema.org\",\"@graph\":[{\"@type\":\"Article\",\"@id\":\"https:\\\/\\\/www.organisator.ch\\\/management\\\/2024-10-17\\\/durch-ki-gewinnen-schweizer-mitarbeitende-rund-eine-stunde-am-tag\\\/#article\",\"isPartOf\":{\"@id\":\"https:\\\/\\\/www.organisator.ch\\\/management\\\/2024-10-17\\\/durch-ki-gewinnen-schweizer-mitarbeitende-rund-eine-stunde-am-tag\\\/\"},\"author\":{\"name\":\"Adelisa Kalajdzini\",\"@id\":\"https:\\\/\\\/www.organisator.ch\\\/#\\\/schema\\\/person\\\/2e1314a2172123f874db408d8911d3f3\"},\"headline\":\"Durch KI gewinnen Schweizer Mitarbeitende rund eine Stunde am Tag\",\"datePublished\":\"2024-10-17T12:08:43+00:00\",\"mainEntityOfPage\":{\"@id\":\"https:\\\/\\\/www.organisator.ch\\\/management\\\/2024-10-17\\\/durch-ki-gewinnen-schweizer-mitarbeitende-rund-eine-stunde-am-tag\\\/\"},\"wordCount\":1182,\"publisher\":{\"@id\":\"https:\\\/\\\/www.organisator.ch\\\/#organization\"},\"image\":{\"@id\":\"https:\\\/\\\/www.organisator.ch\\\/management\\\/2024-10-17\\\/durch-ki-gewinnen-schweizer-mitarbeitende-rund-eine-stunde-am-tag\\\/#primaryimage\"},\"thumbnailUrl\":\"https:\\\/\\\/www.organisator.ch\\\/wp-content\\\/uploads\\\/2024\\\/10\\\/Adecco_Bild1_ps.jpg\",\"keywords\":[\"Arbeitswelt\",\"KI\",\"Management\",\"Umfrage\",\"Unternehmen\"],\"articleSection\":[\"MANAGEMENT\"],\"inLanguage\":\"de\"},{\"@type\":\"WebPage\",\"@id\":\"https:\\\/\\\/www.organisator.ch\\\/management\\\/2024-10-17\\\/durch-ki-gewinnen-schweizer-mitarbeitende-rund-eine-stunde-am-tag\\\/\",\"url\":\"https:\\\/\\\/www.organisator.ch\\\/management\\\/2024-10-17\\\/durch-ki-gewinnen-schweizer-mitarbeitende-rund-eine-stunde-am-tag\\\/\",\"name\":\"Durch KI gewinnen Schweizer Mitarbeitende rund eine Stunde am Tag - Organisator\",\"isPartOf\":{\"@id\":\"https:\\\/\\\/www.organisator.ch\\\/#website\"},\"primaryImageOfPage\":{\"@id\":\"https:\\\/\\\/www.organisator.ch\\\/management\\\/2024-10-17\\\/durch-ki-gewinnen-schweizer-mitarbeitende-rund-eine-stunde-am-tag\\\/#primaryimage\"},\"image\":{\"@id\":\"https:\\\/\\\/www.organisator.ch\\\/management\\\/2024-10-17\\\/durch-ki-gewinnen-schweizer-mitarbeitende-rund-eine-stunde-am-tag\\\/#primaryimage\"},\"thumbnailUrl\":\"https:\\\/\\\/www.organisator.ch\\\/wp-content\\\/uploads\\\/2024\\\/10\\\/Adecco_Bild1_ps.jpg\",\"datePublished\":\"2024-10-17T12:08:43+00:00\",\"description\":\"Die Umfrage \u201cGlobal Workforce of the Future\\\" der Adecco Gruppe zeigt erste Anzeichen f\u00fcr Effizienzsteigerungen durch KI.\",\"breadcrumb\":{\"@id\":\"https:\\\/\\\/www.organisator.ch\\\/management\\\/2024-10-17\\\/durch-ki-gewinnen-schweizer-mitarbeitende-rund-eine-stunde-am-tag\\\/#breadcrumb\"},\"inLanguage\":\"de\",\"potentialAction\":[{\"@type\":\"ReadAction\",\"target\":[\"https:\\\/\\\/www.organisator.ch\\\/management\\\/2024-10-17\\\/durch-ki-gewinnen-schweizer-mitarbeitende-rund-eine-stunde-am-tag\\\/\"]}]},{\"@type\":\"ImageObject\",\"inLanguage\":\"de\",\"@id\":\"https:\\\/\\\/www.organisator.ch\\\/management\\\/2024-10-17\\\/durch-ki-gewinnen-schweizer-mitarbeitende-rund-eine-stunde-am-tag\\\/#primaryimage\",\"url\":\"https:\\\/\\\/www.organisator.ch\\\/wp-content\\\/uploads\\\/2024\\\/10\\\/Adecco_Bild1_ps.jpg\",\"contentUrl\":\"https:\\\/\\\/www.organisator.ch\\\/wp-content\\\/uploads\\\/2024\\\/10\\\/Adecco_Bild1_ps.jpg\",\"width\":680,\"height\":477,\"caption\":\"17 Prozent aller Schweizer Arbeitnehmenden, die AI nutzen, sparen dank k\u00fcnstlicher Intelligenz bis zu zwei Stunden am Tag. (Bild: www.depositphotos.com)\"},{\"@type\":\"BreadcrumbList\",\"@id\":\"https:\\\/\\\/www.organisator.ch\\\/management\\\/2024-10-17\\\/durch-ki-gewinnen-schweizer-mitarbeitende-rund-eine-stunde-am-tag\\\/#breadcrumb\",\"itemListElement\":[{\"@type\":\"ListItem\",\"position\":1,\"name\":\"Home\",\"item\":\"https:\\\/\\\/www.organisator.ch\\\/\"},{\"@type\":\"ListItem\",\"position\":2,\"name\":\"Durch KI gewinnen Schweizer Mitarbeitende rund eine Stunde am Tag\"}]},{\"@type\":\"WebSite\",\"@id\":\"https:\\\/\\\/www.organisator.ch\\\/#website\",\"url\":\"https:\\\/\\\/www.organisator.ch\\\/\",\"name\":\"Organisator\",\"description\":\"Kompetent. Praxisnah. Der ORGANISATOR bereitet in 10 Ausgaben pro Jahr die wesentlichen Themen f\u00fcr F\u00fchrungskr\u00e4fte von KMU auf.\",\"publisher\":{\"@id\":\"https:\\\/\\\/www.organisator.ch\\\/#organization\"},\"potentialAction\":[{\"@type\":\"SearchAction\",\"target\":{\"@type\":\"EntryPoint\",\"urlTemplate\":\"https:\\\/\\\/www.organisator.ch\\\/?s={search_term_string}\"},\"query-input\":{\"@type\":\"PropertyValueSpecification\",\"valueRequired\":true,\"valueName\":\"search_term_string\"}}],\"inLanguage\":\"de\"},{\"@type\":\"Organization\",\"@id\":\"https:\\\/\\\/www.organisator.ch\\\/#organization\",\"name\":\"Organisator\",\"url\":\"https:\\\/\\\/www.organisator.ch\\\/\",\"logo\":{\"@type\":\"ImageObject\",\"inLanguage\":\"de\",\"@id\":\"https:\\\/\\\/www.organisator.ch\\\/#\\\/schema\\\/logo\\\/image\\\/\",\"url\":\"https:\\\/\\\/www.organisator.ch\\\/wp-content\\\/uploads\\\/2022\\\/01\\\/Logo_Organisator_Website.png\",\"contentUrl\":\"https:\\\/\\\/www.organisator.ch\\\/wp-content\\\/uploads\\\/2022\\\/01\\\/Logo_Organisator_Website.png\",\"width\":800,\"height\":77,\"caption\":\"Organisator\"},\"image\":{\"@id\":\"https:\\\/\\\/www.organisator.ch\\\/#\\\/schema\\\/logo\\\/image\\\/\"},\"sameAs\":[\"https:\\\/\\\/www.facebook.com\\\/OrganisatorFachmagazin\",\"https:\\\/\\\/www.linkedin.com\\\/showcase\\\/organisator-das-magazin-fr-kmu\",\"https:\\\/\\\/www.xing.com\\\/news\\\/pages\\\/organisator-ch-695\",\"https:\\\/\\\/www.youtube.com\\\/channel\\\/UCGP2Sq0iWaZwT3BdIAQFYpw\"]},{\"@type\":\"Person\",\"@id\":\"https:\\\/\\\/www.organisator.ch\\\/#\\\/schema\\\/person\\\/2e1314a2172123f874db408d8911d3f3\",\"name\":\"Adelisa Kalajdzini\",\"image\":{\"@type\":\"ImageObject\",\"inLanguage\":\"de\",\"@id\":\"https:\\\/\\\/secure.gravatar.com\\\/avatar\\\/09a397c22ac58cad6f160ee8306348599df9df58a8ede73696226897b9fa4b24?s=96&d=mm&r=g\",\"url\":\"https:\\\/\\\/secure.gravatar.com\\\/avatar\\\/09a397c22ac58cad6f160ee8306348599df9df58a8ede73696226897b9fa4b24?s=96&d=mm&r=g\",\"contentUrl\":\"https:\\\/\\\/secure.gravatar.com\\\/avatar\\\/09a397c22ac58cad6f160ee8306348599df9df58a8ede73696226897b9fa4b24?s=96&d=mm&r=g\",\"caption\":\"Adelisa Kalajdzini\"},\"url\":\"https:\\\/\\\/www.organisator.ch\\\/de\\\/author\\\/adelisa-kalajdzini\\\/\"}]}<\/script>\n<!-- \/ Yoast SEO plugin. -->","yoast_head_json":{"title":"Durch KI gewinnen Schweizer Mitarbeitende rund eine Stunde am Tag - Organisator","description":"Die Umfrage \u201cGlobal Workforce of the Future\" der Adecco Gruppe zeigt erste Anzeichen f\u00fcr Effizienzsteigerungen durch KI.","robots":{"index":"index","follow":"follow","max-snippet":"max-snippet:-1","max-image-preview":"max-image-preview:large","max-video-preview":"max-video-preview:-1"},"canonical":"https:\/\/www.organisator.ch\/de\/management\/2024-10-17\/durch-ki-gewinnen-schweizer-mitarbeitende-rund-eine-stunde-am-tag\/","og_locale":"de_DE","og_type":"article","og_title":"Durch KI gewinnen Schweizer Mitarbeitende rund eine Stunde am Tag","og_description":"Die Umfrage \u201cGlobal Workforce of the Future\" der Adecco Gruppe zeigt erste Anzeichen f\u00fcr Effizienzsteigerungen durch KI.","og_url":"https:\/\/www.organisator.ch\/de\/management\/2024-10-17\/durch-ki-gewinnen-schweizer-mitarbeitende-rund-eine-stunde-am-tag\/","og_site_name":"Organisator","article_publisher":"https:\/\/www.facebook.com\/OrganisatorFachmagazin","article_published_time":"2024-10-17T12:08:43+00:00","og_image":[{"width":680,"height":477,"url":"https:\/\/www.organisator.ch\/wp-content\/uploads\/2024\/10\/Adecco_Bild1_ps.jpg","type":"image\/jpeg"}],"author":"Adelisa Kalajdzini","twitter_card":"summary_large_image","twitter_title":"Durch KI gewinnen Schweizer Mitarbeitende rund eine Stunde am Tag","twitter_description":"Die #Umfrage #\u201cGlobal Workforce of the Future\" der #Adecco #Gruppe zeigt erste Anzeichen f\u00fcr #Effizienzsteigerungen durch #KI.","twitter_image":"https:\/\/www.organisator.ch\/wp-content\/uploads\/2024\/10\/Adecco_Bild1_ps.jpg","schema":{"@context":"https:\/\/schema.org","@graph":[{"@type":"Article","@id":"https:\/\/www.organisator.ch\/management\/2024-10-17\/durch-ki-gewinnen-schweizer-mitarbeitende-rund-eine-stunde-am-tag\/#article","isPartOf":{"@id":"https:\/\/www.organisator.ch\/management\/2024-10-17\/durch-ki-gewinnen-schweizer-mitarbeitende-rund-eine-stunde-am-tag\/"},"author":{"name":"Adelisa Kalajdzini","@id":"https:\/\/www.organisator.ch\/#\/schema\/person\/2e1314a2172123f874db408d8911d3f3"},"headline":"Durch KI gewinnen Schweizer Mitarbeitende rund eine Stunde am Tag","datePublished":"2024-10-17T12:08:43+00:00","mainEntityOfPage":{"@id":"https:\/\/www.organisator.ch\/management\/2024-10-17\/durch-ki-gewinnen-schweizer-mitarbeitende-rund-eine-stunde-am-tag\/"},"wordCount":1182,"publisher":{"@id":"https:\/\/www.organisator.ch\/#organization"},"image":{"@id":"https:\/\/www.organisator.ch\/management\/2024-10-17\/durch-ki-gewinnen-schweizer-mitarbeitende-rund-eine-stunde-am-tag\/#primaryimage"},"thumbnailUrl":"https:\/\/www.organisator.ch\/wp-content\/uploads\/2024\/10\/Adecco_Bild1_ps.jpg","keywords":["Arbeitswelt","KI","Management","Umfrage","Unternehmen"],"articleSection":["MANAGEMENT"],"inLanguage":"de"},{"@type":"WebPage","@id":"https:\/\/www.organisator.ch\/management\/2024-10-17\/durch-ki-gewinnen-schweizer-mitarbeitende-rund-eine-stunde-am-tag\/","url":"https:\/\/www.organisator.ch\/management\/2024-10-17\/durch-ki-gewinnen-schweizer-mitarbeitende-rund-eine-stunde-am-tag\/","name":"Durch KI gewinnen Schweizer Mitarbeitende rund eine Stunde am Tag - Organisator","isPartOf":{"@id":"https:\/\/www.organisator.ch\/#website"},"primaryImageOfPage":{"@id":"https:\/\/www.organisator.ch\/management\/2024-10-17\/durch-ki-gewinnen-schweizer-mitarbeitende-rund-eine-stunde-am-tag\/#primaryimage"},"image":{"@id":"https:\/\/www.organisator.ch\/management\/2024-10-17\/durch-ki-gewinnen-schweizer-mitarbeitende-rund-eine-stunde-am-tag\/#primaryimage"},"thumbnailUrl":"https:\/\/www.organisator.ch\/wp-content\/uploads\/2024\/10\/Adecco_Bild1_ps.jpg","datePublished":"2024-10-17T12:08:43+00:00","description":"Die Umfrage \u201cGlobal Workforce of the Future\" der Adecco Gruppe zeigt erste Anzeichen f\u00fcr Effizienzsteigerungen durch KI.","breadcrumb":{"@id":"https:\/\/www.organisator.ch\/management\/2024-10-17\/durch-ki-gewinnen-schweizer-mitarbeitende-rund-eine-stunde-am-tag\/#breadcrumb"},"inLanguage":"de","potentialAction":[{"@type":"ReadAction","target":["https:\/\/www.organisator.ch\/management\/2024-10-17\/durch-ki-gewinnen-schweizer-mitarbeitende-rund-eine-stunde-am-tag\/"]}]},{"@type":"ImageObject","inLanguage":"de","@id":"https:\/\/www.organisator.ch\/management\/2024-10-17\/durch-ki-gewinnen-schweizer-mitarbeitende-rund-eine-stunde-am-tag\/#primaryimage","url":"https:\/\/www.organisator.ch\/wp-content\/uploads\/2024\/10\/Adecco_Bild1_ps.jpg","contentUrl":"https:\/\/www.organisator.ch\/wp-content\/uploads\/2024\/10\/Adecco_Bild1_ps.jpg","width":680,"height":477,"caption":"17 Prozent aller Schweizer Arbeitnehmenden, die AI nutzen, sparen dank k\u00fcnstlicher Intelligenz bis zu zwei Stunden am Tag. (Bild: www.depositphotos.com)"},{"@type":"BreadcrumbList","@id":"https:\/\/www.organisator.ch\/management\/2024-10-17\/durch-ki-gewinnen-schweizer-mitarbeitende-rund-eine-stunde-am-tag\/#breadcrumb","itemListElement":[{"@type":"ListItem","position":1,"name":"Home","item":"https:\/\/www.organisator.ch\/"},{"@type":"ListItem","position":2,"name":"Durch KI gewinnen Schweizer Mitarbeitende rund eine Stunde am Tag"}]},{"@type":"WebSite","@id":"https:\/\/www.organisator.ch\/#website","url":"https:\/\/www.organisator.ch\/","name":"Organisator","description":"Kompetent. Praxisnah. Der ORGANISATOR bereitet in 10 Ausgaben pro Jahr die wesentlichen Themen f\u00fcr F\u00fchrungskr\u00e4fte von KMU auf.","publisher":{"@id":"https:\/\/www.organisator.ch\/#organization"},"potentialAction":[{"@type":"SearchAction","target":{"@type":"EntryPoint","urlTemplate":"https:\/\/www.organisator.ch\/?s={search_term_string}"},"query-input":{"@type":"PropertyValueSpecification","valueRequired":true,"valueName":"search_term_string"}}],"inLanguage":"de"},{"@type":"Organization","@id":"https:\/\/www.organisator.ch\/#organization","name":"Organisator","url":"https:\/\/www.organisator.ch\/","logo":{"@type":"ImageObject","inLanguage":"de","@id":"https:\/\/www.organisator.ch\/#\/schema\/logo\/image\/","url":"https:\/\/www.organisator.ch\/wp-content\/uploads\/2022\/01\/Logo_Organisator_Website.png","contentUrl":"https:\/\/www.organisator.ch\/wp-content\/uploads\/2022\/01\/Logo_Organisator_Website.png","width":800,"height":77,"caption":"Organisator"},"image":{"@id":"https:\/\/www.organisator.ch\/#\/schema\/logo\/image\/"},"sameAs":["https:\/\/www.facebook.com\/OrganisatorFachmagazin","https:\/\/www.linkedin.com\/showcase\/organisator-das-magazin-fr-kmu","https:\/\/www.xing.com\/news\/pages\/organisator-ch-695","https:\/\/www.youtube.com\/channel\/UCGP2Sq0iWaZwT3BdIAQFYpw"]},{"@type":"Person","@id":"https:\/\/www.organisator.ch\/#\/schema\/person\/2e1314a2172123f874db408d8911d3f3","name":"Adelisa Kalajdzini","image":{"@type":"ImageObject","inLanguage":"de","@id":"https:\/\/secure.gravatar.com\/avatar\/09a397c22ac58cad6f160ee8306348599df9df58a8ede73696226897b9fa4b24?s=96&d=mm&r=g","url":"https:\/\/secure.gravatar.com\/avatar\/09a397c22ac58cad6f160ee8306348599df9df58a8ede73696226897b9fa4b24?s=96&d=mm&r=g","contentUrl":"https:\/\/secure.gravatar.com\/avatar\/09a397c22ac58cad6f160ee8306348599df9df58a8ede73696226897b9fa4b24?s=96&d=mm&r=g","caption":"Adelisa Kalajdzini"},"url":"https:\/\/www.organisator.ch\/de\/author\/adelisa-kalajdzini\/"}]}},"_links":{"self":[{"href":"https:\/\/www.organisator.ch\/de\/wp-json\/wp\/v2\/posts\/30888","targetHints":{"allow":["GET"]}}],"collection":[{"href":"https:\/\/www.organisator.ch\/de\/wp-json\/wp\/v2\/posts"}],"about":[{"href":"https:\/\/www.organisator.ch\/de\/wp-json\/wp\/v2\/types\/post"}],"author":[{"embeddable":true,"href":"https:\/\/www.organisator.ch\/de\/wp-json\/wp\/v2\/users\/58"}],"replies":[{"embeddable":true,"href":"https:\/\/www.organisator.ch\/de\/wp-json\/wp\/v2\/comments?post=30888"}],"version-history":[{"count":7,"href":"https:\/\/www.organisator.ch\/de\/wp-json\/wp\/v2\/posts\/30888\/revisions"}],"predecessor-version":[{"id":31015,"href":"https:\/\/www.organisator.ch\/de\/wp-json\/wp\/v2\/posts\/30888\/revisions\/31015"}],"wp:featuredmedia":[{"embeddable":true,"href":"https:\/\/www.organisator.ch\/de\/wp-json\/wp\/v2\/media\/30891"}],"wp:attachment":[{"href":"https:\/\/www.organisator.ch\/de\/wp-json\/wp\/v2\/media?parent=30888"}],"wp:term":[{"taxonomy":"category","embeddable":true,"href":"https:\/\/www.organisator.ch\/de\/wp-json\/wp\/v2\/categories?post=30888"},{"taxonomy":"post_tag","embeddable":true,"href":"https:\/\/www.organisator.ch\/de\/wp-json\/wp\/v2\/tags?post=30888"}],"curies":[{"name":"wp","href":"https:\/\/api.w.org\/{rel}","templated":true}]}}