{"id":31023,"date":"2024-10-24T09:37:22","date_gmt":"2024-10-24T07:37:22","guid":{"rendered":"https:\/\/www.organisator.ch\/?p=31023"},"modified":"2024-10-23T10:58:10","modified_gmt":"2024-10-23T08:58:10","slug":"die-macht-des-reverse-mentoring-im-digitalen-zeitalter","status":"publish","type":"post","link":"https:\/\/www.organisator.ch\/de\/human-resources\/2024-10-24\/die-macht-des-reverse-mentoring-im-digitalen-zeitalter\/","title":{"rendered":"Die Macht des Reverse Mentoring im digitalen Zeitalter"},"content":{"rendered":"<figure id=\"attachment_31025\" aria-describedby=\"caption-attachment-31025\" style=\"width: 680px\" class=\"wp-caption alignnone\"><img loading=\"lazy\" decoding=\"async\" class=\"size-full wp-image-31025\" src=\"https:\/\/www.organisator.ch\/wp-content\/uploads\/2024\/10\/Robert-Walters_Bild1_ps.jpg\" alt=\"\" width=\"680\" height=\"454\" srcset=\"https:\/\/www.organisator.ch\/wp-content\/uploads\/2024\/10\/Robert-Walters_Bild1_ps.jpg 680w, https:\/\/www.organisator.ch\/wp-content\/uploads\/2024\/10\/Robert-Walters_Bild1_ps-18x12.jpg 18w, https:\/\/www.organisator.ch\/wp-content\/uploads\/2024\/10\/Robert-Walters_Bild1_ps-375x250.jpg 375w, https:\/\/www.organisator.ch\/wp-content\/uploads\/2024\/10\/Robert-Walters_Bild1_ps-524x350.jpg 524w\" sizes=\"auto, (max-width: 680px) 100vw, 680px\" \/><figcaption id=\"caption-attachment-31025\" class=\"wp-caption-text\">Mentoring f\u00f6rdert nicht nur die Zusammenarbeit zwischen den Generationen, sondern auch eine Kultur der Integration und Innovation. (Bild: www.depositphotos.com)<\/figcaption><\/figure>\n<p>Indem sie das Potenzial jeder Generation nutzen, k\u00f6nnen Unternehmen den digitalen Wandel beschleunigen und ein Umfeld schaffen, in dem sich Mitarbeiter aller Altersgruppen entfalten k\u00f6nnen. Jordan Cajot, Business Director Technology &amp; Transformation beim Schweizer Personalvermittlungsspezialisten Robert Walters, erkl\u00e4rt.\u00a0\u00a0\u00a0<\/p>\n<h3><strong>Umgekehrtes Mentoring: Junge Menschen lernen, \u00e4ltere Menschen f\u00fchren\u00a0\u00a0\u00a0<\/strong><\/h3>\n<p>Der Wissensaustausch zwischen den Generationen ist f\u00fcr die Entwicklung von Talenten unerl\u00e4sslich, und die Dynamik verschiebt sich: J\u00fcngere Arbeitnehmer stehen \u00e4lteren Generationen als Mentoren zur Seite. Dieses sogenannte \u201eumgekehrte Mentoring\u201c bietet eine neue digitale Perspektive f\u00fcr die erfahrene Generation. Jordan erkl\u00e4rt: \u201eMentoring zwischen verschiedenen Generationen st\u00e4rkt nicht nur die F\u00e4higkeiten der Mitarbeiter, sondern schafft auch ein Umfeld des gegenseitigen Respekts und der Integration. Die Kombination des digitalen Fachwissens j\u00fcngerer Arbeitnehmer mit der Erfahrung \u00e4lterer Generationen erm\u00f6glicht ein schnelleres und intelligenteres Unternehmenswachstum\u201c, sagt Jordan Cajot.<\/p>\n<h3>\u00a0<strong>Digitaler Wandel durch Generationen getrieben\u00a0\u00a0\u00a0\u00a0<\/strong><\/h3>\n<p>\u00c4ltere Generationen bringen entscheidendes Wissen und Erfahrung f\u00fcr langfristige Strategien mit, w\u00e4hrend j\u00fcngere Kollegen das digitale Spielfeld dominieren. Gemeinsam beschleunigen sie die digitale Transformation. Jordan erkl\u00e4rt: \u201eBei der digitalen Transformation geht es nicht nur um Technologie, sondern auch um Menschen. Die Zusammenarbeit zwischen \u00e4lteren Fachkr\u00e4ften und ihren j\u00fcngeren Kollegen ist f\u00fcr die Zukunftsf\u00e4higkeit von Unternehmen unerl\u00e4sslich.\u201c\u00a0\u00a0\u00a0<\/p>\n<h3><strong>Mentoring als Motor f\u00fcr Integration und Innovation\u00a0\u00a0\u00a0\u00a0<\/strong><\/h3>\n<p>Mentoring f\u00f6rdert nicht nur die Zusammenarbeit zwischen den Generationen, sondern auch eine Kultur der Integration und Innovation. Jordan merkt an: \u201eWenn wir die Generationen durch Mentoring zusammenbringen, entsteht eine Dynamik, in der Innovation gedeihen kann. Unternehmen, die in diese Beziehungen investieren, nutzen ein breiteres Spektrum an F\u00e4higkeiten und schaffen eine integrative Kultur, die f\u00fcr eine innovative, zukunftssichere Organisation unerl\u00e4sslich ist.\u201c\u00a0\u00a0\u00a0<\/p>\n<h3><strong>Vorteile von Reverse Mentoring\u00a0\u00a0\u00a0<\/strong>\u00a0\u00a0<\/h3>\n<p>Reverse Mentoring bietet nicht nur M\u00f6glichkeiten zum Wissenstransfer, sondern tr\u00e4gt auch dazu bei, j\u00fcngere Mitarbeiter zu halten. Es erm\u00f6glicht ihnen, ihre Erkenntnisse und F\u00e4higkeiten weiterzugeben, was ihnen hilft, sich als Fachexperten zu profilieren. \u201eWenn man jungen Mitarbeitern die M\u00f6glichkeit gibt, ihr Wissen weiterzugeben, f\u00fchlen sie sich innerhalb des Unternehmens wertgesch\u00e4tzt und geh\u00f6rt\u201c, erkl\u00e4rt Jordan. \u201eDiese Anerkennung ist entscheidend f\u00fcr ihr Engagement und ihre Motivation.\u00a0\u00a0\u00a0<\/p>\n<h3><strong>Kulturwandel und Innovation\u00a0\u00a0\u00a0\u00a0<\/strong><\/h3>\n<p>Reverse Mentoring kann auch als Katalysator f\u00fcr den Kulturwandel in Unternehmen dienen. Es bietet die M\u00f6glichkeit, wertvolle Erkenntnisse zu gewinnen, z. B. durch das Aufzeigen von M\u00e4ngeln und ineffizienten Prozessen. Jordan betont: \u201eDurch jahrelange Erfahrung erworbenes Fachwissen kann ohne neue Perspektiven einschr\u00e4nkend wirken. J\u00fcngere Teammitglieder bringen neue Ideen und Herausforderungen mit, die alte Gewohnheiten durchbrechen k\u00f6nnen\u201c.\u00a0\u00a0\u00a0<\/p>\n<p>Abschliessend teilt Jordan einige Ideen f\u00fcr die Integration von Reverse Mentoring in eine Organisation mit:\u00a0\u00a0\u00a0<\/p>\n<ul>\n<li><strong>Organisieren Sie eine Gruppendiskussion: <\/strong>F\u00fchren Sie regelm\u00e4ssig kleine Gespr\u00e4che mit Kollegen verschiedener Generationen \u00fcber aktuelle Themen oder Trends.\u00a0\u00a0\u00a0<\/li>\n<li><strong>Recherchieren:<\/strong> Bitten Sie j\u00fcngere Teammitglieder, bestimmte aufkommende Technologien oder Trends zu recherchieren und ihre Ergebnisse in kurzen Mittagssitzungen mit den anderen Generationen zu teilen.\u00a0\u00a0\u00a0<\/li>\n<li><strong>Pers\u00f6nliches Mentoring:<\/strong> Bringen Sie erfahrene Mitarbeiter mit j\u00fcngeren Mentoren zusammen und f\u00f6rdern Sie monatliche Gespr\u00e4che unter vier Augen.\u00a0\u00a0\u00a0<\/li>\n<li><strong>Experimentieren Sie:<\/strong> Probieren Sie verschiedene Formate aus und finden Sie heraus, was am besten zu den Bed\u00fcrfnissen der Organisation passt.\u00a0\u00a0<\/li>\n<\/ul>\n<p>Mit diesen Initiativen k\u00f6nnen Unternehmen die Kraft des Reverse Mentoring nutzen, um sowohl ihre Kultur als auch ihre Leistung zu verbessern.\u00a0\u00a0\u00a0\u00a0\u00a0<\/p>\n<p><em>Quelle: <a href=\"http:\/\/www.robertwalters.ch\">www.robertwalters.ch<\/a><\/em><\/p>\n","protected":false},"excerpt":{"rendered":"<p>In der heutigen Zeit des raschen technologischen Wandels und eines vielf\u00e4ltigen Talentpools wird die Zusammenarbeit zwischen den Generationen immer wichtiger. Reverse Mentoring &#8211; bei dem j\u00fcngeren Arbeitnehmer \u00e4lteren Generationen als Mentoren zur Seite stehen &#8211; bildet nicht nur eine Br\u00fccke zwischen traditionellem Fachwissen und neuen Technologien, sondern legt auch den Grundstein f\u00fcr eine integrative Arbeitskultur. <\/p>\n","protected":false},"author":58,"featured_media":31025,"comment_status":"closed","ping_status":"closed","sticky":false,"template":"","format":"standard","meta":{"_acf_changed":false,"_yoast_wpseo_focuskw":"Reverse Mentoring","_yoast_wpseo_metadesc":"In der heutigen Zeit des raschen technologischen Wandels und eines vielf\u00e4ltigen Talentpools wird die Zusammenarbeit zwischen den Generationen immer wichtiger.","articlekey":"","footnotes":""},"categories":[579],"tags":[156,3365,4656,492],"class_list":["post-31023","post","type-post","status-publish","format-standard","has-post-thumbnail","hentry","category-human-resources","tag-digitalisierung","tag-generationen","tag-reverse-mentoring","tag-unternehmen"],"acf":[],"yoast_head":"<!-- This site is optimized with the Yoast SEO plugin v27.5 - https:\/\/yoast.com\/product\/yoast-seo-wordpress\/ -->\n<title>Die Macht des Reverse Mentoring im digitalen Zeitalter - Organisator<\/title>\n<meta name=\"description\" content=\"In der heutigen Zeit des raschen technologischen Wandels und eines vielf\u00e4ltigen Talentpools wird die Zusammenarbeit zwischen den Generationen immer wichtiger.\" \/>\n<meta name=\"robots\" content=\"index, follow, max-snippet:-1, max-image-preview:large, max-video-preview:-1\" \/>\n<link rel=\"canonical\" href=\"https:\/\/www.organisator.ch\/de\/human-resources\/2024-10-24\/die-macht-des-reverse-mentoring-im-digitalen-zeitalter\/\" \/>\n<meta property=\"og:locale\" content=\"de_DE\" \/>\n<meta property=\"og:type\" content=\"article\" \/>\n<meta property=\"og:title\" content=\"Die Macht des Reverse Mentoring im digitalen Zeitalter\" \/>\n<meta property=\"og:description\" content=\"In der heutigen Zeit des raschen technologischen Wandels und eines vielf\u00e4ltigen Talentpools wird die Zusammenarbeit zwischen den Generationen immer wichtiger.\" \/>\n<meta property=\"og:url\" content=\"https:\/\/www.organisator.ch\/de\/human-resources\/2024-10-24\/die-macht-des-reverse-mentoring-im-digitalen-zeitalter\/\" \/>\n<meta property=\"og:site_name\" content=\"Organisator\" \/>\n<meta property=\"article:publisher\" content=\"https:\/\/www.facebook.com\/OrganisatorFachmagazin\" \/>\n<meta property=\"article:published_time\" content=\"2024-10-24T07:37:22+00:00\" \/>\n<meta property=\"og:image\" content=\"https:\/\/www.organisator.ch\/wp-content\/uploads\/2024\/10\/Robert-Walters_Bild1_ps.jpg\" \/>\n\t<meta property=\"og:image:width\" content=\"680\" \/>\n\t<meta property=\"og:image:height\" content=\"454\" \/>\n\t<meta property=\"og:image:type\" content=\"image\/jpeg\" \/>\n<meta name=\"author\" content=\"Adelisa Kalajdzini\" \/>\n<meta name=\"twitter:card\" content=\"summary_large_image\" \/>\n<meta name=\"twitter:title\" content=\"Die Macht des Reverse Mentoring im digitalen Zeitalter\" \/>\n<meta name=\"twitter:description\" content=\"In der heutigen Zeit des raschen #technologischen #Wandels und eines vielf\u00e4ltigen #Talentpools wird die #Zusammenarbeit zwischen den #Generationen immer wichtiger.\" \/>\n<meta name=\"twitter:image\" content=\"https:\/\/www.organisator.ch\/wp-content\/uploads\/2024\/10\/Robert-Walters_Bild1_ps.jpg\" \/>\n<script type=\"application\/ld+json\" class=\"yoast-schema-graph\">{\"@context\":\"https:\\\/\\\/schema.org\",\"@graph\":[{\"@type\":\"Article\",\"@id\":\"https:\\\/\\\/www.organisator.ch\\\/human-resources\\\/2024-10-24\\\/die-macht-des-reverse-mentoring-im-digitalen-zeitalter\\\/#article\",\"isPartOf\":{\"@id\":\"https:\\\/\\\/www.organisator.ch\\\/human-resources\\\/2024-10-24\\\/die-macht-des-reverse-mentoring-im-digitalen-zeitalter\\\/\"},\"author\":{\"name\":\"Adelisa Kalajdzini\",\"@id\":\"https:\\\/\\\/www.organisator.ch\\\/#\\\/schema\\\/person\\\/2e1314a2172123f874db408d8911d3f3\"},\"headline\":\"Die Macht des Reverse Mentoring im digitalen Zeitalter\",\"datePublished\":\"2024-10-24T07:37:22+00:00\",\"mainEntityOfPage\":{\"@id\":\"https:\\\/\\\/www.organisator.ch\\\/human-resources\\\/2024-10-24\\\/die-macht-des-reverse-mentoring-im-digitalen-zeitalter\\\/\"},\"wordCount\":597,\"publisher\":{\"@id\":\"https:\\\/\\\/www.organisator.ch\\\/#organization\"},\"image\":{\"@id\":\"https:\\\/\\\/www.organisator.ch\\\/human-resources\\\/2024-10-24\\\/die-macht-des-reverse-mentoring-im-digitalen-zeitalter\\\/#primaryimage\"},\"thumbnailUrl\":\"https:\\\/\\\/www.organisator.ch\\\/wp-content\\\/uploads\\\/2024\\\/10\\\/Robert-Walters_Bild1_ps.jpg\",\"keywords\":[\"Digitalisierung\",\"Generationen\",\"Reverse Mentoring\",\"Unternehmen\"],\"articleSection\":[\"HUMAN RESOURCES\"],\"inLanguage\":\"de\"},{\"@type\":\"WebPage\",\"@id\":\"https:\\\/\\\/www.organisator.ch\\\/human-resources\\\/2024-10-24\\\/die-macht-des-reverse-mentoring-im-digitalen-zeitalter\\\/\",\"url\":\"https:\\\/\\\/www.organisator.ch\\\/human-resources\\\/2024-10-24\\\/die-macht-des-reverse-mentoring-im-digitalen-zeitalter\\\/\",\"name\":\"Die Macht des Reverse Mentoring im digitalen Zeitalter - Organisator\",\"isPartOf\":{\"@id\":\"https:\\\/\\\/www.organisator.ch\\\/#website\"},\"primaryImageOfPage\":{\"@id\":\"https:\\\/\\\/www.organisator.ch\\\/human-resources\\\/2024-10-24\\\/die-macht-des-reverse-mentoring-im-digitalen-zeitalter\\\/#primaryimage\"},\"image\":{\"@id\":\"https:\\\/\\\/www.organisator.ch\\\/human-resources\\\/2024-10-24\\\/die-macht-des-reverse-mentoring-im-digitalen-zeitalter\\\/#primaryimage\"},\"thumbnailUrl\":\"https:\\\/\\\/www.organisator.ch\\\/wp-content\\\/uploads\\\/2024\\\/10\\\/Robert-Walters_Bild1_ps.jpg\",\"datePublished\":\"2024-10-24T07:37:22+00:00\",\"description\":\"In der heutigen Zeit des raschen technologischen Wandels und eines vielf\u00e4ltigen Talentpools wird die Zusammenarbeit zwischen den Generationen immer wichtiger.\",\"breadcrumb\":{\"@id\":\"https:\\\/\\\/www.organisator.ch\\\/human-resources\\\/2024-10-24\\\/die-macht-des-reverse-mentoring-im-digitalen-zeitalter\\\/#breadcrumb\"},\"inLanguage\":\"de\",\"potentialAction\":[{\"@type\":\"ReadAction\",\"target\":[\"https:\\\/\\\/www.organisator.ch\\\/human-resources\\\/2024-10-24\\\/die-macht-des-reverse-mentoring-im-digitalen-zeitalter\\\/\"]}]},{\"@type\":\"ImageObject\",\"inLanguage\":\"de\",\"@id\":\"https:\\\/\\\/www.organisator.ch\\\/human-resources\\\/2024-10-24\\\/die-macht-des-reverse-mentoring-im-digitalen-zeitalter\\\/#primaryimage\",\"url\":\"https:\\\/\\\/www.organisator.ch\\\/wp-content\\\/uploads\\\/2024\\\/10\\\/Robert-Walters_Bild1_ps.jpg\",\"contentUrl\":\"https:\\\/\\\/www.organisator.ch\\\/wp-content\\\/uploads\\\/2024\\\/10\\\/Robert-Walters_Bild1_ps.jpg\",\"width\":680,\"height\":454,\"caption\":\"Mentoring f\u00f6rdert nicht nur die Zusammenarbeit zwischen den Generationen, sondern auch eine Kultur der Integration und Innovation. (Bild: www.depositphotos.com)\"},{\"@type\":\"BreadcrumbList\",\"@id\":\"https:\\\/\\\/www.organisator.ch\\\/human-resources\\\/2024-10-24\\\/die-macht-des-reverse-mentoring-im-digitalen-zeitalter\\\/#breadcrumb\",\"itemListElement\":[{\"@type\":\"ListItem\",\"position\":1,\"name\":\"Home\",\"item\":\"https:\\\/\\\/www.organisator.ch\\\/\"},{\"@type\":\"ListItem\",\"position\":2,\"name\":\"Die Macht des Reverse Mentoring im digitalen Zeitalter\"}]},{\"@type\":\"WebSite\",\"@id\":\"https:\\\/\\\/www.organisator.ch\\\/#website\",\"url\":\"https:\\\/\\\/www.organisator.ch\\\/\",\"name\":\"Organisator\",\"description\":\"Kompetent. Praxisnah. Der ORGANISATOR bereitet in 10 Ausgaben pro Jahr die wesentlichen Themen f\u00fcr F\u00fchrungskr\u00e4fte von KMU auf.\",\"publisher\":{\"@id\":\"https:\\\/\\\/www.organisator.ch\\\/#organization\"},\"potentialAction\":[{\"@type\":\"SearchAction\",\"target\":{\"@type\":\"EntryPoint\",\"urlTemplate\":\"https:\\\/\\\/www.organisator.ch\\\/?s={search_term_string}\"},\"query-input\":{\"@type\":\"PropertyValueSpecification\",\"valueRequired\":true,\"valueName\":\"search_term_string\"}}],\"inLanguage\":\"de\"},{\"@type\":\"Organization\",\"@id\":\"https:\\\/\\\/www.organisator.ch\\\/#organization\",\"name\":\"Organisator\",\"url\":\"https:\\\/\\\/www.organisator.ch\\\/\",\"logo\":{\"@type\":\"ImageObject\",\"inLanguage\":\"de\",\"@id\":\"https:\\\/\\\/www.organisator.ch\\\/#\\\/schema\\\/logo\\\/image\\\/\",\"url\":\"https:\\\/\\\/www.organisator.ch\\\/wp-content\\\/uploads\\\/2022\\\/01\\\/Logo_Organisator_Website.png\",\"contentUrl\":\"https:\\\/\\\/www.organisator.ch\\\/wp-content\\\/uploads\\\/2022\\\/01\\\/Logo_Organisator_Website.png\",\"width\":800,\"height\":77,\"caption\":\"Organisator\"},\"image\":{\"@id\":\"https:\\\/\\\/www.organisator.ch\\\/#\\\/schema\\\/logo\\\/image\\\/\"},\"sameAs\":[\"https:\\\/\\\/www.facebook.com\\\/OrganisatorFachmagazin\",\"https:\\\/\\\/www.linkedin.com\\\/showcase\\\/organisator-das-magazin-fr-kmu\",\"https:\\\/\\\/www.xing.com\\\/news\\\/pages\\\/organisator-ch-695\",\"https:\\\/\\\/www.youtube.com\\\/channel\\\/UCGP2Sq0iWaZwT3BdIAQFYpw\"]},{\"@type\":\"Person\",\"@id\":\"https:\\\/\\\/www.organisator.ch\\\/#\\\/schema\\\/person\\\/2e1314a2172123f874db408d8911d3f3\",\"name\":\"Adelisa Kalajdzini\",\"image\":{\"@type\":\"ImageObject\",\"inLanguage\":\"de\",\"@id\":\"https:\\\/\\\/secure.gravatar.com\\\/avatar\\\/09a397c22ac58cad6f160ee8306348599df9df58a8ede73696226897b9fa4b24?s=96&d=mm&r=g\",\"url\":\"https:\\\/\\\/secure.gravatar.com\\\/avatar\\\/09a397c22ac58cad6f160ee8306348599df9df58a8ede73696226897b9fa4b24?s=96&d=mm&r=g\",\"contentUrl\":\"https:\\\/\\\/secure.gravatar.com\\\/avatar\\\/09a397c22ac58cad6f160ee8306348599df9df58a8ede73696226897b9fa4b24?s=96&d=mm&r=g\",\"caption\":\"Adelisa Kalajdzini\"},\"url\":\"https:\\\/\\\/www.organisator.ch\\\/de\\\/author\\\/adelisa-kalajdzini\\\/\"}]}<\/script>\n<!-- \/ Yoast SEO plugin. -->","yoast_head_json":{"title":"Die Macht des Reverse Mentoring im digitalen Zeitalter - Organisator","description":"In der heutigen Zeit des raschen technologischen Wandels und eines vielf\u00e4ltigen Talentpools wird die Zusammenarbeit zwischen den Generationen immer wichtiger.","robots":{"index":"index","follow":"follow","max-snippet":"max-snippet:-1","max-image-preview":"max-image-preview:large","max-video-preview":"max-video-preview:-1"},"canonical":"https:\/\/www.organisator.ch\/de\/human-resources\/2024-10-24\/die-macht-des-reverse-mentoring-im-digitalen-zeitalter\/","og_locale":"de_DE","og_type":"article","og_title":"Die Macht des Reverse Mentoring im digitalen Zeitalter","og_description":"In der heutigen Zeit des raschen technologischen Wandels und eines vielf\u00e4ltigen Talentpools wird die Zusammenarbeit zwischen den Generationen immer wichtiger.","og_url":"https:\/\/www.organisator.ch\/de\/human-resources\/2024-10-24\/die-macht-des-reverse-mentoring-im-digitalen-zeitalter\/","og_site_name":"Organisator","article_publisher":"https:\/\/www.facebook.com\/OrganisatorFachmagazin","article_published_time":"2024-10-24T07:37:22+00:00","og_image":[{"width":680,"height":454,"url":"https:\/\/www.organisator.ch\/wp-content\/uploads\/2024\/10\/Robert-Walters_Bild1_ps.jpg","type":"image\/jpeg"}],"author":"Adelisa Kalajdzini","twitter_card":"summary_large_image","twitter_title":"Die Macht des Reverse Mentoring im digitalen Zeitalter","twitter_description":"In der heutigen Zeit des raschen #technologischen #Wandels und eines vielf\u00e4ltigen #Talentpools wird die #Zusammenarbeit zwischen den #Generationen immer wichtiger.","twitter_image":"https:\/\/www.organisator.ch\/wp-content\/uploads\/2024\/10\/Robert-Walters_Bild1_ps.jpg","schema":{"@context":"https:\/\/schema.org","@graph":[{"@type":"Article","@id":"https:\/\/www.organisator.ch\/human-resources\/2024-10-24\/die-macht-des-reverse-mentoring-im-digitalen-zeitalter\/#article","isPartOf":{"@id":"https:\/\/www.organisator.ch\/human-resources\/2024-10-24\/die-macht-des-reverse-mentoring-im-digitalen-zeitalter\/"},"author":{"name":"Adelisa Kalajdzini","@id":"https:\/\/www.organisator.ch\/#\/schema\/person\/2e1314a2172123f874db408d8911d3f3"},"headline":"Die Macht des Reverse Mentoring im digitalen Zeitalter","datePublished":"2024-10-24T07:37:22+00:00","mainEntityOfPage":{"@id":"https:\/\/www.organisator.ch\/human-resources\/2024-10-24\/die-macht-des-reverse-mentoring-im-digitalen-zeitalter\/"},"wordCount":597,"publisher":{"@id":"https:\/\/www.organisator.ch\/#organization"},"image":{"@id":"https:\/\/www.organisator.ch\/human-resources\/2024-10-24\/die-macht-des-reverse-mentoring-im-digitalen-zeitalter\/#primaryimage"},"thumbnailUrl":"https:\/\/www.organisator.ch\/wp-content\/uploads\/2024\/10\/Robert-Walters_Bild1_ps.jpg","keywords":["Digitalisierung","Generationen","Reverse Mentoring","Unternehmen"],"articleSection":["HUMAN RESOURCES"],"inLanguage":"de"},{"@type":"WebPage","@id":"https:\/\/www.organisator.ch\/human-resources\/2024-10-24\/die-macht-des-reverse-mentoring-im-digitalen-zeitalter\/","url":"https:\/\/www.organisator.ch\/human-resources\/2024-10-24\/die-macht-des-reverse-mentoring-im-digitalen-zeitalter\/","name":"Die Macht des Reverse Mentoring im digitalen Zeitalter - Organisator","isPartOf":{"@id":"https:\/\/www.organisator.ch\/#website"},"primaryImageOfPage":{"@id":"https:\/\/www.organisator.ch\/human-resources\/2024-10-24\/die-macht-des-reverse-mentoring-im-digitalen-zeitalter\/#primaryimage"},"image":{"@id":"https:\/\/www.organisator.ch\/human-resources\/2024-10-24\/die-macht-des-reverse-mentoring-im-digitalen-zeitalter\/#primaryimage"},"thumbnailUrl":"https:\/\/www.organisator.ch\/wp-content\/uploads\/2024\/10\/Robert-Walters_Bild1_ps.jpg","datePublished":"2024-10-24T07:37:22+00:00","description":"In der heutigen Zeit des raschen technologischen Wandels und eines vielf\u00e4ltigen Talentpools wird die Zusammenarbeit zwischen den Generationen immer wichtiger.","breadcrumb":{"@id":"https:\/\/www.organisator.ch\/human-resources\/2024-10-24\/die-macht-des-reverse-mentoring-im-digitalen-zeitalter\/#breadcrumb"},"inLanguage":"de","potentialAction":[{"@type":"ReadAction","target":["https:\/\/www.organisator.ch\/human-resources\/2024-10-24\/die-macht-des-reverse-mentoring-im-digitalen-zeitalter\/"]}]},{"@type":"ImageObject","inLanguage":"de","@id":"https:\/\/www.organisator.ch\/human-resources\/2024-10-24\/die-macht-des-reverse-mentoring-im-digitalen-zeitalter\/#primaryimage","url":"https:\/\/www.organisator.ch\/wp-content\/uploads\/2024\/10\/Robert-Walters_Bild1_ps.jpg","contentUrl":"https:\/\/www.organisator.ch\/wp-content\/uploads\/2024\/10\/Robert-Walters_Bild1_ps.jpg","width":680,"height":454,"caption":"Mentoring f\u00f6rdert nicht nur die Zusammenarbeit zwischen den Generationen, sondern auch eine Kultur der Integration und Innovation. (Bild: www.depositphotos.com)"},{"@type":"BreadcrumbList","@id":"https:\/\/www.organisator.ch\/human-resources\/2024-10-24\/die-macht-des-reverse-mentoring-im-digitalen-zeitalter\/#breadcrumb","itemListElement":[{"@type":"ListItem","position":1,"name":"Home","item":"https:\/\/www.organisator.ch\/"},{"@type":"ListItem","position":2,"name":"Die Macht des Reverse Mentoring im digitalen Zeitalter"}]},{"@type":"WebSite","@id":"https:\/\/www.organisator.ch\/#website","url":"https:\/\/www.organisator.ch\/","name":"Organisator","description":"Kompetent. Praxisnah. Der ORGANISATOR bereitet in 10 Ausgaben pro Jahr die wesentlichen Themen f\u00fcr F\u00fchrungskr\u00e4fte von KMU auf.","publisher":{"@id":"https:\/\/www.organisator.ch\/#organization"},"potentialAction":[{"@type":"SearchAction","target":{"@type":"EntryPoint","urlTemplate":"https:\/\/www.organisator.ch\/?s={search_term_string}"},"query-input":{"@type":"PropertyValueSpecification","valueRequired":true,"valueName":"search_term_string"}}],"inLanguage":"de"},{"@type":"Organization","@id":"https:\/\/www.organisator.ch\/#organization","name":"Organisator","url":"https:\/\/www.organisator.ch\/","logo":{"@type":"ImageObject","inLanguage":"de","@id":"https:\/\/www.organisator.ch\/#\/schema\/logo\/image\/","url":"https:\/\/www.organisator.ch\/wp-content\/uploads\/2022\/01\/Logo_Organisator_Website.png","contentUrl":"https:\/\/www.organisator.ch\/wp-content\/uploads\/2022\/01\/Logo_Organisator_Website.png","width":800,"height":77,"caption":"Organisator"},"image":{"@id":"https:\/\/www.organisator.ch\/#\/schema\/logo\/image\/"},"sameAs":["https:\/\/www.facebook.com\/OrganisatorFachmagazin","https:\/\/www.linkedin.com\/showcase\/organisator-das-magazin-fr-kmu","https:\/\/www.xing.com\/news\/pages\/organisator-ch-695","https:\/\/www.youtube.com\/channel\/UCGP2Sq0iWaZwT3BdIAQFYpw"]},{"@type":"Person","@id":"https:\/\/www.organisator.ch\/#\/schema\/person\/2e1314a2172123f874db408d8911d3f3","name":"Adelisa Kalajdzini","image":{"@type":"ImageObject","inLanguage":"de","@id":"https:\/\/secure.gravatar.com\/avatar\/09a397c22ac58cad6f160ee8306348599df9df58a8ede73696226897b9fa4b24?s=96&d=mm&r=g","url":"https:\/\/secure.gravatar.com\/avatar\/09a397c22ac58cad6f160ee8306348599df9df58a8ede73696226897b9fa4b24?s=96&d=mm&r=g","contentUrl":"https:\/\/secure.gravatar.com\/avatar\/09a397c22ac58cad6f160ee8306348599df9df58a8ede73696226897b9fa4b24?s=96&d=mm&r=g","caption":"Adelisa Kalajdzini"},"url":"https:\/\/www.organisator.ch\/de\/author\/adelisa-kalajdzini\/"}]}},"_links":{"self":[{"href":"https:\/\/www.organisator.ch\/de\/wp-json\/wp\/v2\/posts\/31023","targetHints":{"allow":["GET"]}}],"collection":[{"href":"https:\/\/www.organisator.ch\/de\/wp-json\/wp\/v2\/posts"}],"about":[{"href":"https:\/\/www.organisator.ch\/de\/wp-json\/wp\/v2\/types\/post"}],"author":[{"embeddable":true,"href":"https:\/\/www.organisator.ch\/de\/wp-json\/wp\/v2\/users\/58"}],"replies":[{"embeddable":true,"href":"https:\/\/www.organisator.ch\/de\/wp-json\/wp\/v2\/comments?post=31023"}],"version-history":[{"count":6,"href":"https:\/\/www.organisator.ch\/de\/wp-json\/wp\/v2\/posts\/31023\/revisions"}],"predecessor-version":[{"id":31226,"href":"https:\/\/www.organisator.ch\/de\/wp-json\/wp\/v2\/posts\/31023\/revisions\/31226"}],"wp:featuredmedia":[{"embeddable":true,"href":"https:\/\/www.organisator.ch\/de\/wp-json\/wp\/v2\/media\/31025"}],"wp:attachment":[{"href":"https:\/\/www.organisator.ch\/de\/wp-json\/wp\/v2\/media?parent=31023"}],"wp:term":[{"taxonomy":"category","embeddable":true,"href":"https:\/\/www.organisator.ch\/de\/wp-json\/wp\/v2\/categories?post=31023"},{"taxonomy":"post_tag","embeddable":true,"href":"https:\/\/www.organisator.ch\/de\/wp-json\/wp\/v2\/tags?post=31023"}],"curies":[{"name":"wp","href":"https:\/\/api.w.org\/{rel}","templated":true}]}}