{"id":31027,"date":"2024-10-21T10:20:16","date_gmt":"2024-10-21T08:20:16","guid":{"rendered":"https:\/\/www.organisator.ch\/?p=31027"},"modified":"2024-10-18T12:39:59","modified_gmt":"2024-10-18T10:39:59","slug":"sustainable-switzerland-und-verkehrshaus-der-schweiz-starten-partnerschaft","status":"publish","type":"post","link":"https:\/\/www.organisator.ch\/de\/sustainability\/2024-10-21\/sustainable-switzerland-und-verkehrshaus-der-schweiz-starten-partnerschaft\/","title":{"rendered":"Sustainable Switzerland und Verkehrshaus der Schweiz starten Partnerschaft"},"content":{"rendered":"<figure id=\"attachment_31028\" aria-describedby=\"caption-attachment-31028\" style=\"width: 680px\" class=\"wp-caption alignnone\"><img loading=\"lazy\" decoding=\"async\" class=\"size-medium wp-image-31028\" src=\"https:\/\/www.organisator.ch\/wp-content\/uploads\/2024\/10\/Verkehrshaus-der-Schweiz-680x454.jpg\" alt=\"\" width=\"680\" height=\"454\" srcset=\"https:\/\/www.organisator.ch\/wp-content\/uploads\/2024\/10\/Verkehrshaus-der-Schweiz-680x454.jpg 680w, https:\/\/www.organisator.ch\/wp-content\/uploads\/2024\/10\/Verkehrshaus-der-Schweiz-1024x683.jpg 1024w, https:\/\/www.organisator.ch\/wp-content\/uploads\/2024\/10\/Verkehrshaus-der-Schweiz-768x512.jpg 768w, https:\/\/www.organisator.ch\/wp-content\/uploads\/2024\/10\/Verkehrshaus-der-Schweiz-1536x1025.jpg 1536w, https:\/\/www.organisator.ch\/wp-content\/uploads\/2024\/10\/Verkehrshaus-der-Schweiz-2048x1366.jpg 2048w, https:\/\/www.organisator.ch\/wp-content\/uploads\/2024\/10\/Verkehrshaus-der-Schweiz-18x12.jpg 18w, https:\/\/www.organisator.ch\/wp-content\/uploads\/2024\/10\/Verkehrshaus-der-Schweiz-375x250.jpg 375w, https:\/\/www.organisator.ch\/wp-content\/uploads\/2024\/10\/Verkehrshaus-der-Schweiz-525x350.jpg 525w, https:\/\/www.organisator.ch\/wp-content\/uploads\/2024\/10\/Verkehrshaus-der-Schweiz-1000x667.jpg 1000w, https:\/\/www.organisator.ch\/wp-content\/uploads\/2024\/10\/Verkehrshaus-der-Schweiz-scaled.jpg 1400w\" sizes=\"auto, (max-width: 680px) 100vw, 680px\" \/><figcaption id=\"caption-attachment-31028\" class=\"wp-caption-text\">Nachhaltigkeitsdialog gemeinsam f\u00f6rdern: Sustainable Switzerland und Verkehrshaus der Schweiz starten Partnerschaft. (Bild: www.unternehmen.nzz.ch)<\/figcaption><\/figure>\n<p>Seit April 2023 pr\u00e4sentiert das Verkehrshaus der Schweiz in Luzern im \u00abHouse of Energy\u00bb die interaktive Dauerausstellung \u00abExperience Energy!\u00bb. Diese f\u00f6rdert den wissenschaftlichen, politischen und gesellschaftlichen Dialog rund um das Thema Energie. Seit dem 18. Oktober 2024 erweitert der Bereich \u00abNachhaltigkeitsdialog\u00bb diese Ausstellung. Er wurde gemeinsam von Sustainable Switzerland und dem Verkehrshaus in Zusammenarbeit mit wissenschaftlichen Partnern entwickelt.<\/p>\n<p>Im Zentrum steht der \u00abEmission Explorer\u00bb, ein interaktives Tool, mit dem Besucherinnen und Besucher mittels Fragen und Selbsteinsch\u00e4tzungen ihren pers\u00f6nlichen CO2-Fussabdruck ermitteln k\u00f6nnen. Der Explorer wurde gemeinsam mit der Initiative \u00abEnergy Science for Tomorrow\u00bb (ES4T) entwickelt, an der die ETH Z\u00fcrich, die EPFL Lausanne, das Paul Scherrer Institut PSI und die Empa beteiligt sind. Erg\u00e4nzt wird das Erlebnis durch den interaktiven Nachhaltigkeitsdialog von Sustainable Switzerland. Dieser gibt Tipps f\u00fcr mehr Nachhaltigkeit im Alltag und l\u00e4dt Besuchende dazu ein, ihre Meinung zu zentralen Fragen der nachhaltigen Entwicklung zu \u00e4ussern. Der Dialog wird mit spannenden und \u00fcberraschenden Fakten zu den f\u00fcnf Themen Mobilit\u00e4t, Fliegen, Konsum, Ern\u00e4hrung und Wohnen abgerundet.<\/p>\n<p>Martin B\u00fctikofer, Direktor Verkehrshaus der Schweiz, sagt: \u00abSustainable Switzerland und das Verkehrshaus der Schweiz verfolgen dasselbe Ziel: die breite Bev\u00f6lkerung sachlich und faktenbasiert \u00fcber Nachhaltigkeit und die Energiewende aufzukl\u00e4ren. Die interaktive Ausstellung macht diese Themen greifbar und tr\u00e4gt zur Sensibilisierung bei.\u00bb<\/p>\n<p>Felix Graf, CEO der NZZ, erg\u00e4nzt: \u00abSustainable Switzerland f\u00f6rdert nachhaltige Entwicklungen, bringt relevante Themen und dr\u00e4ngende Fragestellungen auf die Agenda und zeigt praxisorientierte L\u00f6sungen auf. Die Partnerschaft mit dem Verkehrshaus der Schweiz verst\u00e4rkt diese Bem\u00fchungen, indem sie einen wichtigen Wissenstransfer erm\u00f6glicht und die \u00d6ffentlichkeit motiviert, sich aktiv und spielerisch mit den Herausforderungen der Zukunft auseinanderzusetzen.\u00bb<\/p>\n<p><em>Quelle: <a href=\"http:\/\/www.unternehmen.nzz.ch\">www.unternehmen.nzz.ch<\/a><\/em><\/p>\n","protected":false},"excerpt":{"rendered":"<p>Sustainable Switzerland, die Nachhaltigkeitsinitiative der NZZ, ist mit dem Verkehrshaus der Schweiz in Luzern eine Partnerschaft eingegangen. Gemeinsam mit weiteren Partnern er\u00f6ffnen sie am 18. Oktober 2024 im Rahmen der Ausstellung \u00abExperience Energy!\u00bb den Bereich \u00abNachhaltigkeitsdialog\u00bb. Ziel ist es, die breite Bev\u00f6lkerung faktenbasiert \u00fcber Nachhaltigkeit und die Energiewende zu informieren.<\/p>\n","protected":false},"author":80,"featured_media":31028,"comment_status":"closed","ping_status":"closed","sticky":false,"template":"","format":"standard","meta":{"_acf_changed":false,"_yoast_wpseo_focuskw":"Sustainable Switzerland","_yoast_wpseo_metadesc":"Sustainable Switzerland, die Nachhaltigkeitsinitiative der NZZ, ist mit dem Verkehrshaus der Schweiz eine Partnerschaft eingegangen.","articlekey":"","footnotes":""},"categories":[580],"tags":[1787,1888,424,2246,4657],"class_list":["post-31027","post","type-post","status-publish","format-standard","has-post-thumbnail","hentry","category-sustainability","tag-nachhaltigkeit","tag-partnerschaft","tag-schweiz","tag-sustainability","tag-verkehrshaus"],"acf":[],"yoast_head":"<!-- This site is optimized with the Yoast SEO plugin v27.5 - https:\/\/yoast.com\/product\/yoast-seo-wordpress\/ -->\n<title>Sustainable Switzerland und Verkehrshaus der Schweiz starten Partnerschaft - Organisator<\/title>\n<meta name=\"description\" content=\"Sustainable Switzerland, die Nachhaltigkeitsinitiative der NZZ, ist mit dem Verkehrshaus der Schweiz eine Partnerschaft eingegangen.\" \/>\n<meta name=\"robots\" content=\"index, follow, max-snippet:-1, max-image-preview:large, max-video-preview:-1\" \/>\n<link rel=\"canonical\" href=\"https:\/\/www.organisator.ch\/de\/sustainability\/2024-10-21\/sustainable-switzerland-und-verkehrshaus-der-schweiz-starten-partnerschaft\/\" \/>\n<meta property=\"og:locale\" content=\"de_DE\" \/>\n<meta property=\"og:type\" content=\"article\" \/>\n<meta property=\"og:title\" content=\"Sustainable Switzerland und Verkehrshaus der Schweiz starten Partnerschaft\" \/>\n<meta property=\"og:description\" content=\"Sustainable Switzerland, die Nachhaltigkeitsinitiative der NZZ, ist mit dem Verkehrshaus der Schweiz eine Partnerschaft eingegangen.\" \/>\n<meta property=\"og:url\" content=\"https:\/\/www.organisator.ch\/de\/sustainability\/2024-10-21\/sustainable-switzerland-und-verkehrshaus-der-schweiz-starten-partnerschaft\/\" \/>\n<meta property=\"og:site_name\" content=\"Organisator\" \/>\n<meta property=\"article:publisher\" content=\"https:\/\/www.facebook.com\/OrganisatorFachmagazin\" \/>\n<meta property=\"article:published_time\" content=\"2024-10-21T08:20:16+00:00\" \/>\n<meta property=\"og:image\" content=\"https:\/\/www.organisator.ch\/wp-content\/uploads\/2024\/10\/Verkehrshaus-der-Schweiz-scaled.jpg\" \/>\n\t<meta property=\"og:image:width\" content=\"1400\" \/>\n\t<meta property=\"og:image:height\" content=\"934\" \/>\n\t<meta property=\"og:image:type\" content=\"image\/jpeg\" \/>\n<meta name=\"author\" content=\"Dzana Muminovic\" \/>\n<meta name=\"twitter:card\" content=\"summary_large_image\" \/>\n<meta name=\"twitter:title\" content=\"Sustainable Switzerland und Verkehrshaus der Schweiz starten Partnerschaft\" \/>\n<meta name=\"twitter:description\" content=\"#Sustainable #Switzerland, die #Nachhaltigkeitsinitiative der #NZZ, ist mit dem #Verkehrshaus der #Schweiz eine #Partnerschaft eingegangen.\" \/>\n<meta name=\"twitter:image\" content=\"https:\/\/www.organisator.ch\/wp-content\/uploads\/2024\/10\/Verkehrshaus-der-Schweiz-scaled.jpg\" \/>\n<script type=\"application\/ld+json\" class=\"yoast-schema-graph\">{\"@context\":\"https:\\\/\\\/schema.org\",\"@graph\":[{\"@type\":\"Article\",\"@id\":\"https:\\\/\\\/www.organisator.ch\\\/sustainability\\\/2024-10-21\\\/sustainable-switzerland-und-verkehrshaus-der-schweiz-starten-partnerschaft\\\/#article\",\"isPartOf\":{\"@id\":\"https:\\\/\\\/www.organisator.ch\\\/sustainability\\\/2024-10-21\\\/sustainable-switzerland-und-verkehrshaus-der-schweiz-starten-partnerschaft\\\/\"},\"author\":{\"name\":\"Dzana Muminovic\",\"@id\":\"https:\\\/\\\/www.organisator.ch\\\/#\\\/schema\\\/person\\\/afccda3a71c06d4be2ed9100dd163db7\"},\"headline\":\"Sustainable Switzerland und Verkehrshaus der Schweiz starten Partnerschaft\",\"datePublished\":\"2024-10-21T08:20:16+00:00\",\"mainEntityOfPage\":{\"@id\":\"https:\\\/\\\/www.organisator.ch\\\/sustainability\\\/2024-10-21\\\/sustainable-switzerland-und-verkehrshaus-der-schweiz-starten-partnerschaft\\\/\"},\"wordCount\":320,\"publisher\":{\"@id\":\"https:\\\/\\\/www.organisator.ch\\\/#organization\"},\"image\":{\"@id\":\"https:\\\/\\\/www.organisator.ch\\\/sustainability\\\/2024-10-21\\\/sustainable-switzerland-und-verkehrshaus-der-schweiz-starten-partnerschaft\\\/#primaryimage\"},\"thumbnailUrl\":\"https:\\\/\\\/www.organisator.ch\\\/wp-content\\\/uploads\\\/2024\\\/10\\\/Verkehrshaus-der-Schweiz-scaled.jpg\",\"keywords\":[\"Nachhaltigkeit\",\"Partnerschaft\",\"Schweiz\",\"Sustainability\",\"Verkehrshaus\"],\"articleSection\":[\"SUSTAINABILITY\"],\"inLanguage\":\"de\"},{\"@type\":\"WebPage\",\"@id\":\"https:\\\/\\\/www.organisator.ch\\\/sustainability\\\/2024-10-21\\\/sustainable-switzerland-und-verkehrshaus-der-schweiz-starten-partnerschaft\\\/\",\"url\":\"https:\\\/\\\/www.organisator.ch\\\/sustainability\\\/2024-10-21\\\/sustainable-switzerland-und-verkehrshaus-der-schweiz-starten-partnerschaft\\\/\",\"name\":\"Sustainable Switzerland und Verkehrshaus der Schweiz starten Partnerschaft - Organisator\",\"isPartOf\":{\"@id\":\"https:\\\/\\\/www.organisator.ch\\\/#website\"},\"primaryImageOfPage\":{\"@id\":\"https:\\\/\\\/www.organisator.ch\\\/sustainability\\\/2024-10-21\\\/sustainable-switzerland-und-verkehrshaus-der-schweiz-starten-partnerschaft\\\/#primaryimage\"},\"image\":{\"@id\":\"https:\\\/\\\/www.organisator.ch\\\/sustainability\\\/2024-10-21\\\/sustainable-switzerland-und-verkehrshaus-der-schweiz-starten-partnerschaft\\\/#primaryimage\"},\"thumbnailUrl\":\"https:\\\/\\\/www.organisator.ch\\\/wp-content\\\/uploads\\\/2024\\\/10\\\/Verkehrshaus-der-Schweiz-scaled.jpg\",\"datePublished\":\"2024-10-21T08:20:16+00:00\",\"description\":\"Sustainable Switzerland, die Nachhaltigkeitsinitiative der NZZ, ist mit dem Verkehrshaus der Schweiz eine Partnerschaft eingegangen.\",\"breadcrumb\":{\"@id\":\"https:\\\/\\\/www.organisator.ch\\\/sustainability\\\/2024-10-21\\\/sustainable-switzerland-und-verkehrshaus-der-schweiz-starten-partnerschaft\\\/#breadcrumb\"},\"inLanguage\":\"de\",\"potentialAction\":[{\"@type\":\"ReadAction\",\"target\":[\"https:\\\/\\\/www.organisator.ch\\\/sustainability\\\/2024-10-21\\\/sustainable-switzerland-und-verkehrshaus-der-schweiz-starten-partnerschaft\\\/\"]}]},{\"@type\":\"ImageObject\",\"inLanguage\":\"de\",\"@id\":\"https:\\\/\\\/www.organisator.ch\\\/sustainability\\\/2024-10-21\\\/sustainable-switzerland-und-verkehrshaus-der-schweiz-starten-partnerschaft\\\/#primaryimage\",\"url\":\"https:\\\/\\\/www.organisator.ch\\\/wp-content\\\/uploads\\\/2024\\\/10\\\/Verkehrshaus-der-Schweiz-scaled.jpg\",\"contentUrl\":\"https:\\\/\\\/www.organisator.ch\\\/wp-content\\\/uploads\\\/2024\\\/10\\\/Verkehrshaus-der-Schweiz-scaled.jpg\",\"width\":1400,\"height\":934,\"caption\":\"Nachhaltigkeitsdialog gemeinsam f\u00f6rdern: Sustainable Switzerland und Verkehrshaus der Schweiz starten Partnerschaft. (Bild: www.unternehmen.nzz.ch)\"},{\"@type\":\"BreadcrumbList\",\"@id\":\"https:\\\/\\\/www.organisator.ch\\\/sustainability\\\/2024-10-21\\\/sustainable-switzerland-und-verkehrshaus-der-schweiz-starten-partnerschaft\\\/#breadcrumb\",\"itemListElement\":[{\"@type\":\"ListItem\",\"position\":1,\"name\":\"Home\",\"item\":\"https:\\\/\\\/www.organisator.ch\\\/\"},{\"@type\":\"ListItem\",\"position\":2,\"name\":\"Sustainable Switzerland und Verkehrshaus der Schweiz starten Partnerschaft\"}]},{\"@type\":\"WebSite\",\"@id\":\"https:\\\/\\\/www.organisator.ch\\\/#website\",\"url\":\"https:\\\/\\\/www.organisator.ch\\\/\",\"name\":\"Organisator\",\"description\":\"Kompetent. Praxisnah. Der ORGANISATOR bereitet in 10 Ausgaben pro Jahr die wesentlichen Themen f\u00fcr F\u00fchrungskr\u00e4fte von KMU auf.\",\"publisher\":{\"@id\":\"https:\\\/\\\/www.organisator.ch\\\/#organization\"},\"potentialAction\":[{\"@type\":\"SearchAction\",\"target\":{\"@type\":\"EntryPoint\",\"urlTemplate\":\"https:\\\/\\\/www.organisator.ch\\\/?s={search_term_string}\"},\"query-input\":{\"@type\":\"PropertyValueSpecification\",\"valueRequired\":true,\"valueName\":\"search_term_string\"}}],\"inLanguage\":\"de\"},{\"@type\":\"Organization\",\"@id\":\"https:\\\/\\\/www.organisator.ch\\\/#organization\",\"name\":\"Organisator\",\"url\":\"https:\\\/\\\/www.organisator.ch\\\/\",\"logo\":{\"@type\":\"ImageObject\",\"inLanguage\":\"de\",\"@id\":\"https:\\\/\\\/www.organisator.ch\\\/#\\\/schema\\\/logo\\\/image\\\/\",\"url\":\"https:\\\/\\\/www.organisator.ch\\\/wp-content\\\/uploads\\\/2022\\\/01\\\/Logo_Organisator_Website.png\",\"contentUrl\":\"https:\\\/\\\/www.organisator.ch\\\/wp-content\\\/uploads\\\/2022\\\/01\\\/Logo_Organisator_Website.png\",\"width\":800,\"height\":77,\"caption\":\"Organisator\"},\"image\":{\"@id\":\"https:\\\/\\\/www.organisator.ch\\\/#\\\/schema\\\/logo\\\/image\\\/\"},\"sameAs\":[\"https:\\\/\\\/www.facebook.com\\\/OrganisatorFachmagazin\",\"https:\\\/\\\/www.linkedin.com\\\/showcase\\\/organisator-das-magazin-fr-kmu\",\"https:\\\/\\\/www.xing.com\\\/news\\\/pages\\\/organisator-ch-695\",\"https:\\\/\\\/www.youtube.com\\\/channel\\\/UCGP2Sq0iWaZwT3BdIAQFYpw\"]},{\"@type\":\"Person\",\"@id\":\"https:\\\/\\\/www.organisator.ch\\\/#\\\/schema\\\/person\\\/afccda3a71c06d4be2ed9100dd163db7\",\"name\":\"Dzana Muminovic\",\"image\":{\"@type\":\"ImageObject\",\"inLanguage\":\"de\",\"@id\":\"https:\\\/\\\/secure.gravatar.com\\\/avatar\\\/909c5c71aff4b38e88686f2ab2f1ba152571f394f41ed8bae431ea56ced93050?s=96&d=mm&r=g\",\"url\":\"https:\\\/\\\/secure.gravatar.com\\\/avatar\\\/909c5c71aff4b38e88686f2ab2f1ba152571f394f41ed8bae431ea56ced93050?s=96&d=mm&r=g\",\"contentUrl\":\"https:\\\/\\\/secure.gravatar.com\\\/avatar\\\/909c5c71aff4b38e88686f2ab2f1ba152571f394f41ed8bae431ea56ced93050?s=96&d=mm&r=g\",\"caption\":\"Dzana Muminovic\"},\"url\":\"https:\\\/\\\/www.organisator.ch\\\/de\\\/author\\\/dzana-muminovic\\\/\"}]}<\/script>\n<!-- \/ Yoast SEO plugin. -->","yoast_head_json":{"title":"Sustainable Switzerland und Verkehrshaus der Schweiz starten Partnerschaft - Organisator","description":"Sustainable Switzerland, die Nachhaltigkeitsinitiative der NZZ, ist mit dem Verkehrshaus der Schweiz eine Partnerschaft eingegangen.","robots":{"index":"index","follow":"follow","max-snippet":"max-snippet:-1","max-image-preview":"max-image-preview:large","max-video-preview":"max-video-preview:-1"},"canonical":"https:\/\/www.organisator.ch\/de\/sustainability\/2024-10-21\/sustainable-switzerland-und-verkehrshaus-der-schweiz-starten-partnerschaft\/","og_locale":"de_DE","og_type":"article","og_title":"Sustainable Switzerland und Verkehrshaus der Schweiz starten Partnerschaft","og_description":"Sustainable Switzerland, die Nachhaltigkeitsinitiative der NZZ, ist mit dem Verkehrshaus der Schweiz eine Partnerschaft eingegangen.","og_url":"https:\/\/www.organisator.ch\/de\/sustainability\/2024-10-21\/sustainable-switzerland-und-verkehrshaus-der-schweiz-starten-partnerschaft\/","og_site_name":"Organisator","article_publisher":"https:\/\/www.facebook.com\/OrganisatorFachmagazin","article_published_time":"2024-10-21T08:20:16+00:00","og_image":[{"width":1400,"height":934,"url":"https:\/\/www.organisator.ch\/wp-content\/uploads\/2024\/10\/Verkehrshaus-der-Schweiz-scaled.jpg","type":"image\/jpeg"}],"author":"Dzana Muminovic","twitter_card":"summary_large_image","twitter_title":"Sustainable Switzerland und Verkehrshaus der Schweiz starten Partnerschaft","twitter_description":"#Sustainable #Switzerland, die #Nachhaltigkeitsinitiative der #NZZ, ist mit dem #Verkehrshaus der #Schweiz eine #Partnerschaft eingegangen.","twitter_image":"https:\/\/www.organisator.ch\/wp-content\/uploads\/2024\/10\/Verkehrshaus-der-Schweiz-scaled.jpg","schema":{"@context":"https:\/\/schema.org","@graph":[{"@type":"Article","@id":"https:\/\/www.organisator.ch\/sustainability\/2024-10-21\/sustainable-switzerland-und-verkehrshaus-der-schweiz-starten-partnerschaft\/#article","isPartOf":{"@id":"https:\/\/www.organisator.ch\/sustainability\/2024-10-21\/sustainable-switzerland-und-verkehrshaus-der-schweiz-starten-partnerschaft\/"},"author":{"name":"Dzana Muminovic","@id":"https:\/\/www.organisator.ch\/#\/schema\/person\/afccda3a71c06d4be2ed9100dd163db7"},"headline":"Sustainable Switzerland und Verkehrshaus der Schweiz starten Partnerschaft","datePublished":"2024-10-21T08:20:16+00:00","mainEntityOfPage":{"@id":"https:\/\/www.organisator.ch\/sustainability\/2024-10-21\/sustainable-switzerland-und-verkehrshaus-der-schweiz-starten-partnerschaft\/"},"wordCount":320,"publisher":{"@id":"https:\/\/www.organisator.ch\/#organization"},"image":{"@id":"https:\/\/www.organisator.ch\/sustainability\/2024-10-21\/sustainable-switzerland-und-verkehrshaus-der-schweiz-starten-partnerschaft\/#primaryimage"},"thumbnailUrl":"https:\/\/www.organisator.ch\/wp-content\/uploads\/2024\/10\/Verkehrshaus-der-Schweiz-scaled.jpg","keywords":["Nachhaltigkeit","Partnerschaft","Schweiz","Sustainability","Verkehrshaus"],"articleSection":["SUSTAINABILITY"],"inLanguage":"de"},{"@type":"WebPage","@id":"https:\/\/www.organisator.ch\/sustainability\/2024-10-21\/sustainable-switzerland-und-verkehrshaus-der-schweiz-starten-partnerschaft\/","url":"https:\/\/www.organisator.ch\/sustainability\/2024-10-21\/sustainable-switzerland-und-verkehrshaus-der-schweiz-starten-partnerschaft\/","name":"Sustainable Switzerland und Verkehrshaus der Schweiz starten Partnerschaft - Organisator","isPartOf":{"@id":"https:\/\/www.organisator.ch\/#website"},"primaryImageOfPage":{"@id":"https:\/\/www.organisator.ch\/sustainability\/2024-10-21\/sustainable-switzerland-und-verkehrshaus-der-schweiz-starten-partnerschaft\/#primaryimage"},"image":{"@id":"https:\/\/www.organisator.ch\/sustainability\/2024-10-21\/sustainable-switzerland-und-verkehrshaus-der-schweiz-starten-partnerschaft\/#primaryimage"},"thumbnailUrl":"https:\/\/www.organisator.ch\/wp-content\/uploads\/2024\/10\/Verkehrshaus-der-Schweiz-scaled.jpg","datePublished":"2024-10-21T08:20:16+00:00","description":"Sustainable Switzerland, die Nachhaltigkeitsinitiative der NZZ, ist mit dem Verkehrshaus der Schweiz eine Partnerschaft eingegangen.","breadcrumb":{"@id":"https:\/\/www.organisator.ch\/sustainability\/2024-10-21\/sustainable-switzerland-und-verkehrshaus-der-schweiz-starten-partnerschaft\/#breadcrumb"},"inLanguage":"de","potentialAction":[{"@type":"ReadAction","target":["https:\/\/www.organisator.ch\/sustainability\/2024-10-21\/sustainable-switzerland-und-verkehrshaus-der-schweiz-starten-partnerschaft\/"]}]},{"@type":"ImageObject","inLanguage":"de","@id":"https:\/\/www.organisator.ch\/sustainability\/2024-10-21\/sustainable-switzerland-und-verkehrshaus-der-schweiz-starten-partnerschaft\/#primaryimage","url":"https:\/\/www.organisator.ch\/wp-content\/uploads\/2024\/10\/Verkehrshaus-der-Schweiz-scaled.jpg","contentUrl":"https:\/\/www.organisator.ch\/wp-content\/uploads\/2024\/10\/Verkehrshaus-der-Schweiz-scaled.jpg","width":1400,"height":934,"caption":"Nachhaltigkeitsdialog gemeinsam f\u00f6rdern: Sustainable Switzerland und Verkehrshaus der Schweiz starten Partnerschaft. (Bild: www.unternehmen.nzz.ch)"},{"@type":"BreadcrumbList","@id":"https:\/\/www.organisator.ch\/sustainability\/2024-10-21\/sustainable-switzerland-und-verkehrshaus-der-schweiz-starten-partnerschaft\/#breadcrumb","itemListElement":[{"@type":"ListItem","position":1,"name":"Home","item":"https:\/\/www.organisator.ch\/"},{"@type":"ListItem","position":2,"name":"Sustainable Switzerland und Verkehrshaus der Schweiz starten Partnerschaft"}]},{"@type":"WebSite","@id":"https:\/\/www.organisator.ch\/#website","url":"https:\/\/www.organisator.ch\/","name":"Organisator","description":"Kompetent. Praxisnah. Der ORGANISATOR bereitet in 10 Ausgaben pro Jahr die wesentlichen Themen f\u00fcr F\u00fchrungskr\u00e4fte von KMU auf.","publisher":{"@id":"https:\/\/www.organisator.ch\/#organization"},"potentialAction":[{"@type":"SearchAction","target":{"@type":"EntryPoint","urlTemplate":"https:\/\/www.organisator.ch\/?s={search_term_string}"},"query-input":{"@type":"PropertyValueSpecification","valueRequired":true,"valueName":"search_term_string"}}],"inLanguage":"de"},{"@type":"Organization","@id":"https:\/\/www.organisator.ch\/#organization","name":"Organisator","url":"https:\/\/www.organisator.ch\/","logo":{"@type":"ImageObject","inLanguage":"de","@id":"https:\/\/www.organisator.ch\/#\/schema\/logo\/image\/","url":"https:\/\/www.organisator.ch\/wp-content\/uploads\/2022\/01\/Logo_Organisator_Website.png","contentUrl":"https:\/\/www.organisator.ch\/wp-content\/uploads\/2022\/01\/Logo_Organisator_Website.png","width":800,"height":77,"caption":"Organisator"},"image":{"@id":"https:\/\/www.organisator.ch\/#\/schema\/logo\/image\/"},"sameAs":["https:\/\/www.facebook.com\/OrganisatorFachmagazin","https:\/\/www.linkedin.com\/showcase\/organisator-das-magazin-fr-kmu","https:\/\/www.xing.com\/news\/pages\/organisator-ch-695","https:\/\/www.youtube.com\/channel\/UCGP2Sq0iWaZwT3BdIAQFYpw"]},{"@type":"Person","@id":"https:\/\/www.organisator.ch\/#\/schema\/person\/afccda3a71c06d4be2ed9100dd163db7","name":"Dzana Muminovic","image":{"@type":"ImageObject","inLanguage":"de","@id":"https:\/\/secure.gravatar.com\/avatar\/909c5c71aff4b38e88686f2ab2f1ba152571f394f41ed8bae431ea56ced93050?s=96&d=mm&r=g","url":"https:\/\/secure.gravatar.com\/avatar\/909c5c71aff4b38e88686f2ab2f1ba152571f394f41ed8bae431ea56ced93050?s=96&d=mm&r=g","contentUrl":"https:\/\/secure.gravatar.com\/avatar\/909c5c71aff4b38e88686f2ab2f1ba152571f394f41ed8bae431ea56ced93050?s=96&d=mm&r=g","caption":"Dzana Muminovic"},"url":"https:\/\/www.organisator.ch\/de\/author\/dzana-muminovic\/"}]}},"_links":{"self":[{"href":"https:\/\/www.organisator.ch\/de\/wp-json\/wp\/v2\/posts\/31027","targetHints":{"allow":["GET"]}}],"collection":[{"href":"https:\/\/www.organisator.ch\/de\/wp-json\/wp\/v2\/posts"}],"about":[{"href":"https:\/\/www.organisator.ch\/de\/wp-json\/wp\/v2\/types\/post"}],"author":[{"embeddable":true,"href":"https:\/\/www.organisator.ch\/de\/wp-json\/wp\/v2\/users\/80"}],"replies":[{"embeddable":true,"href":"https:\/\/www.organisator.ch\/de\/wp-json\/wp\/v2\/comments?post=31027"}],"version-history":[{"count":6,"href":"https:\/\/www.organisator.ch\/de\/wp-json\/wp\/v2\/posts\/31027\/revisions"}],"predecessor-version":[{"id":31103,"href":"https:\/\/www.organisator.ch\/de\/wp-json\/wp\/v2\/posts\/31027\/revisions\/31103"}],"wp:featuredmedia":[{"embeddable":true,"href":"https:\/\/www.organisator.ch\/de\/wp-json\/wp\/v2\/media\/31028"}],"wp:attachment":[{"href":"https:\/\/www.organisator.ch\/de\/wp-json\/wp\/v2\/media?parent=31027"}],"wp:term":[{"taxonomy":"category","embeddable":true,"href":"https:\/\/www.organisator.ch\/de\/wp-json\/wp\/v2\/categories?post=31027"},{"taxonomy":"post_tag","embeddable":true,"href":"https:\/\/www.organisator.ch\/de\/wp-json\/wp\/v2\/tags?post=31027"}],"curies":[{"name":"wp","href":"https:\/\/api.w.org\/{rel}","templated":true}]}}