{"id":31064,"date":"2024-10-21T13:19:06","date_gmt":"2024-10-21T11:19:06","guid":{"rendered":"https:\/\/www.organisator.ch\/?p=31064"},"modified":"2024-10-21T08:19:15","modified_gmt":"2024-10-21T06:19:15","slug":"mehr-flexibilitaet-im-job-bedeutet-weniger-stress-und-hoehere-zufriedenheit","status":"publish","type":"post","link":"https:\/\/www.organisator.ch\/de\/human-resources\/2024-10-21\/mehr-flexibilitaet-im-job-bedeutet-weniger-stress-und-hoehere-zufriedenheit\/","title":{"rendered":"Mehr Flexibilit\u00e4t im Job bedeutet weniger Stress und h\u00f6here Zufriedenheit"},"content":{"rendered":"<figure id=\"attachment_31067\" aria-describedby=\"caption-attachment-31067\" style=\"width: 680px\" class=\"wp-caption alignnone\"><img loading=\"lazy\" decoding=\"async\" class=\"size-full wp-image-31067\" src=\"https:\/\/www.organisator.ch\/wp-content\/uploads\/2024\/10\/Arbeitgeberverband_Bild1_ps.jpg\" alt=\"\" width=\"680\" height=\"437\" srcset=\"https:\/\/www.organisator.ch\/wp-content\/uploads\/2024\/10\/Arbeitgeberverband_Bild1_ps.jpg 680w, https:\/\/www.organisator.ch\/wp-content\/uploads\/2024\/10\/Arbeitgeberverband_Bild1_ps-18x12.jpg 18w, https:\/\/www.organisator.ch\/wp-content\/uploads\/2024\/10\/Arbeitgeberverband_Bild1_ps-375x241.jpg 375w, https:\/\/www.organisator.ch\/wp-content\/uploads\/2024\/10\/Arbeitgeberverband_Bild1_ps-545x350.jpg 545w\" sizes=\"auto, (max-width: 680px) 100vw, 680px\" \/><figcaption id=\"caption-attachment-31067\" class=\"wp-caption-text\">81 Prozent der Befragten gaben an, dass mehr Flexibilit\u00e4t bei den Arbeitszeiten ihr Stressniveau senken w\u00fcrde. (Bild: www.depositphotos.com)<\/figcaption><\/figure>\n<p>Flexible Arbeitszeitmodelle steigern das Wohlbefinden der Arbeitnehmenden. Dies best\u00e4tigt eine repr\u00e4sentative Studie des Forschungsinstituts Sotomo, die im Fr\u00fchling 2024 im Auftrag des Schweizerischen Arbeitgeberverbandes unter Einbezug von 1670 Erwerbst\u00e4tigen in der Schweiz durchgef\u00fchrt wurde.\u00a0<\/p>\n<h3><strong>Flexibilit\u00e4t verbessert Vereinbarkeit von Familie und Beruf<\/strong><\/h3>\n<p>Die Studie zeigt, dass eine flexibel gestaltete Arbeitszeitenregelung es Arbeitnehmenden vereinfacht, ihre sozialen und famili\u00e4ren Verpflichtungen wahrnehmen zu k\u00f6nnen. Es ist deshalb nicht \u00fcberraschend, dass besonders Eltern von minderj\u00e4hrigen Kindern flexiblere Arbeitszeitmodelle bevorzugen, da ihnen diese erm\u00f6glichen, ihren Arbeitsalltag besser mit ihren Betreuungsaufgaben abzustimmen.\u00a0<\/p>\n<h3><strong>Flexibilit\u00e4t f\u00fchrt zu weniger Stress und tieferer Belastung<\/strong><\/h3>\n<p>81 Prozent der Befragten gaben an, dass mehr Flexibilit\u00e4t bei den Arbeitszeiten ihr Stressniveau senken w\u00fcrde. 76 Prozent der Befragten mit vollst\u00e4ndig flexiblen Arbeitszeiten gaben an, dass Arbeit und Freizeit bei ihnen oft ineinander \u00fcbergehen, jedoch empfinden nur 10 Prozent dieser Personen diese Vermischung als belastend. Demgegen\u00fcber liegt der Anteil derjenigen, die bei festen Arbeitszeiten eine Belastung durch die Vermischung von Arbeit und Freizeit empfinden, bei 16 Prozent. Bei Personen mit flexiblen Arbeitszeitmodellen vermischen sich also Arbeit und Freizeit eher als bei Personen mit fixen Arbeitszeiten, jedoch empfinden sie diese Vermischung vergleichsweise seltener als Belastung. Diese Erkenntnisse stehen im deutlichen Widerspruch zur h\u00e4ufig von Gewerkschaften vertretenen These, dass flexible Arbeitszeiten zwangsl\u00e4ufig zu einer belastenden Vermischung von Arbeit und Freizeit f\u00fchren.<\/p>\n<h3><strong>Flexibilit\u00e4t als wichtiger Faktor zur Bek\u00e4mpfung des Arbeitskr\u00e4ftemangels<\/strong><\/h3>\n<p>Flexible Arbeitszeitmodelle bieten auch Chancen im Kampf gegen den immer akuter werdenden Arbeitskr\u00e4ftemangel. So zeigt die Studie, dass flexiblere Arbeitszeiten nicht nur die Zufriedenheit der Arbeitnehmenden erh\u00f6ht, sondern auch ihre Bereitschaft zur Erh\u00f6hung der Arbeitspensen. Mehr als ein Viertel (28 Prozent) der Befragten in Teilzeitbesch\u00e4ftigung k\u00f6nnte sich vorstellen, ihr Arbeitspensum zu erh\u00f6hen, wenn die Arbeit flexibler geleistet werden k\u00f6nnte. Dies best\u00e4rkt die Arbeitgeber in ihrer Forderung nach mehr Flexibilit\u00e4t: \u00abDie Studie zeigt, dass flexible Arbeitszeiten nicht nur den Stress reduzieren, sondern auch einen wichtigen Beitrag zur Bek\u00e4mpfung des Arbeitskr\u00e4ftemangels leisten k\u00f6nnen. Wollen wir erreichen, dass das Arbeitskr\u00e4ftepotenzial noch besser ausgesch\u00f6pft wird, sollte so gut wie m\u00f6glich auf dieses Bed\u00fcrfnis der Arbeitnehmenden nach mehr Flexibilit\u00e4t eingegangen werden. Hier ist auch die Politik gefordert\u00bb, sagt Daniella L\u00fctzelschwab, Leiterin Ressort Arbeitsmarkt und Arbeitsrecht beim Schweizerischen Arbeitgeberverband.<\/p>\n<p><em>Quelle: <a href=\"http:\/\/www.arbeitgeber.ch\">www.arbeitgeber.ch<\/a><\/em><\/p>\n","protected":false},"excerpt":{"rendered":"<p>Eine repr\u00e4sentative Studie im Auftrag des Schweizerischen Arbeitgeberverbandes zeigt, dass flexible Arbeitszeitmodelle mit weniger Stress und gleichzeitig h\u00f6herer Arbeitszufriedenheit verbunden sind. Zudem verbessern flexible Arbeitszeiten die Vereinbarkeit von Beruf und Privatleben. <\/p>\n","protected":false},"author":58,"featured_media":31067,"comment_status":"closed","ping_status":"closed","sticky":false,"template":"","format":"standard","meta":{"_acf_changed":false,"_yoast_wpseo_focuskw":"Flexibilit\u00e4t","_yoast_wpseo_metadesc":"Eine Studie im Auftrag des Schweizerischen Arbeitgeberverbandes zeigt, dass flexible Arbeitszeitmodelle mit weniger Stress und gleichzeitig h\u00f6herer Arbeitszufriedenheit verbunden sind.","articlekey":"","footnotes":""},"categories":[579],"tags":[4152,4659,1193,334,492],"class_list":["post-31064","post","type-post","status-publish","format-standard","has-post-thumbnail","hentry","category-human-resources","tag-arbeitskraeftemangel","tag-arbeitszeiten","tag-flexibilitaet","tag-management","tag-unternehmen"],"acf":[],"yoast_head":"<!-- This site is optimized with the Yoast SEO plugin v27.4 - https:\/\/yoast.com\/product\/yoast-seo-wordpress\/ -->\n<title>Mehr Flexibilit\u00e4t im Job bedeutet weniger Stress und h\u00f6here Zufriedenheit - Organisator<\/title>\n<meta name=\"description\" content=\"Eine Studie im Auftrag des Schweizerischen Arbeitgeberverbandes zeigt, dass flexible Arbeitszeitmodelle mit weniger Stress und gleichzeitig h\u00f6herer Arbeitszufriedenheit verbunden sind.\" \/>\n<meta name=\"robots\" content=\"index, follow, max-snippet:-1, max-image-preview:large, max-video-preview:-1\" \/>\n<link rel=\"canonical\" href=\"https:\/\/www.organisator.ch\/de\/human-resources\/2024-10-21\/mehr-flexibilitaet-im-job-bedeutet-weniger-stress-und-hoehere-zufriedenheit\/\" \/>\n<meta property=\"og:locale\" content=\"de_DE\" \/>\n<meta property=\"og:type\" content=\"article\" \/>\n<meta property=\"og:title\" content=\"Mehr Flexibilit\u00e4t im Job bedeutet weniger Stress und h\u00f6here Zufriedenheit\" \/>\n<meta property=\"og:description\" content=\"Eine Studie im Auftrag des Schweizerischen Arbeitgeberverbandes zeigt, dass flexible Arbeitszeitmodelle mit weniger Stress und gleichzeitig h\u00f6herer Arbeitszufriedenheit verbunden sind.\" \/>\n<meta property=\"og:url\" content=\"https:\/\/www.organisator.ch\/de\/human-resources\/2024-10-21\/mehr-flexibilitaet-im-job-bedeutet-weniger-stress-und-hoehere-zufriedenheit\/\" \/>\n<meta property=\"og:site_name\" content=\"Organisator\" \/>\n<meta property=\"article:publisher\" content=\"https:\/\/www.facebook.com\/OrganisatorFachmagazin\" \/>\n<meta property=\"article:published_time\" content=\"2024-10-21T11:19:06+00:00\" \/>\n<meta property=\"og:image\" content=\"https:\/\/www.organisator.ch\/wp-content\/uploads\/2024\/10\/Arbeitgeberverband_Bild1_ps.jpg\" \/>\n\t<meta property=\"og:image:width\" content=\"680\" \/>\n\t<meta property=\"og:image:height\" content=\"437\" \/>\n\t<meta property=\"og:image:type\" content=\"image\/jpeg\" \/>\n<meta name=\"author\" content=\"Adelisa Kalajdzini\" \/>\n<meta name=\"twitter:card\" content=\"summary_large_image\" \/>\n<meta name=\"twitter:title\" content=\"Mehr Flexibilit\u00e4t im Job bedeutet weniger Stress und h\u00f6here Zufriedenheit\" \/>\n<meta name=\"twitter:description\" content=\"Eine #Studie im Auftrag des #Schweizerischen #Arbeitgeberverbandes zeigt, dass #flexible #Arbeitszeitmodelle mit weniger #Stress und gleichzeitig h\u00f6herer #Arbeitszufriedenheit verbunden sind.\" \/>\n<meta name=\"twitter:image\" content=\"https:\/\/www.organisator.ch\/wp-content\/uploads\/2024\/10\/Arbeitgeberverband_Bild1_ps.jpg\" \/>\n<script type=\"application\/ld+json\" class=\"yoast-schema-graph\">{\"@context\":\"https:\\\/\\\/schema.org\",\"@graph\":[{\"@type\":\"Article\",\"@id\":\"https:\\\/\\\/www.organisator.ch\\\/human-resources\\\/2024-10-21\\\/mehr-flexibilitaet-im-job-bedeutet-weniger-stress-und-hoehere-zufriedenheit\\\/#article\",\"isPartOf\":{\"@id\":\"https:\\\/\\\/www.organisator.ch\\\/human-resources\\\/2024-10-21\\\/mehr-flexibilitaet-im-job-bedeutet-weniger-stress-und-hoehere-zufriedenheit\\\/\"},\"author\":{\"name\":\"Adelisa Kalajdzini\",\"@id\":\"https:\\\/\\\/www.organisator.ch\\\/#\\\/schema\\\/person\\\/2e1314a2172123f874db408d8911d3f3\"},\"headline\":\"Mehr Flexibilit\u00e4t im Job bedeutet weniger Stress und h\u00f6here Zufriedenheit\",\"datePublished\":\"2024-10-21T11:19:06+00:00\",\"mainEntityOfPage\":{\"@id\":\"https:\\\/\\\/www.organisator.ch\\\/human-resources\\\/2024-10-21\\\/mehr-flexibilitaet-im-job-bedeutet-weniger-stress-und-hoehere-zufriedenheit\\\/\"},\"wordCount\":431,\"publisher\":{\"@id\":\"https:\\\/\\\/www.organisator.ch\\\/#organization\"},\"image\":{\"@id\":\"https:\\\/\\\/www.organisator.ch\\\/human-resources\\\/2024-10-21\\\/mehr-flexibilitaet-im-job-bedeutet-weniger-stress-und-hoehere-zufriedenheit\\\/#primaryimage\"},\"thumbnailUrl\":\"https:\\\/\\\/www.organisator.ch\\\/wp-content\\\/uploads\\\/2024\\\/10\\\/Arbeitgeberverband_Bild1_ps.jpg\",\"keywords\":[\"Arbeitskr\u00e4ftemangel\",\"Arbeitszeiten\",\"Flexibilit\u00e4t\",\"Management\",\"Unternehmen\"],\"articleSection\":[\"HUMAN RESOURCES\"],\"inLanguage\":\"de\"},{\"@type\":\"WebPage\",\"@id\":\"https:\\\/\\\/www.organisator.ch\\\/human-resources\\\/2024-10-21\\\/mehr-flexibilitaet-im-job-bedeutet-weniger-stress-und-hoehere-zufriedenheit\\\/\",\"url\":\"https:\\\/\\\/www.organisator.ch\\\/human-resources\\\/2024-10-21\\\/mehr-flexibilitaet-im-job-bedeutet-weniger-stress-und-hoehere-zufriedenheit\\\/\",\"name\":\"Mehr Flexibilit\u00e4t im Job bedeutet weniger Stress und h\u00f6here Zufriedenheit - Organisator\",\"isPartOf\":{\"@id\":\"https:\\\/\\\/www.organisator.ch\\\/#website\"},\"primaryImageOfPage\":{\"@id\":\"https:\\\/\\\/www.organisator.ch\\\/human-resources\\\/2024-10-21\\\/mehr-flexibilitaet-im-job-bedeutet-weniger-stress-und-hoehere-zufriedenheit\\\/#primaryimage\"},\"image\":{\"@id\":\"https:\\\/\\\/www.organisator.ch\\\/human-resources\\\/2024-10-21\\\/mehr-flexibilitaet-im-job-bedeutet-weniger-stress-und-hoehere-zufriedenheit\\\/#primaryimage\"},\"thumbnailUrl\":\"https:\\\/\\\/www.organisator.ch\\\/wp-content\\\/uploads\\\/2024\\\/10\\\/Arbeitgeberverband_Bild1_ps.jpg\",\"datePublished\":\"2024-10-21T11:19:06+00:00\",\"description\":\"Eine Studie im Auftrag des Schweizerischen Arbeitgeberverbandes zeigt, dass flexible Arbeitszeitmodelle mit weniger Stress und gleichzeitig h\u00f6herer Arbeitszufriedenheit verbunden sind.\",\"breadcrumb\":{\"@id\":\"https:\\\/\\\/www.organisator.ch\\\/human-resources\\\/2024-10-21\\\/mehr-flexibilitaet-im-job-bedeutet-weniger-stress-und-hoehere-zufriedenheit\\\/#breadcrumb\"},\"inLanguage\":\"de\",\"potentialAction\":[{\"@type\":\"ReadAction\",\"target\":[\"https:\\\/\\\/www.organisator.ch\\\/human-resources\\\/2024-10-21\\\/mehr-flexibilitaet-im-job-bedeutet-weniger-stress-und-hoehere-zufriedenheit\\\/\"]}]},{\"@type\":\"ImageObject\",\"inLanguage\":\"de\",\"@id\":\"https:\\\/\\\/www.organisator.ch\\\/human-resources\\\/2024-10-21\\\/mehr-flexibilitaet-im-job-bedeutet-weniger-stress-und-hoehere-zufriedenheit\\\/#primaryimage\",\"url\":\"https:\\\/\\\/www.organisator.ch\\\/wp-content\\\/uploads\\\/2024\\\/10\\\/Arbeitgeberverband_Bild1_ps.jpg\",\"contentUrl\":\"https:\\\/\\\/www.organisator.ch\\\/wp-content\\\/uploads\\\/2024\\\/10\\\/Arbeitgeberverband_Bild1_ps.jpg\",\"width\":680,\"height\":437,\"caption\":\"81 Prozent der Befragten gaben an, dass mehr Flexibilit\u00e4t bei den Arbeitszeiten ihr Stressniveau senken w\u00fcrde. (Bild: www.depositphotos.com)\"},{\"@type\":\"BreadcrumbList\",\"@id\":\"https:\\\/\\\/www.organisator.ch\\\/human-resources\\\/2024-10-21\\\/mehr-flexibilitaet-im-job-bedeutet-weniger-stress-und-hoehere-zufriedenheit\\\/#breadcrumb\",\"itemListElement\":[{\"@type\":\"ListItem\",\"position\":1,\"name\":\"Home\",\"item\":\"https:\\\/\\\/www.organisator.ch\\\/\"},{\"@type\":\"ListItem\",\"position\":2,\"name\":\"Mehr Flexibilit\u00e4t im Job bedeutet weniger Stress und h\u00f6here Zufriedenheit\"}]},{\"@type\":\"WebSite\",\"@id\":\"https:\\\/\\\/www.organisator.ch\\\/#website\",\"url\":\"https:\\\/\\\/www.organisator.ch\\\/\",\"name\":\"Organisator\",\"description\":\"Kompetent. Praxisnah. Der ORGANISATOR bereitet in 10 Ausgaben pro Jahr die wesentlichen Themen f\u00fcr F\u00fchrungskr\u00e4fte von KMU auf.\",\"publisher\":{\"@id\":\"https:\\\/\\\/www.organisator.ch\\\/#organization\"},\"potentialAction\":[{\"@type\":\"SearchAction\",\"target\":{\"@type\":\"EntryPoint\",\"urlTemplate\":\"https:\\\/\\\/www.organisator.ch\\\/?s={search_term_string}\"},\"query-input\":{\"@type\":\"PropertyValueSpecification\",\"valueRequired\":true,\"valueName\":\"search_term_string\"}}],\"inLanguage\":\"de\"},{\"@type\":\"Organization\",\"@id\":\"https:\\\/\\\/www.organisator.ch\\\/#organization\",\"name\":\"Organisator\",\"url\":\"https:\\\/\\\/www.organisator.ch\\\/\",\"logo\":{\"@type\":\"ImageObject\",\"inLanguage\":\"de\",\"@id\":\"https:\\\/\\\/www.organisator.ch\\\/#\\\/schema\\\/logo\\\/image\\\/\",\"url\":\"https:\\\/\\\/www.organisator.ch\\\/wp-content\\\/uploads\\\/2022\\\/01\\\/Logo_Organisator_Website.png\",\"contentUrl\":\"https:\\\/\\\/www.organisator.ch\\\/wp-content\\\/uploads\\\/2022\\\/01\\\/Logo_Organisator_Website.png\",\"width\":800,\"height\":77,\"caption\":\"Organisator\"},\"image\":{\"@id\":\"https:\\\/\\\/www.organisator.ch\\\/#\\\/schema\\\/logo\\\/image\\\/\"},\"sameAs\":[\"https:\\\/\\\/www.facebook.com\\\/OrganisatorFachmagazin\",\"https:\\\/\\\/www.linkedin.com\\\/showcase\\\/organisator-das-magazin-fr-kmu\",\"https:\\\/\\\/www.xing.com\\\/news\\\/pages\\\/organisator-ch-695\",\"https:\\\/\\\/www.youtube.com\\\/channel\\\/UCGP2Sq0iWaZwT3BdIAQFYpw\"]},{\"@type\":\"Person\",\"@id\":\"https:\\\/\\\/www.organisator.ch\\\/#\\\/schema\\\/person\\\/2e1314a2172123f874db408d8911d3f3\",\"name\":\"Adelisa Kalajdzini\",\"image\":{\"@type\":\"ImageObject\",\"inLanguage\":\"de\",\"@id\":\"https:\\\/\\\/secure.gravatar.com\\\/avatar\\\/09a397c22ac58cad6f160ee8306348599df9df58a8ede73696226897b9fa4b24?s=96&d=mm&r=g\",\"url\":\"https:\\\/\\\/secure.gravatar.com\\\/avatar\\\/09a397c22ac58cad6f160ee8306348599df9df58a8ede73696226897b9fa4b24?s=96&d=mm&r=g\",\"contentUrl\":\"https:\\\/\\\/secure.gravatar.com\\\/avatar\\\/09a397c22ac58cad6f160ee8306348599df9df58a8ede73696226897b9fa4b24?s=96&d=mm&r=g\",\"caption\":\"Adelisa Kalajdzini\"},\"url\":\"https:\\\/\\\/www.organisator.ch\\\/de\\\/author\\\/adelisa-kalajdzini\\\/\"}]}<\/script>\n<!-- \/ Yoast SEO plugin. -->","yoast_head_json":{"title":"Mehr Flexibilit\u00e4t im Job bedeutet weniger Stress und h\u00f6here Zufriedenheit - Organisator","description":"Eine Studie im Auftrag des Schweizerischen Arbeitgeberverbandes zeigt, dass flexible Arbeitszeitmodelle mit weniger Stress und gleichzeitig h\u00f6herer Arbeitszufriedenheit verbunden sind.","robots":{"index":"index","follow":"follow","max-snippet":"max-snippet:-1","max-image-preview":"max-image-preview:large","max-video-preview":"max-video-preview:-1"},"canonical":"https:\/\/www.organisator.ch\/de\/human-resources\/2024-10-21\/mehr-flexibilitaet-im-job-bedeutet-weniger-stress-und-hoehere-zufriedenheit\/","og_locale":"de_DE","og_type":"article","og_title":"Mehr Flexibilit\u00e4t im Job bedeutet weniger Stress und h\u00f6here Zufriedenheit","og_description":"Eine Studie im Auftrag des Schweizerischen Arbeitgeberverbandes zeigt, dass flexible Arbeitszeitmodelle mit weniger Stress und gleichzeitig h\u00f6herer Arbeitszufriedenheit verbunden sind.","og_url":"https:\/\/www.organisator.ch\/de\/human-resources\/2024-10-21\/mehr-flexibilitaet-im-job-bedeutet-weniger-stress-und-hoehere-zufriedenheit\/","og_site_name":"Organisator","article_publisher":"https:\/\/www.facebook.com\/OrganisatorFachmagazin","article_published_time":"2024-10-21T11:19:06+00:00","og_image":[{"width":680,"height":437,"url":"https:\/\/www.organisator.ch\/wp-content\/uploads\/2024\/10\/Arbeitgeberverband_Bild1_ps.jpg","type":"image\/jpeg"}],"author":"Adelisa Kalajdzini","twitter_card":"summary_large_image","twitter_title":"Mehr Flexibilit\u00e4t im Job bedeutet weniger Stress und h\u00f6here Zufriedenheit","twitter_description":"Eine #Studie im Auftrag des #Schweizerischen #Arbeitgeberverbandes zeigt, dass #flexible #Arbeitszeitmodelle mit weniger #Stress und gleichzeitig h\u00f6herer #Arbeitszufriedenheit verbunden sind.","twitter_image":"https:\/\/www.organisator.ch\/wp-content\/uploads\/2024\/10\/Arbeitgeberverband_Bild1_ps.jpg","schema":{"@context":"https:\/\/schema.org","@graph":[{"@type":"Article","@id":"https:\/\/www.organisator.ch\/human-resources\/2024-10-21\/mehr-flexibilitaet-im-job-bedeutet-weniger-stress-und-hoehere-zufriedenheit\/#article","isPartOf":{"@id":"https:\/\/www.organisator.ch\/human-resources\/2024-10-21\/mehr-flexibilitaet-im-job-bedeutet-weniger-stress-und-hoehere-zufriedenheit\/"},"author":{"name":"Adelisa Kalajdzini","@id":"https:\/\/www.organisator.ch\/#\/schema\/person\/2e1314a2172123f874db408d8911d3f3"},"headline":"Mehr Flexibilit\u00e4t im Job bedeutet weniger Stress und h\u00f6here Zufriedenheit","datePublished":"2024-10-21T11:19:06+00:00","mainEntityOfPage":{"@id":"https:\/\/www.organisator.ch\/human-resources\/2024-10-21\/mehr-flexibilitaet-im-job-bedeutet-weniger-stress-und-hoehere-zufriedenheit\/"},"wordCount":431,"publisher":{"@id":"https:\/\/www.organisator.ch\/#organization"},"image":{"@id":"https:\/\/www.organisator.ch\/human-resources\/2024-10-21\/mehr-flexibilitaet-im-job-bedeutet-weniger-stress-und-hoehere-zufriedenheit\/#primaryimage"},"thumbnailUrl":"https:\/\/www.organisator.ch\/wp-content\/uploads\/2024\/10\/Arbeitgeberverband_Bild1_ps.jpg","keywords":["Arbeitskr\u00e4ftemangel","Arbeitszeiten","Flexibilit\u00e4t","Management","Unternehmen"],"articleSection":["HUMAN RESOURCES"],"inLanguage":"de"},{"@type":"WebPage","@id":"https:\/\/www.organisator.ch\/human-resources\/2024-10-21\/mehr-flexibilitaet-im-job-bedeutet-weniger-stress-und-hoehere-zufriedenheit\/","url":"https:\/\/www.organisator.ch\/human-resources\/2024-10-21\/mehr-flexibilitaet-im-job-bedeutet-weniger-stress-und-hoehere-zufriedenheit\/","name":"Mehr Flexibilit\u00e4t im Job bedeutet weniger Stress und h\u00f6here Zufriedenheit - Organisator","isPartOf":{"@id":"https:\/\/www.organisator.ch\/#website"},"primaryImageOfPage":{"@id":"https:\/\/www.organisator.ch\/human-resources\/2024-10-21\/mehr-flexibilitaet-im-job-bedeutet-weniger-stress-und-hoehere-zufriedenheit\/#primaryimage"},"image":{"@id":"https:\/\/www.organisator.ch\/human-resources\/2024-10-21\/mehr-flexibilitaet-im-job-bedeutet-weniger-stress-und-hoehere-zufriedenheit\/#primaryimage"},"thumbnailUrl":"https:\/\/www.organisator.ch\/wp-content\/uploads\/2024\/10\/Arbeitgeberverband_Bild1_ps.jpg","datePublished":"2024-10-21T11:19:06+00:00","description":"Eine Studie im Auftrag des Schweizerischen Arbeitgeberverbandes zeigt, dass flexible Arbeitszeitmodelle mit weniger Stress und gleichzeitig h\u00f6herer Arbeitszufriedenheit verbunden sind.","breadcrumb":{"@id":"https:\/\/www.organisator.ch\/human-resources\/2024-10-21\/mehr-flexibilitaet-im-job-bedeutet-weniger-stress-und-hoehere-zufriedenheit\/#breadcrumb"},"inLanguage":"de","potentialAction":[{"@type":"ReadAction","target":["https:\/\/www.organisator.ch\/human-resources\/2024-10-21\/mehr-flexibilitaet-im-job-bedeutet-weniger-stress-und-hoehere-zufriedenheit\/"]}]},{"@type":"ImageObject","inLanguage":"de","@id":"https:\/\/www.organisator.ch\/human-resources\/2024-10-21\/mehr-flexibilitaet-im-job-bedeutet-weniger-stress-und-hoehere-zufriedenheit\/#primaryimage","url":"https:\/\/www.organisator.ch\/wp-content\/uploads\/2024\/10\/Arbeitgeberverband_Bild1_ps.jpg","contentUrl":"https:\/\/www.organisator.ch\/wp-content\/uploads\/2024\/10\/Arbeitgeberverband_Bild1_ps.jpg","width":680,"height":437,"caption":"81 Prozent der Befragten gaben an, dass mehr Flexibilit\u00e4t bei den Arbeitszeiten ihr Stressniveau senken w\u00fcrde. (Bild: www.depositphotos.com)"},{"@type":"BreadcrumbList","@id":"https:\/\/www.organisator.ch\/human-resources\/2024-10-21\/mehr-flexibilitaet-im-job-bedeutet-weniger-stress-und-hoehere-zufriedenheit\/#breadcrumb","itemListElement":[{"@type":"ListItem","position":1,"name":"Home","item":"https:\/\/www.organisator.ch\/"},{"@type":"ListItem","position":2,"name":"Mehr Flexibilit\u00e4t im Job bedeutet weniger Stress und h\u00f6here Zufriedenheit"}]},{"@type":"WebSite","@id":"https:\/\/www.organisator.ch\/#website","url":"https:\/\/www.organisator.ch\/","name":"Organisator","description":"Kompetent. Praxisnah. Der ORGANISATOR bereitet in 10 Ausgaben pro Jahr die wesentlichen Themen f\u00fcr F\u00fchrungskr\u00e4fte von KMU auf.","publisher":{"@id":"https:\/\/www.organisator.ch\/#organization"},"potentialAction":[{"@type":"SearchAction","target":{"@type":"EntryPoint","urlTemplate":"https:\/\/www.organisator.ch\/?s={search_term_string}"},"query-input":{"@type":"PropertyValueSpecification","valueRequired":true,"valueName":"search_term_string"}}],"inLanguage":"de"},{"@type":"Organization","@id":"https:\/\/www.organisator.ch\/#organization","name":"Organisator","url":"https:\/\/www.organisator.ch\/","logo":{"@type":"ImageObject","inLanguage":"de","@id":"https:\/\/www.organisator.ch\/#\/schema\/logo\/image\/","url":"https:\/\/www.organisator.ch\/wp-content\/uploads\/2022\/01\/Logo_Organisator_Website.png","contentUrl":"https:\/\/www.organisator.ch\/wp-content\/uploads\/2022\/01\/Logo_Organisator_Website.png","width":800,"height":77,"caption":"Organisator"},"image":{"@id":"https:\/\/www.organisator.ch\/#\/schema\/logo\/image\/"},"sameAs":["https:\/\/www.facebook.com\/OrganisatorFachmagazin","https:\/\/www.linkedin.com\/showcase\/organisator-das-magazin-fr-kmu","https:\/\/www.xing.com\/news\/pages\/organisator-ch-695","https:\/\/www.youtube.com\/channel\/UCGP2Sq0iWaZwT3BdIAQFYpw"]},{"@type":"Person","@id":"https:\/\/www.organisator.ch\/#\/schema\/person\/2e1314a2172123f874db408d8911d3f3","name":"Adelisa Kalajdzini","image":{"@type":"ImageObject","inLanguage":"de","@id":"https:\/\/secure.gravatar.com\/avatar\/09a397c22ac58cad6f160ee8306348599df9df58a8ede73696226897b9fa4b24?s=96&d=mm&r=g","url":"https:\/\/secure.gravatar.com\/avatar\/09a397c22ac58cad6f160ee8306348599df9df58a8ede73696226897b9fa4b24?s=96&d=mm&r=g","contentUrl":"https:\/\/secure.gravatar.com\/avatar\/09a397c22ac58cad6f160ee8306348599df9df58a8ede73696226897b9fa4b24?s=96&d=mm&r=g","caption":"Adelisa Kalajdzini"},"url":"https:\/\/www.organisator.ch\/de\/author\/adelisa-kalajdzini\/"}]}},"_links":{"self":[{"href":"https:\/\/www.organisator.ch\/de\/wp-json\/wp\/v2\/posts\/31064","targetHints":{"allow":["GET"]}}],"collection":[{"href":"https:\/\/www.organisator.ch\/de\/wp-json\/wp\/v2\/posts"}],"about":[{"href":"https:\/\/www.organisator.ch\/de\/wp-json\/wp\/v2\/types\/post"}],"author":[{"embeddable":true,"href":"https:\/\/www.organisator.ch\/de\/wp-json\/wp\/v2\/users\/58"}],"replies":[{"embeddable":true,"href":"https:\/\/www.organisator.ch\/de\/wp-json\/wp\/v2\/comments?post=31064"}],"version-history":[{"count":4,"href":"https:\/\/www.organisator.ch\/de\/wp-json\/wp\/v2\/posts\/31064\/revisions"}],"predecessor-version":[{"id":31102,"href":"https:\/\/www.organisator.ch\/de\/wp-json\/wp\/v2\/posts\/31064\/revisions\/31102"}],"wp:featuredmedia":[{"embeddable":true,"href":"https:\/\/www.organisator.ch\/de\/wp-json\/wp\/v2\/media\/31067"}],"wp:attachment":[{"href":"https:\/\/www.organisator.ch\/de\/wp-json\/wp\/v2\/media?parent=31064"}],"wp:term":[{"taxonomy":"category","embeddable":true,"href":"https:\/\/www.organisator.ch\/de\/wp-json\/wp\/v2\/categories?post=31064"},{"taxonomy":"post_tag","embeddable":true,"href":"https:\/\/www.organisator.ch\/de\/wp-json\/wp\/v2\/tags?post=31064"}],"curies":[{"name":"wp","href":"https:\/\/api.w.org\/{rel}","templated":true}]}}