{"id":31077,"date":"2024-10-21T11:48:09","date_gmt":"2024-10-21T09:48:09","guid":{"rendered":"https:\/\/www.markt-kom.com\/?p=225256"},"modified":"2024-11-07T12:20:57","modified_gmt":"2024-11-07T11:20:57","slug":"scholtysik-gewinnt-branding-mandat-der-pax-gruppe","status":"publish","type":"post","link":"https:\/\/www.organisator.ch\/de\/marketing\/2024-10-21\/scholtysik-gewinnt-branding-mandat-der-pax-gruppe\/","title":{"rendered":"Scholtysik gewinnt Branding-Mandat der Pax Gruppe"},"content":{"rendered":"<p><img class=\"aligncenter wp-image-225257 size-full\" src=\"https:\/\/www.markt-kom.com\/wp-content\/uploads\/2024\/10\/scholtysik_pax_mandatsgewinn_muk-header.jpg\" alt=\"Pax Scholtysik ihre\" width=\"1200\" height=\"900\" \/><\/p>\r\n<p>Die Pax Versicherung ist unter dem genossenschaftlichen Dach der Pax Holding organisiert und bietet L\u00f6sungen f\u00fcr die private und berufliche Vorsorge. Diese steht in der Schweiz allerdings vor grossen Herausforderungen: Die demografische Entwicklung macht eine nachhaltige und gerechte Finanzierung der Renten immer anspruchsvoller, w\u00e4hrend gleichzeitig die wachsende Vielfalt an Lebensentw\u00fcrfen und Erwerbsbiografien sowie der digitale Wandel neue Anspr\u00fcche an die Versicherer stellen. In diesem anspruchsvollen Umfeld will Pax ihre Marke gezielt weiterentwickeln.<\/p>\r\n<p>In diesem Zuge soll Scholtysik die Markenstrategie von Pax sch\u00e4rfen und das Markenerlebnis mittelfristig transformieren. Ziel ist, die Position von Pax als f\u00fchrende Anbieterin von Vorsorgel\u00f6sungen zu festigen und auszubauen. \u00abWir freuen uns sehr, mit Scholtysik einen erfahrenen Partner an unserer Seite zu haben, der die Finanzbranche kennt, unsere Kultur versteht und uns in der Weiterentwicklung unserer Customer Experience tatkr\u00e4ftig unterst\u00fctzt\u00bb, so Luzius Marbet, Head of Marketing &amp; Digital Sales bei Pax.<\/p>","protected":false},"excerpt":{"rendered":"<p>Die Vorsorgespezialistin Pax vergibt ihr Branding-Mandat neu an Scholtysik. Die Agentur setzte sich in einem mehrstufigen Evaluationsverfahren durch und wird k\u00fcnftig die strategische Weiterentwicklung der Marke verantworten.<\/p>\n","protected":false},"author":8,"featured_media":0,"comment_status":"closed","ping_status":"closed","sticky":false,"template":"","format":"standard","meta":{"_acf_changed":false,"_yoast_wpseo_focuskw":"Pax Scholtysik ihre","_yoast_wpseo_metadesc":"Pax entwickelt in Zusammenarbeit mit Scholtysik ihre Markenstrategie weiter, um f\u00fchrend im Bereich Vorsorgel\u00f6sungen zu bleiben.","articlekey":"","footnotes":""},"categories":[29],"tags":[2855,2841,2464],"class_list":["post-31077","post","type-post","status-publish","format-standard","hentry","category-marketing","tag-etats","tag-scholtysik-partner","tag-versicherung"],"acf":[],"yoast_head":"<!-- This site is optimized with the Yoast SEO plugin v27.5 - https:\/\/yoast.com\/product\/yoast-seo-wordpress\/ -->\n<title>Scholtysik gewinnt Branding-Mandat der Pax Gruppe - Organisator<\/title>\n<meta name=\"description\" content=\"Pax entwickelt in Zusammenarbeit mit Scholtysik ihre Markenstrategie weiter, um f\u00fchrend im Bereich Vorsorgel\u00f6sungen zu bleiben.\" \/>\n<meta name=\"robots\" content=\"index, follow, max-snippet:-1, max-image-preview:large, max-video-preview:-1\" \/>\n<link rel=\"canonical\" href=\"https:\/\/www.organisator.ch\/de\/marketing\/2024-10-21\/scholtysik-gewinnt-branding-mandat-der-pax-gruppe\/\" \/>\n<meta property=\"og:locale\" content=\"de_DE\" \/>\n<meta property=\"og:type\" content=\"article\" \/>\n<meta property=\"og:title\" content=\"Scholtysik gewinnt Branding-Mandat der Pax Gruppe - Organisator\" \/>\n<meta property=\"og:description\" content=\"Pax entwickelt in Zusammenarbeit mit Scholtysik ihre Markenstrategie weiter, um f\u00fchrend im Bereich Vorsorgel\u00f6sungen zu bleiben.\" \/>\n<meta property=\"og:url\" content=\"https:\/\/www.organisator.ch\/de\/marketing\/2024-10-21\/scholtysik-gewinnt-branding-mandat-der-pax-gruppe\/\" \/>\n<meta property=\"og:site_name\" content=\"Organisator\" \/>\n<meta property=\"article:publisher\" content=\"https:\/\/www.facebook.com\/OrganisatorFachmagazin\" \/>\n<meta property=\"article:published_time\" content=\"2024-10-21T09:48:09+00:00\" \/>\n<meta property=\"article:modified_time\" content=\"2024-11-07T11:20:57+00:00\" \/>\n<meta property=\"og:image\" content=\"https:\/\/www.markt-kom.com\/wp-content\/uploads\/2024\/10\/scholtysik_pax_mandatsgewinn_muk-header.jpg\" \/>\n<meta name=\"author\" content=\"galledia\" \/>\n<meta name=\"twitter:card\" content=\"summary_large_image\" \/>\n<meta name=\"twitter:creator\" content=\"@admin\" \/>\n<script type=\"application\/ld+json\" class=\"yoast-schema-graph\">{\"@context\":\"https:\\\/\\\/schema.org\",\"@graph\":[{\"@type\":\"Article\",\"@id\":\"https:\\\/\\\/www.organisator.ch\\\/marketing\\\/2024-10-21\\\/scholtysik-gewinnt-branding-mandat-der-pax-gruppe\\\/#article\",\"isPartOf\":{\"@id\":\"https:\\\/\\\/www.organisator.ch\\\/marketing\\\/2024-10-21\\\/scholtysik-gewinnt-branding-mandat-der-pax-gruppe\\\/\"},\"author\":{\"name\":\"galledia\",\"@id\":\"https:\\\/\\\/www.organisator.ch\\\/#\\\/schema\\\/person\\\/4e51799071cd2dd1232ac003643ef5f0\"},\"headline\":\"Scholtysik gewinnt Branding-Mandat der Pax Gruppe\",\"datePublished\":\"2024-10-21T09:48:09+00:00\",\"dateModified\":\"2024-11-07T11:20:57+00:00\",\"mainEntityOfPage\":{\"@id\":\"https:\\\/\\\/www.organisator.ch\\\/marketing\\\/2024-10-21\\\/scholtysik-gewinnt-branding-mandat-der-pax-gruppe\\\/\"},\"wordCount\":160,\"publisher\":{\"@id\":\"https:\\\/\\\/www.organisator.ch\\\/#organization\"},\"image\":{\"@id\":\"https:\\\/\\\/www.organisator.ch\\\/marketing\\\/2024-10-21\\\/scholtysik-gewinnt-branding-mandat-der-pax-gruppe\\\/#primaryimage\"},\"thumbnailUrl\":\"https:\\\/\\\/www.markt-kom.com\\\/wp-content\\\/uploads\\\/2024\\\/10\\\/scholtysik_pax_mandatsgewinn_muk-header.jpg\",\"keywords\":[\"Etats\",\"Scholtysik &amp; Partner\",\"Versicherung\"],\"articleSection\":[\"MARKETING\"],\"inLanguage\":\"de\"},{\"@type\":\"WebPage\",\"@id\":\"https:\\\/\\\/www.organisator.ch\\\/marketing\\\/2024-10-21\\\/scholtysik-gewinnt-branding-mandat-der-pax-gruppe\\\/\",\"url\":\"https:\\\/\\\/www.organisator.ch\\\/marketing\\\/2024-10-21\\\/scholtysik-gewinnt-branding-mandat-der-pax-gruppe\\\/\",\"name\":\"Scholtysik gewinnt Branding-Mandat der Pax Gruppe - Organisator\",\"isPartOf\":{\"@id\":\"https:\\\/\\\/www.organisator.ch\\\/#website\"},\"primaryImageOfPage\":{\"@id\":\"https:\\\/\\\/www.organisator.ch\\\/marketing\\\/2024-10-21\\\/scholtysik-gewinnt-branding-mandat-der-pax-gruppe\\\/#primaryimage\"},\"image\":{\"@id\":\"https:\\\/\\\/www.organisator.ch\\\/marketing\\\/2024-10-21\\\/scholtysik-gewinnt-branding-mandat-der-pax-gruppe\\\/#primaryimage\"},\"thumbnailUrl\":\"https:\\\/\\\/www.markt-kom.com\\\/wp-content\\\/uploads\\\/2024\\\/10\\\/scholtysik_pax_mandatsgewinn_muk-header.jpg\",\"datePublished\":\"2024-10-21T09:48:09+00:00\",\"dateModified\":\"2024-11-07T11:20:57+00:00\",\"description\":\"Pax entwickelt in Zusammenarbeit mit Scholtysik ihre Markenstrategie weiter, um f\u00fchrend im Bereich Vorsorgel\u00f6sungen zu bleiben.\",\"breadcrumb\":{\"@id\":\"https:\\\/\\\/www.organisator.ch\\\/marketing\\\/2024-10-21\\\/scholtysik-gewinnt-branding-mandat-der-pax-gruppe\\\/#breadcrumb\"},\"inLanguage\":\"de\",\"potentialAction\":[{\"@type\":\"ReadAction\",\"target\":[\"https:\\\/\\\/www.organisator.ch\\\/marketing\\\/2024-10-21\\\/scholtysik-gewinnt-branding-mandat-der-pax-gruppe\\\/\"]}]},{\"@type\":\"ImageObject\",\"inLanguage\":\"de\",\"@id\":\"https:\\\/\\\/www.organisator.ch\\\/marketing\\\/2024-10-21\\\/scholtysik-gewinnt-branding-mandat-der-pax-gruppe\\\/#primaryimage\",\"url\":\"https:\\\/\\\/www.markt-kom.com\\\/wp-content\\\/uploads\\\/2024\\\/10\\\/scholtysik_pax_mandatsgewinn_muk-header.jpg\",\"contentUrl\":\"https:\\\/\\\/www.markt-kom.com\\\/wp-content\\\/uploads\\\/2024\\\/10\\\/scholtysik_pax_mandatsgewinn_muk-header.jpg\"},{\"@type\":\"BreadcrumbList\",\"@id\":\"https:\\\/\\\/www.organisator.ch\\\/marketing\\\/2024-10-21\\\/scholtysik-gewinnt-branding-mandat-der-pax-gruppe\\\/#breadcrumb\",\"itemListElement\":[{\"@type\":\"ListItem\",\"position\":1,\"name\":\"Home\",\"item\":\"https:\\\/\\\/www.organisator.ch\\\/\"},{\"@type\":\"ListItem\",\"position\":2,\"name\":\"Scholtysik gewinnt Branding-Mandat der Pax Gruppe\"}]},{\"@type\":\"WebSite\",\"@id\":\"https:\\\/\\\/www.organisator.ch\\\/#website\",\"url\":\"https:\\\/\\\/www.organisator.ch\\\/\",\"name\":\"Organisator\",\"description\":\"Kompetent. Praxisnah. Der ORGANISATOR bereitet in 10 Ausgaben pro Jahr die wesentlichen Themen f\u00fcr F\u00fchrungskr\u00e4fte von KMU auf.\",\"publisher\":{\"@id\":\"https:\\\/\\\/www.organisator.ch\\\/#organization\"},\"potentialAction\":[{\"@type\":\"SearchAction\",\"target\":{\"@type\":\"EntryPoint\",\"urlTemplate\":\"https:\\\/\\\/www.organisator.ch\\\/?s={search_term_string}\"},\"query-input\":{\"@type\":\"PropertyValueSpecification\",\"valueRequired\":true,\"valueName\":\"search_term_string\"}}],\"inLanguage\":\"de\"},{\"@type\":\"Organization\",\"@id\":\"https:\\\/\\\/www.organisator.ch\\\/#organization\",\"name\":\"Organisator\",\"url\":\"https:\\\/\\\/www.organisator.ch\\\/\",\"logo\":{\"@type\":\"ImageObject\",\"inLanguage\":\"de\",\"@id\":\"https:\\\/\\\/www.organisator.ch\\\/#\\\/schema\\\/logo\\\/image\\\/\",\"url\":\"https:\\\/\\\/www.organisator.ch\\\/wp-content\\\/uploads\\\/2022\\\/01\\\/Logo_Organisator_Website.png\",\"contentUrl\":\"https:\\\/\\\/www.organisator.ch\\\/wp-content\\\/uploads\\\/2022\\\/01\\\/Logo_Organisator_Website.png\",\"width\":800,\"height\":77,\"caption\":\"Organisator\"},\"image\":{\"@id\":\"https:\\\/\\\/www.organisator.ch\\\/#\\\/schema\\\/logo\\\/image\\\/\"},\"sameAs\":[\"https:\\\/\\\/www.facebook.com\\\/OrganisatorFachmagazin\",\"https:\\\/\\\/www.linkedin.com\\\/showcase\\\/organisator-das-magazin-fr-kmu\",\"https:\\\/\\\/www.xing.com\\\/news\\\/pages\\\/organisator-ch-695\",\"https:\\\/\\\/www.youtube.com\\\/channel\\\/UCGP2Sq0iWaZwT3BdIAQFYpw\"]},{\"@type\":\"Person\",\"@id\":\"https:\\\/\\\/www.organisator.ch\\\/#\\\/schema\\\/person\\\/4e51799071cd2dd1232ac003643ef5f0\",\"name\":\"galledia\",\"image\":{\"@type\":\"ImageObject\",\"inLanguage\":\"de\",\"@id\":\"https:\\\/\\\/secure.gravatar.com\\\/avatar\\\/78a7f90c01fc2bfc875782a0d4922b37cde2cf184ce347b91316d23cd7f69a36?s=96&d=mm&r=g\",\"url\":\"https:\\\/\\\/secure.gravatar.com\\\/avatar\\\/78a7f90c01fc2bfc875782a0d4922b37cde2cf184ce347b91316d23cd7f69a36?s=96&d=mm&r=g\",\"contentUrl\":\"https:\\\/\\\/secure.gravatar.com\\\/avatar\\\/78a7f90c01fc2bfc875782a0d4922b37cde2cf184ce347b91316d23cd7f69a36?s=96&d=mm&r=g\",\"caption\":\"galledia\"},\"sameAs\":[\"https:\\\/\\\/x.com\\\/admin\"],\"url\":\"https:\\\/\\\/www.organisator.ch\\\/de\\\/author\\\/galledia\\\/\"}]}<\/script>\n<!-- \/ Yoast SEO plugin. -->","yoast_head_json":{"title":"Scholtysik gewinnt Branding-Mandat der Pax Gruppe - Organisator","description":"Pax entwickelt in Zusammenarbeit mit Scholtysik ihre Markenstrategie weiter, um f\u00fchrend im Bereich Vorsorgel\u00f6sungen zu bleiben.","robots":{"index":"index","follow":"follow","max-snippet":"max-snippet:-1","max-image-preview":"max-image-preview:large","max-video-preview":"max-video-preview:-1"},"canonical":"https:\/\/www.organisator.ch\/de\/marketing\/2024-10-21\/scholtysik-gewinnt-branding-mandat-der-pax-gruppe\/","og_locale":"de_DE","og_type":"article","og_title":"Scholtysik gewinnt Branding-Mandat der Pax Gruppe - Organisator","og_description":"Pax entwickelt in Zusammenarbeit mit Scholtysik ihre Markenstrategie weiter, um f\u00fchrend im Bereich Vorsorgel\u00f6sungen zu bleiben.","og_url":"https:\/\/www.organisator.ch\/de\/marketing\/2024-10-21\/scholtysik-gewinnt-branding-mandat-der-pax-gruppe\/","og_site_name":"Organisator","article_publisher":"https:\/\/www.facebook.com\/OrganisatorFachmagazin","article_published_time":"2024-10-21T09:48:09+00:00","article_modified_time":"2024-11-07T11:20:57+00:00","og_image":[{"url":"https:\/\/www.markt-kom.com\/wp-content\/uploads\/2024\/10\/scholtysik_pax_mandatsgewinn_muk-header.jpg","type":"","width":"","height":""}],"author":"galledia","twitter_card":"summary_large_image","twitter_creator":"@admin","schema":{"@context":"https:\/\/schema.org","@graph":[{"@type":"Article","@id":"https:\/\/www.organisator.ch\/marketing\/2024-10-21\/scholtysik-gewinnt-branding-mandat-der-pax-gruppe\/#article","isPartOf":{"@id":"https:\/\/www.organisator.ch\/marketing\/2024-10-21\/scholtysik-gewinnt-branding-mandat-der-pax-gruppe\/"},"author":{"name":"galledia","@id":"https:\/\/www.organisator.ch\/#\/schema\/person\/4e51799071cd2dd1232ac003643ef5f0"},"headline":"Scholtysik gewinnt Branding-Mandat der Pax Gruppe","datePublished":"2024-10-21T09:48:09+00:00","dateModified":"2024-11-07T11:20:57+00:00","mainEntityOfPage":{"@id":"https:\/\/www.organisator.ch\/marketing\/2024-10-21\/scholtysik-gewinnt-branding-mandat-der-pax-gruppe\/"},"wordCount":160,"publisher":{"@id":"https:\/\/www.organisator.ch\/#organization"},"image":{"@id":"https:\/\/www.organisator.ch\/marketing\/2024-10-21\/scholtysik-gewinnt-branding-mandat-der-pax-gruppe\/#primaryimage"},"thumbnailUrl":"https:\/\/www.markt-kom.com\/wp-content\/uploads\/2024\/10\/scholtysik_pax_mandatsgewinn_muk-header.jpg","keywords":["Etats","Scholtysik &amp; Partner","Versicherung"],"articleSection":["MARKETING"],"inLanguage":"de"},{"@type":"WebPage","@id":"https:\/\/www.organisator.ch\/marketing\/2024-10-21\/scholtysik-gewinnt-branding-mandat-der-pax-gruppe\/","url":"https:\/\/www.organisator.ch\/marketing\/2024-10-21\/scholtysik-gewinnt-branding-mandat-der-pax-gruppe\/","name":"Scholtysik gewinnt Branding-Mandat der Pax Gruppe - Organisator","isPartOf":{"@id":"https:\/\/www.organisator.ch\/#website"},"primaryImageOfPage":{"@id":"https:\/\/www.organisator.ch\/marketing\/2024-10-21\/scholtysik-gewinnt-branding-mandat-der-pax-gruppe\/#primaryimage"},"image":{"@id":"https:\/\/www.organisator.ch\/marketing\/2024-10-21\/scholtysik-gewinnt-branding-mandat-der-pax-gruppe\/#primaryimage"},"thumbnailUrl":"https:\/\/www.markt-kom.com\/wp-content\/uploads\/2024\/10\/scholtysik_pax_mandatsgewinn_muk-header.jpg","datePublished":"2024-10-21T09:48:09+00:00","dateModified":"2024-11-07T11:20:57+00:00","description":"Pax entwickelt in Zusammenarbeit mit Scholtysik ihre Markenstrategie weiter, um f\u00fchrend im Bereich Vorsorgel\u00f6sungen zu bleiben.","breadcrumb":{"@id":"https:\/\/www.organisator.ch\/marketing\/2024-10-21\/scholtysik-gewinnt-branding-mandat-der-pax-gruppe\/#breadcrumb"},"inLanguage":"de","potentialAction":[{"@type":"ReadAction","target":["https:\/\/www.organisator.ch\/marketing\/2024-10-21\/scholtysik-gewinnt-branding-mandat-der-pax-gruppe\/"]}]},{"@type":"ImageObject","inLanguage":"de","@id":"https:\/\/www.organisator.ch\/marketing\/2024-10-21\/scholtysik-gewinnt-branding-mandat-der-pax-gruppe\/#primaryimage","url":"https:\/\/www.markt-kom.com\/wp-content\/uploads\/2024\/10\/scholtysik_pax_mandatsgewinn_muk-header.jpg","contentUrl":"https:\/\/www.markt-kom.com\/wp-content\/uploads\/2024\/10\/scholtysik_pax_mandatsgewinn_muk-header.jpg"},{"@type":"BreadcrumbList","@id":"https:\/\/www.organisator.ch\/marketing\/2024-10-21\/scholtysik-gewinnt-branding-mandat-der-pax-gruppe\/#breadcrumb","itemListElement":[{"@type":"ListItem","position":1,"name":"Home","item":"https:\/\/www.organisator.ch\/"},{"@type":"ListItem","position":2,"name":"Scholtysik gewinnt Branding-Mandat der Pax Gruppe"}]},{"@type":"WebSite","@id":"https:\/\/www.organisator.ch\/#website","url":"https:\/\/www.organisator.ch\/","name":"Organisator","description":"Kompetent. Praxisnah. Der ORGANISATOR bereitet in 10 Ausgaben pro Jahr die wesentlichen Themen f\u00fcr F\u00fchrungskr\u00e4fte von KMU auf.","publisher":{"@id":"https:\/\/www.organisator.ch\/#organization"},"potentialAction":[{"@type":"SearchAction","target":{"@type":"EntryPoint","urlTemplate":"https:\/\/www.organisator.ch\/?s={search_term_string}"},"query-input":{"@type":"PropertyValueSpecification","valueRequired":true,"valueName":"search_term_string"}}],"inLanguage":"de"},{"@type":"Organization","@id":"https:\/\/www.organisator.ch\/#organization","name":"Organisator","url":"https:\/\/www.organisator.ch\/","logo":{"@type":"ImageObject","inLanguage":"de","@id":"https:\/\/www.organisator.ch\/#\/schema\/logo\/image\/","url":"https:\/\/www.organisator.ch\/wp-content\/uploads\/2022\/01\/Logo_Organisator_Website.png","contentUrl":"https:\/\/www.organisator.ch\/wp-content\/uploads\/2022\/01\/Logo_Organisator_Website.png","width":800,"height":77,"caption":"Organisator"},"image":{"@id":"https:\/\/www.organisator.ch\/#\/schema\/logo\/image\/"},"sameAs":["https:\/\/www.facebook.com\/OrganisatorFachmagazin","https:\/\/www.linkedin.com\/showcase\/organisator-das-magazin-fr-kmu","https:\/\/www.xing.com\/news\/pages\/organisator-ch-695","https:\/\/www.youtube.com\/channel\/UCGP2Sq0iWaZwT3BdIAQFYpw"]},{"@type":"Person","@id":"https:\/\/www.organisator.ch\/#\/schema\/person\/4e51799071cd2dd1232ac003643ef5f0","name":"galledia","image":{"@type":"ImageObject","inLanguage":"de","@id":"https:\/\/secure.gravatar.com\/avatar\/78a7f90c01fc2bfc875782a0d4922b37cde2cf184ce347b91316d23cd7f69a36?s=96&d=mm&r=g","url":"https:\/\/secure.gravatar.com\/avatar\/78a7f90c01fc2bfc875782a0d4922b37cde2cf184ce347b91316d23cd7f69a36?s=96&d=mm&r=g","contentUrl":"https:\/\/secure.gravatar.com\/avatar\/78a7f90c01fc2bfc875782a0d4922b37cde2cf184ce347b91316d23cd7f69a36?s=96&d=mm&r=g","caption":"galledia"},"sameAs":["https:\/\/x.com\/admin"],"url":"https:\/\/www.organisator.ch\/de\/author\/galledia\/"}]}},"_links":{"self":[{"href":"https:\/\/www.organisator.ch\/de\/wp-json\/wp\/v2\/posts\/31077","targetHints":{"allow":["GET"]}}],"collection":[{"href":"https:\/\/www.organisator.ch\/de\/wp-json\/wp\/v2\/posts"}],"about":[{"href":"https:\/\/www.organisator.ch\/de\/wp-json\/wp\/v2\/types\/post"}],"author":[{"embeddable":true,"href":"https:\/\/www.organisator.ch\/de\/wp-json\/wp\/v2\/users\/8"}],"replies":[{"embeddable":true,"href":"https:\/\/www.organisator.ch\/de\/wp-json\/wp\/v2\/comments?post=31077"}],"version-history":[{"count":4,"href":"https:\/\/www.organisator.ch\/de\/wp-json\/wp\/v2\/posts\/31077\/revisions"}],"predecessor-version":[{"id":31745,"href":"https:\/\/www.organisator.ch\/de\/wp-json\/wp\/v2\/posts\/31077\/revisions\/31745"}],"wp:attachment":[{"href":"https:\/\/www.organisator.ch\/de\/wp-json\/wp\/v2\/media?parent=31077"}],"wp:term":[{"taxonomy":"category","embeddable":true,"href":"https:\/\/www.organisator.ch\/de\/wp-json\/wp\/v2\/categories?post=31077"},{"taxonomy":"post_tag","embeddable":true,"href":"https:\/\/www.organisator.ch\/de\/wp-json\/wp\/v2\/tags?post=31077"}],"curies":[{"name":"wp","href":"https:\/\/api.w.org\/{rel}","templated":true}]}}