{"id":31158,"date":"2024-10-23T10:04:46","date_gmt":"2024-10-23T08:04:46","guid":{"rendered":"https:\/\/www.markt-kom.com\/?p=225393"},"modified":"2024-11-07T11:58:33","modified_gmt":"2024-11-07T10:58:33","slug":"pr-trendmonitor-nennt-die-gefaehrlichsten-ausloeser-fuer-kommunikationskrisen","status":"publish","type":"post","link":"https:\/\/www.organisator.ch\/de\/marketing\/2024-10-23\/pr-trendmonitor-nennt-die-gefaehrlichsten-ausloeser-fuer-kommunikationskrisen\/","title":{"rendered":"PR-Trendmonitor nennt die gef\u00e4hrlichsten Ausl\u00f6ser f\u00fcr Kommunikationskrisen"},"content":{"rendered":"<figure id=\"attachment_225394\" class=\"wp-caption aligncenter\" style=\"width: 1200px\" aria-describedby=\"caption-attachment-225394\"><img class=\"aligncenter wp-image-225394 size-full\" src=\"https:\/\/www.markt-kom.com\/wp-content\/uploads\/2024\/10\/newsaktuell-Infografik-Ausloeser-Kommunikationskrisen-CH.jpg\" alt=\"Ausl\u00f6ser f\u00fcr Kommunikationskrisen\" width=\"1200\" height=\"962\" \/>\r\n<figcaption id=\"caption-attachment-225394\" class=\"wp-caption-text\">(Grafik: News Aktuell\/Per)<\/figcaption>\r\n<\/figure>\r\n<p>Gefragt nach den gef\u00e4hrlichsten Ausl\u00f6sern f\u00fcr Kommunikationskrisen nennt jeder dritte Befragte Desinformation als den h\u00f6chsten Risikofaktor (33 Prozent). Fast ebenso viele PR-Fachleute sind der Meinung, dass das Verschleiern von Fehlern der gr\u00f6sste Krisenbeschleuniger ist (32 Prozent). An dritter Stelle der genannten Ursachen steht f\u00fcr die Befragten pers\u00f6nliches Fehlverhalten der obersten F\u00fchrungsebene (28 Prozent).<\/p>\r\n<p>Shitstorms in den sozialen Medien sind f\u00fcr jede:n Vierte:n der gef\u00e4hrlichste Krisenausl\u00f6ser (25 Prozent), kriminelle Delikte gegen das Unternehmen wie beispielsweise ein Cyberangriff erh\u00f6hen f\u00fcr gut jede:n f\u00fcnfte:n Befragte:n das Krisenpotenzial erheblich (23 Prozent).<\/p>\r\n<p>Etwa jede:r Zehnte sieht ein erh\u00f6htes Krisenrisiko, wenn es im Unternehmen zu staatsanwaltschaftlichen Ermittlungen kommt (13 Prozent), die Produkte fehlerhaft sind (12 Prozent), die eigenen Mitarbeitenden pers\u00f6nliches Fehlverhalten an den Tag legen (12 Prozent) oder der Datenschutz verletzt wird (10 Prozent).<\/p>\r\n<p>Naturereignisse werden dagegen von den meisten Befragten als weniger gef\u00e4hrlich eingestuft: Nur magere 6 Prozent f\u00fcrchten Erdbeben oder Sturmfluten als gef\u00e4hrlichste Ausl\u00f6ser von Kommunikationskrisen. Die geringste Sorge haben die Befragten vor einer m\u00f6glichen Verleumdung durch Wettbewerber (3 Prozent).<\/p>\r\n<h3>Die gef\u00e4hrlichsten Ausl\u00f6ser f\u00fcr Kommunikationskrisen, gem\u00e4ss Befragung<\/h3>\r\n<ol>\r\n\t<li>Falschmeldungen &amp; irref\u00fchrende Informationen 33%<\/li>\r\n\t<li>Vertuschen von Fehlern 32%<\/li>\r\n\t<li>Pers\u00f6nliches Fehlverhalten des Managements 28%<\/li>\r\n\t<li>Social-Media-Shitstorm 25%<\/li>\r\n\t<li>Kriminalit\u00e4t (z.B. Cyberattacken) 23%<\/li>\r\n\t<li>Mangelnde Transparenz 22%<\/li>\r\n\t<li>Versagen des Topmanagements 22%<\/li>\r\n\t<li>Compliance-Probleme 20%<\/li>\r\n\t<li>Staatsanwaltschaftliche Ermittlungen 13%<\/li>\r\n\t<li>Fehlerhafte Produkte 12%<\/li>\r\n\t<li>Pers\u00f6nliches Fehlverhalten von Mitarbeitenden 12%<\/li>\r\n\t<li>Datenschutzverletzungen 10%<\/li>\r\n\t<li>Wirtschaftliche Probleme 9%<\/li>\r\n\t<li>Schlechte Arbeitsbedingungen 8%<\/li>\r\n\t<li>Schlechter Service 8%<\/li>\r\n\t<li>Naturereignisse (z.B. Sturmflut, Erdbeben) 6%<\/li>\r\n\t<li>Verleumdung durch Wettbewerber 3%<\/li>\r\n<\/ol>\r\n<hr \/>\r\n<p><em>Im Rahmen des <strong><a href=\"https:\/\/www.newsaktuell.de\/blog\/search\/?s=PR-Trendmonitor\">PR-Trendmonitors von News Aktuell und Per<\/a><\/strong> wurde eine Online-Befragung im Februar 2024 unter 327 Kommunikationsprofis aus Unternehmen, Organisationen und PR-Agenturen in der Schweiz und in Deutschland durchgef\u00fchrt. Es waren maximal drei Nennungen m\u00f6glich.<\/em><\/p>","protected":false},"excerpt":{"rendered":"<p>Falschmeldungen und irref\u00fchrende Informationen sind die gr\u00f6ssten Krisentreiber in der Kommunikation. Auch das Vertuschen von Fehlern sowie pers\u00f6nliches Fehlverhalten des Managements f\u00fchren h\u00e4ufig zu einer Unternehmenskrise. Zu diesen Ergebnissen kommt der PR-Trendmonitor von news aktuell und PER. An der Umfrage haben 327 PR-Fach- und F\u00fchrungskr\u00e4fte aus der Schweiz und aus Deutschland teilgenommen.<\/p>\n","protected":false},"author":8,"featured_media":0,"comment_status":"closed","ping_status":"closed","sticky":false,"template":"","format":"standard","meta":{"_acf_changed":false,"_yoast_wpseo_focuskw":"Ausl\u00f6ser f\u00fcr Kommunikationskrisen","_yoast_wpseo_metadesc":"Desinformation und Fehlerverdeckung sind laut Umfrage die gr\u00f6\u00dften Ausl\u00f6ser f\u00fcr Kommunikationskrisen.","articlekey":"","footnotes":""},"categories":[29],"tags":[4343,4497,4671,459],"class_list":["post-31158","post","type-post","status-publish","format-standard","hentry","category-marketing","tag-markom","tag-news-aktuell","tag-pr-trendmonitor","tag-studie"],"acf":[],"yoast_head":"<!-- This site is optimized with the Yoast SEO plugin v27.5 - https:\/\/yoast.com\/product\/yoast-seo-wordpress\/ -->\n<title>PR-Trendmonitor nennt die gef\u00e4hrlichsten Ausl\u00f6ser f\u00fcr Kommunikationskrisen - Organisator<\/title>\n<meta name=\"description\" content=\"Desinformation und Fehlerverdeckung sind laut Umfrage die gr\u00f6\u00dften Ausl\u00f6ser f\u00fcr Kommunikationskrisen.\" \/>\n<meta name=\"robots\" content=\"index, follow, max-snippet:-1, max-image-preview:large, max-video-preview:-1\" \/>\n<link rel=\"canonical\" href=\"https:\/\/www.organisator.ch\/de\/marketing\/2024-10-23\/pr-trendmonitor-nennt-die-gefaehrlichsten-ausloeser-fuer-kommunikationskrisen\/\" \/>\n<meta property=\"og:locale\" content=\"de_DE\" \/>\n<meta property=\"og:type\" content=\"article\" \/>\n<meta property=\"og:title\" content=\"PR-Trendmonitor nennt die gef\u00e4hrlichsten Ausl\u00f6ser f\u00fcr Kommunikationskrisen - Organisator\" \/>\n<meta property=\"og:description\" content=\"Desinformation und Fehlerverdeckung sind laut Umfrage die gr\u00f6\u00dften Ausl\u00f6ser f\u00fcr Kommunikationskrisen.\" \/>\n<meta property=\"og:url\" content=\"https:\/\/www.organisator.ch\/de\/marketing\/2024-10-23\/pr-trendmonitor-nennt-die-gefaehrlichsten-ausloeser-fuer-kommunikationskrisen\/\" \/>\n<meta property=\"og:site_name\" content=\"Organisator\" \/>\n<meta property=\"article:publisher\" content=\"https:\/\/www.facebook.com\/OrganisatorFachmagazin\" \/>\n<meta property=\"article:published_time\" content=\"2024-10-23T08:04:46+00:00\" \/>\n<meta property=\"article:modified_time\" content=\"2024-11-07T10:58:33+00:00\" \/>\n<meta property=\"og:image\" content=\"https:\/\/www.markt-kom.com\/wp-content\/uploads\/2024\/10\/newsaktuell-Infografik-Ausloeser-Kommunikationskrisen-CH.jpg\" \/>\n<meta name=\"author\" content=\"galledia\" \/>\n<meta name=\"twitter:card\" content=\"summary_large_image\" \/>\n<meta name=\"twitter:creator\" content=\"@admin\" \/>\n<script type=\"application\/ld+json\" class=\"yoast-schema-graph\">{\"@context\":\"https:\\\/\\\/schema.org\",\"@graph\":[{\"@type\":\"Article\",\"@id\":\"https:\\\/\\\/www.organisator.ch\\\/marketing\\\/2024-10-23\\\/pr-trendmonitor-nennt-die-gefaehrlichsten-ausloeser-fuer-kommunikationskrisen\\\/#article\",\"isPartOf\":{\"@id\":\"https:\\\/\\\/www.organisator.ch\\\/marketing\\\/2024-10-23\\\/pr-trendmonitor-nennt-die-gefaehrlichsten-ausloeser-fuer-kommunikationskrisen\\\/\"},\"author\":{\"name\":\"galledia\",\"@id\":\"https:\\\/\\\/www.organisator.ch\\\/#\\\/schema\\\/person\\\/4e51799071cd2dd1232ac003643ef5f0\"},\"headline\":\"PR-Trendmonitor nennt die gef\u00e4hrlichsten Ausl\u00f6ser f\u00fcr Kommunikationskrisen\",\"datePublished\":\"2024-10-23T08:04:46+00:00\",\"dateModified\":\"2024-11-07T10:58:33+00:00\",\"mainEntityOfPage\":{\"@id\":\"https:\\\/\\\/www.organisator.ch\\\/marketing\\\/2024-10-23\\\/pr-trendmonitor-nennt-die-gefaehrlichsten-ausloeser-fuer-kommunikationskrisen\\\/\"},\"wordCount\":292,\"publisher\":{\"@id\":\"https:\\\/\\\/www.organisator.ch\\\/#organization\"},\"image\":{\"@id\":\"https:\\\/\\\/www.organisator.ch\\\/marketing\\\/2024-10-23\\\/pr-trendmonitor-nennt-die-gefaehrlichsten-ausloeser-fuer-kommunikationskrisen\\\/#primaryimage\"},\"thumbnailUrl\":\"https:\\\/\\\/www.markt-kom.com\\\/wp-content\\\/uploads\\\/2024\\\/10\\\/newsaktuell-Infografik-Ausloeser-Kommunikationskrisen-CH.jpg\",\"keywords\":[\"MarKom\",\"News Aktuell\",\"PR-Trendmonitor\",\"Studie\"],\"articleSection\":[\"MARKETING\"],\"inLanguage\":\"de\"},{\"@type\":\"WebPage\",\"@id\":\"https:\\\/\\\/www.organisator.ch\\\/marketing\\\/2024-10-23\\\/pr-trendmonitor-nennt-die-gefaehrlichsten-ausloeser-fuer-kommunikationskrisen\\\/\",\"url\":\"https:\\\/\\\/www.organisator.ch\\\/marketing\\\/2024-10-23\\\/pr-trendmonitor-nennt-die-gefaehrlichsten-ausloeser-fuer-kommunikationskrisen\\\/\",\"name\":\"PR-Trendmonitor nennt die gef\u00e4hrlichsten Ausl\u00f6ser f\u00fcr Kommunikationskrisen - Organisator\",\"isPartOf\":{\"@id\":\"https:\\\/\\\/www.organisator.ch\\\/#website\"},\"primaryImageOfPage\":{\"@id\":\"https:\\\/\\\/www.organisator.ch\\\/marketing\\\/2024-10-23\\\/pr-trendmonitor-nennt-die-gefaehrlichsten-ausloeser-fuer-kommunikationskrisen\\\/#primaryimage\"},\"image\":{\"@id\":\"https:\\\/\\\/www.organisator.ch\\\/marketing\\\/2024-10-23\\\/pr-trendmonitor-nennt-die-gefaehrlichsten-ausloeser-fuer-kommunikationskrisen\\\/#primaryimage\"},\"thumbnailUrl\":\"https:\\\/\\\/www.markt-kom.com\\\/wp-content\\\/uploads\\\/2024\\\/10\\\/newsaktuell-Infografik-Ausloeser-Kommunikationskrisen-CH.jpg\",\"datePublished\":\"2024-10-23T08:04:46+00:00\",\"dateModified\":\"2024-11-07T10:58:33+00:00\",\"description\":\"Desinformation und Fehlerverdeckung sind laut Umfrage die gr\u00f6\u00dften Ausl\u00f6ser f\u00fcr Kommunikationskrisen.\",\"breadcrumb\":{\"@id\":\"https:\\\/\\\/www.organisator.ch\\\/marketing\\\/2024-10-23\\\/pr-trendmonitor-nennt-die-gefaehrlichsten-ausloeser-fuer-kommunikationskrisen\\\/#breadcrumb\"},\"inLanguage\":\"de\",\"potentialAction\":[{\"@type\":\"ReadAction\",\"target\":[\"https:\\\/\\\/www.organisator.ch\\\/marketing\\\/2024-10-23\\\/pr-trendmonitor-nennt-die-gefaehrlichsten-ausloeser-fuer-kommunikationskrisen\\\/\"]}]},{\"@type\":\"ImageObject\",\"inLanguage\":\"de\",\"@id\":\"https:\\\/\\\/www.organisator.ch\\\/marketing\\\/2024-10-23\\\/pr-trendmonitor-nennt-die-gefaehrlichsten-ausloeser-fuer-kommunikationskrisen\\\/#primaryimage\",\"url\":\"https:\\\/\\\/www.markt-kom.com\\\/wp-content\\\/uploads\\\/2024\\\/10\\\/newsaktuell-Infografik-Ausloeser-Kommunikationskrisen-CH.jpg\",\"contentUrl\":\"https:\\\/\\\/www.markt-kom.com\\\/wp-content\\\/uploads\\\/2024\\\/10\\\/newsaktuell-Infografik-Ausloeser-Kommunikationskrisen-CH.jpg\"},{\"@type\":\"BreadcrumbList\",\"@id\":\"https:\\\/\\\/www.organisator.ch\\\/marketing\\\/2024-10-23\\\/pr-trendmonitor-nennt-die-gefaehrlichsten-ausloeser-fuer-kommunikationskrisen\\\/#breadcrumb\",\"itemListElement\":[{\"@type\":\"ListItem\",\"position\":1,\"name\":\"Home\",\"item\":\"https:\\\/\\\/www.organisator.ch\\\/\"},{\"@type\":\"ListItem\",\"position\":2,\"name\":\"PR-Trendmonitor nennt die gef\u00e4hrlichsten Ausl\u00f6ser f\u00fcr Kommunikationskrisen\"}]},{\"@type\":\"WebSite\",\"@id\":\"https:\\\/\\\/www.organisator.ch\\\/#website\",\"url\":\"https:\\\/\\\/www.organisator.ch\\\/\",\"name\":\"Organisator\",\"description\":\"Kompetent. Praxisnah. Der ORGANISATOR bereitet in 10 Ausgaben pro Jahr die wesentlichen Themen f\u00fcr F\u00fchrungskr\u00e4fte von KMU auf.\",\"publisher\":{\"@id\":\"https:\\\/\\\/www.organisator.ch\\\/#organization\"},\"potentialAction\":[{\"@type\":\"SearchAction\",\"target\":{\"@type\":\"EntryPoint\",\"urlTemplate\":\"https:\\\/\\\/www.organisator.ch\\\/?s={search_term_string}\"},\"query-input\":{\"@type\":\"PropertyValueSpecification\",\"valueRequired\":true,\"valueName\":\"search_term_string\"}}],\"inLanguage\":\"de\"},{\"@type\":\"Organization\",\"@id\":\"https:\\\/\\\/www.organisator.ch\\\/#organization\",\"name\":\"Organisator\",\"url\":\"https:\\\/\\\/www.organisator.ch\\\/\",\"logo\":{\"@type\":\"ImageObject\",\"inLanguage\":\"de\",\"@id\":\"https:\\\/\\\/www.organisator.ch\\\/#\\\/schema\\\/logo\\\/image\\\/\",\"url\":\"https:\\\/\\\/www.organisator.ch\\\/wp-content\\\/uploads\\\/2022\\\/01\\\/Logo_Organisator_Website.png\",\"contentUrl\":\"https:\\\/\\\/www.organisator.ch\\\/wp-content\\\/uploads\\\/2022\\\/01\\\/Logo_Organisator_Website.png\",\"width\":800,\"height\":77,\"caption\":\"Organisator\"},\"image\":{\"@id\":\"https:\\\/\\\/www.organisator.ch\\\/#\\\/schema\\\/logo\\\/image\\\/\"},\"sameAs\":[\"https:\\\/\\\/www.facebook.com\\\/OrganisatorFachmagazin\",\"https:\\\/\\\/www.linkedin.com\\\/showcase\\\/organisator-das-magazin-fr-kmu\",\"https:\\\/\\\/www.xing.com\\\/news\\\/pages\\\/organisator-ch-695\",\"https:\\\/\\\/www.youtube.com\\\/channel\\\/UCGP2Sq0iWaZwT3BdIAQFYpw\"]},{\"@type\":\"Person\",\"@id\":\"https:\\\/\\\/www.organisator.ch\\\/#\\\/schema\\\/person\\\/4e51799071cd2dd1232ac003643ef5f0\",\"name\":\"galledia\",\"image\":{\"@type\":\"ImageObject\",\"inLanguage\":\"de\",\"@id\":\"https:\\\/\\\/secure.gravatar.com\\\/avatar\\\/78a7f90c01fc2bfc875782a0d4922b37cde2cf184ce347b91316d23cd7f69a36?s=96&d=mm&r=g\",\"url\":\"https:\\\/\\\/secure.gravatar.com\\\/avatar\\\/78a7f90c01fc2bfc875782a0d4922b37cde2cf184ce347b91316d23cd7f69a36?s=96&d=mm&r=g\",\"contentUrl\":\"https:\\\/\\\/secure.gravatar.com\\\/avatar\\\/78a7f90c01fc2bfc875782a0d4922b37cde2cf184ce347b91316d23cd7f69a36?s=96&d=mm&r=g\",\"caption\":\"galledia\"},\"sameAs\":[\"https:\\\/\\\/x.com\\\/admin\"],\"url\":\"https:\\\/\\\/www.organisator.ch\\\/de\\\/author\\\/galledia\\\/\"}]}<\/script>\n<!-- \/ Yoast SEO plugin. -->","yoast_head_json":{"title":"PR-Trendmonitor nennt die gef\u00e4hrlichsten Ausl\u00f6ser f\u00fcr Kommunikationskrisen - Organisator","description":"Desinformation und Fehlerverdeckung sind laut Umfrage die gr\u00f6\u00dften Ausl\u00f6ser f\u00fcr Kommunikationskrisen.","robots":{"index":"index","follow":"follow","max-snippet":"max-snippet:-1","max-image-preview":"max-image-preview:large","max-video-preview":"max-video-preview:-1"},"canonical":"https:\/\/www.organisator.ch\/de\/marketing\/2024-10-23\/pr-trendmonitor-nennt-die-gefaehrlichsten-ausloeser-fuer-kommunikationskrisen\/","og_locale":"de_DE","og_type":"article","og_title":"PR-Trendmonitor nennt die gef\u00e4hrlichsten Ausl\u00f6ser f\u00fcr Kommunikationskrisen - Organisator","og_description":"Desinformation und Fehlerverdeckung sind laut Umfrage die gr\u00f6\u00dften Ausl\u00f6ser f\u00fcr Kommunikationskrisen.","og_url":"https:\/\/www.organisator.ch\/de\/marketing\/2024-10-23\/pr-trendmonitor-nennt-die-gefaehrlichsten-ausloeser-fuer-kommunikationskrisen\/","og_site_name":"Organisator","article_publisher":"https:\/\/www.facebook.com\/OrganisatorFachmagazin","article_published_time":"2024-10-23T08:04:46+00:00","article_modified_time":"2024-11-07T10:58:33+00:00","og_image":[{"url":"https:\/\/www.markt-kom.com\/wp-content\/uploads\/2024\/10\/newsaktuell-Infografik-Ausloeser-Kommunikationskrisen-CH.jpg","type":"","width":"","height":""}],"author":"galledia","twitter_card":"summary_large_image","twitter_creator":"@admin","schema":{"@context":"https:\/\/schema.org","@graph":[{"@type":"Article","@id":"https:\/\/www.organisator.ch\/marketing\/2024-10-23\/pr-trendmonitor-nennt-die-gefaehrlichsten-ausloeser-fuer-kommunikationskrisen\/#article","isPartOf":{"@id":"https:\/\/www.organisator.ch\/marketing\/2024-10-23\/pr-trendmonitor-nennt-die-gefaehrlichsten-ausloeser-fuer-kommunikationskrisen\/"},"author":{"name":"galledia","@id":"https:\/\/www.organisator.ch\/#\/schema\/person\/4e51799071cd2dd1232ac003643ef5f0"},"headline":"PR-Trendmonitor nennt die gef\u00e4hrlichsten Ausl\u00f6ser f\u00fcr Kommunikationskrisen","datePublished":"2024-10-23T08:04:46+00:00","dateModified":"2024-11-07T10:58:33+00:00","mainEntityOfPage":{"@id":"https:\/\/www.organisator.ch\/marketing\/2024-10-23\/pr-trendmonitor-nennt-die-gefaehrlichsten-ausloeser-fuer-kommunikationskrisen\/"},"wordCount":292,"publisher":{"@id":"https:\/\/www.organisator.ch\/#organization"},"image":{"@id":"https:\/\/www.organisator.ch\/marketing\/2024-10-23\/pr-trendmonitor-nennt-die-gefaehrlichsten-ausloeser-fuer-kommunikationskrisen\/#primaryimage"},"thumbnailUrl":"https:\/\/www.markt-kom.com\/wp-content\/uploads\/2024\/10\/newsaktuell-Infografik-Ausloeser-Kommunikationskrisen-CH.jpg","keywords":["MarKom","News Aktuell","PR-Trendmonitor","Studie"],"articleSection":["MARKETING"],"inLanguage":"de"},{"@type":"WebPage","@id":"https:\/\/www.organisator.ch\/marketing\/2024-10-23\/pr-trendmonitor-nennt-die-gefaehrlichsten-ausloeser-fuer-kommunikationskrisen\/","url":"https:\/\/www.organisator.ch\/marketing\/2024-10-23\/pr-trendmonitor-nennt-die-gefaehrlichsten-ausloeser-fuer-kommunikationskrisen\/","name":"PR-Trendmonitor nennt die gef\u00e4hrlichsten Ausl\u00f6ser f\u00fcr Kommunikationskrisen - Organisator","isPartOf":{"@id":"https:\/\/www.organisator.ch\/#website"},"primaryImageOfPage":{"@id":"https:\/\/www.organisator.ch\/marketing\/2024-10-23\/pr-trendmonitor-nennt-die-gefaehrlichsten-ausloeser-fuer-kommunikationskrisen\/#primaryimage"},"image":{"@id":"https:\/\/www.organisator.ch\/marketing\/2024-10-23\/pr-trendmonitor-nennt-die-gefaehrlichsten-ausloeser-fuer-kommunikationskrisen\/#primaryimage"},"thumbnailUrl":"https:\/\/www.markt-kom.com\/wp-content\/uploads\/2024\/10\/newsaktuell-Infografik-Ausloeser-Kommunikationskrisen-CH.jpg","datePublished":"2024-10-23T08:04:46+00:00","dateModified":"2024-11-07T10:58:33+00:00","description":"Desinformation und Fehlerverdeckung sind laut Umfrage die gr\u00f6\u00dften Ausl\u00f6ser f\u00fcr Kommunikationskrisen.","breadcrumb":{"@id":"https:\/\/www.organisator.ch\/marketing\/2024-10-23\/pr-trendmonitor-nennt-die-gefaehrlichsten-ausloeser-fuer-kommunikationskrisen\/#breadcrumb"},"inLanguage":"de","potentialAction":[{"@type":"ReadAction","target":["https:\/\/www.organisator.ch\/marketing\/2024-10-23\/pr-trendmonitor-nennt-die-gefaehrlichsten-ausloeser-fuer-kommunikationskrisen\/"]}]},{"@type":"ImageObject","inLanguage":"de","@id":"https:\/\/www.organisator.ch\/marketing\/2024-10-23\/pr-trendmonitor-nennt-die-gefaehrlichsten-ausloeser-fuer-kommunikationskrisen\/#primaryimage","url":"https:\/\/www.markt-kom.com\/wp-content\/uploads\/2024\/10\/newsaktuell-Infografik-Ausloeser-Kommunikationskrisen-CH.jpg","contentUrl":"https:\/\/www.markt-kom.com\/wp-content\/uploads\/2024\/10\/newsaktuell-Infografik-Ausloeser-Kommunikationskrisen-CH.jpg"},{"@type":"BreadcrumbList","@id":"https:\/\/www.organisator.ch\/marketing\/2024-10-23\/pr-trendmonitor-nennt-die-gefaehrlichsten-ausloeser-fuer-kommunikationskrisen\/#breadcrumb","itemListElement":[{"@type":"ListItem","position":1,"name":"Home","item":"https:\/\/www.organisator.ch\/"},{"@type":"ListItem","position":2,"name":"PR-Trendmonitor nennt die gef\u00e4hrlichsten Ausl\u00f6ser f\u00fcr Kommunikationskrisen"}]},{"@type":"WebSite","@id":"https:\/\/www.organisator.ch\/#website","url":"https:\/\/www.organisator.ch\/","name":"Organisator","description":"Kompetent. Praxisnah. Der ORGANISATOR bereitet in 10 Ausgaben pro Jahr die wesentlichen Themen f\u00fcr F\u00fchrungskr\u00e4fte von KMU auf.","publisher":{"@id":"https:\/\/www.organisator.ch\/#organization"},"potentialAction":[{"@type":"SearchAction","target":{"@type":"EntryPoint","urlTemplate":"https:\/\/www.organisator.ch\/?s={search_term_string}"},"query-input":{"@type":"PropertyValueSpecification","valueRequired":true,"valueName":"search_term_string"}}],"inLanguage":"de"},{"@type":"Organization","@id":"https:\/\/www.organisator.ch\/#organization","name":"Organisator","url":"https:\/\/www.organisator.ch\/","logo":{"@type":"ImageObject","inLanguage":"de","@id":"https:\/\/www.organisator.ch\/#\/schema\/logo\/image\/","url":"https:\/\/www.organisator.ch\/wp-content\/uploads\/2022\/01\/Logo_Organisator_Website.png","contentUrl":"https:\/\/www.organisator.ch\/wp-content\/uploads\/2022\/01\/Logo_Organisator_Website.png","width":800,"height":77,"caption":"Organisator"},"image":{"@id":"https:\/\/www.organisator.ch\/#\/schema\/logo\/image\/"},"sameAs":["https:\/\/www.facebook.com\/OrganisatorFachmagazin","https:\/\/www.linkedin.com\/showcase\/organisator-das-magazin-fr-kmu","https:\/\/www.xing.com\/news\/pages\/organisator-ch-695","https:\/\/www.youtube.com\/channel\/UCGP2Sq0iWaZwT3BdIAQFYpw"]},{"@type":"Person","@id":"https:\/\/www.organisator.ch\/#\/schema\/person\/4e51799071cd2dd1232ac003643ef5f0","name":"galledia","image":{"@type":"ImageObject","inLanguage":"de","@id":"https:\/\/secure.gravatar.com\/avatar\/78a7f90c01fc2bfc875782a0d4922b37cde2cf184ce347b91316d23cd7f69a36?s=96&d=mm&r=g","url":"https:\/\/secure.gravatar.com\/avatar\/78a7f90c01fc2bfc875782a0d4922b37cde2cf184ce347b91316d23cd7f69a36?s=96&d=mm&r=g","contentUrl":"https:\/\/secure.gravatar.com\/avatar\/78a7f90c01fc2bfc875782a0d4922b37cde2cf184ce347b91316d23cd7f69a36?s=96&d=mm&r=g","caption":"galledia"},"sameAs":["https:\/\/x.com\/admin"],"url":"https:\/\/www.organisator.ch\/de\/author\/galledia\/"}]}},"_links":{"self":[{"href":"https:\/\/www.organisator.ch\/de\/wp-json\/wp\/v2\/posts\/31158","targetHints":{"allow":["GET"]}}],"collection":[{"href":"https:\/\/www.organisator.ch\/de\/wp-json\/wp\/v2\/posts"}],"about":[{"href":"https:\/\/www.organisator.ch\/de\/wp-json\/wp\/v2\/types\/post"}],"author":[{"embeddable":true,"href":"https:\/\/www.organisator.ch\/de\/wp-json\/wp\/v2\/users\/8"}],"replies":[{"embeddable":true,"href":"https:\/\/www.organisator.ch\/de\/wp-json\/wp\/v2\/comments?post=31158"}],"version-history":[{"count":6,"href":"https:\/\/www.organisator.ch\/de\/wp-json\/wp\/v2\/posts\/31158\/revisions"}],"predecessor-version":[{"id":31730,"href":"https:\/\/www.organisator.ch\/de\/wp-json\/wp\/v2\/posts\/31158\/revisions\/31730"}],"wp:attachment":[{"href":"https:\/\/www.organisator.ch\/de\/wp-json\/wp\/v2\/media?parent=31158"}],"wp:term":[{"taxonomy":"category","embeddable":true,"href":"https:\/\/www.organisator.ch\/de\/wp-json\/wp\/v2\/categories?post=31158"},{"taxonomy":"post_tag","embeddable":true,"href":"https:\/\/www.organisator.ch\/de\/wp-json\/wp\/v2\/tags?post=31158"}],"curies":[{"name":"wp","href":"https:\/\/api.w.org\/{rel}","templated":true}]}}