{"id":31167,"date":"2024-10-24T01:43:20","date_gmt":"2024-10-23T23:43:20","guid":{"rendered":"https:\/\/www.markt-kom.com\/?p=225403"},"modified":"2024-11-07T11:54:56","modified_gmt":"2024-11-07T10:54:56","slug":"effie-awards-switzerland-2024-nochmals-silber-fuer-farner-und-wirz-2","status":"publish","type":"post","link":"https:\/\/www.organisator.ch\/de\/marketing\/2024-10-24\/effie-awards-switzerland-2024-nochmals-silber-fuer-farner-und-wirz-2\/","title":{"rendered":"Effie Awards Switzerland 2024: Nochmals Silber f\u00fcr Farner und Wirz"},"content":{"rendered":"<p><img class=\"aligncenter wp-image-225409 size-full\" src=\"https:\/\/www.markt-kom.com\/wp-content\/uploads\/2024\/10\/silber-2-gewinner-innen-effie.jpg\" alt=\"Effie Awards Switzerland\" width=\"1125\" height=\"743\" \/><\/p>\r\n<p>Die Effie Awards Switzerland werden vom Verband der f\u00fchrenden Kommunikationsagenturen der Schweiz Leading Swiss Agencies organisiert und zeichnen die effektivsten Marketingkampagnen der vergangenen beiden Jahre aus. F\u00fcr die diesj\u00e4hrige Ausgabe haben 59 Jury-Mitglieder in einer ersten Jurierungsrunde 34 herausragende Kampagnen als Finalisten gek\u00fcrt.\u00a0<em>m&amp;k\u00a0<\/em>war mit dabei und hat sich verschiedene Insights von der Jury geholt\u00a0<em><a href=\"https:\/\/www.markt-kom.com\/markom\/awards\/die-finalisten-der-effie-awards-switzerland-2024-stehen-fest\/\" rel=\"noopener\">(Markt-kom.com berichtete)<\/a>.<\/em><\/p>\r\n<p>Aus diesen 34 Kampagnen haben 20 Juror:innen in der zweiten Jurierungsrunde nun insgesamt 24 Kampagnen mit Metall ausgezeichnet. Die Jurierungen fanden unter der Leitung des Jury-Pr\u00e4sidenten Peter Felser und der Effie-Leitung statt.<\/p>\r\n<p>Welche 24 Kampagnen gewonnen haben, enth\u00fcllt <em>m&amp;k\u00a0<\/em>aktuell in verschiedenen Etappen enth\u00fcllen. Am 13. November werden die Gewinner:innen 2024 an der Award-Show gefeiert.<\/p>\r\n<p>Nachdem bereits alle Bronze sowie die ersten Silber-Gewnner:innen bekannt sind, werden nun die letzten Silber-Effies bekanntgegeben, darunter eine zweite Silber-Auszeichnung sowohl f\u00fcr Wirz als auch f\u00fcr Farner.<\/p>\r\n<hr \/>\r\n<p><strong>Geschichte Schreiben (Kategorie: Doing Good\/Positive Change)<\/strong><\/p>\r\n<p><em>Islam startete von einem aussichtlosen Listenplatz. Durch die Kampagne von Farner wurde er von rund 10\u2018000 W\u00e4hler:innen mehr gew\u00e4hlt und schaffte es in den Nationalrat.<\/em><\/p>\r\n<p><img class=\"aligncenter size-full wp-image-225406\" src=\"https:\/\/www.markt-kom.com\/wp-content\/uploads\/2024\/10\/Islam-Alijaj.jpg\" alt=\"\" width=\"1200\" height=\"675\" \/><\/p>\r\n<p>Politische Inklusionskommunikation setzt oft auf Mitleid und ist vor allem deshalb nicht erfolgreich.\u00a0In der Kampagne von Farner war deshalb das Ziel,\u00a0Islam Alijaj nicht als Mensch mit Behinderungen zu zeigen und gleichzeitig Menschen mit und ohne Behinderungen zu\u00a0bef\u00e4higen, ihn im Wahlkampf zu unterst\u00fctzen. Alijaj wurde letztlich mit 95\u2018000 Stimmen sensationell in den Nationalrat gew\u00e4hlt und verschaffte dem Thema Inklusion eine in der Schweiz bislang unerreichte Aufmerksamkeit.<\/p>\r\n<ul>\r\n\t<li><strong>Auftraggeber: <\/strong>Islam Alijaj<\/li>\r\n\t<li><strong>Leadagentur: <\/strong>Farner \/ Team Farner<\/li>\r\n<\/ul>\r\n<div class=\"wp-video\" style=\"width: 768px\"><!-- [if lt IE 9]&gt;document.createElement('video');&lt;![endif]--> <video id=\"video-225403-1\" class=\"wp-video-shortcode\" preload=\"metadata\" controls=\"controls\" width=\"768\" height=\"432\"><a href=\"https:\/\/www.markt-kom.com\/wp-content\/uploads\/2024\/10\/OS24_PR069M_0.mp4\">https:\/\/www.markt-kom.com\/wp-content\/uploads\/2024\/10\/OS24_PR069M_0.mp4<\/a><\/video><\/div>\r\n<hr \/>\r\n<p><strong>Denner \u2013 Dogs (Kategorie: Brand Image)<\/strong><\/p>\r\n<p><em>Die \u00fcberraschende Kampagne vermag es, nicht nur die Herzen der Konsument:innen zu gewinnen, sondern sie auch \u00f6fter in die Filiale zu bringen. Mit einer Kundenfrequenzsteigerung von +3,8%.<\/em><\/p>\r\n<p><img class=\"aligncenter size-full wp-image-225407\" src=\"https:\/\/www.markt-kom.com\/wp-content\/uploads\/2024\/10\/Denner-dogs-Thjnk.jpg\" alt=\"\" width=\"1200\" height=\"628\" \/><\/p>\r\n<p>Denner beweist mit der <a href=\"https:\/\/www.markt-kom.com\/de\/kreativity\/kampagnen\/thjnk-zuerich-leinen-los-die-denner-dogs-sind-da\/\" rel=\"noopener\">Imagekampagne 2022<\/a> eine eindrucksvolle Effektivit\u00e4t und Effizienz: Die Kampagne erzielt nicht nur \u00fcberzeugende Recall-Werte (52%, +22 PP \u00fcber Benchmark), sondern erreicht punkto Markensympathie einen deutlichen Uplift (71%, +11 PP \u00fcber Benchmark). Zus\u00e4tzlich schafft es die Kampagne, dass Denner h\u00e4ufiger als Einkaufsort in Betracht gezogen wird (49%, +10 PP \u00fcber Benchmark) und vermag es nicht zuletzt, die Kund:innenfrequenz um ganze +3,8% gegen\u00fcber dem Vorjahr zu steigern \u2013 und dies trotz eines r\u00fcckl\u00e4ufigen Gesamtmarktes.<\/p>\r\n<p>Diese Werte zeugen von einer hervorragenden Leistung hinsichtlich Kreation und Media-Orchestrierung, zumal Denner mit seinem begrenzten Media-Budget innerhalb der Kategorie gegen Werberiesen wie Migros oder Coop antreten muss.<\/p>\r\n<ul>\r\n\t<li><strong>Auftraggeber: <\/strong>Denner<\/li>\r\n\t<li><strong>Leadagentur: <\/strong>Thjnk Z\u00fcrich<\/li>\r\n\t<li><strong>Weitere Agenturen \/ Unternehmen: <\/strong>JBW Media<\/li>\r\n<\/ul>\r\n<p><\/p>\r\n<hr \/>\r\n<p><strong>CSS Herbstkampagne 2023 (Kategorie: Marketing Automation)<\/strong><\/p>\r\n<p><em>Mit der CSS-Herbstkampagne konnte die Steigerung der Abschl\u00fcsse in der obligatorischen Grundversicherung gegen\u00fcber dem Vorjahr um 45% erh\u00f6ht werden.<\/em><\/p>\r\n<p><img class=\"aligncenter size-full wp-image-225405\" src=\"https:\/\/www.markt-kom.com\/wp-content\/uploads\/2024\/10\/CSS-Herbstkampagne-2023.jpg\" alt=\"\" width=\"1200\" height=\"675\" \/><\/p>\r\n<p>Die Kampagne 2023 setzt auf k\u00fcnstliche Intelligenz in Kreation und Media sowie auf einen ganzheitlichen, nutzer:innenzentrierten Ansatz \u00fcber alle Touchpoints hinweg. Ein revolution\u00e4rer Schritt in der Kommunikation von Versicherungen, der jedes individuelle Userverhalten perfekt bedient.<\/p>\r\n<ul>\r\n\t<li><strong>Auftraggeber: <\/strong>CSS Kranken-Versicherung<\/li>\r\n\t<li><strong>Leadagenturen: <\/strong>Digitas Switzerland \/ Webrepublic<\/li>\r\n\t<li><strong>Weitere Agenturen \/ Unternehmen: <\/strong>Hutter Consult<\/li>\r\n<\/ul>","protected":false},"excerpt":{"rendered":"<p>Im Vorfeld der Effie Award-Night berichtet m&amp;k kontinuierlich \u00fcber die diesj\u00e4hrigen Gewinnerprojekte. F\u00fcr Farner und Wirz gibt es je einen zweiten Silber-Effie. Zudem wird auch eine Kampagne von Digitas und Webrepublic ausgezeichnet.<\/p>\n","protected":false},"author":8,"featured_media":0,"comment_status":"closed","ping_status":"closed","sticky":false,"template":"","format":"standard","meta":{"_acf_changed":false,"_yoast_wpseo_focuskw":"Effie Awards Switzerland","_yoast_wpseo_metadesc":"Effie Awards Switzerland 2024 zeichnen die effektivsten Marketingkampagnen aus. Jury w\u00e4hlt 34 Finalisten und 24 Gewinner.","articlekey":"","footnotes":""},"categories":[29],"tags":[66,4559],"class_list":["post-31167","post","type-post","status-publish","format-standard","hentry","category-marketing","tag-awards","tag-effie-awards-switzerland"],"acf":[],"yoast_head":"<!-- This site is optimized with the Yoast SEO plugin v27.5 - https:\/\/yoast.com\/product\/yoast-seo-wordpress\/ -->\n<title>Effie Awards Switzerland 2024: Nochmals Silber f\u00fcr Farner und Wirz - Organisator<\/title>\n<meta name=\"description\" content=\"Effie Awards Switzerland 2024 zeichnen die effektivsten Marketingkampagnen aus. Jury w\u00e4hlt 34 Finalisten und 24 Gewinner.\" \/>\n<meta name=\"robots\" content=\"index, follow, max-snippet:-1, max-image-preview:large, max-video-preview:-1\" \/>\n<link rel=\"canonical\" href=\"https:\/\/www.organisator.ch\/de\/marketing\/2024-10-24\/effie-awards-switzerland-2024-nochmals-silber-fuer-farner-und-wirz-2\/\" \/>\n<meta property=\"og:locale\" content=\"de_DE\" \/>\n<meta property=\"og:type\" content=\"article\" \/>\n<meta property=\"og:title\" content=\"Effie Awards Switzerland 2024: Nochmals Silber f\u00fcr Farner und Wirz - Organisator\" \/>\n<meta property=\"og:description\" content=\"Effie Awards Switzerland 2024 zeichnen die effektivsten Marketingkampagnen aus. Jury w\u00e4hlt 34 Finalisten und 24 Gewinner.\" \/>\n<meta property=\"og:url\" content=\"https:\/\/www.organisator.ch\/de\/marketing\/2024-10-24\/effie-awards-switzerland-2024-nochmals-silber-fuer-farner-und-wirz-2\/\" \/>\n<meta property=\"og:site_name\" content=\"Organisator\" \/>\n<meta property=\"article:publisher\" content=\"https:\/\/www.facebook.com\/OrganisatorFachmagazin\" \/>\n<meta property=\"article:published_time\" content=\"2024-10-23T23:43:20+00:00\" \/>\n<meta property=\"article:modified_time\" content=\"2024-11-07T10:54:56+00:00\" \/>\n<meta property=\"og:image\" content=\"https:\/\/www.markt-kom.com\/wp-content\/uploads\/2024\/10\/silber-2-gewinner-innen-effie.jpg\" \/>\n<meta name=\"author\" content=\"galledia\" \/>\n<meta name=\"twitter:card\" content=\"summary_large_image\" \/>\n<meta name=\"twitter:creator\" content=\"@admin\" \/>\n<script type=\"application\/ld+json\" class=\"yoast-schema-graph\">{\"@context\":\"https:\\\/\\\/schema.org\",\"@graph\":[{\"@type\":\"Article\",\"@id\":\"https:\\\/\\\/www.organisator.ch\\\/marketing\\\/2024-10-24\\\/effie-awards-switzerland-2024-nochmals-silber-fuer-farner-und-wirz-2\\\/#article\",\"isPartOf\":{\"@id\":\"https:\\\/\\\/www.organisator.ch\\\/marketing\\\/2024-10-24\\\/effie-awards-switzerland-2024-nochmals-silber-fuer-farner-und-wirz-2\\\/\"},\"author\":{\"name\":\"galledia\",\"@id\":\"https:\\\/\\\/www.organisator.ch\\\/#\\\/schema\\\/person\\\/4e51799071cd2dd1232ac003643ef5f0\"},\"headline\":\"Effie Awards Switzerland 2024: Nochmals Silber f\u00fcr Farner und Wirz\",\"datePublished\":\"2024-10-23T23:43:20+00:00\",\"dateModified\":\"2024-11-07T10:54:56+00:00\",\"mainEntityOfPage\":{\"@id\":\"https:\\\/\\\/www.organisator.ch\\\/marketing\\\/2024-10-24\\\/effie-awards-switzerland-2024-nochmals-silber-fuer-farner-und-wirz-2\\\/\"},\"wordCount\":500,\"publisher\":{\"@id\":\"https:\\\/\\\/www.organisator.ch\\\/#organization\"},\"image\":{\"@id\":\"https:\\\/\\\/www.organisator.ch\\\/marketing\\\/2024-10-24\\\/effie-awards-switzerland-2024-nochmals-silber-fuer-farner-und-wirz-2\\\/#primaryimage\"},\"thumbnailUrl\":\"https:\\\/\\\/www.markt-kom.com\\\/wp-content\\\/uploads\\\/2024\\\/10\\\/silber-2-gewinner-innen-effie.jpg\",\"keywords\":[\"Awards\",\"Effie Awards Switzerland\"],\"articleSection\":[\"MARKETING\"],\"inLanguage\":\"de\"},{\"@type\":\"WebPage\",\"@id\":\"https:\\\/\\\/www.organisator.ch\\\/marketing\\\/2024-10-24\\\/effie-awards-switzerland-2024-nochmals-silber-fuer-farner-und-wirz-2\\\/\",\"url\":\"https:\\\/\\\/www.organisator.ch\\\/marketing\\\/2024-10-24\\\/effie-awards-switzerland-2024-nochmals-silber-fuer-farner-und-wirz-2\\\/\",\"name\":\"Effie Awards Switzerland 2024: Nochmals Silber f\u00fcr Farner und Wirz - Organisator\",\"isPartOf\":{\"@id\":\"https:\\\/\\\/www.organisator.ch\\\/#website\"},\"primaryImageOfPage\":{\"@id\":\"https:\\\/\\\/www.organisator.ch\\\/marketing\\\/2024-10-24\\\/effie-awards-switzerland-2024-nochmals-silber-fuer-farner-und-wirz-2\\\/#primaryimage\"},\"image\":{\"@id\":\"https:\\\/\\\/www.organisator.ch\\\/marketing\\\/2024-10-24\\\/effie-awards-switzerland-2024-nochmals-silber-fuer-farner-und-wirz-2\\\/#primaryimage\"},\"thumbnailUrl\":\"https:\\\/\\\/www.markt-kom.com\\\/wp-content\\\/uploads\\\/2024\\\/10\\\/silber-2-gewinner-innen-effie.jpg\",\"datePublished\":\"2024-10-23T23:43:20+00:00\",\"dateModified\":\"2024-11-07T10:54:56+00:00\",\"description\":\"Effie Awards Switzerland 2024 zeichnen die effektivsten Marketingkampagnen aus. Jury w\u00e4hlt 34 Finalisten und 24 Gewinner.\",\"breadcrumb\":{\"@id\":\"https:\\\/\\\/www.organisator.ch\\\/marketing\\\/2024-10-24\\\/effie-awards-switzerland-2024-nochmals-silber-fuer-farner-und-wirz-2\\\/#breadcrumb\"},\"inLanguage\":\"de\",\"potentialAction\":[{\"@type\":\"ReadAction\",\"target\":[\"https:\\\/\\\/www.organisator.ch\\\/marketing\\\/2024-10-24\\\/effie-awards-switzerland-2024-nochmals-silber-fuer-farner-und-wirz-2\\\/\"]}]},{\"@type\":\"ImageObject\",\"inLanguage\":\"de\",\"@id\":\"https:\\\/\\\/www.organisator.ch\\\/marketing\\\/2024-10-24\\\/effie-awards-switzerland-2024-nochmals-silber-fuer-farner-und-wirz-2\\\/#primaryimage\",\"url\":\"https:\\\/\\\/www.markt-kom.com\\\/wp-content\\\/uploads\\\/2024\\\/10\\\/silber-2-gewinner-innen-effie.jpg\",\"contentUrl\":\"https:\\\/\\\/www.markt-kom.com\\\/wp-content\\\/uploads\\\/2024\\\/10\\\/silber-2-gewinner-innen-effie.jpg\"},{\"@type\":\"BreadcrumbList\",\"@id\":\"https:\\\/\\\/www.organisator.ch\\\/marketing\\\/2024-10-24\\\/effie-awards-switzerland-2024-nochmals-silber-fuer-farner-und-wirz-2\\\/#breadcrumb\",\"itemListElement\":[{\"@type\":\"ListItem\",\"position\":1,\"name\":\"Home\",\"item\":\"https:\\\/\\\/www.organisator.ch\\\/\"},{\"@type\":\"ListItem\",\"position\":2,\"name\":\"Effie Awards Switzerland 2024: Nochmals Silber f\u00fcr Farner und Wirz\"}]},{\"@type\":\"WebSite\",\"@id\":\"https:\\\/\\\/www.organisator.ch\\\/#website\",\"url\":\"https:\\\/\\\/www.organisator.ch\\\/\",\"name\":\"Organisator\",\"description\":\"Kompetent. Praxisnah. Der ORGANISATOR bereitet in 10 Ausgaben pro Jahr die wesentlichen Themen f\u00fcr F\u00fchrungskr\u00e4fte von KMU auf.\",\"publisher\":{\"@id\":\"https:\\\/\\\/www.organisator.ch\\\/#organization\"},\"potentialAction\":[{\"@type\":\"SearchAction\",\"target\":{\"@type\":\"EntryPoint\",\"urlTemplate\":\"https:\\\/\\\/www.organisator.ch\\\/?s={search_term_string}\"},\"query-input\":{\"@type\":\"PropertyValueSpecification\",\"valueRequired\":true,\"valueName\":\"search_term_string\"}}],\"inLanguage\":\"de\"},{\"@type\":\"Organization\",\"@id\":\"https:\\\/\\\/www.organisator.ch\\\/#organization\",\"name\":\"Organisator\",\"url\":\"https:\\\/\\\/www.organisator.ch\\\/\",\"logo\":{\"@type\":\"ImageObject\",\"inLanguage\":\"de\",\"@id\":\"https:\\\/\\\/www.organisator.ch\\\/#\\\/schema\\\/logo\\\/image\\\/\",\"url\":\"https:\\\/\\\/www.organisator.ch\\\/wp-content\\\/uploads\\\/2022\\\/01\\\/Logo_Organisator_Website.png\",\"contentUrl\":\"https:\\\/\\\/www.organisator.ch\\\/wp-content\\\/uploads\\\/2022\\\/01\\\/Logo_Organisator_Website.png\",\"width\":800,\"height\":77,\"caption\":\"Organisator\"},\"image\":{\"@id\":\"https:\\\/\\\/www.organisator.ch\\\/#\\\/schema\\\/logo\\\/image\\\/\"},\"sameAs\":[\"https:\\\/\\\/www.facebook.com\\\/OrganisatorFachmagazin\",\"https:\\\/\\\/www.linkedin.com\\\/showcase\\\/organisator-das-magazin-fr-kmu\",\"https:\\\/\\\/www.xing.com\\\/news\\\/pages\\\/organisator-ch-695\",\"https:\\\/\\\/www.youtube.com\\\/channel\\\/UCGP2Sq0iWaZwT3BdIAQFYpw\"]},{\"@type\":\"Person\",\"@id\":\"https:\\\/\\\/www.organisator.ch\\\/#\\\/schema\\\/person\\\/4e51799071cd2dd1232ac003643ef5f0\",\"name\":\"galledia\",\"image\":{\"@type\":\"ImageObject\",\"inLanguage\":\"de\",\"@id\":\"https:\\\/\\\/secure.gravatar.com\\\/avatar\\\/78a7f90c01fc2bfc875782a0d4922b37cde2cf184ce347b91316d23cd7f69a36?s=96&d=mm&r=g\",\"url\":\"https:\\\/\\\/secure.gravatar.com\\\/avatar\\\/78a7f90c01fc2bfc875782a0d4922b37cde2cf184ce347b91316d23cd7f69a36?s=96&d=mm&r=g\",\"contentUrl\":\"https:\\\/\\\/secure.gravatar.com\\\/avatar\\\/78a7f90c01fc2bfc875782a0d4922b37cde2cf184ce347b91316d23cd7f69a36?s=96&d=mm&r=g\",\"caption\":\"galledia\"},\"sameAs\":[\"https:\\\/\\\/x.com\\\/admin\"],\"url\":\"https:\\\/\\\/www.organisator.ch\\\/de\\\/author\\\/galledia\\\/\"}]}<\/script>\n<!-- \/ Yoast SEO plugin. -->","yoast_head_json":{"title":"Effie Awards Switzerland 2024: Nochmals Silber f\u00fcr Farner und Wirz - Organisator","description":"Effie Awards Switzerland 2024 zeichnen die effektivsten Marketingkampagnen aus. Jury w\u00e4hlt 34 Finalisten und 24 Gewinner.","robots":{"index":"index","follow":"follow","max-snippet":"max-snippet:-1","max-image-preview":"max-image-preview:large","max-video-preview":"max-video-preview:-1"},"canonical":"https:\/\/www.organisator.ch\/de\/marketing\/2024-10-24\/effie-awards-switzerland-2024-nochmals-silber-fuer-farner-und-wirz-2\/","og_locale":"de_DE","og_type":"article","og_title":"Effie Awards Switzerland 2024: Nochmals Silber f\u00fcr Farner und Wirz - Organisator","og_description":"Effie Awards Switzerland 2024 zeichnen die effektivsten Marketingkampagnen aus. Jury w\u00e4hlt 34 Finalisten und 24 Gewinner.","og_url":"https:\/\/www.organisator.ch\/de\/marketing\/2024-10-24\/effie-awards-switzerland-2024-nochmals-silber-fuer-farner-und-wirz-2\/","og_site_name":"Organisator","article_publisher":"https:\/\/www.facebook.com\/OrganisatorFachmagazin","article_published_time":"2024-10-23T23:43:20+00:00","article_modified_time":"2024-11-07T10:54:56+00:00","og_image":[{"url":"https:\/\/www.markt-kom.com\/wp-content\/uploads\/2024\/10\/silber-2-gewinner-innen-effie.jpg","type":"","width":"","height":""}],"author":"galledia","twitter_card":"summary_large_image","twitter_creator":"@admin","schema":{"@context":"https:\/\/schema.org","@graph":[{"@type":"Article","@id":"https:\/\/www.organisator.ch\/marketing\/2024-10-24\/effie-awards-switzerland-2024-nochmals-silber-fuer-farner-und-wirz-2\/#article","isPartOf":{"@id":"https:\/\/www.organisator.ch\/marketing\/2024-10-24\/effie-awards-switzerland-2024-nochmals-silber-fuer-farner-und-wirz-2\/"},"author":{"name":"galledia","@id":"https:\/\/www.organisator.ch\/#\/schema\/person\/4e51799071cd2dd1232ac003643ef5f0"},"headline":"Effie Awards Switzerland 2024: Nochmals Silber f\u00fcr Farner und Wirz","datePublished":"2024-10-23T23:43:20+00:00","dateModified":"2024-11-07T10:54:56+00:00","mainEntityOfPage":{"@id":"https:\/\/www.organisator.ch\/marketing\/2024-10-24\/effie-awards-switzerland-2024-nochmals-silber-fuer-farner-und-wirz-2\/"},"wordCount":500,"publisher":{"@id":"https:\/\/www.organisator.ch\/#organization"},"image":{"@id":"https:\/\/www.organisator.ch\/marketing\/2024-10-24\/effie-awards-switzerland-2024-nochmals-silber-fuer-farner-und-wirz-2\/#primaryimage"},"thumbnailUrl":"https:\/\/www.markt-kom.com\/wp-content\/uploads\/2024\/10\/silber-2-gewinner-innen-effie.jpg","keywords":["Awards","Effie Awards Switzerland"],"articleSection":["MARKETING"],"inLanguage":"de"},{"@type":"WebPage","@id":"https:\/\/www.organisator.ch\/marketing\/2024-10-24\/effie-awards-switzerland-2024-nochmals-silber-fuer-farner-und-wirz-2\/","url":"https:\/\/www.organisator.ch\/marketing\/2024-10-24\/effie-awards-switzerland-2024-nochmals-silber-fuer-farner-und-wirz-2\/","name":"Effie Awards Switzerland 2024: Nochmals Silber f\u00fcr Farner und Wirz - Organisator","isPartOf":{"@id":"https:\/\/www.organisator.ch\/#website"},"primaryImageOfPage":{"@id":"https:\/\/www.organisator.ch\/marketing\/2024-10-24\/effie-awards-switzerland-2024-nochmals-silber-fuer-farner-und-wirz-2\/#primaryimage"},"image":{"@id":"https:\/\/www.organisator.ch\/marketing\/2024-10-24\/effie-awards-switzerland-2024-nochmals-silber-fuer-farner-und-wirz-2\/#primaryimage"},"thumbnailUrl":"https:\/\/www.markt-kom.com\/wp-content\/uploads\/2024\/10\/silber-2-gewinner-innen-effie.jpg","datePublished":"2024-10-23T23:43:20+00:00","dateModified":"2024-11-07T10:54:56+00:00","description":"Effie Awards Switzerland 2024 zeichnen die effektivsten Marketingkampagnen aus. Jury w\u00e4hlt 34 Finalisten und 24 Gewinner.","breadcrumb":{"@id":"https:\/\/www.organisator.ch\/marketing\/2024-10-24\/effie-awards-switzerland-2024-nochmals-silber-fuer-farner-und-wirz-2\/#breadcrumb"},"inLanguage":"de","potentialAction":[{"@type":"ReadAction","target":["https:\/\/www.organisator.ch\/marketing\/2024-10-24\/effie-awards-switzerland-2024-nochmals-silber-fuer-farner-und-wirz-2\/"]}]},{"@type":"ImageObject","inLanguage":"de","@id":"https:\/\/www.organisator.ch\/marketing\/2024-10-24\/effie-awards-switzerland-2024-nochmals-silber-fuer-farner-und-wirz-2\/#primaryimage","url":"https:\/\/www.markt-kom.com\/wp-content\/uploads\/2024\/10\/silber-2-gewinner-innen-effie.jpg","contentUrl":"https:\/\/www.markt-kom.com\/wp-content\/uploads\/2024\/10\/silber-2-gewinner-innen-effie.jpg"},{"@type":"BreadcrumbList","@id":"https:\/\/www.organisator.ch\/marketing\/2024-10-24\/effie-awards-switzerland-2024-nochmals-silber-fuer-farner-und-wirz-2\/#breadcrumb","itemListElement":[{"@type":"ListItem","position":1,"name":"Home","item":"https:\/\/www.organisator.ch\/"},{"@type":"ListItem","position":2,"name":"Effie Awards Switzerland 2024: Nochmals Silber f\u00fcr Farner und Wirz"}]},{"@type":"WebSite","@id":"https:\/\/www.organisator.ch\/#website","url":"https:\/\/www.organisator.ch\/","name":"Organisator","description":"Kompetent. Praxisnah. Der ORGANISATOR bereitet in 10 Ausgaben pro Jahr die wesentlichen Themen f\u00fcr F\u00fchrungskr\u00e4fte von KMU auf.","publisher":{"@id":"https:\/\/www.organisator.ch\/#organization"},"potentialAction":[{"@type":"SearchAction","target":{"@type":"EntryPoint","urlTemplate":"https:\/\/www.organisator.ch\/?s={search_term_string}"},"query-input":{"@type":"PropertyValueSpecification","valueRequired":true,"valueName":"search_term_string"}}],"inLanguage":"de"},{"@type":"Organization","@id":"https:\/\/www.organisator.ch\/#organization","name":"Organisator","url":"https:\/\/www.organisator.ch\/","logo":{"@type":"ImageObject","inLanguage":"de","@id":"https:\/\/www.organisator.ch\/#\/schema\/logo\/image\/","url":"https:\/\/www.organisator.ch\/wp-content\/uploads\/2022\/01\/Logo_Organisator_Website.png","contentUrl":"https:\/\/www.organisator.ch\/wp-content\/uploads\/2022\/01\/Logo_Organisator_Website.png","width":800,"height":77,"caption":"Organisator"},"image":{"@id":"https:\/\/www.organisator.ch\/#\/schema\/logo\/image\/"},"sameAs":["https:\/\/www.facebook.com\/OrganisatorFachmagazin","https:\/\/www.linkedin.com\/showcase\/organisator-das-magazin-fr-kmu","https:\/\/www.xing.com\/news\/pages\/organisator-ch-695","https:\/\/www.youtube.com\/channel\/UCGP2Sq0iWaZwT3BdIAQFYpw"]},{"@type":"Person","@id":"https:\/\/www.organisator.ch\/#\/schema\/person\/4e51799071cd2dd1232ac003643ef5f0","name":"galledia","image":{"@type":"ImageObject","inLanguage":"de","@id":"https:\/\/secure.gravatar.com\/avatar\/78a7f90c01fc2bfc875782a0d4922b37cde2cf184ce347b91316d23cd7f69a36?s=96&d=mm&r=g","url":"https:\/\/secure.gravatar.com\/avatar\/78a7f90c01fc2bfc875782a0d4922b37cde2cf184ce347b91316d23cd7f69a36?s=96&d=mm&r=g","contentUrl":"https:\/\/secure.gravatar.com\/avatar\/78a7f90c01fc2bfc875782a0d4922b37cde2cf184ce347b91316d23cd7f69a36?s=96&d=mm&r=g","caption":"galledia"},"sameAs":["https:\/\/x.com\/admin"],"url":"https:\/\/www.organisator.ch\/de\/author\/galledia\/"}]}},"_links":{"self":[{"href":"https:\/\/www.organisator.ch\/de\/wp-json\/wp\/v2\/posts\/31167","targetHints":{"allow":["GET"]}}],"collection":[{"href":"https:\/\/www.organisator.ch\/de\/wp-json\/wp\/v2\/posts"}],"about":[{"href":"https:\/\/www.organisator.ch\/de\/wp-json\/wp\/v2\/types\/post"}],"author":[{"embeddable":true,"href":"https:\/\/www.organisator.ch\/de\/wp-json\/wp\/v2\/users\/8"}],"replies":[{"embeddable":true,"href":"https:\/\/www.organisator.ch\/de\/wp-json\/wp\/v2\/comments?post=31167"}],"version-history":[{"count":6,"href":"https:\/\/www.organisator.ch\/de\/wp-json\/wp\/v2\/posts\/31167\/revisions"}],"predecessor-version":[{"id":31728,"href":"https:\/\/www.organisator.ch\/de\/wp-json\/wp\/v2\/posts\/31167\/revisions\/31728"}],"wp:attachment":[{"href":"https:\/\/www.organisator.ch\/de\/wp-json\/wp\/v2\/media?parent=31167"}],"wp:term":[{"taxonomy":"category","embeddable":true,"href":"https:\/\/www.organisator.ch\/de\/wp-json\/wp\/v2\/categories?post=31167"},{"taxonomy":"post_tag","embeddable":true,"href":"https:\/\/www.organisator.ch\/de\/wp-json\/wp\/v2\/tags?post=31167"}],"curies":[{"name":"wp","href":"https:\/\/api.w.org\/{rel}","templated":true}]}}