{"id":31188,"date":"2024-10-24T11:45:17","date_gmt":"2024-10-24T09:45:17","guid":{"rendered":"https:\/\/www.organisator.ch\/?p=31188"},"modified":"2024-10-24T11:45:17","modified_gmt":"2024-10-24T09:45:17","slug":"deutlich-weniger-offene-stellen-als-vor-einem-jahr","status":"publish","type":"post","link":"https:\/\/www.organisator.ch\/de\/management\/2024-10-24\/deutlich-weniger-offene-stellen-als-vor-einem-jahr\/","title":{"rendered":"Deutlich weniger offene Stellen als vor einem Jahr"},"content":{"rendered":"<figure id=\"attachment_31190\" aria-describedby=\"caption-attachment-31190\" style=\"width: 680px\" class=\"wp-caption alignnone\"><img loading=\"lazy\" decoding=\"async\" class=\"size-full wp-image-31190\" src=\"https:\/\/www.organisator.ch\/wp-content\/uploads\/2024\/10\/Adecco_Bild1_ps-1.jpg\" alt=\"\" width=\"680\" height=\"375\" srcset=\"https:\/\/www.organisator.ch\/wp-content\/uploads\/2024\/10\/Adecco_Bild1_ps-1.jpg 680w, https:\/\/www.organisator.ch\/wp-content\/uploads\/2024\/10\/Adecco_Bild1_ps-1-18x10.jpg 18w, https:\/\/www.organisator.ch\/wp-content\/uploads\/2024\/10\/Adecco_Bild1_ps-1-375x207.jpg 375w, https:\/\/www.organisator.ch\/wp-content\/uploads\/2024\/10\/Adecco_Bild1_ps-1-635x350.jpg 635w\" sizes=\"auto, (max-width: 680px) 100vw, 680px\" \/><figcaption id=\"caption-attachment-31190\" class=\"wp-caption-text\">Stellenentwicklung in der Baubranche vs. generelle Entwicklung aller offenen Stellen. (Bild: www.adeccogroup.com)<\/figcaption><\/figure>\n<p>Dies zeigt der Adecco Group Swiss Job Market Index, die wissenschaftlich fundierte Studie der Adecco Gruppe Schweiz und des Stellenmarkt-Monitors Schweiz der Universit\u00e4t Z\u00fcrich.<\/p>\n<h3><strong>Aktuelle Entwicklung <\/strong><\/h3>\n<p>Der Adecco Group Swiss Job Market Index bleibt im dritten Quartal 2024 stabil. Damit findet der negative Trend der letzten drei Quartale vorerst ein Ende. Die Anzahl offener Stellen hat sich gegen\u00fcber dem zweiten Quartal 2024 geringf\u00fcgig um 2 Prozent erh\u00f6ht und stagniert somit auf einem \u00e4hnlichen Niveau. Im Vergleich zum Vorjahresquartal (Q3 2023) liegt der Indexwert um 12 Prozent tiefer.<\/p>\n<p>\u00abObwohl der Job Index 12 Prozent unter dem Vorjahreswert liegt und die Zahl der Arbeitslosen im September im Vergleich zum Vorjahr um mehr als 22&#8217;400 Personen gestiegen ist, gibt es auch Anzeichen positiver Entwicklungen. So f\u00e4llt die Anzahl offener Stellen im dritten Quartal nicht weiter. Zudem sind im Sommer die Besch\u00e4ftigungsaussichten der Schweizer Unternehmen ersten Mal seit zwei Jahren wieder gestiegen. Auch ein Blick auf das KOF Konjunkturbarometer deutet darauf hin, dass sich die Schweizer Wirtschaft langsam wieder erholt. Allerdings h\u00e4ngt diese Erholung davon ab, wie sich die geopolitische Lage entwickelt\u00bb, sagt Marcel Keller, Country President Adecco Gruppe Schweiz.<\/p>\n<h3><strong>Schweizer Bauberufe: Trotz leichtem R\u00fcckgang bleibt Nachfrage hoch<\/strong><\/h3>\n<p>Das Baugewerbe ist eine wichtige St\u00fctze der Schweizer Wirtschaft. Gem\u00e4ss dem Schweizer Baumeisterverband tr\u00e4gt die Baubranche 10 % zum Bruttoinlandprodukt der Schweiz bei und im Jahr 2023 waren gem\u00e4ss dem Bundesamt f\u00fcr Statistik 6,6 % der Erwerbst\u00e4tigen im Baugewerbe t\u00e4tig. Die bedeutende Stellung des Baugewerbes zeigt sich auch in der Nachfrage nach Baufachkr\u00e4ften: In den letzten acht Jahren hat die Nachfrage nach Bauberufen massiv zugenommen. Seit 2016 hat sich die Anzahl offener Stellen um 70 % erh\u00f6ht. Zudem verlief die Stellenentwicklung f\u00fcr Baufachkr\u00e4fte dynamischer als die gesamtschweizerische Stellenentwicklung.<\/p>\n<h3><strong>Corona-Pandemie befl\u00fcgelt Nachfrage nach Baufachkr\u00e4ften <\/strong><\/h3>\n<p>Bemerkenswert ist, dass die Stellenentwicklung insbesondere nach dem Pandemiejahr 2020 rasant zunahm. Trotz Herausforderungen zu Beginn der Pandemie im Fr\u00fchjahr 2020 blieb die Nachfrage stabil, da umfassende Baustellenschliessungen nur vereinzelt und kurzzeitig auftraten. Ab 2021 setzte ein deutlicher Aufw\u00e4rtstrend in der Stellenentwicklung ein, der im Jahr 2023 seinen H\u00f6hepunkt erreichte. Die starke wirtschaftliche Erholung, das aufgrund der Negativzinsen g\u00fcnstige Finanzierungsumfeld und die durch Homeoffice ver\u00e4nderten Lebensumst\u00e4nde f\u00fchrten zu einer erh\u00f6hten Nachfrage nach Bau- und Ausbaumassnahmen. Dies befeuerte die Nachfrage nach Baufachkr\u00e4ften.<\/p>\n<h3><strong>Gebremster Aufw\u00e4rtstrend <\/strong><\/h3>\n<p>Aktuell ist zu beobachten, dass der positive Trend der letzten Jahre vorerst gebremst wurde. Im Jahr 2024 ist die Zahl der offenen Stellen im Vergleich zum Vorjahr um 7\u202fProzent zur\u00fcckgegangen. Daf\u00fcr gibt es mehrere Gr\u00fcnde: Zum einen hat sich das Wirtschaftswachstum verlangsamt, wodurch Unternehmen bei Bauinvestitionen vorsichtiger agieren. Zum anderen verteuert das Ende der Tiefzins\u00e4ra seit Ende 2022 Investitionen in Immobilien, insbesondere in Wohnbauprojekte. Dazu treiben die hohen Baumaterialpreise die Kosten f\u00fcr Bauprojekte weiter in die H\u00f6he. Diese Faktoren f\u00fchren zu weniger neuen Auftr\u00e4gen, geringerer Baut\u00e4tigkeit und letztlich zu einer sinkenden Nachfrage nach Baufachkr\u00e4ften.<\/p>\n<p>Besonders Berufe mit Planungs- und Leitungsfunktionen verzeichnen im Vergleich zum Vorjahr eine negative Stellenentwicklung. So ist die Zahl der ausgeschriebenen Stellen f\u00fcr Architekt:innen und Bauingenieur:innen um 17\u202fProzent zur\u00fcckgegangen. Die Berufsgruppe der Bauf\u00fchrer:innen, Polier:innen und Vorarbeiter:innen des Bauhauptgewerbes weist 9\u202fProzent weniger Vakanzen auf. Im Vergleich dazu erlebt die Berufsgruppe der Ausbaufachkr\u00e4fte und verwandter Berufe (z.\u202fB. Dachdecker:innen, Glaser:innen oder Maler:innen) einen R\u00fcckgang der Stelleninserate von 5\u202fProzent. Die geringste negative Entwicklung zeigt sich bei den Baufachkr\u00e4ften und verwandten Berufen (z. B. Schreiner:innen, Bootbauer:innen oder Storenmonteur:innen), die mit 2 Prozent weniger ausgeschriebenen Stellen nahezu auf dem Niveau des Vorjahres bleiben.<\/p>\n<h3><strong>Zukunftsaussichten: Anhaltende Nachfrage nach Baufachkr\u00e4ften erwartet <\/strong><\/h3>\n<p>Obwohl die Anzahl offener Stellen f\u00fcr Baufachkr\u00e4fte im aktuellen Jahr etwas abgenommen hat, bleiben die Stellenausschreibungen auf einem historisch hohen Niveau. Zudem deutet vieles darauf hin, dass Baufachkr\u00e4fte auch in Zukunft stark gefragt sein werden. Laut einer Studie des Schweizerischen Baumeisterverbands werden im Jahr 2040 etwa 16\u202f% des ben\u00f6tigten Personals\u2014das entspricht rund 5.600 Fachkr\u00e4ften\u2014im Bauhauptgewerbe fehlen.<\/p>\n<p>\u00abDie wachsende Bev\u00f6lkerung und die begrenzte Anzahl an leerstehenden Wohnungen werden zu einer gesteigerten Nachfrage nach Wohnraum und einer erh\u00f6hten Baut\u00e4tigkeit f\u00fchren. Hinzu kommt, dass viele Erwerbst\u00e4tige im Baugewerbe kurz vor der Pensionierung stehen. Diese Faktoren werden die Nachfrage nach Baufachkr\u00e4ften auch in Zukunft weiter ankurbeln\u00bb, sagt Yanik Kipfer, Stellenmarkt-Monitor Schweiz.<\/p>\n<p><em>Quelle: <a href=\"http:\/\/www.adeccogroup.com\">www.adeccogroup.com<\/a><\/em><\/p>\n","protected":false},"excerpt":{"rendered":"<p>Die Anzahl offener Stellen ist im Vergleich zum Vorjahr deutlich gesunken, wie der Adecco Group Swiss Job Market Index mit dem Quartalsfokus Bau zeigt. Doch im dritten Quartal 2024 hat sich die Lage stabilisiert: Das Stellenangebot nimmt ganz leicht zu. Eine wichtige St\u00fctze der Schweizer Wirtschaft ist das Baugewerbe. Obwohl auch bei den Bauberufen die Zahl der offenen Stellen im Vergleich zum Vorjahr gesunken ist, bleibt die Nachfrage nach diesen Fachkr\u00e4ften weiterhin auf einem hohen Niveau. Zudem wird in Zukunft ein weiterer Anstieg des Bedarfs an Baufachkr\u00e4ften erwartet. <\/p>\n","protected":false},"author":58,"featured_media":31190,"comment_status":"closed","ping_status":"closed","sticky":false,"template":"","format":"standard","meta":{"_acf_changed":false,"_yoast_wpseo_focuskw":"Offene Stellen","_yoast_wpseo_metadesc":"Die Anzahl offener Stellen ist im Vergleich zum Vorjahr deutlich gesunken, wie der Adecco Group Swiss Job Market Index zeigt.","articlekey":"","footnotes":""},"categories":[28],"tags":[4674,4072,334,492],"class_list":["post-31188","post","type-post","status-publish","format-standard","has-post-thumbnail","hentry","category-management","tag-bauberufe","tag-index","tag-management","tag-unternehmen"],"acf":[],"yoast_head":"<!-- This site is optimized with the Yoast SEO plugin v27.5 - https:\/\/yoast.com\/product\/yoast-seo-wordpress\/ -->\n<title>Deutlich weniger offene Stellen als vor einem Jahr - Organisator<\/title>\n<meta name=\"description\" content=\"Die Anzahl offener Stellen ist im Vergleich zum Vorjahr deutlich gesunken, wie der Adecco Group Swiss Job Market Index zeigt.\" \/>\n<meta name=\"robots\" content=\"index, follow, max-snippet:-1, max-image-preview:large, max-video-preview:-1\" \/>\n<link rel=\"canonical\" href=\"https:\/\/www.organisator.ch\/de\/management\/2024-10-24\/deutlich-weniger-offene-stellen-als-vor-einem-jahr\/\" \/>\n<meta property=\"og:locale\" content=\"de_DE\" \/>\n<meta property=\"og:type\" content=\"article\" \/>\n<meta property=\"og:title\" content=\"Deutlich weniger offene Stellen als vor einem Jahr\" \/>\n<meta property=\"og:description\" content=\"Die Anzahl offener Stellen ist im Vergleich zum Vorjahr deutlich gesunken, wie der Adecco Group Swiss Job Market Index zeigt.\" \/>\n<meta property=\"og:url\" content=\"https:\/\/www.organisator.ch\/de\/management\/2024-10-24\/deutlich-weniger-offene-stellen-als-vor-einem-jahr\/\" \/>\n<meta property=\"og:site_name\" content=\"Organisator\" \/>\n<meta property=\"article:publisher\" content=\"https:\/\/www.facebook.com\/OrganisatorFachmagazin\" \/>\n<meta property=\"article:published_time\" content=\"2024-10-24T09:45:17+00:00\" \/>\n<meta property=\"og:image\" content=\"https:\/\/www.organisator.ch\/wp-content\/uploads\/2024\/10\/Adecco_Bild1_ps-1.jpg\" \/>\n\t<meta property=\"og:image:width\" content=\"680\" \/>\n\t<meta property=\"og:image:height\" content=\"375\" \/>\n\t<meta property=\"og:image:type\" content=\"image\/jpeg\" \/>\n<meta name=\"author\" content=\"Adelisa Kalajdzini\" \/>\n<meta name=\"twitter:card\" content=\"summary_large_image\" \/>\n<meta name=\"twitter:title\" content=\"Deutlich weniger offene Stellen als vor einem Jahr\" \/>\n<meta name=\"twitter:description\" content=\"Die Anzahl #offener #Stellen ist im #Vergleich zum #Vorjahr deutlich gesunken, wie der #Adecco #Group #Swiss #Job #Market #Index zeigt.\" \/>\n<meta name=\"twitter:image\" content=\"https:\/\/www.organisator.ch\/wp-content\/uploads\/2024\/10\/Adecco_Bild1_ps-1.jpg\" \/>\n<script type=\"application\/ld+json\" class=\"yoast-schema-graph\">{\"@context\":\"https:\\\/\\\/schema.org\",\"@graph\":[{\"@type\":\"Article\",\"@id\":\"https:\\\/\\\/www.organisator.ch\\\/management\\\/2024-10-24\\\/deutlich-weniger-offene-stellen-als-vor-einem-jahr\\\/#article\",\"isPartOf\":{\"@id\":\"https:\\\/\\\/www.organisator.ch\\\/management\\\/2024-10-24\\\/deutlich-weniger-offene-stellen-als-vor-einem-jahr\\\/\"},\"author\":{\"name\":\"Adelisa Kalajdzini\",\"@id\":\"https:\\\/\\\/www.organisator.ch\\\/#\\\/schema\\\/person\\\/2e1314a2172123f874db408d8911d3f3\"},\"headline\":\"Deutlich weniger offene Stellen als vor einem Jahr\",\"datePublished\":\"2024-10-24T09:45:17+00:00\",\"mainEntityOfPage\":{\"@id\":\"https:\\\/\\\/www.organisator.ch\\\/management\\\/2024-10-24\\\/deutlich-weniger-offene-stellen-als-vor-einem-jahr\\\/\"},\"wordCount\":755,\"publisher\":{\"@id\":\"https:\\\/\\\/www.organisator.ch\\\/#organization\"},\"image\":{\"@id\":\"https:\\\/\\\/www.organisator.ch\\\/management\\\/2024-10-24\\\/deutlich-weniger-offene-stellen-als-vor-einem-jahr\\\/#primaryimage\"},\"thumbnailUrl\":\"https:\\\/\\\/www.organisator.ch\\\/wp-content\\\/uploads\\\/2024\\\/10\\\/Adecco_Bild1_ps-1.jpg\",\"keywords\":[\"Bauberufe\",\"Index\",\"Management\",\"Unternehmen\"],\"articleSection\":[\"MANAGEMENT\"],\"inLanguage\":\"de\"},{\"@type\":\"WebPage\",\"@id\":\"https:\\\/\\\/www.organisator.ch\\\/management\\\/2024-10-24\\\/deutlich-weniger-offene-stellen-als-vor-einem-jahr\\\/\",\"url\":\"https:\\\/\\\/www.organisator.ch\\\/management\\\/2024-10-24\\\/deutlich-weniger-offene-stellen-als-vor-einem-jahr\\\/\",\"name\":\"Deutlich weniger offene Stellen als vor einem Jahr - Organisator\",\"isPartOf\":{\"@id\":\"https:\\\/\\\/www.organisator.ch\\\/#website\"},\"primaryImageOfPage\":{\"@id\":\"https:\\\/\\\/www.organisator.ch\\\/management\\\/2024-10-24\\\/deutlich-weniger-offene-stellen-als-vor-einem-jahr\\\/#primaryimage\"},\"image\":{\"@id\":\"https:\\\/\\\/www.organisator.ch\\\/management\\\/2024-10-24\\\/deutlich-weniger-offene-stellen-als-vor-einem-jahr\\\/#primaryimage\"},\"thumbnailUrl\":\"https:\\\/\\\/www.organisator.ch\\\/wp-content\\\/uploads\\\/2024\\\/10\\\/Adecco_Bild1_ps-1.jpg\",\"datePublished\":\"2024-10-24T09:45:17+00:00\",\"description\":\"Die Anzahl offener Stellen ist im Vergleich zum Vorjahr deutlich gesunken, wie der Adecco Group Swiss Job Market Index zeigt.\",\"breadcrumb\":{\"@id\":\"https:\\\/\\\/www.organisator.ch\\\/management\\\/2024-10-24\\\/deutlich-weniger-offene-stellen-als-vor-einem-jahr\\\/#breadcrumb\"},\"inLanguage\":\"de\",\"potentialAction\":[{\"@type\":\"ReadAction\",\"target\":[\"https:\\\/\\\/www.organisator.ch\\\/management\\\/2024-10-24\\\/deutlich-weniger-offene-stellen-als-vor-einem-jahr\\\/\"]}]},{\"@type\":\"ImageObject\",\"inLanguage\":\"de\",\"@id\":\"https:\\\/\\\/www.organisator.ch\\\/management\\\/2024-10-24\\\/deutlich-weniger-offene-stellen-als-vor-einem-jahr\\\/#primaryimage\",\"url\":\"https:\\\/\\\/www.organisator.ch\\\/wp-content\\\/uploads\\\/2024\\\/10\\\/Adecco_Bild1_ps-1.jpg\",\"contentUrl\":\"https:\\\/\\\/www.organisator.ch\\\/wp-content\\\/uploads\\\/2024\\\/10\\\/Adecco_Bild1_ps-1.jpg\",\"width\":680,\"height\":375,\"caption\":\"Stellenentwicklung in der Baubranche vs. generelle Entwicklung aller offenen Stellen. (Bild: www.adeccogroup.com)\"},{\"@type\":\"BreadcrumbList\",\"@id\":\"https:\\\/\\\/www.organisator.ch\\\/management\\\/2024-10-24\\\/deutlich-weniger-offene-stellen-als-vor-einem-jahr\\\/#breadcrumb\",\"itemListElement\":[{\"@type\":\"ListItem\",\"position\":1,\"name\":\"Home\",\"item\":\"https:\\\/\\\/www.organisator.ch\\\/\"},{\"@type\":\"ListItem\",\"position\":2,\"name\":\"Deutlich weniger offene Stellen als vor einem Jahr\"}]},{\"@type\":\"WebSite\",\"@id\":\"https:\\\/\\\/www.organisator.ch\\\/#website\",\"url\":\"https:\\\/\\\/www.organisator.ch\\\/\",\"name\":\"Organisator\",\"description\":\"Kompetent. Praxisnah. Der ORGANISATOR bereitet in 10 Ausgaben pro Jahr die wesentlichen Themen f\u00fcr F\u00fchrungskr\u00e4fte von KMU auf.\",\"publisher\":{\"@id\":\"https:\\\/\\\/www.organisator.ch\\\/#organization\"},\"potentialAction\":[{\"@type\":\"SearchAction\",\"target\":{\"@type\":\"EntryPoint\",\"urlTemplate\":\"https:\\\/\\\/www.organisator.ch\\\/?s={search_term_string}\"},\"query-input\":{\"@type\":\"PropertyValueSpecification\",\"valueRequired\":true,\"valueName\":\"search_term_string\"}}],\"inLanguage\":\"de\"},{\"@type\":\"Organization\",\"@id\":\"https:\\\/\\\/www.organisator.ch\\\/#organization\",\"name\":\"Organisator\",\"url\":\"https:\\\/\\\/www.organisator.ch\\\/\",\"logo\":{\"@type\":\"ImageObject\",\"inLanguage\":\"de\",\"@id\":\"https:\\\/\\\/www.organisator.ch\\\/#\\\/schema\\\/logo\\\/image\\\/\",\"url\":\"https:\\\/\\\/www.organisator.ch\\\/wp-content\\\/uploads\\\/2022\\\/01\\\/Logo_Organisator_Website.png\",\"contentUrl\":\"https:\\\/\\\/www.organisator.ch\\\/wp-content\\\/uploads\\\/2022\\\/01\\\/Logo_Organisator_Website.png\",\"width\":800,\"height\":77,\"caption\":\"Organisator\"},\"image\":{\"@id\":\"https:\\\/\\\/www.organisator.ch\\\/#\\\/schema\\\/logo\\\/image\\\/\"},\"sameAs\":[\"https:\\\/\\\/www.facebook.com\\\/OrganisatorFachmagazin\",\"https:\\\/\\\/www.linkedin.com\\\/showcase\\\/organisator-das-magazin-fr-kmu\",\"https:\\\/\\\/www.xing.com\\\/news\\\/pages\\\/organisator-ch-695\",\"https:\\\/\\\/www.youtube.com\\\/channel\\\/UCGP2Sq0iWaZwT3BdIAQFYpw\"]},{\"@type\":\"Person\",\"@id\":\"https:\\\/\\\/www.organisator.ch\\\/#\\\/schema\\\/person\\\/2e1314a2172123f874db408d8911d3f3\",\"name\":\"Adelisa Kalajdzini\",\"image\":{\"@type\":\"ImageObject\",\"inLanguage\":\"de\",\"@id\":\"https:\\\/\\\/secure.gravatar.com\\\/avatar\\\/09a397c22ac58cad6f160ee8306348599df9df58a8ede73696226897b9fa4b24?s=96&d=mm&r=g\",\"url\":\"https:\\\/\\\/secure.gravatar.com\\\/avatar\\\/09a397c22ac58cad6f160ee8306348599df9df58a8ede73696226897b9fa4b24?s=96&d=mm&r=g\",\"contentUrl\":\"https:\\\/\\\/secure.gravatar.com\\\/avatar\\\/09a397c22ac58cad6f160ee8306348599df9df58a8ede73696226897b9fa4b24?s=96&d=mm&r=g\",\"caption\":\"Adelisa Kalajdzini\"},\"url\":\"https:\\\/\\\/www.organisator.ch\\\/de\\\/author\\\/adelisa-kalajdzini\\\/\"}]}<\/script>\n<!-- \/ Yoast SEO plugin. -->","yoast_head_json":{"title":"Deutlich weniger offene Stellen als vor einem Jahr - Organisator","description":"Die Anzahl offener Stellen ist im Vergleich zum Vorjahr deutlich gesunken, wie der Adecco Group Swiss Job Market Index zeigt.","robots":{"index":"index","follow":"follow","max-snippet":"max-snippet:-1","max-image-preview":"max-image-preview:large","max-video-preview":"max-video-preview:-1"},"canonical":"https:\/\/www.organisator.ch\/de\/management\/2024-10-24\/deutlich-weniger-offene-stellen-als-vor-einem-jahr\/","og_locale":"de_DE","og_type":"article","og_title":"Deutlich weniger offene Stellen als vor einem Jahr","og_description":"Die Anzahl offener Stellen ist im Vergleich zum Vorjahr deutlich gesunken, wie der Adecco Group Swiss Job Market Index zeigt.","og_url":"https:\/\/www.organisator.ch\/de\/management\/2024-10-24\/deutlich-weniger-offene-stellen-als-vor-einem-jahr\/","og_site_name":"Organisator","article_publisher":"https:\/\/www.facebook.com\/OrganisatorFachmagazin","article_published_time":"2024-10-24T09:45:17+00:00","og_image":[{"width":680,"height":375,"url":"https:\/\/www.organisator.ch\/wp-content\/uploads\/2024\/10\/Adecco_Bild1_ps-1.jpg","type":"image\/jpeg"}],"author":"Adelisa Kalajdzini","twitter_card":"summary_large_image","twitter_title":"Deutlich weniger offene Stellen als vor einem Jahr","twitter_description":"Die Anzahl #offener #Stellen ist im #Vergleich zum #Vorjahr deutlich gesunken, wie der #Adecco #Group #Swiss #Job #Market #Index zeigt.","twitter_image":"https:\/\/www.organisator.ch\/wp-content\/uploads\/2024\/10\/Adecco_Bild1_ps-1.jpg","schema":{"@context":"https:\/\/schema.org","@graph":[{"@type":"Article","@id":"https:\/\/www.organisator.ch\/management\/2024-10-24\/deutlich-weniger-offene-stellen-als-vor-einem-jahr\/#article","isPartOf":{"@id":"https:\/\/www.organisator.ch\/management\/2024-10-24\/deutlich-weniger-offene-stellen-als-vor-einem-jahr\/"},"author":{"name":"Adelisa Kalajdzini","@id":"https:\/\/www.organisator.ch\/#\/schema\/person\/2e1314a2172123f874db408d8911d3f3"},"headline":"Deutlich weniger offene Stellen als vor einem Jahr","datePublished":"2024-10-24T09:45:17+00:00","mainEntityOfPage":{"@id":"https:\/\/www.organisator.ch\/management\/2024-10-24\/deutlich-weniger-offene-stellen-als-vor-einem-jahr\/"},"wordCount":755,"publisher":{"@id":"https:\/\/www.organisator.ch\/#organization"},"image":{"@id":"https:\/\/www.organisator.ch\/management\/2024-10-24\/deutlich-weniger-offene-stellen-als-vor-einem-jahr\/#primaryimage"},"thumbnailUrl":"https:\/\/www.organisator.ch\/wp-content\/uploads\/2024\/10\/Adecco_Bild1_ps-1.jpg","keywords":["Bauberufe","Index","Management","Unternehmen"],"articleSection":["MANAGEMENT"],"inLanguage":"de"},{"@type":"WebPage","@id":"https:\/\/www.organisator.ch\/management\/2024-10-24\/deutlich-weniger-offene-stellen-als-vor-einem-jahr\/","url":"https:\/\/www.organisator.ch\/management\/2024-10-24\/deutlich-weniger-offene-stellen-als-vor-einem-jahr\/","name":"Deutlich weniger offene Stellen als vor einem Jahr - Organisator","isPartOf":{"@id":"https:\/\/www.organisator.ch\/#website"},"primaryImageOfPage":{"@id":"https:\/\/www.organisator.ch\/management\/2024-10-24\/deutlich-weniger-offene-stellen-als-vor-einem-jahr\/#primaryimage"},"image":{"@id":"https:\/\/www.organisator.ch\/management\/2024-10-24\/deutlich-weniger-offene-stellen-als-vor-einem-jahr\/#primaryimage"},"thumbnailUrl":"https:\/\/www.organisator.ch\/wp-content\/uploads\/2024\/10\/Adecco_Bild1_ps-1.jpg","datePublished":"2024-10-24T09:45:17+00:00","description":"Die Anzahl offener Stellen ist im Vergleich zum Vorjahr deutlich gesunken, wie der Adecco Group Swiss Job Market Index zeigt.","breadcrumb":{"@id":"https:\/\/www.organisator.ch\/management\/2024-10-24\/deutlich-weniger-offene-stellen-als-vor-einem-jahr\/#breadcrumb"},"inLanguage":"de","potentialAction":[{"@type":"ReadAction","target":["https:\/\/www.organisator.ch\/management\/2024-10-24\/deutlich-weniger-offene-stellen-als-vor-einem-jahr\/"]}]},{"@type":"ImageObject","inLanguage":"de","@id":"https:\/\/www.organisator.ch\/management\/2024-10-24\/deutlich-weniger-offene-stellen-als-vor-einem-jahr\/#primaryimage","url":"https:\/\/www.organisator.ch\/wp-content\/uploads\/2024\/10\/Adecco_Bild1_ps-1.jpg","contentUrl":"https:\/\/www.organisator.ch\/wp-content\/uploads\/2024\/10\/Adecco_Bild1_ps-1.jpg","width":680,"height":375,"caption":"Stellenentwicklung in der Baubranche vs. generelle Entwicklung aller offenen Stellen. (Bild: www.adeccogroup.com)"},{"@type":"BreadcrumbList","@id":"https:\/\/www.organisator.ch\/management\/2024-10-24\/deutlich-weniger-offene-stellen-als-vor-einem-jahr\/#breadcrumb","itemListElement":[{"@type":"ListItem","position":1,"name":"Home","item":"https:\/\/www.organisator.ch\/"},{"@type":"ListItem","position":2,"name":"Deutlich weniger offene Stellen als vor einem Jahr"}]},{"@type":"WebSite","@id":"https:\/\/www.organisator.ch\/#website","url":"https:\/\/www.organisator.ch\/","name":"Organisator","description":"Kompetent. Praxisnah. Der ORGANISATOR bereitet in 10 Ausgaben pro Jahr die wesentlichen Themen f\u00fcr F\u00fchrungskr\u00e4fte von KMU auf.","publisher":{"@id":"https:\/\/www.organisator.ch\/#organization"},"potentialAction":[{"@type":"SearchAction","target":{"@type":"EntryPoint","urlTemplate":"https:\/\/www.organisator.ch\/?s={search_term_string}"},"query-input":{"@type":"PropertyValueSpecification","valueRequired":true,"valueName":"search_term_string"}}],"inLanguage":"de"},{"@type":"Organization","@id":"https:\/\/www.organisator.ch\/#organization","name":"Organisator","url":"https:\/\/www.organisator.ch\/","logo":{"@type":"ImageObject","inLanguage":"de","@id":"https:\/\/www.organisator.ch\/#\/schema\/logo\/image\/","url":"https:\/\/www.organisator.ch\/wp-content\/uploads\/2022\/01\/Logo_Organisator_Website.png","contentUrl":"https:\/\/www.organisator.ch\/wp-content\/uploads\/2022\/01\/Logo_Organisator_Website.png","width":800,"height":77,"caption":"Organisator"},"image":{"@id":"https:\/\/www.organisator.ch\/#\/schema\/logo\/image\/"},"sameAs":["https:\/\/www.facebook.com\/OrganisatorFachmagazin","https:\/\/www.linkedin.com\/showcase\/organisator-das-magazin-fr-kmu","https:\/\/www.xing.com\/news\/pages\/organisator-ch-695","https:\/\/www.youtube.com\/channel\/UCGP2Sq0iWaZwT3BdIAQFYpw"]},{"@type":"Person","@id":"https:\/\/www.organisator.ch\/#\/schema\/person\/2e1314a2172123f874db408d8911d3f3","name":"Adelisa Kalajdzini","image":{"@type":"ImageObject","inLanguage":"de","@id":"https:\/\/secure.gravatar.com\/avatar\/09a397c22ac58cad6f160ee8306348599df9df58a8ede73696226897b9fa4b24?s=96&d=mm&r=g","url":"https:\/\/secure.gravatar.com\/avatar\/09a397c22ac58cad6f160ee8306348599df9df58a8ede73696226897b9fa4b24?s=96&d=mm&r=g","contentUrl":"https:\/\/secure.gravatar.com\/avatar\/09a397c22ac58cad6f160ee8306348599df9df58a8ede73696226897b9fa4b24?s=96&d=mm&r=g","caption":"Adelisa Kalajdzini"},"url":"https:\/\/www.organisator.ch\/de\/author\/adelisa-kalajdzini\/"}]}},"_links":{"self":[{"href":"https:\/\/www.organisator.ch\/de\/wp-json\/wp\/v2\/posts\/31188","targetHints":{"allow":["GET"]}}],"collection":[{"href":"https:\/\/www.organisator.ch\/de\/wp-json\/wp\/v2\/posts"}],"about":[{"href":"https:\/\/www.organisator.ch\/de\/wp-json\/wp\/v2\/types\/post"}],"author":[{"embeddable":true,"href":"https:\/\/www.organisator.ch\/de\/wp-json\/wp\/v2\/users\/58"}],"replies":[{"embeddable":true,"href":"https:\/\/www.organisator.ch\/de\/wp-json\/wp\/v2\/comments?post=31188"}],"version-history":[{"count":4,"href":"https:\/\/www.organisator.ch\/de\/wp-json\/wp\/v2\/posts\/31188\/revisions"}],"predecessor-version":[{"id":31225,"href":"https:\/\/www.organisator.ch\/de\/wp-json\/wp\/v2\/posts\/31188\/revisions\/31225"}],"wp:featuredmedia":[{"embeddable":true,"href":"https:\/\/www.organisator.ch\/de\/wp-json\/wp\/v2\/media\/31190"}],"wp:attachment":[{"href":"https:\/\/www.organisator.ch\/de\/wp-json\/wp\/v2\/media?parent=31188"}],"wp:term":[{"taxonomy":"category","embeddable":true,"href":"https:\/\/www.organisator.ch\/de\/wp-json\/wp\/v2\/categories?post=31188"},{"taxonomy":"post_tag","embeddable":true,"href":"https:\/\/www.organisator.ch\/de\/wp-json\/wp\/v2\/tags?post=31188"}],"curies":[{"name":"wp","href":"https:\/\/api.w.org\/{rel}","templated":true}]}}