{"id":31196,"date":"2024-10-24T16:21:50","date_gmt":"2024-10-24T14:21:50","guid":{"rendered":"https:\/\/www.markt-kom.com\/?p=225461"},"modified":"2024-11-07T11:33:16","modified_gmt":"2024-11-07T10:33:16","slug":"einen-guten-podcast-hat-man-lust-zu-hoeren-talks-an-der-dezibel-zur-zukunft-des-podcastings","status":"publish","type":"post","link":"https:\/\/www.organisator.ch\/de\/marketing\/2024-10-24\/einen-guten-podcast-hat-man-lust-zu-hoeren-talks-an-der-dezibel-zur-zukunft-des-podcastings\/","title":{"rendered":"\u00abEinen guten Podcast hat man Lust zu h\u00f6ren\u00bb \u2013 Talks an der \u00abdezibel\u00bb zur Zukunft des Podcastings"},"content":{"rendered":"<p><a href=\"https:\/\/www.markt-kom.com\/wp-content\/uploads\/2024\/10\/dezibel-2024-Cover.png\"><img class=\"alignnone wp-image-225465 size-full\" src=\"https:\/\/www.markt-kom.com\/wp-content\/uploads\/2024\/10\/dezibel-2024-Cover.png\" alt=\"dezibel Konferenz\" width=\"1280\" height=\"720\" \/><\/a><\/p>\r\n<p>Im Fokus unserer Berichterstattung aus Winterthur zur Veranstaltung \u00abdezibel\u00bb stehen exklusive Interviews mit Jeanne Drach, Laura Dath-Linienk\u00e4mper und Cheyenne Mackay, die \u00fcber die Kunst des Podcastings, die Herausforderungen der Reichweitengenerierung und die Zusammenarbeit in der DACH-Region sprachen.<\/p>\r\n<p>Podcasts sind heute ein unverzichtbarer Bestandteil der Medienlandschaft, nicht nur f\u00fcr Unterhaltung, sondern auch f\u00fcr Marken, die authentische Geschichten erz\u00e4hlen m\u00f6chten. Im Rahmen der dezibel-Konferenz in Winterthur diskutierten Expertinnen und Experten \u00fcber die Zukunft des Podcastings und wie dieses Medium durch Kreativit\u00e4t und technologische Innovation weiter wachsen kann.<\/p>\r\n<h3><strong>Jeanne Drach von \u00abOh Wow\u00bb pl\u00e4diert zu mehr Mut zur Authentizit\u00e4t<\/strong><\/h3>\r\n<p>Jeanne Drach, Gr\u00fcnderin der ersten Podcast-Agentur \u00d6sterreichs, betont im Interview die Bedeutung von Authentizit\u00e4t und dem Mut, neue Erz\u00e4hlformen auszuprobieren. \u00abDie technischen Aspekte sind nat\u00fcrlich wichtig, aber was wirklich z\u00e4hlt, sind spannende Geschichten\u00bb, erkl\u00e4rt Drach. Bei Oh Wow entstehen sowohl Corporate Podcasts f\u00fcr Kunden wie die \u00f6sterreichische Post oder das Europ\u00e4ische Parlament als auch Originals mit einem klaren Fokus: \u00abWir setzen auf starke Frauenstimmen und experimentieren mit neuen Formen des Storytellings.\u00bb Sie pl\u00e4diert f\u00fcr mehr Mut im Corporate-Podcast-Bereich: \u00abMarken sollten ihre Botschaften eher implizit transportieren und nicht darauf bestehen, dass sie die Supermarke sein m\u00fcssen.\u00bb Ihr Tipp f\u00fcr den Erfolg eines Podcasts? \u00abGute Geschichten, die gut erz\u00e4hlt werden.\u00bb<\/p>\r\n<p><\/p>\r\n<h3><strong>Laura Dath-Linienk\u00e4mper von \u00abPodstars by OMR\u00bb zu authentischem Storytelling<\/strong><\/h3>\r\n<p>Auch Laura Dath-Linienk\u00e4mper von Podstars by OMR unterstreicht die Notwendigkeit von authentischem Storytelling und Mut. \u00abPodcasting ist ein Medium, das man verstehen muss, und Marken m\u00fcssen sich trauen, auch mal andere Geschichten zu erz\u00e4hlen\u00bb, sagt sie. Besonders wichtig sei es, in Reichweite zu investieren: \u00abMan muss Kampagnen rund um den Podcast starten, davon erz\u00e4hlen und auch Geld in die Hand nehmen. Wenn der Inhalt gut ist, dann entsteht \u2018word of mouth\u2019 und die Leute sprechen dar\u00fcber.\u00bb In Deutschland seien True-Crime-Formate weiterhin sehr beliebt, doch jede gut erz\u00e4hlte Geschichte k\u00f6nne ihre Nische finden, meint Dath-Linienk\u00e4mper.<\/p>\r\n<p><\/p>\r\n<h3><strong>Cheyenne Mackay von Podcastschmiede \u00fcber die Notwendigkeit von Sichtbarkeit<\/strong><\/h3>\r\n<p>Cheyenne Mackay, Mitinitiatorin der dezibel und Gr\u00fcnderin der Podcastschmiede, spricht \u00fcber die akustische \u00c4sthetik, die f\u00fcr einen guten Podcast unerl\u00e4sslich ist. \u00abEin guter Podcast klingt nicht nur gut, er muss auch individuell und einzigartig sein \u2013 wie Musik\u00bb, sagt sie. Besonders in der Schweiz sei Reichweite eine Herausforderung, da Mundart-Podcasts oft nur im s\u00fcddeutschen Raum verstanden w\u00fcrden. Mackay betont jedoch, dass sich die Investition in Reichweite lohne: \u00abMan muss fast genauso viel in die Sichtbarkeit eines Podcasts investieren wie in die Produktion selbst.\u00bb Ihr Wunsch an die Podcast-Community in der DACH-Region: \u00abMehr Vernetzung und intensiverer Austausch. Wir alle w\u00fcrden davon profitieren.\u00bb<\/p>\r\n<p><\/p>\r\n<p>Die dezibel-Konferenz bot nicht nur Raum f\u00fcr Diskussionen \u00fcber technologische Innovationen wie KI-Tools f\u00fcr Schnitt und Transkription, sondern zeigte auch, wie sehr Podcasts von einem intensiven Austausch zwischen den L\u00e4ndern der DACH-Region profitieren k\u00f6nnen. Die exklusive Einsicht in die Gedanken von Darch, Dath-Linienk\u00e4mper und Mackay zeigt: Die Zukunft des Podcastings liegt in spannenden, gut erz\u00e4hlten Geschichten und einem kontinuierlichen Streben nach Qualit\u00e4t.<\/p>","protected":false},"excerpt":{"rendered":"<p>Podcasts sind auf dem Vormarsch: Vier Millionen Menschen in der Schweiz h\u00f6ren regelm\u00e4ssig Podcasts, und der Markt entwickelt sich rasant. Bei der dezibel-Konferenz in Winterthur gaben Expertinnen und Experten Einblicke in die neuesten Trends, Technologien und kreative Ans\u00e4tze im Bereich Podcasting.<\/p>\n","protected":false},"author":8,"featured_media":0,"comment_status":"closed","ping_status":"closed","sticky":false,"template":"","format":"standard","meta":{"_acf_changed":false,"_yoast_wpseo_focuskw":"dezibel Konferenz","_yoast_wpseo_metadesc":"Die dezibel Konferenz 2024 in Winterthur diskutiert die Zukunft des Podcastings mit Experten wie Jeanne Drach und Laura Dath-Linienk\u00e4mper.","articlekey":"","footnotes":""},"categories":[29],"tags":[4675,4343,2645,4676],"class_list":["post-31196","post","type-post","status-publish","format-standard","hentry","category-marketing","tag-dezibel","tag-markom","tag-podcast","tag-podcast-schmiede"],"acf":[],"yoast_head":"<!-- This site is optimized with the Yoast SEO plugin v27.5 - https:\/\/yoast.com\/product\/yoast-seo-wordpress\/ -->\n<title>\u00abEinen guten Podcast hat man Lust zu h\u00f6ren\u00bb \u2013 Talks an der \u00abdezibel\u00bb zur Zukunft des Podcastings - Organisator<\/title>\n<meta name=\"description\" content=\"Die dezibel Konferenz 2024 in Winterthur diskutiert die Zukunft des Podcastings mit Experten wie Jeanne Drach und Laura Dath-Linienk\u00e4mper.\" \/>\n<meta name=\"robots\" content=\"index, follow, max-snippet:-1, max-image-preview:large, max-video-preview:-1\" \/>\n<link rel=\"canonical\" href=\"https:\/\/www.organisator.ch\/de\/marketing\/2024-10-24\/einen-guten-podcast-hat-man-lust-zu-hoeren-talks-an-der-dezibel-zur-zukunft-des-podcastings\/\" \/>\n<meta property=\"og:locale\" content=\"de_DE\" \/>\n<meta property=\"og:type\" content=\"article\" \/>\n<meta property=\"og:title\" content=\"\u00abEinen guten Podcast hat man Lust zu h\u00f6ren\u00bb \u2013 Talks an der \u00abdezibel\u00bb zur Zukunft des Podcastings - Organisator\" \/>\n<meta property=\"og:description\" content=\"Die dezibel Konferenz 2024 in Winterthur diskutiert die Zukunft des Podcastings mit Experten wie Jeanne Drach und Laura Dath-Linienk\u00e4mper.\" \/>\n<meta property=\"og:url\" content=\"https:\/\/www.organisator.ch\/de\/marketing\/2024-10-24\/einen-guten-podcast-hat-man-lust-zu-hoeren-talks-an-der-dezibel-zur-zukunft-des-podcastings\/\" \/>\n<meta property=\"og:site_name\" content=\"Organisator\" \/>\n<meta property=\"article:publisher\" content=\"https:\/\/www.facebook.com\/OrganisatorFachmagazin\" \/>\n<meta property=\"article:published_time\" content=\"2024-10-24T14:21:50+00:00\" \/>\n<meta property=\"article:modified_time\" content=\"2024-11-07T10:33:16+00:00\" \/>\n<meta property=\"og:image\" content=\"https:\/\/www.markt-kom.com\/wp-content\/uploads\/2024\/10\/dezibel-2024-Cover.png\" \/>\n<meta name=\"author\" content=\"galledia\" \/>\n<meta name=\"twitter:card\" content=\"summary_large_image\" \/>\n<meta name=\"twitter:creator\" content=\"@admin\" \/>\n<script type=\"application\/ld+json\" class=\"yoast-schema-graph\">{\"@context\":\"https:\\\/\\\/schema.org\",\"@graph\":[{\"@type\":\"Article\",\"@id\":\"https:\\\/\\\/www.organisator.ch\\\/marketing\\\/2024-10-24\\\/einen-guten-podcast-hat-man-lust-zu-hoeren-talks-an-der-dezibel-zur-zukunft-des-podcastings\\\/#article\",\"isPartOf\":{\"@id\":\"https:\\\/\\\/www.organisator.ch\\\/marketing\\\/2024-10-24\\\/einen-guten-podcast-hat-man-lust-zu-hoeren-talks-an-der-dezibel-zur-zukunft-des-podcastings\\\/\"},\"author\":{\"name\":\"galledia\",\"@id\":\"https:\\\/\\\/www.organisator.ch\\\/#\\\/schema\\\/person\\\/4e51799071cd2dd1232ac003643ef5f0\"},\"headline\":\"\u00abEinen guten Podcast hat man Lust zu h\u00f6ren\u00bb \u2013 Talks an der \u00abdezibel\u00bb zur Zukunft des Podcastings\",\"datePublished\":\"2024-10-24T14:21:50+00:00\",\"dateModified\":\"2024-11-07T10:33:16+00:00\",\"mainEntityOfPage\":{\"@id\":\"https:\\\/\\\/www.organisator.ch\\\/marketing\\\/2024-10-24\\\/einen-guten-podcast-hat-man-lust-zu-hoeren-talks-an-der-dezibel-zur-zukunft-des-podcastings\\\/\"},\"wordCount\":538,\"publisher\":{\"@id\":\"https:\\\/\\\/www.organisator.ch\\\/#organization\"},\"image\":{\"@id\":\"https:\\\/\\\/www.organisator.ch\\\/marketing\\\/2024-10-24\\\/einen-guten-podcast-hat-man-lust-zu-hoeren-talks-an-der-dezibel-zur-zukunft-des-podcastings\\\/#primaryimage\"},\"thumbnailUrl\":\"https:\\\/\\\/www.markt-kom.com\\\/wp-content\\\/uploads\\\/2024\\\/10\\\/dezibel-2024-Cover.png\",\"keywords\":[\"Dezibel\",\"MarKom\",\"Podcast\",\"Podcast-Schmiede\"],\"articleSection\":[\"MARKETING\"],\"inLanguage\":\"de\"},{\"@type\":\"WebPage\",\"@id\":\"https:\\\/\\\/www.organisator.ch\\\/marketing\\\/2024-10-24\\\/einen-guten-podcast-hat-man-lust-zu-hoeren-talks-an-der-dezibel-zur-zukunft-des-podcastings\\\/\",\"url\":\"https:\\\/\\\/www.organisator.ch\\\/marketing\\\/2024-10-24\\\/einen-guten-podcast-hat-man-lust-zu-hoeren-talks-an-der-dezibel-zur-zukunft-des-podcastings\\\/\",\"name\":\"\u00abEinen guten Podcast hat man Lust zu h\u00f6ren\u00bb \u2013 Talks an der \u00abdezibel\u00bb zur Zukunft des Podcastings - Organisator\",\"isPartOf\":{\"@id\":\"https:\\\/\\\/www.organisator.ch\\\/#website\"},\"primaryImageOfPage\":{\"@id\":\"https:\\\/\\\/www.organisator.ch\\\/marketing\\\/2024-10-24\\\/einen-guten-podcast-hat-man-lust-zu-hoeren-talks-an-der-dezibel-zur-zukunft-des-podcastings\\\/#primaryimage\"},\"image\":{\"@id\":\"https:\\\/\\\/www.organisator.ch\\\/marketing\\\/2024-10-24\\\/einen-guten-podcast-hat-man-lust-zu-hoeren-talks-an-der-dezibel-zur-zukunft-des-podcastings\\\/#primaryimage\"},\"thumbnailUrl\":\"https:\\\/\\\/www.markt-kom.com\\\/wp-content\\\/uploads\\\/2024\\\/10\\\/dezibel-2024-Cover.png\",\"datePublished\":\"2024-10-24T14:21:50+00:00\",\"dateModified\":\"2024-11-07T10:33:16+00:00\",\"description\":\"Die dezibel Konferenz 2024 in Winterthur diskutiert die Zukunft des Podcastings mit Experten wie Jeanne Drach und Laura Dath-Linienk\u00e4mper.\",\"breadcrumb\":{\"@id\":\"https:\\\/\\\/www.organisator.ch\\\/marketing\\\/2024-10-24\\\/einen-guten-podcast-hat-man-lust-zu-hoeren-talks-an-der-dezibel-zur-zukunft-des-podcastings\\\/#breadcrumb\"},\"inLanguage\":\"de\",\"potentialAction\":[{\"@type\":\"ReadAction\",\"target\":[\"https:\\\/\\\/www.organisator.ch\\\/marketing\\\/2024-10-24\\\/einen-guten-podcast-hat-man-lust-zu-hoeren-talks-an-der-dezibel-zur-zukunft-des-podcastings\\\/\"]}]},{\"@type\":\"ImageObject\",\"inLanguage\":\"de\",\"@id\":\"https:\\\/\\\/www.organisator.ch\\\/marketing\\\/2024-10-24\\\/einen-guten-podcast-hat-man-lust-zu-hoeren-talks-an-der-dezibel-zur-zukunft-des-podcastings\\\/#primaryimage\",\"url\":\"https:\\\/\\\/www.markt-kom.com\\\/wp-content\\\/uploads\\\/2024\\\/10\\\/dezibel-2024-Cover.png\",\"contentUrl\":\"https:\\\/\\\/www.markt-kom.com\\\/wp-content\\\/uploads\\\/2024\\\/10\\\/dezibel-2024-Cover.png\"},{\"@type\":\"BreadcrumbList\",\"@id\":\"https:\\\/\\\/www.organisator.ch\\\/marketing\\\/2024-10-24\\\/einen-guten-podcast-hat-man-lust-zu-hoeren-talks-an-der-dezibel-zur-zukunft-des-podcastings\\\/#breadcrumb\",\"itemListElement\":[{\"@type\":\"ListItem\",\"position\":1,\"name\":\"Home\",\"item\":\"https:\\\/\\\/www.organisator.ch\\\/\"},{\"@type\":\"ListItem\",\"position\":2,\"name\":\"\u00abEinen guten Podcast hat man Lust zu h\u00f6ren\u00bb \u2013 Talks an der \u00abdezibel\u00bb zur Zukunft des Podcastings\"}]},{\"@type\":\"WebSite\",\"@id\":\"https:\\\/\\\/www.organisator.ch\\\/#website\",\"url\":\"https:\\\/\\\/www.organisator.ch\\\/\",\"name\":\"Organisator\",\"description\":\"Kompetent. Praxisnah. Der ORGANISATOR bereitet in 10 Ausgaben pro Jahr die wesentlichen Themen f\u00fcr F\u00fchrungskr\u00e4fte von KMU auf.\",\"publisher\":{\"@id\":\"https:\\\/\\\/www.organisator.ch\\\/#organization\"},\"potentialAction\":[{\"@type\":\"SearchAction\",\"target\":{\"@type\":\"EntryPoint\",\"urlTemplate\":\"https:\\\/\\\/www.organisator.ch\\\/?s={search_term_string}\"},\"query-input\":{\"@type\":\"PropertyValueSpecification\",\"valueRequired\":true,\"valueName\":\"search_term_string\"}}],\"inLanguage\":\"de\"},{\"@type\":\"Organization\",\"@id\":\"https:\\\/\\\/www.organisator.ch\\\/#organization\",\"name\":\"Organisator\",\"url\":\"https:\\\/\\\/www.organisator.ch\\\/\",\"logo\":{\"@type\":\"ImageObject\",\"inLanguage\":\"de\",\"@id\":\"https:\\\/\\\/www.organisator.ch\\\/#\\\/schema\\\/logo\\\/image\\\/\",\"url\":\"https:\\\/\\\/www.organisator.ch\\\/wp-content\\\/uploads\\\/2022\\\/01\\\/Logo_Organisator_Website.png\",\"contentUrl\":\"https:\\\/\\\/www.organisator.ch\\\/wp-content\\\/uploads\\\/2022\\\/01\\\/Logo_Organisator_Website.png\",\"width\":800,\"height\":77,\"caption\":\"Organisator\"},\"image\":{\"@id\":\"https:\\\/\\\/www.organisator.ch\\\/#\\\/schema\\\/logo\\\/image\\\/\"},\"sameAs\":[\"https:\\\/\\\/www.facebook.com\\\/OrganisatorFachmagazin\",\"https:\\\/\\\/www.linkedin.com\\\/showcase\\\/organisator-das-magazin-fr-kmu\",\"https:\\\/\\\/www.xing.com\\\/news\\\/pages\\\/organisator-ch-695\",\"https:\\\/\\\/www.youtube.com\\\/channel\\\/UCGP2Sq0iWaZwT3BdIAQFYpw\"]},{\"@type\":\"Person\",\"@id\":\"https:\\\/\\\/www.organisator.ch\\\/#\\\/schema\\\/person\\\/4e51799071cd2dd1232ac003643ef5f0\",\"name\":\"galledia\",\"image\":{\"@type\":\"ImageObject\",\"inLanguage\":\"de\",\"@id\":\"https:\\\/\\\/secure.gravatar.com\\\/avatar\\\/78a7f90c01fc2bfc875782a0d4922b37cde2cf184ce347b91316d23cd7f69a36?s=96&d=mm&r=g\",\"url\":\"https:\\\/\\\/secure.gravatar.com\\\/avatar\\\/78a7f90c01fc2bfc875782a0d4922b37cde2cf184ce347b91316d23cd7f69a36?s=96&d=mm&r=g\",\"contentUrl\":\"https:\\\/\\\/secure.gravatar.com\\\/avatar\\\/78a7f90c01fc2bfc875782a0d4922b37cde2cf184ce347b91316d23cd7f69a36?s=96&d=mm&r=g\",\"caption\":\"galledia\"},\"sameAs\":[\"https:\\\/\\\/x.com\\\/admin\"],\"url\":\"https:\\\/\\\/www.organisator.ch\\\/de\\\/author\\\/galledia\\\/\"}]}<\/script>\n<!-- \/ Yoast SEO plugin. -->","yoast_head_json":{"title":"\u00abEinen guten Podcast hat man Lust zu h\u00f6ren\u00bb \u2013 Talks an der \u00abdezibel\u00bb zur Zukunft des Podcastings - Organisator","description":"Die dezibel Konferenz 2024 in Winterthur diskutiert die Zukunft des Podcastings mit Experten wie Jeanne Drach und Laura Dath-Linienk\u00e4mper.","robots":{"index":"index","follow":"follow","max-snippet":"max-snippet:-1","max-image-preview":"max-image-preview:large","max-video-preview":"max-video-preview:-1"},"canonical":"https:\/\/www.organisator.ch\/de\/marketing\/2024-10-24\/einen-guten-podcast-hat-man-lust-zu-hoeren-talks-an-der-dezibel-zur-zukunft-des-podcastings\/","og_locale":"de_DE","og_type":"article","og_title":"\u00abEinen guten Podcast hat man Lust zu h\u00f6ren\u00bb \u2013 Talks an der \u00abdezibel\u00bb zur Zukunft des Podcastings - Organisator","og_description":"Die dezibel Konferenz 2024 in Winterthur diskutiert die Zukunft des Podcastings mit Experten wie Jeanne Drach und Laura Dath-Linienk\u00e4mper.","og_url":"https:\/\/www.organisator.ch\/de\/marketing\/2024-10-24\/einen-guten-podcast-hat-man-lust-zu-hoeren-talks-an-der-dezibel-zur-zukunft-des-podcastings\/","og_site_name":"Organisator","article_publisher":"https:\/\/www.facebook.com\/OrganisatorFachmagazin","article_published_time":"2024-10-24T14:21:50+00:00","article_modified_time":"2024-11-07T10:33:16+00:00","og_image":[{"url":"https:\/\/www.markt-kom.com\/wp-content\/uploads\/2024\/10\/dezibel-2024-Cover.png","type":"","width":"","height":""}],"author":"galledia","twitter_card":"summary_large_image","twitter_creator":"@admin","schema":{"@context":"https:\/\/schema.org","@graph":[{"@type":"Article","@id":"https:\/\/www.organisator.ch\/marketing\/2024-10-24\/einen-guten-podcast-hat-man-lust-zu-hoeren-talks-an-der-dezibel-zur-zukunft-des-podcastings\/#article","isPartOf":{"@id":"https:\/\/www.organisator.ch\/marketing\/2024-10-24\/einen-guten-podcast-hat-man-lust-zu-hoeren-talks-an-der-dezibel-zur-zukunft-des-podcastings\/"},"author":{"name":"galledia","@id":"https:\/\/www.organisator.ch\/#\/schema\/person\/4e51799071cd2dd1232ac003643ef5f0"},"headline":"\u00abEinen guten Podcast hat man Lust zu h\u00f6ren\u00bb \u2013 Talks an der \u00abdezibel\u00bb zur Zukunft des Podcastings","datePublished":"2024-10-24T14:21:50+00:00","dateModified":"2024-11-07T10:33:16+00:00","mainEntityOfPage":{"@id":"https:\/\/www.organisator.ch\/marketing\/2024-10-24\/einen-guten-podcast-hat-man-lust-zu-hoeren-talks-an-der-dezibel-zur-zukunft-des-podcastings\/"},"wordCount":538,"publisher":{"@id":"https:\/\/www.organisator.ch\/#organization"},"image":{"@id":"https:\/\/www.organisator.ch\/marketing\/2024-10-24\/einen-guten-podcast-hat-man-lust-zu-hoeren-talks-an-der-dezibel-zur-zukunft-des-podcastings\/#primaryimage"},"thumbnailUrl":"https:\/\/www.markt-kom.com\/wp-content\/uploads\/2024\/10\/dezibel-2024-Cover.png","keywords":["Dezibel","MarKom","Podcast","Podcast-Schmiede"],"articleSection":["MARKETING"],"inLanguage":"de"},{"@type":"WebPage","@id":"https:\/\/www.organisator.ch\/marketing\/2024-10-24\/einen-guten-podcast-hat-man-lust-zu-hoeren-talks-an-der-dezibel-zur-zukunft-des-podcastings\/","url":"https:\/\/www.organisator.ch\/marketing\/2024-10-24\/einen-guten-podcast-hat-man-lust-zu-hoeren-talks-an-der-dezibel-zur-zukunft-des-podcastings\/","name":"\u00abEinen guten Podcast hat man Lust zu h\u00f6ren\u00bb \u2013 Talks an der \u00abdezibel\u00bb zur Zukunft des Podcastings - Organisator","isPartOf":{"@id":"https:\/\/www.organisator.ch\/#website"},"primaryImageOfPage":{"@id":"https:\/\/www.organisator.ch\/marketing\/2024-10-24\/einen-guten-podcast-hat-man-lust-zu-hoeren-talks-an-der-dezibel-zur-zukunft-des-podcastings\/#primaryimage"},"image":{"@id":"https:\/\/www.organisator.ch\/marketing\/2024-10-24\/einen-guten-podcast-hat-man-lust-zu-hoeren-talks-an-der-dezibel-zur-zukunft-des-podcastings\/#primaryimage"},"thumbnailUrl":"https:\/\/www.markt-kom.com\/wp-content\/uploads\/2024\/10\/dezibel-2024-Cover.png","datePublished":"2024-10-24T14:21:50+00:00","dateModified":"2024-11-07T10:33:16+00:00","description":"Die dezibel Konferenz 2024 in Winterthur diskutiert die Zukunft des Podcastings mit Experten wie Jeanne Drach und Laura Dath-Linienk\u00e4mper.","breadcrumb":{"@id":"https:\/\/www.organisator.ch\/marketing\/2024-10-24\/einen-guten-podcast-hat-man-lust-zu-hoeren-talks-an-der-dezibel-zur-zukunft-des-podcastings\/#breadcrumb"},"inLanguage":"de","potentialAction":[{"@type":"ReadAction","target":["https:\/\/www.organisator.ch\/marketing\/2024-10-24\/einen-guten-podcast-hat-man-lust-zu-hoeren-talks-an-der-dezibel-zur-zukunft-des-podcastings\/"]}]},{"@type":"ImageObject","inLanguage":"de","@id":"https:\/\/www.organisator.ch\/marketing\/2024-10-24\/einen-guten-podcast-hat-man-lust-zu-hoeren-talks-an-der-dezibel-zur-zukunft-des-podcastings\/#primaryimage","url":"https:\/\/www.markt-kom.com\/wp-content\/uploads\/2024\/10\/dezibel-2024-Cover.png","contentUrl":"https:\/\/www.markt-kom.com\/wp-content\/uploads\/2024\/10\/dezibel-2024-Cover.png"},{"@type":"BreadcrumbList","@id":"https:\/\/www.organisator.ch\/marketing\/2024-10-24\/einen-guten-podcast-hat-man-lust-zu-hoeren-talks-an-der-dezibel-zur-zukunft-des-podcastings\/#breadcrumb","itemListElement":[{"@type":"ListItem","position":1,"name":"Home","item":"https:\/\/www.organisator.ch\/"},{"@type":"ListItem","position":2,"name":"\u00abEinen guten Podcast hat man Lust zu h\u00f6ren\u00bb \u2013 Talks an der \u00abdezibel\u00bb zur Zukunft des Podcastings"}]},{"@type":"WebSite","@id":"https:\/\/www.organisator.ch\/#website","url":"https:\/\/www.organisator.ch\/","name":"Organisator","description":"Kompetent. Praxisnah. Der ORGANISATOR bereitet in 10 Ausgaben pro Jahr die wesentlichen Themen f\u00fcr F\u00fchrungskr\u00e4fte von KMU auf.","publisher":{"@id":"https:\/\/www.organisator.ch\/#organization"},"potentialAction":[{"@type":"SearchAction","target":{"@type":"EntryPoint","urlTemplate":"https:\/\/www.organisator.ch\/?s={search_term_string}"},"query-input":{"@type":"PropertyValueSpecification","valueRequired":true,"valueName":"search_term_string"}}],"inLanguage":"de"},{"@type":"Organization","@id":"https:\/\/www.organisator.ch\/#organization","name":"Organisator","url":"https:\/\/www.organisator.ch\/","logo":{"@type":"ImageObject","inLanguage":"de","@id":"https:\/\/www.organisator.ch\/#\/schema\/logo\/image\/","url":"https:\/\/www.organisator.ch\/wp-content\/uploads\/2022\/01\/Logo_Organisator_Website.png","contentUrl":"https:\/\/www.organisator.ch\/wp-content\/uploads\/2022\/01\/Logo_Organisator_Website.png","width":800,"height":77,"caption":"Organisator"},"image":{"@id":"https:\/\/www.organisator.ch\/#\/schema\/logo\/image\/"},"sameAs":["https:\/\/www.facebook.com\/OrganisatorFachmagazin","https:\/\/www.linkedin.com\/showcase\/organisator-das-magazin-fr-kmu","https:\/\/www.xing.com\/news\/pages\/organisator-ch-695","https:\/\/www.youtube.com\/channel\/UCGP2Sq0iWaZwT3BdIAQFYpw"]},{"@type":"Person","@id":"https:\/\/www.organisator.ch\/#\/schema\/person\/4e51799071cd2dd1232ac003643ef5f0","name":"galledia","image":{"@type":"ImageObject","inLanguage":"de","@id":"https:\/\/secure.gravatar.com\/avatar\/78a7f90c01fc2bfc875782a0d4922b37cde2cf184ce347b91316d23cd7f69a36?s=96&d=mm&r=g","url":"https:\/\/secure.gravatar.com\/avatar\/78a7f90c01fc2bfc875782a0d4922b37cde2cf184ce347b91316d23cd7f69a36?s=96&d=mm&r=g","contentUrl":"https:\/\/secure.gravatar.com\/avatar\/78a7f90c01fc2bfc875782a0d4922b37cde2cf184ce347b91316d23cd7f69a36?s=96&d=mm&r=g","caption":"galledia"},"sameAs":["https:\/\/x.com\/admin"],"url":"https:\/\/www.organisator.ch\/de\/author\/galledia\/"}]}},"_links":{"self":[{"href":"https:\/\/www.organisator.ch\/de\/wp-json\/wp\/v2\/posts\/31196","targetHints":{"allow":["GET"]}}],"collection":[{"href":"https:\/\/www.organisator.ch\/de\/wp-json\/wp\/v2\/posts"}],"about":[{"href":"https:\/\/www.organisator.ch\/de\/wp-json\/wp\/v2\/types\/post"}],"author":[{"embeddable":true,"href":"https:\/\/www.organisator.ch\/de\/wp-json\/wp\/v2\/users\/8"}],"replies":[{"embeddable":true,"href":"https:\/\/www.organisator.ch\/de\/wp-json\/wp\/v2\/comments?post=31196"}],"version-history":[{"count":8,"href":"https:\/\/www.organisator.ch\/de\/wp-json\/wp\/v2\/posts\/31196\/revisions"}],"predecessor-version":[{"id":31721,"href":"https:\/\/www.organisator.ch\/de\/wp-json\/wp\/v2\/posts\/31196\/revisions\/31721"}],"wp:attachment":[{"href":"https:\/\/www.organisator.ch\/de\/wp-json\/wp\/v2\/media?parent=31196"}],"wp:term":[{"taxonomy":"category","embeddable":true,"href":"https:\/\/www.organisator.ch\/de\/wp-json\/wp\/v2\/categories?post=31196"},{"taxonomy":"post_tag","embeddable":true,"href":"https:\/\/www.organisator.ch\/de\/wp-json\/wp\/v2\/tags?post=31196"}],"curies":[{"name":"wp","href":"https:\/\/api.w.org\/{rel}","templated":true}]}}