{"id":31199,"date":"2024-10-25T06:36:50","date_gmt":"2024-10-25T04:36:50","guid":{"rendered":"https:\/\/www.organisator.ch\/?p=31199"},"modified":"2024-10-24T16:37:18","modified_gmt":"2024-10-24T14:37:18","slug":"schweizer-exportwirtschaft-unter-druck","status":"publish","type":"post","link":"https:\/\/www.organisator.ch\/de\/management\/2024-10-25\/schweizer-exportwirtschaft-unter-druck\/","title":{"rendered":"Schweizer Exportwirtschaft unter Druck"},"content":{"rendered":"<figure id=\"attachment_31201\" aria-describedby=\"caption-attachment-31201\" style=\"width: 680px\" class=\"wp-caption alignnone\"><img loading=\"lazy\" decoding=\"async\" class=\"size-full wp-image-31201\" src=\"https:\/\/www.organisator.ch\/wp-content\/uploads\/2024\/10\/Allianz-Trade_Bild1_ps-1.jpg\" alt=\"\" width=\"680\" height=\"454\" srcset=\"https:\/\/www.organisator.ch\/wp-content\/uploads\/2024\/10\/Allianz-Trade_Bild1_ps-1.jpg 680w, https:\/\/www.organisator.ch\/wp-content\/uploads\/2024\/10\/Allianz-Trade_Bild1_ps-1-18x12.jpg 18w, https:\/\/www.organisator.ch\/wp-content\/uploads\/2024\/10\/Allianz-Trade_Bild1_ps-1-375x250.jpg 375w, https:\/\/www.organisator.ch\/wp-content\/uploads\/2024\/10\/Allianz-Trade_Bild1_ps-1-524x350.jpg 524w\" sizes=\"auto, (max-width: 680px) 100vw, 680px\" \/><figcaption id=\"caption-attachment-31201\" class=\"wp-caption-text\">Gute Aussichten f\u00fcr die Schweizer Exportindustrie, die sich im ersten Halbjahr 2024 als robust erwiesen hat. Allerdings ziehen in der globalen Industrie erneut Gewitterwolken auf. (Bild: www.depositphotos.com)<\/figcaption><\/figure>\n<p>Der Allianz Trade Export Forecast konnte sich vom Mehrjahrestief von -1.40 Punkten Ende 2022 l\u00f6sen und n\u00e4hert sich nun der Null-Punkte-Marke an. Dies legt nahe, dass sich die Exporte in sechs bis zw\u00f6lf Monaten entlang des langj\u00e4hrigen Mittelwerts von rund 4 Prozent entwickeln sollten. Im Jahresverlauf sind die Schweizer Exporte gegen\u00fcber der Vorjahresperiode um rund ein Prozent gestiegen. Zudem zeigt die Schweizer Industrie im September 2024 erste Anzeichen einer Stabilisierung trotz anhaltender Herausforderungen im internationalen Umfeld. Der weitere Konjunkturverlauf h\u00e4ngt massgeblich von der weltwirtschaftlichen Entwicklung ab.<\/p>\n<h3><strong>Allianz Trade Export Forecast n\u00e4hert sich Langfristtrend<\/strong><\/h3>\n<p>\u00abEs ist erfreulich, dass der Allianz Trade Export Forecast sich dem langfristigen Trendwachstum von 4 Prozent pro Jahr n\u00e4hert, was gute Aussichten f\u00fcr die Schweizer Exportindustrie signalisiert. Offenbar sind die meisten Schweizer Exportunternehmen gut aufgestellt, denn in wichtigen Weltregionen schw\u00e4chelt die Industrie\u00bb, bemerkt Jan M\u00f6llmann, CEO Allianz Trade Switzerland.<\/p>\n<h3><strong>Das internationale Umfeld bleibt anspruchsvoll<\/strong><\/h3>\n<p>Die globale Industrieproduktion befindet sich weiterhin im Abschwung.\u00a0 Der exportgewichtete Einkaufsmanagerindex der wichtigsten Exportdestinationen der Schweiz liegt mit 47.6 Punkten in der Schrumpfungszone. Auch der J.P. Morgan Global Manufacturing PMI weist auf eine anhaltende Schw\u00e4che des globalen Fertigungssektors hin und fiel im September auf 48.8 Punkte. Dies ist der dritte Monat in Folge mit einer Verschlechterung der globalen Gesch\u00e4ftsbedingungen und markiert den st\u00e4rksten R\u00fcckgang seit fast einem Jahr. Die Schw\u00e4che war in allen Industriesektoren sp\u00fcrbar. Sowohl die Zwischen- als auch die Investitionsg\u00fcterindustrie verzeichneten R\u00fcckg\u00e4nge in der Produktion. Selbst im Konsumg\u00fctersektor, der noch ein geringes Wachstum aufwies, blieb die Expansion bestenfalls moderat.<\/p>\n<h3><strong>Finanzm\u00e4rkte bisher solide<\/strong><\/h3>\n<p>Die Aktienm\u00e4rkte pr\u00e4sentieren sich weiterhin robust, insbesondere Technologie- und Grossunternehmen erreichen neue H\u00f6chstst\u00e4nde. \u00abTiefere Zinsen befeuern die Aktienm\u00e4rkte. Die konjunkturellen Bremsspuren und der nachlassende Inflationsdruck veranlassen Notenbanken, Zinsen zu senken\u00bb, so Jasmin Groeschl, Senior \u00d6konomin f\u00fcr Europa bei Allianz Trade. Die Schweizerische Nationalbank hat eine Vorreiterrolle eingenommen und bereits im Fr\u00fchjahr als erste gr\u00f6ssere Notenbank die Zinswende eingeleitet. Die Europ\u00e4ische Zentralbank und die US-Notenbank folgten sp\u00e4ter im Jahr. Allianz Trade erwartet, dass nach einem realen Wachstum von 0.8 % im Jahr 2023 ein Wirtschaftswachstum von 1.4 % im Jahr 2024 und 2025 1.5 % erreicht werden wird. Das Staatssekretariat f\u00fcr Wirtschaft (SECO) rechnet in diesem Jahr mit einem realen BIP-Zuwachs von 1.6 % und ist damit deutlich optimistischer als die Vorhersage von Allianz Trade. Daf\u00fcr rechnet es f\u00fcr das Jahr 2025 mit einem Wachstum von nur 1.2 %.<\/p>\n<h3><strong>Inflation in der Schweiz sinkt schneller, als erwartet<\/strong><\/h3>\n<p>Im Jahr 2023 betrug die Inflationsrate in der Schweiz 2.1 %, beeinflusst durch steigende Preise inl\u00e4ndischer Dienstleistungen, w\u00e4hrend Energiepreise nur noch gering zur Inflation beitrugen. Im ersten Quartal 2024 fiel die Inflation auf 1.2 %, stieg im zweiten Quartal leicht auf 1.4 % und sank im dritten Quartal wieder auf 1.1 %. F\u00fcr das Gesamtjahr 2024 wird eine Inflationsrate von 1.3 % prognostiziert. Haupttreiber der Teuerung sind Mieten und die hohe Dienstleistungsinflation. Bei einem Lohnwachstum von etwa 1.5 % werden Arbeitskosten weiterhin die Dienstleistungspreise beeinflussen. Gleichzeitig unterst\u00fctzen sinkende Waren- und Energiepreise den R\u00fcckgang der Teuerung, wodurch Importg\u00fcter und -dienstleistungen trotz der nominalen Aufwertung des Frankens g\u00fcnstiger werden. Ein starker Franken birgt jedoch Risiken f\u00fcr die Exportwirtschaft, da er Exporte verteuert, w\u00e4hrend die globale Nachfrage aufgrund von Unsicherheiten schwach bleibt. F\u00fcr 2025 erwartet Allianz Trade eine Inflationsrate von 1.2 %.<\/p>\n<h3><strong>Robuste Schweizer Wirtschaft<\/strong><\/h3>\n<p>Die Schweizer Wirtschaft hat sich im Jahresverlauf als robust erwiesen. Die Exporte stiegen in den ersten neun Monaten gegen\u00fcber der Vorjahresperiode um 0.9 %. In den vergangenen Monaten liess die Dynamik tendenziell nach. Im dritten Quartal 2024 verzeichnete der Schweizer Aussenhandel nach einem Rekordergebnis im Vorquartal einen R\u00fcckgang. Die Exporte sanken saisonbereinigt um 4.3 % (real: -5.9 %) auf 66.1 Milliarden Franken, blieben jedoch \u00fcber dem Durchschnitt der letzten f\u00fcnf Quartale. Die Importe gingen um 2.9 % (real: -0,9 %) zur\u00fcck und erreichten den niedrigsten Stand seit dem vierten Quartal 2021. Trotz dieser Entwicklungen erzielte die Handelsbilanz einen \u00dcberschuss von 11.3 Milliarden Franken.<\/p>\n<p>Der R\u00fcckgang der Exporte betraf im dritten Quartal acht der elf Warengruppen. Die umsatzst\u00e4rkste Gruppe, die chemisch-pharmazeutischen Produkte, verzeichnete ein Minus von 6 % (-2.3 Milliarden Franken), insbesondere aufgrund eines R\u00fcckgangs bei Medikamenten (-924 Millionen Franken). Auch Metalle, Fahrzeuge, Pr\u00e4zisionsinstrumente und Uhren verzeichneten Einbussen. Die Uhrenexporte blieben trotz leichten R\u00fcckgangs auf hohem Niveau um die 6.5 Milliarden Franken. Regional sanken die Exporte nach Nordamerika um 14.8 % (USA: -15.4 %), nachdem sie im Vorquartal um ein F\u00fcnftel gestiegen waren. Die Ausfuhren nach Europa nahmen um 3.7 % ab, besonders ausgepr\u00e4gt in Slowenien und Frankreich (zusammen -856 Millionen Franken), w\u00e4hrend die Exporte nach Spanien um 160 Millionen Franken stiegen. In Asien ging der Export um 2.1 % zur\u00fcck, betroffen waren unter anderem Hongkong, Japan und S\u00fcdkorea.<\/p>\n<h3><strong>Blick auf den Welthandel<\/strong><\/h3>\n<p>Die Erholung des Welthandels setzt sich fort. Allianz Trade erwartet ein Wachstum von 3,8 % im Jahr 2024, 3,0 % im Jahr 2025 und 3,1 % im Jahr 2026. Der globale Warenhandel erholte sich im ersten Halbjahr 2024 um 0,9 % im Vergleich zum Vorjahr, dank der Widerstandsf\u00e4higkeit des privaten Konsums und der Bestrebungen der Einzelh\u00e4ndler vor der Feiertagssaison ihre Best\u00e4nde aufzuf\u00fcllen. Die Rentabilit\u00e4t der Exporteure leidet jedoch unter stark gestiegenen Seefrachtkosten. Bis September 2024 stiegen die Frachtraten im Jahresvergleich um 79 % bzw. 184 % und liegen bei etwa 46 % des H\u00f6chststands von 2021. Trotz eines erwarteten R\u00fcckgangs nach der Feiertagssaison bleiben die Raten hoch, solange der Gaza-Konflikt anh\u00e4lt und bis sich die Lage im Roten Meer stabilisiert.<\/p>\n<p><em>Quelle: <a href=\"http:\/\/www.allianz-trade.ch\">www.allianz-trade.ch<\/a><\/em><\/p>\n","protected":false},"excerpt":{"rendered":"<p>Der Allianz Trade Export Forecast notiert Anfang Oktober auf dem Stand von -0.12 Punkten. Vor sechs Monaten lag der Indikator noch 0.47 Punkte im Minus. Das Barometer n\u00e4hert sich damit wieder dem langfristigen nominellen Trendwachstum von j\u00e4hrlich 4 Prozent an. Das sind gute Aussichten f\u00fcr die Schweizer Exportindustrie, die sich im ersten Halbjahr 2024 als robust erwiesen hat. Allerdings ziehen in der globalen Industrie erneut Gewitterwolken auf.<\/p>\n","protected":false},"author":58,"featured_media":31201,"comment_status":"closed","ping_status":"closed","sticky":false,"template":"","format":"standard","meta":{"_acf_changed":false,"_yoast_wpseo_focuskw":"Exportwirtschaft","_yoast_wpseo_metadesc":"Gute Aussichten f\u00fcr die Schweizer Exportindustrie, die sich im ersten Halbjahr 2024 als robust erwiesen hat.","articlekey":"","footnotes":""},"categories":[28],"tags":[2994,4677,334,424,492],"class_list":["post-31199","post","type-post","status-publish","format-standard","has-post-thumbnail","hentry","category-management","tag-exportwirtschaft","tag-forecast","tag-management","tag-schweiz","tag-unternehmen"],"acf":[],"yoast_head":"<!-- This site is optimized with the Yoast SEO plugin v27.5 - https:\/\/yoast.com\/product\/yoast-seo-wordpress\/ -->\n<title>Schweizer Exportwirtschaft unter Druck - Organisator<\/title>\n<meta name=\"description\" content=\"Gute Aussichten f\u00fcr die Schweizer Exportindustrie, die sich im ersten Halbjahr 2024 als robust erwiesen hat.\" \/>\n<meta name=\"robots\" content=\"index, follow, max-snippet:-1, max-image-preview:large, max-video-preview:-1\" \/>\n<link rel=\"canonical\" href=\"https:\/\/www.organisator.ch\/de\/management\/2024-10-25\/schweizer-exportwirtschaft-unter-druck\/\" \/>\n<meta property=\"og:locale\" content=\"de_DE\" \/>\n<meta property=\"og:type\" content=\"article\" \/>\n<meta property=\"og:title\" content=\"Schweizer Exportwirtschaft unter Druck\" \/>\n<meta property=\"og:description\" content=\"Gute Aussichten f\u00fcr die Schweizer Exportindustrie, die sich im ersten Halbjahr 2024 als robust erwiesen hat.\" \/>\n<meta property=\"og:url\" content=\"https:\/\/www.organisator.ch\/de\/management\/2024-10-25\/schweizer-exportwirtschaft-unter-druck\/\" \/>\n<meta property=\"og:site_name\" content=\"Organisator\" \/>\n<meta property=\"article:publisher\" content=\"https:\/\/www.facebook.com\/OrganisatorFachmagazin\" \/>\n<meta property=\"article:published_time\" content=\"2024-10-25T04:36:50+00:00\" \/>\n<meta property=\"og:image\" content=\"https:\/\/www.organisator.ch\/wp-content\/uploads\/2024\/10\/Allianz-Trade_Bild1_ps-1.jpg\" \/>\n\t<meta property=\"og:image:width\" content=\"680\" \/>\n\t<meta property=\"og:image:height\" content=\"454\" \/>\n\t<meta property=\"og:image:type\" content=\"image\/jpeg\" \/>\n<meta name=\"author\" content=\"Adelisa Kalajdzini\" \/>\n<meta name=\"twitter:card\" content=\"summary_large_image\" \/>\n<meta name=\"twitter:title\" content=\"Schweizer Exportwirtschaft unter Druck\" \/>\n<meta name=\"twitter:description\" content=\"Gute #Aussichten f\u00fcr die #Schweizer #Exportindustrie, die sich im ersten #Halbjahr 2024 als #robust erwiesen hat.\" \/>\n<meta name=\"twitter:image\" content=\"https:\/\/www.organisator.ch\/wp-content\/uploads\/2024\/10\/Allianz-Trade_Bild1_ps-1.jpg\" \/>\n<script type=\"application\/ld+json\" class=\"yoast-schema-graph\">{\"@context\":\"https:\\\/\\\/schema.org\",\"@graph\":[{\"@type\":\"Article\",\"@id\":\"https:\\\/\\\/www.organisator.ch\\\/management\\\/2024-10-25\\\/schweizer-exportwirtschaft-unter-druck\\\/#article\",\"isPartOf\":{\"@id\":\"https:\\\/\\\/www.organisator.ch\\\/management\\\/2024-10-25\\\/schweizer-exportwirtschaft-unter-druck\\\/\"},\"author\":{\"name\":\"Adelisa Kalajdzini\",\"@id\":\"https:\\\/\\\/www.organisator.ch\\\/#\\\/schema\\\/person\\\/2e1314a2172123f874db408d8911d3f3\"},\"headline\":\"Schweizer Exportwirtschaft unter Druck\",\"datePublished\":\"2024-10-25T04:36:50+00:00\",\"mainEntityOfPage\":{\"@id\":\"https:\\\/\\\/www.organisator.ch\\\/management\\\/2024-10-25\\\/schweizer-exportwirtschaft-unter-druck\\\/\"},\"wordCount\":922,\"publisher\":{\"@id\":\"https:\\\/\\\/www.organisator.ch\\\/#organization\"},\"image\":{\"@id\":\"https:\\\/\\\/www.organisator.ch\\\/management\\\/2024-10-25\\\/schweizer-exportwirtschaft-unter-druck\\\/#primaryimage\"},\"thumbnailUrl\":\"https:\\\/\\\/www.organisator.ch\\\/wp-content\\\/uploads\\\/2024\\\/10\\\/Allianz-Trade_Bild1_ps-1.jpg\",\"keywords\":[\"Exportwirtschaft\",\"Forecast\",\"Management\",\"Schweiz\",\"Unternehmen\"],\"articleSection\":[\"MANAGEMENT\"],\"inLanguage\":\"de\"},{\"@type\":\"WebPage\",\"@id\":\"https:\\\/\\\/www.organisator.ch\\\/management\\\/2024-10-25\\\/schweizer-exportwirtschaft-unter-druck\\\/\",\"url\":\"https:\\\/\\\/www.organisator.ch\\\/management\\\/2024-10-25\\\/schweizer-exportwirtschaft-unter-druck\\\/\",\"name\":\"Schweizer Exportwirtschaft unter Druck - Organisator\",\"isPartOf\":{\"@id\":\"https:\\\/\\\/www.organisator.ch\\\/#website\"},\"primaryImageOfPage\":{\"@id\":\"https:\\\/\\\/www.organisator.ch\\\/management\\\/2024-10-25\\\/schweizer-exportwirtschaft-unter-druck\\\/#primaryimage\"},\"image\":{\"@id\":\"https:\\\/\\\/www.organisator.ch\\\/management\\\/2024-10-25\\\/schweizer-exportwirtschaft-unter-druck\\\/#primaryimage\"},\"thumbnailUrl\":\"https:\\\/\\\/www.organisator.ch\\\/wp-content\\\/uploads\\\/2024\\\/10\\\/Allianz-Trade_Bild1_ps-1.jpg\",\"datePublished\":\"2024-10-25T04:36:50+00:00\",\"description\":\"Gute Aussichten f\u00fcr die Schweizer Exportindustrie, die sich im ersten Halbjahr 2024 als robust erwiesen hat.\",\"breadcrumb\":{\"@id\":\"https:\\\/\\\/www.organisator.ch\\\/management\\\/2024-10-25\\\/schweizer-exportwirtschaft-unter-druck\\\/#breadcrumb\"},\"inLanguage\":\"de\",\"potentialAction\":[{\"@type\":\"ReadAction\",\"target\":[\"https:\\\/\\\/www.organisator.ch\\\/management\\\/2024-10-25\\\/schweizer-exportwirtschaft-unter-druck\\\/\"]}]},{\"@type\":\"ImageObject\",\"inLanguage\":\"de\",\"@id\":\"https:\\\/\\\/www.organisator.ch\\\/management\\\/2024-10-25\\\/schweizer-exportwirtschaft-unter-druck\\\/#primaryimage\",\"url\":\"https:\\\/\\\/www.organisator.ch\\\/wp-content\\\/uploads\\\/2024\\\/10\\\/Allianz-Trade_Bild1_ps-1.jpg\",\"contentUrl\":\"https:\\\/\\\/www.organisator.ch\\\/wp-content\\\/uploads\\\/2024\\\/10\\\/Allianz-Trade_Bild1_ps-1.jpg\",\"width\":680,\"height\":454,\"caption\":\"Gute Aussichten f\u00fcr die Schweizer Exportindustrie, die sich im ersten Halbjahr 2024 als robust erwiesen hat. Allerdings ziehen in der globalen Industrie erneut Gewitterwolken auf. (Bild: www.depositphotos.com)\"},{\"@type\":\"BreadcrumbList\",\"@id\":\"https:\\\/\\\/www.organisator.ch\\\/management\\\/2024-10-25\\\/schweizer-exportwirtschaft-unter-druck\\\/#breadcrumb\",\"itemListElement\":[{\"@type\":\"ListItem\",\"position\":1,\"name\":\"Home\",\"item\":\"https:\\\/\\\/www.organisator.ch\\\/\"},{\"@type\":\"ListItem\",\"position\":2,\"name\":\"Schweizer Exportwirtschaft unter Druck\"}]},{\"@type\":\"WebSite\",\"@id\":\"https:\\\/\\\/www.organisator.ch\\\/#website\",\"url\":\"https:\\\/\\\/www.organisator.ch\\\/\",\"name\":\"Organisator\",\"description\":\"Kompetent. Praxisnah. Der ORGANISATOR bereitet in 10 Ausgaben pro Jahr die wesentlichen Themen f\u00fcr F\u00fchrungskr\u00e4fte von KMU auf.\",\"publisher\":{\"@id\":\"https:\\\/\\\/www.organisator.ch\\\/#organization\"},\"potentialAction\":[{\"@type\":\"SearchAction\",\"target\":{\"@type\":\"EntryPoint\",\"urlTemplate\":\"https:\\\/\\\/www.organisator.ch\\\/?s={search_term_string}\"},\"query-input\":{\"@type\":\"PropertyValueSpecification\",\"valueRequired\":true,\"valueName\":\"search_term_string\"}}],\"inLanguage\":\"de\"},{\"@type\":\"Organization\",\"@id\":\"https:\\\/\\\/www.organisator.ch\\\/#organization\",\"name\":\"Organisator\",\"url\":\"https:\\\/\\\/www.organisator.ch\\\/\",\"logo\":{\"@type\":\"ImageObject\",\"inLanguage\":\"de\",\"@id\":\"https:\\\/\\\/www.organisator.ch\\\/#\\\/schema\\\/logo\\\/image\\\/\",\"url\":\"https:\\\/\\\/www.organisator.ch\\\/wp-content\\\/uploads\\\/2022\\\/01\\\/Logo_Organisator_Website.png\",\"contentUrl\":\"https:\\\/\\\/www.organisator.ch\\\/wp-content\\\/uploads\\\/2022\\\/01\\\/Logo_Organisator_Website.png\",\"width\":800,\"height\":77,\"caption\":\"Organisator\"},\"image\":{\"@id\":\"https:\\\/\\\/www.organisator.ch\\\/#\\\/schema\\\/logo\\\/image\\\/\"},\"sameAs\":[\"https:\\\/\\\/www.facebook.com\\\/OrganisatorFachmagazin\",\"https:\\\/\\\/www.linkedin.com\\\/showcase\\\/organisator-das-magazin-fr-kmu\",\"https:\\\/\\\/www.xing.com\\\/news\\\/pages\\\/organisator-ch-695\",\"https:\\\/\\\/www.youtube.com\\\/channel\\\/UCGP2Sq0iWaZwT3BdIAQFYpw\"]},{\"@type\":\"Person\",\"@id\":\"https:\\\/\\\/www.organisator.ch\\\/#\\\/schema\\\/person\\\/2e1314a2172123f874db408d8911d3f3\",\"name\":\"Adelisa Kalajdzini\",\"image\":{\"@type\":\"ImageObject\",\"inLanguage\":\"de\",\"@id\":\"https:\\\/\\\/secure.gravatar.com\\\/avatar\\\/09a397c22ac58cad6f160ee8306348599df9df58a8ede73696226897b9fa4b24?s=96&d=mm&r=g\",\"url\":\"https:\\\/\\\/secure.gravatar.com\\\/avatar\\\/09a397c22ac58cad6f160ee8306348599df9df58a8ede73696226897b9fa4b24?s=96&d=mm&r=g\",\"contentUrl\":\"https:\\\/\\\/secure.gravatar.com\\\/avatar\\\/09a397c22ac58cad6f160ee8306348599df9df58a8ede73696226897b9fa4b24?s=96&d=mm&r=g\",\"caption\":\"Adelisa Kalajdzini\"},\"url\":\"https:\\\/\\\/www.organisator.ch\\\/de\\\/author\\\/adelisa-kalajdzini\\\/\"}]}<\/script>\n<!-- \/ Yoast SEO plugin. -->","yoast_head_json":{"title":"Schweizer Exportwirtschaft unter Druck - Organisator","description":"Gute Aussichten f\u00fcr die Schweizer Exportindustrie, die sich im ersten Halbjahr 2024 als robust erwiesen hat.","robots":{"index":"index","follow":"follow","max-snippet":"max-snippet:-1","max-image-preview":"max-image-preview:large","max-video-preview":"max-video-preview:-1"},"canonical":"https:\/\/www.organisator.ch\/de\/management\/2024-10-25\/schweizer-exportwirtschaft-unter-druck\/","og_locale":"de_DE","og_type":"article","og_title":"Schweizer Exportwirtschaft unter Druck","og_description":"Gute Aussichten f\u00fcr die Schweizer Exportindustrie, die sich im ersten Halbjahr 2024 als robust erwiesen hat.","og_url":"https:\/\/www.organisator.ch\/de\/management\/2024-10-25\/schweizer-exportwirtschaft-unter-druck\/","og_site_name":"Organisator","article_publisher":"https:\/\/www.facebook.com\/OrganisatorFachmagazin","article_published_time":"2024-10-25T04:36:50+00:00","og_image":[{"width":680,"height":454,"url":"https:\/\/www.organisator.ch\/wp-content\/uploads\/2024\/10\/Allianz-Trade_Bild1_ps-1.jpg","type":"image\/jpeg"}],"author":"Adelisa Kalajdzini","twitter_card":"summary_large_image","twitter_title":"Schweizer Exportwirtschaft unter Druck","twitter_description":"Gute #Aussichten f\u00fcr die #Schweizer #Exportindustrie, die sich im ersten #Halbjahr 2024 als #robust erwiesen hat.","twitter_image":"https:\/\/www.organisator.ch\/wp-content\/uploads\/2024\/10\/Allianz-Trade_Bild1_ps-1.jpg","schema":{"@context":"https:\/\/schema.org","@graph":[{"@type":"Article","@id":"https:\/\/www.organisator.ch\/management\/2024-10-25\/schweizer-exportwirtschaft-unter-druck\/#article","isPartOf":{"@id":"https:\/\/www.organisator.ch\/management\/2024-10-25\/schweizer-exportwirtschaft-unter-druck\/"},"author":{"name":"Adelisa Kalajdzini","@id":"https:\/\/www.organisator.ch\/#\/schema\/person\/2e1314a2172123f874db408d8911d3f3"},"headline":"Schweizer Exportwirtschaft unter Druck","datePublished":"2024-10-25T04:36:50+00:00","mainEntityOfPage":{"@id":"https:\/\/www.organisator.ch\/management\/2024-10-25\/schweizer-exportwirtschaft-unter-druck\/"},"wordCount":922,"publisher":{"@id":"https:\/\/www.organisator.ch\/#organization"},"image":{"@id":"https:\/\/www.organisator.ch\/management\/2024-10-25\/schweizer-exportwirtschaft-unter-druck\/#primaryimage"},"thumbnailUrl":"https:\/\/www.organisator.ch\/wp-content\/uploads\/2024\/10\/Allianz-Trade_Bild1_ps-1.jpg","keywords":["Exportwirtschaft","Forecast","Management","Schweiz","Unternehmen"],"articleSection":["MANAGEMENT"],"inLanguage":"de"},{"@type":"WebPage","@id":"https:\/\/www.organisator.ch\/management\/2024-10-25\/schweizer-exportwirtschaft-unter-druck\/","url":"https:\/\/www.organisator.ch\/management\/2024-10-25\/schweizer-exportwirtschaft-unter-druck\/","name":"Schweizer Exportwirtschaft unter Druck - Organisator","isPartOf":{"@id":"https:\/\/www.organisator.ch\/#website"},"primaryImageOfPage":{"@id":"https:\/\/www.organisator.ch\/management\/2024-10-25\/schweizer-exportwirtschaft-unter-druck\/#primaryimage"},"image":{"@id":"https:\/\/www.organisator.ch\/management\/2024-10-25\/schweizer-exportwirtschaft-unter-druck\/#primaryimage"},"thumbnailUrl":"https:\/\/www.organisator.ch\/wp-content\/uploads\/2024\/10\/Allianz-Trade_Bild1_ps-1.jpg","datePublished":"2024-10-25T04:36:50+00:00","description":"Gute Aussichten f\u00fcr die Schweizer Exportindustrie, die sich im ersten Halbjahr 2024 als robust erwiesen hat.","breadcrumb":{"@id":"https:\/\/www.organisator.ch\/management\/2024-10-25\/schweizer-exportwirtschaft-unter-druck\/#breadcrumb"},"inLanguage":"de","potentialAction":[{"@type":"ReadAction","target":["https:\/\/www.organisator.ch\/management\/2024-10-25\/schweizer-exportwirtschaft-unter-druck\/"]}]},{"@type":"ImageObject","inLanguage":"de","@id":"https:\/\/www.organisator.ch\/management\/2024-10-25\/schweizer-exportwirtschaft-unter-druck\/#primaryimage","url":"https:\/\/www.organisator.ch\/wp-content\/uploads\/2024\/10\/Allianz-Trade_Bild1_ps-1.jpg","contentUrl":"https:\/\/www.organisator.ch\/wp-content\/uploads\/2024\/10\/Allianz-Trade_Bild1_ps-1.jpg","width":680,"height":454,"caption":"Gute Aussichten f\u00fcr die Schweizer Exportindustrie, die sich im ersten Halbjahr 2024 als robust erwiesen hat. Allerdings ziehen in der globalen Industrie erneut Gewitterwolken auf. (Bild: www.depositphotos.com)"},{"@type":"BreadcrumbList","@id":"https:\/\/www.organisator.ch\/management\/2024-10-25\/schweizer-exportwirtschaft-unter-druck\/#breadcrumb","itemListElement":[{"@type":"ListItem","position":1,"name":"Home","item":"https:\/\/www.organisator.ch\/"},{"@type":"ListItem","position":2,"name":"Schweizer Exportwirtschaft unter Druck"}]},{"@type":"WebSite","@id":"https:\/\/www.organisator.ch\/#website","url":"https:\/\/www.organisator.ch\/","name":"Organisator","description":"Kompetent. Praxisnah. Der ORGANISATOR bereitet in 10 Ausgaben pro Jahr die wesentlichen Themen f\u00fcr F\u00fchrungskr\u00e4fte von KMU auf.","publisher":{"@id":"https:\/\/www.organisator.ch\/#organization"},"potentialAction":[{"@type":"SearchAction","target":{"@type":"EntryPoint","urlTemplate":"https:\/\/www.organisator.ch\/?s={search_term_string}"},"query-input":{"@type":"PropertyValueSpecification","valueRequired":true,"valueName":"search_term_string"}}],"inLanguage":"de"},{"@type":"Organization","@id":"https:\/\/www.organisator.ch\/#organization","name":"Organisator","url":"https:\/\/www.organisator.ch\/","logo":{"@type":"ImageObject","inLanguage":"de","@id":"https:\/\/www.organisator.ch\/#\/schema\/logo\/image\/","url":"https:\/\/www.organisator.ch\/wp-content\/uploads\/2022\/01\/Logo_Organisator_Website.png","contentUrl":"https:\/\/www.organisator.ch\/wp-content\/uploads\/2022\/01\/Logo_Organisator_Website.png","width":800,"height":77,"caption":"Organisator"},"image":{"@id":"https:\/\/www.organisator.ch\/#\/schema\/logo\/image\/"},"sameAs":["https:\/\/www.facebook.com\/OrganisatorFachmagazin","https:\/\/www.linkedin.com\/showcase\/organisator-das-magazin-fr-kmu","https:\/\/www.xing.com\/news\/pages\/organisator-ch-695","https:\/\/www.youtube.com\/channel\/UCGP2Sq0iWaZwT3BdIAQFYpw"]},{"@type":"Person","@id":"https:\/\/www.organisator.ch\/#\/schema\/person\/2e1314a2172123f874db408d8911d3f3","name":"Adelisa Kalajdzini","image":{"@type":"ImageObject","inLanguage":"de","@id":"https:\/\/secure.gravatar.com\/avatar\/09a397c22ac58cad6f160ee8306348599df9df58a8ede73696226897b9fa4b24?s=96&d=mm&r=g","url":"https:\/\/secure.gravatar.com\/avatar\/09a397c22ac58cad6f160ee8306348599df9df58a8ede73696226897b9fa4b24?s=96&d=mm&r=g","contentUrl":"https:\/\/secure.gravatar.com\/avatar\/09a397c22ac58cad6f160ee8306348599df9df58a8ede73696226897b9fa4b24?s=96&d=mm&r=g","caption":"Adelisa Kalajdzini"},"url":"https:\/\/www.organisator.ch\/de\/author\/adelisa-kalajdzini\/"}]}},"_links":{"self":[{"href":"https:\/\/www.organisator.ch\/de\/wp-json\/wp\/v2\/posts\/31199","targetHints":{"allow":["GET"]}}],"collection":[{"href":"https:\/\/www.organisator.ch\/de\/wp-json\/wp\/v2\/posts"}],"about":[{"href":"https:\/\/www.organisator.ch\/de\/wp-json\/wp\/v2\/types\/post"}],"author":[{"embeddable":true,"href":"https:\/\/www.organisator.ch\/de\/wp-json\/wp\/v2\/users\/58"}],"replies":[{"embeddable":true,"href":"https:\/\/www.organisator.ch\/de\/wp-json\/wp\/v2\/comments?post=31199"}],"version-history":[{"count":6,"href":"https:\/\/www.organisator.ch\/de\/wp-json\/wp\/v2\/posts\/31199\/revisions"}],"predecessor-version":[{"id":31248,"href":"https:\/\/www.organisator.ch\/de\/wp-json\/wp\/v2\/posts\/31199\/revisions\/31248"}],"wp:featuredmedia":[{"embeddable":true,"href":"https:\/\/www.organisator.ch\/de\/wp-json\/wp\/v2\/media\/31201"}],"wp:attachment":[{"href":"https:\/\/www.organisator.ch\/de\/wp-json\/wp\/v2\/media?parent=31199"}],"wp:term":[{"taxonomy":"category","embeddable":true,"href":"https:\/\/www.organisator.ch\/de\/wp-json\/wp\/v2\/categories?post=31199"},{"taxonomy":"post_tag","embeddable":true,"href":"https:\/\/www.organisator.ch\/de\/wp-json\/wp\/v2\/tags?post=31199"}],"curies":[{"name":"wp","href":"https:\/\/api.w.org\/{rel}","templated":true}]}}